{"id":211695,"date":"2025-03-17T09:42:00","date_gmt":"2025-03-17T16:42:00","guid":{"rendered":"https:\/\/www.sonoraenequipo.com.mx\/?p=211695"},"modified":"2025-03-17T11:43:06","modified_gmt":"2025-03-17T18:43:06","slug":"nuevo-lider-canadiense-se-reune-con-aliados-europeos-entre-tensiones-con-trump","status":"publish","type":"post","link":"https:\/\/www.sonoraenequipo.com.mx\/nuevo-lider-canadiense-se-reune-con-aliados-europeos-entre-tensiones-con-trump\/","title":{"rendered":"Nuevo l\u00edder canadiense se re\u00fane con aliados europeos entre tensiones con Trump"},"content":{"rendered":"<p><b>PAR\u00cdS, FRANCIA. \u2014 <\/b>El nuevo primer ministro canadiense, Mark Carney, se reuni\u00f3 el lunes en Par\u00eds el lunes con el presidente franc\u00e9s, Emmanuel Macron, buscando apoyo de uno de los aliados m\u00e1s antiguos de Canad\u00e1 mientras el presidente de Estados Unidos, Donald Trump, contin\u00faa atacando la soberan\u00eda y la econom\u00eda canadienses.<\/p>\n<p> <\/p>\n<p>Este es el primer viaje oficial al extranjero de Carney desde que asumi\u00f3 el cargo el 14 de marzo. Despu\u00e9s volar\u00e1 a Londres, donde se entrevistar\u00e1 con el primer ministro brit\u00e1nico, Keir Starmer, y el rey Carlos III, el jefe de estado en Canad\u00e1.<\/p>\n<h3>\u00bfPor qu\u00e9 Par\u00eds y Londres?<\/h3>\n<p>Carney ha elegido deliberadamente las dos capitales europeas que dieron forma a la existencia temprana de Canad\u00e1. Durante su ceremonia de toma de posesi\u00f3n, se\u00f1al\u00f3 que el pa\u00eds se construy\u00f3 sobre la base de tres pueblos: franc\u00e9s, ingl\u00e9s e ind\u00edgena, y afirm\u00f3 que Canad\u00e1 es fundamentalmente diferente de Estados Unidos y qu<em><strong>e \u201cnunca, jam\u00e1s, de ninguna manera, ser\u00e1 parte de Estados Unidos\u201d<\/strong><\/em>.<\/p>\n<p>\u201cQuiero asegurarme de que Francia, y toda Europa, trabajen con entusiasmo con Canad\u00e1, el m\u00e1s europeo de los pa\u00edses no europeos, y al mismo tiempo resueltamente norteamericano, decidido, como ustedes, a mantener las relaciones m\u00e1s positivas posibles con Estados Unidos\u201d, dijo Carney el lunes, de pie junto a Macron.<\/p>\n<p>Macron y Carney comparecieron frente a los periodistas antes de las conversaciones, pero no respondieron preguntas, lo que podr\u00eda indicar que el presidente franc\u00e9s no quiere molestar a Trump al alinearse con Canad\u00e1.<\/p>\n<p>Macron dijo que los aranceles solo traen inflaci\u00f3n, pero no abord\u00f3 los ataques de Trump a Canad\u00e1.<\/p>\n<p>\u201cAmbos creemos que el comercio justo que respeta las reglas internacionales es algo bueno para la prosperidad de todos y ciertamente es m\u00e1s efectivo que los aranceles, que crean inflaci\u00f3n y da\u00f1an las cadenas de suministro y nuestra integraci\u00f3n econ\u00f3mica\u201d, dijo Macron.<\/p>\n<p>Desde que Trump asumi\u00f3 el cargo, ha impuesto aranceles exorbitantes al acero y aluminio canadienses y ha hecho reiterados comentarios sobre convertir a Canad\u00e1 en el 51er estado, lo que ha enfurecido a los canadienses y ha provocado un llamado a boicotear productos estadunidenses en todo el pa\u00eds. Trump amenaza con imponer aranceles a todos los productos canadienses el 2 de abril.<\/p>\n<p>Carney visit\u00f3 la catedral de Notre Dame antes de reunirse con Macron en el palacio del El\u00edseo. Macron record\u00f3 a los soldados canadienses que lucharon en Francia en ambas guerras mundiales.<\/p>\n<p>\u201cLa elecci\u00f3n de este itinerario para el primer viaje oficial del primer ministro Carney recalca la fuerte conexi\u00f3n de Canad\u00e1 con el \u00c1rtico, as\u00ed como con las dos antiguas potencias coloniales a las que Canad\u00e1 sigue vinculado, a trav\u00e9s de la Mancomunidad del lado del Reino Unido y La Francophonie del lado de Francia\u201d, dijo Daniel B\u00e9land, profesor de ciencias pol\u00edticas en la Universidad McGill de Montreal.<\/p>\n<p><em><strong>\u201cEl hecho de que Canad\u00e1 nunca se separ\u00f3 del Reino Unido de manera violenta es una diferencia hist\u00f3rica e institucional clave entre Estados Unidos y Canad\u00e1, una monarqu\u00eda constitucional en lugar de una rep\u00fablica que ha adoptado y mantenido un sistema parlamentario al estilo del Reino Unido\u201d<\/strong><\/em>.<\/p>\n<p>El viaje a Londres ser\u00e1 un poco como volver a casa, ya que Carney se convirti\u00f3 en el primer gobernador no brit\u00e1nico en los 319 a\u00f1os de historia del Banco de Inglaterra cuando asumi\u00f3 el cargo el 1 de julio de 2013. Desempe\u00f1\u00f3 el cargo hasta el 15 de marzo de 2020.<\/p>\n<h3>Sin planes de viajar a Washington<\/h3>\n<p>Carney, un exbanquero central que cumpli\u00f3 60 a\u00f1os el domingo, ha dicho que est\u00e1 listo para reunirse con Trump si este muestra respeto por la soberan\u00eda canadiense. Dijo que no planea visitar Washington en este momento, pero espera tener una llamada telef\u00f3nica con el presidente pronto. Su gobierno tambi\u00e9n est\u00e1 revisando la compra de cazas F-35 fabricados en Estados Unidos a la luz de la guerra comercial de Trump.<\/p>\n<p>Mientras tanto, Macron ha intensificado los esfuerzos para persuadir a los aliados de Francia de que eviten comprar material militar estadunidense, lo que coincide con la revisi\u00f3n de Canad\u00e1 sobre los F-35 y tambi\u00e9n con las crecientes dudas y preocupaciones en Europa sobre que las defensas europeas dependen en exceso de la armament\u00edstica, el apoyo t\u00e9cnico y la buena voluntad de Estados Unidos.<\/p>\n<p>Macron mencion\u00f3 el plan francobrit\u00e1nico para asegurar cualquier alto el fuego en Ucrania.<\/p>\n<p><em><strong>\u201cEste compromiso com\u00fan al lado de los ucranianos siempre ha tenido como objetivo una paz que sea s\u00f3lida y duradera\u201d,<\/strong> <\/em>dijo Macron. <em><strong>\u201cCanad\u00e1 y Francia son potencias de paz, aliados confiables, que participar\u00e1n juntos en este esfuerzo\u201d.<\/strong><\/em><\/p>\n<p>Carney habl\u00f3 con el presidente ucraniano, Volodymyr Zelenskyy, en una llamada telef\u00f3nica el domingo e invit\u00f3 a Zelenskyy a la cumbre del G7 de este verano, que organiza Canad\u00e1. Por su parte, Trump dijo que hablar\u00eda el martes con el presidente ruso, Vlad\u00edmir Putin, dentro de sus esfuerzos por poner fin a la guerra en Ucrania.<\/p>\n<p>Se espera que Carney convoque elecciones a finales de la semana, que se celebrar\u00edan a finales de abril o principios de mayo.<\/p>\n<p>El Partido Progresista, que gobierna Canad\u00e1, parec\u00eda encaminarse a una hist\u00f3rica derrota electoral este a\u00f1o hasta que Trump declar\u00f3 la guerra econ\u00f3mica. Ahora, el partido y su nuevo l\u00edder podr\u00edan salir victoriosos.<\/p>\n<p>PUBLICADO EL 17 DE MARZO DE Con informaci\u00f3n de AP)<\/p>\n","protected":false},"excerpt":{"rendered":"<p>PAR\u00cdS, FRANCIA. \u2014 El nuevo primer ministro canadiense, Mark Carney, se reuni\u00f3 el lunes en&#8230;<\/p>\n","protected":false},"author":1,"featured_media":211688,"comment_status":"open","ping_status":"open","sticky":false,"template":"","format":"standard","meta":{"_monsterinsights_skip_tracking":false,"_monsterinsights_sitenote_active":false,"_monsterinsights_sitenote_note":"","_monsterinsights_sitenote_category":0,"footnotes":""},"categories":[3],"tags":[],"class_list":["post"],"yoast_head":" \n<title>Sonora en Equipo. Nuevo l\u00edder canadiense se re\u00fane con aliados europeos entre tensiones con Trump MUNDO<\/title>\n<meta name=\"description\" content=\"PAR\u00cdS, FRANCIA. \u2014 El nuevo primer ministro canadiense, Mark Carney, se reuni\u00f3 el lunes en Par\u00eds el lunes con el presidente franc\u00e9s, Emmanuel Macron, En Sonora en Equipo publicamos toda la informaci\u00f3n de Sonora, M\u00e9xico y el Mundo de manera oportuna y busca que la libertad de expresi\u00f3n sea real. Visita nuestro medio informativo publicado desde Hermosillo, Sonora. %\" \/>\n<meta name=\"robots\" content=\"index, follow, max-snippet:-1, max-image-preview:large, max-video-preview:-1\" \/>\n<link rel=\"canonical\" href=\"https:\/\/www.sonoraenequipo.com.mx\/nuevo-lider-canadiense-se-reune-con-aliados-europeos-entre-tensiones-con-trump\/\" \/>\n<meta property=\"og:locale\" content=\"es_ES\" \/>\n<meta property=\"og:type\" content=\"article\" \/>\n<meta property=\"og:title\" content=\"Sonora en Equipo. Nuevo l\u00edder canadiense se re\u00fane con aliados europeos entre tensiones con Trump MUNDO\" \/>\n<meta property=\"og:description\" content=\"PAR\u00cdS, FRANCIA. \u2014 El nuevo primer ministro canadiense, Mark Carney, se reuni\u00f3 el lunes en Par\u00eds el lunes con el presidente franc\u00e9s, Emmanuel Macron, En Sonora en Equipo publicamos toda la informaci\u00f3n de Sonora, M\u00e9xico y el Mundo de manera oportuna y busca que la libertad de expresi\u00f3n sea real. Visita nuestro medio informativo publicado desde Hermosillo, Sonora. %\" \/>\n<meta property=\"og:url\" content=\"https:\/\/www.sonoraenequipo.com.mx\/nuevo-lider-canadiense-se-reune-con-aliados-europeos-entre-tensiones-con-trump\/\" \/>\n<meta property=\"og:site_name\" content=\"Sonora en Equipo.\" \/>\n<meta property=\"article:publisher\" content=\"https:\/\/www.facebook.com\/SonoraEE\/\" \/>\n<meta property=\"article:author\" content=\"https:\/\/www.facebook.com\/SonoraEE\" \/>\n<meta property=\"article:published_time\" content=\"2025-03-17T16:42:00+00:00\" \/>\n<meta property=\"article:modified_time\" content=\"2025-03-17T18:43:06+00:00\" \/>\n<meta property=\"og:image\" content=\"https:\/\/www.sonoraenequipo.com.mx\/storage\/2025\/03\/ministro-canadiense-Mark-Carney-min.jpg\" \/>\n\t<meta property=\"og:image:width\" content=\"1026\" \/>\n\t<meta property=\"og:image:height\" content=\"641\" \/>\n\t<meta property=\"og:image:type\" content=\"image\/jpeg\" \/>\n<meta name=\"author\" content=\"enequipo\" \/>\n<meta name=\"twitter:card\" content=\"summary_large_image\" \/>\n<meta name=\"twitter:creator\" content=\"@sonoraenequipo\" \/>\n<meta name=\"twitter:site\" content=\"@sonoraenequipo\" \/>\n<meta name=\"twitter:label1\" content=\"Escrito por\" \/>\n\t<meta name=\"twitter:data1\" content=\"enequipo\" \/>\n\t<meta name=\"twitter:label2\" content=\"Tiempo de lectura\" \/>\n\t<meta name=\"twitter:data2\" content=\"5 minutos\" \/>\n<script type=\"application\/ld+json\" class=\"yoast-schema-graph\">{\"@context\":\"https:\/\/schema.org\",\"@graph\":[{\"@type\":\"Article\",\"@id\":\"https:\/\/www.sonoraenequipo.com.mx\/nuevo-lider-canadiense-se-reune-con-aliados-europeos-entre-tensiones-con-trump\/#article\",\"isPartOf\":{\"@id\":\"https:\/\/www.sonoraenequipo.com.mx\/nuevo-lider-canadiense-se-reune-con-aliados-europeos-entre-tensiones-con-trump\/\"},\"author\":{\"name\":\"enequipo\",\"@id\":\"https:\/\/www.sonoraenequipo.com.mx\/#\/schema\/person\/50102df0fb23a8fa9e8effad8fa81386\"},\"headline\":\"Nuevo l\u00edder canadiense se re\u00fane con aliados europeos entre tensiones con Trump\",\"datePublished\":\"2025-03-17T16:42:00+00:00\",\"dateModified\":\"2025-03-17T18:43:06+00:00\",\"mainEntityOfPage\":{\"@id\":\"https:\/\/www.sonoraenequipo.com.mx\/nuevo-lider-canadiense-se-reune-con-aliados-europeos-entre-tensiones-con-trump\/\"},\"wordCount\":938,\"commentCount\":0,\"publisher\":{\"@id\":\"https:\/\/www.sonoraenequipo.com.mx\/#organization\"},\"image\":{\"@id\":\"https:\/\/www.sonoraenequipo.com.mx\/nuevo-lider-canadiense-se-reune-con-aliados-europeos-entre-tensiones-con-trump\/#primaryimage\"},\"thumbnailUrl\":\"https:\/\/www.sonoraenequipo.com.mx\/storage\/2025\/03\/ministro-canadiense-Mark-Carney-min.jpg\",\"articleSection\":[\"MUNDO\"],\"inLanguage\":\"es\",\"potentialAction\":[{\"@type\":\"CommentAction\",\"name\":\"Comment\",\"target\":[\"https:\/\/www.sonoraenequipo.com.mx\/nuevo-lider-canadiense-se-reune-con-aliados-europeos-entre-tensiones-con-trump\/#respond\"]}]},{\"@type\":\"WebPage\",\"@id\":\"https:\/\/www.sonoraenequipo.com.mx\/nuevo-lider-canadiense-se-reune-con-aliados-europeos-entre-tensiones-con-trump\/\",\"url\":\"https:\/\/www.sonoraenequipo.com.mx\/nuevo-lider-canadiense-se-reune-con-aliados-europeos-entre-tensiones-con-trump\/\",\"name\":\"Sonora en Equipo. Nuevo l\u00edder canadiense se re\u00fane con aliados europeos entre tensiones con Trump MUNDO\",\"isPartOf\":{\"@id\":\"https:\/\/www.sonoraenequipo.com.mx\/#website\"},\"primaryImageOfPage\":{\"@id\":\"https:\/\/www.sonoraenequipo.com.mx\/nuevo-lider-canadiense-se-reune-con-aliados-europeos-entre-tensiones-con-trump\/#primaryimage\"},\"image\":{\"@id\":\"https:\/\/www.sonoraenequipo.com.mx\/nuevo-lider-canadiense-se-reune-con-aliados-europeos-entre-tensiones-con-trump\/#primaryimage\"},\"thumbnailUrl\":\"https:\/\/www.sonoraenequipo.com.mx\/storage\/2025\/03\/ministro-canadiense-Mark-Carney-min.jpg\",\"datePublished\":\"2025-03-17T16:42:00+00:00\",\"dateModified\":\"2025-03-17T18:43:06+00:00\",\"description\":\"PAR\u00cdS, FRANCIA. \u2014 El nuevo primer ministro canadiense, Mark Carney, se reuni\u00f3 el lunes en Par\u00eds el lunes con el presidente franc\u00e9s, Emmanuel Macron, En Sonora en Equipo publicamos toda la informaci\u00f3n de Sonora, M\u00e9xico y el Mundo de manera oportuna y busca que la libertad de expresi\u00f3n sea real. Visita nuestro medio informativo publicado desde Hermosillo, Sonora. %\",\"breadcrumb\":{\"@id\":\"https:\/\/www.sonoraenequipo.com.mx\/nuevo-lider-canadiense-se-reune-con-aliados-europeos-entre-tensiones-con-trump\/#breadcrumb\"},\"inLanguage\":\"es\",\"potentialAction\":[{\"@type\":\"ReadAction\",\"target\":[\"https:\/\/www.sonoraenequipo.com.mx\/nuevo-lider-canadiense-se-reune-con-aliados-europeos-entre-tensiones-con-trump\/\"]}]},{\"@type\":\"ImageObject\",\"inLanguage\":\"es\",\"@id\":\"https:\/\/www.sonoraenequipo.com.mx\/nuevo-lider-canadiense-se-reune-con-aliados-europeos-entre-tensiones-con-trump\/#primaryimage\",\"url\":\"https:\/\/www.sonoraenequipo.com.mx\/storage\/2025\/03\/ministro-canadiense-Mark-Carney-min.jpg\",\"contentUrl\":\"https:\/\/www.sonoraenequipo.com.mx\/storage\/2025\/03\/ministro-canadiense-Mark-Carney-min.jpg\",\"width\":1026,\"height\":641},{\"@type\":\"BreadcrumbList\",\"@id\":\"https:\/\/www.sonoraenequipo.com.mx\/nuevo-lider-canadiense-se-reune-con-aliados-europeos-entre-tensiones-con-trump\/#breadcrumb\",\"itemListElement\":[{\"@type\":\"ListItem\",\"position\":1,\"name\":\"Portada\",\"item\":\"https:\/\/www.sonoraenequipo.com.mx\/\"},{\"@type\":\"ListItem\",\"position\":2,\"name\":\"Nuevo l\u00edder canadiense se re\u00fane con aliados europeos entre tensiones con Trump\"}]},{\"@type\":\"WebSite\",\"@id\":\"https:\/\/www.sonoraenequipo.com.mx\/#website\",\"url\":\"https:\/\/www.sonoraenequipo.com.mx\/\",\"name\":\"Sonora en Equipo.\",\"description\":\"Diario en l\u00ednea con Noticias desde Hermosillo, Sonora\",\"publisher\":{\"@id\":\"https:\/\/www.sonoraenequipo.com.mx\/#organization\"},\"potentialAction\":[{\"@type\":\"SearchAction\",\"target\":{\"@type\":\"EntryPoint\",\"urlTemplate\":\"https:\/\/www.sonoraenequipo.com.mx\/?s={search_term_string}\"},\"query-input\":{\"@type\":\"PropertyValueSpecification\",\"valueRequired\":true,\"valueName\":\"search_term_string\"}}],\"inLanguage\":\"es\"},{\"@type\":\"Organization\",\"@id\":\"https:\/\/www.sonoraenequipo.com.mx\/#organization\",\"name\":\"Sonoraenequipo.com.mx\",\"url\":\"https:\/\/www.sonoraenequipo.com.mx\/\",\"logo\":{\"@type\":\"ImageObject\",\"inLanguage\":\"es\",\"@id\":\"https:\/\/www.sonoraenequipo.com.mx\/#\/schema\/logo\/image\/\",\"url\":\"https:\/\/www.sonoraenequipo.com.mx\/storage\/2019\/01\/sonoraenequipo_opt.png\",\"contentUrl\":\"https:\/\/www.sonoraenequipo.com.mx\/storage\/2019\/01\/sonoraenequipo_opt.png\",\"width\":375,\"height\":125,\"caption\":\"Sonoraenequipo.com.mx\"},\"image\":{\"@id\":\"https:\/\/www.sonoraenequipo.com.mx\/#\/schema\/logo\/image\/\"},\"sameAs\":[\"https:\/\/www.facebook.com\/SonoraEE\/\",\"https:\/\/x.com\/sonoraenequipo\",\"https:\/\/www.youtube.com\/channel\/UC338nW-lPEYmJQs4ZABQ1SQ\"]},{\"@type\":\"Person\",\"@id\":\"https:\/\/www.sonoraenequipo.com.mx\/#\/schema\/person\/50102df0fb23a8fa9e8effad8fa81386\",\"name\":\"enequipo\",\"image\":{\"@type\":\"ImageObject\",\"inLanguage\":\"es\",\"@id\":\"https:\/\/www.sonoraenequipo.com.mx\/#\/schema\/person\/image\/\",\"url\":\"https:\/\/secure.gravatar.com\/avatar\/049821681b589dabc0bc20695993ccebb09f5b5d4d790cd9251b97faac7c652b?s=96&d=blank&r=g\",\"contentUrl\":\"https:\/\/secure.gravatar.com\/avatar\/049821681b589dabc0bc20695993ccebb09f5b5d4d790cd9251b97faac7c652b?s=96&d=blank&r=g\",\"caption\":\"enequipo\"},\"sameAs\":[\"https:\/\/www.facebook.com\/SonoraEE\"]}]}<\/script>\n ","yoast_head_json":{"title":"Sonora en Equipo. Nuevo l\u00edder canadiense se re\u00fane con aliados europeos entre tensiones con Trump MUNDO","description":"PAR\u00cdS, FRANCIA. \u2014 El nuevo primer ministro canadiense, Mark Carney, se reuni\u00f3 el lunes en Par\u00eds el lunes con el presidente franc\u00e9s, Emmanuel Macron, En Sonora en Equipo publicamos toda la informaci\u00f3n de Sonora, M\u00e9xico y el Mundo de manera oportuna y busca que la libertad de expresi\u00f3n sea real. Visita nuestro medio informativo publicado desde Hermosillo, Sonora. %","robots":{"index":"index","follow":"follow","max-snippet":"max-snippet:-1","max-image-preview":"max-image-preview:large","max-video-preview":"max-video-preview:-1"},"canonical":"https:\/\/www.sonoraenequipo.com.mx\/nuevo-lider-canadiense-se-reune-con-aliados-europeos-entre-tensiones-con-trump\/","og_locale":"es_ES","og_type":"article","og_title":"Sonora en Equipo. Nuevo l\u00edder canadiense se re\u00fane con aliados europeos entre tensiones con Trump MUNDO","og_description":"PAR\u00cdS, FRANCIA. \u2014 El nuevo primer ministro canadiense, Mark Carney, se reuni\u00f3 el lunes en Par\u00eds el lunes con el presidente franc\u00e9s, Emmanuel Macron, En Sonora en Equipo publicamos toda la informaci\u00f3n de Sonora, M\u00e9xico y el Mundo de manera oportuna y busca que la libertad de expresi\u00f3n sea real. Visita nuestro medio informativo publicado desde Hermosillo, Sonora. %","og_url":"https:\/\/www.sonoraenequipo.com.mx\/nuevo-lider-canadiense-se-reune-con-aliados-europeos-entre-tensiones-con-trump\/","og_site_name":"Sonora en Equipo.","article_publisher":"https:\/\/www.facebook.com\/SonoraEE\/","article_author":"https:\/\/www.facebook.com\/SonoraEE","article_published_time":"2025-03-17T16:42:00+00:00","article_modified_time":"2025-03-17T18:43:06+00:00","og_image":[{"width":1026,"height":641,"url":"https:\/\/www.sonoraenequipo.com.mx\/storage\/2025\/03\/ministro-canadiense-Mark-Carney-min.jpg","type":"image\/jpeg"}],"author":"enequipo","twitter_card":"summary_large_image","twitter_creator":"@sonoraenequipo","twitter_site":"@sonoraenequipo","twitter_misc":{"Escrito por":"enequipo","Tiempo de lectura":"5 minutos"},"schema":{"@context":"https:\/\/schema.org","@graph":[{"@type":"Article","@id":"https:\/\/www.sonoraenequipo.com.mx\/nuevo-lider-canadiense-se-reune-con-aliados-europeos-entre-tensiones-con-trump\/#article","isPartOf":{"@id":"https:\/\/www.sonoraenequipo.com.mx\/nuevo-lider-canadiense-se-reune-con-aliados-europeos-entre-tensiones-con-trump\/"},"author":{"name":"enequipo","@id":"https:\/\/www.sonoraenequipo.com.mx\/#\/schema\/person\/50102df0fb23a8fa9e8effad8fa81386"},"headline":"Nuevo l\u00edder canadiense se re\u00fane con aliados europeos entre tensiones con Trump","datePublished":"2025-03-17T16:42:00+00:00","dateModified":"2025-03-17T18:43:06+00:00","mainEntityOfPage":{"@id":"https:\/\/www.sonoraenequipo.com.mx\/nuevo-lider-canadiense-se-reune-con-aliados-europeos-entre-tensiones-con-trump\/"},"wordCount":938,"commentCount":0,"publisher":{"@id":"https:\/\/www.sonoraenequipo.com.mx\/#organization"},"image":{"@id":"https:\/\/www.sonoraenequipo.com.mx\/nuevo-lider-canadiense-se-reune-con-aliados-europeos-entre-tensiones-con-trump\/#primaryimage"},"thumbnailUrl":"https:\/\/www.sonoraenequipo.com.mx\/storage\/2025\/03\/ministro-canadiense-Mark-Carney-min.jpg","articleSection":["MUNDO"],"inLanguage":"es","potentialAction":[{"@type":"CommentAction","name":"Comment","target":["https:\/\/www.sonoraenequipo.com.mx\/nuevo-lider-canadiense-se-reune-con-aliados-europeos-entre-tensiones-con-trump\/#respond"]}]},{"@type":"WebPage","@id":"https:\/\/www.sonoraenequipo.com.mx\/nuevo-lider-canadiense-se-reune-con-aliados-europeos-entre-tensiones-con-trump\/","url":"https:\/\/www.sonoraenequipo.com.mx\/nuevo-lider-canadiense-se-reune-con-aliados-europeos-entre-tensiones-con-trump\/","name":"Sonora en Equipo. Nuevo l\u00edder canadiense se re\u00fane con aliados europeos entre tensiones con Trump MUNDO","isPartOf":{"@id":"https:\/\/www.sonoraenequipo.com.mx\/#website"},"primaryImageOfPage":{"@id":"https:\/\/www.sonoraenequipo.com.mx\/nuevo-lider-canadiense-se-reune-con-aliados-europeos-entre-tensiones-con-trump\/#primaryimage"},"image":{"@id":"https:\/\/www.sonoraenequipo.com.mx\/nuevo-lider-canadiense-se-reune-con-aliados-europeos-entre-tensiones-con-trump\/#primaryimage"},"thumbnailUrl":"https:\/\/www.sonoraenequipo.com.mx\/storage\/2025\/03\/ministro-canadiense-Mark-Carney-min.jpg","datePublished":"2025-03-17T16:42:00+00:00","dateModified":"2025-03-17T18:43:06+00:00","description":"PAR\u00cdS, FRANCIA. \u2014 El nuevo primer ministro canadiense, Mark Carney, se reuni\u00f3 el lunes en Par\u00eds el lunes con el presidente franc\u00e9s, Emmanuel Macron, En Sonora en Equipo publicamos toda la informaci\u00f3n de Sonora, M\u00e9xico y el Mundo de manera oportuna y busca que la libertad de expresi\u00f3n sea real. Visita nuestro medio informativo publicado desde Hermosillo, Sonora. %","breadcrumb":{"@id":"https:\/\/www.sonoraenequipo.com.mx\/nuevo-lider-canadiense-se-reune-con-aliados-europeos-entre-tensiones-con-trump\/#breadcrumb"},"inLanguage":"es","potentialAction":[{"@type":"ReadAction","target":["https:\/\/www.sonoraenequipo.com.mx\/nuevo-lider-canadiense-se-reune-con-aliados-europeos-entre-tensiones-con-trump\/"]}]},{"@type":"ImageObject","inLanguage":"es","@id":"https:\/\/www.sonoraenequipo.com.mx\/nuevo-lider-canadiense-se-reune-con-aliados-europeos-entre-tensiones-con-trump\/#primaryimage","url":"https:\/\/www.sonoraenequipo.com.mx\/storage\/2025\/03\/ministro-canadiense-Mark-Carney-min.jpg","contentUrl":"https:\/\/www.sonoraenequipo.com.mx\/storage\/2025\/03\/ministro-canadiense-Mark-Carney-min.jpg","width":1026,"height":641},{"@type":"BreadcrumbList","@id":"https:\/\/www.sonoraenequipo.com.mx\/nuevo-lider-canadiense-se-reune-con-aliados-europeos-entre-tensiones-con-trump\/#breadcrumb","itemListElement":[{"@type":"ListItem","position":1,"name":"Portada","item":"https:\/\/www.sonoraenequipo.com.mx\/"},{"@type":"ListItem","position":2,"name":"Nuevo l\u00edder canadiense se re\u00fane con aliados europeos entre tensiones con Trump"}]},{"@type":"WebSite","@id":"https:\/\/www.sonoraenequipo.com.mx\/#website","url":"https:\/\/www.sonoraenequipo.com.mx\/","name":"Sonora en Equipo.","description":"Diario en l\u00ednea con Noticias desde Hermosillo, Sonora","publisher":{"@id":"https:\/\/www.sonoraenequipo.com.mx\/#organization"},"potentialAction":[{"@type":"SearchAction","target":{"@type":"EntryPoint","urlTemplate":"https:\/\/www.sonoraenequipo.com.mx\/?s={search_term_string}"},"query-input":{"@type":"PropertyValueSpecification","valueRequired":true,"valueName":"search_term_string"}}],"inLanguage":"es"},{"@type":"Organization","@id":"https:\/\/www.sonoraenequipo.com.mx\/#organization","name":"Sonoraenequipo.com.mx","url":"https:\/\/www.sonoraenequipo.com.mx\/","logo":{"@type":"ImageObject","inLanguage":"es","@id":"https:\/\/www.sonoraenequipo.com.mx\/#\/schema\/logo\/image\/","url":"https:\/\/www.sonoraenequipo.com.mx\/storage\/2019\/01\/sonoraenequipo_opt.png","contentUrl":"https:\/\/www.sonoraenequipo.com.mx\/storage\/2019\/01\/sonoraenequipo_opt.png","width":375,"height":125,"caption":"Sonoraenequipo.com.mx"},"image":{"@id":"https:\/\/www.sonoraenequipo.com.mx\/#\/schema\/logo\/image\/"},"sameAs":["https:\/\/www.facebook.com\/SonoraEE\/","https:\/\/x.com\/sonoraenequipo","https:\/\/www.youtube.com\/channel\/UC338nW-lPEYmJQs4ZABQ1SQ"]},{"@type":"Person","@id":"https:\/\/www.sonoraenequipo.com.mx\/#\/schema\/person\/50102df0fb23a8fa9e8effad8fa81386","name":"enequipo","image":{"@type":"ImageObject","inLanguage":"es","@id":"https:\/\/www.sonoraenequipo.com.mx\/#\/schema\/person\/image\/","url":"https:\/\/secure.gravatar.com\/avatar\/049821681b589dabc0bc20695993ccebb09f5b5d4d790cd9251b97faac7c652b?s=96&d=blank&r=g","contentUrl":"https:\/\/secure.gravatar.com\/avatar\/049821681b589dabc0bc20695993ccebb09f5b5d4d790cd9251b97faac7c652b?s=96&d=blank&r=g","caption":"enequipo"},"sameAs":["https:\/\/www.facebook.com\/SonoraEE"]}]}},"jetpack_featured_media_url":"https:\/\/www.sonoraenequipo.com.mx\/storage\/2025\/03\/ministro-canadiense-Mark-Carney-min.jpg","_links":{"self":[{"href":"https:\/\/www.sonoraenequipo.com.mx\/api\/wp\/v2\/posts\/211695","targetHints":{"allow":["GET"]}}],"collection":[{"href":"https:\/\/www.sonoraenequipo.com.mx\/api\/wp\/v2\/posts"}],"about":[{"href":"https:\/\/www.sonoraenequipo.com.mx\/api\/wp\/v2\/types\/post"}],"author":[{"embeddable":true,"href":"https:\/\/www.sonoraenequipo.com.mx\/api\/wp\/v2\/users\/1"}],"replies":[{"embeddable":true,"href":"https:\/\/www.sonoraenequipo.com.mx\/api\/wp\/v2\/comments?post=211695"}],"version-history":[{"count":2,"href":"https:\/\/www.sonoraenequipo.com.mx\/api\/wp\/v2\/posts\/211695\/revisions"}],"predecessor-version":[{"id":211702,"href":"https:\/\/www.sonoraenequipo.com.mx\/api\/wp\/v2\/posts\/211695\/revisions\/211702"}],"wp:featuredmedia":[{"embeddable":true,"href":"https:\/\/www.sonoraenequipo.com.mx\/api\/wp\/v2\/media\/211688"}],"wp:attachment":[{"href":"https:\/\/www.sonoraenequipo.com.mx\/api\/wp\/v2\/media?parent=211695"}],"wp:term":[{"taxonomy":"category","embeddable":true,"href":"https:\/\/www.sonoraenequipo.com.mx\/api\/wp\/v2\/categories?post=211695"},{"taxonomy":"post_tag","embeddable":true,"href":"https:\/\/www.sonoraenequipo.com.mx\/api\/wp\/v2\/tags?post=211695"}],"curies":[{"name":"wp","href":"https:\/\/api.w.org\/{rel}","templated":true}]}}