{"id":211698,"date":"2025-03-17T11:20:13","date_gmt":"2025-03-17T18:20:13","guid":{"rendered":"https:\/\/www.sonoraenequipo.com.mx\/?p=211698"},"modified":"2025-03-17T11:20:13","modified_gmt":"2025-03-17T18:20:13","slug":"los-antidepresivos-aceleran-el-deterioro-neurocognitivo-en-pacientes-con-demencia","status":"publish","type":"post","link":"https:\/\/www.sonoraenequipo.com.mx\/los-antidepresivos-aceleran-el-deterioro-neurocognitivo-en-pacientes-con-demencia\/","title":{"rendered":"\u00bfLos antidepresivos aceleran el deterioro neurocognitivo en pacientes con demencia?"},"content":{"rendered":"<p>Los antidepresivos, en particular los inhibidores selectivos de la recaptaci\u00f3n de serotonina (SSR), se asociaron con un deterioro neurocognitivo significativamente m\u00e1s r\u00e1pido en personas con demencia, seg\u00fan mostraron los resultados de un estudio de cohorte nacional en el mundo real.[1]<\/p>\n<p>&nbsp;<\/p>\n<p>Sin embargo, las y los investigadores advierten que la importancia cl\u00ednica de los cambios observados es incierta y no se puede descartar la posibilidad de que se deban a la depresi\u00f3n, en lugar del uso de antidepresivos.<\/p>\n<p>&nbsp;<\/p>\n<p>Con los datos de este estudio, ser\u00eda \u00abprematuro\u00bb realizar cambios en las recomendaciones existentes con respecto al uso de antidepresivos en pacientes con demencia, dijo a Medscape Noticias M\u00e9dicas la autora de correspondencia, Dra. Sara Garcia-Ptacek, Ph. D., neur\u00f3loga e investigadora del Karolinska Institutet de Estocolmo en Suecia.<\/p>\n<p>&nbsp;<\/p>\n<p>\u00abNecesitamos m\u00e1s datos para comparar los antidepresivos y tambi\u00e9n personalizar el tratamiento (p. ej., con informaci\u00f3n sobre la gen\u00e9tica)\u00bb, agreg\u00f3 la Dra. Garcia-Ptacek.<\/p>\n<p>&nbsp;<\/p>\n<p>&nbsp;<\/p>\n<p>El estudio se public\u00f3 en versi\u00f3n electr\u00f3nica el 24 de febrero en BMC Medicine.[1]<\/p>\n<p>&nbsp;<\/p>\n<p>Huecos en el conocimiento<\/p>\n<p>&nbsp;<\/p>\n<p>Las investigaciones han demostrado que los s\u00edntomas psiqui\u00e1tricos aumentan con la aparici\u00f3n de la demencia y pueden ser los primeros signos de la enfermedad. Por lo general, los inhibidores selectivos de la recaptaci\u00f3n de serotonina son el tratamiento de primera l\u00ednea para la depresi\u00f3n en esta poblaci\u00f3n de pacientes. Sin embargo, existe un hueco en la comprensi\u00f3n de c\u00f3mo las diferentes clases de antidepresivos, medicamentos espec\u00edficos y dosis afectan la progresi\u00f3n del deterioro neurocognitivo.<\/p>\n<p>&nbsp;<\/p>\n<p>Para investigar, el equipo de investigaci\u00f3n utiliz\u00f3 el Swedish Registry for Cognitive\/Dementia Disorders, SveDem, para identificar a 18.740 pacientes (edad promedio, 78 a\u00f1os; 55 % mujeres) con diagnostico reciente de demencia. Utilizaron modelos lineales mixtos para examinar la asociaci\u00f3n entre el uso de antidepresivos y las trayectorias cognitivas evaluadas por las puntuaciones del Mini-Examen del Estado Mental (MMSE).<\/p>\n<p>Leer art\u00edculo completo: <a href=\"https:\/\/shorturl.at\/jLqc3\">https:\/\/shorturl.at\/jLqc3<\/a><\/p>\n<p><strong>Fecha de publicaci\u00f3n lunes 17 de marzo de 2025\/ Medscape <\/strong><\/p>\n","protected":false},"excerpt":{"rendered":"<p>Los antidepresivos, en particular los inhibidores selectivos de la recaptaci\u00f3n de serotonina (SSR), se asociaron&#8230;<\/p>\n","protected":false},"author":1,"featured_media":192352,"comment_status":"open","ping_status":"open","sticky":false,"template":"","format":"standard","meta":{"_monsterinsights_skip_tracking":false,"_monsterinsights_sitenote_active":false,"_monsterinsights_sitenote_note":"","_monsterinsights_sitenote_category":0,"footnotes":""},"categories":[2216],"tags":[10988],"class_list":["post"],"yoast_head":" \n<title>Sonora en Equipo. \u00bfLos antidepresivos aceleran el deterioro neurocognitivo en pacientes con demencia? Ciencia y Tecnolog\u00eda<\/title>\n<meta name=\"description\" content=\"Los antidepresivos, en particular los inhibidores selectivos de la recaptaci\u00f3n de serotonina (SSR), se asociaron con un deterioro neurocognitivo En Sonora en Equipo publicamos toda la informaci\u00f3n de Sonora, M\u00e9xico y el Mundo de manera oportuna y busca que la libertad de expresi\u00f3n sea real. Visita nuestro medio informativo publicado desde Hermosillo, Sonora. %\" \/>\n<meta name=\"robots\" content=\"index, follow, max-snippet:-1, max-image-preview:large, max-video-preview:-1\" \/>\n<link rel=\"canonical\" href=\"https:\/\/www.sonoraenequipo.com.mx\/los-antidepresivos-aceleran-el-deterioro-neurocognitivo-en-pacientes-con-demencia\/\" \/>\n<meta property=\"og:locale\" content=\"es_ES\" \/>\n<meta property=\"og:type\" content=\"article\" \/>\n<meta property=\"og:title\" content=\"Sonora en Equipo. \u00bfLos antidepresivos aceleran el deterioro neurocognitivo en pacientes con demencia? Ciencia y Tecnolog\u00eda\" \/>\n<meta property=\"og:description\" content=\"Los antidepresivos, en particular los inhibidores selectivos de la recaptaci\u00f3n de serotonina (SSR), se asociaron con un deterioro neurocognitivo En Sonora en Equipo publicamos toda la informaci\u00f3n de Sonora, M\u00e9xico y el Mundo de manera oportuna y busca que la libertad de expresi\u00f3n sea real. Visita nuestro medio informativo publicado desde Hermosillo, Sonora. %\" \/>\n<meta property=\"og:url\" content=\"https:\/\/www.sonoraenequipo.com.mx\/los-antidepresivos-aceleran-el-deterioro-neurocognitivo-en-pacientes-con-demencia\/\" \/>\n<meta property=\"og:site_name\" content=\"Sonora en Equipo.\" \/>\n<meta property=\"article:publisher\" content=\"https:\/\/www.facebook.com\/SonoraEE\/\" \/>\n<meta property=\"article:author\" content=\"https:\/\/www.facebook.com\/SonoraEE\" \/>\n<meta property=\"article:published_time\" content=\"2025-03-17T18:20:13+00:00\" \/>\n<meta property=\"og:image\" content=\"https:\/\/www.sonoraenequipo.com.mx\/storage\/2024\/06\/medicamentos-cofepris-distribuidores-irregulares-min.jpg\" \/>\n\t<meta property=\"og:image:width\" content=\"1024\" \/>\n\t<meta property=\"og:image:height\" content=\"576\" \/>\n\t<meta property=\"og:image:type\" content=\"image\/jpeg\" \/>\n<meta name=\"author\" content=\"enequipo\" \/>\n<meta name=\"twitter:card\" content=\"summary_large_image\" \/>\n<meta name=\"twitter:creator\" content=\"@sonoraenequipo\" \/>\n<meta name=\"twitter:site\" content=\"@sonoraenequipo\" \/>\n<meta name=\"twitter:label1\" content=\"Escrito por\" \/>\n\t<meta name=\"twitter:data1\" content=\"enequipo\" \/>\n\t<meta name=\"twitter:label2\" content=\"Tiempo de lectura\" \/>\n\t<meta name=\"twitter:data2\" content=\"2 minutos\" \/>\n<script type=\"application\/ld+json\" class=\"yoast-schema-graph\">{\"@context\":\"https:\/\/schema.org\",\"@graph\":[{\"@type\":\"Article\",\"@id\":\"https:\/\/www.sonoraenequipo.com.mx\/los-antidepresivos-aceleran-el-deterioro-neurocognitivo-en-pacientes-con-demencia\/#article\",\"isPartOf\":{\"@id\":\"https:\/\/www.sonoraenequipo.com.mx\/los-antidepresivos-aceleran-el-deterioro-neurocognitivo-en-pacientes-con-demencia\/\"},\"author\":{\"name\":\"enequipo\",\"@id\":\"https:\/\/www.sonoraenequipo.com.mx\/#\/schema\/person\/50102df0fb23a8fa9e8effad8fa81386\"},\"headline\":\"\u00bfLos antidepresivos aceleran el deterioro neurocognitivo en pacientes con demencia?\",\"datePublished\":\"2025-03-17T18:20:13+00:00\",\"mainEntityOfPage\":{\"@id\":\"https:\/\/www.sonoraenequipo.com.mx\/los-antidepresivos-aceleran-el-deterioro-neurocognitivo-en-pacientes-con-demencia\/\"},\"wordCount\":358,\"commentCount\":0,\"publisher\":{\"@id\":\"https:\/\/www.sonoraenequipo.com.mx\/#organization\"},\"image\":{\"@id\":\"https:\/\/www.sonoraenequipo.com.mx\/los-antidepresivos-aceleran-el-deterioro-neurocognitivo-en-pacientes-con-demencia\/#primaryimage\"},\"thumbnailUrl\":\"https:\/\/www.sonoraenequipo.com.mx\/storage\/2024\/06\/medicamentos-cofepris-distribuidores-irregulares-min.jpg\",\"keywords\":[\"antidepresivos\"],\"articleSection\":[\"Ciencia y Tecnolog\u00eda\"],\"inLanguage\":\"es\",\"potentialAction\":[{\"@type\":\"CommentAction\",\"name\":\"Comment\",\"target\":[\"https:\/\/www.sonoraenequipo.com.mx\/los-antidepresivos-aceleran-el-deterioro-neurocognitivo-en-pacientes-con-demencia\/#respond\"]}]},{\"@type\":\"WebPage\",\"@id\":\"https:\/\/www.sonoraenequipo.com.mx\/los-antidepresivos-aceleran-el-deterioro-neurocognitivo-en-pacientes-con-demencia\/\",\"url\":\"https:\/\/www.sonoraenequipo.com.mx\/los-antidepresivos-aceleran-el-deterioro-neurocognitivo-en-pacientes-con-demencia\/\",\"name\":\"Sonora en Equipo. \u00bfLos antidepresivos aceleran el deterioro neurocognitivo en pacientes con demencia? Ciencia y Tecnolog\u00eda\",\"isPartOf\":{\"@id\":\"https:\/\/www.sonoraenequipo.com.mx\/#website\"},\"primaryImageOfPage\":{\"@id\":\"https:\/\/www.sonoraenequipo.com.mx\/los-antidepresivos-aceleran-el-deterioro-neurocognitivo-en-pacientes-con-demencia\/#primaryimage\"},\"image\":{\"@id\":\"https:\/\/www.sonoraenequipo.com.mx\/los-antidepresivos-aceleran-el-deterioro-neurocognitivo-en-pacientes-con-demencia\/#primaryimage\"},\"thumbnailUrl\":\"https:\/\/www.sonoraenequipo.com.mx\/storage\/2024\/06\/medicamentos-cofepris-distribuidores-irregulares-min.jpg\",\"datePublished\":\"2025-03-17T18:20:13+00:00\",\"description\":\"Los antidepresivos, en particular los inhibidores selectivos de la recaptaci\u00f3n de serotonina (SSR), se asociaron con un deterioro neurocognitivo En Sonora en Equipo publicamos toda la informaci\u00f3n de Sonora, M\u00e9xico y el Mundo de manera oportuna y busca que la libertad de expresi\u00f3n sea real. Visita nuestro medio informativo publicado desde Hermosillo, Sonora. %\",\"breadcrumb\":{\"@id\":\"https:\/\/www.sonoraenequipo.com.mx\/los-antidepresivos-aceleran-el-deterioro-neurocognitivo-en-pacientes-con-demencia\/#breadcrumb\"},\"inLanguage\":\"es\",\"potentialAction\":[{\"@type\":\"ReadAction\",\"target\":[\"https:\/\/www.sonoraenequipo.com.mx\/los-antidepresivos-aceleran-el-deterioro-neurocognitivo-en-pacientes-con-demencia\/\"]}]},{\"@type\":\"ImageObject\",\"inLanguage\":\"es\",\"@id\":\"https:\/\/www.sonoraenequipo.com.mx\/los-antidepresivos-aceleran-el-deterioro-neurocognitivo-en-pacientes-con-demencia\/#primaryimage\",\"url\":\"https:\/\/www.sonoraenequipo.com.mx\/storage\/2024\/06\/medicamentos-cofepris-distribuidores-irregulares-min.jpg\",\"contentUrl\":\"https:\/\/www.sonoraenequipo.com.mx\/storage\/2024\/06\/medicamentos-cofepris-distribuidores-irregulares-min.jpg\",\"width\":1024,\"height\":576,\"caption\":\"Imagen de archivo para ilustrar.\"},{\"@type\":\"BreadcrumbList\",\"@id\":\"https:\/\/www.sonoraenequipo.com.mx\/los-antidepresivos-aceleran-el-deterioro-neurocognitivo-en-pacientes-con-demencia\/#breadcrumb\",\"itemListElement\":[{\"@type\":\"ListItem\",\"position\":1,\"name\":\"Portada\",\"item\":\"https:\/\/www.sonoraenequipo.com.mx\/\"},{\"@type\":\"ListItem\",\"position\":2,\"name\":\"\u00bfLos antidepresivos aceleran el deterioro neurocognitivo en pacientes con demencia?\"}]},{\"@type\":\"WebSite\",\"@id\":\"https:\/\/www.sonoraenequipo.com.mx\/#website\",\"url\":\"https:\/\/www.sonoraenequipo.com.mx\/\",\"name\":\"Sonora en Equipo.\",\"description\":\"Diario en l\u00ednea con Noticias desde Hermosillo, Sonora\",\"publisher\":{\"@id\":\"https:\/\/www.sonoraenequipo.com.mx\/#organization\"},\"potentialAction\":[{\"@type\":\"SearchAction\",\"target\":{\"@type\":\"EntryPoint\",\"urlTemplate\":\"https:\/\/www.sonoraenequipo.com.mx\/?s={search_term_string}\"},\"query-input\":{\"@type\":\"PropertyValueSpecification\",\"valueRequired\":true,\"valueName\":\"search_term_string\"}}],\"inLanguage\":\"es\"},{\"@type\":\"Organization\",\"@id\":\"https:\/\/www.sonoraenequipo.com.mx\/#organization\",\"name\":\"Sonoraenequipo.com.mx\",\"url\":\"https:\/\/www.sonoraenequipo.com.mx\/\",\"logo\":{\"@type\":\"ImageObject\",\"inLanguage\":\"es\",\"@id\":\"https:\/\/www.sonoraenequipo.com.mx\/#\/schema\/logo\/image\/\",\"url\":\"https:\/\/www.sonoraenequipo.com.mx\/storage\/2019\/01\/sonoraenequipo_opt.png\",\"contentUrl\":\"https:\/\/www.sonoraenequipo.com.mx\/storage\/2019\/01\/sonoraenequipo_opt.png\",\"width\":375,\"height\":125,\"caption\":\"Sonoraenequipo.com.mx\"},\"image\":{\"@id\":\"https:\/\/www.sonoraenequipo.com.mx\/#\/schema\/logo\/image\/\"},\"sameAs\":[\"https:\/\/www.facebook.com\/SonoraEE\/\",\"https:\/\/x.com\/sonoraenequipo\",\"https:\/\/www.youtube.com\/channel\/UC338nW-lPEYmJQs4ZABQ1SQ\"]},{\"@type\":\"Person\",\"@id\":\"https:\/\/www.sonoraenequipo.com.mx\/#\/schema\/person\/50102df0fb23a8fa9e8effad8fa81386\",\"name\":\"enequipo\",\"image\":{\"@type\":\"ImageObject\",\"inLanguage\":\"es\",\"@id\":\"https:\/\/www.sonoraenequipo.com.mx\/#\/schema\/person\/image\/\",\"url\":\"https:\/\/secure.gravatar.com\/avatar\/049821681b589dabc0bc20695993ccebb09f5b5d4d790cd9251b97faac7c652b?s=96&d=blank&r=g\",\"contentUrl\":\"https:\/\/secure.gravatar.com\/avatar\/049821681b589dabc0bc20695993ccebb09f5b5d4d790cd9251b97faac7c652b?s=96&d=blank&r=g\",\"caption\":\"enequipo\"},\"sameAs\":[\"https:\/\/www.facebook.com\/SonoraEE\"]}]}<\/script>\n ","yoast_head_json":{"title":"Sonora en Equipo. \u00bfLos antidepresivos aceleran el deterioro neurocognitivo en pacientes con demencia? Ciencia y Tecnolog\u00eda","description":"Los antidepresivos, en particular los inhibidores selectivos de la recaptaci\u00f3n de serotonina (SSR), se asociaron con un deterioro neurocognitivo En Sonora en Equipo publicamos toda la informaci\u00f3n de Sonora, M\u00e9xico y el Mundo de manera oportuna y busca que la libertad de expresi\u00f3n sea real. Visita nuestro medio informativo publicado desde Hermosillo, Sonora. %","robots":{"index":"index","follow":"follow","max-snippet":"max-snippet:-1","max-image-preview":"max-image-preview:large","max-video-preview":"max-video-preview:-1"},"canonical":"https:\/\/www.sonoraenequipo.com.mx\/los-antidepresivos-aceleran-el-deterioro-neurocognitivo-en-pacientes-con-demencia\/","og_locale":"es_ES","og_type":"article","og_title":"Sonora en Equipo. \u00bfLos antidepresivos aceleran el deterioro neurocognitivo en pacientes con demencia? Ciencia y Tecnolog\u00eda","og_description":"Los antidepresivos, en particular los inhibidores selectivos de la recaptaci\u00f3n de serotonina (SSR), se asociaron con un deterioro neurocognitivo En Sonora en Equipo publicamos toda la informaci\u00f3n de Sonora, M\u00e9xico y el Mundo de manera oportuna y busca que la libertad de expresi\u00f3n sea real. Visita nuestro medio informativo publicado desde Hermosillo, Sonora. %","og_url":"https:\/\/www.sonoraenequipo.com.mx\/los-antidepresivos-aceleran-el-deterioro-neurocognitivo-en-pacientes-con-demencia\/","og_site_name":"Sonora en Equipo.","article_publisher":"https:\/\/www.facebook.com\/SonoraEE\/","article_author":"https:\/\/www.facebook.com\/SonoraEE","article_published_time":"2025-03-17T18:20:13+00:00","og_image":[{"width":1024,"height":576,"url":"https:\/\/www.sonoraenequipo.com.mx\/storage\/2024\/06\/medicamentos-cofepris-distribuidores-irregulares-min.jpg","type":"image\/jpeg"}],"author":"enequipo","twitter_card":"summary_large_image","twitter_creator":"@sonoraenequipo","twitter_site":"@sonoraenequipo","twitter_misc":{"Escrito por":"enequipo","Tiempo de lectura":"2 minutos"},"schema":{"@context":"https:\/\/schema.org","@graph":[{"@type":"Article","@id":"https:\/\/www.sonoraenequipo.com.mx\/los-antidepresivos-aceleran-el-deterioro-neurocognitivo-en-pacientes-con-demencia\/#article","isPartOf":{"@id":"https:\/\/www.sonoraenequipo.com.mx\/los-antidepresivos-aceleran-el-deterioro-neurocognitivo-en-pacientes-con-demencia\/"},"author":{"name":"enequipo","@id":"https:\/\/www.sonoraenequipo.com.mx\/#\/schema\/person\/50102df0fb23a8fa9e8effad8fa81386"},"headline":"\u00bfLos antidepresivos aceleran el deterioro neurocognitivo en pacientes con demencia?","datePublished":"2025-03-17T18:20:13+00:00","mainEntityOfPage":{"@id":"https:\/\/www.sonoraenequipo.com.mx\/los-antidepresivos-aceleran-el-deterioro-neurocognitivo-en-pacientes-con-demencia\/"},"wordCount":358,"commentCount":0,"publisher":{"@id":"https:\/\/www.sonoraenequipo.com.mx\/#organization"},"image":{"@id":"https:\/\/www.sonoraenequipo.com.mx\/los-antidepresivos-aceleran-el-deterioro-neurocognitivo-en-pacientes-con-demencia\/#primaryimage"},"thumbnailUrl":"https:\/\/www.sonoraenequipo.com.mx\/storage\/2024\/06\/medicamentos-cofepris-distribuidores-irregulares-min.jpg","keywords":["antidepresivos"],"articleSection":["Ciencia y Tecnolog\u00eda"],"inLanguage":"es","potentialAction":[{"@type":"CommentAction","name":"Comment","target":["https:\/\/www.sonoraenequipo.com.mx\/los-antidepresivos-aceleran-el-deterioro-neurocognitivo-en-pacientes-con-demencia\/#respond"]}]},{"@type":"WebPage","@id":"https:\/\/www.sonoraenequipo.com.mx\/los-antidepresivos-aceleran-el-deterioro-neurocognitivo-en-pacientes-con-demencia\/","url":"https:\/\/www.sonoraenequipo.com.mx\/los-antidepresivos-aceleran-el-deterioro-neurocognitivo-en-pacientes-con-demencia\/","name":"Sonora en Equipo. \u00bfLos antidepresivos aceleran el deterioro neurocognitivo en pacientes con demencia? Ciencia y Tecnolog\u00eda","isPartOf":{"@id":"https:\/\/www.sonoraenequipo.com.mx\/#website"},"primaryImageOfPage":{"@id":"https:\/\/www.sonoraenequipo.com.mx\/los-antidepresivos-aceleran-el-deterioro-neurocognitivo-en-pacientes-con-demencia\/#primaryimage"},"image":{"@id":"https:\/\/www.sonoraenequipo.com.mx\/los-antidepresivos-aceleran-el-deterioro-neurocognitivo-en-pacientes-con-demencia\/#primaryimage"},"thumbnailUrl":"https:\/\/www.sonoraenequipo.com.mx\/storage\/2024\/06\/medicamentos-cofepris-distribuidores-irregulares-min.jpg","datePublished":"2025-03-17T18:20:13+00:00","description":"Los antidepresivos, en particular los inhibidores selectivos de la recaptaci\u00f3n de serotonina (SSR), se asociaron con un deterioro neurocognitivo En Sonora en Equipo publicamos toda la informaci\u00f3n de Sonora, M\u00e9xico y el Mundo de manera oportuna y busca que la libertad de expresi\u00f3n sea real. Visita nuestro medio informativo publicado desde Hermosillo, Sonora. %","breadcrumb":{"@id":"https:\/\/www.sonoraenequipo.com.mx\/los-antidepresivos-aceleran-el-deterioro-neurocognitivo-en-pacientes-con-demencia\/#breadcrumb"},"inLanguage":"es","potentialAction":[{"@type":"ReadAction","target":["https:\/\/www.sonoraenequipo.com.mx\/los-antidepresivos-aceleran-el-deterioro-neurocognitivo-en-pacientes-con-demencia\/"]}]},{"@type":"ImageObject","inLanguage":"es","@id":"https:\/\/www.sonoraenequipo.com.mx\/los-antidepresivos-aceleran-el-deterioro-neurocognitivo-en-pacientes-con-demencia\/#primaryimage","url":"https:\/\/www.sonoraenequipo.com.mx\/storage\/2024\/06\/medicamentos-cofepris-distribuidores-irregulares-min.jpg","contentUrl":"https:\/\/www.sonoraenequipo.com.mx\/storage\/2024\/06\/medicamentos-cofepris-distribuidores-irregulares-min.jpg","width":1024,"height":576,"caption":"Imagen de archivo para ilustrar."},{"@type":"BreadcrumbList","@id":"https:\/\/www.sonoraenequipo.com.mx\/los-antidepresivos-aceleran-el-deterioro-neurocognitivo-en-pacientes-con-demencia\/#breadcrumb","itemListElement":[{"@type":"ListItem","position":1,"name":"Portada","item":"https:\/\/www.sonoraenequipo.com.mx\/"},{"@type":"ListItem","position":2,"name":"\u00bfLos antidepresivos aceleran el deterioro neurocognitivo en pacientes con demencia?"}]},{"@type":"WebSite","@id":"https:\/\/www.sonoraenequipo.com.mx\/#website","url":"https:\/\/www.sonoraenequipo.com.mx\/","name":"Sonora en Equipo.","description":"Diario en l\u00ednea con Noticias desde Hermosillo, Sonora","publisher":{"@id":"https:\/\/www.sonoraenequipo.com.mx\/#organization"},"potentialAction":[{"@type":"SearchAction","target":{"@type":"EntryPoint","urlTemplate":"https:\/\/www.sonoraenequipo.com.mx\/?s={search_term_string}"},"query-input":{"@type":"PropertyValueSpecification","valueRequired":true,"valueName":"search_term_string"}}],"inLanguage":"es"},{"@type":"Organization","@id":"https:\/\/www.sonoraenequipo.com.mx\/#organization","name":"Sonoraenequipo.com.mx","url":"https:\/\/www.sonoraenequipo.com.mx\/","logo":{"@type":"ImageObject","inLanguage":"es","@id":"https:\/\/www.sonoraenequipo.com.mx\/#\/schema\/logo\/image\/","url":"https:\/\/www.sonoraenequipo.com.mx\/storage\/2019\/01\/sonoraenequipo_opt.png","contentUrl":"https:\/\/www.sonoraenequipo.com.mx\/storage\/2019\/01\/sonoraenequipo_opt.png","width":375,"height":125,"caption":"Sonoraenequipo.com.mx"},"image":{"@id":"https:\/\/www.sonoraenequipo.com.mx\/#\/schema\/logo\/image\/"},"sameAs":["https:\/\/www.facebook.com\/SonoraEE\/","https:\/\/x.com\/sonoraenequipo","https:\/\/www.youtube.com\/channel\/UC338nW-lPEYmJQs4ZABQ1SQ"]},{"@type":"Person","@id":"https:\/\/www.sonoraenequipo.com.mx\/#\/schema\/person\/50102df0fb23a8fa9e8effad8fa81386","name":"enequipo","image":{"@type":"ImageObject","inLanguage":"es","@id":"https:\/\/www.sonoraenequipo.com.mx\/#\/schema\/person\/image\/","url":"https:\/\/secure.gravatar.com\/avatar\/049821681b589dabc0bc20695993ccebb09f5b5d4d790cd9251b97faac7c652b?s=96&d=blank&r=g","contentUrl":"https:\/\/secure.gravatar.com\/avatar\/049821681b589dabc0bc20695993ccebb09f5b5d4d790cd9251b97faac7c652b?s=96&d=blank&r=g","caption":"enequipo"},"sameAs":["https:\/\/www.facebook.com\/SonoraEE"]}]}},"jetpack_featured_media_url":"https:\/\/www.sonoraenequipo.com.mx\/storage\/2024\/06\/medicamentos-cofepris-distribuidores-irregulares-min.jpg","_links":{"self":[{"href":"https:\/\/www.sonoraenequipo.com.mx\/api\/wp\/v2\/posts\/211698","targetHints":{"allow":["GET"]}}],"collection":[{"href":"https:\/\/www.sonoraenequipo.com.mx\/api\/wp\/v2\/posts"}],"about":[{"href":"https:\/\/www.sonoraenequipo.com.mx\/api\/wp\/v2\/types\/post"}],"author":[{"embeddable":true,"href":"https:\/\/www.sonoraenequipo.com.mx\/api\/wp\/v2\/users\/1"}],"replies":[{"embeddable":true,"href":"https:\/\/www.sonoraenequipo.com.mx\/api\/wp\/v2\/comments?post=211698"}],"version-history":[{"count":1,"href":"https:\/\/www.sonoraenequipo.com.mx\/api\/wp\/v2\/posts\/211698\/revisions"}],"predecessor-version":[{"id":211699,"href":"https:\/\/www.sonoraenequipo.com.mx\/api\/wp\/v2\/posts\/211698\/revisions\/211699"}],"wp:featuredmedia":[{"embeddable":true,"href":"https:\/\/www.sonoraenequipo.com.mx\/api\/wp\/v2\/media\/192352"}],"wp:attachment":[{"href":"https:\/\/www.sonoraenequipo.com.mx\/api\/wp\/v2\/media?parent=211698"}],"wp:term":[{"taxonomy":"category","embeddable":true,"href":"https:\/\/www.sonoraenequipo.com.mx\/api\/wp\/v2\/categories?post=211698"},{"taxonomy":"post_tag","embeddable":true,"href":"https:\/\/www.sonoraenequipo.com.mx\/api\/wp\/v2\/tags?post=211698"}],"curies":[{"name":"wp","href":"https:\/\/api.w.org\/{rel}","templated":true}]}}