{"id":211711,"date":"2025-03-17T12:44:03","date_gmt":"2025-03-17T19:44:03","guid":{"rendered":"https:\/\/www.sonoraenequipo.com.mx\/?p=211711"},"modified":"2025-03-17T12:44:03","modified_gmt":"2025-03-17T19:44:03","slug":"resultados-operacion-frontera-norte-a-41-dias-de-su-inicio","status":"publish","type":"post","link":"https:\/\/www.sonoraenequipo.com.mx\/resultados-operacion-frontera-norte-a-41-dias-de-su-inicio\/","title":{"rendered":"Resultados operaci\u00f3n \u201cFrontera Norte\u201d a 41 d\u00edas de su inicio"},"content":{"rendered":"<p>&nbsp;<\/p>\n<p><strong>CIUDAD DE M\u00c9XICO.<\/strong><strong> \u0336 \u0336\u00a0 <\/strong>Desde el inicio de la operaci\u00f3n el d\u00eda 5 de febrero, se ha realizado la detenci\u00f3n de 1,503 personas y el aseguramiento de 1,397 armas de fuego, 192,458 cartuchos de diversos calibres, 5,860 cargadores, 22,719.62 kg de droga, entre ellos, 129.18 kg de fentanilo, 1,272 veh\u00edculos y 168 inmuebles.<\/p>\n<p>&nbsp;<\/p>\n<p>Las acciones se materializan en estricto apego el Estado de derecho y con pleno respeto a los derechos humanos. Entre los aseguramientos y detenciones destacan los siguientes:<\/p>\n<p>&nbsp;<\/p>\n<ul>\n<li>\u2060 \u2060Baja California<\/li>\n<\/ul>\n<p>&nbsp;<\/p>\n<p>En Tijuana, se detuvo a dos personas, se aseguraron tres armas, tres cargadores, 28 cartuchos, 30 kilos de metanfetamina, un veh\u00edculo y un inmueble.<\/p>\n<p>&nbsp;<\/p>\n<p>En Mexicali, se asegur\u00f3 un arma larga, cuatro cargadores, 200,000 pastillas de fentanilo, 21.26 kilos de fentanilo en polvo, 7.28 kilos de hero\u00edna, 43.65 kg de una sustancia qu\u00edmica, dos chalecos t\u00e1cticos, un veh\u00edculo, una motocicleta y un inmueble.<\/p>\n<p>&nbsp;<\/p>\n<ul>\n<li>\u2060 \u2060Chihuahua<\/li>\n<\/ul>\n<p>&nbsp;<\/p>\n<p>En Moris, se localiz\u00f3 e inhabilit\u00f3 un laboratorio clandestino y se aseguraron 10,876.270 kilos de trihidrato de acetato de plomo, 8,850 litros de sustancias para la elaboraci\u00f3n de metanfetamina, nueve reactores de s\u00edntesis org\u00e1nica, nueve condensadores y nueve tanques de gas L.P. La afectaci\u00f3n econ\u00f3mica a las organizaciones delictivas fue de 4,169 millones de pesos.<\/p>\n<p>&nbsp;<\/p>\n<p>&nbsp;<\/p>\n<p>En Villa Coronado, se detuvo a dos personas, se aseguraron un fusil Barret, una ametralladora, nueve armas largas, 82 cargadores, 2,680 cartuchos, equipo t\u00e1ctico y tres veh\u00edculos.<\/p>\n<p>&nbsp;<\/p>\n<ul>\n<li>\u2060 \u2060Nuevo Le\u00f3n<\/li>\n<\/ul>\n<p>&nbsp;<\/p>\n<p>En Apodaca, se detuvo a tres personas, se asegur\u00f3 un arma larga, dos cargadores, 19 cartuchos, cuatro kg de mariguana, 119 dosis de metanfetamina, dinero en efectivo, tres celulares, seis radios, una motocicleta y un inmueble<\/p>\n<p>&nbsp;<\/p>\n<ul>\n<li>\u2060 \u2060Sinaloa<\/li>\n<\/ul>\n<p>&nbsp;<\/p>\n<p>En Badiraguato, se aseguraron cuatro armas largas, 43 cargadores, 5,854 cartuchos, un cofre met\u00e1lico y siete cintas para ametralladora.<\/p>\n<p>&nbsp;<\/p>\n<p>Se localiz\u00f3 e inhabilit\u00f3 12 \u00e1reas de concentraci\u00f3n de material diverso para la elaboraci\u00f3n de metanfetamina, donde aseguraron 7,710 litros y 450 kilos de sustancias para la elaboraci\u00f3n de metanfetamina, dos reactores de s\u00edntesis org\u00e1nica y un condensador. La afectaci\u00f3n econ\u00f3mica a las organizaciones delictivas fue de 178 millones de pesos.<\/p>\n<p>&nbsp;<\/p>\n<p>&nbsp;<\/p>\n<ul>\n<li>\u2060 \u2060Sonora<\/li>\n<\/ul>\n<p>&nbsp;<\/p>\n<p>En Puerto Pe\u00f1asco, se detuvo a seis personas y se aseguraron seis tractocamiones, 12 toneles, 406,000 litros de hidrocarburo.<\/p>\n<p>&nbsp;<\/p>\n<p>En Hermosillo se detuvo a una persona, se aseguraron 12 armas de fuego, dos veh\u00edculos y equipo t\u00e1ctico diverso.<\/p>\n<p>&nbsp;<\/p>\n<ul>\n<li>\u2060 \u2060Tamaulipas<\/li>\n<\/ul>\n<p>&nbsp;<\/p>\n<p>En Matamoros, se asegur\u00f3 artefacto explosivo improvisado.<\/p>\n<p><strong>Fecha de publicaci\u00f3n lunes 17 de marzo de 2025 \/ Presidencia<\/strong><\/p>\n<p>&nbsp;<\/p>\n","protected":false},"excerpt":{"rendered":"<p>&nbsp; CIUDAD DE M\u00c9XICO. \u0336 \u0336\u00a0 Desde el inicio de la operaci\u00f3n el d\u00eda 5&#8230;<\/p>\n","protected":false},"author":1,"featured_media":211712,"comment_status":"open","ping_status":"open","sticky":false,"template":"","format":"standard","meta":{"_monsterinsights_skip_tracking":false,"_monsterinsights_sitenote_active":false,"_monsterinsights_sitenote_note":"","_monsterinsights_sitenote_category":0,"footnotes":""},"categories":[3144],"tags":[1922,5580,6249],"class_list":["post"],"yoast_head":" \n<title>Sonora en Equipo. Resultados operaci\u00f3n \u201cFrontera Norte\u201d a 41 d\u00edas de su inicio Polic\u00edaca<\/title>\n<meta name=\"description\" content=\"&nbsp; CIUDAD DE M\u00c9XICO. \u0336 \u0336\u00a0 Desde el inicio de la operaci\u00f3n el d\u00eda 5 de febrero, se ha realizado la detenci\u00f3n de 1,503 personas y el aseguramiento de En Sonora en Equipo publicamos toda la informaci\u00f3n de Sonora, M\u00e9xico y el Mundo de manera oportuna y busca que la libertad de expresi\u00f3n sea real. Visita nuestro medio informativo publicado desde Hermosillo, Sonora. %\" \/>\n<meta name=\"robots\" content=\"index, follow, max-snippet:-1, max-image-preview:large, max-video-preview:-1\" \/>\n<link rel=\"canonical\" href=\"https:\/\/www.sonoraenequipo.com.mx\/resultados-operacion-frontera-norte-a-41-dias-de-su-inicio\/\" \/>\n<meta property=\"og:locale\" content=\"es_ES\" \/>\n<meta property=\"og:type\" content=\"article\" \/>\n<meta property=\"og:title\" content=\"Sonora en Equipo. Resultados operaci\u00f3n \u201cFrontera Norte\u201d a 41 d\u00edas de su inicio Polic\u00edaca\" \/>\n<meta property=\"og:description\" content=\"&nbsp; CIUDAD DE M\u00c9XICO. \u0336 \u0336\u00a0 Desde el inicio de la operaci\u00f3n el d\u00eda 5 de febrero, se ha realizado la detenci\u00f3n de 1,503 personas y el aseguramiento de En Sonora en Equipo publicamos toda la informaci\u00f3n de Sonora, M\u00e9xico y el Mundo de manera oportuna y busca que la libertad de expresi\u00f3n sea real. Visita nuestro medio informativo publicado desde Hermosillo, Sonora. %\" \/>\n<meta property=\"og:url\" content=\"https:\/\/www.sonoraenequipo.com.mx\/resultados-operacion-frontera-norte-a-41-dias-de-su-inicio\/\" \/>\n<meta property=\"og:site_name\" content=\"Sonora en Equipo.\" \/>\n<meta property=\"article:publisher\" content=\"https:\/\/www.facebook.com\/SonoraEE\/\" \/>\n<meta property=\"article:author\" content=\"https:\/\/www.facebook.com\/SonoraEE\" \/>\n<meta property=\"article:published_time\" content=\"2025-03-17T19:44:03+00:00\" \/>\n<meta property=\"og:image\" content=\"https:\/\/www.sonoraenequipo.com.mx\/storage\/2025\/03\/decomiso-villa-coronado.jpg\" \/>\n\t<meta property=\"og:image:width\" content=\"812\" \/>\n\t<meta property=\"og:image:height\" content=\"400\" \/>\n\t<meta property=\"og:image:type\" content=\"image\/jpeg\" \/>\n<meta name=\"author\" content=\"enequipo\" \/>\n<meta name=\"twitter:card\" content=\"summary_large_image\" \/>\n<meta name=\"twitter:creator\" content=\"@sonoraenequipo\" \/>\n<meta name=\"twitter:site\" content=\"@sonoraenequipo\" \/>\n<meta name=\"twitter:label1\" content=\"Escrito por\" \/>\n\t<meta name=\"twitter:data1\" content=\"enequipo\" \/>\n\t<meta name=\"twitter:label2\" content=\"Tiempo de lectura\" \/>\n\t<meta name=\"twitter:data2\" content=\"2 minutos\" \/>\n<script type=\"application\/ld+json\" class=\"yoast-schema-graph\">{\"@context\":\"https:\/\/schema.org\",\"@graph\":[{\"@type\":\"Article\",\"@id\":\"https:\/\/www.sonoraenequipo.com.mx\/resultados-operacion-frontera-norte-a-41-dias-de-su-inicio\/#article\",\"isPartOf\":{\"@id\":\"https:\/\/www.sonoraenequipo.com.mx\/resultados-operacion-frontera-norte-a-41-dias-de-su-inicio\/\"},\"author\":{\"name\":\"enequipo\",\"@id\":\"https:\/\/www.sonoraenequipo.com.mx\/#\/schema\/person\/50102df0fb23a8fa9e8effad8fa81386\"},\"headline\":\"Resultados operaci\u00f3n \u201cFrontera Norte\u201d a 41 d\u00edas de su inicio\",\"datePublished\":\"2025-03-17T19:44:03+00:00\",\"mainEntityOfPage\":{\"@id\":\"https:\/\/www.sonoraenequipo.com.mx\/resultados-operacion-frontera-norte-a-41-dias-de-su-inicio\/\"},\"wordCount\":423,\"commentCount\":0,\"publisher\":{\"@id\":\"https:\/\/www.sonoraenequipo.com.mx\/#organization\"},\"image\":{\"@id\":\"https:\/\/www.sonoraenequipo.com.mx\/resultados-operacion-frontera-norte-a-41-dias-de-su-inicio\/#primaryimage\"},\"thumbnailUrl\":\"https:\/\/www.sonoraenequipo.com.mx\/storage\/2025\/03\/decomiso-villa-coronado.jpg\",\"keywords\":[\"Frontera\",\"norte\",\"PLAN\"],\"articleSection\":[\"Polic\u00edaca\"],\"inLanguage\":\"es\",\"potentialAction\":[{\"@type\":\"CommentAction\",\"name\":\"Comment\",\"target\":[\"https:\/\/www.sonoraenequipo.com.mx\/resultados-operacion-frontera-norte-a-41-dias-de-su-inicio\/#respond\"]}]},{\"@type\":\"WebPage\",\"@id\":\"https:\/\/www.sonoraenequipo.com.mx\/resultados-operacion-frontera-norte-a-41-dias-de-su-inicio\/\",\"url\":\"https:\/\/www.sonoraenequipo.com.mx\/resultados-operacion-frontera-norte-a-41-dias-de-su-inicio\/\",\"name\":\"Sonora en Equipo. Resultados operaci\u00f3n \u201cFrontera Norte\u201d a 41 d\u00edas de su inicio Polic\u00edaca\",\"isPartOf\":{\"@id\":\"https:\/\/www.sonoraenequipo.com.mx\/#website\"},\"primaryImageOfPage\":{\"@id\":\"https:\/\/www.sonoraenequipo.com.mx\/resultados-operacion-frontera-norte-a-41-dias-de-su-inicio\/#primaryimage\"},\"image\":{\"@id\":\"https:\/\/www.sonoraenequipo.com.mx\/resultados-operacion-frontera-norte-a-41-dias-de-su-inicio\/#primaryimage\"},\"thumbnailUrl\":\"https:\/\/www.sonoraenequipo.com.mx\/storage\/2025\/03\/decomiso-villa-coronado.jpg\",\"datePublished\":\"2025-03-17T19:44:03+00:00\",\"description\":\"&nbsp; CIUDAD DE M\u00c9XICO. \u0336 \u0336\u00a0 Desde el inicio de la operaci\u00f3n el d\u00eda 5 de febrero, se ha realizado la detenci\u00f3n de 1,503 personas y el aseguramiento de En Sonora en Equipo publicamos toda la informaci\u00f3n de Sonora, M\u00e9xico y el Mundo de manera oportuna y busca que la libertad de expresi\u00f3n sea real. Visita nuestro medio informativo publicado desde Hermosillo, Sonora. %\",\"breadcrumb\":{\"@id\":\"https:\/\/www.sonoraenequipo.com.mx\/resultados-operacion-frontera-norte-a-41-dias-de-su-inicio\/#breadcrumb\"},\"inLanguage\":\"es\",\"potentialAction\":[{\"@type\":\"ReadAction\",\"target\":[\"https:\/\/www.sonoraenequipo.com.mx\/resultados-operacion-frontera-norte-a-41-dias-de-su-inicio\/\"]}]},{\"@type\":\"ImageObject\",\"inLanguage\":\"es\",\"@id\":\"https:\/\/www.sonoraenequipo.com.mx\/resultados-operacion-frontera-norte-a-41-dias-de-su-inicio\/#primaryimage\",\"url\":\"https:\/\/www.sonoraenequipo.com.mx\/storage\/2025\/03\/decomiso-villa-coronado.jpg\",\"contentUrl\":\"https:\/\/www.sonoraenequipo.com.mx\/storage\/2025\/03\/decomiso-villa-coronado.jpg\",\"width\":812,\"height\":400,\"caption\":\"decomiso de pertrechos ilegales en Villa Coronado, Chihuahua.\"},{\"@type\":\"BreadcrumbList\",\"@id\":\"https:\/\/www.sonoraenequipo.com.mx\/resultados-operacion-frontera-norte-a-41-dias-de-su-inicio\/#breadcrumb\",\"itemListElement\":[{\"@type\":\"ListItem\",\"position\":1,\"name\":\"Portada\",\"item\":\"https:\/\/www.sonoraenequipo.com.mx\/\"},{\"@type\":\"ListItem\",\"position\":2,\"name\":\"Resultados operaci\u00f3n \u201cFrontera Norte\u201d a 41 d\u00edas de su inicio\"}]},{\"@type\":\"WebSite\",\"@id\":\"https:\/\/www.sonoraenequipo.com.mx\/#website\",\"url\":\"https:\/\/www.sonoraenequipo.com.mx\/\",\"name\":\"Sonora en Equipo.\",\"description\":\"Diario en l\u00ednea con Noticias desde Hermosillo, Sonora\",\"publisher\":{\"@id\":\"https:\/\/www.sonoraenequipo.com.mx\/#organization\"},\"potentialAction\":[{\"@type\":\"SearchAction\",\"target\":{\"@type\":\"EntryPoint\",\"urlTemplate\":\"https:\/\/www.sonoraenequipo.com.mx\/?s={search_term_string}\"},\"query-input\":{\"@type\":\"PropertyValueSpecification\",\"valueRequired\":true,\"valueName\":\"search_term_string\"}}],\"inLanguage\":\"es\"},{\"@type\":\"Organization\",\"@id\":\"https:\/\/www.sonoraenequipo.com.mx\/#organization\",\"name\":\"Sonoraenequipo.com.mx\",\"url\":\"https:\/\/www.sonoraenequipo.com.mx\/\",\"logo\":{\"@type\":\"ImageObject\",\"inLanguage\":\"es\",\"@id\":\"https:\/\/www.sonoraenequipo.com.mx\/#\/schema\/logo\/image\/\",\"url\":\"https:\/\/www.sonoraenequipo.com.mx\/storage\/2019\/01\/sonoraenequipo_opt.png\",\"contentUrl\":\"https:\/\/www.sonoraenequipo.com.mx\/storage\/2019\/01\/sonoraenequipo_opt.png\",\"width\":375,\"height\":125,\"caption\":\"Sonoraenequipo.com.mx\"},\"image\":{\"@id\":\"https:\/\/www.sonoraenequipo.com.mx\/#\/schema\/logo\/image\/\"},\"sameAs\":[\"https:\/\/www.facebook.com\/SonoraEE\/\",\"https:\/\/x.com\/sonoraenequipo\",\"https:\/\/www.youtube.com\/channel\/UC338nW-lPEYmJQs4ZABQ1SQ\"]},{\"@type\":\"Person\",\"@id\":\"https:\/\/www.sonoraenequipo.com.mx\/#\/schema\/person\/50102df0fb23a8fa9e8effad8fa81386\",\"name\":\"enequipo\",\"image\":{\"@type\":\"ImageObject\",\"inLanguage\":\"es\",\"@id\":\"https:\/\/www.sonoraenequipo.com.mx\/#\/schema\/person\/image\/\",\"url\":\"https:\/\/secure.gravatar.com\/avatar\/049821681b589dabc0bc20695993ccebb09f5b5d4d790cd9251b97faac7c652b?s=96&d=blank&r=g\",\"contentUrl\":\"https:\/\/secure.gravatar.com\/avatar\/049821681b589dabc0bc20695993ccebb09f5b5d4d790cd9251b97faac7c652b?s=96&d=blank&r=g\",\"caption\":\"enequipo\"},\"sameAs\":[\"https:\/\/www.facebook.com\/SonoraEE\"]}]}<\/script>\n ","yoast_head_json":{"title":"Sonora en Equipo. Resultados operaci\u00f3n \u201cFrontera Norte\u201d a 41 d\u00edas de su inicio Polic\u00edaca","description":"&nbsp; CIUDAD DE M\u00c9XICO. \u0336 \u0336\u00a0 Desde el inicio de la operaci\u00f3n el d\u00eda 5 de febrero, se ha realizado la detenci\u00f3n de 1,503 personas y el aseguramiento de En Sonora en Equipo publicamos toda la informaci\u00f3n de Sonora, M\u00e9xico y el Mundo de manera oportuna y busca que la libertad de expresi\u00f3n sea real. Visita nuestro medio informativo publicado desde Hermosillo, Sonora. %","robots":{"index":"index","follow":"follow","max-snippet":"max-snippet:-1","max-image-preview":"max-image-preview:large","max-video-preview":"max-video-preview:-1"},"canonical":"https:\/\/www.sonoraenequipo.com.mx\/resultados-operacion-frontera-norte-a-41-dias-de-su-inicio\/","og_locale":"es_ES","og_type":"article","og_title":"Sonora en Equipo. Resultados operaci\u00f3n \u201cFrontera Norte\u201d a 41 d\u00edas de su inicio Polic\u00edaca","og_description":"&nbsp; CIUDAD DE M\u00c9XICO. \u0336 \u0336\u00a0 Desde el inicio de la operaci\u00f3n el d\u00eda 5 de febrero, se ha realizado la detenci\u00f3n de 1,503 personas y el aseguramiento de En Sonora en Equipo publicamos toda la informaci\u00f3n de Sonora, M\u00e9xico y el Mundo de manera oportuna y busca que la libertad de expresi\u00f3n sea real. Visita nuestro medio informativo publicado desde Hermosillo, Sonora. %","og_url":"https:\/\/www.sonoraenequipo.com.mx\/resultados-operacion-frontera-norte-a-41-dias-de-su-inicio\/","og_site_name":"Sonora en Equipo.","article_publisher":"https:\/\/www.facebook.com\/SonoraEE\/","article_author":"https:\/\/www.facebook.com\/SonoraEE","article_published_time":"2025-03-17T19:44:03+00:00","og_image":[{"width":812,"height":400,"url":"https:\/\/www.sonoraenequipo.com.mx\/storage\/2025\/03\/decomiso-villa-coronado.jpg","type":"image\/jpeg"}],"author":"enequipo","twitter_card":"summary_large_image","twitter_creator":"@sonoraenequipo","twitter_site":"@sonoraenequipo","twitter_misc":{"Escrito por":"enequipo","Tiempo de lectura":"2 minutos"},"schema":{"@context":"https:\/\/schema.org","@graph":[{"@type":"Article","@id":"https:\/\/www.sonoraenequipo.com.mx\/resultados-operacion-frontera-norte-a-41-dias-de-su-inicio\/#article","isPartOf":{"@id":"https:\/\/www.sonoraenequipo.com.mx\/resultados-operacion-frontera-norte-a-41-dias-de-su-inicio\/"},"author":{"name":"enequipo","@id":"https:\/\/www.sonoraenequipo.com.mx\/#\/schema\/person\/50102df0fb23a8fa9e8effad8fa81386"},"headline":"Resultados operaci\u00f3n \u201cFrontera Norte\u201d a 41 d\u00edas de su inicio","datePublished":"2025-03-17T19:44:03+00:00","mainEntityOfPage":{"@id":"https:\/\/www.sonoraenequipo.com.mx\/resultados-operacion-frontera-norte-a-41-dias-de-su-inicio\/"},"wordCount":423,"commentCount":0,"publisher":{"@id":"https:\/\/www.sonoraenequipo.com.mx\/#organization"},"image":{"@id":"https:\/\/www.sonoraenequipo.com.mx\/resultados-operacion-frontera-norte-a-41-dias-de-su-inicio\/#primaryimage"},"thumbnailUrl":"https:\/\/www.sonoraenequipo.com.mx\/storage\/2025\/03\/decomiso-villa-coronado.jpg","keywords":["Frontera","norte","PLAN"],"articleSection":["Polic\u00edaca"],"inLanguage":"es","potentialAction":[{"@type":"CommentAction","name":"Comment","target":["https:\/\/www.sonoraenequipo.com.mx\/resultados-operacion-frontera-norte-a-41-dias-de-su-inicio\/#respond"]}]},{"@type":"WebPage","@id":"https:\/\/www.sonoraenequipo.com.mx\/resultados-operacion-frontera-norte-a-41-dias-de-su-inicio\/","url":"https:\/\/www.sonoraenequipo.com.mx\/resultados-operacion-frontera-norte-a-41-dias-de-su-inicio\/","name":"Sonora en Equipo. Resultados operaci\u00f3n \u201cFrontera Norte\u201d a 41 d\u00edas de su inicio Polic\u00edaca","isPartOf":{"@id":"https:\/\/www.sonoraenequipo.com.mx\/#website"},"primaryImageOfPage":{"@id":"https:\/\/www.sonoraenequipo.com.mx\/resultados-operacion-frontera-norte-a-41-dias-de-su-inicio\/#primaryimage"},"image":{"@id":"https:\/\/www.sonoraenequipo.com.mx\/resultados-operacion-frontera-norte-a-41-dias-de-su-inicio\/#primaryimage"},"thumbnailUrl":"https:\/\/www.sonoraenequipo.com.mx\/storage\/2025\/03\/decomiso-villa-coronado.jpg","datePublished":"2025-03-17T19:44:03+00:00","description":"&nbsp; CIUDAD DE M\u00c9XICO. \u0336 \u0336\u00a0 Desde el inicio de la operaci\u00f3n el d\u00eda 5 de febrero, se ha realizado la detenci\u00f3n de 1,503 personas y el aseguramiento de En Sonora en Equipo publicamos toda la informaci\u00f3n de Sonora, M\u00e9xico y el Mundo de manera oportuna y busca que la libertad de expresi\u00f3n sea real. Visita nuestro medio informativo publicado desde Hermosillo, Sonora. %","breadcrumb":{"@id":"https:\/\/www.sonoraenequipo.com.mx\/resultados-operacion-frontera-norte-a-41-dias-de-su-inicio\/#breadcrumb"},"inLanguage":"es","potentialAction":[{"@type":"ReadAction","target":["https:\/\/www.sonoraenequipo.com.mx\/resultados-operacion-frontera-norte-a-41-dias-de-su-inicio\/"]}]},{"@type":"ImageObject","inLanguage":"es","@id":"https:\/\/www.sonoraenequipo.com.mx\/resultados-operacion-frontera-norte-a-41-dias-de-su-inicio\/#primaryimage","url":"https:\/\/www.sonoraenequipo.com.mx\/storage\/2025\/03\/decomiso-villa-coronado.jpg","contentUrl":"https:\/\/www.sonoraenequipo.com.mx\/storage\/2025\/03\/decomiso-villa-coronado.jpg","width":812,"height":400,"caption":"decomiso de pertrechos ilegales en Villa Coronado, Chihuahua."},{"@type":"BreadcrumbList","@id":"https:\/\/www.sonoraenequipo.com.mx\/resultados-operacion-frontera-norte-a-41-dias-de-su-inicio\/#breadcrumb","itemListElement":[{"@type":"ListItem","position":1,"name":"Portada","item":"https:\/\/www.sonoraenequipo.com.mx\/"},{"@type":"ListItem","position":2,"name":"Resultados operaci\u00f3n \u201cFrontera Norte\u201d a 41 d\u00edas de su inicio"}]},{"@type":"WebSite","@id":"https:\/\/www.sonoraenequipo.com.mx\/#website","url":"https:\/\/www.sonoraenequipo.com.mx\/","name":"Sonora en Equipo.","description":"Diario en l\u00ednea con Noticias desde Hermosillo, Sonora","publisher":{"@id":"https:\/\/www.sonoraenequipo.com.mx\/#organization"},"potentialAction":[{"@type":"SearchAction","target":{"@type":"EntryPoint","urlTemplate":"https:\/\/www.sonoraenequipo.com.mx\/?s={search_term_string}"},"query-input":{"@type":"PropertyValueSpecification","valueRequired":true,"valueName":"search_term_string"}}],"inLanguage":"es"},{"@type":"Organization","@id":"https:\/\/www.sonoraenequipo.com.mx\/#organization","name":"Sonoraenequipo.com.mx","url":"https:\/\/www.sonoraenequipo.com.mx\/","logo":{"@type":"ImageObject","inLanguage":"es","@id":"https:\/\/www.sonoraenequipo.com.mx\/#\/schema\/logo\/image\/","url":"https:\/\/www.sonoraenequipo.com.mx\/storage\/2019\/01\/sonoraenequipo_opt.png","contentUrl":"https:\/\/www.sonoraenequipo.com.mx\/storage\/2019\/01\/sonoraenequipo_opt.png","width":375,"height":125,"caption":"Sonoraenequipo.com.mx"},"image":{"@id":"https:\/\/www.sonoraenequipo.com.mx\/#\/schema\/logo\/image\/"},"sameAs":["https:\/\/www.facebook.com\/SonoraEE\/","https:\/\/x.com\/sonoraenequipo","https:\/\/www.youtube.com\/channel\/UC338nW-lPEYmJQs4ZABQ1SQ"]},{"@type":"Person","@id":"https:\/\/www.sonoraenequipo.com.mx\/#\/schema\/person\/50102df0fb23a8fa9e8effad8fa81386","name":"enequipo","image":{"@type":"ImageObject","inLanguage":"es","@id":"https:\/\/www.sonoraenequipo.com.mx\/#\/schema\/person\/image\/","url":"https:\/\/secure.gravatar.com\/avatar\/049821681b589dabc0bc20695993ccebb09f5b5d4d790cd9251b97faac7c652b?s=96&d=blank&r=g","contentUrl":"https:\/\/secure.gravatar.com\/avatar\/049821681b589dabc0bc20695993ccebb09f5b5d4d790cd9251b97faac7c652b?s=96&d=blank&r=g","caption":"enequipo"},"sameAs":["https:\/\/www.facebook.com\/SonoraEE"]}]}},"jetpack_featured_media_url":"https:\/\/www.sonoraenequipo.com.mx\/storage\/2025\/03\/decomiso-villa-coronado.jpg","_links":{"self":[{"href":"https:\/\/www.sonoraenequipo.com.mx\/api\/wp\/v2\/posts\/211711","targetHints":{"allow":["GET"]}}],"collection":[{"href":"https:\/\/www.sonoraenequipo.com.mx\/api\/wp\/v2\/posts"}],"about":[{"href":"https:\/\/www.sonoraenequipo.com.mx\/api\/wp\/v2\/types\/post"}],"author":[{"embeddable":true,"href":"https:\/\/www.sonoraenequipo.com.mx\/api\/wp\/v2\/users\/1"}],"replies":[{"embeddable":true,"href":"https:\/\/www.sonoraenequipo.com.mx\/api\/wp\/v2\/comments?post=211711"}],"version-history":[{"count":1,"href":"https:\/\/www.sonoraenequipo.com.mx\/api\/wp\/v2\/posts\/211711\/revisions"}],"predecessor-version":[{"id":211713,"href":"https:\/\/www.sonoraenequipo.com.mx\/api\/wp\/v2\/posts\/211711\/revisions\/211713"}],"wp:featuredmedia":[{"embeddable":true,"href":"https:\/\/www.sonoraenequipo.com.mx\/api\/wp\/v2\/media\/211712"}],"wp:attachment":[{"href":"https:\/\/www.sonoraenequipo.com.mx\/api\/wp\/v2\/media?parent=211711"}],"wp:term":[{"taxonomy":"category","embeddable":true,"href":"https:\/\/www.sonoraenequipo.com.mx\/api\/wp\/v2\/categories?post=211711"},{"taxonomy":"post_tag","embeddable":true,"href":"https:\/\/www.sonoraenequipo.com.mx\/api\/wp\/v2\/tags?post=211711"}],"curies":[{"name":"wp","href":"https:\/\/api.w.org\/{rel}","templated":true}]}}