{"id":211716,"date":"2025-03-17T14:05:11","date_gmt":"2025-03-17T21:05:11","guid":{"rendered":"https:\/\/www.sonoraenequipo.com.mx\/?p=211716"},"modified":"2025-03-17T14:05:11","modified_gmt":"2025-03-17T21:05:11","slug":"tono-astiazaran-refuerza-acciones-de-salud-a-favor-de-hermosillenses","status":"publish","type":"post","link":"https:\/\/www.sonoraenequipo.com.mx\/tono-astiazaran-refuerza-acciones-de-salud-a-favor-de-hermosillenses\/","title":{"rendered":"To\u00f1o Astiazar\u00e1n refuerza acciones de salud a favor de hermosillenses"},"content":{"rendered":"<p><strong>HERMOSILLO, SONORA, MX.<\/strong> \u2014 Para fortalecer las acciones a favor de la salud de los hermosillenses, el presidente municipal Antonio Astiazar\u00e1n Guti\u00e9rrez formaliz\u00f3 convenios con universidades y entreg\u00f3 cuatro unidades a la Direcci\u00f3n de Salud P\u00fablica Municipal.<\/p>\n<p>&nbsp;<\/p>\n<p>&nbsp;<\/p>\n<p>&nbsp;<\/p>\n<p>To\u00f1o Astiazar\u00e1n destac\u00f3 la alianza signada entre el Ayuntamiento con universidades formadoras de profesionistas en Ciencias de la Salud, para su incorporaci\u00f3n a jornadas de servicios gratuitos en colonias y comunidades rurales de Hermosillo.<\/p>\n<p>&nbsp;<\/p>\n<p>&nbsp;<\/p>\n<p>&nbsp;<\/p>\n<p>\u201cNo saben lo bonito que es ver el rostro de los j\u00f3venes atendiendo y apoyando a la poblaci\u00f3n m\u00e1s vulnerable\u201d, expres\u00f3 al reconocer que en Hermosillo se toman muy en serio el tema debido a que las carencias en los sistemas de salud impactan en la poblaci\u00f3n para lo cual se cre\u00f3 y dot\u00f3 de nuevas funciones y facultades a la direcci\u00f3n de Salud P\u00fablica Municipal.<\/p>\n<p>&nbsp;<\/p>\n<p>&nbsp;<\/p>\n<p>&nbsp;<\/p>\n<p>Los convenios formalizan acciones que ya se han venido realizando y que incorporan a 47 elementos a jornadas de servicios gratuitos en beneficio de residentes de colonias y comunidades rurales del municipio, de los cuales 37 son de nuevo ingreso y 10 que se incorporaron a mitad de ciclo. Del total 25 son pasantes de odontolog\u00eda, 11 de enfermer\u00eda, 5 de nutrici\u00f3n, 5 de psicolog\u00eda y 1 de fisioterapia.<\/p>\n<p>&nbsp;<\/p>\n<p>&nbsp;<\/p>\n<p>&nbsp;<\/p>\n<p>Los representantes de las universidades coincidieron en un testimonio de agradecimiento al Ayuntamiento de Hermosillo por invitar a sus instituciones a ser parte de un esfuerzo de esta naturaleza que ofrece a sus egresados la oportunidad de vincularse de forma positiva con la comunidad y desarrollar el perfil humanista que los definir\u00e1 como profesionistas plenos.<\/p>\n<p>&nbsp;<\/p>\n<p>&nbsp;<\/p>\n<p>&nbsp;<\/p>\n<p>\u201cYa sumados, los programas que tenemos en el Gobierno Municipal hacen la diferencia en materia de salud en nuestra ciudad\u201d, asegur\u00f3 Antonio Astiazar\u00e1n al entregar 4 veh\u00edculos que apoyar\u00e1n las diferentes estrategias de intervenci\u00f3n de la Direcci\u00f3n de Salud P\u00fablica Municipal en beneficio de las y los hermosillenses.<\/p>\n<p>&nbsp;<\/p>\n<p>&nbsp;<\/p>\n<p>&nbsp;<\/p>\n<p>\u201cA veces uno pensar\u00eda que el Ayuntamiento no puede hacer mucho en temas de la salud porque le corresponden m\u00e1s a la federaci\u00f3n o al estado, sin embargo, nosotros creemos que lejos de estar echando culpas, pateando el bote, o diciendo no es mi competencia, debemos hacer algo para mejorar la salud de las y los hermosillenses\u201d sostuvo To\u00f1o Astiazar\u00e1n.<\/p>\n<p>&nbsp;<\/p>\n<p>&nbsp;<\/p>\n<p>&nbsp;<\/p>\n<p>Estuvo acompa\u00f1ado por Eduardo Acu\u00f1a Padilla, Secretario del Ayuntamiento; Luis Becerra Hurtado, director de Salud P\u00fablica Municipal; Ram\u00f3n Corral Aguirre, Oficial Mayor; Ram\u00f3n Enr\u00edquez Robles Zepeda, secretario acad\u00e9mico de la UNISON; Edith Y\u00e1\u00f1ez S\u00e1nchez, rectora de UVM campus Hermosillo; Itzel Lourdes \u00c1lvarez Mungu\u00eda, coordinadora de Ciencias de la Salud de la UNIDEP; Germ\u00e1n R\u00edos Barcel\u00f3, rector de la Universidad ION; Karla Fabiola L\u00f3pez Ba\u00f1uelos, rectora de la Universidad Vizcaya Campus Hermosillo y Martha Alicia Barcel\u00f3 Grijalva, directora de la Universidad Durango Santander Hermosillo.<\/p>\n<p>&nbsp;<\/p>\n<p>&nbsp;<\/p>\n<p>&nbsp;<\/p>\n<p>*Los veh\u00edculos entregados son:*<\/p>\n<p>&nbsp;<\/p>\n<p>&#8211; Una nueva tipo Van 100% el\u00e9ctrica, con capacidad para 8 pasajeros, con rampa de adaptaci\u00f3n para personas con discapacidad, la cual se utilizar\u00e1 para el programa \u201cM\u00e9dico en tu casa\u201d haciendo recorridos y visitas domiciliarias.<\/p>\n<p>&nbsp;<\/p>\n<p>&#8211; Una unidad m\u00e9dica m\u00f3vil con tres consultorios, para proporcionar consulta m\u00e9dica general, atenci\u00f3n dental y ex\u00e1menes Papanicolau.<\/p>\n<p>&nbsp;<\/p>\n<p>&#8211; Un Pickup RAM 4&#215;4 con capacidad de 6 pasajeros, para acceso a todo tipo de terreno<\/p>\n<p>&nbsp;<\/p>\n<p>&#8211; Una unidad SUV 100% el\u00e9ctrica, con capacidad de 5 pasajeros, para promoci\u00f3n de salud, salud mental y acciones de salud p\u00fablica.<\/p>\n<p>&nbsp;<\/p>\n<p>&nbsp;<\/p>\n<p>&nbsp;<\/p>\n<p>Fuente: Direcci\u00f3n de Salud P\u00fablica Municipal.<\/p>\n<p><strong>Fecha de publicaci\u00f3n lunes 17 de marzo de 2025 <\/strong><\/p>\n","protected":false},"excerpt":{"rendered":"<p>HERMOSILLO, SONORA, MX. \u2014 Para fortalecer las acciones a favor de la salud de los&#8230;<\/p>\n","protected":false},"author":1,"featured_media":0,"comment_status":"open","ping_status":"open","sticky":false,"template":"","format":"standard","meta":{"_monsterinsights_skip_tracking":false,"_monsterinsights_sitenote_active":false,"_monsterinsights_sitenote_note":"","_monsterinsights_sitenote_category":0,"footnotes":""},"categories":[1],"tags":[],"class_list":["post"],"yoast_head":" \n<title>Sonora en Equipo. To\u00f1o Astiazar\u00e1n refuerza acciones de salud a favor de hermosillenses<\/title>\n<meta name=\"description\" content=\"HERMOSILLO, SONORA, MX. \u2014 Para fortalecer las acciones a favor de la salud de los hermosillenses, el presidente municipal Antonio Astiazar\u00e1n Guti\u00e9rrez En Sonora en Equipo publicamos toda la informaci\u00f3n de Sonora, M\u00e9xico y el Mundo de manera oportuna y busca que la libertad de expresi\u00f3n sea real. Visita nuestro medio informativo publicado desde Hermosillo, Sonora. %\" \/>\n<meta name=\"robots\" content=\"index, follow, max-snippet:-1, max-image-preview:large, max-video-preview:-1\" \/>\n<link rel=\"canonical\" href=\"https:\/\/www.sonoraenequipo.com.mx\/tono-astiazaran-refuerza-acciones-de-salud-a-favor-de-hermosillenses\/\" \/>\n<meta property=\"og:locale\" content=\"es_ES\" \/>\n<meta property=\"og:type\" content=\"article\" \/>\n<meta property=\"og:title\" content=\"Sonora en Equipo. To\u00f1o Astiazar\u00e1n refuerza acciones de salud a favor de hermosillenses\" \/>\n<meta property=\"og:description\" content=\"HERMOSILLO, SONORA, MX. \u2014 Para fortalecer las acciones a favor de la salud de los hermosillenses, el presidente municipal Antonio Astiazar\u00e1n Guti\u00e9rrez En Sonora en Equipo publicamos toda la informaci\u00f3n de Sonora, M\u00e9xico y el Mundo de manera oportuna y busca que la libertad de expresi\u00f3n sea real. Visita nuestro medio informativo publicado desde Hermosillo, Sonora. %\" \/>\n<meta property=\"og:url\" content=\"https:\/\/www.sonoraenequipo.com.mx\/tono-astiazaran-refuerza-acciones-de-salud-a-favor-de-hermosillenses\/\" \/>\n<meta property=\"og:site_name\" content=\"Sonora en Equipo.\" \/>\n<meta property=\"article:publisher\" content=\"https:\/\/www.facebook.com\/SonoraEE\/\" \/>\n<meta property=\"article:author\" content=\"https:\/\/www.facebook.com\/SonoraEE\" \/>\n<meta property=\"article:published_time\" content=\"2025-03-17T21:05:11+00:00\" \/>\n<meta name=\"author\" content=\"enequipo\" \/>\n<meta name=\"twitter:card\" content=\"summary_large_image\" \/>\n<meta name=\"twitter:creator\" content=\"@sonoraenequipo\" \/>\n<meta name=\"twitter:site\" content=\"@sonoraenequipo\" \/>\n<meta name=\"twitter:label1\" content=\"Escrito por\" \/>\n\t<meta name=\"twitter:data1\" content=\"enequipo\" \/>\n\t<meta name=\"twitter:label2\" content=\"Tiempo de lectura\" \/>\n\t<meta name=\"twitter:data2\" content=\"3 minutos\" \/>\n<script type=\"application\/ld+json\" class=\"yoast-schema-graph\">{\"@context\":\"https:\/\/schema.org\",\"@graph\":[{\"@type\":\"Article\",\"@id\":\"https:\/\/www.sonoraenequipo.com.mx\/tono-astiazaran-refuerza-acciones-de-salud-a-favor-de-hermosillenses\/#article\",\"isPartOf\":{\"@id\":\"https:\/\/www.sonoraenequipo.com.mx\/tono-astiazaran-refuerza-acciones-de-salud-a-favor-de-hermosillenses\/\"},\"author\":{\"name\":\"enequipo\",\"@id\":\"https:\/\/www.sonoraenequipo.com.mx\/#\/schema\/person\/50102df0fb23a8fa9e8effad8fa81386\"},\"headline\":\"To\u00f1o Astiazar\u00e1n refuerza acciones de salud a favor de hermosillenses\",\"datePublished\":\"2025-03-17T21:05:11+00:00\",\"mainEntityOfPage\":{\"@id\":\"https:\/\/www.sonoraenequipo.com.mx\/tono-astiazaran-refuerza-acciones-de-salud-a-favor-de-hermosillenses\/\"},\"wordCount\":647,\"commentCount\":0,\"publisher\":{\"@id\":\"https:\/\/www.sonoraenequipo.com.mx\/#organization\"},\"articleSection\":[\"Sin categorizar\"],\"inLanguage\":\"es\",\"potentialAction\":[{\"@type\":\"CommentAction\",\"name\":\"Comment\",\"target\":[\"https:\/\/www.sonoraenequipo.com.mx\/tono-astiazaran-refuerza-acciones-de-salud-a-favor-de-hermosillenses\/#respond\"]}]},{\"@type\":\"WebPage\",\"@id\":\"https:\/\/www.sonoraenequipo.com.mx\/tono-astiazaran-refuerza-acciones-de-salud-a-favor-de-hermosillenses\/\",\"url\":\"https:\/\/www.sonoraenequipo.com.mx\/tono-astiazaran-refuerza-acciones-de-salud-a-favor-de-hermosillenses\/\",\"name\":\"Sonora en Equipo. To\u00f1o Astiazar\u00e1n refuerza acciones de salud a favor de hermosillenses\",\"isPartOf\":{\"@id\":\"https:\/\/www.sonoraenequipo.com.mx\/#website\"},\"datePublished\":\"2025-03-17T21:05:11+00:00\",\"description\":\"HERMOSILLO, SONORA, MX. \u2014 Para fortalecer las acciones a favor de la salud de los hermosillenses, el presidente municipal Antonio Astiazar\u00e1n Guti\u00e9rrez En Sonora en Equipo publicamos toda la informaci\u00f3n de Sonora, M\u00e9xico y el Mundo de manera oportuna y busca que la libertad de expresi\u00f3n sea real. Visita nuestro medio informativo publicado desde Hermosillo, Sonora. %\",\"breadcrumb\":{\"@id\":\"https:\/\/www.sonoraenequipo.com.mx\/tono-astiazaran-refuerza-acciones-de-salud-a-favor-de-hermosillenses\/#breadcrumb\"},\"inLanguage\":\"es\",\"potentialAction\":[{\"@type\":\"ReadAction\",\"target\":[\"https:\/\/www.sonoraenequipo.com.mx\/tono-astiazaran-refuerza-acciones-de-salud-a-favor-de-hermosillenses\/\"]}]},{\"@type\":\"BreadcrumbList\",\"@id\":\"https:\/\/www.sonoraenequipo.com.mx\/tono-astiazaran-refuerza-acciones-de-salud-a-favor-de-hermosillenses\/#breadcrumb\",\"itemListElement\":[{\"@type\":\"ListItem\",\"position\":1,\"name\":\"Portada\",\"item\":\"https:\/\/www.sonoraenequipo.com.mx\/\"},{\"@type\":\"ListItem\",\"position\":2,\"name\":\"To\u00f1o Astiazar\u00e1n refuerza acciones de salud a favor de hermosillenses\"}]},{\"@type\":\"WebSite\",\"@id\":\"https:\/\/www.sonoraenequipo.com.mx\/#website\",\"url\":\"https:\/\/www.sonoraenequipo.com.mx\/\",\"name\":\"Sonora en Equipo.\",\"description\":\"Diario en l\u00ednea con Noticias desde Hermosillo, Sonora\",\"publisher\":{\"@id\":\"https:\/\/www.sonoraenequipo.com.mx\/#organization\"},\"potentialAction\":[{\"@type\":\"SearchAction\",\"target\":{\"@type\":\"EntryPoint\",\"urlTemplate\":\"https:\/\/www.sonoraenequipo.com.mx\/?s={search_term_string}\"},\"query-input\":{\"@type\":\"PropertyValueSpecification\",\"valueRequired\":true,\"valueName\":\"search_term_string\"}}],\"inLanguage\":\"es\"},{\"@type\":\"Organization\",\"@id\":\"https:\/\/www.sonoraenequipo.com.mx\/#organization\",\"name\":\"Sonoraenequipo.com.mx\",\"url\":\"https:\/\/www.sonoraenequipo.com.mx\/\",\"logo\":{\"@type\":\"ImageObject\",\"inLanguage\":\"es\",\"@id\":\"https:\/\/www.sonoraenequipo.com.mx\/#\/schema\/logo\/image\/\",\"url\":\"https:\/\/www.sonoraenequipo.com.mx\/storage\/2019\/01\/sonoraenequipo_opt.png\",\"contentUrl\":\"https:\/\/www.sonoraenequipo.com.mx\/storage\/2019\/01\/sonoraenequipo_opt.png\",\"width\":375,\"height\":125,\"caption\":\"Sonoraenequipo.com.mx\"},\"image\":{\"@id\":\"https:\/\/www.sonoraenequipo.com.mx\/#\/schema\/logo\/image\/\"},\"sameAs\":[\"https:\/\/www.facebook.com\/SonoraEE\/\",\"https:\/\/x.com\/sonoraenequipo\",\"https:\/\/www.youtube.com\/channel\/UC338nW-lPEYmJQs4ZABQ1SQ\"]},{\"@type\":\"Person\",\"@id\":\"https:\/\/www.sonoraenequipo.com.mx\/#\/schema\/person\/50102df0fb23a8fa9e8effad8fa81386\",\"name\":\"enequipo\",\"image\":{\"@type\":\"ImageObject\",\"inLanguage\":\"es\",\"@id\":\"https:\/\/www.sonoraenequipo.com.mx\/#\/schema\/person\/image\/\",\"url\":\"https:\/\/secure.gravatar.com\/avatar\/049821681b589dabc0bc20695993ccebb09f5b5d4d790cd9251b97faac7c652b?s=96&d=blank&r=g\",\"contentUrl\":\"https:\/\/secure.gravatar.com\/avatar\/049821681b589dabc0bc20695993ccebb09f5b5d4d790cd9251b97faac7c652b?s=96&d=blank&r=g\",\"caption\":\"enequipo\"},\"sameAs\":[\"https:\/\/www.facebook.com\/SonoraEE\"]}]}<\/script>\n ","yoast_head_json":{"title":"Sonora en Equipo. To\u00f1o Astiazar\u00e1n refuerza acciones de salud a favor de hermosillenses","description":"HERMOSILLO, SONORA, MX. \u2014 Para fortalecer las acciones a favor de la salud de los hermosillenses, el presidente municipal Antonio Astiazar\u00e1n Guti\u00e9rrez En Sonora en Equipo publicamos toda la informaci\u00f3n de Sonora, M\u00e9xico y el Mundo de manera oportuna y busca que la libertad de expresi\u00f3n sea real. Visita nuestro medio informativo publicado desde Hermosillo, Sonora. %","robots":{"index":"index","follow":"follow","max-snippet":"max-snippet:-1","max-image-preview":"max-image-preview:large","max-video-preview":"max-video-preview:-1"},"canonical":"https:\/\/www.sonoraenequipo.com.mx\/tono-astiazaran-refuerza-acciones-de-salud-a-favor-de-hermosillenses\/","og_locale":"es_ES","og_type":"article","og_title":"Sonora en Equipo. To\u00f1o Astiazar\u00e1n refuerza acciones de salud a favor de hermosillenses","og_description":"HERMOSILLO, SONORA, MX. \u2014 Para fortalecer las acciones a favor de la salud de los hermosillenses, el presidente municipal Antonio Astiazar\u00e1n Guti\u00e9rrez En Sonora en Equipo publicamos toda la informaci\u00f3n de Sonora, M\u00e9xico y el Mundo de manera oportuna y busca que la libertad de expresi\u00f3n sea real. Visita nuestro medio informativo publicado desde Hermosillo, Sonora. %","og_url":"https:\/\/www.sonoraenequipo.com.mx\/tono-astiazaran-refuerza-acciones-de-salud-a-favor-de-hermosillenses\/","og_site_name":"Sonora en Equipo.","article_publisher":"https:\/\/www.facebook.com\/SonoraEE\/","article_author":"https:\/\/www.facebook.com\/SonoraEE","article_published_time":"2025-03-17T21:05:11+00:00","author":"enequipo","twitter_card":"summary_large_image","twitter_creator":"@sonoraenequipo","twitter_site":"@sonoraenequipo","twitter_misc":{"Escrito por":"enequipo","Tiempo de lectura":"3 minutos"},"schema":{"@context":"https:\/\/schema.org","@graph":[{"@type":"Article","@id":"https:\/\/www.sonoraenequipo.com.mx\/tono-astiazaran-refuerza-acciones-de-salud-a-favor-de-hermosillenses\/#article","isPartOf":{"@id":"https:\/\/www.sonoraenequipo.com.mx\/tono-astiazaran-refuerza-acciones-de-salud-a-favor-de-hermosillenses\/"},"author":{"name":"enequipo","@id":"https:\/\/www.sonoraenequipo.com.mx\/#\/schema\/person\/50102df0fb23a8fa9e8effad8fa81386"},"headline":"To\u00f1o Astiazar\u00e1n refuerza acciones de salud a favor de hermosillenses","datePublished":"2025-03-17T21:05:11+00:00","mainEntityOfPage":{"@id":"https:\/\/www.sonoraenequipo.com.mx\/tono-astiazaran-refuerza-acciones-de-salud-a-favor-de-hermosillenses\/"},"wordCount":647,"commentCount":0,"publisher":{"@id":"https:\/\/www.sonoraenequipo.com.mx\/#organization"},"articleSection":["Sin categorizar"],"inLanguage":"es","potentialAction":[{"@type":"CommentAction","name":"Comment","target":["https:\/\/www.sonoraenequipo.com.mx\/tono-astiazaran-refuerza-acciones-de-salud-a-favor-de-hermosillenses\/#respond"]}]},{"@type":"WebPage","@id":"https:\/\/www.sonoraenequipo.com.mx\/tono-astiazaran-refuerza-acciones-de-salud-a-favor-de-hermosillenses\/","url":"https:\/\/www.sonoraenequipo.com.mx\/tono-astiazaran-refuerza-acciones-de-salud-a-favor-de-hermosillenses\/","name":"Sonora en Equipo. To\u00f1o Astiazar\u00e1n refuerza acciones de salud a favor de hermosillenses","isPartOf":{"@id":"https:\/\/www.sonoraenequipo.com.mx\/#website"},"datePublished":"2025-03-17T21:05:11+00:00","description":"HERMOSILLO, SONORA, MX. \u2014 Para fortalecer las acciones a favor de la salud de los hermosillenses, el presidente municipal Antonio Astiazar\u00e1n Guti\u00e9rrez En Sonora en Equipo publicamos toda la informaci\u00f3n de Sonora, M\u00e9xico y el Mundo de manera oportuna y busca que la libertad de expresi\u00f3n sea real. Visita nuestro medio informativo publicado desde Hermosillo, Sonora. %","breadcrumb":{"@id":"https:\/\/www.sonoraenequipo.com.mx\/tono-astiazaran-refuerza-acciones-de-salud-a-favor-de-hermosillenses\/#breadcrumb"},"inLanguage":"es","potentialAction":[{"@type":"ReadAction","target":["https:\/\/www.sonoraenequipo.com.mx\/tono-astiazaran-refuerza-acciones-de-salud-a-favor-de-hermosillenses\/"]}]},{"@type":"BreadcrumbList","@id":"https:\/\/www.sonoraenequipo.com.mx\/tono-astiazaran-refuerza-acciones-de-salud-a-favor-de-hermosillenses\/#breadcrumb","itemListElement":[{"@type":"ListItem","position":1,"name":"Portada","item":"https:\/\/www.sonoraenequipo.com.mx\/"},{"@type":"ListItem","position":2,"name":"To\u00f1o Astiazar\u00e1n refuerza acciones de salud a favor de hermosillenses"}]},{"@type":"WebSite","@id":"https:\/\/www.sonoraenequipo.com.mx\/#website","url":"https:\/\/www.sonoraenequipo.com.mx\/","name":"Sonora en Equipo.","description":"Diario en l\u00ednea con Noticias desde Hermosillo, Sonora","publisher":{"@id":"https:\/\/www.sonoraenequipo.com.mx\/#organization"},"potentialAction":[{"@type":"SearchAction","target":{"@type":"EntryPoint","urlTemplate":"https:\/\/www.sonoraenequipo.com.mx\/?s={search_term_string}"},"query-input":{"@type":"PropertyValueSpecification","valueRequired":true,"valueName":"search_term_string"}}],"inLanguage":"es"},{"@type":"Organization","@id":"https:\/\/www.sonoraenequipo.com.mx\/#organization","name":"Sonoraenequipo.com.mx","url":"https:\/\/www.sonoraenequipo.com.mx\/","logo":{"@type":"ImageObject","inLanguage":"es","@id":"https:\/\/www.sonoraenequipo.com.mx\/#\/schema\/logo\/image\/","url":"https:\/\/www.sonoraenequipo.com.mx\/storage\/2019\/01\/sonoraenequipo_opt.png","contentUrl":"https:\/\/www.sonoraenequipo.com.mx\/storage\/2019\/01\/sonoraenequipo_opt.png","width":375,"height":125,"caption":"Sonoraenequipo.com.mx"},"image":{"@id":"https:\/\/www.sonoraenequipo.com.mx\/#\/schema\/logo\/image\/"},"sameAs":["https:\/\/www.facebook.com\/SonoraEE\/","https:\/\/x.com\/sonoraenequipo","https:\/\/www.youtube.com\/channel\/UC338nW-lPEYmJQs4ZABQ1SQ"]},{"@type":"Person","@id":"https:\/\/www.sonoraenequipo.com.mx\/#\/schema\/person\/50102df0fb23a8fa9e8effad8fa81386","name":"enequipo","image":{"@type":"ImageObject","inLanguage":"es","@id":"https:\/\/www.sonoraenequipo.com.mx\/#\/schema\/person\/image\/","url":"https:\/\/secure.gravatar.com\/avatar\/049821681b589dabc0bc20695993ccebb09f5b5d4d790cd9251b97faac7c652b?s=96&d=blank&r=g","contentUrl":"https:\/\/secure.gravatar.com\/avatar\/049821681b589dabc0bc20695993ccebb09f5b5d4d790cd9251b97faac7c652b?s=96&d=blank&r=g","caption":"enequipo"},"sameAs":["https:\/\/www.facebook.com\/SonoraEE"]}]}},"jetpack_featured_media_url":"","_links":{"self":[{"href":"https:\/\/www.sonoraenequipo.com.mx\/api\/wp\/v2\/posts\/211716","targetHints":{"allow":["GET"]}}],"collection":[{"href":"https:\/\/www.sonoraenequipo.com.mx\/api\/wp\/v2\/posts"}],"about":[{"href":"https:\/\/www.sonoraenequipo.com.mx\/api\/wp\/v2\/types\/post"}],"author":[{"embeddable":true,"href":"https:\/\/www.sonoraenequipo.com.mx\/api\/wp\/v2\/users\/1"}],"replies":[{"embeddable":true,"href":"https:\/\/www.sonoraenequipo.com.mx\/api\/wp\/v2\/comments?post=211716"}],"version-history":[{"count":1,"href":"https:\/\/www.sonoraenequipo.com.mx\/api\/wp\/v2\/posts\/211716\/revisions"}],"predecessor-version":[{"id":211717,"href":"https:\/\/www.sonoraenequipo.com.mx\/api\/wp\/v2\/posts\/211716\/revisions\/211717"}],"wp:attachment":[{"href":"https:\/\/www.sonoraenequipo.com.mx\/api\/wp\/v2\/media?parent=211716"}],"wp:term":[{"taxonomy":"category","embeddable":true,"href":"https:\/\/www.sonoraenequipo.com.mx\/api\/wp\/v2\/categories?post=211716"},{"taxonomy":"post_tag","embeddable":true,"href":"https:\/\/www.sonoraenequipo.com.mx\/api\/wp\/v2\/tags?post=211716"}],"curies":[{"name":"wp","href":"https:\/\/api.w.org\/{rel}","templated":true}]}}