{"id":211718,"date":"2025-03-17T14:10:48","date_gmt":"2025-03-17T21:10:48","guid":{"rendered":"https:\/\/www.sonoraenequipo.com.mx\/?p=211718"},"modified":"2025-03-17T14:10:48","modified_gmt":"2025-03-17T21:10:48","slug":"pesp-ha-detenido-a-mil-192-personas-por-violencia-familiar-de-2021-a-la-fecha","status":"publish","type":"post","link":"https:\/\/www.sonoraenequipo.com.mx\/pesp-ha-detenido-a-mil-192-personas-por-violencia-familiar-de-2021-a-la-fecha\/","title":{"rendered":"PESP ha detenido a mil 192 personas por violencia familiar de 2021 a la fecha"},"content":{"rendered":"<p><strong>HERMOSILLO, SONORA, MX.<\/strong> \u2014 Con las acciones que promueve el Gobierno de Sonora para el seguimiento de los reportes por violencia familiar, la Secretar\u00eda de Seguridad P\u00fablica (SSP) ha registrado la detenci\u00f3n de mil 192 personas por este delito, de noviembre de 2021 a la fecha, inform\u00f3 V\u00edctor Hugo Enr\u00edquez Garc\u00eda.<\/p>\n<p>&nbsp;<\/p>\n<p>&nbsp;<\/p>\n<p>&nbsp;<\/p>\n<p>El titular de la SSP indic\u00f3 que, en seguimiento a reportes por violencia familiar, la Polic\u00eda Estatal de Seguridad P\u00fablica (PESP) ha brindado atenci\u00f3n a las v\u00edctimas e intervenido para detener a quienes cometen este delito, contando con personal especializado en el Sistema de Atenci\u00f3n a la Violencia Familiar y de G\u00e9nero (SALVA).<\/p>\n<p>&nbsp;<\/p>\n<p>&nbsp;<\/p>\n<p>&nbsp;<\/p>\n<p>Asegur\u00f3 que, desde noviembre de 2021 a lo que va de marzo de 2025, han detenido a mil 192 personas, de las cuales se ha identificado que el 70 por ciento cuenta con antecedentes delictivos.<\/p>\n<p>&nbsp;<\/p>\n<p>&nbsp;<\/p>\n<p>&nbsp;<\/p>\n<p>Dentro de la SSP se cuenta con la divisi\u00f3n Salva PESP, grupo especializado para dar seguimiento a las denuncias, y que adem\u00e1s, se contin\u00faa con el trabajo para que la poblaci\u00f3n est\u00e9 informada y reporte este delito a la l\u00ednea de emergencias 9-1-1, donde se cuenta con un protocolo para dar atenci\u00f3n inmediata a las v\u00edctimas, detall\u00f3.<\/p>\n<p>&nbsp;<\/p>\n<p>&nbsp;<\/p>\n<p>&nbsp;<\/p>\n<p>Los detenidos se presumen inocentes mientras no se declare su responsabilidad mediante sentencia emitida por el \u00f3rgano jurisdiccional (Art. 13 del CNPP).<\/p>\n<p><strong>Fecha de publicaci\u00f3n lunes 17 de marzo de 2025 <\/strong><\/p>\n","protected":false},"excerpt":{"rendered":"<p>HERMOSILLO, SONORA, MX. \u2014 Con las acciones que promueve el Gobierno de Sonora para el&#8230;<\/p>\n","protected":false},"author":1,"featured_media":161590,"comment_status":"open","ping_status":"open","sticky":false,"template":"","format":"standard","meta":{"_monsterinsights_skip_tracking":false,"_monsterinsights_sitenote_active":false,"_monsterinsights_sitenote_note":"","_monsterinsights_sitenote_category":0,"footnotes":""},"categories":[22],"tags":[3823,369],"class_list":["post"],"yoast_head":" \n<title>Sonora en Equipo. PESP ha detenido a mil 192 personas por violencia familiar de 2021 a la fecha Sonora<\/title>\n<meta name=\"description\" content=\"HERMOSILLO, SONORA, MX. \u2014 Con las acciones que promueve el Gobierno de Sonora para el seguimiento de los reportes por violencia familiar, la Secretar\u00eda de En Sonora en Equipo publicamos toda la informaci\u00f3n de Sonora, M\u00e9xico y el Mundo de manera oportuna y busca que la libertad de expresi\u00f3n sea real. Visita nuestro medio informativo publicado desde Hermosillo, Sonora. %\" \/>\n<meta name=\"robots\" content=\"index, follow, max-snippet:-1, max-image-preview:large, max-video-preview:-1\" \/>\n<link rel=\"canonical\" href=\"https:\/\/www.sonoraenequipo.com.mx\/pesp-ha-detenido-a-mil-192-personas-por-violencia-familiar-de-2021-a-la-fecha\/\" \/>\n<meta property=\"og:locale\" content=\"es_ES\" \/>\n<meta property=\"og:type\" content=\"article\" \/>\n<meta property=\"og:title\" content=\"Sonora en Equipo. PESP ha detenido a mil 192 personas por violencia familiar de 2021 a la fecha Sonora\" \/>\n<meta property=\"og:description\" content=\"HERMOSILLO, SONORA, MX. \u2014 Con las acciones que promueve el Gobierno de Sonora para el seguimiento de los reportes por violencia familiar, la Secretar\u00eda de En Sonora en Equipo publicamos toda la informaci\u00f3n de Sonora, M\u00e9xico y el Mundo de manera oportuna y busca que la libertad de expresi\u00f3n sea real. Visita nuestro medio informativo publicado desde Hermosillo, Sonora. %\" \/>\n<meta property=\"og:url\" content=\"https:\/\/www.sonoraenequipo.com.mx\/pesp-ha-detenido-a-mil-192-personas-por-violencia-familiar-de-2021-a-la-fecha\/\" \/>\n<meta property=\"og:site_name\" content=\"Sonora en Equipo.\" \/>\n<meta property=\"article:publisher\" content=\"https:\/\/www.facebook.com\/SonoraEE\/\" \/>\n<meta property=\"article:author\" content=\"https:\/\/www.facebook.com\/SonoraEE\" \/>\n<meta property=\"article:published_time\" content=\"2025-03-17T21:10:48+00:00\" \/>\n<meta property=\"og:image\" content=\"https:\/\/www.sonoraenequipo.com.mx\/storage\/2023\/03\/violencia_familiar...-min.jpg\" \/>\n\t<meta property=\"og:image:width\" content=\"900\" \/>\n\t<meta property=\"og:image:height\" content=\"506\" \/>\n\t<meta property=\"og:image:type\" content=\"image\/jpeg\" \/>\n<meta name=\"author\" content=\"enequipo\" \/>\n<meta name=\"twitter:card\" content=\"summary_large_image\" \/>\n<meta name=\"twitter:creator\" content=\"@sonoraenequipo\" \/>\n<meta name=\"twitter:site\" content=\"@sonoraenequipo\" \/>\n<meta name=\"twitter:label1\" content=\"Escrito por\" \/>\n\t<meta name=\"twitter:data1\" content=\"enequipo\" \/>\n\t<meta name=\"twitter:label2\" content=\"Tiempo de lectura\" \/>\n\t<meta name=\"twitter:data2\" content=\"1 minuto\" \/>\n<script type=\"application\/ld+json\" class=\"yoast-schema-graph\">{\"@context\":\"https:\/\/schema.org\",\"@graph\":[{\"@type\":\"Article\",\"@id\":\"https:\/\/www.sonoraenequipo.com.mx\/pesp-ha-detenido-a-mil-192-personas-por-violencia-familiar-de-2021-a-la-fecha\/#article\",\"isPartOf\":{\"@id\":\"https:\/\/www.sonoraenequipo.com.mx\/pesp-ha-detenido-a-mil-192-personas-por-violencia-familiar-de-2021-a-la-fecha\/\"},\"author\":{\"name\":\"enequipo\",\"@id\":\"https:\/\/www.sonoraenequipo.com.mx\/#\/schema\/person\/50102df0fb23a8fa9e8effad8fa81386\"},\"headline\":\"PESP ha detenido a mil 192 personas por violencia familiar de 2021 a la fecha\",\"datePublished\":\"2025-03-17T21:10:48+00:00\",\"mainEntityOfPage\":{\"@id\":\"https:\/\/www.sonoraenequipo.com.mx\/pesp-ha-detenido-a-mil-192-personas-por-violencia-familiar-de-2021-a-la-fecha\/\"},\"wordCount\":263,\"commentCount\":0,\"publisher\":{\"@id\":\"https:\/\/www.sonoraenequipo.com.mx\/#organization\"},\"image\":{\"@id\":\"https:\/\/www.sonoraenequipo.com.mx\/pesp-ha-detenido-a-mil-192-personas-por-violencia-familiar-de-2021-a-la-fecha\/#primaryimage\"},\"thumbnailUrl\":\"https:\/\/www.sonoraenequipo.com.mx\/storage\/2023\/03\/violencia_familiar...-min.jpg\",\"keywords\":[\"familiar\",\"violencia\"],\"articleSection\":[\"Sonora\"],\"inLanguage\":\"es\",\"potentialAction\":[{\"@type\":\"CommentAction\",\"name\":\"Comment\",\"target\":[\"https:\/\/www.sonoraenequipo.com.mx\/pesp-ha-detenido-a-mil-192-personas-por-violencia-familiar-de-2021-a-la-fecha\/#respond\"]}]},{\"@type\":\"WebPage\",\"@id\":\"https:\/\/www.sonoraenequipo.com.mx\/pesp-ha-detenido-a-mil-192-personas-por-violencia-familiar-de-2021-a-la-fecha\/\",\"url\":\"https:\/\/www.sonoraenequipo.com.mx\/pesp-ha-detenido-a-mil-192-personas-por-violencia-familiar-de-2021-a-la-fecha\/\",\"name\":\"Sonora en Equipo. PESP ha detenido a mil 192 personas por violencia familiar de 2021 a la fecha Sonora\",\"isPartOf\":{\"@id\":\"https:\/\/www.sonoraenequipo.com.mx\/#website\"},\"primaryImageOfPage\":{\"@id\":\"https:\/\/www.sonoraenequipo.com.mx\/pesp-ha-detenido-a-mil-192-personas-por-violencia-familiar-de-2021-a-la-fecha\/#primaryimage\"},\"image\":{\"@id\":\"https:\/\/www.sonoraenequipo.com.mx\/pesp-ha-detenido-a-mil-192-personas-por-violencia-familiar-de-2021-a-la-fecha\/#primaryimage\"},\"thumbnailUrl\":\"https:\/\/www.sonoraenequipo.com.mx\/storage\/2023\/03\/violencia_familiar...-min.jpg\",\"datePublished\":\"2025-03-17T21:10:48+00:00\",\"description\":\"HERMOSILLO, SONORA, MX. \u2014 Con las acciones que promueve el Gobierno de Sonora para el seguimiento de los reportes por violencia familiar, la Secretar\u00eda de En Sonora en Equipo publicamos toda la informaci\u00f3n de Sonora, M\u00e9xico y el Mundo de manera oportuna y busca que la libertad de expresi\u00f3n sea real. Visita nuestro medio informativo publicado desde Hermosillo, Sonora. %\",\"breadcrumb\":{\"@id\":\"https:\/\/www.sonoraenequipo.com.mx\/pesp-ha-detenido-a-mil-192-personas-por-violencia-familiar-de-2021-a-la-fecha\/#breadcrumb\"},\"inLanguage\":\"es\",\"potentialAction\":[{\"@type\":\"ReadAction\",\"target\":[\"https:\/\/www.sonoraenequipo.com.mx\/pesp-ha-detenido-a-mil-192-personas-por-violencia-familiar-de-2021-a-la-fecha\/\"]}]},{\"@type\":\"ImageObject\",\"inLanguage\":\"es\",\"@id\":\"https:\/\/www.sonoraenequipo.com.mx\/pesp-ha-detenido-a-mil-192-personas-por-violencia-familiar-de-2021-a-la-fecha\/#primaryimage\",\"url\":\"https:\/\/www.sonoraenequipo.com.mx\/storage\/2023\/03\/violencia_familiar...-min.jpg\",\"contentUrl\":\"https:\/\/www.sonoraenequipo.com.mx\/storage\/2023\/03\/violencia_familiar...-min.jpg\",\"width\":900,\"height\":506,\"caption\":\"Imagen para ilustrar,archivo\"},{\"@type\":\"BreadcrumbList\",\"@id\":\"https:\/\/www.sonoraenequipo.com.mx\/pesp-ha-detenido-a-mil-192-personas-por-violencia-familiar-de-2021-a-la-fecha\/#breadcrumb\",\"itemListElement\":[{\"@type\":\"ListItem\",\"position\":1,\"name\":\"Portada\",\"item\":\"https:\/\/www.sonoraenequipo.com.mx\/\"},{\"@type\":\"ListItem\",\"position\":2,\"name\":\"PESP ha detenido a mil 192 personas por violencia familiar de 2021 a la fecha\"}]},{\"@type\":\"WebSite\",\"@id\":\"https:\/\/www.sonoraenequipo.com.mx\/#website\",\"url\":\"https:\/\/www.sonoraenequipo.com.mx\/\",\"name\":\"Sonora en Equipo.\",\"description\":\"Diario en l\u00ednea con Noticias desde Hermosillo, Sonora\",\"publisher\":{\"@id\":\"https:\/\/www.sonoraenequipo.com.mx\/#organization\"},\"potentialAction\":[{\"@type\":\"SearchAction\",\"target\":{\"@type\":\"EntryPoint\",\"urlTemplate\":\"https:\/\/www.sonoraenequipo.com.mx\/?s={search_term_string}\"},\"query-input\":{\"@type\":\"PropertyValueSpecification\",\"valueRequired\":true,\"valueName\":\"search_term_string\"}}],\"inLanguage\":\"es\"},{\"@type\":\"Organization\",\"@id\":\"https:\/\/www.sonoraenequipo.com.mx\/#organization\",\"name\":\"Sonoraenequipo.com.mx\",\"url\":\"https:\/\/www.sonoraenequipo.com.mx\/\",\"logo\":{\"@type\":\"ImageObject\",\"inLanguage\":\"es\",\"@id\":\"https:\/\/www.sonoraenequipo.com.mx\/#\/schema\/logo\/image\/\",\"url\":\"https:\/\/www.sonoraenequipo.com.mx\/storage\/2019\/01\/sonoraenequipo_opt.png\",\"contentUrl\":\"https:\/\/www.sonoraenequipo.com.mx\/storage\/2019\/01\/sonoraenequipo_opt.png\",\"width\":375,\"height\":125,\"caption\":\"Sonoraenequipo.com.mx\"},\"image\":{\"@id\":\"https:\/\/www.sonoraenequipo.com.mx\/#\/schema\/logo\/image\/\"},\"sameAs\":[\"https:\/\/www.facebook.com\/SonoraEE\/\",\"https:\/\/x.com\/sonoraenequipo\",\"https:\/\/www.youtube.com\/channel\/UC338nW-lPEYmJQs4ZABQ1SQ\"]},{\"@type\":\"Person\",\"@id\":\"https:\/\/www.sonoraenequipo.com.mx\/#\/schema\/person\/50102df0fb23a8fa9e8effad8fa81386\",\"name\":\"enequipo\",\"image\":{\"@type\":\"ImageObject\",\"inLanguage\":\"es\",\"@id\":\"https:\/\/www.sonoraenequipo.com.mx\/#\/schema\/person\/image\/\",\"url\":\"https:\/\/secure.gravatar.com\/avatar\/049821681b589dabc0bc20695993ccebb09f5b5d4d790cd9251b97faac7c652b?s=96&d=blank&r=g\",\"contentUrl\":\"https:\/\/secure.gravatar.com\/avatar\/049821681b589dabc0bc20695993ccebb09f5b5d4d790cd9251b97faac7c652b?s=96&d=blank&r=g\",\"caption\":\"enequipo\"},\"sameAs\":[\"https:\/\/www.facebook.com\/SonoraEE\"]}]}<\/script>\n ","yoast_head_json":{"title":"Sonora en Equipo. PESP ha detenido a mil 192 personas por violencia familiar de 2021 a la fecha Sonora","description":"HERMOSILLO, SONORA, MX. \u2014 Con las acciones que promueve el Gobierno de Sonora para el seguimiento de los reportes por violencia familiar, la Secretar\u00eda de En Sonora en Equipo publicamos toda la informaci\u00f3n de Sonora, M\u00e9xico y el Mundo de manera oportuna y busca que la libertad de expresi\u00f3n sea real. Visita nuestro medio informativo publicado desde Hermosillo, Sonora. %","robots":{"index":"index","follow":"follow","max-snippet":"max-snippet:-1","max-image-preview":"max-image-preview:large","max-video-preview":"max-video-preview:-1"},"canonical":"https:\/\/www.sonoraenequipo.com.mx\/pesp-ha-detenido-a-mil-192-personas-por-violencia-familiar-de-2021-a-la-fecha\/","og_locale":"es_ES","og_type":"article","og_title":"Sonora en Equipo. PESP ha detenido a mil 192 personas por violencia familiar de 2021 a la fecha Sonora","og_description":"HERMOSILLO, SONORA, MX. \u2014 Con las acciones que promueve el Gobierno de Sonora para el seguimiento de los reportes por violencia familiar, la Secretar\u00eda de En Sonora en Equipo publicamos toda la informaci\u00f3n de Sonora, M\u00e9xico y el Mundo de manera oportuna y busca que la libertad de expresi\u00f3n sea real. Visita nuestro medio informativo publicado desde Hermosillo, Sonora. %","og_url":"https:\/\/www.sonoraenequipo.com.mx\/pesp-ha-detenido-a-mil-192-personas-por-violencia-familiar-de-2021-a-la-fecha\/","og_site_name":"Sonora en Equipo.","article_publisher":"https:\/\/www.facebook.com\/SonoraEE\/","article_author":"https:\/\/www.facebook.com\/SonoraEE","article_published_time":"2025-03-17T21:10:48+00:00","og_image":[{"width":900,"height":506,"url":"https:\/\/www.sonoraenequipo.com.mx\/storage\/2023\/03\/violencia_familiar...-min.jpg","type":"image\/jpeg"}],"author":"enequipo","twitter_card":"summary_large_image","twitter_creator":"@sonoraenequipo","twitter_site":"@sonoraenequipo","twitter_misc":{"Escrito por":"enequipo","Tiempo de lectura":"1 minuto"},"schema":{"@context":"https:\/\/schema.org","@graph":[{"@type":"Article","@id":"https:\/\/www.sonoraenequipo.com.mx\/pesp-ha-detenido-a-mil-192-personas-por-violencia-familiar-de-2021-a-la-fecha\/#article","isPartOf":{"@id":"https:\/\/www.sonoraenequipo.com.mx\/pesp-ha-detenido-a-mil-192-personas-por-violencia-familiar-de-2021-a-la-fecha\/"},"author":{"name":"enequipo","@id":"https:\/\/www.sonoraenequipo.com.mx\/#\/schema\/person\/50102df0fb23a8fa9e8effad8fa81386"},"headline":"PESP ha detenido a mil 192 personas por violencia familiar de 2021 a la fecha","datePublished":"2025-03-17T21:10:48+00:00","mainEntityOfPage":{"@id":"https:\/\/www.sonoraenequipo.com.mx\/pesp-ha-detenido-a-mil-192-personas-por-violencia-familiar-de-2021-a-la-fecha\/"},"wordCount":263,"commentCount":0,"publisher":{"@id":"https:\/\/www.sonoraenequipo.com.mx\/#organization"},"image":{"@id":"https:\/\/www.sonoraenequipo.com.mx\/pesp-ha-detenido-a-mil-192-personas-por-violencia-familiar-de-2021-a-la-fecha\/#primaryimage"},"thumbnailUrl":"https:\/\/www.sonoraenequipo.com.mx\/storage\/2023\/03\/violencia_familiar...-min.jpg","keywords":["familiar","violencia"],"articleSection":["Sonora"],"inLanguage":"es","potentialAction":[{"@type":"CommentAction","name":"Comment","target":["https:\/\/www.sonoraenequipo.com.mx\/pesp-ha-detenido-a-mil-192-personas-por-violencia-familiar-de-2021-a-la-fecha\/#respond"]}]},{"@type":"WebPage","@id":"https:\/\/www.sonoraenequipo.com.mx\/pesp-ha-detenido-a-mil-192-personas-por-violencia-familiar-de-2021-a-la-fecha\/","url":"https:\/\/www.sonoraenequipo.com.mx\/pesp-ha-detenido-a-mil-192-personas-por-violencia-familiar-de-2021-a-la-fecha\/","name":"Sonora en Equipo. PESP ha detenido a mil 192 personas por violencia familiar de 2021 a la fecha Sonora","isPartOf":{"@id":"https:\/\/www.sonoraenequipo.com.mx\/#website"},"primaryImageOfPage":{"@id":"https:\/\/www.sonoraenequipo.com.mx\/pesp-ha-detenido-a-mil-192-personas-por-violencia-familiar-de-2021-a-la-fecha\/#primaryimage"},"image":{"@id":"https:\/\/www.sonoraenequipo.com.mx\/pesp-ha-detenido-a-mil-192-personas-por-violencia-familiar-de-2021-a-la-fecha\/#primaryimage"},"thumbnailUrl":"https:\/\/www.sonoraenequipo.com.mx\/storage\/2023\/03\/violencia_familiar...-min.jpg","datePublished":"2025-03-17T21:10:48+00:00","description":"HERMOSILLO, SONORA, MX. \u2014 Con las acciones que promueve el Gobierno de Sonora para el seguimiento de los reportes por violencia familiar, la Secretar\u00eda de En Sonora en Equipo publicamos toda la informaci\u00f3n de Sonora, M\u00e9xico y el Mundo de manera oportuna y busca que la libertad de expresi\u00f3n sea real. Visita nuestro medio informativo publicado desde Hermosillo, Sonora. %","breadcrumb":{"@id":"https:\/\/www.sonoraenequipo.com.mx\/pesp-ha-detenido-a-mil-192-personas-por-violencia-familiar-de-2021-a-la-fecha\/#breadcrumb"},"inLanguage":"es","potentialAction":[{"@type":"ReadAction","target":["https:\/\/www.sonoraenequipo.com.mx\/pesp-ha-detenido-a-mil-192-personas-por-violencia-familiar-de-2021-a-la-fecha\/"]}]},{"@type":"ImageObject","inLanguage":"es","@id":"https:\/\/www.sonoraenequipo.com.mx\/pesp-ha-detenido-a-mil-192-personas-por-violencia-familiar-de-2021-a-la-fecha\/#primaryimage","url":"https:\/\/www.sonoraenequipo.com.mx\/storage\/2023\/03\/violencia_familiar...-min.jpg","contentUrl":"https:\/\/www.sonoraenequipo.com.mx\/storage\/2023\/03\/violencia_familiar...-min.jpg","width":900,"height":506,"caption":"Imagen para ilustrar,archivo"},{"@type":"BreadcrumbList","@id":"https:\/\/www.sonoraenequipo.com.mx\/pesp-ha-detenido-a-mil-192-personas-por-violencia-familiar-de-2021-a-la-fecha\/#breadcrumb","itemListElement":[{"@type":"ListItem","position":1,"name":"Portada","item":"https:\/\/www.sonoraenequipo.com.mx\/"},{"@type":"ListItem","position":2,"name":"PESP ha detenido a mil 192 personas por violencia familiar de 2021 a la fecha"}]},{"@type":"WebSite","@id":"https:\/\/www.sonoraenequipo.com.mx\/#website","url":"https:\/\/www.sonoraenequipo.com.mx\/","name":"Sonora en Equipo.","description":"Diario en l\u00ednea con Noticias desde Hermosillo, Sonora","publisher":{"@id":"https:\/\/www.sonoraenequipo.com.mx\/#organization"},"potentialAction":[{"@type":"SearchAction","target":{"@type":"EntryPoint","urlTemplate":"https:\/\/www.sonoraenequipo.com.mx\/?s={search_term_string}"},"query-input":{"@type":"PropertyValueSpecification","valueRequired":true,"valueName":"search_term_string"}}],"inLanguage":"es"},{"@type":"Organization","@id":"https:\/\/www.sonoraenequipo.com.mx\/#organization","name":"Sonoraenequipo.com.mx","url":"https:\/\/www.sonoraenequipo.com.mx\/","logo":{"@type":"ImageObject","inLanguage":"es","@id":"https:\/\/www.sonoraenequipo.com.mx\/#\/schema\/logo\/image\/","url":"https:\/\/www.sonoraenequipo.com.mx\/storage\/2019\/01\/sonoraenequipo_opt.png","contentUrl":"https:\/\/www.sonoraenequipo.com.mx\/storage\/2019\/01\/sonoraenequipo_opt.png","width":375,"height":125,"caption":"Sonoraenequipo.com.mx"},"image":{"@id":"https:\/\/www.sonoraenequipo.com.mx\/#\/schema\/logo\/image\/"},"sameAs":["https:\/\/www.facebook.com\/SonoraEE\/","https:\/\/x.com\/sonoraenequipo","https:\/\/www.youtube.com\/channel\/UC338nW-lPEYmJQs4ZABQ1SQ"]},{"@type":"Person","@id":"https:\/\/www.sonoraenequipo.com.mx\/#\/schema\/person\/50102df0fb23a8fa9e8effad8fa81386","name":"enequipo","image":{"@type":"ImageObject","inLanguage":"es","@id":"https:\/\/www.sonoraenequipo.com.mx\/#\/schema\/person\/image\/","url":"https:\/\/secure.gravatar.com\/avatar\/049821681b589dabc0bc20695993ccebb09f5b5d4d790cd9251b97faac7c652b?s=96&d=blank&r=g","contentUrl":"https:\/\/secure.gravatar.com\/avatar\/049821681b589dabc0bc20695993ccebb09f5b5d4d790cd9251b97faac7c652b?s=96&d=blank&r=g","caption":"enequipo"},"sameAs":["https:\/\/www.facebook.com\/SonoraEE"]}]}},"jetpack_featured_media_url":"https:\/\/www.sonoraenequipo.com.mx\/storage\/2023\/03\/violencia_familiar...-min.jpg","_links":{"self":[{"href":"https:\/\/www.sonoraenequipo.com.mx\/api\/wp\/v2\/posts\/211718","targetHints":{"allow":["GET"]}}],"collection":[{"href":"https:\/\/www.sonoraenequipo.com.mx\/api\/wp\/v2\/posts"}],"about":[{"href":"https:\/\/www.sonoraenequipo.com.mx\/api\/wp\/v2\/types\/post"}],"author":[{"embeddable":true,"href":"https:\/\/www.sonoraenequipo.com.mx\/api\/wp\/v2\/users\/1"}],"replies":[{"embeddable":true,"href":"https:\/\/www.sonoraenequipo.com.mx\/api\/wp\/v2\/comments?post=211718"}],"version-history":[{"count":1,"href":"https:\/\/www.sonoraenequipo.com.mx\/api\/wp\/v2\/posts\/211718\/revisions"}],"predecessor-version":[{"id":211719,"href":"https:\/\/www.sonoraenequipo.com.mx\/api\/wp\/v2\/posts\/211718\/revisions\/211719"}],"wp:featuredmedia":[{"embeddable":true,"href":"https:\/\/www.sonoraenequipo.com.mx\/api\/wp\/v2\/media\/161590"}],"wp:attachment":[{"href":"https:\/\/www.sonoraenequipo.com.mx\/api\/wp\/v2\/media?parent=211718"}],"wp:term":[{"taxonomy":"category","embeddable":true,"href":"https:\/\/www.sonoraenequipo.com.mx\/api\/wp\/v2\/categories?post=211718"},{"taxonomy":"post_tag","embeddable":true,"href":"https:\/\/www.sonoraenequipo.com.mx\/api\/wp\/v2\/tags?post=211718"}],"curies":[{"name":"wp","href":"https:\/\/api.w.org\/{rel}","templated":true}]}}