{"id":211723,"date":"2025-03-17T14:53:11","date_gmt":"2025-03-17T21:53:11","guid":{"rendered":"https:\/\/www.sonoraenequipo.com.mx\/?p=211723"},"modified":"2025-03-17T14:53:11","modified_gmt":"2025-03-17T21:53:11","slug":"trump-silencia-la-voz-de-america-voa","status":"publish","type":"post","link":"https:\/\/www.sonoraenequipo.com.mx\/trump-silencia-la-voz-de-america-voa\/","title":{"rendered":"Trump silencia la Voz de Am\u00e9rica (VOA)"},"content":{"rendered":"<p>El presidente de Estados Unidos, Donald Trump, retir\u00f3 la financiaci\u00f3n estatal a Voice of Am\u00e9rica (VOA), la hist\u00f3rica cadena internacional para el extranjero, con m\u00e1s de 80 a\u00f1os de existencia, que se cre\u00f3 en 1942 para contrarrestar la propaganda nazi.<\/p>\n<p>&nbsp;<\/p>\n<p>Seg\u00fan una orden ejecutiva de la Casa Blanca del 14 de marzo de 2025, ocho agencias deben reducir sus actividades y su personal a un nivel m\u00ednimo. La segunda agencia mencionada es la Agencia de Estados Unidos para los Medios Globales (USAGM), responsable de las emisoras para el extranjero financiadas por el gobierno, como la Voz de Am\u00e9rica (VOA). Adem\u00e1s, USAGM financia a emisoras independientes, como Radio Free Europe\/Radio Liberty (RFE\/RL) y Radio Free Asia. Todas ellas transmiten informaci\u00f3n en casi 50 idiomas a unos 361 millones de personas, y ahora est\u00e1n en peligro de desaparecer.<\/p>\n<p>&nbsp;<\/p>\n<p><strong>Reporteros sin Fronteras: \u00abDuro golpe a la libertad de prensa\u00bb<\/strong><\/p>\n<p>La interrupci\u00f3n de los programas en diferentes idiomas afectar\u00eda a las personas, sobre todo, en pa\u00edses donde los gobiernos autocr\u00e1ticos impiden a la prensa nacional informar libremente.<\/p>\n<p>&nbsp;<\/p>\n<p>Maren Pfalzgraf, encargada de pol\u00edticas para Am\u00e9rica del Norte y del Sur de la secci\u00f3n alemana de Reporteros sin Fronteras (RSF), dijo en entrevista a DW: \u00abEsto es realmente un duro golpe a la libertad de prensa. La decisi\u00f3n afecta a millones de personas en todo el mundo, que han recibido informaci\u00f3n independiente de emisoras extranjeras estadounidenses\u00bb.<\/p>\n<p>&nbsp;<\/p>\n<p><strong>Zimbabue: una voz inc\u00f3moda se apaga<\/strong><\/p>\n<p>Lo que esto significa en t\u00e9rminos concretos puede ilustrarse con el ejemplo de Zimbabue. RSF sit\u00faa al pa\u00eds sudafricano en el puesto 116 de su clasificaci\u00f3n de libertad de prensa, entre otras cosas, por difamaci\u00f3n de la oposici\u00f3n en la televisi\u00f3n estatal y detenciones regulares de periodistas independientes. La Voz de Am\u00e9rica ha transmitido, hasta ahora, en los tres idiomas principales del pa\u00eds: ingl\u00e9s, shona y ndebele.<\/p>\n<p>&nbsp;<\/p>\n<p>Un periodista zimbabuense, que trabaj\u00f3 principalmente para VOA, se\u00f1al\u00f3 a DW: \u00abHasta ahora, los medios de comunicaci\u00f3n controlados por el gobierno han ignorado temas como los derechos humanos, la corrupci\u00f3n, y otros. En redes sociales, funcionarios gubernamentales y simpatizantes aplaudieron (la medida) durante el fin de semana. Eso lo dice todo sobre la importancia que ha tenido VOA como medio de comunicaci\u00f3n\u201d.<\/p>\n<p><strong>Fecha de publicaci\u00f3n lunes 17 de marzo de 2025\/DW <\/strong><\/p>\n<p>&nbsp;<\/p>\n","protected":false},"excerpt":{"rendered":"<p>El presidente de Estados Unidos, Donald Trump, retir\u00f3 la financiaci\u00f3n estatal a Voice of Am\u00e9rica&#8230;<\/p>\n","protected":false},"author":1,"featured_media":211724,"comment_status":"open","ping_status":"open","sticky":false,"template":"","format":"standard","meta":{"_monsterinsights_skip_tracking":false,"_monsterinsights_sitenote_active":false,"_monsterinsights_sitenote_note":"","_monsterinsights_sitenote_category":0,"footnotes":""},"categories":[3],"tags":[1898,10990],"class_list":["post"],"yoast_head":" \n<title>Sonora en Equipo. Trump silencia la Voz de Am\u00e9rica (VOA) MUNDO<\/title>\n<meta name=\"description\" content=\"El presidente de Estados Unidos, Donald Trump, retir\u00f3 la financiaci\u00f3n estatal a Voice of Am\u00e9rica (VOA), la hist\u00f3rica cadena internacional para el En Sonora en Equipo publicamos toda la informaci\u00f3n de Sonora, M\u00e9xico y el Mundo de manera oportuna y busca que la libertad de expresi\u00f3n sea real. Visita nuestro medio informativo publicado desde Hermosillo, Sonora. %\" \/>\n<meta name=\"robots\" content=\"index, follow, max-snippet:-1, max-image-preview:large, max-video-preview:-1\" \/>\n<link rel=\"canonical\" href=\"https:\/\/www.sonoraenequipo.com.mx\/trump-silencia-la-voz-de-america-voa\/\" \/>\n<meta property=\"og:locale\" content=\"es_ES\" \/>\n<meta property=\"og:type\" content=\"article\" \/>\n<meta property=\"og:title\" content=\"Sonora en Equipo. Trump silencia la Voz de Am\u00e9rica (VOA) MUNDO\" \/>\n<meta property=\"og:description\" content=\"El presidente de Estados Unidos, Donald Trump, retir\u00f3 la financiaci\u00f3n estatal a Voice of Am\u00e9rica (VOA), la hist\u00f3rica cadena internacional para el En Sonora en Equipo publicamos toda la informaci\u00f3n de Sonora, M\u00e9xico y el Mundo de manera oportuna y busca que la libertad de expresi\u00f3n sea real. Visita nuestro medio informativo publicado desde Hermosillo, Sonora. %\" \/>\n<meta property=\"og:url\" content=\"https:\/\/www.sonoraenequipo.com.mx\/trump-silencia-la-voz-de-america-voa\/\" \/>\n<meta property=\"og:site_name\" content=\"Sonora en Equipo.\" \/>\n<meta property=\"article:publisher\" content=\"https:\/\/www.facebook.com\/SonoraEE\/\" \/>\n<meta property=\"article:author\" content=\"https:\/\/www.facebook.com\/SonoraEE\" \/>\n<meta property=\"article:published_time\" content=\"2025-03-17T21:53:11+00:00\" \/>\n<meta property=\"og:image\" content=\"https:\/\/www.sonoraenequipo.com.mx\/storage\/2025\/03\/voa.jpg\" \/>\n\t<meta property=\"og:image:width\" content=\"600\" \/>\n\t<meta property=\"og:image:height\" content=\"400\" \/>\n\t<meta property=\"og:image:type\" content=\"image\/jpeg\" \/>\n<meta name=\"author\" content=\"enequipo\" \/>\n<meta name=\"twitter:card\" content=\"summary_large_image\" \/>\n<meta name=\"twitter:creator\" content=\"@sonoraenequipo\" \/>\n<meta name=\"twitter:site\" content=\"@sonoraenequipo\" \/>\n<meta name=\"twitter:label1\" content=\"Escrito por\" \/>\n\t<meta name=\"twitter:data1\" content=\"enequipo\" \/>\n\t<meta name=\"twitter:label2\" content=\"Tiempo de lectura\" \/>\n\t<meta name=\"twitter:data2\" content=\"2 minutos\" \/>\n<script type=\"application\/ld+json\" class=\"yoast-schema-graph\">{\"@context\":\"https:\/\/schema.org\",\"@graph\":[{\"@type\":\"Article\",\"@id\":\"https:\/\/www.sonoraenequipo.com.mx\/trump-silencia-la-voz-de-america-voa\/#article\",\"isPartOf\":{\"@id\":\"https:\/\/www.sonoraenequipo.com.mx\/trump-silencia-la-voz-de-america-voa\/\"},\"author\":{\"name\":\"enequipo\",\"@id\":\"https:\/\/www.sonoraenequipo.com.mx\/#\/schema\/person\/50102df0fb23a8fa9e8effad8fa81386\"},\"headline\":\"Trump silencia la Voz de Am\u00e9rica (VOA)\",\"datePublished\":\"2025-03-17T21:53:11+00:00\",\"mainEntityOfPage\":{\"@id\":\"https:\/\/www.sonoraenequipo.com.mx\/trump-silencia-la-voz-de-america-voa\/\"},\"wordCount\":418,\"commentCount\":0,\"publisher\":{\"@id\":\"https:\/\/www.sonoraenequipo.com.mx\/#organization\"},\"image\":{\"@id\":\"https:\/\/www.sonoraenequipo.com.mx\/trump-silencia-la-voz-de-america-voa\/#primaryimage\"},\"thumbnailUrl\":\"https:\/\/www.sonoraenequipo.com.mx\/storage\/2025\/03\/voa.jpg\",\"keywords\":[\"Trump\",\"voz de America\"],\"articleSection\":[\"MUNDO\"],\"inLanguage\":\"es\",\"potentialAction\":[{\"@type\":\"CommentAction\",\"name\":\"Comment\",\"target\":[\"https:\/\/www.sonoraenequipo.com.mx\/trump-silencia-la-voz-de-america-voa\/#respond\"]}]},{\"@type\":\"WebPage\",\"@id\":\"https:\/\/www.sonoraenequipo.com.mx\/trump-silencia-la-voz-de-america-voa\/\",\"url\":\"https:\/\/www.sonoraenequipo.com.mx\/trump-silencia-la-voz-de-america-voa\/\",\"name\":\"Sonora en Equipo. Trump silencia la Voz de Am\u00e9rica (VOA) MUNDO\",\"isPartOf\":{\"@id\":\"https:\/\/www.sonoraenequipo.com.mx\/#website\"},\"primaryImageOfPage\":{\"@id\":\"https:\/\/www.sonoraenequipo.com.mx\/trump-silencia-la-voz-de-america-voa\/#primaryimage\"},\"image\":{\"@id\":\"https:\/\/www.sonoraenequipo.com.mx\/trump-silencia-la-voz-de-america-voa\/#primaryimage\"},\"thumbnailUrl\":\"https:\/\/www.sonoraenequipo.com.mx\/storage\/2025\/03\/voa.jpg\",\"datePublished\":\"2025-03-17T21:53:11+00:00\",\"description\":\"El presidente de Estados Unidos, Donald Trump, retir\u00f3 la financiaci\u00f3n estatal a Voice of Am\u00e9rica (VOA), la hist\u00f3rica cadena internacional para el En Sonora en Equipo publicamos toda la informaci\u00f3n de Sonora, M\u00e9xico y el Mundo de manera oportuna y busca que la libertad de expresi\u00f3n sea real. Visita nuestro medio informativo publicado desde Hermosillo, Sonora. %\",\"breadcrumb\":{\"@id\":\"https:\/\/www.sonoraenequipo.com.mx\/trump-silencia-la-voz-de-america-voa\/#breadcrumb\"},\"inLanguage\":\"es\",\"potentialAction\":[{\"@type\":\"ReadAction\",\"target\":[\"https:\/\/www.sonoraenequipo.com.mx\/trump-silencia-la-voz-de-america-voa\/\"]}]},{\"@type\":\"ImageObject\",\"inLanguage\":\"es\",\"@id\":\"https:\/\/www.sonoraenequipo.com.mx\/trump-silencia-la-voz-de-america-voa\/#primaryimage\",\"url\":\"https:\/\/www.sonoraenequipo.com.mx\/storage\/2025\/03\/voa.jpg\",\"contentUrl\":\"https:\/\/www.sonoraenequipo.com.mx\/storage\/2025\/03\/voa.jpg\",\"width\":600,\"height\":400,\"caption\":\"Sede de la Voz de Am\u00e9rica, en Washington. Junto con otras emisoras, llevaba informaci\u00f3n sin censura a millones de personas.Imagen: Bonnie Cash\/AFP\/Getty Images\"},{\"@type\":\"BreadcrumbList\",\"@id\":\"https:\/\/www.sonoraenequipo.com.mx\/trump-silencia-la-voz-de-america-voa\/#breadcrumb\",\"itemListElement\":[{\"@type\":\"ListItem\",\"position\":1,\"name\":\"Portada\",\"item\":\"https:\/\/www.sonoraenequipo.com.mx\/\"},{\"@type\":\"ListItem\",\"position\":2,\"name\":\"Trump silencia la Voz de Am\u00e9rica (VOA)\"}]},{\"@type\":\"WebSite\",\"@id\":\"https:\/\/www.sonoraenequipo.com.mx\/#website\",\"url\":\"https:\/\/www.sonoraenequipo.com.mx\/\",\"name\":\"Sonora en Equipo.\",\"description\":\"Diario en l\u00ednea con Noticias desde Hermosillo, Sonora\",\"publisher\":{\"@id\":\"https:\/\/www.sonoraenequipo.com.mx\/#organization\"},\"potentialAction\":[{\"@type\":\"SearchAction\",\"target\":{\"@type\":\"EntryPoint\",\"urlTemplate\":\"https:\/\/www.sonoraenequipo.com.mx\/?s={search_term_string}\"},\"query-input\":{\"@type\":\"PropertyValueSpecification\",\"valueRequired\":true,\"valueName\":\"search_term_string\"}}],\"inLanguage\":\"es\"},{\"@type\":\"Organization\",\"@id\":\"https:\/\/www.sonoraenequipo.com.mx\/#organization\",\"name\":\"Sonoraenequipo.com.mx\",\"url\":\"https:\/\/www.sonoraenequipo.com.mx\/\",\"logo\":{\"@type\":\"ImageObject\",\"inLanguage\":\"es\",\"@id\":\"https:\/\/www.sonoraenequipo.com.mx\/#\/schema\/logo\/image\/\",\"url\":\"https:\/\/www.sonoraenequipo.com.mx\/storage\/2019\/01\/sonoraenequipo_opt.png\",\"contentUrl\":\"https:\/\/www.sonoraenequipo.com.mx\/storage\/2019\/01\/sonoraenequipo_opt.png\",\"width\":375,\"height\":125,\"caption\":\"Sonoraenequipo.com.mx\"},\"image\":{\"@id\":\"https:\/\/www.sonoraenequipo.com.mx\/#\/schema\/logo\/image\/\"},\"sameAs\":[\"https:\/\/www.facebook.com\/SonoraEE\/\",\"https:\/\/x.com\/sonoraenequipo\",\"https:\/\/www.youtube.com\/channel\/UC338nW-lPEYmJQs4ZABQ1SQ\"]},{\"@type\":\"Person\",\"@id\":\"https:\/\/www.sonoraenequipo.com.mx\/#\/schema\/person\/50102df0fb23a8fa9e8effad8fa81386\",\"name\":\"enequipo\",\"image\":{\"@type\":\"ImageObject\",\"inLanguage\":\"es\",\"@id\":\"https:\/\/www.sonoraenequipo.com.mx\/#\/schema\/person\/image\/\",\"url\":\"https:\/\/secure.gravatar.com\/avatar\/049821681b589dabc0bc20695993ccebb09f5b5d4d790cd9251b97faac7c652b?s=96&d=blank&r=g\",\"contentUrl\":\"https:\/\/secure.gravatar.com\/avatar\/049821681b589dabc0bc20695993ccebb09f5b5d4d790cd9251b97faac7c652b?s=96&d=blank&r=g\",\"caption\":\"enequipo\"},\"sameAs\":[\"https:\/\/www.facebook.com\/SonoraEE\"]}]}<\/script>\n ","yoast_head_json":{"title":"Sonora en Equipo. Trump silencia la Voz de Am\u00e9rica (VOA) MUNDO","description":"El presidente de Estados Unidos, Donald Trump, retir\u00f3 la financiaci\u00f3n estatal a Voice of Am\u00e9rica (VOA), la hist\u00f3rica cadena internacional para el En Sonora en Equipo publicamos toda la informaci\u00f3n de Sonora, M\u00e9xico y el Mundo de manera oportuna y busca que la libertad de expresi\u00f3n sea real. Visita nuestro medio informativo publicado desde Hermosillo, Sonora. %","robots":{"index":"index","follow":"follow","max-snippet":"max-snippet:-1","max-image-preview":"max-image-preview:large","max-video-preview":"max-video-preview:-1"},"canonical":"https:\/\/www.sonoraenequipo.com.mx\/trump-silencia-la-voz-de-america-voa\/","og_locale":"es_ES","og_type":"article","og_title":"Sonora en Equipo. Trump silencia la Voz de Am\u00e9rica (VOA) MUNDO","og_description":"El presidente de Estados Unidos, Donald Trump, retir\u00f3 la financiaci\u00f3n estatal a Voice of Am\u00e9rica (VOA), la hist\u00f3rica cadena internacional para el En Sonora en Equipo publicamos toda la informaci\u00f3n de Sonora, M\u00e9xico y el Mundo de manera oportuna y busca que la libertad de expresi\u00f3n sea real. Visita nuestro medio informativo publicado desde Hermosillo, Sonora. %","og_url":"https:\/\/www.sonoraenequipo.com.mx\/trump-silencia-la-voz-de-america-voa\/","og_site_name":"Sonora en Equipo.","article_publisher":"https:\/\/www.facebook.com\/SonoraEE\/","article_author":"https:\/\/www.facebook.com\/SonoraEE","article_published_time":"2025-03-17T21:53:11+00:00","og_image":[{"width":600,"height":400,"url":"https:\/\/www.sonoraenequipo.com.mx\/storage\/2025\/03\/voa.jpg","type":"image\/jpeg"}],"author":"enequipo","twitter_card":"summary_large_image","twitter_creator":"@sonoraenequipo","twitter_site":"@sonoraenequipo","twitter_misc":{"Escrito por":"enequipo","Tiempo de lectura":"2 minutos"},"schema":{"@context":"https:\/\/schema.org","@graph":[{"@type":"Article","@id":"https:\/\/www.sonoraenequipo.com.mx\/trump-silencia-la-voz-de-america-voa\/#article","isPartOf":{"@id":"https:\/\/www.sonoraenequipo.com.mx\/trump-silencia-la-voz-de-america-voa\/"},"author":{"name":"enequipo","@id":"https:\/\/www.sonoraenequipo.com.mx\/#\/schema\/person\/50102df0fb23a8fa9e8effad8fa81386"},"headline":"Trump silencia la Voz de Am\u00e9rica (VOA)","datePublished":"2025-03-17T21:53:11+00:00","mainEntityOfPage":{"@id":"https:\/\/www.sonoraenequipo.com.mx\/trump-silencia-la-voz-de-america-voa\/"},"wordCount":418,"commentCount":0,"publisher":{"@id":"https:\/\/www.sonoraenequipo.com.mx\/#organization"},"image":{"@id":"https:\/\/www.sonoraenequipo.com.mx\/trump-silencia-la-voz-de-america-voa\/#primaryimage"},"thumbnailUrl":"https:\/\/www.sonoraenequipo.com.mx\/storage\/2025\/03\/voa.jpg","keywords":["Trump","voz de America"],"articleSection":["MUNDO"],"inLanguage":"es","potentialAction":[{"@type":"CommentAction","name":"Comment","target":["https:\/\/www.sonoraenequipo.com.mx\/trump-silencia-la-voz-de-america-voa\/#respond"]}]},{"@type":"WebPage","@id":"https:\/\/www.sonoraenequipo.com.mx\/trump-silencia-la-voz-de-america-voa\/","url":"https:\/\/www.sonoraenequipo.com.mx\/trump-silencia-la-voz-de-america-voa\/","name":"Sonora en Equipo. Trump silencia la Voz de Am\u00e9rica (VOA) MUNDO","isPartOf":{"@id":"https:\/\/www.sonoraenequipo.com.mx\/#website"},"primaryImageOfPage":{"@id":"https:\/\/www.sonoraenequipo.com.mx\/trump-silencia-la-voz-de-america-voa\/#primaryimage"},"image":{"@id":"https:\/\/www.sonoraenequipo.com.mx\/trump-silencia-la-voz-de-america-voa\/#primaryimage"},"thumbnailUrl":"https:\/\/www.sonoraenequipo.com.mx\/storage\/2025\/03\/voa.jpg","datePublished":"2025-03-17T21:53:11+00:00","description":"El presidente de Estados Unidos, Donald Trump, retir\u00f3 la financiaci\u00f3n estatal a Voice of Am\u00e9rica (VOA), la hist\u00f3rica cadena internacional para el En Sonora en Equipo publicamos toda la informaci\u00f3n de Sonora, M\u00e9xico y el Mundo de manera oportuna y busca que la libertad de expresi\u00f3n sea real. Visita nuestro medio informativo publicado desde Hermosillo, Sonora. %","breadcrumb":{"@id":"https:\/\/www.sonoraenequipo.com.mx\/trump-silencia-la-voz-de-america-voa\/#breadcrumb"},"inLanguage":"es","potentialAction":[{"@type":"ReadAction","target":["https:\/\/www.sonoraenequipo.com.mx\/trump-silencia-la-voz-de-america-voa\/"]}]},{"@type":"ImageObject","inLanguage":"es","@id":"https:\/\/www.sonoraenequipo.com.mx\/trump-silencia-la-voz-de-america-voa\/#primaryimage","url":"https:\/\/www.sonoraenequipo.com.mx\/storage\/2025\/03\/voa.jpg","contentUrl":"https:\/\/www.sonoraenequipo.com.mx\/storage\/2025\/03\/voa.jpg","width":600,"height":400,"caption":"Sede de la Voz de Am\u00e9rica, en Washington. Junto con otras emisoras, llevaba informaci\u00f3n sin censura a millones de personas.Imagen: Bonnie Cash\/AFP\/Getty Images"},{"@type":"BreadcrumbList","@id":"https:\/\/www.sonoraenequipo.com.mx\/trump-silencia-la-voz-de-america-voa\/#breadcrumb","itemListElement":[{"@type":"ListItem","position":1,"name":"Portada","item":"https:\/\/www.sonoraenequipo.com.mx\/"},{"@type":"ListItem","position":2,"name":"Trump silencia la Voz de Am\u00e9rica (VOA)"}]},{"@type":"WebSite","@id":"https:\/\/www.sonoraenequipo.com.mx\/#website","url":"https:\/\/www.sonoraenequipo.com.mx\/","name":"Sonora en Equipo.","description":"Diario en l\u00ednea con Noticias desde Hermosillo, Sonora","publisher":{"@id":"https:\/\/www.sonoraenequipo.com.mx\/#organization"},"potentialAction":[{"@type":"SearchAction","target":{"@type":"EntryPoint","urlTemplate":"https:\/\/www.sonoraenequipo.com.mx\/?s={search_term_string}"},"query-input":{"@type":"PropertyValueSpecification","valueRequired":true,"valueName":"search_term_string"}}],"inLanguage":"es"},{"@type":"Organization","@id":"https:\/\/www.sonoraenequipo.com.mx\/#organization","name":"Sonoraenequipo.com.mx","url":"https:\/\/www.sonoraenequipo.com.mx\/","logo":{"@type":"ImageObject","inLanguage":"es","@id":"https:\/\/www.sonoraenequipo.com.mx\/#\/schema\/logo\/image\/","url":"https:\/\/www.sonoraenequipo.com.mx\/storage\/2019\/01\/sonoraenequipo_opt.png","contentUrl":"https:\/\/www.sonoraenequipo.com.mx\/storage\/2019\/01\/sonoraenequipo_opt.png","width":375,"height":125,"caption":"Sonoraenequipo.com.mx"},"image":{"@id":"https:\/\/www.sonoraenequipo.com.mx\/#\/schema\/logo\/image\/"},"sameAs":["https:\/\/www.facebook.com\/SonoraEE\/","https:\/\/x.com\/sonoraenequipo","https:\/\/www.youtube.com\/channel\/UC338nW-lPEYmJQs4ZABQ1SQ"]},{"@type":"Person","@id":"https:\/\/www.sonoraenequipo.com.mx\/#\/schema\/person\/50102df0fb23a8fa9e8effad8fa81386","name":"enequipo","image":{"@type":"ImageObject","inLanguage":"es","@id":"https:\/\/www.sonoraenequipo.com.mx\/#\/schema\/person\/image\/","url":"https:\/\/secure.gravatar.com\/avatar\/049821681b589dabc0bc20695993ccebb09f5b5d4d790cd9251b97faac7c652b?s=96&d=blank&r=g","contentUrl":"https:\/\/secure.gravatar.com\/avatar\/049821681b589dabc0bc20695993ccebb09f5b5d4d790cd9251b97faac7c652b?s=96&d=blank&r=g","caption":"enequipo"},"sameAs":["https:\/\/www.facebook.com\/SonoraEE"]}]}},"jetpack_featured_media_url":"https:\/\/www.sonoraenequipo.com.mx\/storage\/2025\/03\/voa.jpg","_links":{"self":[{"href":"https:\/\/www.sonoraenequipo.com.mx\/api\/wp\/v2\/posts\/211723","targetHints":{"allow":["GET"]}}],"collection":[{"href":"https:\/\/www.sonoraenequipo.com.mx\/api\/wp\/v2\/posts"}],"about":[{"href":"https:\/\/www.sonoraenequipo.com.mx\/api\/wp\/v2\/types\/post"}],"author":[{"embeddable":true,"href":"https:\/\/www.sonoraenequipo.com.mx\/api\/wp\/v2\/users\/1"}],"replies":[{"embeddable":true,"href":"https:\/\/www.sonoraenequipo.com.mx\/api\/wp\/v2\/comments?post=211723"}],"version-history":[{"count":1,"href":"https:\/\/www.sonoraenequipo.com.mx\/api\/wp\/v2\/posts\/211723\/revisions"}],"predecessor-version":[{"id":211725,"href":"https:\/\/www.sonoraenequipo.com.mx\/api\/wp\/v2\/posts\/211723\/revisions\/211725"}],"wp:featuredmedia":[{"embeddable":true,"href":"https:\/\/www.sonoraenequipo.com.mx\/api\/wp\/v2\/media\/211724"}],"wp:attachment":[{"href":"https:\/\/www.sonoraenequipo.com.mx\/api\/wp\/v2\/media?parent=211723"}],"wp:term":[{"taxonomy":"category","embeddable":true,"href":"https:\/\/www.sonoraenequipo.com.mx\/api\/wp\/v2\/categories?post=211723"},{"taxonomy":"post_tag","embeddable":true,"href":"https:\/\/www.sonoraenequipo.com.mx\/api\/wp\/v2\/tags?post=211723"}],"curies":[{"name":"wp","href":"https:\/\/api.w.org\/{rel}","templated":true}]}}