{"id":211757,"date":"2025-03-17T10:30:09","date_gmt":"2025-03-17T17:30:09","guid":{"rendered":"https:\/\/www.sonoraenequipo.com.mx\/?p=211757"},"modified":"2025-03-18T09:05:13","modified_gmt":"2025-03-18T16:05:13","slug":"firma-presidenta-de-mexico-promulgacion-para-prohibir-el-maiz-transgenico","status":"publish","type":"post","link":"https:\/\/www.sonoraenequipo.com.mx\/firma-presidenta-de-mexico-promulgacion-para-prohibir-el-maiz-transgenico\/","title":{"rendered":"Firma presidenta de M\u00e9xico promulgaci\u00f3n para prohibir el ma\u00edz transg\u00e9nico"},"content":{"rendered":"<p><strong>CIUDAD DE M\u00c9XICO. MX. \u2014\u00a0<\/strong> Esta ma\u00f1ana desde Palacio Nacional la presidenta de M\u00e9xico Claudia Sheinbaum Pardo firm\u00f3 un decreto para prohibir la siembra de ma\u00edz transg\u00e9nico en el pa\u00eds, esto, asegur\u00f3, para proteger las variantes originarias.<\/p>\n<p> <\/p>\n<p>La propuesta hab\u00eda sido aprobada por la C\u00e1mara de Diputados, la C\u00e1mara de Senadores y los congresos locales.<\/p>\n<p>La mandataria agreg\u00f3 que todo uso de ma\u00edz gen\u00e9ticamente modificado deber\u00e1 ser evaluado en los t\u00e9rminos de las disposiciones legales para determinar que queda libre de amenazas para la bioseguridad, la salud y el patrimonio biocultural del pa\u00eds.<\/p>\n<p>La jefa del Ejecutivo Federal tambi\u00e9n detall\u00f3 que con dicho acuerdo se fomentar\u00e1 la actividad agropecuaria y forestal, as\u00ed como los cultivos tradicionales con semillas nativas, en especial el sistema milpa para el \u00f3ptimo uso de la tierra libre de cultivos de ma\u00edz gen\u00e9ticamente modificado.<\/p>\n<p>PUBLICADO EL 17 DE MARZO DE Con informaci\u00f3n de Conferencia matutina)<\/p>\n","protected":false},"excerpt":{"rendered":"<p>CIUDAD DE M\u00c9XICO. MX. \u2014\u00a0 Esta ma\u00f1ana desde Palacio Nacional la presidenta de M\u00e9xico Claudia&#8230;<\/p>\n","protected":false},"author":1,"featured_media":211687,"comment_status":"open","ping_status":"open","sticky":false,"template":"","format":"standard","meta":{"_monsterinsights_skip_tracking":false,"_monsterinsights_sitenote_active":false,"_monsterinsights_sitenote_note":"","_monsterinsights_sitenote_category":0,"footnotes":""},"categories":[5],"tags":[],"class_list":["post"],"yoast_head":" \n<title>Sonora en Equipo. Firma presidenta de M\u00e9xico promulgaci\u00f3n para prohibir el ma\u00edz transg\u00e9nico Rep\u00fablica<\/title>\n<meta name=\"description\" content=\"CIUDAD DE M\u00c9XICO. MX. \u2014\u00a0 Esta ma\u00f1ana desde Palacio Nacional la presidenta de M\u00e9xico Claudia Sheinbaum Pardo firm\u00f3 un decreto para prohibir la siembra de En Sonora en Equipo publicamos toda la informaci\u00f3n de Sonora, M\u00e9xico y el Mundo de manera oportuna y busca que la libertad de expresi\u00f3n sea real. Visita nuestro medio informativo publicado desde Hermosillo, Sonora. %\" \/>\n<meta name=\"robots\" content=\"index, follow, max-snippet:-1, max-image-preview:large, max-video-preview:-1\" \/>\n<link rel=\"canonical\" href=\"https:\/\/www.sonoraenequipo.com.mx\/firma-presidenta-de-mexico-promulgacion-para-prohibir-el-maiz-transgenico\/\" \/>\n<meta property=\"og:locale\" content=\"es_ES\" \/>\n<meta property=\"og:type\" content=\"article\" \/>\n<meta property=\"og:title\" content=\"Sonora en Equipo. Firma presidenta de M\u00e9xico promulgaci\u00f3n para prohibir el ma\u00edz transg\u00e9nico Rep\u00fablica\" \/>\n<meta property=\"og:description\" content=\"CIUDAD DE M\u00c9XICO. MX. \u2014\u00a0 Esta ma\u00f1ana desde Palacio Nacional la presidenta de M\u00e9xico Claudia Sheinbaum Pardo firm\u00f3 un decreto para prohibir la siembra de En Sonora en Equipo publicamos toda la informaci\u00f3n de Sonora, M\u00e9xico y el Mundo de manera oportuna y busca que la libertad de expresi\u00f3n sea real. Visita nuestro medio informativo publicado desde Hermosillo, Sonora. %\" \/>\n<meta property=\"og:url\" content=\"https:\/\/www.sonoraenequipo.com.mx\/firma-presidenta-de-mexico-promulgacion-para-prohibir-el-maiz-transgenico\/\" \/>\n<meta property=\"og:site_name\" content=\"Sonora en Equipo.\" \/>\n<meta property=\"article:publisher\" content=\"https:\/\/www.facebook.com\/SonoraEE\/\" \/>\n<meta property=\"article:author\" content=\"https:\/\/www.facebook.com\/SonoraEE\" \/>\n<meta property=\"article:published_time\" content=\"2025-03-17T17:30:09+00:00\" \/>\n<meta property=\"article:modified_time\" content=\"2025-03-18T16:05:13+00:00\" \/>\n<meta property=\"og:image\" content=\"https:\/\/www.sonoraenequipo.com.mx\/storage\/2025\/03\/maiz-trnsgenico-min.jpg\" \/>\n\t<meta property=\"og:image:width\" content=\"900\" \/>\n\t<meta property=\"og:image:height\" content=\"599\" \/>\n\t<meta property=\"og:image:type\" content=\"image\/jpeg\" \/>\n<meta name=\"author\" content=\"enequipo\" \/>\n<meta name=\"twitter:card\" content=\"summary_large_image\" \/>\n<meta name=\"twitter:creator\" content=\"@sonoraenequipo\" \/>\n<meta name=\"twitter:site\" content=\"@sonoraenequipo\" \/>\n<meta name=\"twitter:label1\" content=\"Escrito por\" \/>\n\t<meta name=\"twitter:data1\" content=\"enequipo\" \/>\n\t<meta name=\"twitter:label2\" content=\"Tiempo de lectura\" \/>\n\t<meta name=\"twitter:data2\" content=\"1 minuto\" \/>\n<script type=\"application\/ld+json\" class=\"yoast-schema-graph\">{\"@context\":\"https:\/\/schema.org\",\"@graph\":[{\"@type\":\"Article\",\"@id\":\"https:\/\/www.sonoraenequipo.com.mx\/firma-presidenta-de-mexico-promulgacion-para-prohibir-el-maiz-transgenico\/#article\",\"isPartOf\":{\"@id\":\"https:\/\/www.sonoraenequipo.com.mx\/firma-presidenta-de-mexico-promulgacion-para-prohibir-el-maiz-transgenico\/\"},\"author\":{\"name\":\"enequipo\",\"@id\":\"https:\/\/www.sonoraenequipo.com.mx\/#\/schema\/person\/50102df0fb23a8fa9e8effad8fa81386\"},\"headline\":\"Firma presidenta de M\u00e9xico promulgaci\u00f3n para prohibir el ma\u00edz transg\u00e9nico\",\"datePublished\":\"2025-03-17T17:30:09+00:00\",\"dateModified\":\"2025-03-18T16:05:13+00:00\",\"mainEntityOfPage\":{\"@id\":\"https:\/\/www.sonoraenequipo.com.mx\/firma-presidenta-de-mexico-promulgacion-para-prohibir-el-maiz-transgenico\/\"},\"wordCount\":178,\"commentCount\":0,\"publisher\":{\"@id\":\"https:\/\/www.sonoraenequipo.com.mx\/#organization\"},\"image\":{\"@id\":\"https:\/\/www.sonoraenequipo.com.mx\/firma-presidenta-de-mexico-promulgacion-para-prohibir-el-maiz-transgenico\/#primaryimage\"},\"thumbnailUrl\":\"https:\/\/www.sonoraenequipo.com.mx\/storage\/2025\/03\/maiz-trnsgenico-min.jpg\",\"articleSection\":[\"Rep\u00fablica\"],\"inLanguage\":\"es\",\"potentialAction\":[{\"@type\":\"CommentAction\",\"name\":\"Comment\",\"target\":[\"https:\/\/www.sonoraenequipo.com.mx\/firma-presidenta-de-mexico-promulgacion-para-prohibir-el-maiz-transgenico\/#respond\"]}]},{\"@type\":\"WebPage\",\"@id\":\"https:\/\/www.sonoraenequipo.com.mx\/firma-presidenta-de-mexico-promulgacion-para-prohibir-el-maiz-transgenico\/\",\"url\":\"https:\/\/www.sonoraenequipo.com.mx\/firma-presidenta-de-mexico-promulgacion-para-prohibir-el-maiz-transgenico\/\",\"name\":\"Sonora en Equipo. Firma presidenta de M\u00e9xico promulgaci\u00f3n para prohibir el ma\u00edz transg\u00e9nico Rep\u00fablica\",\"isPartOf\":{\"@id\":\"https:\/\/www.sonoraenequipo.com.mx\/#website\"},\"primaryImageOfPage\":{\"@id\":\"https:\/\/www.sonoraenequipo.com.mx\/firma-presidenta-de-mexico-promulgacion-para-prohibir-el-maiz-transgenico\/#primaryimage\"},\"image\":{\"@id\":\"https:\/\/www.sonoraenequipo.com.mx\/firma-presidenta-de-mexico-promulgacion-para-prohibir-el-maiz-transgenico\/#primaryimage\"},\"thumbnailUrl\":\"https:\/\/www.sonoraenequipo.com.mx\/storage\/2025\/03\/maiz-trnsgenico-min.jpg\",\"datePublished\":\"2025-03-17T17:30:09+00:00\",\"dateModified\":\"2025-03-18T16:05:13+00:00\",\"description\":\"CIUDAD DE M\u00c9XICO. MX. \u2014\u00a0 Esta ma\u00f1ana desde Palacio Nacional la presidenta de M\u00e9xico Claudia Sheinbaum Pardo firm\u00f3 un decreto para prohibir la siembra de En Sonora en Equipo publicamos toda la informaci\u00f3n de Sonora, M\u00e9xico y el Mundo de manera oportuna y busca que la libertad de expresi\u00f3n sea real. Visita nuestro medio informativo publicado desde Hermosillo, Sonora. %\",\"breadcrumb\":{\"@id\":\"https:\/\/www.sonoraenequipo.com.mx\/firma-presidenta-de-mexico-promulgacion-para-prohibir-el-maiz-transgenico\/#breadcrumb\"},\"inLanguage\":\"es\",\"potentialAction\":[{\"@type\":\"ReadAction\",\"target\":[\"https:\/\/www.sonoraenequipo.com.mx\/firma-presidenta-de-mexico-promulgacion-para-prohibir-el-maiz-transgenico\/\"]}]},{\"@type\":\"ImageObject\",\"inLanguage\":\"es\",\"@id\":\"https:\/\/www.sonoraenequipo.com.mx\/firma-presidenta-de-mexico-promulgacion-para-prohibir-el-maiz-transgenico\/#primaryimage\",\"url\":\"https:\/\/www.sonoraenequipo.com.mx\/storage\/2025\/03\/maiz-trnsgenico-min.jpg\",\"contentUrl\":\"https:\/\/www.sonoraenequipo.com.mx\/storage\/2025\/03\/maiz-trnsgenico-min.jpg\",\"width\":900,\"height\":599},{\"@type\":\"BreadcrumbList\",\"@id\":\"https:\/\/www.sonoraenequipo.com.mx\/firma-presidenta-de-mexico-promulgacion-para-prohibir-el-maiz-transgenico\/#breadcrumb\",\"itemListElement\":[{\"@type\":\"ListItem\",\"position\":1,\"name\":\"Portada\",\"item\":\"https:\/\/www.sonoraenequipo.com.mx\/\"},{\"@type\":\"ListItem\",\"position\":2,\"name\":\"Firma presidenta de M\u00e9xico promulgaci\u00f3n para prohibir el ma\u00edz transg\u00e9nico\"}]},{\"@type\":\"WebSite\",\"@id\":\"https:\/\/www.sonoraenequipo.com.mx\/#website\",\"url\":\"https:\/\/www.sonoraenequipo.com.mx\/\",\"name\":\"Sonora en Equipo.\",\"description\":\"Diario en l\u00ednea con Noticias desde Hermosillo, Sonora\",\"publisher\":{\"@id\":\"https:\/\/www.sonoraenequipo.com.mx\/#organization\"},\"potentialAction\":[{\"@type\":\"SearchAction\",\"target\":{\"@type\":\"EntryPoint\",\"urlTemplate\":\"https:\/\/www.sonoraenequipo.com.mx\/?s={search_term_string}\"},\"query-input\":{\"@type\":\"PropertyValueSpecification\",\"valueRequired\":true,\"valueName\":\"search_term_string\"}}],\"inLanguage\":\"es\"},{\"@type\":\"Organization\",\"@id\":\"https:\/\/www.sonoraenequipo.com.mx\/#organization\",\"name\":\"Sonoraenequipo.com.mx\",\"url\":\"https:\/\/www.sonoraenequipo.com.mx\/\",\"logo\":{\"@type\":\"ImageObject\",\"inLanguage\":\"es\",\"@id\":\"https:\/\/www.sonoraenequipo.com.mx\/#\/schema\/logo\/image\/\",\"url\":\"https:\/\/www.sonoraenequipo.com.mx\/storage\/2019\/01\/sonoraenequipo_opt.png\",\"contentUrl\":\"https:\/\/www.sonoraenequipo.com.mx\/storage\/2019\/01\/sonoraenequipo_opt.png\",\"width\":375,\"height\":125,\"caption\":\"Sonoraenequipo.com.mx\"},\"image\":{\"@id\":\"https:\/\/www.sonoraenequipo.com.mx\/#\/schema\/logo\/image\/\"},\"sameAs\":[\"https:\/\/www.facebook.com\/SonoraEE\/\",\"https:\/\/x.com\/sonoraenequipo\",\"https:\/\/www.youtube.com\/channel\/UC338nW-lPEYmJQs4ZABQ1SQ\"]},{\"@type\":\"Person\",\"@id\":\"https:\/\/www.sonoraenequipo.com.mx\/#\/schema\/person\/50102df0fb23a8fa9e8effad8fa81386\",\"name\":\"enequipo\",\"image\":{\"@type\":\"ImageObject\",\"inLanguage\":\"es\",\"@id\":\"https:\/\/www.sonoraenequipo.com.mx\/#\/schema\/person\/image\/\",\"url\":\"https:\/\/secure.gravatar.com\/avatar\/049821681b589dabc0bc20695993ccebb09f5b5d4d790cd9251b97faac7c652b?s=96&d=blank&r=g\",\"contentUrl\":\"https:\/\/secure.gravatar.com\/avatar\/049821681b589dabc0bc20695993ccebb09f5b5d4d790cd9251b97faac7c652b?s=96&d=blank&r=g\",\"caption\":\"enequipo\"},\"sameAs\":[\"https:\/\/www.facebook.com\/SonoraEE\"]}]}<\/script>\n ","yoast_head_json":{"title":"Sonora en Equipo. Firma presidenta de M\u00e9xico promulgaci\u00f3n para prohibir el ma\u00edz transg\u00e9nico Rep\u00fablica","description":"CIUDAD DE M\u00c9XICO. MX. \u2014\u00a0 Esta ma\u00f1ana desde Palacio Nacional la presidenta de M\u00e9xico Claudia Sheinbaum Pardo firm\u00f3 un decreto para prohibir la siembra de En Sonora en Equipo publicamos toda la informaci\u00f3n de Sonora, M\u00e9xico y el Mundo de manera oportuna y busca que la libertad de expresi\u00f3n sea real. Visita nuestro medio informativo publicado desde Hermosillo, Sonora. %","robots":{"index":"index","follow":"follow","max-snippet":"max-snippet:-1","max-image-preview":"max-image-preview:large","max-video-preview":"max-video-preview:-1"},"canonical":"https:\/\/www.sonoraenequipo.com.mx\/firma-presidenta-de-mexico-promulgacion-para-prohibir-el-maiz-transgenico\/","og_locale":"es_ES","og_type":"article","og_title":"Sonora en Equipo. Firma presidenta de M\u00e9xico promulgaci\u00f3n para prohibir el ma\u00edz transg\u00e9nico Rep\u00fablica","og_description":"CIUDAD DE M\u00c9XICO. MX. \u2014\u00a0 Esta ma\u00f1ana desde Palacio Nacional la presidenta de M\u00e9xico Claudia Sheinbaum Pardo firm\u00f3 un decreto para prohibir la siembra de En Sonora en Equipo publicamos toda la informaci\u00f3n de Sonora, M\u00e9xico y el Mundo de manera oportuna y busca que la libertad de expresi\u00f3n sea real. Visita nuestro medio informativo publicado desde Hermosillo, Sonora. %","og_url":"https:\/\/www.sonoraenequipo.com.mx\/firma-presidenta-de-mexico-promulgacion-para-prohibir-el-maiz-transgenico\/","og_site_name":"Sonora en Equipo.","article_publisher":"https:\/\/www.facebook.com\/SonoraEE\/","article_author":"https:\/\/www.facebook.com\/SonoraEE","article_published_time":"2025-03-17T17:30:09+00:00","article_modified_time":"2025-03-18T16:05:13+00:00","og_image":[{"width":900,"height":599,"url":"https:\/\/www.sonoraenequipo.com.mx\/storage\/2025\/03\/maiz-trnsgenico-min.jpg","type":"image\/jpeg"}],"author":"enequipo","twitter_card":"summary_large_image","twitter_creator":"@sonoraenequipo","twitter_site":"@sonoraenequipo","twitter_misc":{"Escrito por":"enequipo","Tiempo de lectura":"1 minuto"},"schema":{"@context":"https:\/\/schema.org","@graph":[{"@type":"Article","@id":"https:\/\/www.sonoraenequipo.com.mx\/firma-presidenta-de-mexico-promulgacion-para-prohibir-el-maiz-transgenico\/#article","isPartOf":{"@id":"https:\/\/www.sonoraenequipo.com.mx\/firma-presidenta-de-mexico-promulgacion-para-prohibir-el-maiz-transgenico\/"},"author":{"name":"enequipo","@id":"https:\/\/www.sonoraenequipo.com.mx\/#\/schema\/person\/50102df0fb23a8fa9e8effad8fa81386"},"headline":"Firma presidenta de M\u00e9xico promulgaci\u00f3n para prohibir el ma\u00edz transg\u00e9nico","datePublished":"2025-03-17T17:30:09+00:00","dateModified":"2025-03-18T16:05:13+00:00","mainEntityOfPage":{"@id":"https:\/\/www.sonoraenequipo.com.mx\/firma-presidenta-de-mexico-promulgacion-para-prohibir-el-maiz-transgenico\/"},"wordCount":178,"commentCount":0,"publisher":{"@id":"https:\/\/www.sonoraenequipo.com.mx\/#organization"},"image":{"@id":"https:\/\/www.sonoraenequipo.com.mx\/firma-presidenta-de-mexico-promulgacion-para-prohibir-el-maiz-transgenico\/#primaryimage"},"thumbnailUrl":"https:\/\/www.sonoraenequipo.com.mx\/storage\/2025\/03\/maiz-trnsgenico-min.jpg","articleSection":["Rep\u00fablica"],"inLanguage":"es","potentialAction":[{"@type":"CommentAction","name":"Comment","target":["https:\/\/www.sonoraenequipo.com.mx\/firma-presidenta-de-mexico-promulgacion-para-prohibir-el-maiz-transgenico\/#respond"]}]},{"@type":"WebPage","@id":"https:\/\/www.sonoraenequipo.com.mx\/firma-presidenta-de-mexico-promulgacion-para-prohibir-el-maiz-transgenico\/","url":"https:\/\/www.sonoraenequipo.com.mx\/firma-presidenta-de-mexico-promulgacion-para-prohibir-el-maiz-transgenico\/","name":"Sonora en Equipo. Firma presidenta de M\u00e9xico promulgaci\u00f3n para prohibir el ma\u00edz transg\u00e9nico Rep\u00fablica","isPartOf":{"@id":"https:\/\/www.sonoraenequipo.com.mx\/#website"},"primaryImageOfPage":{"@id":"https:\/\/www.sonoraenequipo.com.mx\/firma-presidenta-de-mexico-promulgacion-para-prohibir-el-maiz-transgenico\/#primaryimage"},"image":{"@id":"https:\/\/www.sonoraenequipo.com.mx\/firma-presidenta-de-mexico-promulgacion-para-prohibir-el-maiz-transgenico\/#primaryimage"},"thumbnailUrl":"https:\/\/www.sonoraenequipo.com.mx\/storage\/2025\/03\/maiz-trnsgenico-min.jpg","datePublished":"2025-03-17T17:30:09+00:00","dateModified":"2025-03-18T16:05:13+00:00","description":"CIUDAD DE M\u00c9XICO. MX. \u2014\u00a0 Esta ma\u00f1ana desde Palacio Nacional la presidenta de M\u00e9xico Claudia Sheinbaum Pardo firm\u00f3 un decreto para prohibir la siembra de En Sonora en Equipo publicamos toda la informaci\u00f3n de Sonora, M\u00e9xico y el Mundo de manera oportuna y busca que la libertad de expresi\u00f3n sea real. Visita nuestro medio informativo publicado desde Hermosillo, Sonora. %","breadcrumb":{"@id":"https:\/\/www.sonoraenequipo.com.mx\/firma-presidenta-de-mexico-promulgacion-para-prohibir-el-maiz-transgenico\/#breadcrumb"},"inLanguage":"es","potentialAction":[{"@type":"ReadAction","target":["https:\/\/www.sonoraenequipo.com.mx\/firma-presidenta-de-mexico-promulgacion-para-prohibir-el-maiz-transgenico\/"]}]},{"@type":"ImageObject","inLanguage":"es","@id":"https:\/\/www.sonoraenequipo.com.mx\/firma-presidenta-de-mexico-promulgacion-para-prohibir-el-maiz-transgenico\/#primaryimage","url":"https:\/\/www.sonoraenequipo.com.mx\/storage\/2025\/03\/maiz-trnsgenico-min.jpg","contentUrl":"https:\/\/www.sonoraenequipo.com.mx\/storage\/2025\/03\/maiz-trnsgenico-min.jpg","width":900,"height":599},{"@type":"BreadcrumbList","@id":"https:\/\/www.sonoraenequipo.com.mx\/firma-presidenta-de-mexico-promulgacion-para-prohibir-el-maiz-transgenico\/#breadcrumb","itemListElement":[{"@type":"ListItem","position":1,"name":"Portada","item":"https:\/\/www.sonoraenequipo.com.mx\/"},{"@type":"ListItem","position":2,"name":"Firma presidenta de M\u00e9xico promulgaci\u00f3n para prohibir el ma\u00edz transg\u00e9nico"}]},{"@type":"WebSite","@id":"https:\/\/www.sonoraenequipo.com.mx\/#website","url":"https:\/\/www.sonoraenequipo.com.mx\/","name":"Sonora en Equipo.","description":"Diario en l\u00ednea con Noticias desde Hermosillo, Sonora","publisher":{"@id":"https:\/\/www.sonoraenequipo.com.mx\/#organization"},"potentialAction":[{"@type":"SearchAction","target":{"@type":"EntryPoint","urlTemplate":"https:\/\/www.sonoraenequipo.com.mx\/?s={search_term_string}"},"query-input":{"@type":"PropertyValueSpecification","valueRequired":true,"valueName":"search_term_string"}}],"inLanguage":"es"},{"@type":"Organization","@id":"https:\/\/www.sonoraenequipo.com.mx\/#organization","name":"Sonoraenequipo.com.mx","url":"https:\/\/www.sonoraenequipo.com.mx\/","logo":{"@type":"ImageObject","inLanguage":"es","@id":"https:\/\/www.sonoraenequipo.com.mx\/#\/schema\/logo\/image\/","url":"https:\/\/www.sonoraenequipo.com.mx\/storage\/2019\/01\/sonoraenequipo_opt.png","contentUrl":"https:\/\/www.sonoraenequipo.com.mx\/storage\/2019\/01\/sonoraenequipo_opt.png","width":375,"height":125,"caption":"Sonoraenequipo.com.mx"},"image":{"@id":"https:\/\/www.sonoraenequipo.com.mx\/#\/schema\/logo\/image\/"},"sameAs":["https:\/\/www.facebook.com\/SonoraEE\/","https:\/\/x.com\/sonoraenequipo","https:\/\/www.youtube.com\/channel\/UC338nW-lPEYmJQs4ZABQ1SQ"]},{"@type":"Person","@id":"https:\/\/www.sonoraenequipo.com.mx\/#\/schema\/person\/50102df0fb23a8fa9e8effad8fa81386","name":"enequipo","image":{"@type":"ImageObject","inLanguage":"es","@id":"https:\/\/www.sonoraenequipo.com.mx\/#\/schema\/person\/image\/","url":"https:\/\/secure.gravatar.com\/avatar\/049821681b589dabc0bc20695993ccebb09f5b5d4d790cd9251b97faac7c652b?s=96&d=blank&r=g","contentUrl":"https:\/\/secure.gravatar.com\/avatar\/049821681b589dabc0bc20695993ccebb09f5b5d4d790cd9251b97faac7c652b?s=96&d=blank&r=g","caption":"enequipo"},"sameAs":["https:\/\/www.facebook.com\/SonoraEE"]}]}},"jetpack_featured_media_url":"https:\/\/www.sonoraenequipo.com.mx\/storage\/2025\/03\/maiz-trnsgenico-min.jpg","_links":{"self":[{"href":"https:\/\/www.sonoraenequipo.com.mx\/api\/wp\/v2\/posts\/211757","targetHints":{"allow":["GET"]}}],"collection":[{"href":"https:\/\/www.sonoraenequipo.com.mx\/api\/wp\/v2\/posts"}],"about":[{"href":"https:\/\/www.sonoraenequipo.com.mx\/api\/wp\/v2\/types\/post"}],"author":[{"embeddable":true,"href":"https:\/\/www.sonoraenequipo.com.mx\/api\/wp\/v2\/users\/1"}],"replies":[{"embeddable":true,"href":"https:\/\/www.sonoraenequipo.com.mx\/api\/wp\/v2\/comments?post=211757"}],"version-history":[{"count":2,"href":"https:\/\/www.sonoraenequipo.com.mx\/api\/wp\/v2\/posts\/211757\/revisions"}],"predecessor-version":[{"id":211760,"href":"https:\/\/www.sonoraenequipo.com.mx\/api\/wp\/v2\/posts\/211757\/revisions\/211760"}],"wp:featuredmedia":[{"embeddable":true,"href":"https:\/\/www.sonoraenequipo.com.mx\/api\/wp\/v2\/media\/211687"}],"wp:attachment":[{"href":"https:\/\/www.sonoraenequipo.com.mx\/api\/wp\/v2\/media?parent=211757"}],"wp:term":[{"taxonomy":"category","embeddable":true,"href":"https:\/\/www.sonoraenequipo.com.mx\/api\/wp\/v2\/categories?post=211757"},{"taxonomy":"post_tag","embeddable":true,"href":"https:\/\/www.sonoraenequipo.com.mx\/api\/wp\/v2\/tags?post=211757"}],"curies":[{"name":"wp","href":"https:\/\/api.w.org\/{rel}","templated":true}]}}