{"id":211854,"date":"2025-03-19T14:20:13","date_gmt":"2025-03-19T21:20:13","guid":{"rendered":"https:\/\/www.sonoraenequipo.com.mx\/?p=211854"},"modified":"2025-03-19T14:20:13","modified_gmt":"2025-03-19T21:20:13","slug":"trump-desclasifica-mas-archivos-sobre-el-asesinato-de-jfk","status":"publish","type":"post","link":"https:\/\/www.sonoraenequipo.com.mx\/trump-desclasifica-mas-archivos-sobre-el-asesinato-de-jfk\/","title":{"rendered":"Trump desclasifica m\u00e1s archivos sobre el asesinato de JFK"},"content":{"rendered":"<p>El Gobierno de Trump public\u00f3 miles de documentos sobre el asesinato del presidente John F. Kennedy (JFK), que hab\u00edan estado clasificados previamente. Aunque ya se hab\u00edan divulgado muchos archivos, incluidos 13.000 durante el Gobierno de Biden, los nuevos documentos estaban editados y sumaban alrededor de 80.000 p\u00e1ginas. Trump dijo que la gente ha esperado d\u00e9cadas para ver estos archivos. Antes de asumir, firm\u00f3 un decreto para dar acceso p\u00fablico a documentos sobre los asesinatos de Kennedy y otros l\u00edderes importantes.<\/p>\n<p>Los documentos fueron publicados en el sitio web de los Archivos Nacionales. Sin embargo, los investigadores necesitar\u00e1n tiempo para revisar los m\u00e1s de 1.123 documentos, que fueron identificados solo por n\u00fameros de registro y no ten\u00edan descripciones. Seg\u00fan Tom Samulok, exsubdirector de la Junta de Revisi\u00f3n de Registros de Asesinatos, no se espera que los nuevos documentos contengan informaci\u00f3n crucial que cambie la conclusi\u00f3n general sobre el asesinato, que atribuye la culpa a Lee Harvey Oswald, un tirador solitario.<\/p>\n<p>Samulok asegur\u00f3 que la gran mayor\u00eda de los archivos revisados en el pasado no mostraron evidencia nueva. La directora de Inteligencia Nacional, Tulsi Gabbard, mencion\u00f3 que, adem\u00e1s de las 80.000 p\u00e1ginas publicadas, hay documentos que se retienen por razones legales y que se est\u00e1 trabajando para desclasificarlos.<\/p>\n<p>Larry Sabato, polit\u00f3logo y autor, advirti\u00f3 que el p\u00fablico podr\u00eda decepcionarse al no encontrar revelaciones sobre el asesinato de Kennedy despu\u00e9s de 61 a\u00f1os. Las teor\u00edas de conspiraci\u00f3n han persistido, algunas incluso promovidas por Trump. Aunque Samulok no ha revisado todos los registros, indic\u00f3 que hay nuevos documentos que podr\u00edan arrojar m\u00e1s informaci\u00f3n sobre Oswald antes del asesinato de JFK.<\/p>\n<p>Recientemente, el FBI descubri\u00f3 2.400 nuevos archivos relacionados con el caso. A pesar de que en 2023 los Archivos Nacionales informaron que el 99% de los documentos clasificados fueron revisados y puestos a disposici\u00f3n del p\u00fablico, las agencias como la CIA y el Pent\u00e1gono a\u00fan mantienen algunos archivos clasificados, citando la necesidad de proteger a fuentes confidenciales. Durante su primer mandato, Trump acord\u00f3 no divulgar todos los registros a solicitud de las agencias de seguridad nacional, aunque ha prometido hacerlo durante su campa\u00f1a de 2024.<\/p>\n<p><strong>Fecha de publicaci\u00f3n mi\u00e9rcoles 19 de marzo de 2025\/ CNN <\/strong><\/p>\n","protected":false},"excerpt":{"rendered":"<p>El Gobierno de Trump public\u00f3 miles de documentos sobre el asesinato del presidente John F&#8230;.<\/p>\n","protected":false},"author":1,"featured_media":211855,"comment_status":"open","ping_status":"open","sticky":false,"template":"","format":"standard","meta":{"_monsterinsights_skip_tracking":false,"_monsterinsights_sitenote_active":false,"_monsterinsights_sitenote_note":"","_monsterinsights_sitenote_category":0,"footnotes":""},"categories":[3],"tags":[7450,11001,11000],"class_list":["post"],"yoast_head":" \n<title>Sonora en Equipo. Trump desclasifica m\u00e1s archivos sobre el asesinato de JFK MUNDO<\/title>\n<meta name=\"description\" content=\"El Gobierno de Trump public\u00f3 miles de documentos sobre el asesinato del presidente John F. Kennedy (JFK), que hab\u00edan estado clasificados previamente. En Sonora en Equipo publicamos toda la informaci\u00f3n de Sonora, M\u00e9xico y el Mundo de manera oportuna y busca que la libertad de expresi\u00f3n sea real. Visita nuestro medio informativo publicado desde Hermosillo, Sonora. %\" \/>\n<meta name=\"robots\" content=\"index, follow, max-snippet:-1, max-image-preview:large, max-video-preview:-1\" \/>\n<link rel=\"canonical\" href=\"https:\/\/www.sonoraenequipo.com.mx\/trump-desclasifica-mas-archivos-sobre-el-asesinato-de-jfk\/\" \/>\n<meta property=\"og:locale\" content=\"es_ES\" \/>\n<meta property=\"og:type\" content=\"article\" \/>\n<meta property=\"og:title\" content=\"Sonora en Equipo. Trump desclasifica m\u00e1s archivos sobre el asesinato de JFK MUNDO\" \/>\n<meta property=\"og:description\" content=\"El Gobierno de Trump public\u00f3 miles de documentos sobre el asesinato del presidente John F. Kennedy (JFK), que hab\u00edan estado clasificados previamente. En Sonora en Equipo publicamos toda la informaci\u00f3n de Sonora, M\u00e9xico y el Mundo de manera oportuna y busca que la libertad de expresi\u00f3n sea real. Visita nuestro medio informativo publicado desde Hermosillo, Sonora. %\" \/>\n<meta property=\"og:url\" content=\"https:\/\/www.sonoraenequipo.com.mx\/trump-desclasifica-mas-archivos-sobre-el-asesinato-de-jfk\/\" \/>\n<meta property=\"og:site_name\" content=\"Sonora en Equipo.\" \/>\n<meta property=\"article:publisher\" content=\"https:\/\/www.facebook.com\/SonoraEE\/\" \/>\n<meta property=\"article:author\" content=\"https:\/\/www.facebook.com\/SonoraEE\" \/>\n<meta property=\"article:published_time\" content=\"2025-03-19T21:20:13+00:00\" \/>\n<meta property=\"og:image\" content=\"https:\/\/www.sonoraenequipo.com.mx\/storage\/2025\/03\/cajas-de-archivos.jpg\" \/>\n\t<meta property=\"og:image:width\" content=\"534\" \/>\n\t<meta property=\"og:image:height\" content=\"400\" \/>\n\t<meta property=\"og:image:type\" content=\"image\/jpeg\" \/>\n<meta name=\"author\" content=\"enequipo\" \/>\n<meta name=\"twitter:card\" content=\"summary_large_image\" \/>\n<meta name=\"twitter:creator\" content=\"@sonoraenequipo\" \/>\n<meta name=\"twitter:site\" content=\"@sonoraenequipo\" \/>\n<meta name=\"twitter:label1\" content=\"Escrito por\" \/>\n\t<meta name=\"twitter:data1\" content=\"enequipo\" \/>\n\t<meta name=\"twitter:label2\" content=\"Tiempo de lectura\" \/>\n\t<meta name=\"twitter:data2\" content=\"2 minutos\" \/>\n<script type=\"application\/ld+json\" class=\"yoast-schema-graph\">{\"@context\":\"https:\/\/schema.org\",\"@graph\":[{\"@type\":\"Article\",\"@id\":\"https:\/\/www.sonoraenequipo.com.mx\/trump-desclasifica-mas-archivos-sobre-el-asesinato-de-jfk\/#article\",\"isPartOf\":{\"@id\":\"https:\/\/www.sonoraenequipo.com.mx\/trump-desclasifica-mas-archivos-sobre-el-asesinato-de-jfk\/\"},\"author\":{\"name\":\"enequipo\",\"@id\":\"https:\/\/www.sonoraenequipo.com.mx\/#\/schema\/person\/50102df0fb23a8fa9e8effad8fa81386\"},\"headline\":\"Trump desclasifica m\u00e1s archivos sobre el asesinato de JFK\",\"datePublished\":\"2025-03-19T21:20:13+00:00\",\"mainEntityOfPage\":{\"@id\":\"https:\/\/www.sonoraenequipo.com.mx\/trump-desclasifica-mas-archivos-sobre-el-asesinato-de-jfk\/\"},\"wordCount\":394,\"commentCount\":0,\"publisher\":{\"@id\":\"https:\/\/www.sonoraenequipo.com.mx\/#organization\"},\"image\":{\"@id\":\"https:\/\/www.sonoraenequipo.com.mx\/trump-desclasifica-mas-archivos-sobre-el-asesinato-de-jfk\/#primaryimage\"},\"thumbnailUrl\":\"https:\/\/www.sonoraenequipo.com.mx\/storage\/2025\/03\/cajas-de-archivos.jpg\",\"keywords\":[\"archivos\",\"jfk\",\"trum\"],\"articleSection\":[\"MUNDO\"],\"inLanguage\":\"es\",\"potentialAction\":[{\"@type\":\"CommentAction\",\"name\":\"Comment\",\"target\":[\"https:\/\/www.sonoraenequipo.com.mx\/trump-desclasifica-mas-archivos-sobre-el-asesinato-de-jfk\/#respond\"]}]},{\"@type\":\"WebPage\",\"@id\":\"https:\/\/www.sonoraenequipo.com.mx\/trump-desclasifica-mas-archivos-sobre-el-asesinato-de-jfk\/\",\"url\":\"https:\/\/www.sonoraenequipo.com.mx\/trump-desclasifica-mas-archivos-sobre-el-asesinato-de-jfk\/\",\"name\":\"Sonora en Equipo. Trump desclasifica m\u00e1s archivos sobre el asesinato de JFK MUNDO\",\"isPartOf\":{\"@id\":\"https:\/\/www.sonoraenequipo.com.mx\/#website\"},\"primaryImageOfPage\":{\"@id\":\"https:\/\/www.sonoraenequipo.com.mx\/trump-desclasifica-mas-archivos-sobre-el-asesinato-de-jfk\/#primaryimage\"},\"image\":{\"@id\":\"https:\/\/www.sonoraenequipo.com.mx\/trump-desclasifica-mas-archivos-sobre-el-asesinato-de-jfk\/#primaryimage\"},\"thumbnailUrl\":\"https:\/\/www.sonoraenequipo.com.mx\/storage\/2025\/03\/cajas-de-archivos.jpg\",\"datePublished\":\"2025-03-19T21:20:13+00:00\",\"description\":\"El Gobierno de Trump public\u00f3 miles de documentos sobre el asesinato del presidente John F. Kennedy (JFK), que hab\u00edan estado clasificados previamente. En Sonora en Equipo publicamos toda la informaci\u00f3n de Sonora, M\u00e9xico y el Mundo de manera oportuna y busca que la libertad de expresi\u00f3n sea real. Visita nuestro medio informativo publicado desde Hermosillo, Sonora. %\",\"breadcrumb\":{\"@id\":\"https:\/\/www.sonoraenequipo.com.mx\/trump-desclasifica-mas-archivos-sobre-el-asesinato-de-jfk\/#breadcrumb\"},\"inLanguage\":\"es\",\"potentialAction\":[{\"@type\":\"ReadAction\",\"target\":[\"https:\/\/www.sonoraenequipo.com.mx\/trump-desclasifica-mas-archivos-sobre-el-asesinato-de-jfk\/\"]}]},{\"@type\":\"ImageObject\",\"inLanguage\":\"es\",\"@id\":\"https:\/\/www.sonoraenequipo.com.mx\/trump-desclasifica-mas-archivos-sobre-el-asesinato-de-jfk\/#primaryimage\",\"url\":\"https:\/\/www.sonoraenequipo.com.mx\/storage\/2025\/03\/cajas-de-archivos.jpg\",\"contentUrl\":\"https:\/\/www.sonoraenequipo.com.mx\/storage\/2025\/03\/cajas-de-archivos.jpg\",\"width\":534,\"height\":400,\"caption\":\"Imagen para ilustrar\"},{\"@type\":\"BreadcrumbList\",\"@id\":\"https:\/\/www.sonoraenequipo.com.mx\/trump-desclasifica-mas-archivos-sobre-el-asesinato-de-jfk\/#breadcrumb\",\"itemListElement\":[{\"@type\":\"ListItem\",\"position\":1,\"name\":\"Portada\",\"item\":\"https:\/\/www.sonoraenequipo.com.mx\/\"},{\"@type\":\"ListItem\",\"position\":2,\"name\":\"Trump desclasifica m\u00e1s archivos sobre el asesinato de JFK\"}]},{\"@type\":\"WebSite\",\"@id\":\"https:\/\/www.sonoraenequipo.com.mx\/#website\",\"url\":\"https:\/\/www.sonoraenequipo.com.mx\/\",\"name\":\"Sonora en Equipo.\",\"description\":\"Diario en l\u00ednea con Noticias desde Hermosillo, Sonora\",\"publisher\":{\"@id\":\"https:\/\/www.sonoraenequipo.com.mx\/#organization\"},\"potentialAction\":[{\"@type\":\"SearchAction\",\"target\":{\"@type\":\"EntryPoint\",\"urlTemplate\":\"https:\/\/www.sonoraenequipo.com.mx\/?s={search_term_string}\"},\"query-input\":{\"@type\":\"PropertyValueSpecification\",\"valueRequired\":true,\"valueName\":\"search_term_string\"}}],\"inLanguage\":\"es\"},{\"@type\":\"Organization\",\"@id\":\"https:\/\/www.sonoraenequipo.com.mx\/#organization\",\"name\":\"Sonoraenequipo.com.mx\",\"url\":\"https:\/\/www.sonoraenequipo.com.mx\/\",\"logo\":{\"@type\":\"ImageObject\",\"inLanguage\":\"es\",\"@id\":\"https:\/\/www.sonoraenequipo.com.mx\/#\/schema\/logo\/image\/\",\"url\":\"https:\/\/www.sonoraenequipo.com.mx\/storage\/2019\/01\/sonoraenequipo_opt.png\",\"contentUrl\":\"https:\/\/www.sonoraenequipo.com.mx\/storage\/2019\/01\/sonoraenequipo_opt.png\",\"width\":375,\"height\":125,\"caption\":\"Sonoraenequipo.com.mx\"},\"image\":{\"@id\":\"https:\/\/www.sonoraenequipo.com.mx\/#\/schema\/logo\/image\/\"},\"sameAs\":[\"https:\/\/www.facebook.com\/SonoraEE\/\",\"https:\/\/x.com\/sonoraenequipo\",\"https:\/\/www.youtube.com\/channel\/UC338nW-lPEYmJQs4ZABQ1SQ\"]},{\"@type\":\"Person\",\"@id\":\"https:\/\/www.sonoraenequipo.com.mx\/#\/schema\/person\/50102df0fb23a8fa9e8effad8fa81386\",\"name\":\"enequipo\",\"image\":{\"@type\":\"ImageObject\",\"inLanguage\":\"es\",\"@id\":\"https:\/\/www.sonoraenequipo.com.mx\/#\/schema\/person\/image\/\",\"url\":\"https:\/\/secure.gravatar.com\/avatar\/049821681b589dabc0bc20695993ccebb09f5b5d4d790cd9251b97faac7c652b?s=96&d=blank&r=g\",\"contentUrl\":\"https:\/\/secure.gravatar.com\/avatar\/049821681b589dabc0bc20695993ccebb09f5b5d4d790cd9251b97faac7c652b?s=96&d=blank&r=g\",\"caption\":\"enequipo\"},\"sameAs\":[\"https:\/\/www.facebook.com\/SonoraEE\"]}]}<\/script>\n ","yoast_head_json":{"title":"Sonora en Equipo. Trump desclasifica m\u00e1s archivos sobre el asesinato de JFK MUNDO","description":"El Gobierno de Trump public\u00f3 miles de documentos sobre el asesinato del presidente John F. Kennedy (JFK), que hab\u00edan estado clasificados previamente. En Sonora en Equipo publicamos toda la informaci\u00f3n de Sonora, M\u00e9xico y el Mundo de manera oportuna y busca que la libertad de expresi\u00f3n sea real. Visita nuestro medio informativo publicado desde Hermosillo, Sonora. %","robots":{"index":"index","follow":"follow","max-snippet":"max-snippet:-1","max-image-preview":"max-image-preview:large","max-video-preview":"max-video-preview:-1"},"canonical":"https:\/\/www.sonoraenequipo.com.mx\/trump-desclasifica-mas-archivos-sobre-el-asesinato-de-jfk\/","og_locale":"es_ES","og_type":"article","og_title":"Sonora en Equipo. Trump desclasifica m\u00e1s archivos sobre el asesinato de JFK MUNDO","og_description":"El Gobierno de Trump public\u00f3 miles de documentos sobre el asesinato del presidente John F. Kennedy (JFK), que hab\u00edan estado clasificados previamente. En Sonora en Equipo publicamos toda la informaci\u00f3n de Sonora, M\u00e9xico y el Mundo de manera oportuna y busca que la libertad de expresi\u00f3n sea real. Visita nuestro medio informativo publicado desde Hermosillo, Sonora. %","og_url":"https:\/\/www.sonoraenequipo.com.mx\/trump-desclasifica-mas-archivos-sobre-el-asesinato-de-jfk\/","og_site_name":"Sonora en Equipo.","article_publisher":"https:\/\/www.facebook.com\/SonoraEE\/","article_author":"https:\/\/www.facebook.com\/SonoraEE","article_published_time":"2025-03-19T21:20:13+00:00","og_image":[{"width":534,"height":400,"url":"https:\/\/www.sonoraenequipo.com.mx\/storage\/2025\/03\/cajas-de-archivos.jpg","type":"image\/jpeg"}],"author":"enequipo","twitter_card":"summary_large_image","twitter_creator":"@sonoraenequipo","twitter_site":"@sonoraenequipo","twitter_misc":{"Escrito por":"enequipo","Tiempo de lectura":"2 minutos"},"schema":{"@context":"https:\/\/schema.org","@graph":[{"@type":"Article","@id":"https:\/\/www.sonoraenequipo.com.mx\/trump-desclasifica-mas-archivos-sobre-el-asesinato-de-jfk\/#article","isPartOf":{"@id":"https:\/\/www.sonoraenequipo.com.mx\/trump-desclasifica-mas-archivos-sobre-el-asesinato-de-jfk\/"},"author":{"name":"enequipo","@id":"https:\/\/www.sonoraenequipo.com.mx\/#\/schema\/person\/50102df0fb23a8fa9e8effad8fa81386"},"headline":"Trump desclasifica m\u00e1s archivos sobre el asesinato de JFK","datePublished":"2025-03-19T21:20:13+00:00","mainEntityOfPage":{"@id":"https:\/\/www.sonoraenequipo.com.mx\/trump-desclasifica-mas-archivos-sobre-el-asesinato-de-jfk\/"},"wordCount":394,"commentCount":0,"publisher":{"@id":"https:\/\/www.sonoraenequipo.com.mx\/#organization"},"image":{"@id":"https:\/\/www.sonoraenequipo.com.mx\/trump-desclasifica-mas-archivos-sobre-el-asesinato-de-jfk\/#primaryimage"},"thumbnailUrl":"https:\/\/www.sonoraenequipo.com.mx\/storage\/2025\/03\/cajas-de-archivos.jpg","keywords":["archivos","jfk","trum"],"articleSection":["MUNDO"],"inLanguage":"es","potentialAction":[{"@type":"CommentAction","name":"Comment","target":["https:\/\/www.sonoraenequipo.com.mx\/trump-desclasifica-mas-archivos-sobre-el-asesinato-de-jfk\/#respond"]}]},{"@type":"WebPage","@id":"https:\/\/www.sonoraenequipo.com.mx\/trump-desclasifica-mas-archivos-sobre-el-asesinato-de-jfk\/","url":"https:\/\/www.sonoraenequipo.com.mx\/trump-desclasifica-mas-archivos-sobre-el-asesinato-de-jfk\/","name":"Sonora en Equipo. Trump desclasifica m\u00e1s archivos sobre el asesinato de JFK MUNDO","isPartOf":{"@id":"https:\/\/www.sonoraenequipo.com.mx\/#website"},"primaryImageOfPage":{"@id":"https:\/\/www.sonoraenequipo.com.mx\/trump-desclasifica-mas-archivos-sobre-el-asesinato-de-jfk\/#primaryimage"},"image":{"@id":"https:\/\/www.sonoraenequipo.com.mx\/trump-desclasifica-mas-archivos-sobre-el-asesinato-de-jfk\/#primaryimage"},"thumbnailUrl":"https:\/\/www.sonoraenequipo.com.mx\/storage\/2025\/03\/cajas-de-archivos.jpg","datePublished":"2025-03-19T21:20:13+00:00","description":"El Gobierno de Trump public\u00f3 miles de documentos sobre el asesinato del presidente John F. Kennedy (JFK), que hab\u00edan estado clasificados previamente. En Sonora en Equipo publicamos toda la informaci\u00f3n de Sonora, M\u00e9xico y el Mundo de manera oportuna y busca que la libertad de expresi\u00f3n sea real. Visita nuestro medio informativo publicado desde Hermosillo, Sonora. %","breadcrumb":{"@id":"https:\/\/www.sonoraenequipo.com.mx\/trump-desclasifica-mas-archivos-sobre-el-asesinato-de-jfk\/#breadcrumb"},"inLanguage":"es","potentialAction":[{"@type":"ReadAction","target":["https:\/\/www.sonoraenequipo.com.mx\/trump-desclasifica-mas-archivos-sobre-el-asesinato-de-jfk\/"]}]},{"@type":"ImageObject","inLanguage":"es","@id":"https:\/\/www.sonoraenequipo.com.mx\/trump-desclasifica-mas-archivos-sobre-el-asesinato-de-jfk\/#primaryimage","url":"https:\/\/www.sonoraenequipo.com.mx\/storage\/2025\/03\/cajas-de-archivos.jpg","contentUrl":"https:\/\/www.sonoraenequipo.com.mx\/storage\/2025\/03\/cajas-de-archivos.jpg","width":534,"height":400,"caption":"Imagen para ilustrar"},{"@type":"BreadcrumbList","@id":"https:\/\/www.sonoraenequipo.com.mx\/trump-desclasifica-mas-archivos-sobre-el-asesinato-de-jfk\/#breadcrumb","itemListElement":[{"@type":"ListItem","position":1,"name":"Portada","item":"https:\/\/www.sonoraenequipo.com.mx\/"},{"@type":"ListItem","position":2,"name":"Trump desclasifica m\u00e1s archivos sobre el asesinato de JFK"}]},{"@type":"WebSite","@id":"https:\/\/www.sonoraenequipo.com.mx\/#website","url":"https:\/\/www.sonoraenequipo.com.mx\/","name":"Sonora en Equipo.","description":"Diario en l\u00ednea con Noticias desde Hermosillo, Sonora","publisher":{"@id":"https:\/\/www.sonoraenequipo.com.mx\/#organization"},"potentialAction":[{"@type":"SearchAction","target":{"@type":"EntryPoint","urlTemplate":"https:\/\/www.sonoraenequipo.com.mx\/?s={search_term_string}"},"query-input":{"@type":"PropertyValueSpecification","valueRequired":true,"valueName":"search_term_string"}}],"inLanguage":"es"},{"@type":"Organization","@id":"https:\/\/www.sonoraenequipo.com.mx\/#organization","name":"Sonoraenequipo.com.mx","url":"https:\/\/www.sonoraenequipo.com.mx\/","logo":{"@type":"ImageObject","inLanguage":"es","@id":"https:\/\/www.sonoraenequipo.com.mx\/#\/schema\/logo\/image\/","url":"https:\/\/www.sonoraenequipo.com.mx\/storage\/2019\/01\/sonoraenequipo_opt.png","contentUrl":"https:\/\/www.sonoraenequipo.com.mx\/storage\/2019\/01\/sonoraenequipo_opt.png","width":375,"height":125,"caption":"Sonoraenequipo.com.mx"},"image":{"@id":"https:\/\/www.sonoraenequipo.com.mx\/#\/schema\/logo\/image\/"},"sameAs":["https:\/\/www.facebook.com\/SonoraEE\/","https:\/\/x.com\/sonoraenequipo","https:\/\/www.youtube.com\/channel\/UC338nW-lPEYmJQs4ZABQ1SQ"]},{"@type":"Person","@id":"https:\/\/www.sonoraenequipo.com.mx\/#\/schema\/person\/50102df0fb23a8fa9e8effad8fa81386","name":"enequipo","image":{"@type":"ImageObject","inLanguage":"es","@id":"https:\/\/www.sonoraenequipo.com.mx\/#\/schema\/person\/image\/","url":"https:\/\/secure.gravatar.com\/avatar\/049821681b589dabc0bc20695993ccebb09f5b5d4d790cd9251b97faac7c652b?s=96&d=blank&r=g","contentUrl":"https:\/\/secure.gravatar.com\/avatar\/049821681b589dabc0bc20695993ccebb09f5b5d4d790cd9251b97faac7c652b?s=96&d=blank&r=g","caption":"enequipo"},"sameAs":["https:\/\/www.facebook.com\/SonoraEE"]}]}},"jetpack_featured_media_url":"https:\/\/www.sonoraenequipo.com.mx\/storage\/2025\/03\/cajas-de-archivos.jpg","_links":{"self":[{"href":"https:\/\/www.sonoraenequipo.com.mx\/api\/wp\/v2\/posts\/211854","targetHints":{"allow":["GET"]}}],"collection":[{"href":"https:\/\/www.sonoraenequipo.com.mx\/api\/wp\/v2\/posts"}],"about":[{"href":"https:\/\/www.sonoraenequipo.com.mx\/api\/wp\/v2\/types\/post"}],"author":[{"embeddable":true,"href":"https:\/\/www.sonoraenequipo.com.mx\/api\/wp\/v2\/users\/1"}],"replies":[{"embeddable":true,"href":"https:\/\/www.sonoraenequipo.com.mx\/api\/wp\/v2\/comments?post=211854"}],"version-history":[{"count":1,"href":"https:\/\/www.sonoraenequipo.com.mx\/api\/wp\/v2\/posts\/211854\/revisions"}],"predecessor-version":[{"id":211856,"href":"https:\/\/www.sonoraenequipo.com.mx\/api\/wp\/v2\/posts\/211854\/revisions\/211856"}],"wp:featuredmedia":[{"embeddable":true,"href":"https:\/\/www.sonoraenequipo.com.mx\/api\/wp\/v2\/media\/211855"}],"wp:attachment":[{"href":"https:\/\/www.sonoraenequipo.com.mx\/api\/wp\/v2\/media?parent=211854"}],"wp:term":[{"taxonomy":"category","embeddable":true,"href":"https:\/\/www.sonoraenequipo.com.mx\/api\/wp\/v2\/categories?post=211854"},{"taxonomy":"post_tag","embeddable":true,"href":"https:\/\/www.sonoraenequipo.com.mx\/api\/wp\/v2\/tags?post=211854"}],"curies":[{"name":"wp","href":"https:\/\/api.w.org\/{rel}","templated":true}]}}