{"id":211863,"date":"2025-03-19T15:14:17","date_gmt":"2025-03-19T22:14:17","guid":{"rendered":"https:\/\/www.sonoraenequipo.com.mx\/?p=211863"},"modified":"2025-03-19T15:14:17","modified_gmt":"2025-03-19T22:14:17","slug":"estudio-sugiere-que-todos-vivimos-dentro-de-un-agujero-negro","status":"publish","type":"post","link":"https:\/\/www.sonoraenequipo.com.mx\/estudio-sugiere-que-todos-vivimos-dentro-de-un-agujero-negro\/","title":{"rendered":"Estudio sugiere que todos vivimos dentro de un agujero negro"},"content":{"rendered":"<p>Una observaci\u00f3n realizada por el telescopio espacial James Webb (JWST) podr\u00eda revolucionar nuevamente nuestra comprensi\u00f3n del universo. Un nuevo estudio publicado en Monthly Notices of the Royal Astronomical Society ha revelado un patr\u00f3n sorprendente en la rotaci\u00f3n de las galaxias del universo primitivo: la \u00abgran mayor\u00eda\u00bb de estas giran en la misma direcci\u00f3n. Este hallazgo desaf\u00eda los modelos cosmol\u00f3gicos actuales y sugiere la fascinante posibilidad de que nuestro universo entero podr\u00eda existir dentro de un agujero negro.<\/p>\n<p>&nbsp;<\/p>\n<p>En concreto, el estudio, liderado por Lior Shamir, profesor asociado de Inform\u00e1tica en la Universidad Estatal de Kansas, analiz\u00f3 263 galaxias del universo primitivo capturadas para el JADES (Estudio extragal\u00e1ctico profundo avanzado). Lo que encontr\u00f3 desaf\u00eda uno de los principios fundamentales de la cosmolog\u00eda moderna.<\/p>\n<p>&nbsp;<\/p>\n<p>\u00abEn un universo aleatorio, el n\u00famero de galaxias que giran en una direcci\u00f3n deber\u00eda ser aproximadamente el mismo que el n\u00famero de galaxias que giran en la otra direcci\u00f3n\u00bb, explica Shamir en un comunicado de prensa. Sin embargo, sus observaciones revelaron que aproximadamente el 60 % de las galaxias (158) giraban en el sentido de las agujas del reloj, mientras que solo el 40 % (105) lo hac\u00edan en sentido contrario.<\/p>\n<p>&nbsp;<\/p>\n<p>\u00abEl an\u00e1lisis de las galaxias se hizo mediante el an\u00e1lisis cuantitativo de sus formas, pero la diferencia es tan obvia que cualquier persona que mire la imagen puede verla\u00bb, afirma Shamir. \u00abNo se necesitan habilidades o conocimientos especiales para ver que los n\u00fameros son diferentes. Con la potencia del telescopio espacial James Webb, cualquiera puede verlo\u00bb, agreg\u00f3.<\/p>\n<p>&nbsp;<\/p>\n<p>Este hallazgo plantea importantes interrogantes sobre nuestra comprensi\u00f3n del universo. Los investigadores proponen dos posibles explicaciones para esta asimetr\u00eda observada.<\/p>\n<p>&nbsp;<\/p>\n<p>\u00bfVivimos dentro de un agujero negro?<\/p>\n<p>La primera explicaci\u00f3n sugiere que el universo naci\u00f3 girando, lo que concuerda con la teor\u00eda de la \u00abcosmolog\u00eda del agujero negro\u00bb o \u00abcosmolog\u00eda de Schwarzschild\u00bb. Esta teor\u00eda, propuesta inicialmente en la d\u00e9cada de 1970 por cient\u00edficos como Raj Kumar Pathria e I.J. Good, postula que todo nuestro universo podr\u00eda existir dentro de un agujero negro que a su vez reside en un universo mayor.<\/p>\n<p>&nbsp;<\/p>\n<p>El f\u00edsico te\u00f3rico Nikodem Poplawski, de la Universidad de New Haven (quien no particip\u00f3 en esta investigaci\u00f3n), coment\u00f3 a Space.com: \u00abCreo que la explicaci\u00f3n m\u00e1s sencilla del universo en rotaci\u00f3n es que el universo naci\u00f3 en un agujero negro en rotaci\u00f3n. Un eje preferido en nuestro universo, heredado por el eje de rotaci\u00f3n de su agujero negro progenitor, podr\u00eda haber influido en la din\u00e1mica de rotaci\u00f3n de las galaxias, creando la asimetr\u00eda observada\u00bb.<\/p>\n<p>&nbsp;<\/p>\n<p>Esta teor\u00eda podr\u00eda compararse con un conjunto de mu\u00f1ecas rusas c\u00f3smicas, donde cada agujero negro contiene un universo completo. Bajo esta perspectiva, otros agujeros negros observados podr\u00edan ser puentes de Einstein-Rosen (agujeros de gusano) hacia otros universos.<\/p>\n<p><strong>Fecha de publicaci\u00f3n mi\u00e9rcoles 19 de marzo de 2025 \/ DW <\/strong><\/p>\n","protected":false},"excerpt":{"rendered":"<p>Una observaci\u00f3n realizada por el telescopio espacial James Webb (JWST) podr\u00eda revolucionar nuevamente nuestra comprensi\u00f3n&#8230;<\/p>\n","protected":false},"author":1,"featured_media":211864,"comment_status":"open","ping_status":"open","sticky":false,"template":"","format":"standard","meta":{"_monsterinsights_skip_tracking":false,"_monsterinsights_sitenote_active":false,"_monsterinsights_sitenote_note":"","_monsterinsights_sitenote_category":0,"footnotes":""},"categories":[2216],"tags":[11002,1646],"class_list":["post"],"yoast_head":" \n<title>Sonora en Equipo. Estudio sugiere que todos vivimos dentro de un agujero negro Ciencia y Tecnolog\u00eda<\/title>\n<meta name=\"description\" content=\"Una observaci\u00f3n realizada por el telescopio espacial James Webb (JWST) podr\u00eda revolucionar nuevamente nuestra comprensi\u00f3n del universo. Un nuevo estudio En Sonora en Equipo publicamos toda la informaci\u00f3n de Sonora, M\u00e9xico y el Mundo de manera oportuna y busca que la libertad de expresi\u00f3n sea real. Visita nuestro medio informativo publicado desde Hermosillo, Sonora. %\" \/>\n<meta name=\"robots\" content=\"index, follow, max-snippet:-1, max-image-preview:large, max-video-preview:-1\" \/>\n<link rel=\"canonical\" href=\"https:\/\/www.sonoraenequipo.com.mx\/estudio-sugiere-que-todos-vivimos-dentro-de-un-agujero-negro\/\" \/>\n<meta property=\"og:locale\" content=\"es_ES\" \/>\n<meta property=\"og:type\" content=\"article\" \/>\n<meta property=\"og:title\" content=\"Sonora en Equipo. Estudio sugiere que todos vivimos dentro de un agujero negro Ciencia y Tecnolog\u00eda\" \/>\n<meta property=\"og:description\" content=\"Una observaci\u00f3n realizada por el telescopio espacial James Webb (JWST) podr\u00eda revolucionar nuevamente nuestra comprensi\u00f3n del universo. Un nuevo estudio En Sonora en Equipo publicamos toda la informaci\u00f3n de Sonora, M\u00e9xico y el Mundo de manera oportuna y busca que la libertad de expresi\u00f3n sea real. Visita nuestro medio informativo publicado desde Hermosillo, Sonora. %\" \/>\n<meta property=\"og:url\" content=\"https:\/\/www.sonoraenequipo.com.mx\/estudio-sugiere-que-todos-vivimos-dentro-de-un-agujero-negro\/\" \/>\n<meta property=\"og:site_name\" content=\"Sonora en Equipo.\" \/>\n<meta property=\"article:publisher\" content=\"https:\/\/www.facebook.com\/SonoraEE\/\" \/>\n<meta property=\"article:author\" content=\"https:\/\/www.facebook.com\/SonoraEE\" \/>\n<meta property=\"article:published_time\" content=\"2025-03-19T22:14:17+00:00\" \/>\n<meta property=\"og:image\" content=\"https:\/\/www.sonoraenequipo.com.mx\/storage\/2025\/03\/universo.jpg\" \/>\n\t<meta property=\"og:image:width\" content=\"600\" \/>\n\t<meta property=\"og:image:height\" content=\"400\" \/>\n\t<meta property=\"og:image:type\" content=\"image\/jpeg\" \/>\n<meta name=\"author\" content=\"enequipo\" \/>\n<meta name=\"twitter:card\" content=\"summary_large_image\" \/>\n<meta name=\"twitter:creator\" content=\"@sonoraenequipo\" \/>\n<meta name=\"twitter:site\" content=\"@sonoraenequipo\" \/>\n<meta name=\"twitter:label1\" content=\"Escrito por\" \/>\n\t<meta name=\"twitter:data1\" content=\"enequipo\" \/>\n\t<meta name=\"twitter:label2\" content=\"Tiempo de lectura\" \/>\n\t<meta name=\"twitter:data2\" content=\"3 minutos\" \/>\n<script type=\"application\/ld+json\" class=\"yoast-schema-graph\">{\"@context\":\"https:\/\/schema.org\",\"@graph\":[{\"@type\":\"Article\",\"@id\":\"https:\/\/www.sonoraenequipo.com.mx\/estudio-sugiere-que-todos-vivimos-dentro-de-un-agujero-negro\/#article\",\"isPartOf\":{\"@id\":\"https:\/\/www.sonoraenequipo.com.mx\/estudio-sugiere-que-todos-vivimos-dentro-de-un-agujero-negro\/\"},\"author\":{\"name\":\"enequipo\",\"@id\":\"https:\/\/www.sonoraenequipo.com.mx\/#\/schema\/person\/50102df0fb23a8fa9e8effad8fa81386\"},\"headline\":\"Estudio sugiere que todos vivimos dentro de un agujero negro\",\"datePublished\":\"2025-03-19T22:14:17+00:00\",\"mainEntityOfPage\":{\"@id\":\"https:\/\/www.sonoraenequipo.com.mx\/estudio-sugiere-que-todos-vivimos-dentro-de-un-agujero-negro\/\"},\"wordCount\":521,\"commentCount\":0,\"publisher\":{\"@id\":\"https:\/\/www.sonoraenequipo.com.mx\/#organization\"},\"image\":{\"@id\":\"https:\/\/www.sonoraenequipo.com.mx\/estudio-sugiere-que-todos-vivimos-dentro-de-un-agujero-negro\/#primaryimage\"},\"thumbnailUrl\":\"https:\/\/www.sonoraenequipo.com.mx\/storage\/2025\/03\/universo.jpg\",\"keywords\":[\"james webb\",\"Universo\"],\"articleSection\":[\"Ciencia y Tecnolog\u00eda\"],\"inLanguage\":\"es\",\"potentialAction\":[{\"@type\":\"CommentAction\",\"name\":\"Comment\",\"target\":[\"https:\/\/www.sonoraenequipo.com.mx\/estudio-sugiere-que-todos-vivimos-dentro-de-un-agujero-negro\/#respond\"]}]},{\"@type\":\"WebPage\",\"@id\":\"https:\/\/www.sonoraenequipo.com.mx\/estudio-sugiere-que-todos-vivimos-dentro-de-un-agujero-negro\/\",\"url\":\"https:\/\/www.sonoraenequipo.com.mx\/estudio-sugiere-que-todos-vivimos-dentro-de-un-agujero-negro\/\",\"name\":\"Sonora en Equipo. Estudio sugiere que todos vivimos dentro de un agujero negro Ciencia y Tecnolog\u00eda\",\"isPartOf\":{\"@id\":\"https:\/\/www.sonoraenequipo.com.mx\/#website\"},\"primaryImageOfPage\":{\"@id\":\"https:\/\/www.sonoraenequipo.com.mx\/estudio-sugiere-que-todos-vivimos-dentro-de-un-agujero-negro\/#primaryimage\"},\"image\":{\"@id\":\"https:\/\/www.sonoraenequipo.com.mx\/estudio-sugiere-que-todos-vivimos-dentro-de-un-agujero-negro\/#primaryimage\"},\"thumbnailUrl\":\"https:\/\/www.sonoraenequipo.com.mx\/storage\/2025\/03\/universo.jpg\",\"datePublished\":\"2025-03-19T22:14:17+00:00\",\"description\":\"Una observaci\u00f3n realizada por el telescopio espacial James Webb (JWST) podr\u00eda revolucionar nuevamente nuestra comprensi\u00f3n del universo. Un nuevo estudio En Sonora en Equipo publicamos toda la informaci\u00f3n de Sonora, M\u00e9xico y el Mundo de manera oportuna y busca que la libertad de expresi\u00f3n sea real. Visita nuestro medio informativo publicado desde Hermosillo, Sonora. %\",\"breadcrumb\":{\"@id\":\"https:\/\/www.sonoraenequipo.com.mx\/estudio-sugiere-que-todos-vivimos-dentro-de-un-agujero-negro\/#breadcrumb\"},\"inLanguage\":\"es\",\"potentialAction\":[{\"@type\":\"ReadAction\",\"target\":[\"https:\/\/www.sonoraenequipo.com.mx\/estudio-sugiere-que-todos-vivimos-dentro-de-un-agujero-negro\/\"]}]},{\"@type\":\"ImageObject\",\"inLanguage\":\"es\",\"@id\":\"https:\/\/www.sonoraenequipo.com.mx\/estudio-sugiere-que-todos-vivimos-dentro-de-un-agujero-negro\/#primaryimage\",\"url\":\"https:\/\/www.sonoraenequipo.com.mx\/storage\/2025\/03\/universo.jpg\",\"contentUrl\":\"https:\/\/www.sonoraenequipo.com.mx\/storage\/2025\/03\/universo.jpg\",\"width\":600,\"height\":400,\"caption\":\"El telescopio James Webb observ\u00f3 un patr\u00f3n sorprendente en las galaxias espirales: aquellas que giran en direcci\u00f3n opuesta a la V\u00eda L\u00e1ctea (azul) aparecieron en mayor n\u00famero que las que giran en la misma direcci\u00f3n (rojo).Imagen: Lior Shamir, Monthly Notices of the Royal Astronomical Society (2025)\"},{\"@type\":\"BreadcrumbList\",\"@id\":\"https:\/\/www.sonoraenequipo.com.mx\/estudio-sugiere-que-todos-vivimos-dentro-de-un-agujero-negro\/#breadcrumb\",\"itemListElement\":[{\"@type\":\"ListItem\",\"position\":1,\"name\":\"Portada\",\"item\":\"https:\/\/www.sonoraenequipo.com.mx\/\"},{\"@type\":\"ListItem\",\"position\":2,\"name\":\"Estudio sugiere que todos vivimos dentro de un agujero negro\"}]},{\"@type\":\"WebSite\",\"@id\":\"https:\/\/www.sonoraenequipo.com.mx\/#website\",\"url\":\"https:\/\/www.sonoraenequipo.com.mx\/\",\"name\":\"Sonora en Equipo.\",\"description\":\"Diario en l\u00ednea con Noticias desde Hermosillo, Sonora\",\"publisher\":{\"@id\":\"https:\/\/www.sonoraenequipo.com.mx\/#organization\"},\"potentialAction\":[{\"@type\":\"SearchAction\",\"target\":{\"@type\":\"EntryPoint\",\"urlTemplate\":\"https:\/\/www.sonoraenequipo.com.mx\/?s={search_term_string}\"},\"query-input\":{\"@type\":\"PropertyValueSpecification\",\"valueRequired\":true,\"valueName\":\"search_term_string\"}}],\"inLanguage\":\"es\"},{\"@type\":\"Organization\",\"@id\":\"https:\/\/www.sonoraenequipo.com.mx\/#organization\",\"name\":\"Sonoraenequipo.com.mx\",\"url\":\"https:\/\/www.sonoraenequipo.com.mx\/\",\"logo\":{\"@type\":\"ImageObject\",\"inLanguage\":\"es\",\"@id\":\"https:\/\/www.sonoraenequipo.com.mx\/#\/schema\/logo\/image\/\",\"url\":\"https:\/\/www.sonoraenequipo.com.mx\/storage\/2019\/01\/sonoraenequipo_opt.png\",\"contentUrl\":\"https:\/\/www.sonoraenequipo.com.mx\/storage\/2019\/01\/sonoraenequipo_opt.png\",\"width\":375,\"height\":125,\"caption\":\"Sonoraenequipo.com.mx\"},\"image\":{\"@id\":\"https:\/\/www.sonoraenequipo.com.mx\/#\/schema\/logo\/image\/\"},\"sameAs\":[\"https:\/\/www.facebook.com\/SonoraEE\/\",\"https:\/\/x.com\/sonoraenequipo\",\"https:\/\/www.youtube.com\/channel\/UC338nW-lPEYmJQs4ZABQ1SQ\"]},{\"@type\":\"Person\",\"@id\":\"https:\/\/www.sonoraenequipo.com.mx\/#\/schema\/person\/50102df0fb23a8fa9e8effad8fa81386\",\"name\":\"enequipo\",\"image\":{\"@type\":\"ImageObject\",\"inLanguage\":\"es\",\"@id\":\"https:\/\/www.sonoraenequipo.com.mx\/#\/schema\/person\/image\/\",\"url\":\"https:\/\/secure.gravatar.com\/avatar\/049821681b589dabc0bc20695993ccebb09f5b5d4d790cd9251b97faac7c652b?s=96&d=blank&r=g\",\"contentUrl\":\"https:\/\/secure.gravatar.com\/avatar\/049821681b589dabc0bc20695993ccebb09f5b5d4d790cd9251b97faac7c652b?s=96&d=blank&r=g\",\"caption\":\"enequipo\"},\"sameAs\":[\"https:\/\/www.facebook.com\/SonoraEE\"]}]}<\/script>\n ","yoast_head_json":{"title":"Sonora en Equipo. Estudio sugiere que todos vivimos dentro de un agujero negro Ciencia y Tecnolog\u00eda","description":"Una observaci\u00f3n realizada por el telescopio espacial James Webb (JWST) podr\u00eda revolucionar nuevamente nuestra comprensi\u00f3n del universo. Un nuevo estudio En Sonora en Equipo publicamos toda la informaci\u00f3n de Sonora, M\u00e9xico y el Mundo de manera oportuna y busca que la libertad de expresi\u00f3n sea real. Visita nuestro medio informativo publicado desde Hermosillo, Sonora. %","robots":{"index":"index","follow":"follow","max-snippet":"max-snippet:-1","max-image-preview":"max-image-preview:large","max-video-preview":"max-video-preview:-1"},"canonical":"https:\/\/www.sonoraenequipo.com.mx\/estudio-sugiere-que-todos-vivimos-dentro-de-un-agujero-negro\/","og_locale":"es_ES","og_type":"article","og_title":"Sonora en Equipo. Estudio sugiere que todos vivimos dentro de un agujero negro Ciencia y Tecnolog\u00eda","og_description":"Una observaci\u00f3n realizada por el telescopio espacial James Webb (JWST) podr\u00eda revolucionar nuevamente nuestra comprensi\u00f3n del universo. Un nuevo estudio En Sonora en Equipo publicamos toda la informaci\u00f3n de Sonora, M\u00e9xico y el Mundo de manera oportuna y busca que la libertad de expresi\u00f3n sea real. Visita nuestro medio informativo publicado desde Hermosillo, Sonora. %","og_url":"https:\/\/www.sonoraenequipo.com.mx\/estudio-sugiere-que-todos-vivimos-dentro-de-un-agujero-negro\/","og_site_name":"Sonora en Equipo.","article_publisher":"https:\/\/www.facebook.com\/SonoraEE\/","article_author":"https:\/\/www.facebook.com\/SonoraEE","article_published_time":"2025-03-19T22:14:17+00:00","og_image":[{"width":600,"height":400,"url":"https:\/\/www.sonoraenequipo.com.mx\/storage\/2025\/03\/universo.jpg","type":"image\/jpeg"}],"author":"enequipo","twitter_card":"summary_large_image","twitter_creator":"@sonoraenequipo","twitter_site":"@sonoraenequipo","twitter_misc":{"Escrito por":"enequipo","Tiempo de lectura":"3 minutos"},"schema":{"@context":"https:\/\/schema.org","@graph":[{"@type":"Article","@id":"https:\/\/www.sonoraenequipo.com.mx\/estudio-sugiere-que-todos-vivimos-dentro-de-un-agujero-negro\/#article","isPartOf":{"@id":"https:\/\/www.sonoraenequipo.com.mx\/estudio-sugiere-que-todos-vivimos-dentro-de-un-agujero-negro\/"},"author":{"name":"enequipo","@id":"https:\/\/www.sonoraenequipo.com.mx\/#\/schema\/person\/50102df0fb23a8fa9e8effad8fa81386"},"headline":"Estudio sugiere que todos vivimos dentro de un agujero negro","datePublished":"2025-03-19T22:14:17+00:00","mainEntityOfPage":{"@id":"https:\/\/www.sonoraenequipo.com.mx\/estudio-sugiere-que-todos-vivimos-dentro-de-un-agujero-negro\/"},"wordCount":521,"commentCount":0,"publisher":{"@id":"https:\/\/www.sonoraenequipo.com.mx\/#organization"},"image":{"@id":"https:\/\/www.sonoraenequipo.com.mx\/estudio-sugiere-que-todos-vivimos-dentro-de-un-agujero-negro\/#primaryimage"},"thumbnailUrl":"https:\/\/www.sonoraenequipo.com.mx\/storage\/2025\/03\/universo.jpg","keywords":["james webb","Universo"],"articleSection":["Ciencia y Tecnolog\u00eda"],"inLanguage":"es","potentialAction":[{"@type":"CommentAction","name":"Comment","target":["https:\/\/www.sonoraenequipo.com.mx\/estudio-sugiere-que-todos-vivimos-dentro-de-un-agujero-negro\/#respond"]}]},{"@type":"WebPage","@id":"https:\/\/www.sonoraenequipo.com.mx\/estudio-sugiere-que-todos-vivimos-dentro-de-un-agujero-negro\/","url":"https:\/\/www.sonoraenequipo.com.mx\/estudio-sugiere-que-todos-vivimos-dentro-de-un-agujero-negro\/","name":"Sonora en Equipo. Estudio sugiere que todos vivimos dentro de un agujero negro Ciencia y Tecnolog\u00eda","isPartOf":{"@id":"https:\/\/www.sonoraenequipo.com.mx\/#website"},"primaryImageOfPage":{"@id":"https:\/\/www.sonoraenequipo.com.mx\/estudio-sugiere-que-todos-vivimos-dentro-de-un-agujero-negro\/#primaryimage"},"image":{"@id":"https:\/\/www.sonoraenequipo.com.mx\/estudio-sugiere-que-todos-vivimos-dentro-de-un-agujero-negro\/#primaryimage"},"thumbnailUrl":"https:\/\/www.sonoraenequipo.com.mx\/storage\/2025\/03\/universo.jpg","datePublished":"2025-03-19T22:14:17+00:00","description":"Una observaci\u00f3n realizada por el telescopio espacial James Webb (JWST) podr\u00eda revolucionar nuevamente nuestra comprensi\u00f3n del universo. Un nuevo estudio En Sonora en Equipo publicamos toda la informaci\u00f3n de Sonora, M\u00e9xico y el Mundo de manera oportuna y busca que la libertad de expresi\u00f3n sea real. Visita nuestro medio informativo publicado desde Hermosillo, Sonora. %","breadcrumb":{"@id":"https:\/\/www.sonoraenequipo.com.mx\/estudio-sugiere-que-todos-vivimos-dentro-de-un-agujero-negro\/#breadcrumb"},"inLanguage":"es","potentialAction":[{"@type":"ReadAction","target":["https:\/\/www.sonoraenequipo.com.mx\/estudio-sugiere-que-todos-vivimos-dentro-de-un-agujero-negro\/"]}]},{"@type":"ImageObject","inLanguage":"es","@id":"https:\/\/www.sonoraenequipo.com.mx\/estudio-sugiere-que-todos-vivimos-dentro-de-un-agujero-negro\/#primaryimage","url":"https:\/\/www.sonoraenequipo.com.mx\/storage\/2025\/03\/universo.jpg","contentUrl":"https:\/\/www.sonoraenequipo.com.mx\/storage\/2025\/03\/universo.jpg","width":600,"height":400,"caption":"El telescopio James Webb observ\u00f3 un patr\u00f3n sorprendente en las galaxias espirales: aquellas que giran en direcci\u00f3n opuesta a la V\u00eda L\u00e1ctea (azul) aparecieron en mayor n\u00famero que las que giran en la misma direcci\u00f3n (rojo).Imagen: Lior Shamir, Monthly Notices of the Royal Astronomical Society (2025)"},{"@type":"BreadcrumbList","@id":"https:\/\/www.sonoraenequipo.com.mx\/estudio-sugiere-que-todos-vivimos-dentro-de-un-agujero-negro\/#breadcrumb","itemListElement":[{"@type":"ListItem","position":1,"name":"Portada","item":"https:\/\/www.sonoraenequipo.com.mx\/"},{"@type":"ListItem","position":2,"name":"Estudio sugiere que todos vivimos dentro de un agujero negro"}]},{"@type":"WebSite","@id":"https:\/\/www.sonoraenequipo.com.mx\/#website","url":"https:\/\/www.sonoraenequipo.com.mx\/","name":"Sonora en Equipo.","description":"Diario en l\u00ednea con Noticias desde Hermosillo, Sonora","publisher":{"@id":"https:\/\/www.sonoraenequipo.com.mx\/#organization"},"potentialAction":[{"@type":"SearchAction","target":{"@type":"EntryPoint","urlTemplate":"https:\/\/www.sonoraenequipo.com.mx\/?s={search_term_string}"},"query-input":{"@type":"PropertyValueSpecification","valueRequired":true,"valueName":"search_term_string"}}],"inLanguage":"es"},{"@type":"Organization","@id":"https:\/\/www.sonoraenequipo.com.mx\/#organization","name":"Sonoraenequipo.com.mx","url":"https:\/\/www.sonoraenequipo.com.mx\/","logo":{"@type":"ImageObject","inLanguage":"es","@id":"https:\/\/www.sonoraenequipo.com.mx\/#\/schema\/logo\/image\/","url":"https:\/\/www.sonoraenequipo.com.mx\/storage\/2019\/01\/sonoraenequipo_opt.png","contentUrl":"https:\/\/www.sonoraenequipo.com.mx\/storage\/2019\/01\/sonoraenequipo_opt.png","width":375,"height":125,"caption":"Sonoraenequipo.com.mx"},"image":{"@id":"https:\/\/www.sonoraenequipo.com.mx\/#\/schema\/logo\/image\/"},"sameAs":["https:\/\/www.facebook.com\/SonoraEE\/","https:\/\/x.com\/sonoraenequipo","https:\/\/www.youtube.com\/channel\/UC338nW-lPEYmJQs4ZABQ1SQ"]},{"@type":"Person","@id":"https:\/\/www.sonoraenequipo.com.mx\/#\/schema\/person\/50102df0fb23a8fa9e8effad8fa81386","name":"enequipo","image":{"@type":"ImageObject","inLanguage":"es","@id":"https:\/\/www.sonoraenequipo.com.mx\/#\/schema\/person\/image\/","url":"https:\/\/secure.gravatar.com\/avatar\/049821681b589dabc0bc20695993ccebb09f5b5d4d790cd9251b97faac7c652b?s=96&d=blank&r=g","contentUrl":"https:\/\/secure.gravatar.com\/avatar\/049821681b589dabc0bc20695993ccebb09f5b5d4d790cd9251b97faac7c652b?s=96&d=blank&r=g","caption":"enequipo"},"sameAs":["https:\/\/www.facebook.com\/SonoraEE"]}]}},"jetpack_featured_media_url":"https:\/\/www.sonoraenequipo.com.mx\/storage\/2025\/03\/universo.jpg","_links":{"self":[{"href":"https:\/\/www.sonoraenequipo.com.mx\/api\/wp\/v2\/posts\/211863","targetHints":{"allow":["GET"]}}],"collection":[{"href":"https:\/\/www.sonoraenequipo.com.mx\/api\/wp\/v2\/posts"}],"about":[{"href":"https:\/\/www.sonoraenequipo.com.mx\/api\/wp\/v2\/types\/post"}],"author":[{"embeddable":true,"href":"https:\/\/www.sonoraenequipo.com.mx\/api\/wp\/v2\/users\/1"}],"replies":[{"embeddable":true,"href":"https:\/\/www.sonoraenequipo.com.mx\/api\/wp\/v2\/comments?post=211863"}],"version-history":[{"count":1,"href":"https:\/\/www.sonoraenequipo.com.mx\/api\/wp\/v2\/posts\/211863\/revisions"}],"predecessor-version":[{"id":211865,"href":"https:\/\/www.sonoraenequipo.com.mx\/api\/wp\/v2\/posts\/211863\/revisions\/211865"}],"wp:featuredmedia":[{"embeddable":true,"href":"https:\/\/www.sonoraenequipo.com.mx\/api\/wp\/v2\/media\/211864"}],"wp:attachment":[{"href":"https:\/\/www.sonoraenequipo.com.mx\/api\/wp\/v2\/media?parent=211863"}],"wp:term":[{"taxonomy":"category","embeddable":true,"href":"https:\/\/www.sonoraenequipo.com.mx\/api\/wp\/v2\/categories?post=211863"},{"taxonomy":"post_tag","embeddable":true,"href":"https:\/\/www.sonoraenequipo.com.mx\/api\/wp\/v2\/tags?post=211863"}],"curies":[{"name":"wp","href":"https:\/\/api.w.org\/{rel}","templated":true}]}}