{"id":211885,"date":"2025-03-19T19:35:48","date_gmt":"2025-03-20T02:35:48","guid":{"rendered":"https:\/\/www.sonoraenequipo.com.mx\/?p=211885"},"modified":"2025-03-19T20:31:07","modified_gmt":"2025-03-20T03:31:07","slug":"avion-se-incendia-en-aeropuerto-de-denver-pasajeros-sufren-heridas-leves","status":"publish","type":"post","link":"https:\/\/www.sonoraenequipo.com.mx\/avion-se-incendia-en-aeropuerto-de-denver-pasajeros-sufren-heridas-leves\/","title":{"rendered":"Avi\u00f3n se incendia en aeropuerto de Denver; pasajeros sufren heridas leves"},"content":{"rendered":"<p>Una docena de personas fueron llevadas al hospital con heridas menores tras el incendio del motor un avi\u00f3n de American Airlines en el Aeropuerto Internacional de Denver, que inform\u00f3 que todos los pasajeros fueron evacuados a salvo.<\/p>\n<p>Un avi\u00f3n de la compa\u00f1\u00eda estadounidense American Airlines se incendi\u00f3 al aterrizar el jueves en el Aeropuerto Internacional de Denver, Colorado, lo que provoc\u00f3 que la evacuaci\u00f3n de los pasajeros, algunos de ellos con heridas leves.<\/p>\n<p>\u00abLos equipos de emergencia respondieron a un incidente a\u00e9reo esta tarde en la puerta C38. Todos los pasajeros fueron evacuados sanos y salvos del avi\u00f3n\u00bb, inform\u00f3 el aeropuerto en X.<\/p>\n<p>De acuerdo con la comunicaci\u00f3n, unas doce personas fueron trasladadas a hospitales locales con heridas leves.<\/p>\n<p>Poco despu\u00e9s, el aeropuerto agreg\u00f3 que sus operaciones se manten\u00edan con normalidad y que los bomberos hab\u00eda extinguido el fuego.<\/p>\n<p>El vuelo 1006, que parti\u00f3 del Aeropuerto de Colorado Springs con 127 pasajeros y seis miembros de tripulaci\u00f3n destino a Dallas Fort Worth, se desvi\u00f3 hacia Denver y aterriz\u00f3 cerca de las 5:15 de la tarde, hora local, despu\u00e9s de que la tripulaci\u00f3n report\u00f3 vibraciones en el motor, seg\u00fan un comunicado de la Administraci\u00f3n Federal de Aviaci\u00f3n de Estados Unidos (FAA).<\/p>\n<p>Uno de los motores del Boeing 737-800 se incendi\u00f3 en su trayecto a la pista, inform\u00f3 la FAA, que investigar\u00e1 el incidente.<\/p>\n<p>Varias fotograf\u00edas y videos en redes sociales muestran c\u00f3mo los pasajeros se subieron a una de las alas del avi\u00f3n, rodeados de humo.<\/p>\n<p>American Airlines se\u00f1al\u00f3 por su parte que el vuelo experiment\u00f3 un problema relacionado con un motor despu\u00e9s de dirigirse hacia la puerta de embarque.<\/p>\n<p><strong>Fecha de publicaci\u00f3n mi\u00e9rcoles 19 de marzo de 2025\/ VOA <\/strong><\/p>\n","protected":false},"excerpt":{"rendered":"<p>Una docena de personas fueron llevadas al hospital con heridas menores tras el incendio del&#8230;<\/p>\n","protected":false},"author":1,"featured_media":211886,"comment_status":"open","ping_status":"open","sticky":false,"template":"","format":"standard","meta":{"_monsterinsights_skip_tracking":false,"_monsterinsights_sitenote_active":false,"_monsterinsights_sitenote_note":"","_monsterinsights_sitenote_category":0,"footnotes":""},"categories":[3],"tags":[3034,11006,1391],"class_list":["post"],"yoast_head":" \n<title>Sonora en Equipo. Avi\u00f3n se incendia en aeropuerto de Denver; pasajeros sufren heridas leves MUNDO<\/title>\n<meta name=\"description\" content=\"Una docena de personas fueron llevadas al hospital con heridas menores tras el incendio del motor un avi\u00f3n de American Airlines en el Aeropuerto En Sonora en Equipo publicamos toda la informaci\u00f3n de Sonora, M\u00e9xico y el Mundo de manera oportuna y busca que la libertad de expresi\u00f3n sea real. Visita nuestro medio informativo publicado desde Hermosillo, Sonora. %\" \/>\n<meta name=\"robots\" content=\"index, follow, max-snippet:-1, max-image-preview:large, max-video-preview:-1\" \/>\n<link rel=\"canonical\" href=\"https:\/\/www.sonoraenequipo.com.mx\/avion-se-incendia-en-aeropuerto-de-denver-pasajeros-sufren-heridas-leves\/\" \/>\n<meta property=\"og:locale\" content=\"es_ES\" \/>\n<meta property=\"og:type\" content=\"article\" \/>\n<meta property=\"og:title\" content=\"Sonora en Equipo. Avi\u00f3n se incendia en aeropuerto de Denver; pasajeros sufren heridas leves MUNDO\" \/>\n<meta property=\"og:description\" content=\"Una docena de personas fueron llevadas al hospital con heridas menores tras el incendio del motor un avi\u00f3n de American Airlines en el Aeropuerto En Sonora en Equipo publicamos toda la informaci\u00f3n de Sonora, M\u00e9xico y el Mundo de manera oportuna y busca que la libertad de expresi\u00f3n sea real. Visita nuestro medio informativo publicado desde Hermosillo, Sonora. %\" \/>\n<meta property=\"og:url\" content=\"https:\/\/www.sonoraenequipo.com.mx\/avion-se-incendia-en-aeropuerto-de-denver-pasajeros-sufren-heridas-leves\/\" \/>\n<meta property=\"og:site_name\" content=\"Sonora en Equipo.\" \/>\n<meta property=\"article:publisher\" content=\"https:\/\/www.facebook.com\/SonoraEE\/\" \/>\n<meta property=\"article:author\" content=\"https:\/\/www.facebook.com\/SonoraEE\" \/>\n<meta property=\"article:published_time\" content=\"2025-03-20T02:35:48+00:00\" \/>\n<meta property=\"article:modified_time\" content=\"2025-03-20T03:31:07+00:00\" \/>\n<meta property=\"og:image\" content=\"https:\/\/www.sonoraenequipo.com.mx\/storage\/2025\/03\/avion-denver.jpg\" \/>\n\t<meta property=\"og:image:width\" content=\"600\" \/>\n\t<meta property=\"og:image:height\" content=\"337\" \/>\n\t<meta property=\"og:image:type\" content=\"image\/jpeg\" \/>\n<meta name=\"author\" content=\"enequipo\" \/>\n<meta name=\"twitter:card\" content=\"summary_large_image\" \/>\n<meta name=\"twitter:creator\" content=\"@sonoraenequipo\" \/>\n<meta name=\"twitter:site\" content=\"@sonoraenequipo\" \/>\n<meta name=\"twitter:label1\" content=\"Escrito por\" \/>\n\t<meta name=\"twitter:data1\" content=\"enequipo\" \/>\n\t<meta name=\"twitter:label2\" content=\"Tiempo de lectura\" \/>\n\t<meta name=\"twitter:data2\" content=\"1 minuto\" \/>\n<script type=\"application\/ld+json\" class=\"yoast-schema-graph\">{\"@context\":\"https:\/\/schema.org\",\"@graph\":[{\"@type\":\"Article\",\"@id\":\"https:\/\/www.sonoraenequipo.com.mx\/avion-se-incendia-en-aeropuerto-de-denver-pasajeros-sufren-heridas-leves\/#article\",\"isPartOf\":{\"@id\":\"https:\/\/www.sonoraenequipo.com.mx\/avion-se-incendia-en-aeropuerto-de-denver-pasajeros-sufren-heridas-leves\/\"},\"author\":{\"name\":\"enequipo\",\"@id\":\"https:\/\/www.sonoraenequipo.com.mx\/#\/schema\/person\/50102df0fb23a8fa9e8effad8fa81386\"},\"headline\":\"Avi\u00f3n se incendia en aeropuerto de Denver; pasajeros sufren heridas leves\",\"datePublished\":\"2025-03-20T02:35:48+00:00\",\"dateModified\":\"2025-03-20T03:31:07+00:00\",\"mainEntityOfPage\":{\"@id\":\"https:\/\/www.sonoraenequipo.com.mx\/avion-se-incendia-en-aeropuerto-de-denver-pasajeros-sufren-heridas-leves\/\"},\"wordCount\":309,\"commentCount\":0,\"publisher\":{\"@id\":\"https:\/\/www.sonoraenequipo.com.mx\/#organization\"},\"image\":{\"@id\":\"https:\/\/www.sonoraenequipo.com.mx\/avion-se-incendia-en-aeropuerto-de-denver-pasajeros-sufren-heridas-leves\/#primaryimage\"},\"thumbnailUrl\":\"https:\/\/www.sonoraenequipo.com.mx\/storage\/2025\/03\/avion-denver.jpg\",\"keywords\":[\"avion\",\"denver\",\"INCENDIO\"],\"articleSection\":[\"MUNDO\"],\"inLanguage\":\"es\",\"potentialAction\":[{\"@type\":\"CommentAction\",\"name\":\"Comment\",\"target\":[\"https:\/\/www.sonoraenequipo.com.mx\/avion-se-incendia-en-aeropuerto-de-denver-pasajeros-sufren-heridas-leves\/#respond\"]}]},{\"@type\":\"WebPage\",\"@id\":\"https:\/\/www.sonoraenequipo.com.mx\/avion-se-incendia-en-aeropuerto-de-denver-pasajeros-sufren-heridas-leves\/\",\"url\":\"https:\/\/www.sonoraenequipo.com.mx\/avion-se-incendia-en-aeropuerto-de-denver-pasajeros-sufren-heridas-leves\/\",\"name\":\"Sonora en Equipo. Avi\u00f3n se incendia en aeropuerto de Denver; pasajeros sufren heridas leves MUNDO\",\"isPartOf\":{\"@id\":\"https:\/\/www.sonoraenequipo.com.mx\/#website\"},\"primaryImageOfPage\":{\"@id\":\"https:\/\/www.sonoraenequipo.com.mx\/avion-se-incendia-en-aeropuerto-de-denver-pasajeros-sufren-heridas-leves\/#primaryimage\"},\"image\":{\"@id\":\"https:\/\/www.sonoraenequipo.com.mx\/avion-se-incendia-en-aeropuerto-de-denver-pasajeros-sufren-heridas-leves\/#primaryimage\"},\"thumbnailUrl\":\"https:\/\/www.sonoraenequipo.com.mx\/storage\/2025\/03\/avion-denver.jpg\",\"datePublished\":\"2025-03-20T02:35:48+00:00\",\"dateModified\":\"2025-03-20T03:31:07+00:00\",\"description\":\"Una docena de personas fueron llevadas al hospital con heridas menores tras el incendio del motor un avi\u00f3n de American Airlines en el Aeropuerto En Sonora en Equipo publicamos toda la informaci\u00f3n de Sonora, M\u00e9xico y el Mundo de manera oportuna y busca que la libertad de expresi\u00f3n sea real. Visita nuestro medio informativo publicado desde Hermosillo, Sonora. %\",\"breadcrumb\":{\"@id\":\"https:\/\/www.sonoraenequipo.com.mx\/avion-se-incendia-en-aeropuerto-de-denver-pasajeros-sufren-heridas-leves\/#breadcrumb\"},\"inLanguage\":\"es\",\"potentialAction\":[{\"@type\":\"ReadAction\",\"target\":[\"https:\/\/www.sonoraenequipo.com.mx\/avion-se-incendia-en-aeropuerto-de-denver-pasajeros-sufren-heridas-leves\/\"]}]},{\"@type\":\"ImageObject\",\"inLanguage\":\"es\",\"@id\":\"https:\/\/www.sonoraenequipo.com.mx\/avion-se-incendia-en-aeropuerto-de-denver-pasajeros-sufren-heridas-leves\/#primaryimage\",\"url\":\"https:\/\/www.sonoraenequipo.com.mx\/storage\/2025\/03\/avion-denver.jpg\",\"contentUrl\":\"https:\/\/www.sonoraenequipo.com.mx\/storage\/2025\/03\/avion-denver.jpg\",\"width\":600,\"height\":337,\"caption\":\"Incendio avi\u00f3n Denver,imagen: VOA\"},{\"@type\":\"BreadcrumbList\",\"@id\":\"https:\/\/www.sonoraenequipo.com.mx\/avion-se-incendia-en-aeropuerto-de-denver-pasajeros-sufren-heridas-leves\/#breadcrumb\",\"itemListElement\":[{\"@type\":\"ListItem\",\"position\":1,\"name\":\"Portada\",\"item\":\"https:\/\/www.sonoraenequipo.com.mx\/\"},{\"@type\":\"ListItem\",\"position\":2,\"name\":\"Avi\u00f3n se incendia en aeropuerto de Denver; pasajeros sufren heridas leves\"}]},{\"@type\":\"WebSite\",\"@id\":\"https:\/\/www.sonoraenequipo.com.mx\/#website\",\"url\":\"https:\/\/www.sonoraenequipo.com.mx\/\",\"name\":\"Sonora en Equipo.\",\"description\":\"Diario en l\u00ednea con Noticias desde Hermosillo, Sonora\",\"publisher\":{\"@id\":\"https:\/\/www.sonoraenequipo.com.mx\/#organization\"},\"potentialAction\":[{\"@type\":\"SearchAction\",\"target\":{\"@type\":\"EntryPoint\",\"urlTemplate\":\"https:\/\/www.sonoraenequipo.com.mx\/?s={search_term_string}\"},\"query-input\":{\"@type\":\"PropertyValueSpecification\",\"valueRequired\":true,\"valueName\":\"search_term_string\"}}],\"inLanguage\":\"es\"},{\"@type\":\"Organization\",\"@id\":\"https:\/\/www.sonoraenequipo.com.mx\/#organization\",\"name\":\"Sonoraenequipo.com.mx\",\"url\":\"https:\/\/www.sonoraenequipo.com.mx\/\",\"logo\":{\"@type\":\"ImageObject\",\"inLanguage\":\"es\",\"@id\":\"https:\/\/www.sonoraenequipo.com.mx\/#\/schema\/logo\/image\/\",\"url\":\"https:\/\/www.sonoraenequipo.com.mx\/storage\/2019\/01\/sonoraenequipo_opt.png\",\"contentUrl\":\"https:\/\/www.sonoraenequipo.com.mx\/storage\/2019\/01\/sonoraenequipo_opt.png\",\"width\":375,\"height\":125,\"caption\":\"Sonoraenequipo.com.mx\"},\"image\":{\"@id\":\"https:\/\/www.sonoraenequipo.com.mx\/#\/schema\/logo\/image\/\"},\"sameAs\":[\"https:\/\/www.facebook.com\/SonoraEE\/\",\"https:\/\/x.com\/sonoraenequipo\",\"https:\/\/www.youtube.com\/channel\/UC338nW-lPEYmJQs4ZABQ1SQ\"]},{\"@type\":\"Person\",\"@id\":\"https:\/\/www.sonoraenequipo.com.mx\/#\/schema\/person\/50102df0fb23a8fa9e8effad8fa81386\",\"name\":\"enequipo\",\"image\":{\"@type\":\"ImageObject\",\"inLanguage\":\"es\",\"@id\":\"https:\/\/www.sonoraenequipo.com.mx\/#\/schema\/person\/image\/\",\"url\":\"https:\/\/secure.gravatar.com\/avatar\/049821681b589dabc0bc20695993ccebb09f5b5d4d790cd9251b97faac7c652b?s=96&d=blank&r=g\",\"contentUrl\":\"https:\/\/secure.gravatar.com\/avatar\/049821681b589dabc0bc20695993ccebb09f5b5d4d790cd9251b97faac7c652b?s=96&d=blank&r=g\",\"caption\":\"enequipo\"},\"sameAs\":[\"https:\/\/www.facebook.com\/SonoraEE\"]}]}<\/script>\n ","yoast_head_json":{"title":"Sonora en Equipo. Avi\u00f3n se incendia en aeropuerto de Denver; pasajeros sufren heridas leves MUNDO","description":"Una docena de personas fueron llevadas al hospital con heridas menores tras el incendio del motor un avi\u00f3n de American Airlines en el Aeropuerto En Sonora en Equipo publicamos toda la informaci\u00f3n de Sonora, M\u00e9xico y el Mundo de manera oportuna y busca que la libertad de expresi\u00f3n sea real. Visita nuestro medio informativo publicado desde Hermosillo, Sonora. %","robots":{"index":"index","follow":"follow","max-snippet":"max-snippet:-1","max-image-preview":"max-image-preview:large","max-video-preview":"max-video-preview:-1"},"canonical":"https:\/\/www.sonoraenequipo.com.mx\/avion-se-incendia-en-aeropuerto-de-denver-pasajeros-sufren-heridas-leves\/","og_locale":"es_ES","og_type":"article","og_title":"Sonora en Equipo. Avi\u00f3n se incendia en aeropuerto de Denver; pasajeros sufren heridas leves MUNDO","og_description":"Una docena de personas fueron llevadas al hospital con heridas menores tras el incendio del motor un avi\u00f3n de American Airlines en el Aeropuerto En Sonora en Equipo publicamos toda la informaci\u00f3n de Sonora, M\u00e9xico y el Mundo de manera oportuna y busca que la libertad de expresi\u00f3n sea real. Visita nuestro medio informativo publicado desde Hermosillo, Sonora. %","og_url":"https:\/\/www.sonoraenequipo.com.mx\/avion-se-incendia-en-aeropuerto-de-denver-pasajeros-sufren-heridas-leves\/","og_site_name":"Sonora en Equipo.","article_publisher":"https:\/\/www.facebook.com\/SonoraEE\/","article_author":"https:\/\/www.facebook.com\/SonoraEE","article_published_time":"2025-03-20T02:35:48+00:00","article_modified_time":"2025-03-20T03:31:07+00:00","og_image":[{"width":600,"height":337,"url":"https:\/\/www.sonoraenequipo.com.mx\/storage\/2025\/03\/avion-denver.jpg","type":"image\/jpeg"}],"author":"enequipo","twitter_card":"summary_large_image","twitter_creator":"@sonoraenequipo","twitter_site":"@sonoraenequipo","twitter_misc":{"Escrito por":"enequipo","Tiempo de lectura":"1 minuto"},"schema":{"@context":"https:\/\/schema.org","@graph":[{"@type":"Article","@id":"https:\/\/www.sonoraenequipo.com.mx\/avion-se-incendia-en-aeropuerto-de-denver-pasajeros-sufren-heridas-leves\/#article","isPartOf":{"@id":"https:\/\/www.sonoraenequipo.com.mx\/avion-se-incendia-en-aeropuerto-de-denver-pasajeros-sufren-heridas-leves\/"},"author":{"name":"enequipo","@id":"https:\/\/www.sonoraenequipo.com.mx\/#\/schema\/person\/50102df0fb23a8fa9e8effad8fa81386"},"headline":"Avi\u00f3n se incendia en aeropuerto de Denver; pasajeros sufren heridas leves","datePublished":"2025-03-20T02:35:48+00:00","dateModified":"2025-03-20T03:31:07+00:00","mainEntityOfPage":{"@id":"https:\/\/www.sonoraenequipo.com.mx\/avion-se-incendia-en-aeropuerto-de-denver-pasajeros-sufren-heridas-leves\/"},"wordCount":309,"commentCount":0,"publisher":{"@id":"https:\/\/www.sonoraenequipo.com.mx\/#organization"},"image":{"@id":"https:\/\/www.sonoraenequipo.com.mx\/avion-se-incendia-en-aeropuerto-de-denver-pasajeros-sufren-heridas-leves\/#primaryimage"},"thumbnailUrl":"https:\/\/www.sonoraenequipo.com.mx\/storage\/2025\/03\/avion-denver.jpg","keywords":["avion","denver","INCENDIO"],"articleSection":["MUNDO"],"inLanguage":"es","potentialAction":[{"@type":"CommentAction","name":"Comment","target":["https:\/\/www.sonoraenequipo.com.mx\/avion-se-incendia-en-aeropuerto-de-denver-pasajeros-sufren-heridas-leves\/#respond"]}]},{"@type":"WebPage","@id":"https:\/\/www.sonoraenequipo.com.mx\/avion-se-incendia-en-aeropuerto-de-denver-pasajeros-sufren-heridas-leves\/","url":"https:\/\/www.sonoraenequipo.com.mx\/avion-se-incendia-en-aeropuerto-de-denver-pasajeros-sufren-heridas-leves\/","name":"Sonora en Equipo. Avi\u00f3n se incendia en aeropuerto de Denver; pasajeros sufren heridas leves MUNDO","isPartOf":{"@id":"https:\/\/www.sonoraenequipo.com.mx\/#website"},"primaryImageOfPage":{"@id":"https:\/\/www.sonoraenequipo.com.mx\/avion-se-incendia-en-aeropuerto-de-denver-pasajeros-sufren-heridas-leves\/#primaryimage"},"image":{"@id":"https:\/\/www.sonoraenequipo.com.mx\/avion-se-incendia-en-aeropuerto-de-denver-pasajeros-sufren-heridas-leves\/#primaryimage"},"thumbnailUrl":"https:\/\/www.sonoraenequipo.com.mx\/storage\/2025\/03\/avion-denver.jpg","datePublished":"2025-03-20T02:35:48+00:00","dateModified":"2025-03-20T03:31:07+00:00","description":"Una docena de personas fueron llevadas al hospital con heridas menores tras el incendio del motor un avi\u00f3n de American Airlines en el Aeropuerto En Sonora en Equipo publicamos toda la informaci\u00f3n de Sonora, M\u00e9xico y el Mundo de manera oportuna y busca que la libertad de expresi\u00f3n sea real. Visita nuestro medio informativo publicado desde Hermosillo, Sonora. %","breadcrumb":{"@id":"https:\/\/www.sonoraenequipo.com.mx\/avion-se-incendia-en-aeropuerto-de-denver-pasajeros-sufren-heridas-leves\/#breadcrumb"},"inLanguage":"es","potentialAction":[{"@type":"ReadAction","target":["https:\/\/www.sonoraenequipo.com.mx\/avion-se-incendia-en-aeropuerto-de-denver-pasajeros-sufren-heridas-leves\/"]}]},{"@type":"ImageObject","inLanguage":"es","@id":"https:\/\/www.sonoraenequipo.com.mx\/avion-se-incendia-en-aeropuerto-de-denver-pasajeros-sufren-heridas-leves\/#primaryimage","url":"https:\/\/www.sonoraenequipo.com.mx\/storage\/2025\/03\/avion-denver.jpg","contentUrl":"https:\/\/www.sonoraenequipo.com.mx\/storage\/2025\/03\/avion-denver.jpg","width":600,"height":337,"caption":"Incendio avi\u00f3n Denver,imagen: VOA"},{"@type":"BreadcrumbList","@id":"https:\/\/www.sonoraenequipo.com.mx\/avion-se-incendia-en-aeropuerto-de-denver-pasajeros-sufren-heridas-leves\/#breadcrumb","itemListElement":[{"@type":"ListItem","position":1,"name":"Portada","item":"https:\/\/www.sonoraenequipo.com.mx\/"},{"@type":"ListItem","position":2,"name":"Avi\u00f3n se incendia en aeropuerto de Denver; pasajeros sufren heridas leves"}]},{"@type":"WebSite","@id":"https:\/\/www.sonoraenequipo.com.mx\/#website","url":"https:\/\/www.sonoraenequipo.com.mx\/","name":"Sonora en Equipo.","description":"Diario en l\u00ednea con Noticias desde Hermosillo, Sonora","publisher":{"@id":"https:\/\/www.sonoraenequipo.com.mx\/#organization"},"potentialAction":[{"@type":"SearchAction","target":{"@type":"EntryPoint","urlTemplate":"https:\/\/www.sonoraenequipo.com.mx\/?s={search_term_string}"},"query-input":{"@type":"PropertyValueSpecification","valueRequired":true,"valueName":"search_term_string"}}],"inLanguage":"es"},{"@type":"Organization","@id":"https:\/\/www.sonoraenequipo.com.mx\/#organization","name":"Sonoraenequipo.com.mx","url":"https:\/\/www.sonoraenequipo.com.mx\/","logo":{"@type":"ImageObject","inLanguage":"es","@id":"https:\/\/www.sonoraenequipo.com.mx\/#\/schema\/logo\/image\/","url":"https:\/\/www.sonoraenequipo.com.mx\/storage\/2019\/01\/sonoraenequipo_opt.png","contentUrl":"https:\/\/www.sonoraenequipo.com.mx\/storage\/2019\/01\/sonoraenequipo_opt.png","width":375,"height":125,"caption":"Sonoraenequipo.com.mx"},"image":{"@id":"https:\/\/www.sonoraenequipo.com.mx\/#\/schema\/logo\/image\/"},"sameAs":["https:\/\/www.facebook.com\/SonoraEE\/","https:\/\/x.com\/sonoraenequipo","https:\/\/www.youtube.com\/channel\/UC338nW-lPEYmJQs4ZABQ1SQ"]},{"@type":"Person","@id":"https:\/\/www.sonoraenequipo.com.mx\/#\/schema\/person\/50102df0fb23a8fa9e8effad8fa81386","name":"enequipo","image":{"@type":"ImageObject","inLanguage":"es","@id":"https:\/\/www.sonoraenequipo.com.mx\/#\/schema\/person\/image\/","url":"https:\/\/secure.gravatar.com\/avatar\/049821681b589dabc0bc20695993ccebb09f5b5d4d790cd9251b97faac7c652b?s=96&d=blank&r=g","contentUrl":"https:\/\/secure.gravatar.com\/avatar\/049821681b589dabc0bc20695993ccebb09f5b5d4d790cd9251b97faac7c652b?s=96&d=blank&r=g","caption":"enequipo"},"sameAs":["https:\/\/www.facebook.com\/SonoraEE"]}]}},"jetpack_featured_media_url":"https:\/\/www.sonoraenequipo.com.mx\/storage\/2025\/03\/avion-denver.jpg","_links":{"self":[{"href":"https:\/\/www.sonoraenequipo.com.mx\/api\/wp\/v2\/posts\/211885","targetHints":{"allow":["GET"]}}],"collection":[{"href":"https:\/\/www.sonoraenequipo.com.mx\/api\/wp\/v2\/posts"}],"about":[{"href":"https:\/\/www.sonoraenequipo.com.mx\/api\/wp\/v2\/types\/post"}],"author":[{"embeddable":true,"href":"https:\/\/www.sonoraenequipo.com.mx\/api\/wp\/v2\/users\/1"}],"replies":[{"embeddable":true,"href":"https:\/\/www.sonoraenequipo.com.mx\/api\/wp\/v2\/comments?post=211885"}],"version-history":[{"count":2,"href":"https:\/\/www.sonoraenequipo.com.mx\/api\/wp\/v2\/posts\/211885\/revisions"}],"predecessor-version":[{"id":211896,"href":"https:\/\/www.sonoraenequipo.com.mx\/api\/wp\/v2\/posts\/211885\/revisions\/211896"}],"wp:featuredmedia":[{"embeddable":true,"href":"https:\/\/www.sonoraenequipo.com.mx\/api\/wp\/v2\/media\/211886"}],"wp:attachment":[{"href":"https:\/\/www.sonoraenequipo.com.mx\/api\/wp\/v2\/media?parent=211885"}],"wp:term":[{"taxonomy":"category","embeddable":true,"href":"https:\/\/www.sonoraenequipo.com.mx\/api\/wp\/v2\/categories?post=211885"},{"taxonomy":"post_tag","embeddable":true,"href":"https:\/\/www.sonoraenequipo.com.mx\/api\/wp\/v2\/tags?post=211885"}],"curies":[{"name":"wp","href":"https:\/\/api.w.org\/{rel}","templated":true}]}}