{"id":211912,"date":"2025-03-19T21:22:44","date_gmt":"2025-03-20T04:22:44","guid":{"rendered":"https:\/\/www.sonoraenequipo.com.mx\/?p=211912"},"modified":"2025-03-19T21:22:44","modified_gmt":"2025-03-20T04:22:44","slug":"se-congelara-edad-de-jubilacion-de-maestros-sheinbaum-explica-por-que-retiro-ley-del-issste","status":"publish","type":"post","link":"https:\/\/www.sonoraenequipo.com.mx\/se-congelara-edad-de-jubilacion-de-maestros-sheinbaum-explica-por-que-retiro-ley-del-issste\/","title":{"rendered":"Se Congelar\u00e1 Edad de Jubilaci\u00f3n de Maestros: Sheinbaum Explica por qu\u00e9 Retir\u00f3 Ley del ISSSTE"},"content":{"rendered":"<p>C<strong>IUDAD DE M\u00c9XICO. MX. \u2014<\/strong> El Gobierno de M\u00e9xico explic\u00f3 hoy 19 de marzo de 2025 el motivo por el cual se retir\u00f3 la Ley del ISSSTE, de la C\u00e1mara de Diputados, y anunci\u00f3 que se congelar\u00e1 la edad para que maestras y maestros se jubilen.<\/p>\n<p>&nbsp;<\/p>\n<p> <\/p>\n<p>&nbsp;<\/p>\n<p>Durante la conferencia de prensa matutina de este mi\u00e9rcoles en Palacio Nacional, Claudia Sheinbaum Pardo dijo que <strong><em>\u00abes importante que todas y todos los maestros lo conozcan porque ha habido desinformaci\u00f3n sobre la ley del ISSSTE\u00bb<\/em><\/strong>, haciendo referencia al motivo del retiro de la iniciativa.<\/p>\n<p>&nbsp;<\/p>\n<p>&nbsp;<\/p>\n<p>&nbsp;<\/p>\n<p>Ayer la retiramos por la desinformaci\u00f3n que hay, pero el objetivo es seguir apoyando a maestros y maestras y a trabajadores del Estado en las deudas tan grandes que se han hecho a partir del FOVISSSTE, y algunos otros compromisos que establec\u00ed con maestras y maestros de M\u00e9xico.<\/p>\n<p>&nbsp;<\/p>\n<p>&nbsp;<\/p>\n<p>&nbsp;<\/p>\n<p>Sheinbaum Pardo expuso que <strong><em>\u00abnosotros enviamos una iniciativa de reforma a la ley del ISSSTE, de muchas demandas que ten\u00edan los maestros; sin embargo, hubo confusi\u00f3n en lo que plante\u00e1bamos, se pens\u00f3 que se quer\u00eda retirar un porcentaje (del sueldo) a los maestros para fortalecer al ISSSTE y en el caso de los maestros no era tal\u00bb.<\/em><\/strong><\/p>\n<p>&nbsp;<\/p>\n<p>&nbsp;<\/p>\n<p>&nbsp;<\/p>\n<p>&nbsp;<\/p>\n<p>La propuesta que contempla la mandataria federal es que se congele la edad m\u00ednima de jubilaci\u00f3n tal y como est\u00e1 actualmente: 58 a\u00f1os para hombres y 56 a\u00f1os para mujeres, en lo que contin\u00faa la discusi\u00f3n en este cambio de r\u00e9gimen de pensiones.<\/p>\n<p>&nbsp;<\/p>\n<p>&nbsp;<\/p>\n<p>&nbsp;<\/p>\n<p>Congelar la edad de jubilaci\u00f3n a lo que estaba en 2024, ya no va a seguir aumentando. Con austeridad damos estos beneficios, y cada a\u00f1o representar\u00e1 un recurso adicional, pero estamos en condiciones.<\/p>\n<p>&nbsp;<\/p>\n<p>&nbsp;<\/p>\n<p>&nbsp;<\/p>\n<p>Actualmente, la ley contempla un incremento en la edad m\u00ednima de la jubilaci\u00f3n. Si no se modifica, para 2026 aumentar\u00eda la edad a 59 a\u00f1os para hombres y 57 a\u00f1os para mujeres, y de 2028 en adelante se ir\u00eda a 60 a\u00f1os para hombres y 58 a\u00f1os para mujeres.<\/p>\n<p>&nbsp;<\/p>\n<p>&nbsp;<\/p>\n<h3>Este fue el acuerdo entre el Gobierno y los maestros<\/h3>\n<p>&nbsp;<\/p>\n<p>Mario Delgado, titular de la SEP, inform\u00f3 desde la noche del pasado martes del acuerdo al que se lleg\u00f3 con los maestros, lo cual reiter\u00f3 la ma\u00f1ana de hoy 19 de marzo de 2025.<\/p>\n<p>&nbsp;<\/p>\n<p>&nbsp;<\/p>\n<p>El retiro inmediato de la iniciativa de reforma a la Ley del ISSSTE presentada el pasado 7 de febrero de 2025<\/p>\n<p>&nbsp;<\/p>\n<p>&nbsp;<\/p>\n<p>Establecer un programa para congelar y disminuir con quitas o condonar las deudas problem\u00e1ticas que se han vuelto impagables para acreditados del Fovissste. Adem\u00e1s, se revisar\u00e1n los mecanismos para recuperar las atribuciones del Fovissste para reconstruir, rehabilitar y mejorar vivienda social para las y los trabajadores del Estado<\/p>\n<p>&nbsp;<\/p>\n<p>&nbsp;<\/p>\n<p>Detener el incremento de la edad m\u00ednima de jubilaci\u00f3n previsto en la ley, para mantenerla en lo que est\u00e1 establecido para 2024, en tanto contin\u00faan los trabajos de di\u00e1logo<\/p>\n<p>&nbsp;<\/p>\n<p>Organizar foros escuela por escuela para construir la propuesta alternativa para el ingreso, promoci\u00f3n y reconocimiento de las maestras y los maestros que garantice sus derechos laborales, la transparencia y las cero corrupciones<\/p>\n<p>&nbsp;<\/p>\n<p>El Gobierno de M\u00e9xico asume el 100 por ciento de la reinstalaci\u00f3n de las y los maestros destituidos de manera injustificada en el Colegio de Bachilleres de Jalisco<\/p>\n<p>&nbsp;<\/p>\n<p>Al respecto, la presidenta Claudia Sheinbaum Pardo dijo que \u00ablas maestras y maestros de M\u00e9xico, particularmente organizados a trav\u00e9s de la Coordinadora Nacional de Trabajadores de la Educaci\u00f3n, han estado pidiendo la derogaci\u00f3n de la ley del ISSSTE que se aprob\u00f3 en el 2007. Lo que pas\u00f3 en esa ley es que cambi\u00f3 por completo el r\u00e9gimen de pensiones y ahora los maestros se estaban jubilando con muy pocos recursos, al igual que quienes ya se hab\u00edan jubilado\u00bb.<\/p>\n<p>&nbsp;<\/p>\n<p>&nbsp;<\/p>\n<p>Aun cuando es justa la demanda, es un tema de ver cu\u00e1ntos recursos tenemos para atender la solicitud.<\/p>\n<p>&nbsp;<\/p>\n<p>&nbsp;<\/p>\n<p>La Presidenta recalc\u00f3 que<em><strong> \u00abvamos a mantener las pl\u00e1ticas con la CNTE y el SNTE, para seguir avanzando en todas las solicitudes que tienen, que en general son justas\u00bb.<\/strong><\/em><\/p>\n<p>&nbsp;<\/p>\n<p>&nbsp;<\/p>\n<p>&nbsp;<\/p>\n<p>Sobre las deudas en el FOVISSSTE y que se reactive la capacidad de construcci\u00f3n de vivienda, la mandataria federal se\u00f1al\u00f3 que buscar\u00e1 que dichos beneficios se den <em><strong>\u00abpor decreto\u00bb<\/strong> <\/em>presidencial, por lo cual ya trabaja en la iniciativa.<\/p>\n<p>&nbsp;<\/p>\n<p>&nbsp;<\/p>\n<p>&nbsp;<\/p>\n<p>PUBLICADO EL 19 DE MARZO DE 2025 Con informaci\u00f3n de Conferencia matutina presidencial)<\/p>\n","protected":false},"excerpt":{"rendered":"<p>CIUDAD DE M\u00c9XICO. MX. \u2014 El Gobierno de M\u00e9xico explic\u00f3 hoy 19 de marzo de&#8230;<\/p>\n","protected":false},"author":1,"featured_media":211908,"comment_status":"open","ping_status":"open","sticky":false,"template":"","format":"standard","meta":{"_monsterinsights_skip_tracking":false,"_monsterinsights_sitenote_active":false,"_monsterinsights_sitenote_note":"","_monsterinsights_sitenote_category":0,"footnotes":""},"categories":[5],"tags":[],"class_list":["post"],"yoast_head":" \n<title>Sonora en Equipo. Se Congelar\u00e1 Edad de Jubilaci\u00f3n de Maestros: Sheinbaum Explica por qu\u00e9 Retir\u00f3 Ley del ISSSTE Rep\u00fablica<\/title>\n<meta name=\"description\" content=\"CIUDAD DE M\u00c9XICO. MX. \u2014 El Gobierno de M\u00e9xico explic\u00f3 hoy 19 de marzo de 2025 el motivo por el cual se retir\u00f3 la Ley del ISSSTE, de la C\u00e1mara de En Sonora en Equipo publicamos toda la informaci\u00f3n de Sonora, M\u00e9xico y el Mundo de manera oportuna y busca que la libertad de expresi\u00f3n sea real. Visita nuestro medio informativo publicado desde Hermosillo, Sonora. %\" \/>\n<meta name=\"robots\" content=\"index, follow, max-snippet:-1, max-image-preview:large, max-video-preview:-1\" \/>\n<link rel=\"canonical\" href=\"https:\/\/www.sonoraenequipo.com.mx\/se-congelara-edad-de-jubilacion-de-maestros-sheinbaum-explica-por-que-retiro-ley-del-issste\/\" \/>\n<meta property=\"og:locale\" content=\"es_ES\" \/>\n<meta property=\"og:type\" content=\"article\" \/>\n<meta property=\"og:title\" content=\"Sonora en Equipo. Se Congelar\u00e1 Edad de Jubilaci\u00f3n de Maestros: Sheinbaum Explica por qu\u00e9 Retir\u00f3 Ley del ISSSTE Rep\u00fablica\" \/>\n<meta property=\"og:description\" content=\"CIUDAD DE M\u00c9XICO. MX. \u2014 El Gobierno de M\u00e9xico explic\u00f3 hoy 19 de marzo de 2025 el motivo por el cual se retir\u00f3 la Ley del ISSSTE, de la C\u00e1mara de En Sonora en Equipo publicamos toda la informaci\u00f3n de Sonora, M\u00e9xico y el Mundo de manera oportuna y busca que la libertad de expresi\u00f3n sea real. Visita nuestro medio informativo publicado desde Hermosillo, Sonora. %\" \/>\n<meta property=\"og:url\" content=\"https:\/\/www.sonoraenequipo.com.mx\/se-congelara-edad-de-jubilacion-de-maestros-sheinbaum-explica-por-que-retiro-ley-del-issste\/\" \/>\n<meta property=\"og:site_name\" content=\"Sonora en Equipo.\" \/>\n<meta property=\"article:publisher\" content=\"https:\/\/www.facebook.com\/SonoraEE\/\" \/>\n<meta property=\"article:author\" content=\"https:\/\/www.facebook.com\/SonoraEE\" \/>\n<meta property=\"article:published_time\" content=\"2025-03-20T04:22:44+00:00\" \/>\n<meta property=\"og:image\" content=\"https:\/\/www.sonoraenequipo.com.mx\/storage\/2025\/03\/jubilacion-maestros-ley-issste-sheinbaum-min.jpg\" \/>\n\t<meta property=\"og:image:width\" content=\"886\" \/>\n\t<meta property=\"og:image:height\" content=\"555\" \/>\n\t<meta property=\"og:image:type\" content=\"image\/jpeg\" \/>\n<meta name=\"author\" content=\"enequipo\" \/>\n<meta name=\"twitter:card\" content=\"summary_large_image\" \/>\n<meta name=\"twitter:creator\" content=\"@sonoraenequipo\" \/>\n<meta name=\"twitter:site\" content=\"@sonoraenequipo\" \/>\n<meta name=\"twitter:label1\" content=\"Escrito por\" \/>\n\t<meta name=\"twitter:data1\" content=\"enequipo\" \/>\n\t<meta name=\"twitter:label2\" content=\"Tiempo de lectura\" \/>\n\t<meta name=\"twitter:data2\" content=\"4 minutos\" \/>\n<script type=\"application\/ld+json\" class=\"yoast-schema-graph\">{\"@context\":\"https:\/\/schema.org\",\"@graph\":[{\"@type\":\"Article\",\"@id\":\"https:\/\/www.sonoraenequipo.com.mx\/se-congelara-edad-de-jubilacion-de-maestros-sheinbaum-explica-por-que-retiro-ley-del-issste\/#article\",\"isPartOf\":{\"@id\":\"https:\/\/www.sonoraenequipo.com.mx\/se-congelara-edad-de-jubilacion-de-maestros-sheinbaum-explica-por-que-retiro-ley-del-issste\/\"},\"author\":{\"name\":\"enequipo\",\"@id\":\"https:\/\/www.sonoraenequipo.com.mx\/#\/schema\/person\/50102df0fb23a8fa9e8effad8fa81386\"},\"headline\":\"Se Congelar\u00e1 Edad de Jubilaci\u00f3n de Maestros: Sheinbaum Explica por qu\u00e9 Retir\u00f3 Ley del ISSSTE\",\"datePublished\":\"2025-03-20T04:22:44+00:00\",\"mainEntityOfPage\":{\"@id\":\"https:\/\/www.sonoraenequipo.com.mx\/se-congelara-edad-de-jubilacion-de-maestros-sheinbaum-explica-por-que-retiro-ley-del-issste\/\"},\"wordCount\":785,\"commentCount\":0,\"publisher\":{\"@id\":\"https:\/\/www.sonoraenequipo.com.mx\/#organization\"},\"image\":{\"@id\":\"https:\/\/www.sonoraenequipo.com.mx\/se-congelara-edad-de-jubilacion-de-maestros-sheinbaum-explica-por-que-retiro-ley-del-issste\/#primaryimage\"},\"thumbnailUrl\":\"https:\/\/www.sonoraenequipo.com.mx\/storage\/2025\/03\/jubilacion-maestros-ley-issste-sheinbaum-min.jpg\",\"articleSection\":[\"Rep\u00fablica\"],\"inLanguage\":\"es\",\"potentialAction\":[{\"@type\":\"CommentAction\",\"name\":\"Comment\",\"target\":[\"https:\/\/www.sonoraenequipo.com.mx\/se-congelara-edad-de-jubilacion-de-maestros-sheinbaum-explica-por-que-retiro-ley-del-issste\/#respond\"]}]},{\"@type\":\"WebPage\",\"@id\":\"https:\/\/www.sonoraenequipo.com.mx\/se-congelara-edad-de-jubilacion-de-maestros-sheinbaum-explica-por-que-retiro-ley-del-issste\/\",\"url\":\"https:\/\/www.sonoraenequipo.com.mx\/se-congelara-edad-de-jubilacion-de-maestros-sheinbaum-explica-por-que-retiro-ley-del-issste\/\",\"name\":\"Sonora en Equipo. Se Congelar\u00e1 Edad de Jubilaci\u00f3n de Maestros: Sheinbaum Explica por qu\u00e9 Retir\u00f3 Ley del ISSSTE Rep\u00fablica\",\"isPartOf\":{\"@id\":\"https:\/\/www.sonoraenequipo.com.mx\/#website\"},\"primaryImageOfPage\":{\"@id\":\"https:\/\/www.sonoraenequipo.com.mx\/se-congelara-edad-de-jubilacion-de-maestros-sheinbaum-explica-por-que-retiro-ley-del-issste\/#primaryimage\"},\"image\":{\"@id\":\"https:\/\/www.sonoraenequipo.com.mx\/se-congelara-edad-de-jubilacion-de-maestros-sheinbaum-explica-por-que-retiro-ley-del-issste\/#primaryimage\"},\"thumbnailUrl\":\"https:\/\/www.sonoraenequipo.com.mx\/storage\/2025\/03\/jubilacion-maestros-ley-issste-sheinbaum-min.jpg\",\"datePublished\":\"2025-03-20T04:22:44+00:00\",\"description\":\"CIUDAD DE M\u00c9XICO. MX. \u2014 El Gobierno de M\u00e9xico explic\u00f3 hoy 19 de marzo de 2025 el motivo por el cual se retir\u00f3 la Ley del ISSSTE, de la C\u00e1mara de En Sonora en Equipo publicamos toda la informaci\u00f3n de Sonora, M\u00e9xico y el Mundo de manera oportuna y busca que la libertad de expresi\u00f3n sea real. Visita nuestro medio informativo publicado desde Hermosillo, Sonora. %\",\"breadcrumb\":{\"@id\":\"https:\/\/www.sonoraenequipo.com.mx\/se-congelara-edad-de-jubilacion-de-maestros-sheinbaum-explica-por-que-retiro-ley-del-issste\/#breadcrumb\"},\"inLanguage\":\"es\",\"potentialAction\":[{\"@type\":\"ReadAction\",\"target\":[\"https:\/\/www.sonoraenequipo.com.mx\/se-congelara-edad-de-jubilacion-de-maestros-sheinbaum-explica-por-que-retiro-ley-del-issste\/\"]}]},{\"@type\":\"ImageObject\",\"inLanguage\":\"es\",\"@id\":\"https:\/\/www.sonoraenequipo.com.mx\/se-congelara-edad-de-jubilacion-de-maestros-sheinbaum-explica-por-que-retiro-ley-del-issste\/#primaryimage\",\"url\":\"https:\/\/www.sonoraenequipo.com.mx\/storage\/2025\/03\/jubilacion-maestros-ley-issste-sheinbaum-min.jpg\",\"contentUrl\":\"https:\/\/www.sonoraenequipo.com.mx\/storage\/2025\/03\/jubilacion-maestros-ley-issste-sheinbaum-min.jpg\",\"width\":886,\"height\":555},{\"@type\":\"BreadcrumbList\",\"@id\":\"https:\/\/www.sonoraenequipo.com.mx\/se-congelara-edad-de-jubilacion-de-maestros-sheinbaum-explica-por-que-retiro-ley-del-issste\/#breadcrumb\",\"itemListElement\":[{\"@type\":\"ListItem\",\"position\":1,\"name\":\"Portada\",\"item\":\"https:\/\/www.sonoraenequipo.com.mx\/\"},{\"@type\":\"ListItem\",\"position\":2,\"name\":\"Se Congelar\u00e1 Edad de Jubilaci\u00f3n de Maestros: Sheinbaum Explica por qu\u00e9 Retir\u00f3 Ley del ISSSTE\"}]},{\"@type\":\"WebSite\",\"@id\":\"https:\/\/www.sonoraenequipo.com.mx\/#website\",\"url\":\"https:\/\/www.sonoraenequipo.com.mx\/\",\"name\":\"Sonora en Equipo.\",\"description\":\"Diario en l\u00ednea con Noticias desde Hermosillo, Sonora\",\"publisher\":{\"@id\":\"https:\/\/www.sonoraenequipo.com.mx\/#organization\"},\"potentialAction\":[{\"@type\":\"SearchAction\",\"target\":{\"@type\":\"EntryPoint\",\"urlTemplate\":\"https:\/\/www.sonoraenequipo.com.mx\/?s={search_term_string}\"},\"query-input\":{\"@type\":\"PropertyValueSpecification\",\"valueRequired\":true,\"valueName\":\"search_term_string\"}}],\"inLanguage\":\"es\"},{\"@type\":\"Organization\",\"@id\":\"https:\/\/www.sonoraenequipo.com.mx\/#organization\",\"name\":\"Sonoraenequipo.com.mx\",\"url\":\"https:\/\/www.sonoraenequipo.com.mx\/\",\"logo\":{\"@type\":\"ImageObject\",\"inLanguage\":\"es\",\"@id\":\"https:\/\/www.sonoraenequipo.com.mx\/#\/schema\/logo\/image\/\",\"url\":\"https:\/\/www.sonoraenequipo.com.mx\/storage\/2019\/01\/sonoraenequipo_opt.png\",\"contentUrl\":\"https:\/\/www.sonoraenequipo.com.mx\/storage\/2019\/01\/sonoraenequipo_opt.png\",\"width\":375,\"height\":125,\"caption\":\"Sonoraenequipo.com.mx\"},\"image\":{\"@id\":\"https:\/\/www.sonoraenequipo.com.mx\/#\/schema\/logo\/image\/\"},\"sameAs\":[\"https:\/\/www.facebook.com\/SonoraEE\/\",\"https:\/\/x.com\/sonoraenequipo\",\"https:\/\/www.youtube.com\/channel\/UC338nW-lPEYmJQs4ZABQ1SQ\"]},{\"@type\":\"Person\",\"@id\":\"https:\/\/www.sonoraenequipo.com.mx\/#\/schema\/person\/50102df0fb23a8fa9e8effad8fa81386\",\"name\":\"enequipo\",\"image\":{\"@type\":\"ImageObject\",\"inLanguage\":\"es\",\"@id\":\"https:\/\/www.sonoraenequipo.com.mx\/#\/schema\/person\/image\/\",\"url\":\"https:\/\/secure.gravatar.com\/avatar\/049821681b589dabc0bc20695993ccebb09f5b5d4d790cd9251b97faac7c652b?s=96&d=blank&r=g\",\"contentUrl\":\"https:\/\/secure.gravatar.com\/avatar\/049821681b589dabc0bc20695993ccebb09f5b5d4d790cd9251b97faac7c652b?s=96&d=blank&r=g\",\"caption\":\"enequipo\"},\"sameAs\":[\"https:\/\/www.facebook.com\/SonoraEE\"]}]}<\/script>\n ","yoast_head_json":{"title":"Sonora en Equipo. Se Congelar\u00e1 Edad de Jubilaci\u00f3n de Maestros: Sheinbaum Explica por qu\u00e9 Retir\u00f3 Ley del ISSSTE Rep\u00fablica","description":"CIUDAD DE M\u00c9XICO. MX. \u2014 El Gobierno de M\u00e9xico explic\u00f3 hoy 19 de marzo de 2025 el motivo por el cual se retir\u00f3 la Ley del ISSSTE, de la C\u00e1mara de En Sonora en Equipo publicamos toda la informaci\u00f3n de Sonora, M\u00e9xico y el Mundo de manera oportuna y busca que la libertad de expresi\u00f3n sea real. Visita nuestro medio informativo publicado desde Hermosillo, Sonora. %","robots":{"index":"index","follow":"follow","max-snippet":"max-snippet:-1","max-image-preview":"max-image-preview:large","max-video-preview":"max-video-preview:-1"},"canonical":"https:\/\/www.sonoraenequipo.com.mx\/se-congelara-edad-de-jubilacion-de-maestros-sheinbaum-explica-por-que-retiro-ley-del-issste\/","og_locale":"es_ES","og_type":"article","og_title":"Sonora en Equipo. Se Congelar\u00e1 Edad de Jubilaci\u00f3n de Maestros: Sheinbaum Explica por qu\u00e9 Retir\u00f3 Ley del ISSSTE Rep\u00fablica","og_description":"CIUDAD DE M\u00c9XICO. MX. \u2014 El Gobierno de M\u00e9xico explic\u00f3 hoy 19 de marzo de 2025 el motivo por el cual se retir\u00f3 la Ley del ISSSTE, de la C\u00e1mara de En Sonora en Equipo publicamos toda la informaci\u00f3n de Sonora, M\u00e9xico y el Mundo de manera oportuna y busca que la libertad de expresi\u00f3n sea real. Visita nuestro medio informativo publicado desde Hermosillo, Sonora. %","og_url":"https:\/\/www.sonoraenequipo.com.mx\/se-congelara-edad-de-jubilacion-de-maestros-sheinbaum-explica-por-que-retiro-ley-del-issste\/","og_site_name":"Sonora en Equipo.","article_publisher":"https:\/\/www.facebook.com\/SonoraEE\/","article_author":"https:\/\/www.facebook.com\/SonoraEE","article_published_time":"2025-03-20T04:22:44+00:00","og_image":[{"width":886,"height":555,"url":"https:\/\/www.sonoraenequipo.com.mx\/storage\/2025\/03\/jubilacion-maestros-ley-issste-sheinbaum-min.jpg","type":"image\/jpeg"}],"author":"enequipo","twitter_card":"summary_large_image","twitter_creator":"@sonoraenequipo","twitter_site":"@sonoraenequipo","twitter_misc":{"Escrito por":"enequipo","Tiempo de lectura":"4 minutos"},"schema":{"@context":"https:\/\/schema.org","@graph":[{"@type":"Article","@id":"https:\/\/www.sonoraenequipo.com.mx\/se-congelara-edad-de-jubilacion-de-maestros-sheinbaum-explica-por-que-retiro-ley-del-issste\/#article","isPartOf":{"@id":"https:\/\/www.sonoraenequipo.com.mx\/se-congelara-edad-de-jubilacion-de-maestros-sheinbaum-explica-por-que-retiro-ley-del-issste\/"},"author":{"name":"enequipo","@id":"https:\/\/www.sonoraenequipo.com.mx\/#\/schema\/person\/50102df0fb23a8fa9e8effad8fa81386"},"headline":"Se Congelar\u00e1 Edad de Jubilaci\u00f3n de Maestros: Sheinbaum Explica por qu\u00e9 Retir\u00f3 Ley del ISSSTE","datePublished":"2025-03-20T04:22:44+00:00","mainEntityOfPage":{"@id":"https:\/\/www.sonoraenequipo.com.mx\/se-congelara-edad-de-jubilacion-de-maestros-sheinbaum-explica-por-que-retiro-ley-del-issste\/"},"wordCount":785,"commentCount":0,"publisher":{"@id":"https:\/\/www.sonoraenequipo.com.mx\/#organization"},"image":{"@id":"https:\/\/www.sonoraenequipo.com.mx\/se-congelara-edad-de-jubilacion-de-maestros-sheinbaum-explica-por-que-retiro-ley-del-issste\/#primaryimage"},"thumbnailUrl":"https:\/\/www.sonoraenequipo.com.mx\/storage\/2025\/03\/jubilacion-maestros-ley-issste-sheinbaum-min.jpg","articleSection":["Rep\u00fablica"],"inLanguage":"es","potentialAction":[{"@type":"CommentAction","name":"Comment","target":["https:\/\/www.sonoraenequipo.com.mx\/se-congelara-edad-de-jubilacion-de-maestros-sheinbaum-explica-por-que-retiro-ley-del-issste\/#respond"]}]},{"@type":"WebPage","@id":"https:\/\/www.sonoraenequipo.com.mx\/se-congelara-edad-de-jubilacion-de-maestros-sheinbaum-explica-por-que-retiro-ley-del-issste\/","url":"https:\/\/www.sonoraenequipo.com.mx\/se-congelara-edad-de-jubilacion-de-maestros-sheinbaum-explica-por-que-retiro-ley-del-issste\/","name":"Sonora en Equipo. Se Congelar\u00e1 Edad de Jubilaci\u00f3n de Maestros: Sheinbaum Explica por qu\u00e9 Retir\u00f3 Ley del ISSSTE Rep\u00fablica","isPartOf":{"@id":"https:\/\/www.sonoraenequipo.com.mx\/#website"},"primaryImageOfPage":{"@id":"https:\/\/www.sonoraenequipo.com.mx\/se-congelara-edad-de-jubilacion-de-maestros-sheinbaum-explica-por-que-retiro-ley-del-issste\/#primaryimage"},"image":{"@id":"https:\/\/www.sonoraenequipo.com.mx\/se-congelara-edad-de-jubilacion-de-maestros-sheinbaum-explica-por-que-retiro-ley-del-issste\/#primaryimage"},"thumbnailUrl":"https:\/\/www.sonoraenequipo.com.mx\/storage\/2025\/03\/jubilacion-maestros-ley-issste-sheinbaum-min.jpg","datePublished":"2025-03-20T04:22:44+00:00","description":"CIUDAD DE M\u00c9XICO. MX. \u2014 El Gobierno de M\u00e9xico explic\u00f3 hoy 19 de marzo de 2025 el motivo por el cual se retir\u00f3 la Ley del ISSSTE, de la C\u00e1mara de En Sonora en Equipo publicamos toda la informaci\u00f3n de Sonora, M\u00e9xico y el Mundo de manera oportuna y busca que la libertad de expresi\u00f3n sea real. Visita nuestro medio informativo publicado desde Hermosillo, Sonora. %","breadcrumb":{"@id":"https:\/\/www.sonoraenequipo.com.mx\/se-congelara-edad-de-jubilacion-de-maestros-sheinbaum-explica-por-que-retiro-ley-del-issste\/#breadcrumb"},"inLanguage":"es","potentialAction":[{"@type":"ReadAction","target":["https:\/\/www.sonoraenequipo.com.mx\/se-congelara-edad-de-jubilacion-de-maestros-sheinbaum-explica-por-que-retiro-ley-del-issste\/"]}]},{"@type":"ImageObject","inLanguage":"es","@id":"https:\/\/www.sonoraenequipo.com.mx\/se-congelara-edad-de-jubilacion-de-maestros-sheinbaum-explica-por-que-retiro-ley-del-issste\/#primaryimage","url":"https:\/\/www.sonoraenequipo.com.mx\/storage\/2025\/03\/jubilacion-maestros-ley-issste-sheinbaum-min.jpg","contentUrl":"https:\/\/www.sonoraenequipo.com.mx\/storage\/2025\/03\/jubilacion-maestros-ley-issste-sheinbaum-min.jpg","width":886,"height":555},{"@type":"BreadcrumbList","@id":"https:\/\/www.sonoraenequipo.com.mx\/se-congelara-edad-de-jubilacion-de-maestros-sheinbaum-explica-por-que-retiro-ley-del-issste\/#breadcrumb","itemListElement":[{"@type":"ListItem","position":1,"name":"Portada","item":"https:\/\/www.sonoraenequipo.com.mx\/"},{"@type":"ListItem","position":2,"name":"Se Congelar\u00e1 Edad de Jubilaci\u00f3n de Maestros: Sheinbaum Explica por qu\u00e9 Retir\u00f3 Ley del ISSSTE"}]},{"@type":"WebSite","@id":"https:\/\/www.sonoraenequipo.com.mx\/#website","url":"https:\/\/www.sonoraenequipo.com.mx\/","name":"Sonora en Equipo.","description":"Diario en l\u00ednea con Noticias desde Hermosillo, Sonora","publisher":{"@id":"https:\/\/www.sonoraenequipo.com.mx\/#organization"},"potentialAction":[{"@type":"SearchAction","target":{"@type":"EntryPoint","urlTemplate":"https:\/\/www.sonoraenequipo.com.mx\/?s={search_term_string}"},"query-input":{"@type":"PropertyValueSpecification","valueRequired":true,"valueName":"search_term_string"}}],"inLanguage":"es"},{"@type":"Organization","@id":"https:\/\/www.sonoraenequipo.com.mx\/#organization","name":"Sonoraenequipo.com.mx","url":"https:\/\/www.sonoraenequipo.com.mx\/","logo":{"@type":"ImageObject","inLanguage":"es","@id":"https:\/\/www.sonoraenequipo.com.mx\/#\/schema\/logo\/image\/","url":"https:\/\/www.sonoraenequipo.com.mx\/storage\/2019\/01\/sonoraenequipo_opt.png","contentUrl":"https:\/\/www.sonoraenequipo.com.mx\/storage\/2019\/01\/sonoraenequipo_opt.png","width":375,"height":125,"caption":"Sonoraenequipo.com.mx"},"image":{"@id":"https:\/\/www.sonoraenequipo.com.mx\/#\/schema\/logo\/image\/"},"sameAs":["https:\/\/www.facebook.com\/SonoraEE\/","https:\/\/x.com\/sonoraenequipo","https:\/\/www.youtube.com\/channel\/UC338nW-lPEYmJQs4ZABQ1SQ"]},{"@type":"Person","@id":"https:\/\/www.sonoraenequipo.com.mx\/#\/schema\/person\/50102df0fb23a8fa9e8effad8fa81386","name":"enequipo","image":{"@type":"ImageObject","inLanguage":"es","@id":"https:\/\/www.sonoraenequipo.com.mx\/#\/schema\/person\/image\/","url":"https:\/\/secure.gravatar.com\/avatar\/049821681b589dabc0bc20695993ccebb09f5b5d4d790cd9251b97faac7c652b?s=96&d=blank&r=g","contentUrl":"https:\/\/secure.gravatar.com\/avatar\/049821681b589dabc0bc20695993ccebb09f5b5d4d790cd9251b97faac7c652b?s=96&d=blank&r=g","caption":"enequipo"},"sameAs":["https:\/\/www.facebook.com\/SonoraEE"]}]}},"jetpack_featured_media_url":"https:\/\/www.sonoraenequipo.com.mx\/storage\/2025\/03\/jubilacion-maestros-ley-issste-sheinbaum-min.jpg","_links":{"self":[{"href":"https:\/\/www.sonoraenequipo.com.mx\/api\/wp\/v2\/posts\/211912","targetHints":{"allow":["GET"]}}],"collection":[{"href":"https:\/\/www.sonoraenequipo.com.mx\/api\/wp\/v2\/posts"}],"about":[{"href":"https:\/\/www.sonoraenequipo.com.mx\/api\/wp\/v2\/types\/post"}],"author":[{"embeddable":true,"href":"https:\/\/www.sonoraenequipo.com.mx\/api\/wp\/v2\/users\/1"}],"replies":[{"embeddable":true,"href":"https:\/\/www.sonoraenequipo.com.mx\/api\/wp\/v2\/comments?post=211912"}],"version-history":[{"count":1,"href":"https:\/\/www.sonoraenequipo.com.mx\/api\/wp\/v2\/posts\/211912\/revisions"}],"predecessor-version":[{"id":211913,"href":"https:\/\/www.sonoraenequipo.com.mx\/api\/wp\/v2\/posts\/211912\/revisions\/211913"}],"wp:featuredmedia":[{"embeddable":true,"href":"https:\/\/www.sonoraenequipo.com.mx\/api\/wp\/v2\/media\/211908"}],"wp:attachment":[{"href":"https:\/\/www.sonoraenequipo.com.mx\/api\/wp\/v2\/media?parent=211912"}],"wp:term":[{"taxonomy":"category","embeddable":true,"href":"https:\/\/www.sonoraenequipo.com.mx\/api\/wp\/v2\/categories?post=211912"},{"taxonomy":"post_tag","embeddable":true,"href":"https:\/\/www.sonoraenequipo.com.mx\/api\/wp\/v2\/tags?post=211912"}],"curies":[{"name":"wp","href":"https:\/\/api.w.org\/{rel}","templated":true}]}}