{"id":211925,"date":"2025-03-19T22:39:57","date_gmt":"2025-03-20T05:39:57","guid":{"rendered":"https:\/\/www.sonoraenequipo.com.mx\/?p=211925"},"modified":"2025-03-20T10:42:04","modified_gmt":"2025-03-20T17:42:04","slug":"se-realiza-en-el-campus-nogales-el-sexto-foro-con-aspirantes-a-la-rectoria","status":"publish","type":"post","link":"https:\/\/www.sonoraenequipo.com.mx\/se-realiza-en-el-campus-nogales-el-sexto-foro-con-aspirantes-a-la-rectoria\/","title":{"rendered":"Se realiza en el campus Nogales el sexto Foro con Aspirantes a la Rector\u00eda"},"content":{"rendered":"<p><strong>HERMOSILLO, SONORA.MX.<\/strong> \u2014Con el prop\u00f3sito de presentar sus propuestas y establecer un di\u00e1logo cercano con la comunidad universitaria, este d\u00eda se realiz\u00f3 en el campus Nogales el sexto Foro con Aspirantes que participan en el Proceso de Elecci\u00f3n de la Persona Titular de Rector\u00eda de la Universidad de Sonora, para el periodo 2025-2030.<\/p>\n<p>&nbsp;<\/p>\n<p>&nbsp;<\/p>\n<p> <\/p>\n<p>El pen\u00faltimo de los siete foros programados, se realiz\u00f3 ante estudiantes, acad\u00e9micos y trabajadores, quienes acudieron este mi\u00e9rcoles, 19 de marzo, al auditorio de ese campus para escuchar de forma directa las propuestas y visi\u00f3n de cada uno de los contendientes a este cargo.<\/p>\n<p>&nbsp;<\/p>\n<p>&nbsp;<\/p>\n<p>&nbsp;<\/p>\n<p>&nbsp;<\/p>\n<p>En dicho ejercicio democr\u00e1tico, los aspirantes centraron su participaci\u00f3n en su plan de trabajo, su visi\u00f3n y proyectos para los pr\u00f3ximos cinco a\u00f1os, en los siguientes bloques tem\u00e1ticos: calidad educativa y docencia, investigaci\u00f3n y desarrollo acad\u00e9mico, vinculaci\u00f3n con el sector productivo y la sociedad, apoyo estudiantil y formaci\u00f3n integral, as\u00ed como gobernanza y participaci\u00f3n universitaria.<\/p>\n<p>&nbsp;<\/p>\n<p>&nbsp;<\/p>\n<p>&nbsp;<\/p>\n<p>Dena Mar\u00eda Jes\u00fas Camarena G\u00f3mez habl\u00f3 de impulsar la actualizaci\u00f3n de planes de estudios, implementar la educaci\u00f3n dual, hacer estancias empresariales y no tener que esperar a los \u00faltimos semestres para que los estudiantes adquieran conocimiento pr\u00e1ctico; tambi\u00e9n de m\u00e1s estrategias de vinculaci\u00f3n, opciones de doble grado dentro de la Universidad, programas virtuales y m\u00e1s asignaturas en l\u00ednea.<\/p>\n<p>&nbsp;<\/p>\n<p>&nbsp;<\/p>\n<p>&nbsp;<\/p>\n<p>Mencion\u00f3 la necesidad de brindar mayor impuso a proyectos de investigaci\u00f3n, docentes m\u00e1s capacitados que ingresen al Sistema Nacional de Investigadoras e Investigadores y obtengan perfil Prodep, tambi\u00e9n de gestionar infraestructura en beneficio de acad\u00e9micos, simplificar tr\u00e1mites administrativos y estabilidad laboral.<\/p>\n<p>&nbsp;<\/p>\n<p>&nbsp;<\/p>\n<p>&nbsp;<\/p>\n<p>Por su parte, Cuauht\u00e9moc Gonz\u00e1lez Valdez destac\u00f3 los or\u00edgenes del campus Nogales, el desarrollo de mayores espacios e infraestructura, as\u00ed como la propuesta de dignificar y reforzar la seguridad en la parada de camiones que conecta con esta unidad acad\u00e9mica.<\/p>\n<p>&nbsp;<\/p>\n<p>&nbsp;<\/p>\n<p>&nbsp;<\/p>\n<p>Tambi\u00e9n habl\u00f3 de una universidad a la vanguardia educativa con programas en l\u00ednea, propuso la creaci\u00f3n del campus virtual a la altura de tecnolog\u00edas emergentes y variedad de idiomas. Tambi\u00e9n destac\u00f3 la importancia de establecer una atenci\u00f3n de puertas abiertas durante la administraci\u00f3n que desea encabezar.<\/p>\n<p>&nbsp;<\/p>\n<p>&nbsp;<\/p>\n<p>&nbsp;<\/p>\n<p>Aar\u00f3n Aurelio Grageda Bustamante resalt\u00f3 la importancia de modernizar la atenci\u00f3n con aplicaciones que permitan la atenci\u00f3n permanente y de un modelo de educaci\u00f3n integral en condiciones favorables para la comunidad universitaria, as\u00ed como espacios para el esparcimiento.<\/p>\n<p>&nbsp;<\/p>\n<p>&nbsp;<\/p>\n<p>&nbsp;<\/p>\n<p>Hizo \u00e9nfasis en que la pr\u00e1ctica profesional debe ser la primera experiencia laboral, as\u00ed como la relevancia de convenios para educaci\u00f3n dual y mencion\u00f3 que crear\u00e1 una oficina permanente de atenci\u00f3n a conflictos laborales, un programa de mejora salarial, rutas de crecimiento de trabajadores, investigaci\u00f3n de acci\u00f3n, egresados de calidad y una oficina de promoci\u00f3n del talento humano.<\/p>\n<p>&nbsp;<\/p>\n<p>&nbsp;<\/p>\n<p>A su vez, Mar\u00eda Elena Robles Baldenegro enfatiz\u00f3 los buenos indicadores del campus Nogales, propuso una instituci\u00f3n con calidad educativa basada en los propios estudiantes y que se les reconozca a nivel internacional, asimismo, reconoci\u00f3 que se ha hecho trabajo, por ello hay que mantener lo positivo.<\/p>\n<p>&nbsp;<\/p>\n<p>&nbsp;<\/p>\n<p>&nbsp;<\/p>\n<p>Recalc\u00f3 la necesidad de aumentar las becas para mejorar la condici\u00f3n estudiantil, de transitar a la gratuidad lo m\u00e1s r\u00e1pido que se pueda. Adem\u00e1s, propuso dar m\u00e1s atenci\u00f3n a la poblaci\u00f3n estudiantil con alguna discapacidad, tener una comunicaci\u00f3n m\u00e1s directa con sindicatos y atender la situaci\u00f3n de los docentes de horas sueltas.<\/p>\n<p>&nbsp;<\/p>\n<p>&nbsp;<\/p>\n<p>&nbsp;<\/p>\n<p>En su intervenci\u00f3n Ezequiel Rodr\u00edguez J\u00e1uregui propuso tambi\u00e9n la gratuidad, as\u00ed como la importancia de ense\u00f1ar a los estudiantes a que est\u00e9n atentos a sus derechos, que conozcan los reglamentos, y promover t\u00edtulos intermedios que les permita ser contratados antes de terminar sus estudios.<\/p>\n<p>&nbsp;<\/p>\n<p>&nbsp;<\/p>\n<p>Se\u00f1al\u00f3 que es importante que los j\u00f3venes aprendan a crear sus propias empresas, promover el autoempleo, as\u00ed como clases de liderazgo, gestionar patentes, a fin de que los estudiantes tengan m\u00e1s opciones y capacidad para decidir, adem\u00e1s de que los planes de estudios incluyan todas las nuevas tecnolog\u00edas.<\/p>\n<p>&nbsp;<\/p>\n<p>&nbsp;<\/p>\n<p>&nbsp;<\/p>\n<p>En tanto, Judith Celina T\u00e1nori C\u00f3rdova habl\u00f3 de la gratuidad de la educaci\u00f3n en la Universidad de Sonora, as\u00ed como establecer un centro de bienestar estudiantil para atender los requerimientos de los j\u00f3venes, y una unidad interdisciplinaria de apoyo educativo y de innovaci\u00f3n atenci\u00f3n a la inclusi\u00f3n en todos los sentidos, adem\u00e1s de mayor vinculaci\u00f3n.<\/p>\n<p>&nbsp;<\/p>\n<p>&nbsp;<\/p>\n<p>&nbsp;<\/p>\n<p>Propuso impulsar a la Universidad de Sonora para que siga siendo la mejor del estado y para ello, promover proyectos que se conciban desde la instituci\u00f3n y que tengan como prop\u00f3sito un bien mayor. Adem\u00e1s, mencion\u00f3 que el campus Nogales puede fortalecerse para recibir, incluso, a j\u00f3venes mexicanos que vivan del otro lado de la frontera.<\/p>\n<p>&nbsp;<\/p>\n<p>&nbsp;<\/p>\n<p>&nbsp;<\/p>\n<p>Los aspirantes concluyeron su participaci\u00f3n con un mensaje individual, previamente tuvieron oportunidad de responder algunas preguntas del p\u00fablico asistente en temas como atender las necesidades espec\u00edficas del campus Nogales, cuestiones de infraestructura, \u00e1reas verdes, oferta educativa, internacionalizaci\u00f3n, as\u00ed como de \u00edndole laboral referente a los acad\u00e9micos de asignatura.<\/p>\n<p>&nbsp;<\/p>\n<p>&nbsp;<\/p>\n<p>&nbsp;<\/p>\n<p>Este jueves, 20 de marzo, se llevar\u00e1 a cabo el s\u00e9ptimo y \u00faltimo foro en el campus Hermosillo, en el Sal\u00f3n de Convenciones del Centro de las Artes, a las 16:00 horas.<\/p>\n<p>&nbsp;<\/p>\n<p>&nbsp;<\/p>\n<p>&nbsp;<\/p>\n<p>Los interesados pueden conocer las propuestas de trabajo y curr\u00edculum vitae de los aspirantes a la Rector\u00eda en el sitio <a href=\"https:\/\/eleccionrectoria.unison.mx\/\"><strong>https:\/\/eleccionrectoria.unison.mx\/<\/strong><\/a><\/p>\n<p>&nbsp;<\/p>\n<p>&nbsp;<\/p>\n<p>&nbsp;<\/p>\n<p>PUBLICADO EL 20 DE MARZO 2025 CON INFORMACI\u00d3N DE UNISON)<\/p>\n","protected":false},"excerpt":{"rendered":"<p>HERMOSILLO, SONORA.MX. \u2014Con el prop\u00f3sito de presentar sus propuestas y establecer un di\u00e1logo cercano con&#8230;<\/p>\n","protected":false},"author":1,"featured_media":211926,"comment_status":"open","ping_status":"open","sticky":false,"template":"","format":"standard","meta":{"_monsterinsights_skip_tracking":false,"_monsterinsights_sitenote_active":false,"_monsterinsights_sitenote_note":"","_monsterinsights_sitenote_category":0,"footnotes":""},"categories":[22],"tags":[],"class_list":["post"],"yoast_head":" \n<title>Sonora en Equipo. Se realiza en el campus Nogales el sexto Foro con Aspirantes a la Rector\u00eda Sonora<\/title>\n<meta name=\"description\" content=\"HERMOSILLO, SONORA.MX. \u2014Con el prop\u00f3sito de presentar sus propuestas y establecer un di\u00e1logo cercano con la comunidad universitaria, este d\u00eda se realiz\u00f3 En Sonora en Equipo publicamos toda la informaci\u00f3n de Sonora, M\u00e9xico y el Mundo de manera oportuna y busca que la libertad de expresi\u00f3n sea real. Visita nuestro medio informativo publicado desde Hermosillo, Sonora. %\" \/>\n<meta name=\"robots\" content=\"index, follow, max-snippet:-1, max-image-preview:large, max-video-preview:-1\" \/>\n<link rel=\"canonical\" href=\"https:\/\/www.sonoraenequipo.com.mx\/se-realiza-en-el-campus-nogales-el-sexto-foro-con-aspirantes-a-la-rectoria\/\" \/>\n<meta property=\"og:locale\" content=\"es_ES\" \/>\n<meta property=\"og:type\" content=\"article\" \/>\n<meta property=\"og:title\" content=\"Sonora en Equipo. Se realiza en el campus Nogales el sexto Foro con Aspirantes a la Rector\u00eda Sonora\" \/>\n<meta property=\"og:description\" content=\"HERMOSILLO, SONORA.MX. \u2014Con el prop\u00f3sito de presentar sus propuestas y establecer un di\u00e1logo cercano con la comunidad universitaria, este d\u00eda se realiz\u00f3 En Sonora en Equipo publicamos toda la informaci\u00f3n de Sonora, M\u00e9xico y el Mundo de manera oportuna y busca que la libertad de expresi\u00f3n sea real. Visita nuestro medio informativo publicado desde Hermosillo, Sonora. %\" \/>\n<meta property=\"og:url\" content=\"https:\/\/www.sonoraenequipo.com.mx\/se-realiza-en-el-campus-nogales-el-sexto-foro-con-aspirantes-a-la-rectoria\/\" \/>\n<meta property=\"og:site_name\" content=\"Sonora en Equipo.\" \/>\n<meta property=\"article:publisher\" content=\"https:\/\/www.facebook.com\/SonoraEE\/\" \/>\n<meta property=\"article:author\" content=\"https:\/\/www.facebook.com\/SonoraEE\" \/>\n<meta property=\"article:published_time\" content=\"2025-03-20T05:39:57+00:00\" \/>\n<meta property=\"article:modified_time\" content=\"2025-03-20T17:42:04+00:00\" \/>\n<meta property=\"og:image\" content=\"https:\/\/www.sonoraenequipo.com.mx\/storage\/2025\/03\/Foro-con-aspirantes-a-rectoria-de-UNISON-min.jpg\" \/>\n\t<meta property=\"og:image:width\" content=\"900\" \/>\n\t<meta property=\"og:image:height\" content=\"554\" \/>\n\t<meta property=\"og:image:type\" content=\"image\/jpeg\" \/>\n<meta name=\"author\" content=\"enequipo\" \/>\n<meta name=\"twitter:card\" content=\"summary_large_image\" \/>\n<meta name=\"twitter:creator\" content=\"@sonoraenequipo\" \/>\n<meta name=\"twitter:site\" content=\"@sonoraenequipo\" \/>\n<meta name=\"twitter:label1\" content=\"Escrito por\" \/>\n\t<meta name=\"twitter:data1\" content=\"enequipo\" \/>\n\t<meta name=\"twitter:label2\" content=\"Tiempo de lectura\" \/>\n\t<meta name=\"twitter:data2\" content=\"5 minutos\" \/>\n<script type=\"application\/ld+json\" class=\"yoast-schema-graph\">{\"@context\":\"https:\/\/schema.org\",\"@graph\":[{\"@type\":\"Article\",\"@id\":\"https:\/\/www.sonoraenequipo.com.mx\/se-realiza-en-el-campus-nogales-el-sexto-foro-con-aspirantes-a-la-rectoria\/#article\",\"isPartOf\":{\"@id\":\"https:\/\/www.sonoraenequipo.com.mx\/se-realiza-en-el-campus-nogales-el-sexto-foro-con-aspirantes-a-la-rectoria\/\"},\"author\":{\"name\":\"enequipo\",\"@id\":\"https:\/\/www.sonoraenequipo.com.mx\/#\/schema\/person\/50102df0fb23a8fa9e8effad8fa81386\"},\"headline\":\"Se realiza en el campus Nogales el sexto Foro con Aspirantes a la Rector\u00eda\",\"datePublished\":\"2025-03-20T05:39:57+00:00\",\"dateModified\":\"2025-03-20T17:42:04+00:00\",\"mainEntityOfPage\":{\"@id\":\"https:\/\/www.sonoraenequipo.com.mx\/se-realiza-en-el-campus-nogales-el-sexto-foro-con-aspirantes-a-la-rectoria\/\"},\"wordCount\":1016,\"commentCount\":0,\"publisher\":{\"@id\":\"https:\/\/www.sonoraenequipo.com.mx\/#organization\"},\"image\":{\"@id\":\"https:\/\/www.sonoraenequipo.com.mx\/se-realiza-en-el-campus-nogales-el-sexto-foro-con-aspirantes-a-la-rectoria\/#primaryimage\"},\"thumbnailUrl\":\"https:\/\/www.sonoraenequipo.com.mx\/storage\/2025\/03\/Foro-con-aspirantes-a-rectoria-de-UNISON-min.jpg\",\"articleSection\":[\"Sonora\"],\"inLanguage\":\"es\",\"potentialAction\":[{\"@type\":\"CommentAction\",\"name\":\"Comment\",\"target\":[\"https:\/\/www.sonoraenequipo.com.mx\/se-realiza-en-el-campus-nogales-el-sexto-foro-con-aspirantes-a-la-rectoria\/#respond\"]}]},{\"@type\":\"WebPage\",\"@id\":\"https:\/\/www.sonoraenequipo.com.mx\/se-realiza-en-el-campus-nogales-el-sexto-foro-con-aspirantes-a-la-rectoria\/\",\"url\":\"https:\/\/www.sonoraenequipo.com.mx\/se-realiza-en-el-campus-nogales-el-sexto-foro-con-aspirantes-a-la-rectoria\/\",\"name\":\"Sonora en Equipo. Se realiza en el campus Nogales el sexto Foro con Aspirantes a la Rector\u00eda Sonora\",\"isPartOf\":{\"@id\":\"https:\/\/www.sonoraenequipo.com.mx\/#website\"},\"primaryImageOfPage\":{\"@id\":\"https:\/\/www.sonoraenequipo.com.mx\/se-realiza-en-el-campus-nogales-el-sexto-foro-con-aspirantes-a-la-rectoria\/#primaryimage\"},\"image\":{\"@id\":\"https:\/\/www.sonoraenequipo.com.mx\/se-realiza-en-el-campus-nogales-el-sexto-foro-con-aspirantes-a-la-rectoria\/#primaryimage\"},\"thumbnailUrl\":\"https:\/\/www.sonoraenequipo.com.mx\/storage\/2025\/03\/Foro-con-aspirantes-a-rectoria-de-UNISON-min.jpg\",\"datePublished\":\"2025-03-20T05:39:57+00:00\",\"dateModified\":\"2025-03-20T17:42:04+00:00\",\"description\":\"HERMOSILLO, SONORA.MX. \u2014Con el prop\u00f3sito de presentar sus propuestas y establecer un di\u00e1logo cercano con la comunidad universitaria, este d\u00eda se realiz\u00f3 En Sonora en Equipo publicamos toda la informaci\u00f3n de Sonora, M\u00e9xico y el Mundo de manera oportuna y busca que la libertad de expresi\u00f3n sea real. Visita nuestro medio informativo publicado desde Hermosillo, Sonora. %\",\"breadcrumb\":{\"@id\":\"https:\/\/www.sonoraenequipo.com.mx\/se-realiza-en-el-campus-nogales-el-sexto-foro-con-aspirantes-a-la-rectoria\/#breadcrumb\"},\"inLanguage\":\"es\",\"potentialAction\":[{\"@type\":\"ReadAction\",\"target\":[\"https:\/\/www.sonoraenequipo.com.mx\/se-realiza-en-el-campus-nogales-el-sexto-foro-con-aspirantes-a-la-rectoria\/\"]}]},{\"@type\":\"ImageObject\",\"inLanguage\":\"es\",\"@id\":\"https:\/\/www.sonoraenequipo.com.mx\/se-realiza-en-el-campus-nogales-el-sexto-foro-con-aspirantes-a-la-rectoria\/#primaryimage\",\"url\":\"https:\/\/www.sonoraenequipo.com.mx\/storage\/2025\/03\/Foro-con-aspirantes-a-rectoria-de-UNISON-min.jpg\",\"contentUrl\":\"https:\/\/www.sonoraenequipo.com.mx\/storage\/2025\/03\/Foro-con-aspirantes-a-rectoria-de-UNISON-min.jpg\",\"width\":900,\"height\":554},{\"@type\":\"BreadcrumbList\",\"@id\":\"https:\/\/www.sonoraenequipo.com.mx\/se-realiza-en-el-campus-nogales-el-sexto-foro-con-aspirantes-a-la-rectoria\/#breadcrumb\",\"itemListElement\":[{\"@type\":\"ListItem\",\"position\":1,\"name\":\"Portada\",\"item\":\"https:\/\/www.sonoraenequipo.com.mx\/\"},{\"@type\":\"ListItem\",\"position\":2,\"name\":\"Se realiza en el campus Nogales el sexto Foro con Aspirantes a la Rector\u00eda\"}]},{\"@type\":\"WebSite\",\"@id\":\"https:\/\/www.sonoraenequipo.com.mx\/#website\",\"url\":\"https:\/\/www.sonoraenequipo.com.mx\/\",\"name\":\"Sonora en Equipo.\",\"description\":\"Diario en l\u00ednea con Noticias desde Hermosillo, Sonora\",\"publisher\":{\"@id\":\"https:\/\/www.sonoraenequipo.com.mx\/#organization\"},\"potentialAction\":[{\"@type\":\"SearchAction\",\"target\":{\"@type\":\"EntryPoint\",\"urlTemplate\":\"https:\/\/www.sonoraenequipo.com.mx\/?s={search_term_string}\"},\"query-input\":{\"@type\":\"PropertyValueSpecification\",\"valueRequired\":true,\"valueName\":\"search_term_string\"}}],\"inLanguage\":\"es\"},{\"@type\":\"Organization\",\"@id\":\"https:\/\/www.sonoraenequipo.com.mx\/#organization\",\"name\":\"Sonoraenequipo.com.mx\",\"url\":\"https:\/\/www.sonoraenequipo.com.mx\/\",\"logo\":{\"@type\":\"ImageObject\",\"inLanguage\":\"es\",\"@id\":\"https:\/\/www.sonoraenequipo.com.mx\/#\/schema\/logo\/image\/\",\"url\":\"https:\/\/www.sonoraenequipo.com.mx\/storage\/2019\/01\/sonoraenequipo_opt.png\",\"contentUrl\":\"https:\/\/www.sonoraenequipo.com.mx\/storage\/2019\/01\/sonoraenequipo_opt.png\",\"width\":375,\"height\":125,\"caption\":\"Sonoraenequipo.com.mx\"},\"image\":{\"@id\":\"https:\/\/www.sonoraenequipo.com.mx\/#\/schema\/logo\/image\/\"},\"sameAs\":[\"https:\/\/www.facebook.com\/SonoraEE\/\",\"https:\/\/x.com\/sonoraenequipo\",\"https:\/\/www.youtube.com\/channel\/UC338nW-lPEYmJQs4ZABQ1SQ\"]},{\"@type\":\"Person\",\"@id\":\"https:\/\/www.sonoraenequipo.com.mx\/#\/schema\/person\/50102df0fb23a8fa9e8effad8fa81386\",\"name\":\"enequipo\",\"image\":{\"@type\":\"ImageObject\",\"inLanguage\":\"es\",\"@id\":\"https:\/\/www.sonoraenequipo.com.mx\/#\/schema\/person\/image\/\",\"url\":\"https:\/\/secure.gravatar.com\/avatar\/049821681b589dabc0bc20695993ccebb09f5b5d4d790cd9251b97faac7c652b?s=96&d=blank&r=g\",\"contentUrl\":\"https:\/\/secure.gravatar.com\/avatar\/049821681b589dabc0bc20695993ccebb09f5b5d4d790cd9251b97faac7c652b?s=96&d=blank&r=g\",\"caption\":\"enequipo\"},\"sameAs\":[\"https:\/\/www.facebook.com\/SonoraEE\"]}]}<\/script>\n ","yoast_head_json":{"title":"Sonora en Equipo. Se realiza en el campus Nogales el sexto Foro con Aspirantes a la Rector\u00eda Sonora","description":"HERMOSILLO, SONORA.MX. \u2014Con el prop\u00f3sito de presentar sus propuestas y establecer un di\u00e1logo cercano con la comunidad universitaria, este d\u00eda se realiz\u00f3 En Sonora en Equipo publicamos toda la informaci\u00f3n de Sonora, M\u00e9xico y el Mundo de manera oportuna y busca que la libertad de expresi\u00f3n sea real. Visita nuestro medio informativo publicado desde Hermosillo, Sonora. %","robots":{"index":"index","follow":"follow","max-snippet":"max-snippet:-1","max-image-preview":"max-image-preview:large","max-video-preview":"max-video-preview:-1"},"canonical":"https:\/\/www.sonoraenequipo.com.mx\/se-realiza-en-el-campus-nogales-el-sexto-foro-con-aspirantes-a-la-rectoria\/","og_locale":"es_ES","og_type":"article","og_title":"Sonora en Equipo. Se realiza en el campus Nogales el sexto Foro con Aspirantes a la Rector\u00eda Sonora","og_description":"HERMOSILLO, SONORA.MX. \u2014Con el prop\u00f3sito de presentar sus propuestas y establecer un di\u00e1logo cercano con la comunidad universitaria, este d\u00eda se realiz\u00f3 En Sonora en Equipo publicamos toda la informaci\u00f3n de Sonora, M\u00e9xico y el Mundo de manera oportuna y busca que la libertad de expresi\u00f3n sea real. Visita nuestro medio informativo publicado desde Hermosillo, Sonora. %","og_url":"https:\/\/www.sonoraenequipo.com.mx\/se-realiza-en-el-campus-nogales-el-sexto-foro-con-aspirantes-a-la-rectoria\/","og_site_name":"Sonora en Equipo.","article_publisher":"https:\/\/www.facebook.com\/SonoraEE\/","article_author":"https:\/\/www.facebook.com\/SonoraEE","article_published_time":"2025-03-20T05:39:57+00:00","article_modified_time":"2025-03-20T17:42:04+00:00","og_image":[{"width":900,"height":554,"url":"https:\/\/www.sonoraenequipo.com.mx\/storage\/2025\/03\/Foro-con-aspirantes-a-rectoria-de-UNISON-min.jpg","type":"image\/jpeg"}],"author":"enequipo","twitter_card":"summary_large_image","twitter_creator":"@sonoraenequipo","twitter_site":"@sonoraenequipo","twitter_misc":{"Escrito por":"enequipo","Tiempo de lectura":"5 minutos"},"schema":{"@context":"https:\/\/schema.org","@graph":[{"@type":"Article","@id":"https:\/\/www.sonoraenequipo.com.mx\/se-realiza-en-el-campus-nogales-el-sexto-foro-con-aspirantes-a-la-rectoria\/#article","isPartOf":{"@id":"https:\/\/www.sonoraenequipo.com.mx\/se-realiza-en-el-campus-nogales-el-sexto-foro-con-aspirantes-a-la-rectoria\/"},"author":{"name":"enequipo","@id":"https:\/\/www.sonoraenequipo.com.mx\/#\/schema\/person\/50102df0fb23a8fa9e8effad8fa81386"},"headline":"Se realiza en el campus Nogales el sexto Foro con Aspirantes a la Rector\u00eda","datePublished":"2025-03-20T05:39:57+00:00","dateModified":"2025-03-20T17:42:04+00:00","mainEntityOfPage":{"@id":"https:\/\/www.sonoraenequipo.com.mx\/se-realiza-en-el-campus-nogales-el-sexto-foro-con-aspirantes-a-la-rectoria\/"},"wordCount":1016,"commentCount":0,"publisher":{"@id":"https:\/\/www.sonoraenequipo.com.mx\/#organization"},"image":{"@id":"https:\/\/www.sonoraenequipo.com.mx\/se-realiza-en-el-campus-nogales-el-sexto-foro-con-aspirantes-a-la-rectoria\/#primaryimage"},"thumbnailUrl":"https:\/\/www.sonoraenequipo.com.mx\/storage\/2025\/03\/Foro-con-aspirantes-a-rectoria-de-UNISON-min.jpg","articleSection":["Sonora"],"inLanguage":"es","potentialAction":[{"@type":"CommentAction","name":"Comment","target":["https:\/\/www.sonoraenequipo.com.mx\/se-realiza-en-el-campus-nogales-el-sexto-foro-con-aspirantes-a-la-rectoria\/#respond"]}]},{"@type":"WebPage","@id":"https:\/\/www.sonoraenequipo.com.mx\/se-realiza-en-el-campus-nogales-el-sexto-foro-con-aspirantes-a-la-rectoria\/","url":"https:\/\/www.sonoraenequipo.com.mx\/se-realiza-en-el-campus-nogales-el-sexto-foro-con-aspirantes-a-la-rectoria\/","name":"Sonora en Equipo. Se realiza en el campus Nogales el sexto Foro con Aspirantes a la Rector\u00eda Sonora","isPartOf":{"@id":"https:\/\/www.sonoraenequipo.com.mx\/#website"},"primaryImageOfPage":{"@id":"https:\/\/www.sonoraenequipo.com.mx\/se-realiza-en-el-campus-nogales-el-sexto-foro-con-aspirantes-a-la-rectoria\/#primaryimage"},"image":{"@id":"https:\/\/www.sonoraenequipo.com.mx\/se-realiza-en-el-campus-nogales-el-sexto-foro-con-aspirantes-a-la-rectoria\/#primaryimage"},"thumbnailUrl":"https:\/\/www.sonoraenequipo.com.mx\/storage\/2025\/03\/Foro-con-aspirantes-a-rectoria-de-UNISON-min.jpg","datePublished":"2025-03-20T05:39:57+00:00","dateModified":"2025-03-20T17:42:04+00:00","description":"HERMOSILLO, SONORA.MX. \u2014Con el prop\u00f3sito de presentar sus propuestas y establecer un di\u00e1logo cercano con la comunidad universitaria, este d\u00eda se realiz\u00f3 En Sonora en Equipo publicamos toda la informaci\u00f3n de Sonora, M\u00e9xico y el Mundo de manera oportuna y busca que la libertad de expresi\u00f3n sea real. Visita nuestro medio informativo publicado desde Hermosillo, Sonora. %","breadcrumb":{"@id":"https:\/\/www.sonoraenequipo.com.mx\/se-realiza-en-el-campus-nogales-el-sexto-foro-con-aspirantes-a-la-rectoria\/#breadcrumb"},"inLanguage":"es","potentialAction":[{"@type":"ReadAction","target":["https:\/\/www.sonoraenequipo.com.mx\/se-realiza-en-el-campus-nogales-el-sexto-foro-con-aspirantes-a-la-rectoria\/"]}]},{"@type":"ImageObject","inLanguage":"es","@id":"https:\/\/www.sonoraenequipo.com.mx\/se-realiza-en-el-campus-nogales-el-sexto-foro-con-aspirantes-a-la-rectoria\/#primaryimage","url":"https:\/\/www.sonoraenequipo.com.mx\/storage\/2025\/03\/Foro-con-aspirantes-a-rectoria-de-UNISON-min.jpg","contentUrl":"https:\/\/www.sonoraenequipo.com.mx\/storage\/2025\/03\/Foro-con-aspirantes-a-rectoria-de-UNISON-min.jpg","width":900,"height":554},{"@type":"BreadcrumbList","@id":"https:\/\/www.sonoraenequipo.com.mx\/se-realiza-en-el-campus-nogales-el-sexto-foro-con-aspirantes-a-la-rectoria\/#breadcrumb","itemListElement":[{"@type":"ListItem","position":1,"name":"Portada","item":"https:\/\/www.sonoraenequipo.com.mx\/"},{"@type":"ListItem","position":2,"name":"Se realiza en el campus Nogales el sexto Foro con Aspirantes a la Rector\u00eda"}]},{"@type":"WebSite","@id":"https:\/\/www.sonoraenequipo.com.mx\/#website","url":"https:\/\/www.sonoraenequipo.com.mx\/","name":"Sonora en Equipo.","description":"Diario en l\u00ednea con Noticias desde Hermosillo, Sonora","publisher":{"@id":"https:\/\/www.sonoraenequipo.com.mx\/#organization"},"potentialAction":[{"@type":"SearchAction","target":{"@type":"EntryPoint","urlTemplate":"https:\/\/www.sonoraenequipo.com.mx\/?s={search_term_string}"},"query-input":{"@type":"PropertyValueSpecification","valueRequired":true,"valueName":"search_term_string"}}],"inLanguage":"es"},{"@type":"Organization","@id":"https:\/\/www.sonoraenequipo.com.mx\/#organization","name":"Sonoraenequipo.com.mx","url":"https:\/\/www.sonoraenequipo.com.mx\/","logo":{"@type":"ImageObject","inLanguage":"es","@id":"https:\/\/www.sonoraenequipo.com.mx\/#\/schema\/logo\/image\/","url":"https:\/\/www.sonoraenequipo.com.mx\/storage\/2019\/01\/sonoraenequipo_opt.png","contentUrl":"https:\/\/www.sonoraenequipo.com.mx\/storage\/2019\/01\/sonoraenequipo_opt.png","width":375,"height":125,"caption":"Sonoraenequipo.com.mx"},"image":{"@id":"https:\/\/www.sonoraenequipo.com.mx\/#\/schema\/logo\/image\/"},"sameAs":["https:\/\/www.facebook.com\/SonoraEE\/","https:\/\/x.com\/sonoraenequipo","https:\/\/www.youtube.com\/channel\/UC338nW-lPEYmJQs4ZABQ1SQ"]},{"@type":"Person","@id":"https:\/\/www.sonoraenequipo.com.mx\/#\/schema\/person\/50102df0fb23a8fa9e8effad8fa81386","name":"enequipo","image":{"@type":"ImageObject","inLanguage":"es","@id":"https:\/\/www.sonoraenequipo.com.mx\/#\/schema\/person\/image\/","url":"https:\/\/secure.gravatar.com\/avatar\/049821681b589dabc0bc20695993ccebb09f5b5d4d790cd9251b97faac7c652b?s=96&d=blank&r=g","contentUrl":"https:\/\/secure.gravatar.com\/avatar\/049821681b589dabc0bc20695993ccebb09f5b5d4d790cd9251b97faac7c652b?s=96&d=blank&r=g","caption":"enequipo"},"sameAs":["https:\/\/www.facebook.com\/SonoraEE"]}]}},"jetpack_featured_media_url":"https:\/\/www.sonoraenequipo.com.mx\/storage\/2025\/03\/Foro-con-aspirantes-a-rectoria-de-UNISON-min.jpg","_links":{"self":[{"href":"https:\/\/www.sonoraenequipo.com.mx\/api\/wp\/v2\/posts\/211925","targetHints":{"allow":["GET"]}}],"collection":[{"href":"https:\/\/www.sonoraenequipo.com.mx\/api\/wp\/v2\/posts"}],"about":[{"href":"https:\/\/www.sonoraenequipo.com.mx\/api\/wp\/v2\/types\/post"}],"author":[{"embeddable":true,"href":"https:\/\/www.sonoraenequipo.com.mx\/api\/wp\/v2\/users\/1"}],"replies":[{"embeddable":true,"href":"https:\/\/www.sonoraenequipo.com.mx\/api\/wp\/v2\/comments?post=211925"}],"version-history":[{"count":1,"href":"https:\/\/www.sonoraenequipo.com.mx\/api\/wp\/v2\/posts\/211925\/revisions"}],"predecessor-version":[{"id":211927,"href":"https:\/\/www.sonoraenequipo.com.mx\/api\/wp\/v2\/posts\/211925\/revisions\/211927"}],"wp:featuredmedia":[{"embeddable":true,"href":"https:\/\/www.sonoraenequipo.com.mx\/api\/wp\/v2\/media\/211926"}],"wp:attachment":[{"href":"https:\/\/www.sonoraenequipo.com.mx\/api\/wp\/v2\/media?parent=211925"}],"wp:term":[{"taxonomy":"category","embeddable":true,"href":"https:\/\/www.sonoraenequipo.com.mx\/api\/wp\/v2\/categories?post=211925"},{"taxonomy":"post_tag","embeddable":true,"href":"https:\/\/www.sonoraenequipo.com.mx\/api\/wp\/v2\/tags?post=211925"}],"curies":[{"name":"wp","href":"https:\/\/api.w.org\/{rel}","templated":true}]}}