{"id":211929,"date":"2025-03-20T09:07:25","date_gmt":"2025-03-20T16:07:25","guid":{"rendered":"https:\/\/www.sonoraenequipo.com.mx\/?p=211929"},"modified":"2025-03-20T14:21:56","modified_gmt":"2025-03-20T21:21:56","slug":"maestros-de-la-cnte-protestan-a-lo-grande-en-ciudad-de-mexico-y-bloquean-accesos","status":"publish","type":"post","link":"https:\/\/www.sonoraenequipo.com.mx\/maestros-de-la-cnte-protestan-a-lo-grande-en-ciudad-de-mexico-y-bloquean-accesos\/","title":{"rendered":"Maestros de la CNTE protestan a lo grande en Ciudad de M\u00e9xico y bloquean accesos"},"content":{"rendered":"<p><strong>CIUDAD DE M\u00c9XICO. MX. \u2014<\/strong> Como parte de su paro de 72 horas, la ma\u00f1ana de este jueves 20 de marzo maestros de la Coordinadora Nacional de Trabajadores de la Educaci\u00f3n (CNTE) se manifestaron en distintos puntos de la capital del pa\u00eds, bloqueando avenidas y accesos e incluso causando que se retrasaran algunas l\u00edneas del metro.<\/p>\n<p>&nbsp;<\/p>\n<p>&nbsp;<\/p>\n<p>&nbsp;<\/p>\n<p> <\/p>\n<p>Integrantes de la secci\u00f3n 22 de Oaxaca, secci\u00f3n 7 de Chiapas, secci\u00f3n 14 de Guerrero y secci\u00f3n 18 de Michoac\u00e1n se concentran en las inmediaciones de las terminales 1 y 2 del Aeropuerto Internacional de la Ciudad de M\u00e9xico (AICM).<\/p>\n<p>&nbsp;<\/p>\n<p>&nbsp;<\/p>\n<p>&nbsp;<\/p>\n<p>El contingente es encabezado por las dirigentes Yenni Aracely P\u00e9rez de Oaxaca, Eva Hinojosa de Michoac\u00e1n, Elvira Veleces de Guerrero y rumbo a la Terminal 1 del AICM, por lo que las autoridades han solicitado precauci\u00f3n a la poblaci\u00f3n que viajar\u00e1 de este aeropuerto.<\/p>\n<p>&nbsp;<\/p>\n<p>&nbsp;<\/p>\n<p>&nbsp;<\/p>\n<p>Entre las exigencias que hace la agrupaci\u00f3n magisterial destacan la abrogaci\u00f3n de la Ley del ISSSTE de 2007, la cancelaci\u00f3n de la reforma educativa, aumento salarial inmediato, reformas al sistema de pensiones y jubilaci\u00f3n por a\u00f1os de servicio, pero sin el uso de la Unidad de Medida de Actualizaci\u00f3n (UMA).<\/p>\n<p>&nbsp;<\/p>\n<p>&nbsp;<\/p>\n<p>&nbsp;<\/p>\n<p>Cabe recordar que apenas el mi\u00e9rcoles, la presidenta Claudia Sheinbaum anunci\u00f3 el congelamiento de la edad de jubilaci\u00f3n para maestros que quedar\u00e1 en 56 y 58 a\u00f1os, as\u00ed como un programa para quitas de deudas impagables con el Fovissste; las consultas escuela por escuela para definir el destino de Usicam; y el retiro de la iniciativa de reforma a la ley del ISSSTE, compromisos a los que lleg\u00f3 con el magisterio.<\/p>\n<p>&nbsp;<\/p>\n<p>&nbsp;<\/p>\n<p>&nbsp;<\/p>\n<p>Con el retiro de la iniciativa de reforma de la ley ISSSTE la presidenta Claudia Sheinbaum asegur\u00f3 que se mantendr\u00e1n los beneficios para los maestros.<\/p>\n<p>&nbsp;<\/p>\n<p>&nbsp;<\/p>\n<p>&nbsp;<\/p>\n<p><em><strong>\u00abRetiramos la iniciativa de reforma a la Ley del ISSSTE por la desinformaci\u00f3n<\/strong><\/em>\u00ab, asegur\u00f3 la presidenta Claudia Sheinbaum, ante las protestas del magisterio mexicano.<\/p>\n<p>&nbsp;<\/p>\n<p>&nbsp;<\/p>\n<p>&nbsp;<\/p>\n<p>Mientras se negocian las nuevas exigencias, los integrantes de la CNTE amenazan con estallar un paro indefinido.<\/p>\n<p>&nbsp;<\/p>\n<p>&nbsp;<\/p>\n<p>&nbsp;<\/p>\n<p>&nbsp;<\/p>\n<p>PUBLICADO EL 20 DE MARZO 2025 CON INFORMACI\u00d3N DE<\/p>\n","protected":false},"excerpt":{"rendered":"<p>CIUDAD DE M\u00c9XICO. MX. \u2014 Como parte de su paro de 72 horas, la ma\u00f1ana&#8230;<\/p>\n","protected":false},"author":1,"featured_media":211935,"comment_status":"open","ping_status":"open","sticky":false,"template":"","format":"standard","meta":{"_monsterinsights_skip_tracking":false,"_monsterinsights_sitenote_active":false,"_monsterinsights_sitenote_note":"","_monsterinsights_sitenote_category":0,"footnotes":""},"categories":[5],"tags":[],"class_list":["post"],"yoast_head":" \n<title>Sonora en Equipo. Maestros de la CNTE protestan a lo grande en Ciudad de M\u00e9xico y bloquean accesos Rep\u00fablica<\/title>\n<meta name=\"description\" content=\"CIUDAD DE M\u00c9XICO. MX. \u2014 Como parte de su paro de 72 horas, la ma\u00f1ana de este jueves 20 de marzo maestros de la Coordinadora Nacional de Trabajadores de la En Sonora en Equipo publicamos toda la informaci\u00f3n de Sonora, M\u00e9xico y el Mundo de manera oportuna y busca que la libertad de expresi\u00f3n sea real. Visita nuestro medio informativo publicado desde Hermosillo, Sonora. %\" \/>\n<meta name=\"robots\" content=\"index, follow, max-snippet:-1, max-image-preview:large, max-video-preview:-1\" \/>\n<link rel=\"canonical\" href=\"https:\/\/www.sonoraenequipo.com.mx\/maestros-de-la-cnte-protestan-a-lo-grande-en-ciudad-de-mexico-y-bloquean-accesos\/\" \/>\n<meta property=\"og:locale\" content=\"es_ES\" \/>\n<meta property=\"og:type\" content=\"article\" \/>\n<meta property=\"og:title\" content=\"Sonora en Equipo. Maestros de la CNTE protestan a lo grande en Ciudad de M\u00e9xico y bloquean accesos Rep\u00fablica\" \/>\n<meta property=\"og:description\" content=\"CIUDAD DE M\u00c9XICO. MX. \u2014 Como parte de su paro de 72 horas, la ma\u00f1ana de este jueves 20 de marzo maestros de la Coordinadora Nacional de Trabajadores de la En Sonora en Equipo publicamos toda la informaci\u00f3n de Sonora, M\u00e9xico y el Mundo de manera oportuna y busca que la libertad de expresi\u00f3n sea real. Visita nuestro medio informativo publicado desde Hermosillo, Sonora. %\" \/>\n<meta property=\"og:url\" content=\"https:\/\/www.sonoraenequipo.com.mx\/maestros-de-la-cnte-protestan-a-lo-grande-en-ciudad-de-mexico-y-bloquean-accesos\/\" \/>\n<meta property=\"og:site_name\" content=\"Sonora en Equipo.\" \/>\n<meta property=\"article:publisher\" content=\"https:\/\/www.facebook.com\/SonoraEE\/\" \/>\n<meta property=\"article:author\" content=\"https:\/\/www.facebook.com\/SonoraEE\" \/>\n<meta property=\"article:published_time\" content=\"2025-03-20T16:07:25+00:00\" \/>\n<meta property=\"article:modified_time\" content=\"2025-03-20T21:21:56+00:00\" \/>\n<meta property=\"og:image\" content=\"https:\/\/www.sonoraenequipo.com.mx\/storage\/2025\/03\/movilizaciones-de-la-cnte-min.jpg\" \/>\n\t<meta property=\"og:image:width\" content=\"1000\" \/>\n\t<meta property=\"og:image:height\" content=\"549\" \/>\n\t<meta property=\"og:image:type\" content=\"image\/jpeg\" \/>\n<meta name=\"author\" content=\"enequipo\" \/>\n<meta name=\"twitter:card\" content=\"summary_large_image\" \/>\n<meta name=\"twitter:creator\" content=\"@sonoraenequipo\" \/>\n<meta name=\"twitter:site\" content=\"@sonoraenequipo\" \/>\n<meta name=\"twitter:label1\" content=\"Escrito por\" \/>\n\t<meta name=\"twitter:data1\" content=\"enequipo\" \/>\n\t<meta name=\"twitter:label2\" content=\"Tiempo de lectura\" \/>\n\t<meta name=\"twitter:data2\" content=\"2 minutos\" \/>\n<script type=\"application\/ld+json\" class=\"yoast-schema-graph\">{\"@context\":\"https:\/\/schema.org\",\"@graph\":[{\"@type\":\"Article\",\"@id\":\"https:\/\/www.sonoraenequipo.com.mx\/maestros-de-la-cnte-protestan-a-lo-grande-en-ciudad-de-mexico-y-bloquean-accesos\/#article\",\"isPartOf\":{\"@id\":\"https:\/\/www.sonoraenequipo.com.mx\/maestros-de-la-cnte-protestan-a-lo-grande-en-ciudad-de-mexico-y-bloquean-accesos\/\"},\"author\":{\"name\":\"enequipo\",\"@id\":\"https:\/\/www.sonoraenequipo.com.mx\/#\/schema\/person\/50102df0fb23a8fa9e8effad8fa81386\"},\"headline\":\"Maestros de la CNTE protestan a lo grande en Ciudad de M\u00e9xico y bloquean accesos\",\"datePublished\":\"2025-03-20T16:07:25+00:00\",\"dateModified\":\"2025-03-20T21:21:56+00:00\",\"mainEntityOfPage\":{\"@id\":\"https:\/\/www.sonoraenequipo.com.mx\/maestros-de-la-cnte-protestan-a-lo-grande-en-ciudad-de-mexico-y-bloquean-accesos\/\"},\"wordCount\":389,\"commentCount\":0,\"publisher\":{\"@id\":\"https:\/\/www.sonoraenequipo.com.mx\/#organization\"},\"image\":{\"@id\":\"https:\/\/www.sonoraenequipo.com.mx\/maestros-de-la-cnte-protestan-a-lo-grande-en-ciudad-de-mexico-y-bloquean-accesos\/#primaryimage\"},\"thumbnailUrl\":\"https:\/\/www.sonoraenequipo.com.mx\/storage\/2025\/03\/movilizaciones-de-la-cnte-min.jpg\",\"articleSection\":[\"Rep\u00fablica\"],\"inLanguage\":\"es\",\"potentialAction\":[{\"@type\":\"CommentAction\",\"name\":\"Comment\",\"target\":[\"https:\/\/www.sonoraenequipo.com.mx\/maestros-de-la-cnte-protestan-a-lo-grande-en-ciudad-de-mexico-y-bloquean-accesos\/#respond\"]}]},{\"@type\":\"WebPage\",\"@id\":\"https:\/\/www.sonoraenequipo.com.mx\/maestros-de-la-cnte-protestan-a-lo-grande-en-ciudad-de-mexico-y-bloquean-accesos\/\",\"url\":\"https:\/\/www.sonoraenequipo.com.mx\/maestros-de-la-cnte-protestan-a-lo-grande-en-ciudad-de-mexico-y-bloquean-accesos\/\",\"name\":\"Sonora en Equipo. Maestros de la CNTE protestan a lo grande en Ciudad de M\u00e9xico y bloquean accesos Rep\u00fablica\",\"isPartOf\":{\"@id\":\"https:\/\/www.sonoraenequipo.com.mx\/#website\"},\"primaryImageOfPage\":{\"@id\":\"https:\/\/www.sonoraenequipo.com.mx\/maestros-de-la-cnte-protestan-a-lo-grande-en-ciudad-de-mexico-y-bloquean-accesos\/#primaryimage\"},\"image\":{\"@id\":\"https:\/\/www.sonoraenequipo.com.mx\/maestros-de-la-cnte-protestan-a-lo-grande-en-ciudad-de-mexico-y-bloquean-accesos\/#primaryimage\"},\"thumbnailUrl\":\"https:\/\/www.sonoraenequipo.com.mx\/storage\/2025\/03\/movilizaciones-de-la-cnte-min.jpg\",\"datePublished\":\"2025-03-20T16:07:25+00:00\",\"dateModified\":\"2025-03-20T21:21:56+00:00\",\"description\":\"CIUDAD DE M\u00c9XICO. MX. \u2014 Como parte de su paro de 72 horas, la ma\u00f1ana de este jueves 20 de marzo maestros de la Coordinadora Nacional de Trabajadores de la En Sonora en Equipo publicamos toda la informaci\u00f3n de Sonora, M\u00e9xico y el Mundo de manera oportuna y busca que la libertad de expresi\u00f3n sea real. Visita nuestro medio informativo publicado desde Hermosillo, Sonora. %\",\"breadcrumb\":{\"@id\":\"https:\/\/www.sonoraenequipo.com.mx\/maestros-de-la-cnte-protestan-a-lo-grande-en-ciudad-de-mexico-y-bloquean-accesos\/#breadcrumb\"},\"inLanguage\":\"es\",\"potentialAction\":[{\"@type\":\"ReadAction\",\"target\":[\"https:\/\/www.sonoraenequipo.com.mx\/maestros-de-la-cnte-protestan-a-lo-grande-en-ciudad-de-mexico-y-bloquean-accesos\/\"]}]},{\"@type\":\"ImageObject\",\"inLanguage\":\"es\",\"@id\":\"https:\/\/www.sonoraenequipo.com.mx\/maestros-de-la-cnte-protestan-a-lo-grande-en-ciudad-de-mexico-y-bloquean-accesos\/#primaryimage\",\"url\":\"https:\/\/www.sonoraenequipo.com.mx\/storage\/2025\/03\/movilizaciones-de-la-cnte-min.jpg\",\"contentUrl\":\"https:\/\/www.sonoraenequipo.com.mx\/storage\/2025\/03\/movilizaciones-de-la-cnte-min.jpg\",\"width\":1000,\"height\":549,\"caption\":\"Marcha de la CNTE en la Ciudad de M\u00e9xico. Archivo\"},{\"@type\":\"BreadcrumbList\",\"@id\":\"https:\/\/www.sonoraenequipo.com.mx\/maestros-de-la-cnte-protestan-a-lo-grande-en-ciudad-de-mexico-y-bloquean-accesos\/#breadcrumb\",\"itemListElement\":[{\"@type\":\"ListItem\",\"position\":1,\"name\":\"Portada\",\"item\":\"https:\/\/www.sonoraenequipo.com.mx\/\"},{\"@type\":\"ListItem\",\"position\":2,\"name\":\"Maestros de la CNTE protestan a lo grande en Ciudad de M\u00e9xico y bloquean accesos\"}]},{\"@type\":\"WebSite\",\"@id\":\"https:\/\/www.sonoraenequipo.com.mx\/#website\",\"url\":\"https:\/\/www.sonoraenequipo.com.mx\/\",\"name\":\"Sonora en Equipo.\",\"description\":\"Diario en l\u00ednea con Noticias desde Hermosillo, Sonora\",\"publisher\":{\"@id\":\"https:\/\/www.sonoraenequipo.com.mx\/#organization\"},\"potentialAction\":[{\"@type\":\"SearchAction\",\"target\":{\"@type\":\"EntryPoint\",\"urlTemplate\":\"https:\/\/www.sonoraenequipo.com.mx\/?s={search_term_string}\"},\"query-input\":{\"@type\":\"PropertyValueSpecification\",\"valueRequired\":true,\"valueName\":\"search_term_string\"}}],\"inLanguage\":\"es\"},{\"@type\":\"Organization\",\"@id\":\"https:\/\/www.sonoraenequipo.com.mx\/#organization\",\"name\":\"Sonoraenequipo.com.mx\",\"url\":\"https:\/\/www.sonoraenequipo.com.mx\/\",\"logo\":{\"@type\":\"ImageObject\",\"inLanguage\":\"es\",\"@id\":\"https:\/\/www.sonoraenequipo.com.mx\/#\/schema\/logo\/image\/\",\"url\":\"https:\/\/www.sonoraenequipo.com.mx\/storage\/2019\/01\/sonoraenequipo_opt.png\",\"contentUrl\":\"https:\/\/www.sonoraenequipo.com.mx\/storage\/2019\/01\/sonoraenequipo_opt.png\",\"width\":375,\"height\":125,\"caption\":\"Sonoraenequipo.com.mx\"},\"image\":{\"@id\":\"https:\/\/www.sonoraenequipo.com.mx\/#\/schema\/logo\/image\/\"},\"sameAs\":[\"https:\/\/www.facebook.com\/SonoraEE\/\",\"https:\/\/x.com\/sonoraenequipo\",\"https:\/\/www.youtube.com\/channel\/UC338nW-lPEYmJQs4ZABQ1SQ\"]},{\"@type\":\"Person\",\"@id\":\"https:\/\/www.sonoraenequipo.com.mx\/#\/schema\/person\/50102df0fb23a8fa9e8effad8fa81386\",\"name\":\"enequipo\",\"image\":{\"@type\":\"ImageObject\",\"inLanguage\":\"es\",\"@id\":\"https:\/\/www.sonoraenequipo.com.mx\/#\/schema\/person\/image\/\",\"url\":\"https:\/\/secure.gravatar.com\/avatar\/049821681b589dabc0bc20695993ccebb09f5b5d4d790cd9251b97faac7c652b?s=96&d=blank&r=g\",\"contentUrl\":\"https:\/\/secure.gravatar.com\/avatar\/049821681b589dabc0bc20695993ccebb09f5b5d4d790cd9251b97faac7c652b?s=96&d=blank&r=g\",\"caption\":\"enequipo\"},\"sameAs\":[\"https:\/\/www.facebook.com\/SonoraEE\"]}]}<\/script>\n ","yoast_head_json":{"title":"Sonora en Equipo. Maestros de la CNTE protestan a lo grande en Ciudad de M\u00e9xico y bloquean accesos Rep\u00fablica","description":"CIUDAD DE M\u00c9XICO. MX. \u2014 Como parte de su paro de 72 horas, la ma\u00f1ana de este jueves 20 de marzo maestros de la Coordinadora Nacional de Trabajadores de la En Sonora en Equipo publicamos toda la informaci\u00f3n de Sonora, M\u00e9xico y el Mundo de manera oportuna y busca que la libertad de expresi\u00f3n sea real. Visita nuestro medio informativo publicado desde Hermosillo, Sonora. %","robots":{"index":"index","follow":"follow","max-snippet":"max-snippet:-1","max-image-preview":"max-image-preview:large","max-video-preview":"max-video-preview:-1"},"canonical":"https:\/\/www.sonoraenequipo.com.mx\/maestros-de-la-cnte-protestan-a-lo-grande-en-ciudad-de-mexico-y-bloquean-accesos\/","og_locale":"es_ES","og_type":"article","og_title":"Sonora en Equipo. Maestros de la CNTE protestan a lo grande en Ciudad de M\u00e9xico y bloquean accesos Rep\u00fablica","og_description":"CIUDAD DE M\u00c9XICO. MX. \u2014 Como parte de su paro de 72 horas, la ma\u00f1ana de este jueves 20 de marzo maestros de la Coordinadora Nacional de Trabajadores de la En Sonora en Equipo publicamos toda la informaci\u00f3n de Sonora, M\u00e9xico y el Mundo de manera oportuna y busca que la libertad de expresi\u00f3n sea real. Visita nuestro medio informativo publicado desde Hermosillo, Sonora. %","og_url":"https:\/\/www.sonoraenequipo.com.mx\/maestros-de-la-cnte-protestan-a-lo-grande-en-ciudad-de-mexico-y-bloquean-accesos\/","og_site_name":"Sonora en Equipo.","article_publisher":"https:\/\/www.facebook.com\/SonoraEE\/","article_author":"https:\/\/www.facebook.com\/SonoraEE","article_published_time":"2025-03-20T16:07:25+00:00","article_modified_time":"2025-03-20T21:21:56+00:00","og_image":[{"width":1000,"height":549,"url":"https:\/\/www.sonoraenequipo.com.mx\/storage\/2025\/03\/movilizaciones-de-la-cnte-min.jpg","type":"image\/jpeg"}],"author":"enequipo","twitter_card":"summary_large_image","twitter_creator":"@sonoraenequipo","twitter_site":"@sonoraenequipo","twitter_misc":{"Escrito por":"enequipo","Tiempo de lectura":"2 minutos"},"schema":{"@context":"https:\/\/schema.org","@graph":[{"@type":"Article","@id":"https:\/\/www.sonoraenequipo.com.mx\/maestros-de-la-cnte-protestan-a-lo-grande-en-ciudad-de-mexico-y-bloquean-accesos\/#article","isPartOf":{"@id":"https:\/\/www.sonoraenequipo.com.mx\/maestros-de-la-cnte-protestan-a-lo-grande-en-ciudad-de-mexico-y-bloquean-accesos\/"},"author":{"name":"enequipo","@id":"https:\/\/www.sonoraenequipo.com.mx\/#\/schema\/person\/50102df0fb23a8fa9e8effad8fa81386"},"headline":"Maestros de la CNTE protestan a lo grande en Ciudad de M\u00e9xico y bloquean accesos","datePublished":"2025-03-20T16:07:25+00:00","dateModified":"2025-03-20T21:21:56+00:00","mainEntityOfPage":{"@id":"https:\/\/www.sonoraenequipo.com.mx\/maestros-de-la-cnte-protestan-a-lo-grande-en-ciudad-de-mexico-y-bloquean-accesos\/"},"wordCount":389,"commentCount":0,"publisher":{"@id":"https:\/\/www.sonoraenequipo.com.mx\/#organization"},"image":{"@id":"https:\/\/www.sonoraenequipo.com.mx\/maestros-de-la-cnte-protestan-a-lo-grande-en-ciudad-de-mexico-y-bloquean-accesos\/#primaryimage"},"thumbnailUrl":"https:\/\/www.sonoraenequipo.com.mx\/storage\/2025\/03\/movilizaciones-de-la-cnte-min.jpg","articleSection":["Rep\u00fablica"],"inLanguage":"es","potentialAction":[{"@type":"CommentAction","name":"Comment","target":["https:\/\/www.sonoraenequipo.com.mx\/maestros-de-la-cnte-protestan-a-lo-grande-en-ciudad-de-mexico-y-bloquean-accesos\/#respond"]}]},{"@type":"WebPage","@id":"https:\/\/www.sonoraenequipo.com.mx\/maestros-de-la-cnte-protestan-a-lo-grande-en-ciudad-de-mexico-y-bloquean-accesos\/","url":"https:\/\/www.sonoraenequipo.com.mx\/maestros-de-la-cnte-protestan-a-lo-grande-en-ciudad-de-mexico-y-bloquean-accesos\/","name":"Sonora en Equipo. Maestros de la CNTE protestan a lo grande en Ciudad de M\u00e9xico y bloquean accesos Rep\u00fablica","isPartOf":{"@id":"https:\/\/www.sonoraenequipo.com.mx\/#website"},"primaryImageOfPage":{"@id":"https:\/\/www.sonoraenequipo.com.mx\/maestros-de-la-cnte-protestan-a-lo-grande-en-ciudad-de-mexico-y-bloquean-accesos\/#primaryimage"},"image":{"@id":"https:\/\/www.sonoraenequipo.com.mx\/maestros-de-la-cnte-protestan-a-lo-grande-en-ciudad-de-mexico-y-bloquean-accesos\/#primaryimage"},"thumbnailUrl":"https:\/\/www.sonoraenequipo.com.mx\/storage\/2025\/03\/movilizaciones-de-la-cnte-min.jpg","datePublished":"2025-03-20T16:07:25+00:00","dateModified":"2025-03-20T21:21:56+00:00","description":"CIUDAD DE M\u00c9XICO. MX. \u2014 Como parte de su paro de 72 horas, la ma\u00f1ana de este jueves 20 de marzo maestros de la Coordinadora Nacional de Trabajadores de la En Sonora en Equipo publicamos toda la informaci\u00f3n de Sonora, M\u00e9xico y el Mundo de manera oportuna y busca que la libertad de expresi\u00f3n sea real. Visita nuestro medio informativo publicado desde Hermosillo, Sonora. %","breadcrumb":{"@id":"https:\/\/www.sonoraenequipo.com.mx\/maestros-de-la-cnte-protestan-a-lo-grande-en-ciudad-de-mexico-y-bloquean-accesos\/#breadcrumb"},"inLanguage":"es","potentialAction":[{"@type":"ReadAction","target":["https:\/\/www.sonoraenequipo.com.mx\/maestros-de-la-cnte-protestan-a-lo-grande-en-ciudad-de-mexico-y-bloquean-accesos\/"]}]},{"@type":"ImageObject","inLanguage":"es","@id":"https:\/\/www.sonoraenequipo.com.mx\/maestros-de-la-cnte-protestan-a-lo-grande-en-ciudad-de-mexico-y-bloquean-accesos\/#primaryimage","url":"https:\/\/www.sonoraenequipo.com.mx\/storage\/2025\/03\/movilizaciones-de-la-cnte-min.jpg","contentUrl":"https:\/\/www.sonoraenequipo.com.mx\/storage\/2025\/03\/movilizaciones-de-la-cnte-min.jpg","width":1000,"height":549,"caption":"Marcha de la CNTE en la Ciudad de M\u00e9xico. Archivo"},{"@type":"BreadcrumbList","@id":"https:\/\/www.sonoraenequipo.com.mx\/maestros-de-la-cnte-protestan-a-lo-grande-en-ciudad-de-mexico-y-bloquean-accesos\/#breadcrumb","itemListElement":[{"@type":"ListItem","position":1,"name":"Portada","item":"https:\/\/www.sonoraenequipo.com.mx\/"},{"@type":"ListItem","position":2,"name":"Maestros de la CNTE protestan a lo grande en Ciudad de M\u00e9xico y bloquean accesos"}]},{"@type":"WebSite","@id":"https:\/\/www.sonoraenequipo.com.mx\/#website","url":"https:\/\/www.sonoraenequipo.com.mx\/","name":"Sonora en Equipo.","description":"Diario en l\u00ednea con Noticias desde Hermosillo, Sonora","publisher":{"@id":"https:\/\/www.sonoraenequipo.com.mx\/#organization"},"potentialAction":[{"@type":"SearchAction","target":{"@type":"EntryPoint","urlTemplate":"https:\/\/www.sonoraenequipo.com.mx\/?s={search_term_string}"},"query-input":{"@type":"PropertyValueSpecification","valueRequired":true,"valueName":"search_term_string"}}],"inLanguage":"es"},{"@type":"Organization","@id":"https:\/\/www.sonoraenequipo.com.mx\/#organization","name":"Sonoraenequipo.com.mx","url":"https:\/\/www.sonoraenequipo.com.mx\/","logo":{"@type":"ImageObject","inLanguage":"es","@id":"https:\/\/www.sonoraenequipo.com.mx\/#\/schema\/logo\/image\/","url":"https:\/\/www.sonoraenequipo.com.mx\/storage\/2019\/01\/sonoraenequipo_opt.png","contentUrl":"https:\/\/www.sonoraenequipo.com.mx\/storage\/2019\/01\/sonoraenequipo_opt.png","width":375,"height":125,"caption":"Sonoraenequipo.com.mx"},"image":{"@id":"https:\/\/www.sonoraenequipo.com.mx\/#\/schema\/logo\/image\/"},"sameAs":["https:\/\/www.facebook.com\/SonoraEE\/","https:\/\/x.com\/sonoraenequipo","https:\/\/www.youtube.com\/channel\/UC338nW-lPEYmJQs4ZABQ1SQ"]},{"@type":"Person","@id":"https:\/\/www.sonoraenequipo.com.mx\/#\/schema\/person\/50102df0fb23a8fa9e8effad8fa81386","name":"enequipo","image":{"@type":"ImageObject","inLanguage":"es","@id":"https:\/\/www.sonoraenequipo.com.mx\/#\/schema\/person\/image\/","url":"https:\/\/secure.gravatar.com\/avatar\/049821681b589dabc0bc20695993ccebb09f5b5d4d790cd9251b97faac7c652b?s=96&d=blank&r=g","contentUrl":"https:\/\/secure.gravatar.com\/avatar\/049821681b589dabc0bc20695993ccebb09f5b5d4d790cd9251b97faac7c652b?s=96&d=blank&r=g","caption":"enequipo"},"sameAs":["https:\/\/www.facebook.com\/SonoraEE"]}]}},"jetpack_featured_media_url":"https:\/\/www.sonoraenequipo.com.mx\/storage\/2025\/03\/movilizaciones-de-la-cnte-min.jpg","_links":{"self":[{"href":"https:\/\/www.sonoraenequipo.com.mx\/api\/wp\/v2\/posts\/211929","targetHints":{"allow":["GET"]}}],"collection":[{"href":"https:\/\/www.sonoraenequipo.com.mx\/api\/wp\/v2\/posts"}],"about":[{"href":"https:\/\/www.sonoraenequipo.com.mx\/api\/wp\/v2\/types\/post"}],"author":[{"embeddable":true,"href":"https:\/\/www.sonoraenequipo.com.mx\/api\/wp\/v2\/users\/1"}],"replies":[{"embeddable":true,"href":"https:\/\/www.sonoraenequipo.com.mx\/api\/wp\/v2\/comments?post=211929"}],"version-history":[{"count":1,"href":"https:\/\/www.sonoraenequipo.com.mx\/api\/wp\/v2\/posts\/211929\/revisions"}],"predecessor-version":[{"id":211946,"href":"https:\/\/www.sonoraenequipo.com.mx\/api\/wp\/v2\/posts\/211929\/revisions\/211946"}],"wp:featuredmedia":[{"embeddable":true,"href":"https:\/\/www.sonoraenequipo.com.mx\/api\/wp\/v2\/media\/211935"}],"wp:attachment":[{"href":"https:\/\/www.sonoraenequipo.com.mx\/api\/wp\/v2\/media?parent=211929"}],"wp:term":[{"taxonomy":"category","embeddable":true,"href":"https:\/\/www.sonoraenequipo.com.mx\/api\/wp\/v2\/categories?post=211929"},{"taxonomy":"post_tag","embeddable":true,"href":"https:\/\/www.sonoraenequipo.com.mx\/api\/wp\/v2\/tags?post=211929"}],"curies":[{"name":"wp","href":"https:\/\/api.w.org\/{rel}","templated":true}]}}