{"id":211933,"date":"2025-03-20T14:19:24","date_gmt":"2025-03-20T21:19:24","guid":{"rendered":"https:\/\/www.sonoraenequipo.com.mx\/?p=211933"},"modified":"2025-03-20T14:19:24","modified_gmt":"2025-03-20T21:19:24","slug":"beltrones-busca-crear-figura-de-auxiliares-de-gobierno-para-madres-buscadoras","status":"publish","type":"post","link":"https:\/\/www.sonoraenequipo.com.mx\/beltrones-busca-crear-figura-de-auxiliares-de-gobierno-para-madres-buscadoras\/","title":{"rendered":"Beltrones busca crear figura de auxiliares de gobierno para madres buscadoras"},"content":{"rendered":"<p>&gt;&gt;Sin los colectivos de b\u00fasqueda no se hubiera visibilizado la tragedia de Teuchitl\u00e1n, Jalisco.<\/p>\n<p>&gt;&gt;Su labor no puede ser ignorada ni minimizada, precis\u00f3 el senador\u00a0 sonorense Manlio Fabio Beltrones Rivera.<\/p>\n<p>&nbsp;<\/p>\n<p>&gt;&gt; Hizo un llamado a sus compa\u00f1eros, las y los Senadores de la Rep\u00fablica:<\/p>\n<p>&gt;&gt; Les pido que reconozcamos su esfuerzo con actos legislativos que les garanticen apoyo, protecci\u00f3n federal y apoyos econ\u00f3micos mediante la creaci\u00f3n de la figura de auxiliares oficiales de la Comisi\u00f3n Nacional de B\u00fasqueda. Esto se resume en justicia para los colectivos de b\u00fasqueda\u201d, puntualiz\u00f3 el legislador sonorense.<\/p>\n<p>&nbsp;<\/p>\n<p>&gt;&gt; Esta iniciativa se deriva de m\u00e1s de siete meses de trabajo conjunto con integrantes de 13 colectivos de b\u00fasqueda que realizan labores en 17 municipios sonorenses.<\/p>\n<p>&nbsp;<\/p>\n<p><strong>CIUDAD DE M\u00c8XICO.<\/strong><strong> \u0336 \u0336\u00a0 <\/strong>El Senador Manlio Fabio Beltrones present\u00f3 una iniciativa con proyecto de decreto que busca condiciones de justicia para los colectivos de b\u00fasqueda en M\u00e9xico, mediante el establecimiento de un padr\u00f3n de familiares de personas desaparecidas que ser\u00e1n reconocidos como auxiliares oficiales en la Comisi\u00f3n Nacional de B\u00fasqueda de Personas desparecidas.<\/p>\n<p>&nbsp;<\/p>\n<p>Esta iniciativa es resultado de reuniones de trabajo por m\u00e1s de siete meses, con integrantes de 13 colectivos de b\u00fasqueda que realizan labores en 17 municipios del estado de Sonora y de otras entidades de la Rep\u00fablica, quienes le solicitaron\u00a0 su respaldo para establecer, por la v\u00eda constitucional, mejores condiciones para encontrar a sus seres queridos.<\/p>\n<p>&nbsp;<\/p>\n<p>Adem\u00e1s, con la finalidad de mejorar la b\u00fasqueda, se propone dise\u00f1ar una herramienta fundamental operativa como lo es el Banco Nacional de Datos, que permita la identificaci\u00f3n de restos humanos mediante ADN. Recientemente, se identific\u00f3 a un periodista sonorense que hab\u00eda desaparecido seis a\u00f1os atr\u00e1s.<\/p>\n<p>&nbsp;<\/p>\n<p>\u201cLa iniciativa con proyecto de decreto busca promover desde el Senado las reformas necesarias para crear la figura de auxiliares de gobierno y que les permita a las madres buscadoras contar con apoyos oficiales; y lo m\u00e1s importante, sean reconocidas en la ley por la actividad que realizan\u201d, argument\u00f3 el Senador Beltrones en la presentaci\u00f3n de esta propuesta.<\/p>\n<p>&nbsp;<\/p>\n<p>Dicha iniciativa forma parte de una agenda programada que, ante el inter\u00e9s y urgencia de los colectivos de buscadoras, fue preparada para transmitirse en video a trav\u00e9s del Canal del Congreso conforme al acuerdo de la Mesa Directiva del Senado de la Rep\u00fablica, y socializada en medios de comunicaci\u00f3n por el propio legislador sonorense.<\/p>\n<p>&nbsp;<\/p>\n<p>Subray\u00f3 que la lucha de las madres buscadoras no puede ser ignorada ni minimizada, ya que sin ellas la tragedia de Teuchitl\u00e1n no habr\u00eda sido visibilizada.<\/p>\n<p>&nbsp;<\/p>\n<p>\u201cCon esta iniciativa, honramos su esfuerzo y respondemos con hechos, no solo con palabras\u201d, apunt\u00f3.<\/p>\n<p>&nbsp;<\/p>\n<p>Hizo un llamado a sus compa\u00f1eros, las y los Senadores de la Rep\u00fablica:<\/p>\n<p>\u201dLes pido que reconozcamos su esfuerzo con actos legislativos que les garanticen apoyo, protecci\u00f3n federal y apoyos econ\u00f3micos mediante la creaci\u00f3n de la figura de auxiliares oficiales de la Comisi\u00f3n Nacional de B\u00fasqueda. Esto se resume en justicia para los colectivos de b\u00fasqueda\u201d, puntualiz\u00f3 el legislador sonorense.<\/p>\n<p>&nbsp;<\/p>\n<p>Explic\u00f3 que de acuerdo con el Registro Nacional de Personas Desaparecidas y No Localizadas, en M\u00e9xico hay, hasta el 25 de noviembre de 2024, 339 mil 398 registros de personas reportadas como desaparecidas o no localizadas.<\/p>\n<p>&nbsp;<\/p>\n<p>De este total, 118 mil 875 personas permanecen como desaparecidas y no localizadas, y 220 mil 527 personas han sido localizadas, aun cuando s\u00f3lo el 8% estaban con vida.<\/p>\n<p>&nbsp;<\/p>\n<p>Mencion\u00f3 que, ante este panorama, los colectivos de buscadoras han aumentado desde 2016 y sus hallazgos son significativos. Son ellas quienes en intensas jornadas de b\u00fasqueda han encontrado cientos de fosas clandestinas y recuperado miles de cuerpos o restos humanos.<\/p>\n<p>&nbsp;<\/p>\n<p>\u201dEn vez de recibir palas, picos y baldes para efectuar las b\u00fasquedas, los colectivos deben tener protecci\u00f3n federal, acompa\u00f1amiento, apoyos econ\u00f3micos, seguro de vida y acceso a herramientas tecnol\u00f3gicas para hacer su labor\u201d,<\/p>\n<p>https:\/\/youtu.be\/rWPsbqY52s8<\/p>\n<p><strong>Fecha de publicaci\u00f3n jueves 20 de marzo de 2025 <\/strong><\/p>\n<p>&nbsp;<\/p>\n","protected":false},"excerpt":{"rendered":"<p>&gt;&gt;Sin los colectivos de b\u00fasqueda no se hubiera visibilizado la tragedia de Teuchitl\u00e1n, Jalisco. &gt;&gt;Su&#8230;<\/p>\n","protected":false},"author":1,"featured_media":211931,"comment_status":"open","ping_status":"open","sticky":false,"template":"","format":"standard","meta":{"_monsterinsights_skip_tracking":false,"_monsterinsights_sitenote_active":false,"_monsterinsights_sitenote_note":"","_monsterinsights_sitenote_category":0,"footnotes":""},"categories":[3281],"tags":[],"class_list":["post"],"yoast_head":" \n<title>Sonora en Equipo. Beltrones busca crear figura de auxiliares de gobierno para madres buscadoras Congreso<\/title>\n<meta name=\"description\" content=\"&gt;&gt;Sin los colectivos de b\u00fasqueda no se hubiera visibilizado la tragedia de Teuchitl\u00e1n, Jalisco. &gt;&gt;Su labor no puede ser ignorada ni En Sonora en Equipo publicamos toda la informaci\u00f3n de Sonora, M\u00e9xico y el Mundo de manera oportuna y busca que la libertad de expresi\u00f3n sea real. Visita nuestro medio informativo publicado desde Hermosillo, Sonora. %\" \/>\n<meta name=\"robots\" content=\"index, follow, max-snippet:-1, max-image-preview:large, max-video-preview:-1\" \/>\n<link rel=\"canonical\" href=\"https:\/\/www.sonoraenequipo.com.mx\/beltrones-busca-crear-figura-de-auxiliares-de-gobierno-para-madres-buscadoras\/\" \/>\n<meta property=\"og:locale\" content=\"es_ES\" \/>\n<meta property=\"og:type\" content=\"article\" \/>\n<meta property=\"og:title\" content=\"Sonora en Equipo. Beltrones busca crear figura de auxiliares de gobierno para madres buscadoras Congreso\" \/>\n<meta property=\"og:description\" content=\"&gt;&gt;Sin los colectivos de b\u00fasqueda no se hubiera visibilizado la tragedia de Teuchitl\u00e1n, Jalisco. &gt;&gt;Su labor no puede ser ignorada ni En Sonora en Equipo publicamos toda la informaci\u00f3n de Sonora, M\u00e9xico y el Mundo de manera oportuna y busca que la libertad de expresi\u00f3n sea real. Visita nuestro medio informativo publicado desde Hermosillo, Sonora. %\" \/>\n<meta property=\"og:url\" content=\"https:\/\/www.sonoraenequipo.com.mx\/beltrones-busca-crear-figura-de-auxiliares-de-gobierno-para-madres-buscadoras\/\" \/>\n<meta property=\"og:site_name\" content=\"Sonora en Equipo.\" \/>\n<meta property=\"article:publisher\" content=\"https:\/\/www.facebook.com\/SonoraEE\/\" \/>\n<meta property=\"article:author\" content=\"https:\/\/www.facebook.com\/SonoraEE\" \/>\n<meta property=\"article:published_time\" content=\"2025-03-20T21:19:24+00:00\" \/>\n<meta property=\"og:image\" content=\"https:\/\/www.sonoraenequipo.com.mx\/storage\/2025\/03\/beltrones-tribuna.jpg\" \/>\n\t<meta property=\"og:image:width\" content=\"600\" \/>\n\t<meta property=\"og:image:height\" content=\"400\" \/>\n\t<meta property=\"og:image:type\" content=\"image\/jpeg\" \/>\n<meta name=\"author\" content=\"enequipo\" \/>\n<meta name=\"twitter:card\" content=\"summary_large_image\" \/>\n<meta name=\"twitter:creator\" content=\"@sonoraenequipo\" \/>\n<meta name=\"twitter:site\" content=\"@sonoraenequipo\" \/>\n<meta name=\"twitter:label1\" content=\"Escrito por\" \/>\n\t<meta name=\"twitter:data1\" content=\"enequipo\" \/>\n\t<meta name=\"twitter:label2\" content=\"Tiempo de lectura\" \/>\n\t<meta name=\"twitter:data2\" content=\"3 minutos\" \/>\n<script type=\"application\/ld+json\" class=\"yoast-schema-graph\">{\"@context\":\"https:\/\/schema.org\",\"@graph\":[{\"@type\":\"Article\",\"@id\":\"https:\/\/www.sonoraenequipo.com.mx\/beltrones-busca-crear-figura-de-auxiliares-de-gobierno-para-madres-buscadoras\/#article\",\"isPartOf\":{\"@id\":\"https:\/\/www.sonoraenequipo.com.mx\/beltrones-busca-crear-figura-de-auxiliares-de-gobierno-para-madres-buscadoras\/\"},\"author\":{\"name\":\"enequipo\",\"@id\":\"https:\/\/www.sonoraenequipo.com.mx\/#\/schema\/person\/50102df0fb23a8fa9e8effad8fa81386\"},\"headline\":\"Beltrones busca crear figura de auxiliares de gobierno para madres buscadoras\",\"datePublished\":\"2025-03-20T21:19:24+00:00\",\"mainEntityOfPage\":{\"@id\":\"https:\/\/www.sonoraenequipo.com.mx\/beltrones-busca-crear-figura-de-auxiliares-de-gobierno-para-madres-buscadoras\/\"},\"wordCount\":710,\"commentCount\":0,\"publisher\":{\"@id\":\"https:\/\/www.sonoraenequipo.com.mx\/#organization\"},\"image\":{\"@id\":\"https:\/\/www.sonoraenequipo.com.mx\/beltrones-busca-crear-figura-de-auxiliares-de-gobierno-para-madres-buscadoras\/#primaryimage\"},\"thumbnailUrl\":\"https:\/\/www.sonoraenequipo.com.mx\/storage\/2025\/03\/beltrones-tribuna.jpg\",\"articleSection\":[\"Congreso\"],\"inLanguage\":\"es\",\"potentialAction\":[{\"@type\":\"CommentAction\",\"name\":\"Comment\",\"target\":[\"https:\/\/www.sonoraenequipo.com.mx\/beltrones-busca-crear-figura-de-auxiliares-de-gobierno-para-madres-buscadoras\/#respond\"]}]},{\"@type\":\"WebPage\",\"@id\":\"https:\/\/www.sonoraenequipo.com.mx\/beltrones-busca-crear-figura-de-auxiliares-de-gobierno-para-madres-buscadoras\/\",\"url\":\"https:\/\/www.sonoraenequipo.com.mx\/beltrones-busca-crear-figura-de-auxiliares-de-gobierno-para-madres-buscadoras\/\",\"name\":\"Sonora en Equipo. Beltrones busca crear figura de auxiliares de gobierno para madres buscadoras Congreso\",\"isPartOf\":{\"@id\":\"https:\/\/www.sonoraenequipo.com.mx\/#website\"},\"primaryImageOfPage\":{\"@id\":\"https:\/\/www.sonoraenequipo.com.mx\/beltrones-busca-crear-figura-de-auxiliares-de-gobierno-para-madres-buscadoras\/#primaryimage\"},\"image\":{\"@id\":\"https:\/\/www.sonoraenequipo.com.mx\/beltrones-busca-crear-figura-de-auxiliares-de-gobierno-para-madres-buscadoras\/#primaryimage\"},\"thumbnailUrl\":\"https:\/\/www.sonoraenequipo.com.mx\/storage\/2025\/03\/beltrones-tribuna.jpg\",\"datePublished\":\"2025-03-20T21:19:24+00:00\",\"description\":\"&gt;&gt;Sin los colectivos de b\u00fasqueda no se hubiera visibilizado la tragedia de Teuchitl\u00e1n, Jalisco. &gt;&gt;Su labor no puede ser ignorada ni En Sonora en Equipo publicamos toda la informaci\u00f3n de Sonora, M\u00e9xico y el Mundo de manera oportuna y busca que la libertad de expresi\u00f3n sea real. Visita nuestro medio informativo publicado desde Hermosillo, Sonora. %\",\"breadcrumb\":{\"@id\":\"https:\/\/www.sonoraenequipo.com.mx\/beltrones-busca-crear-figura-de-auxiliares-de-gobierno-para-madres-buscadoras\/#breadcrumb\"},\"inLanguage\":\"es\",\"potentialAction\":[{\"@type\":\"ReadAction\",\"target\":[\"https:\/\/www.sonoraenequipo.com.mx\/beltrones-busca-crear-figura-de-auxiliares-de-gobierno-para-madres-buscadoras\/\"]}]},{\"@type\":\"ImageObject\",\"inLanguage\":\"es\",\"@id\":\"https:\/\/www.sonoraenequipo.com.mx\/beltrones-busca-crear-figura-de-auxiliares-de-gobierno-para-madres-buscadoras\/#primaryimage\",\"url\":\"https:\/\/www.sonoraenequipo.com.mx\/storage\/2025\/03\/beltrones-tribuna.jpg\",\"contentUrl\":\"https:\/\/www.sonoraenequipo.com.mx\/storage\/2025\/03\/beltrones-tribuna.jpg\",\"width\":600,\"height\":400},{\"@type\":\"BreadcrumbList\",\"@id\":\"https:\/\/www.sonoraenequipo.com.mx\/beltrones-busca-crear-figura-de-auxiliares-de-gobierno-para-madres-buscadoras\/#breadcrumb\",\"itemListElement\":[{\"@type\":\"ListItem\",\"position\":1,\"name\":\"Portada\",\"item\":\"https:\/\/www.sonoraenequipo.com.mx\/\"},{\"@type\":\"ListItem\",\"position\":2,\"name\":\"Beltrones busca crear figura de auxiliares de gobierno para madres buscadoras\"}]},{\"@type\":\"WebSite\",\"@id\":\"https:\/\/www.sonoraenequipo.com.mx\/#website\",\"url\":\"https:\/\/www.sonoraenequipo.com.mx\/\",\"name\":\"Sonora en Equipo.\",\"description\":\"Diario en l\u00ednea con Noticias desde Hermosillo, Sonora\",\"publisher\":{\"@id\":\"https:\/\/www.sonoraenequipo.com.mx\/#organization\"},\"potentialAction\":[{\"@type\":\"SearchAction\",\"target\":{\"@type\":\"EntryPoint\",\"urlTemplate\":\"https:\/\/www.sonoraenequipo.com.mx\/?s={search_term_string}\"},\"query-input\":{\"@type\":\"PropertyValueSpecification\",\"valueRequired\":true,\"valueName\":\"search_term_string\"}}],\"inLanguage\":\"es\"},{\"@type\":\"Organization\",\"@id\":\"https:\/\/www.sonoraenequipo.com.mx\/#organization\",\"name\":\"Sonoraenequipo.com.mx\",\"url\":\"https:\/\/www.sonoraenequipo.com.mx\/\",\"logo\":{\"@type\":\"ImageObject\",\"inLanguage\":\"es\",\"@id\":\"https:\/\/www.sonoraenequipo.com.mx\/#\/schema\/logo\/image\/\",\"url\":\"https:\/\/www.sonoraenequipo.com.mx\/storage\/2019\/01\/sonoraenequipo_opt.png\",\"contentUrl\":\"https:\/\/www.sonoraenequipo.com.mx\/storage\/2019\/01\/sonoraenequipo_opt.png\",\"width\":375,\"height\":125,\"caption\":\"Sonoraenequipo.com.mx\"},\"image\":{\"@id\":\"https:\/\/www.sonoraenequipo.com.mx\/#\/schema\/logo\/image\/\"},\"sameAs\":[\"https:\/\/www.facebook.com\/SonoraEE\/\",\"https:\/\/x.com\/sonoraenequipo\",\"https:\/\/www.youtube.com\/channel\/UC338nW-lPEYmJQs4ZABQ1SQ\"]},{\"@type\":\"Person\",\"@id\":\"https:\/\/www.sonoraenequipo.com.mx\/#\/schema\/person\/50102df0fb23a8fa9e8effad8fa81386\",\"name\":\"enequipo\",\"image\":{\"@type\":\"ImageObject\",\"inLanguage\":\"es\",\"@id\":\"https:\/\/www.sonoraenequipo.com.mx\/#\/schema\/person\/image\/\",\"url\":\"https:\/\/secure.gravatar.com\/avatar\/049821681b589dabc0bc20695993ccebb09f5b5d4d790cd9251b97faac7c652b?s=96&d=blank&r=g\",\"contentUrl\":\"https:\/\/secure.gravatar.com\/avatar\/049821681b589dabc0bc20695993ccebb09f5b5d4d790cd9251b97faac7c652b?s=96&d=blank&r=g\",\"caption\":\"enequipo\"},\"sameAs\":[\"https:\/\/www.facebook.com\/SonoraEE\"]}]}<\/script>\n ","yoast_head_json":{"title":"Sonora en Equipo. Beltrones busca crear figura de auxiliares de gobierno para madres buscadoras Congreso","description":"&gt;&gt;Sin los colectivos de b\u00fasqueda no se hubiera visibilizado la tragedia de Teuchitl\u00e1n, Jalisco. &gt;&gt;Su labor no puede ser ignorada ni En Sonora en Equipo publicamos toda la informaci\u00f3n de Sonora, M\u00e9xico y el Mundo de manera oportuna y busca que la libertad de expresi\u00f3n sea real. Visita nuestro medio informativo publicado desde Hermosillo, Sonora. %","robots":{"index":"index","follow":"follow","max-snippet":"max-snippet:-1","max-image-preview":"max-image-preview:large","max-video-preview":"max-video-preview:-1"},"canonical":"https:\/\/www.sonoraenequipo.com.mx\/beltrones-busca-crear-figura-de-auxiliares-de-gobierno-para-madres-buscadoras\/","og_locale":"es_ES","og_type":"article","og_title":"Sonora en Equipo. Beltrones busca crear figura de auxiliares de gobierno para madres buscadoras Congreso","og_description":"&gt;&gt;Sin los colectivos de b\u00fasqueda no se hubiera visibilizado la tragedia de Teuchitl\u00e1n, Jalisco. &gt;&gt;Su labor no puede ser ignorada ni En Sonora en Equipo publicamos toda la informaci\u00f3n de Sonora, M\u00e9xico y el Mundo de manera oportuna y busca que la libertad de expresi\u00f3n sea real. Visita nuestro medio informativo publicado desde Hermosillo, Sonora. %","og_url":"https:\/\/www.sonoraenequipo.com.mx\/beltrones-busca-crear-figura-de-auxiliares-de-gobierno-para-madres-buscadoras\/","og_site_name":"Sonora en Equipo.","article_publisher":"https:\/\/www.facebook.com\/SonoraEE\/","article_author":"https:\/\/www.facebook.com\/SonoraEE","article_published_time":"2025-03-20T21:19:24+00:00","og_image":[{"width":600,"height":400,"url":"https:\/\/www.sonoraenequipo.com.mx\/storage\/2025\/03\/beltrones-tribuna.jpg","type":"image\/jpeg"}],"author":"enequipo","twitter_card":"summary_large_image","twitter_creator":"@sonoraenequipo","twitter_site":"@sonoraenequipo","twitter_misc":{"Escrito por":"enequipo","Tiempo de lectura":"3 minutos"},"schema":{"@context":"https:\/\/schema.org","@graph":[{"@type":"Article","@id":"https:\/\/www.sonoraenequipo.com.mx\/beltrones-busca-crear-figura-de-auxiliares-de-gobierno-para-madres-buscadoras\/#article","isPartOf":{"@id":"https:\/\/www.sonoraenequipo.com.mx\/beltrones-busca-crear-figura-de-auxiliares-de-gobierno-para-madres-buscadoras\/"},"author":{"name":"enequipo","@id":"https:\/\/www.sonoraenequipo.com.mx\/#\/schema\/person\/50102df0fb23a8fa9e8effad8fa81386"},"headline":"Beltrones busca crear figura de auxiliares de gobierno para madres buscadoras","datePublished":"2025-03-20T21:19:24+00:00","mainEntityOfPage":{"@id":"https:\/\/www.sonoraenequipo.com.mx\/beltrones-busca-crear-figura-de-auxiliares-de-gobierno-para-madres-buscadoras\/"},"wordCount":710,"commentCount":0,"publisher":{"@id":"https:\/\/www.sonoraenequipo.com.mx\/#organization"},"image":{"@id":"https:\/\/www.sonoraenequipo.com.mx\/beltrones-busca-crear-figura-de-auxiliares-de-gobierno-para-madres-buscadoras\/#primaryimage"},"thumbnailUrl":"https:\/\/www.sonoraenequipo.com.mx\/storage\/2025\/03\/beltrones-tribuna.jpg","articleSection":["Congreso"],"inLanguage":"es","potentialAction":[{"@type":"CommentAction","name":"Comment","target":["https:\/\/www.sonoraenequipo.com.mx\/beltrones-busca-crear-figura-de-auxiliares-de-gobierno-para-madres-buscadoras\/#respond"]}]},{"@type":"WebPage","@id":"https:\/\/www.sonoraenequipo.com.mx\/beltrones-busca-crear-figura-de-auxiliares-de-gobierno-para-madres-buscadoras\/","url":"https:\/\/www.sonoraenequipo.com.mx\/beltrones-busca-crear-figura-de-auxiliares-de-gobierno-para-madres-buscadoras\/","name":"Sonora en Equipo. Beltrones busca crear figura de auxiliares de gobierno para madres buscadoras Congreso","isPartOf":{"@id":"https:\/\/www.sonoraenequipo.com.mx\/#website"},"primaryImageOfPage":{"@id":"https:\/\/www.sonoraenequipo.com.mx\/beltrones-busca-crear-figura-de-auxiliares-de-gobierno-para-madres-buscadoras\/#primaryimage"},"image":{"@id":"https:\/\/www.sonoraenequipo.com.mx\/beltrones-busca-crear-figura-de-auxiliares-de-gobierno-para-madres-buscadoras\/#primaryimage"},"thumbnailUrl":"https:\/\/www.sonoraenequipo.com.mx\/storage\/2025\/03\/beltrones-tribuna.jpg","datePublished":"2025-03-20T21:19:24+00:00","description":"&gt;&gt;Sin los colectivos de b\u00fasqueda no se hubiera visibilizado la tragedia de Teuchitl\u00e1n, Jalisco. &gt;&gt;Su labor no puede ser ignorada ni En Sonora en Equipo publicamos toda la informaci\u00f3n de Sonora, M\u00e9xico y el Mundo de manera oportuna y busca que la libertad de expresi\u00f3n sea real. Visita nuestro medio informativo publicado desde Hermosillo, Sonora. %","breadcrumb":{"@id":"https:\/\/www.sonoraenequipo.com.mx\/beltrones-busca-crear-figura-de-auxiliares-de-gobierno-para-madres-buscadoras\/#breadcrumb"},"inLanguage":"es","potentialAction":[{"@type":"ReadAction","target":["https:\/\/www.sonoraenequipo.com.mx\/beltrones-busca-crear-figura-de-auxiliares-de-gobierno-para-madres-buscadoras\/"]}]},{"@type":"ImageObject","inLanguage":"es","@id":"https:\/\/www.sonoraenequipo.com.mx\/beltrones-busca-crear-figura-de-auxiliares-de-gobierno-para-madres-buscadoras\/#primaryimage","url":"https:\/\/www.sonoraenequipo.com.mx\/storage\/2025\/03\/beltrones-tribuna.jpg","contentUrl":"https:\/\/www.sonoraenequipo.com.mx\/storage\/2025\/03\/beltrones-tribuna.jpg","width":600,"height":400},{"@type":"BreadcrumbList","@id":"https:\/\/www.sonoraenequipo.com.mx\/beltrones-busca-crear-figura-de-auxiliares-de-gobierno-para-madres-buscadoras\/#breadcrumb","itemListElement":[{"@type":"ListItem","position":1,"name":"Portada","item":"https:\/\/www.sonoraenequipo.com.mx\/"},{"@type":"ListItem","position":2,"name":"Beltrones busca crear figura de auxiliares de gobierno para madres buscadoras"}]},{"@type":"WebSite","@id":"https:\/\/www.sonoraenequipo.com.mx\/#website","url":"https:\/\/www.sonoraenequipo.com.mx\/","name":"Sonora en Equipo.","description":"Diario en l\u00ednea con Noticias desde Hermosillo, Sonora","publisher":{"@id":"https:\/\/www.sonoraenequipo.com.mx\/#organization"},"potentialAction":[{"@type":"SearchAction","target":{"@type":"EntryPoint","urlTemplate":"https:\/\/www.sonoraenequipo.com.mx\/?s={search_term_string}"},"query-input":{"@type":"PropertyValueSpecification","valueRequired":true,"valueName":"search_term_string"}}],"inLanguage":"es"},{"@type":"Organization","@id":"https:\/\/www.sonoraenequipo.com.mx\/#organization","name":"Sonoraenequipo.com.mx","url":"https:\/\/www.sonoraenequipo.com.mx\/","logo":{"@type":"ImageObject","inLanguage":"es","@id":"https:\/\/www.sonoraenequipo.com.mx\/#\/schema\/logo\/image\/","url":"https:\/\/www.sonoraenequipo.com.mx\/storage\/2019\/01\/sonoraenequipo_opt.png","contentUrl":"https:\/\/www.sonoraenequipo.com.mx\/storage\/2019\/01\/sonoraenequipo_opt.png","width":375,"height":125,"caption":"Sonoraenequipo.com.mx"},"image":{"@id":"https:\/\/www.sonoraenequipo.com.mx\/#\/schema\/logo\/image\/"},"sameAs":["https:\/\/www.facebook.com\/SonoraEE\/","https:\/\/x.com\/sonoraenequipo","https:\/\/www.youtube.com\/channel\/UC338nW-lPEYmJQs4ZABQ1SQ"]},{"@type":"Person","@id":"https:\/\/www.sonoraenequipo.com.mx\/#\/schema\/person\/50102df0fb23a8fa9e8effad8fa81386","name":"enequipo","image":{"@type":"ImageObject","inLanguage":"es","@id":"https:\/\/www.sonoraenequipo.com.mx\/#\/schema\/person\/image\/","url":"https:\/\/secure.gravatar.com\/avatar\/049821681b589dabc0bc20695993ccebb09f5b5d4d790cd9251b97faac7c652b?s=96&d=blank&r=g","contentUrl":"https:\/\/secure.gravatar.com\/avatar\/049821681b589dabc0bc20695993ccebb09f5b5d4d790cd9251b97faac7c652b?s=96&d=blank&r=g","caption":"enequipo"},"sameAs":["https:\/\/www.facebook.com\/SonoraEE"]}]}},"jetpack_featured_media_url":"https:\/\/www.sonoraenequipo.com.mx\/storage\/2025\/03\/beltrones-tribuna.jpg","_links":{"self":[{"href":"https:\/\/www.sonoraenequipo.com.mx\/api\/wp\/v2\/posts\/211933","targetHints":{"allow":["GET"]}}],"collection":[{"href":"https:\/\/www.sonoraenequipo.com.mx\/api\/wp\/v2\/posts"}],"about":[{"href":"https:\/\/www.sonoraenequipo.com.mx\/api\/wp\/v2\/types\/post"}],"author":[{"embeddable":true,"href":"https:\/\/www.sonoraenequipo.com.mx\/api\/wp\/v2\/users\/1"}],"replies":[{"embeddable":true,"href":"https:\/\/www.sonoraenequipo.com.mx\/api\/wp\/v2\/comments?post=211933"}],"version-history":[{"count":1,"href":"https:\/\/www.sonoraenequipo.com.mx\/api\/wp\/v2\/posts\/211933\/revisions"}],"predecessor-version":[{"id":211934,"href":"https:\/\/www.sonoraenequipo.com.mx\/api\/wp\/v2\/posts\/211933\/revisions\/211934"}],"wp:featuredmedia":[{"embeddable":true,"href":"https:\/\/www.sonoraenequipo.com.mx\/api\/wp\/v2\/media\/211931"}],"wp:attachment":[{"href":"https:\/\/www.sonoraenequipo.com.mx\/api\/wp\/v2\/media?parent=211933"}],"wp:term":[{"taxonomy":"category","embeddable":true,"href":"https:\/\/www.sonoraenequipo.com.mx\/api\/wp\/v2\/categories?post=211933"},{"taxonomy":"post_tag","embeddable":true,"href":"https:\/\/www.sonoraenequipo.com.mx\/api\/wp\/v2\/tags?post=211933"}],"curies":[{"name":"wp","href":"https:\/\/api.w.org\/{rel}","templated":true}]}}