{"id":211948,"date":"2025-03-20T10:27:30","date_gmt":"2025-03-20T17:27:30","guid":{"rendered":"https:\/\/www.sonoraenequipo.com.mx\/?p=211948"},"modified":"2025-03-20T14:43:01","modified_gmt":"2025-03-20T21:43:01","slug":"gobernador-de-durango-anuncia-inversion-de-3-mil-700-millones-de-dolares","status":"publish","type":"post","link":"https:\/\/www.sonoraenequipo.com.mx\/gobernador-de-durango-anuncia-inversion-de-3-mil-700-millones-de-dolares\/","title":{"rendered":"Gobernador de Durango anuncia inversi\u00f3n de 3 mil 700 millones de d\u00f3lares"},"content":{"rendered":"<p><strong>CIUDAD DE M\u00c9XICO. MX.<\/strong> \u2014 En la conferencia de prensa matutina de la presidenta Claudia Sheinbaum, este jueves el gobierno priista de Durango anunci\u00f3 v\u00eda Zoom una inversi\u00f3n de 3 mil 700 millones de d\u00f3lares para el desarrollo de un centro de datos y una planta de producci\u00f3n de fertilizantes.<\/p>\n<p>&nbsp;<\/p>\n<p>&nbsp;<\/p>\n<p>&nbsp;<\/p>\n<p> <\/p>\n<p>En la misma conferencia de prensa, tambi\u00e9n a distancia, particip\u00f3 el secretario de Econom\u00eda, Marcelo Ebrard, quien explic\u00f3 que se utilizar\u00e1n mil millones de d\u00f3lares para la planta de fertilizantes verdes y 2 mil 700 millones para el desarrollo de una ciudad digital, vinculada a la inteligencia artificial y la ingenier\u00eda de datos.<\/p>\n<p>&nbsp;<\/p>\n<p>&nbsp;<\/p>\n<p>&nbsp;<\/p>\n<p>Por su parte, el gobernador Esteban Villegas, quien antes ya a apoyado a la presidenta Sheinbaum, de Morena, explic\u00f3 que este desarrollo estar\u00e1 a cargo de la empresa Fermaca; el proyecto de Durango Digital City considera un ducto de gas desde Texas, una l\u00ednea de fibra \u00f3ptica desde la frontera norte hasta Quer\u00e9taro, Guadalajara y Durango, y una planta de ciclo combinado, mientras que la planta de fertilizantes verdes Fermachem estar\u00e1 en la Comarca Lagunera.<\/p>\n<p>&nbsp;<\/p>\n<p>&nbsp;<\/p>\n<p>\u201cEl trabajo que tiene que hacer Durango es 10 veces m\u00e1s que otros estados que tienen frontera y que tienen mar, pero que hoy con el apoyo de su gobierno hemos logrado dar pasos importantes\u201d, complement\u00f3.<\/p>\n<p>&nbsp;<\/p>\n<p>&nbsp;<\/p>\n<p>\u201cDurango siempre ha so\u00f1ado en grande y hoy quiero agradecerle, presidenta, por todo el apoyo, por su respaldo, el apoyo del gobierno de M\u00e9xico, de sus funcionarios y, por supuesto, el apoyo de usted de manera personal\u201d, dijo desde una transmisi\u00f3n en vivo difundida en la conferencia matutina.<\/p>\n<p>&nbsp;<\/p>\n<p>&nbsp;<\/p>\n<p>&nbsp;<\/p>\n<p>PUBLICADO EL 20 DE MARZO 2025 CON INFORMACI\u00d3N DE Conferencia matutina presidencial)<\/p>\n","protected":false},"excerpt":{"rendered":"<p>CIUDAD DE M\u00c9XICO. MX. \u2014 En la conferencia de prensa matutina de la presidenta Claudia&#8230;<\/p>\n","protected":false},"author":1,"featured_media":211943,"comment_status":"open","ping_status":"open","sticky":false,"template":"","format":"standard","meta":{"_monsterinsights_skip_tracking":false,"_monsterinsights_sitenote_active":false,"_monsterinsights_sitenote_note":"","_monsterinsights_sitenote_category":0,"footnotes":""},"categories":[5],"tags":[],"class_list":["post"],"yoast_head":" \n<title>Sonora en Equipo. Gobernador de Durango anuncia inversi\u00f3n de 3 mil 700 millones de d\u00f3lares Rep\u00fablica<\/title>\n<meta name=\"description\" content=\"CIUDAD DE M\u00c9XICO. MX. \u2014 En la conferencia de prensa matutina de la presidenta Claudia Sheinbaum, este jueves el gobierno priista de Durango anunci\u00f3 v\u00eda En Sonora en Equipo publicamos toda la informaci\u00f3n de Sonora, M\u00e9xico y el Mundo de manera oportuna y busca que la libertad de expresi\u00f3n sea real. Visita nuestro medio informativo publicado desde Hermosillo, Sonora. %\" \/>\n<meta name=\"robots\" content=\"index, follow, max-snippet:-1, max-image-preview:large, max-video-preview:-1\" \/>\n<link rel=\"canonical\" href=\"https:\/\/www.sonoraenequipo.com.mx\/gobernador-de-durango-anuncia-inversion-de-3-mil-700-millones-de-dolares\/\" \/>\n<meta property=\"og:locale\" content=\"es_ES\" \/>\n<meta property=\"og:type\" content=\"article\" \/>\n<meta property=\"og:title\" content=\"Sonora en Equipo. Gobernador de Durango anuncia inversi\u00f3n de 3 mil 700 millones de d\u00f3lares Rep\u00fablica\" \/>\n<meta property=\"og:description\" content=\"CIUDAD DE M\u00c9XICO. MX. \u2014 En la conferencia de prensa matutina de la presidenta Claudia Sheinbaum, este jueves el gobierno priista de Durango anunci\u00f3 v\u00eda En Sonora en Equipo publicamos toda la informaci\u00f3n de Sonora, M\u00e9xico y el Mundo de manera oportuna y busca que la libertad de expresi\u00f3n sea real. Visita nuestro medio informativo publicado desde Hermosillo, Sonora. %\" \/>\n<meta property=\"og:url\" content=\"https:\/\/www.sonoraenequipo.com.mx\/gobernador-de-durango-anuncia-inversion-de-3-mil-700-millones-de-dolares\/\" \/>\n<meta property=\"og:site_name\" content=\"Sonora en Equipo.\" \/>\n<meta property=\"article:publisher\" content=\"https:\/\/www.facebook.com\/SonoraEE\/\" \/>\n<meta property=\"article:author\" content=\"https:\/\/www.facebook.com\/SonoraEE\" \/>\n<meta property=\"article:published_time\" content=\"2025-03-20T17:27:30+00:00\" \/>\n<meta property=\"article:modified_time\" content=\"2025-03-20T21:43:01+00:00\" \/>\n<meta property=\"og:image\" content=\"https:\/\/www.sonoraenequipo.com.mx\/storage\/2025\/03\/gob-de-Druango.jpt-min-1.jpg\" \/>\n\t<meta property=\"og:image:width\" content=\"987\" \/>\n\t<meta property=\"og:image:height\" content=\"609\" \/>\n\t<meta property=\"og:image:type\" content=\"image\/jpeg\" \/>\n<meta name=\"author\" content=\"enequipo\" \/>\n<meta name=\"twitter:card\" content=\"summary_large_image\" \/>\n<meta name=\"twitter:creator\" content=\"@sonoraenequipo\" \/>\n<meta name=\"twitter:site\" content=\"@sonoraenequipo\" \/>\n<meta name=\"twitter:label1\" content=\"Escrito por\" \/>\n\t<meta name=\"twitter:data1\" content=\"enequipo\" \/>\n\t<meta name=\"twitter:label2\" content=\"Tiempo de lectura\" \/>\n\t<meta name=\"twitter:data2\" content=\"1 minuto\" \/>\n<script type=\"application\/ld+json\" class=\"yoast-schema-graph\">{\"@context\":\"https:\/\/schema.org\",\"@graph\":[{\"@type\":\"Article\",\"@id\":\"https:\/\/www.sonoraenequipo.com.mx\/gobernador-de-durango-anuncia-inversion-de-3-mil-700-millones-de-dolares\/#article\",\"isPartOf\":{\"@id\":\"https:\/\/www.sonoraenequipo.com.mx\/gobernador-de-durango-anuncia-inversion-de-3-mil-700-millones-de-dolares\/\"},\"author\":{\"name\":\"enequipo\",\"@id\":\"https:\/\/www.sonoraenequipo.com.mx\/#\/schema\/person\/50102df0fb23a8fa9e8effad8fa81386\"},\"headline\":\"Gobernador de Durango anuncia inversi\u00f3n de 3 mil 700 millones de d\u00f3lares\",\"datePublished\":\"2025-03-20T17:27:30+00:00\",\"dateModified\":\"2025-03-20T21:43:01+00:00\",\"mainEntityOfPage\":{\"@id\":\"https:\/\/www.sonoraenequipo.com.mx\/gobernador-de-durango-anuncia-inversion-de-3-mil-700-millones-de-dolares\/\"},\"wordCount\":308,\"commentCount\":0,\"publisher\":{\"@id\":\"https:\/\/www.sonoraenequipo.com.mx\/#organization\"},\"image\":{\"@id\":\"https:\/\/www.sonoraenequipo.com.mx\/gobernador-de-durango-anuncia-inversion-de-3-mil-700-millones-de-dolares\/#primaryimage\"},\"thumbnailUrl\":\"https:\/\/www.sonoraenequipo.com.mx\/storage\/2025\/03\/gob-de-Druango.jpt-min-1.jpg\",\"articleSection\":[\"Rep\u00fablica\"],\"inLanguage\":\"es\",\"potentialAction\":[{\"@type\":\"CommentAction\",\"name\":\"Comment\",\"target\":[\"https:\/\/www.sonoraenequipo.com.mx\/gobernador-de-durango-anuncia-inversion-de-3-mil-700-millones-de-dolares\/#respond\"]}]},{\"@type\":\"WebPage\",\"@id\":\"https:\/\/www.sonoraenequipo.com.mx\/gobernador-de-durango-anuncia-inversion-de-3-mil-700-millones-de-dolares\/\",\"url\":\"https:\/\/www.sonoraenequipo.com.mx\/gobernador-de-durango-anuncia-inversion-de-3-mil-700-millones-de-dolares\/\",\"name\":\"Sonora en Equipo. Gobernador de Durango anuncia inversi\u00f3n de 3 mil 700 millones de d\u00f3lares Rep\u00fablica\",\"isPartOf\":{\"@id\":\"https:\/\/www.sonoraenequipo.com.mx\/#website\"},\"primaryImageOfPage\":{\"@id\":\"https:\/\/www.sonoraenequipo.com.mx\/gobernador-de-durango-anuncia-inversion-de-3-mil-700-millones-de-dolares\/#primaryimage\"},\"image\":{\"@id\":\"https:\/\/www.sonoraenequipo.com.mx\/gobernador-de-durango-anuncia-inversion-de-3-mil-700-millones-de-dolares\/#primaryimage\"},\"thumbnailUrl\":\"https:\/\/www.sonoraenequipo.com.mx\/storage\/2025\/03\/gob-de-Druango.jpt-min-1.jpg\",\"datePublished\":\"2025-03-20T17:27:30+00:00\",\"dateModified\":\"2025-03-20T21:43:01+00:00\",\"description\":\"CIUDAD DE M\u00c9XICO. MX. \u2014 En la conferencia de prensa matutina de la presidenta Claudia Sheinbaum, este jueves el gobierno priista de Durango anunci\u00f3 v\u00eda En Sonora en Equipo publicamos toda la informaci\u00f3n de Sonora, M\u00e9xico y el Mundo de manera oportuna y busca que la libertad de expresi\u00f3n sea real. Visita nuestro medio informativo publicado desde Hermosillo, Sonora. %\",\"breadcrumb\":{\"@id\":\"https:\/\/www.sonoraenequipo.com.mx\/gobernador-de-durango-anuncia-inversion-de-3-mil-700-millones-de-dolares\/#breadcrumb\"},\"inLanguage\":\"es\",\"potentialAction\":[{\"@type\":\"ReadAction\",\"target\":[\"https:\/\/www.sonoraenequipo.com.mx\/gobernador-de-durango-anuncia-inversion-de-3-mil-700-millones-de-dolares\/\"]}]},{\"@type\":\"ImageObject\",\"inLanguage\":\"es\",\"@id\":\"https:\/\/www.sonoraenequipo.com.mx\/gobernador-de-durango-anuncia-inversion-de-3-mil-700-millones-de-dolares\/#primaryimage\",\"url\":\"https:\/\/www.sonoraenequipo.com.mx\/storage\/2025\/03\/gob-de-Druango.jpt-min-1.jpg\",\"contentUrl\":\"https:\/\/www.sonoraenequipo.com.mx\/storage\/2025\/03\/gob-de-Druango.jpt-min-1.jpg\",\"width\":987,\"height\":609},{\"@type\":\"BreadcrumbList\",\"@id\":\"https:\/\/www.sonoraenequipo.com.mx\/gobernador-de-durango-anuncia-inversion-de-3-mil-700-millones-de-dolares\/#breadcrumb\",\"itemListElement\":[{\"@type\":\"ListItem\",\"position\":1,\"name\":\"Portada\",\"item\":\"https:\/\/www.sonoraenequipo.com.mx\/\"},{\"@type\":\"ListItem\",\"position\":2,\"name\":\"Gobernador de Durango anuncia inversi\u00f3n de 3 mil 700 millones de d\u00f3lares\"}]},{\"@type\":\"WebSite\",\"@id\":\"https:\/\/www.sonoraenequipo.com.mx\/#website\",\"url\":\"https:\/\/www.sonoraenequipo.com.mx\/\",\"name\":\"Sonora en Equipo.\",\"description\":\"Diario en l\u00ednea con Noticias desde Hermosillo, Sonora\",\"publisher\":{\"@id\":\"https:\/\/www.sonoraenequipo.com.mx\/#organization\"},\"potentialAction\":[{\"@type\":\"SearchAction\",\"target\":{\"@type\":\"EntryPoint\",\"urlTemplate\":\"https:\/\/www.sonoraenequipo.com.mx\/?s={search_term_string}\"},\"query-input\":{\"@type\":\"PropertyValueSpecification\",\"valueRequired\":true,\"valueName\":\"search_term_string\"}}],\"inLanguage\":\"es\"},{\"@type\":\"Organization\",\"@id\":\"https:\/\/www.sonoraenequipo.com.mx\/#organization\",\"name\":\"Sonoraenequipo.com.mx\",\"url\":\"https:\/\/www.sonoraenequipo.com.mx\/\",\"logo\":{\"@type\":\"ImageObject\",\"inLanguage\":\"es\",\"@id\":\"https:\/\/www.sonoraenequipo.com.mx\/#\/schema\/logo\/image\/\",\"url\":\"https:\/\/www.sonoraenequipo.com.mx\/storage\/2019\/01\/sonoraenequipo_opt.png\",\"contentUrl\":\"https:\/\/www.sonoraenequipo.com.mx\/storage\/2019\/01\/sonoraenequipo_opt.png\",\"width\":375,\"height\":125,\"caption\":\"Sonoraenequipo.com.mx\"},\"image\":{\"@id\":\"https:\/\/www.sonoraenequipo.com.mx\/#\/schema\/logo\/image\/\"},\"sameAs\":[\"https:\/\/www.facebook.com\/SonoraEE\/\",\"https:\/\/x.com\/sonoraenequipo\",\"https:\/\/www.youtube.com\/channel\/UC338nW-lPEYmJQs4ZABQ1SQ\"]},{\"@type\":\"Person\",\"@id\":\"https:\/\/www.sonoraenequipo.com.mx\/#\/schema\/person\/50102df0fb23a8fa9e8effad8fa81386\",\"name\":\"enequipo\",\"image\":{\"@type\":\"ImageObject\",\"inLanguage\":\"es\",\"@id\":\"https:\/\/www.sonoraenequipo.com.mx\/#\/schema\/person\/image\/\",\"url\":\"https:\/\/secure.gravatar.com\/avatar\/049821681b589dabc0bc20695993ccebb09f5b5d4d790cd9251b97faac7c652b?s=96&d=blank&r=g\",\"contentUrl\":\"https:\/\/secure.gravatar.com\/avatar\/049821681b589dabc0bc20695993ccebb09f5b5d4d790cd9251b97faac7c652b?s=96&d=blank&r=g\",\"caption\":\"enequipo\"},\"sameAs\":[\"https:\/\/www.facebook.com\/SonoraEE\"]}]}<\/script>\n ","yoast_head_json":{"title":"Sonora en Equipo. Gobernador de Durango anuncia inversi\u00f3n de 3 mil 700 millones de d\u00f3lares Rep\u00fablica","description":"CIUDAD DE M\u00c9XICO. MX. \u2014 En la conferencia de prensa matutina de la presidenta Claudia Sheinbaum, este jueves el gobierno priista de Durango anunci\u00f3 v\u00eda En Sonora en Equipo publicamos toda la informaci\u00f3n de Sonora, M\u00e9xico y el Mundo de manera oportuna y busca que la libertad de expresi\u00f3n sea real. Visita nuestro medio informativo publicado desde Hermosillo, Sonora. %","robots":{"index":"index","follow":"follow","max-snippet":"max-snippet:-1","max-image-preview":"max-image-preview:large","max-video-preview":"max-video-preview:-1"},"canonical":"https:\/\/www.sonoraenequipo.com.mx\/gobernador-de-durango-anuncia-inversion-de-3-mil-700-millones-de-dolares\/","og_locale":"es_ES","og_type":"article","og_title":"Sonora en Equipo. Gobernador de Durango anuncia inversi\u00f3n de 3 mil 700 millones de d\u00f3lares Rep\u00fablica","og_description":"CIUDAD DE M\u00c9XICO. MX. \u2014 En la conferencia de prensa matutina de la presidenta Claudia Sheinbaum, este jueves el gobierno priista de Durango anunci\u00f3 v\u00eda En Sonora en Equipo publicamos toda la informaci\u00f3n de Sonora, M\u00e9xico y el Mundo de manera oportuna y busca que la libertad de expresi\u00f3n sea real. Visita nuestro medio informativo publicado desde Hermosillo, Sonora. %","og_url":"https:\/\/www.sonoraenequipo.com.mx\/gobernador-de-durango-anuncia-inversion-de-3-mil-700-millones-de-dolares\/","og_site_name":"Sonora en Equipo.","article_publisher":"https:\/\/www.facebook.com\/SonoraEE\/","article_author":"https:\/\/www.facebook.com\/SonoraEE","article_published_time":"2025-03-20T17:27:30+00:00","article_modified_time":"2025-03-20T21:43:01+00:00","og_image":[{"width":987,"height":609,"url":"https:\/\/www.sonoraenequipo.com.mx\/storage\/2025\/03\/gob-de-Druango.jpt-min-1.jpg","type":"image\/jpeg"}],"author":"enequipo","twitter_card":"summary_large_image","twitter_creator":"@sonoraenequipo","twitter_site":"@sonoraenequipo","twitter_misc":{"Escrito por":"enequipo","Tiempo de lectura":"1 minuto"},"schema":{"@context":"https:\/\/schema.org","@graph":[{"@type":"Article","@id":"https:\/\/www.sonoraenequipo.com.mx\/gobernador-de-durango-anuncia-inversion-de-3-mil-700-millones-de-dolares\/#article","isPartOf":{"@id":"https:\/\/www.sonoraenequipo.com.mx\/gobernador-de-durango-anuncia-inversion-de-3-mil-700-millones-de-dolares\/"},"author":{"name":"enequipo","@id":"https:\/\/www.sonoraenequipo.com.mx\/#\/schema\/person\/50102df0fb23a8fa9e8effad8fa81386"},"headline":"Gobernador de Durango anuncia inversi\u00f3n de 3 mil 700 millones de d\u00f3lares","datePublished":"2025-03-20T17:27:30+00:00","dateModified":"2025-03-20T21:43:01+00:00","mainEntityOfPage":{"@id":"https:\/\/www.sonoraenequipo.com.mx\/gobernador-de-durango-anuncia-inversion-de-3-mil-700-millones-de-dolares\/"},"wordCount":308,"commentCount":0,"publisher":{"@id":"https:\/\/www.sonoraenequipo.com.mx\/#organization"},"image":{"@id":"https:\/\/www.sonoraenequipo.com.mx\/gobernador-de-durango-anuncia-inversion-de-3-mil-700-millones-de-dolares\/#primaryimage"},"thumbnailUrl":"https:\/\/www.sonoraenequipo.com.mx\/storage\/2025\/03\/gob-de-Druango.jpt-min-1.jpg","articleSection":["Rep\u00fablica"],"inLanguage":"es","potentialAction":[{"@type":"CommentAction","name":"Comment","target":["https:\/\/www.sonoraenequipo.com.mx\/gobernador-de-durango-anuncia-inversion-de-3-mil-700-millones-de-dolares\/#respond"]}]},{"@type":"WebPage","@id":"https:\/\/www.sonoraenequipo.com.mx\/gobernador-de-durango-anuncia-inversion-de-3-mil-700-millones-de-dolares\/","url":"https:\/\/www.sonoraenequipo.com.mx\/gobernador-de-durango-anuncia-inversion-de-3-mil-700-millones-de-dolares\/","name":"Sonora en Equipo. Gobernador de Durango anuncia inversi\u00f3n de 3 mil 700 millones de d\u00f3lares Rep\u00fablica","isPartOf":{"@id":"https:\/\/www.sonoraenequipo.com.mx\/#website"},"primaryImageOfPage":{"@id":"https:\/\/www.sonoraenequipo.com.mx\/gobernador-de-durango-anuncia-inversion-de-3-mil-700-millones-de-dolares\/#primaryimage"},"image":{"@id":"https:\/\/www.sonoraenequipo.com.mx\/gobernador-de-durango-anuncia-inversion-de-3-mil-700-millones-de-dolares\/#primaryimage"},"thumbnailUrl":"https:\/\/www.sonoraenequipo.com.mx\/storage\/2025\/03\/gob-de-Druango.jpt-min-1.jpg","datePublished":"2025-03-20T17:27:30+00:00","dateModified":"2025-03-20T21:43:01+00:00","description":"CIUDAD DE M\u00c9XICO. MX. \u2014 En la conferencia de prensa matutina de la presidenta Claudia Sheinbaum, este jueves el gobierno priista de Durango anunci\u00f3 v\u00eda En Sonora en Equipo publicamos toda la informaci\u00f3n de Sonora, M\u00e9xico y el Mundo de manera oportuna y busca que la libertad de expresi\u00f3n sea real. Visita nuestro medio informativo publicado desde Hermosillo, Sonora. %","breadcrumb":{"@id":"https:\/\/www.sonoraenequipo.com.mx\/gobernador-de-durango-anuncia-inversion-de-3-mil-700-millones-de-dolares\/#breadcrumb"},"inLanguage":"es","potentialAction":[{"@type":"ReadAction","target":["https:\/\/www.sonoraenequipo.com.mx\/gobernador-de-durango-anuncia-inversion-de-3-mil-700-millones-de-dolares\/"]}]},{"@type":"ImageObject","inLanguage":"es","@id":"https:\/\/www.sonoraenequipo.com.mx\/gobernador-de-durango-anuncia-inversion-de-3-mil-700-millones-de-dolares\/#primaryimage","url":"https:\/\/www.sonoraenequipo.com.mx\/storage\/2025\/03\/gob-de-Druango.jpt-min-1.jpg","contentUrl":"https:\/\/www.sonoraenequipo.com.mx\/storage\/2025\/03\/gob-de-Druango.jpt-min-1.jpg","width":987,"height":609},{"@type":"BreadcrumbList","@id":"https:\/\/www.sonoraenequipo.com.mx\/gobernador-de-durango-anuncia-inversion-de-3-mil-700-millones-de-dolares\/#breadcrumb","itemListElement":[{"@type":"ListItem","position":1,"name":"Portada","item":"https:\/\/www.sonoraenequipo.com.mx\/"},{"@type":"ListItem","position":2,"name":"Gobernador de Durango anuncia inversi\u00f3n de 3 mil 700 millones de d\u00f3lares"}]},{"@type":"WebSite","@id":"https:\/\/www.sonoraenequipo.com.mx\/#website","url":"https:\/\/www.sonoraenequipo.com.mx\/","name":"Sonora en Equipo.","description":"Diario en l\u00ednea con Noticias desde Hermosillo, Sonora","publisher":{"@id":"https:\/\/www.sonoraenequipo.com.mx\/#organization"},"potentialAction":[{"@type":"SearchAction","target":{"@type":"EntryPoint","urlTemplate":"https:\/\/www.sonoraenequipo.com.mx\/?s={search_term_string}"},"query-input":{"@type":"PropertyValueSpecification","valueRequired":true,"valueName":"search_term_string"}}],"inLanguage":"es"},{"@type":"Organization","@id":"https:\/\/www.sonoraenequipo.com.mx\/#organization","name":"Sonoraenequipo.com.mx","url":"https:\/\/www.sonoraenequipo.com.mx\/","logo":{"@type":"ImageObject","inLanguage":"es","@id":"https:\/\/www.sonoraenequipo.com.mx\/#\/schema\/logo\/image\/","url":"https:\/\/www.sonoraenequipo.com.mx\/storage\/2019\/01\/sonoraenequipo_opt.png","contentUrl":"https:\/\/www.sonoraenequipo.com.mx\/storage\/2019\/01\/sonoraenequipo_opt.png","width":375,"height":125,"caption":"Sonoraenequipo.com.mx"},"image":{"@id":"https:\/\/www.sonoraenequipo.com.mx\/#\/schema\/logo\/image\/"},"sameAs":["https:\/\/www.facebook.com\/SonoraEE\/","https:\/\/x.com\/sonoraenequipo","https:\/\/www.youtube.com\/channel\/UC338nW-lPEYmJQs4ZABQ1SQ"]},{"@type":"Person","@id":"https:\/\/www.sonoraenequipo.com.mx\/#\/schema\/person\/50102df0fb23a8fa9e8effad8fa81386","name":"enequipo","image":{"@type":"ImageObject","inLanguage":"es","@id":"https:\/\/www.sonoraenequipo.com.mx\/#\/schema\/person\/image\/","url":"https:\/\/secure.gravatar.com\/avatar\/049821681b589dabc0bc20695993ccebb09f5b5d4d790cd9251b97faac7c652b?s=96&d=blank&r=g","contentUrl":"https:\/\/secure.gravatar.com\/avatar\/049821681b589dabc0bc20695993ccebb09f5b5d4d790cd9251b97faac7c652b?s=96&d=blank&r=g","caption":"enequipo"},"sameAs":["https:\/\/www.facebook.com\/SonoraEE"]}]}},"jetpack_featured_media_url":"https:\/\/www.sonoraenequipo.com.mx\/storage\/2025\/03\/gob-de-Druango.jpt-min-1.jpg","_links":{"self":[{"href":"https:\/\/www.sonoraenequipo.com.mx\/api\/wp\/v2\/posts\/211948","targetHints":{"allow":["GET"]}}],"collection":[{"href":"https:\/\/www.sonoraenequipo.com.mx\/api\/wp\/v2\/posts"}],"about":[{"href":"https:\/\/www.sonoraenequipo.com.mx\/api\/wp\/v2\/types\/post"}],"author":[{"embeddable":true,"href":"https:\/\/www.sonoraenequipo.com.mx\/api\/wp\/v2\/users\/1"}],"replies":[{"embeddable":true,"href":"https:\/\/www.sonoraenequipo.com.mx\/api\/wp\/v2\/comments?post=211948"}],"version-history":[{"count":1,"href":"https:\/\/www.sonoraenequipo.com.mx\/api\/wp\/v2\/posts\/211948\/revisions"}],"predecessor-version":[{"id":211949,"href":"https:\/\/www.sonoraenequipo.com.mx\/api\/wp\/v2\/posts\/211948\/revisions\/211949"}],"wp:featuredmedia":[{"embeddable":true,"href":"https:\/\/www.sonoraenequipo.com.mx\/api\/wp\/v2\/media\/211943"}],"wp:attachment":[{"href":"https:\/\/www.sonoraenequipo.com.mx\/api\/wp\/v2\/media?parent=211948"}],"wp:term":[{"taxonomy":"category","embeddable":true,"href":"https:\/\/www.sonoraenequipo.com.mx\/api\/wp\/v2\/categories?post=211948"},{"taxonomy":"post_tag","embeddable":true,"href":"https:\/\/www.sonoraenequipo.com.mx\/api\/wp\/v2\/tags?post=211948"}],"curies":[{"name":"wp","href":"https:\/\/api.w.org\/{rel}","templated":true}]}}