{"id":211963,"date":"2025-03-20T15:13:44","date_gmt":"2025-03-20T22:13:44","guid":{"rendered":"https:\/\/www.sonoraenequipo.com.mx\/?p=211963"},"modified":"2025-03-20T15:14:35","modified_gmt":"2025-03-20T22:14:35","slug":"fortalece-gobierno-de-sonora-desarrollo-regional-con-proyectos-academicos-y-culturales-uts","status":"publish","type":"post","link":"https:\/\/www.sonoraenequipo.com.mx\/fortalece-gobierno-de-sonora-desarrollo-regional-con-proyectos-academicos-y-culturales-uts\/","title":{"rendered":"Fortalece Gobierno de Sonora desarrollo regional con proyectos acad\u00e9micos y culturales: UTS"},"content":{"rendered":"<p><strong>QUIRIEGO, SONORA, MX.<\/strong><strong> \u0336 \u0336\u00a0 <\/strong>Para contribuir al desarrollo regional que impulsa el Gobierno de Sonora, la Universidad Tecnol\u00f3gica del Sur de Sonora (UTS) colaborar\u00e1 con el Ayuntamiento de Quiriego para consolidar la extensi\u00f3n de los servicios de cultura, alfabetizaci\u00f3n, respaldo a proyectos de los Planes de Justicia Guarij\u00edo-Makurawe y Yoreme-Mayo, as\u00ed como brindar soporte tecnol\u00f3gico, anunci\u00f3 Sergio Pablo Mariscal Alvarado.<\/p>\n<p>El rector de la UTS firm\u00f3 un convenio de colaboraci\u00f3n con Fredi Renato Flores Campos, alcalde de Quiriego, con el prop\u00f3sito de implementar acciones estrat\u00e9gicas de vinculaci\u00f3n con los estudiantes de bachillerato del municipio, impulso al deporte y la cultura, as\u00ed como brindar las facilidades para que los j\u00f3venes y la comunidad de Quiriego y zonas aleda\u00f1as puedan estudiar en la universidad.<\/p>\n<p>Al respecto, Flores Campos a\u00f1adi\u00f3 que la colaboraci\u00f3n entre el Gobierno de Quiriego y la UTS tendr\u00e1 importantes beneficios como la valoraci\u00f3n de la apertura de una unidad de extensi\u00f3n para promover el desarrollo personal y profesional de los j\u00f3venes de la localidad que desean concluir su carrera profesional.<\/p>\n<p>Adem\u00e1s, a\u00f1adi\u00f3, las empresas asentadas en el municipio se ver\u00e1n respaldadas con la asesor\u00eda profesional brindada por especialistas de la UTS, as\u00ed como lo proyectos orientados al desarrollo comunitario del pueblo guarij\u00edo y mayo, en concordancia con el Plan M\u00e9xico de la presidenta Claudia Sheinbaum Pardo y el Plan Sonora que promueve el gobernador Alfonso Durazo.<\/p>\n<p><strong>Fecha de publicaci\u00f3n jueves 20 de marzo de 2025 <\/strong><\/p>\n","protected":false},"excerpt":{"rendered":"<p>QUIRIEGO, SONORA, MX. \u0336 \u0336\u00a0 Para contribuir al desarrollo regional que impulsa el Gobierno de&#8230;<\/p>\n","protected":false},"author":1,"featured_media":211964,"comment_status":"open","ping_status":"open","sticky":false,"template":"","format":"standard","meta":{"_monsterinsights_skip_tracking":false,"_monsterinsights_sitenote_active":false,"_monsterinsights_sitenote_note":"","_monsterinsights_sitenote_category":0,"footnotes":""},"categories":[22],"tags":[7800,6578],"class_list":["post"],"yoast_head":" \n<title>Sonora en Equipo. Fortalece Gobierno de Sonora desarrollo regional con proyectos acad\u00e9micos y culturales: UTS Sonora<\/title>\n<meta name=\"description\" content=\"QUIRIEGO, SONORA, MX. \u0336 \u0336\u00a0 Para contribuir al desarrollo regional que impulsa el Gobierno de Sonora, la Universidad Tecnol\u00f3gica del Sur de Sonora (UTS) En Sonora en Equipo publicamos toda la informaci\u00f3n de Sonora, M\u00e9xico y el Mundo de manera oportuna y busca que la libertad de expresi\u00f3n sea real. Visita nuestro medio informativo publicado desde Hermosillo, Sonora. %\" \/>\n<meta name=\"robots\" content=\"index, follow, max-snippet:-1, max-image-preview:large, max-video-preview:-1\" \/>\n<link rel=\"canonical\" href=\"https:\/\/www.sonoraenequipo.com.mx\/fortalece-gobierno-de-sonora-desarrollo-regional-con-proyectos-academicos-y-culturales-uts\/\" \/>\n<meta property=\"og:locale\" content=\"es_ES\" \/>\n<meta property=\"og:type\" content=\"article\" \/>\n<meta property=\"og:title\" content=\"Sonora en Equipo. Fortalece Gobierno de Sonora desarrollo regional con proyectos acad\u00e9micos y culturales: UTS Sonora\" \/>\n<meta property=\"og:description\" content=\"QUIRIEGO, SONORA, MX. \u0336 \u0336\u00a0 Para contribuir al desarrollo regional que impulsa el Gobierno de Sonora, la Universidad Tecnol\u00f3gica del Sur de Sonora (UTS) En Sonora en Equipo publicamos toda la informaci\u00f3n de Sonora, M\u00e9xico y el Mundo de manera oportuna y busca que la libertad de expresi\u00f3n sea real. Visita nuestro medio informativo publicado desde Hermosillo, Sonora. %\" \/>\n<meta property=\"og:url\" content=\"https:\/\/www.sonoraenequipo.com.mx\/fortalece-gobierno-de-sonora-desarrollo-regional-con-proyectos-academicos-y-culturales-uts\/\" \/>\n<meta property=\"og:site_name\" content=\"Sonora en Equipo.\" \/>\n<meta property=\"article:publisher\" content=\"https:\/\/www.facebook.com\/SonoraEE\/\" \/>\n<meta property=\"article:author\" content=\"https:\/\/www.facebook.com\/SonoraEE\" \/>\n<meta property=\"article:published_time\" content=\"2025-03-20T22:13:44+00:00\" \/>\n<meta property=\"article:modified_time\" content=\"2025-03-20T22:14:35+00:00\" \/>\n<meta property=\"og:image\" content=\"https:\/\/www.sonoraenequipo.com.mx\/storage\/2025\/03\/uts.jpg\" \/>\n\t<meta property=\"og:image:width\" content=\"600\" \/>\n\t<meta property=\"og:image:height\" content=\"450\" \/>\n\t<meta property=\"og:image:type\" content=\"image\/jpeg\" \/>\n<meta name=\"author\" content=\"enequipo\" \/>\n<meta name=\"twitter:card\" content=\"summary_large_image\" \/>\n<meta name=\"twitter:creator\" content=\"@sonoraenequipo\" \/>\n<meta name=\"twitter:site\" content=\"@sonoraenequipo\" \/>\n<meta name=\"twitter:label1\" content=\"Escrito por\" \/>\n\t<meta name=\"twitter:data1\" content=\"enequipo\" \/>\n\t<meta name=\"twitter:label2\" content=\"Tiempo de lectura\" \/>\n\t<meta name=\"twitter:data2\" content=\"1 minuto\" \/>\n<script type=\"application\/ld+json\" class=\"yoast-schema-graph\">{\"@context\":\"https:\/\/schema.org\",\"@graph\":[{\"@type\":\"Article\",\"@id\":\"https:\/\/www.sonoraenequipo.com.mx\/fortalece-gobierno-de-sonora-desarrollo-regional-con-proyectos-academicos-y-culturales-uts\/#article\",\"isPartOf\":{\"@id\":\"https:\/\/www.sonoraenequipo.com.mx\/fortalece-gobierno-de-sonora-desarrollo-regional-con-proyectos-academicos-y-culturales-uts\/\"},\"author\":{\"name\":\"enequipo\",\"@id\":\"https:\/\/www.sonoraenequipo.com.mx\/#\/schema\/person\/50102df0fb23a8fa9e8effad8fa81386\"},\"headline\":\"Fortalece Gobierno de Sonora desarrollo regional con proyectos acad\u00e9micos y culturales: UTS\",\"datePublished\":\"2025-03-20T22:13:44+00:00\",\"dateModified\":\"2025-03-20T22:14:35+00:00\",\"mainEntityOfPage\":{\"@id\":\"https:\/\/www.sonoraenequipo.com.mx\/fortalece-gobierno-de-sonora-desarrollo-regional-con-proyectos-academicos-y-culturales-uts\/\"},\"wordCount\":269,\"commentCount\":0,\"publisher\":{\"@id\":\"https:\/\/www.sonoraenequipo.com.mx\/#organization\"},\"image\":{\"@id\":\"https:\/\/www.sonoraenequipo.com.mx\/fortalece-gobierno-de-sonora-desarrollo-regional-con-proyectos-academicos-y-culturales-uts\/#primaryimage\"},\"thumbnailUrl\":\"https:\/\/www.sonoraenequipo.com.mx\/storage\/2025\/03\/uts.jpg\",\"keywords\":[\"quiriego\",\"UTS\"],\"articleSection\":[\"Sonora\"],\"inLanguage\":\"es\",\"potentialAction\":[{\"@type\":\"CommentAction\",\"name\":\"Comment\",\"target\":[\"https:\/\/www.sonoraenequipo.com.mx\/fortalece-gobierno-de-sonora-desarrollo-regional-con-proyectos-academicos-y-culturales-uts\/#respond\"]}]},{\"@type\":\"WebPage\",\"@id\":\"https:\/\/www.sonoraenequipo.com.mx\/fortalece-gobierno-de-sonora-desarrollo-regional-con-proyectos-academicos-y-culturales-uts\/\",\"url\":\"https:\/\/www.sonoraenequipo.com.mx\/fortalece-gobierno-de-sonora-desarrollo-regional-con-proyectos-academicos-y-culturales-uts\/\",\"name\":\"Sonora en Equipo. Fortalece Gobierno de Sonora desarrollo regional con proyectos acad\u00e9micos y culturales: UTS Sonora\",\"isPartOf\":{\"@id\":\"https:\/\/www.sonoraenequipo.com.mx\/#website\"},\"primaryImageOfPage\":{\"@id\":\"https:\/\/www.sonoraenequipo.com.mx\/fortalece-gobierno-de-sonora-desarrollo-regional-con-proyectos-academicos-y-culturales-uts\/#primaryimage\"},\"image\":{\"@id\":\"https:\/\/www.sonoraenequipo.com.mx\/fortalece-gobierno-de-sonora-desarrollo-regional-con-proyectos-academicos-y-culturales-uts\/#primaryimage\"},\"thumbnailUrl\":\"https:\/\/www.sonoraenequipo.com.mx\/storage\/2025\/03\/uts.jpg\",\"datePublished\":\"2025-03-20T22:13:44+00:00\",\"dateModified\":\"2025-03-20T22:14:35+00:00\",\"description\":\"QUIRIEGO, SONORA, MX. \u0336 \u0336\u00a0 Para contribuir al desarrollo regional que impulsa el Gobierno de Sonora, la Universidad Tecnol\u00f3gica del Sur de Sonora (UTS) En Sonora en Equipo publicamos toda la informaci\u00f3n de Sonora, M\u00e9xico y el Mundo de manera oportuna y busca que la libertad de expresi\u00f3n sea real. Visita nuestro medio informativo publicado desde Hermosillo, Sonora. %\",\"breadcrumb\":{\"@id\":\"https:\/\/www.sonoraenequipo.com.mx\/fortalece-gobierno-de-sonora-desarrollo-regional-con-proyectos-academicos-y-culturales-uts\/#breadcrumb\"},\"inLanguage\":\"es\",\"potentialAction\":[{\"@type\":\"ReadAction\",\"target\":[\"https:\/\/www.sonoraenequipo.com.mx\/fortalece-gobierno-de-sonora-desarrollo-regional-con-proyectos-academicos-y-culturales-uts\/\"]}]},{\"@type\":\"ImageObject\",\"inLanguage\":\"es\",\"@id\":\"https:\/\/www.sonoraenequipo.com.mx\/fortalece-gobierno-de-sonora-desarrollo-regional-con-proyectos-academicos-y-culturales-uts\/#primaryimage\",\"url\":\"https:\/\/www.sonoraenequipo.com.mx\/storage\/2025\/03\/uts.jpg\",\"contentUrl\":\"https:\/\/www.sonoraenequipo.com.mx\/storage\/2025\/03\/uts.jpg\",\"width\":600,\"height\":450},{\"@type\":\"BreadcrumbList\",\"@id\":\"https:\/\/www.sonoraenequipo.com.mx\/fortalece-gobierno-de-sonora-desarrollo-regional-con-proyectos-academicos-y-culturales-uts\/#breadcrumb\",\"itemListElement\":[{\"@type\":\"ListItem\",\"position\":1,\"name\":\"Portada\",\"item\":\"https:\/\/www.sonoraenequipo.com.mx\/\"},{\"@type\":\"ListItem\",\"position\":2,\"name\":\"Fortalece Gobierno de Sonora desarrollo regional con proyectos acad\u00e9micos y culturales: UTS\"}]},{\"@type\":\"WebSite\",\"@id\":\"https:\/\/www.sonoraenequipo.com.mx\/#website\",\"url\":\"https:\/\/www.sonoraenequipo.com.mx\/\",\"name\":\"Sonora en Equipo.\",\"description\":\"Diario en l\u00ednea con Noticias desde Hermosillo, Sonora\",\"publisher\":{\"@id\":\"https:\/\/www.sonoraenequipo.com.mx\/#organization\"},\"potentialAction\":[{\"@type\":\"SearchAction\",\"target\":{\"@type\":\"EntryPoint\",\"urlTemplate\":\"https:\/\/www.sonoraenequipo.com.mx\/?s={search_term_string}\"},\"query-input\":{\"@type\":\"PropertyValueSpecification\",\"valueRequired\":true,\"valueName\":\"search_term_string\"}}],\"inLanguage\":\"es\"},{\"@type\":\"Organization\",\"@id\":\"https:\/\/www.sonoraenequipo.com.mx\/#organization\",\"name\":\"Sonoraenequipo.com.mx\",\"url\":\"https:\/\/www.sonoraenequipo.com.mx\/\",\"logo\":{\"@type\":\"ImageObject\",\"inLanguage\":\"es\",\"@id\":\"https:\/\/www.sonoraenequipo.com.mx\/#\/schema\/logo\/image\/\",\"url\":\"https:\/\/www.sonoraenequipo.com.mx\/storage\/2019\/01\/sonoraenequipo_opt.png\",\"contentUrl\":\"https:\/\/www.sonoraenequipo.com.mx\/storage\/2019\/01\/sonoraenequipo_opt.png\",\"width\":375,\"height\":125,\"caption\":\"Sonoraenequipo.com.mx\"},\"image\":{\"@id\":\"https:\/\/www.sonoraenequipo.com.mx\/#\/schema\/logo\/image\/\"},\"sameAs\":[\"https:\/\/www.facebook.com\/SonoraEE\/\",\"https:\/\/x.com\/sonoraenequipo\",\"https:\/\/www.youtube.com\/channel\/UC338nW-lPEYmJQs4ZABQ1SQ\"]},{\"@type\":\"Person\",\"@id\":\"https:\/\/www.sonoraenequipo.com.mx\/#\/schema\/person\/50102df0fb23a8fa9e8effad8fa81386\",\"name\":\"enequipo\",\"image\":{\"@type\":\"ImageObject\",\"inLanguage\":\"es\",\"@id\":\"https:\/\/www.sonoraenequipo.com.mx\/#\/schema\/person\/image\/\",\"url\":\"https:\/\/secure.gravatar.com\/avatar\/049821681b589dabc0bc20695993ccebb09f5b5d4d790cd9251b97faac7c652b?s=96&d=blank&r=g\",\"contentUrl\":\"https:\/\/secure.gravatar.com\/avatar\/049821681b589dabc0bc20695993ccebb09f5b5d4d790cd9251b97faac7c652b?s=96&d=blank&r=g\",\"caption\":\"enequipo\"},\"sameAs\":[\"https:\/\/www.facebook.com\/SonoraEE\"]}]}<\/script>\n ","yoast_head_json":{"title":"Sonora en Equipo. Fortalece Gobierno de Sonora desarrollo regional con proyectos acad\u00e9micos y culturales: UTS Sonora","description":"QUIRIEGO, SONORA, MX. \u0336 \u0336\u00a0 Para contribuir al desarrollo regional que impulsa el Gobierno de Sonora, la Universidad Tecnol\u00f3gica del Sur de Sonora (UTS) En Sonora en Equipo publicamos toda la informaci\u00f3n de Sonora, M\u00e9xico y el Mundo de manera oportuna y busca que la libertad de expresi\u00f3n sea real. Visita nuestro medio informativo publicado desde Hermosillo, Sonora. %","robots":{"index":"index","follow":"follow","max-snippet":"max-snippet:-1","max-image-preview":"max-image-preview:large","max-video-preview":"max-video-preview:-1"},"canonical":"https:\/\/www.sonoraenequipo.com.mx\/fortalece-gobierno-de-sonora-desarrollo-regional-con-proyectos-academicos-y-culturales-uts\/","og_locale":"es_ES","og_type":"article","og_title":"Sonora en Equipo. Fortalece Gobierno de Sonora desarrollo regional con proyectos acad\u00e9micos y culturales: UTS Sonora","og_description":"QUIRIEGO, SONORA, MX. \u0336 \u0336\u00a0 Para contribuir al desarrollo regional que impulsa el Gobierno de Sonora, la Universidad Tecnol\u00f3gica del Sur de Sonora (UTS) En Sonora en Equipo publicamos toda la informaci\u00f3n de Sonora, M\u00e9xico y el Mundo de manera oportuna y busca que la libertad de expresi\u00f3n sea real. Visita nuestro medio informativo publicado desde Hermosillo, Sonora. %","og_url":"https:\/\/www.sonoraenequipo.com.mx\/fortalece-gobierno-de-sonora-desarrollo-regional-con-proyectos-academicos-y-culturales-uts\/","og_site_name":"Sonora en Equipo.","article_publisher":"https:\/\/www.facebook.com\/SonoraEE\/","article_author":"https:\/\/www.facebook.com\/SonoraEE","article_published_time":"2025-03-20T22:13:44+00:00","article_modified_time":"2025-03-20T22:14:35+00:00","og_image":[{"width":600,"height":450,"url":"https:\/\/www.sonoraenequipo.com.mx\/storage\/2025\/03\/uts.jpg","type":"image\/jpeg"}],"author":"enequipo","twitter_card":"summary_large_image","twitter_creator":"@sonoraenequipo","twitter_site":"@sonoraenequipo","twitter_misc":{"Escrito por":"enequipo","Tiempo de lectura":"1 minuto"},"schema":{"@context":"https:\/\/schema.org","@graph":[{"@type":"Article","@id":"https:\/\/www.sonoraenequipo.com.mx\/fortalece-gobierno-de-sonora-desarrollo-regional-con-proyectos-academicos-y-culturales-uts\/#article","isPartOf":{"@id":"https:\/\/www.sonoraenequipo.com.mx\/fortalece-gobierno-de-sonora-desarrollo-regional-con-proyectos-academicos-y-culturales-uts\/"},"author":{"name":"enequipo","@id":"https:\/\/www.sonoraenequipo.com.mx\/#\/schema\/person\/50102df0fb23a8fa9e8effad8fa81386"},"headline":"Fortalece Gobierno de Sonora desarrollo regional con proyectos acad\u00e9micos y culturales: UTS","datePublished":"2025-03-20T22:13:44+00:00","dateModified":"2025-03-20T22:14:35+00:00","mainEntityOfPage":{"@id":"https:\/\/www.sonoraenequipo.com.mx\/fortalece-gobierno-de-sonora-desarrollo-regional-con-proyectos-academicos-y-culturales-uts\/"},"wordCount":269,"commentCount":0,"publisher":{"@id":"https:\/\/www.sonoraenequipo.com.mx\/#organization"},"image":{"@id":"https:\/\/www.sonoraenequipo.com.mx\/fortalece-gobierno-de-sonora-desarrollo-regional-con-proyectos-academicos-y-culturales-uts\/#primaryimage"},"thumbnailUrl":"https:\/\/www.sonoraenequipo.com.mx\/storage\/2025\/03\/uts.jpg","keywords":["quiriego","UTS"],"articleSection":["Sonora"],"inLanguage":"es","potentialAction":[{"@type":"CommentAction","name":"Comment","target":["https:\/\/www.sonoraenequipo.com.mx\/fortalece-gobierno-de-sonora-desarrollo-regional-con-proyectos-academicos-y-culturales-uts\/#respond"]}]},{"@type":"WebPage","@id":"https:\/\/www.sonoraenequipo.com.mx\/fortalece-gobierno-de-sonora-desarrollo-regional-con-proyectos-academicos-y-culturales-uts\/","url":"https:\/\/www.sonoraenequipo.com.mx\/fortalece-gobierno-de-sonora-desarrollo-regional-con-proyectos-academicos-y-culturales-uts\/","name":"Sonora en Equipo. Fortalece Gobierno de Sonora desarrollo regional con proyectos acad\u00e9micos y culturales: UTS Sonora","isPartOf":{"@id":"https:\/\/www.sonoraenequipo.com.mx\/#website"},"primaryImageOfPage":{"@id":"https:\/\/www.sonoraenequipo.com.mx\/fortalece-gobierno-de-sonora-desarrollo-regional-con-proyectos-academicos-y-culturales-uts\/#primaryimage"},"image":{"@id":"https:\/\/www.sonoraenequipo.com.mx\/fortalece-gobierno-de-sonora-desarrollo-regional-con-proyectos-academicos-y-culturales-uts\/#primaryimage"},"thumbnailUrl":"https:\/\/www.sonoraenequipo.com.mx\/storage\/2025\/03\/uts.jpg","datePublished":"2025-03-20T22:13:44+00:00","dateModified":"2025-03-20T22:14:35+00:00","description":"QUIRIEGO, SONORA, MX. \u0336 \u0336\u00a0 Para contribuir al desarrollo regional que impulsa el Gobierno de Sonora, la Universidad Tecnol\u00f3gica del Sur de Sonora (UTS) En Sonora en Equipo publicamos toda la informaci\u00f3n de Sonora, M\u00e9xico y el Mundo de manera oportuna y busca que la libertad de expresi\u00f3n sea real. Visita nuestro medio informativo publicado desde Hermosillo, Sonora. %","breadcrumb":{"@id":"https:\/\/www.sonoraenequipo.com.mx\/fortalece-gobierno-de-sonora-desarrollo-regional-con-proyectos-academicos-y-culturales-uts\/#breadcrumb"},"inLanguage":"es","potentialAction":[{"@type":"ReadAction","target":["https:\/\/www.sonoraenequipo.com.mx\/fortalece-gobierno-de-sonora-desarrollo-regional-con-proyectos-academicos-y-culturales-uts\/"]}]},{"@type":"ImageObject","inLanguage":"es","@id":"https:\/\/www.sonoraenequipo.com.mx\/fortalece-gobierno-de-sonora-desarrollo-regional-con-proyectos-academicos-y-culturales-uts\/#primaryimage","url":"https:\/\/www.sonoraenequipo.com.mx\/storage\/2025\/03\/uts.jpg","contentUrl":"https:\/\/www.sonoraenequipo.com.mx\/storage\/2025\/03\/uts.jpg","width":600,"height":450},{"@type":"BreadcrumbList","@id":"https:\/\/www.sonoraenequipo.com.mx\/fortalece-gobierno-de-sonora-desarrollo-regional-con-proyectos-academicos-y-culturales-uts\/#breadcrumb","itemListElement":[{"@type":"ListItem","position":1,"name":"Portada","item":"https:\/\/www.sonoraenequipo.com.mx\/"},{"@type":"ListItem","position":2,"name":"Fortalece Gobierno de Sonora desarrollo regional con proyectos acad\u00e9micos y culturales: UTS"}]},{"@type":"WebSite","@id":"https:\/\/www.sonoraenequipo.com.mx\/#website","url":"https:\/\/www.sonoraenequipo.com.mx\/","name":"Sonora en Equipo.","description":"Diario en l\u00ednea con Noticias desde Hermosillo, Sonora","publisher":{"@id":"https:\/\/www.sonoraenequipo.com.mx\/#organization"},"potentialAction":[{"@type":"SearchAction","target":{"@type":"EntryPoint","urlTemplate":"https:\/\/www.sonoraenequipo.com.mx\/?s={search_term_string}"},"query-input":{"@type":"PropertyValueSpecification","valueRequired":true,"valueName":"search_term_string"}}],"inLanguage":"es"},{"@type":"Organization","@id":"https:\/\/www.sonoraenequipo.com.mx\/#organization","name":"Sonoraenequipo.com.mx","url":"https:\/\/www.sonoraenequipo.com.mx\/","logo":{"@type":"ImageObject","inLanguage":"es","@id":"https:\/\/www.sonoraenequipo.com.mx\/#\/schema\/logo\/image\/","url":"https:\/\/www.sonoraenequipo.com.mx\/storage\/2019\/01\/sonoraenequipo_opt.png","contentUrl":"https:\/\/www.sonoraenequipo.com.mx\/storage\/2019\/01\/sonoraenequipo_opt.png","width":375,"height":125,"caption":"Sonoraenequipo.com.mx"},"image":{"@id":"https:\/\/www.sonoraenequipo.com.mx\/#\/schema\/logo\/image\/"},"sameAs":["https:\/\/www.facebook.com\/SonoraEE\/","https:\/\/x.com\/sonoraenequipo","https:\/\/www.youtube.com\/channel\/UC338nW-lPEYmJQs4ZABQ1SQ"]},{"@type":"Person","@id":"https:\/\/www.sonoraenequipo.com.mx\/#\/schema\/person\/50102df0fb23a8fa9e8effad8fa81386","name":"enequipo","image":{"@type":"ImageObject","inLanguage":"es","@id":"https:\/\/www.sonoraenequipo.com.mx\/#\/schema\/person\/image\/","url":"https:\/\/secure.gravatar.com\/avatar\/049821681b589dabc0bc20695993ccebb09f5b5d4d790cd9251b97faac7c652b?s=96&d=blank&r=g","contentUrl":"https:\/\/secure.gravatar.com\/avatar\/049821681b589dabc0bc20695993ccebb09f5b5d4d790cd9251b97faac7c652b?s=96&d=blank&r=g","caption":"enequipo"},"sameAs":["https:\/\/www.facebook.com\/SonoraEE"]}]}},"jetpack_featured_media_url":"https:\/\/www.sonoraenequipo.com.mx\/storage\/2025\/03\/uts.jpg","_links":{"self":[{"href":"https:\/\/www.sonoraenequipo.com.mx\/api\/wp\/v2\/posts\/211963","targetHints":{"allow":["GET"]}}],"collection":[{"href":"https:\/\/www.sonoraenequipo.com.mx\/api\/wp\/v2\/posts"}],"about":[{"href":"https:\/\/www.sonoraenequipo.com.mx\/api\/wp\/v2\/types\/post"}],"author":[{"embeddable":true,"href":"https:\/\/www.sonoraenequipo.com.mx\/api\/wp\/v2\/users\/1"}],"replies":[{"embeddable":true,"href":"https:\/\/www.sonoraenequipo.com.mx\/api\/wp\/v2\/comments?post=211963"}],"version-history":[{"count":2,"href":"https:\/\/www.sonoraenequipo.com.mx\/api\/wp\/v2\/posts\/211963\/revisions"}],"predecessor-version":[{"id":211966,"href":"https:\/\/www.sonoraenequipo.com.mx\/api\/wp\/v2\/posts\/211963\/revisions\/211966"}],"wp:featuredmedia":[{"embeddable":true,"href":"https:\/\/www.sonoraenequipo.com.mx\/api\/wp\/v2\/media\/211964"}],"wp:attachment":[{"href":"https:\/\/www.sonoraenequipo.com.mx\/api\/wp\/v2\/media?parent=211963"}],"wp:term":[{"taxonomy":"category","embeddable":true,"href":"https:\/\/www.sonoraenequipo.com.mx\/api\/wp\/v2\/categories?post=211963"},{"taxonomy":"post_tag","embeddable":true,"href":"https:\/\/www.sonoraenequipo.com.mx\/api\/wp\/v2\/tags?post=211963"}],"curies":[{"name":"wp","href":"https:\/\/api.w.org\/{rel}","templated":true}]}}