{"id":211985,"date":"2025-03-20T12:10:27","date_gmt":"2025-03-20T19:10:27","guid":{"rendered":"https:\/\/www.sonoraenequipo.com.mx\/?p=211985"},"modified":"2025-03-20T17:54:08","modified_gmt":"2025-03-21T00:54:08","slug":"argentina-jubilados-marcharan-de-nuevo-contra-el-ajuste-de-milei-en-buenos-aires","status":"publish","type":"post","link":"https:\/\/www.sonoraenequipo.com.mx\/argentina-jubilados-marcharan-de-nuevo-contra-el-ajuste-de-milei-en-buenos-aires\/","title":{"rendered":"ARGENTINA. Jubilados marchar\u00e1n de nuevo contra el ajuste de Milei en Buenos Aires"},"content":{"rendered":"<p><strong>BUENOS AIRES, ARGENTINA. \u2014<\/strong> Jubilados argentinos, acompa\u00f1ados por hinchas de f\u00fatbol, sindicatos y activistas, volver\u00e1n a manifestarse este mi\u00e9rcoles en rechazo a las pol\u00edticas de ajuste del presidente Javier Milei. La protesta se da en medio del debate en la C\u00e1mara de Diputados sobre un decreto clave del mandatario, que busca respaldo para un nuevo acuerdo de deuda con el Fondo Monetario Internacional (FMI).<\/p>\n<p>&nbsp;<\/p>\n<p>&nbsp;<\/p>\n<p> <\/p>\n<p>Desde la ma\u00f1ana, decenas de camiones de fuerzas de seguridad, carros hidrantes y vallas met\u00e1licas resguardan el Congreso para evitar que los manifestantes se acerquen al recinto legislativo. La protesta estaba convocada para las 17:00 horas locales.<\/p>\n<p>&nbsp;<\/p>\n<p>&nbsp;<\/p>\n<p>La ministra de Seguridad, Patricia Bullrich, calific\u00f3 la manifestaci\u00f3n como un intento de <em><strong>\u00abdesestabilizaci\u00f3n\u00bb.<\/strong><\/em> M\u00e1s de 2 mil efectivos fueron desplegados en un operativo que cort\u00f3 el tr\u00e1nsito en torno al Parlamento y restringi\u00f3 el paso de transe\u00fantes. En estaciones de tren, pantallas gubernamentales advert\u00edan: <strong><em>\u00abProtesta no es violencia, la polic\u00eda va a reprimir todo atentado contra la Rep\u00fablica\u00bb.<\/em><\/strong><\/p>\n<p>&nbsp;<\/p>\n<p>&nbsp;<\/p>\n<p>&nbsp;<\/p>\n<p>El gobierno intenta evitar una repetici\u00f3n de los incidentes violentos del 12 de marzo, cuando enfrentamientos entre manifestantes y la polic\u00eda dejaron 45 heridos, incluido un fot\u00f3grafo con lesiones graves, y m\u00e1s de 100 detenidos. En respuesta, diputados opositores exigieron la renuncia de Bullrich, responsabiliz\u00e1ndola por el disparo de gas lacrim\u00f3geno que fractur\u00f3 el cr\u00e1neo del fotorreportero Pablo Grillo. La ministra rechaz\u00f3 abrir una investigaci\u00f3n y en su lugar ofreci\u00f3 una recompensa de m\u00e1s de 9 mil d\u00f3lares por informaci\u00f3n sobre los presuntos \u00abviolentos\u00bb de la semana pasada.<\/p>\n<p>&nbsp;<\/p>\n<p>&nbsp;<\/p>\n<p>&nbsp;<\/p>\n<p>Milei ha implementado un ajuste econ\u00f3mico severo con el objetivo de combatir la inflaci\u00f3n y sanear las cuentas p\u00fablicas. Si bien la inflaci\u00f3n anual descendi\u00f3 del 211% en 2023 al 118% en 2024, la econom\u00eda se contrajo un 1.8% y el consumo sigue en ca\u00edda.<\/p>\n<p>&nbsp;<\/p>\n<p>&nbsp;<\/p>\n<p>&nbsp;<\/p>\n<p>Los jubilados, uno de los sectores m\u00e1s afectados, denuncian la reducci\u00f3n de los beneficios sociales. Casi el 60% de ellos recibe el salario m\u00ednimo, equivalente a unos 265 d\u00f3lares, mientras que el gobierno congel\u00f3 un bono adicional de 70 d\u00f3lares y limit\u00f3 la entrega de medicamentos gratuitos, cuyo precio se duplic\u00f3 en un a\u00f1o.<\/p>\n<p>&nbsp;<\/p>\n<p>&nbsp;<\/p>\n<p>La convocatoria a las hinchadas de f\u00fatbol surgi\u00f3 tras la represi\u00f3n a un jubilado que vest\u00eda la casaca del club Chacarita en una marcha previa. Adem\u00e1s, el caso de una anciana de 81 a\u00f1os rociada con gas pimienta y empujada hasta desmayarse gener\u00f3 indignaci\u00f3n.<\/p>\n<p>&nbsp;<\/p>\n<p>&nbsp;<\/p>\n<p>&nbsp;<\/p>\n<p>La Confederaci\u00f3n General del Trabajo (CGT), principal central obrera del pa\u00eds, anunci\u00f3 un paro general de 24 horas para abril, en se\u00f1al de protesta por las pol\u00edticas de Milei. Mientras tanto, la justicia argentina vigilar\u00e1 el operativo de seguridad de la jornada de protesta de este mi\u00e9rcoles.<\/p>\n<p>&nbsp;<\/p>\n<p>&nbsp;<\/p>\n<p>&nbsp;<\/p>\n<p>En un contexto de nerviosismo en los mercados y creciente intervenci\u00f3n del Banco Central, el gobierno busca un nuevo pr\u00e9stamo del FMI para fortalecer sus reservas. Mientras tanto, Milei cancel\u00f3 una visita de cuatro d\u00edas a Israel programada para el s\u00e1bado, sin explicar los motivos.<\/p>\n<p>&nbsp;<\/p>\n<p>&nbsp;<\/p>\n<p>&nbsp;<\/p>\n<p>PUBLICADO EL 20 DE MARZO 2025 CON INFORMACI\u00d3N DE AP)<\/p>\n","protected":false},"excerpt":{"rendered":"<p>BUENOS AIRES, ARGENTINA. \u2014 Jubilados argentinos, acompa\u00f1ados por hinchas de f\u00fatbol, sindicatos y activistas, volver\u00e1n&#8230;<\/p>\n","protected":false},"author":1,"featured_media":211939,"comment_status":"open","ping_status":"open","sticky":false,"template":"","format":"standard","meta":{"_monsterinsights_skip_tracking":false,"_monsterinsights_sitenote_active":false,"_monsterinsights_sitenote_note":"","_monsterinsights_sitenote_category":0,"footnotes":""},"categories":[3],"tags":[],"class_list":["post"],"yoast_head":" \n<title>Sonora en Equipo. ARGENTINA. Jubilados marchar\u00e1n de nuevo contra el ajuste de Milei en Buenos Aires MUNDO<\/title>\n<meta name=\"description\" content=\"BUENOS AIRES, ARGENTINA. \u2014 Jubilados argentinos, acompa\u00f1ados por hinchas de f\u00fatbol, sindicatos y activistas, volver\u00e1n a manifestarse este mi\u00e9rcoles en En Sonora en Equipo publicamos toda la informaci\u00f3n de Sonora, M\u00e9xico y el Mundo de manera oportuna y busca que la libertad de expresi\u00f3n sea real. Visita nuestro medio informativo publicado desde Hermosillo, Sonora. %\" \/>\n<meta name=\"robots\" content=\"index, follow, max-snippet:-1, max-image-preview:large, max-video-preview:-1\" \/>\n<link rel=\"canonical\" href=\"https:\/\/www.sonoraenequipo.com.mx\/argentina-jubilados-marcharan-de-nuevo-contra-el-ajuste-de-milei-en-buenos-aires\/\" \/>\n<meta property=\"og:locale\" content=\"es_ES\" \/>\n<meta property=\"og:type\" content=\"article\" \/>\n<meta property=\"og:title\" content=\"Sonora en Equipo. ARGENTINA. Jubilados marchar\u00e1n de nuevo contra el ajuste de Milei en Buenos Aires MUNDO\" \/>\n<meta property=\"og:description\" content=\"BUENOS AIRES, ARGENTINA. \u2014 Jubilados argentinos, acompa\u00f1ados por hinchas de f\u00fatbol, sindicatos y activistas, volver\u00e1n a manifestarse este mi\u00e9rcoles en En Sonora en Equipo publicamos toda la informaci\u00f3n de Sonora, M\u00e9xico y el Mundo de manera oportuna y busca que la libertad de expresi\u00f3n sea real. Visita nuestro medio informativo publicado desde Hermosillo, Sonora. %\" \/>\n<meta property=\"og:url\" content=\"https:\/\/www.sonoraenequipo.com.mx\/argentina-jubilados-marcharan-de-nuevo-contra-el-ajuste-de-milei-en-buenos-aires\/\" \/>\n<meta property=\"og:site_name\" content=\"Sonora en Equipo.\" \/>\n<meta property=\"article:publisher\" content=\"https:\/\/www.facebook.com\/SonoraEE\/\" \/>\n<meta property=\"article:author\" content=\"https:\/\/www.facebook.com\/SonoraEE\" \/>\n<meta property=\"article:published_time\" content=\"2025-03-20T19:10:27+00:00\" \/>\n<meta property=\"article:modified_time\" content=\"2025-03-21T00:54:08+00:00\" \/>\n<meta property=\"og:image\" content=\"https:\/\/www.sonoraenequipo.com.mx\/storage\/2025\/03\/milei-El-Loco-Argentino-min.jpg\" \/>\n\t<meta property=\"og:image:width\" content=\"1000\" \/>\n\t<meta property=\"og:image:height\" content=\"666\" \/>\n\t<meta property=\"og:image:type\" content=\"image\/jpeg\" \/>\n<meta name=\"author\" content=\"enequipo\" \/>\n<meta name=\"twitter:card\" content=\"summary_large_image\" \/>\n<meta name=\"twitter:creator\" content=\"@sonoraenequipo\" \/>\n<meta name=\"twitter:site\" content=\"@sonoraenequipo\" \/>\n<meta name=\"twitter:label1\" content=\"Escrito por\" \/>\n\t<meta name=\"twitter:data1\" content=\"enequipo\" \/>\n\t<meta name=\"twitter:label2\" content=\"Tiempo de lectura\" \/>\n\t<meta name=\"twitter:data2\" content=\"3 minutos\" \/>\n<script type=\"application\/ld+json\" class=\"yoast-schema-graph\">{\"@context\":\"https:\/\/schema.org\",\"@graph\":[{\"@type\":\"Article\",\"@id\":\"https:\/\/www.sonoraenequipo.com.mx\/argentina-jubilados-marcharan-de-nuevo-contra-el-ajuste-de-milei-en-buenos-aires\/#article\",\"isPartOf\":{\"@id\":\"https:\/\/www.sonoraenequipo.com.mx\/argentina-jubilados-marcharan-de-nuevo-contra-el-ajuste-de-milei-en-buenos-aires\/\"},\"author\":{\"name\":\"enequipo\",\"@id\":\"https:\/\/www.sonoraenequipo.com.mx\/#\/schema\/person\/50102df0fb23a8fa9e8effad8fa81386\"},\"headline\":\"ARGENTINA. Jubilados marchar\u00e1n de nuevo contra el ajuste de Milei en Buenos Aires\",\"datePublished\":\"2025-03-20T19:10:27+00:00\",\"dateModified\":\"2025-03-21T00:54:08+00:00\",\"mainEntityOfPage\":{\"@id\":\"https:\/\/www.sonoraenequipo.com.mx\/argentina-jubilados-marcharan-de-nuevo-contra-el-ajuste-de-milei-en-buenos-aires\/\"},\"wordCount\":567,\"commentCount\":0,\"publisher\":{\"@id\":\"https:\/\/www.sonoraenequipo.com.mx\/#organization\"},\"image\":{\"@id\":\"https:\/\/www.sonoraenequipo.com.mx\/argentina-jubilados-marcharan-de-nuevo-contra-el-ajuste-de-milei-en-buenos-aires\/#primaryimage\"},\"thumbnailUrl\":\"https:\/\/www.sonoraenequipo.com.mx\/storage\/2025\/03\/milei-El-Loco-Argentino-min.jpg\",\"articleSection\":[\"MUNDO\"],\"inLanguage\":\"es\",\"potentialAction\":[{\"@type\":\"CommentAction\",\"name\":\"Comment\",\"target\":[\"https:\/\/www.sonoraenequipo.com.mx\/argentina-jubilados-marcharan-de-nuevo-contra-el-ajuste-de-milei-en-buenos-aires\/#respond\"]}]},{\"@type\":\"WebPage\",\"@id\":\"https:\/\/www.sonoraenequipo.com.mx\/argentina-jubilados-marcharan-de-nuevo-contra-el-ajuste-de-milei-en-buenos-aires\/\",\"url\":\"https:\/\/www.sonoraenequipo.com.mx\/argentina-jubilados-marcharan-de-nuevo-contra-el-ajuste-de-milei-en-buenos-aires\/\",\"name\":\"Sonora en Equipo. ARGENTINA. Jubilados marchar\u00e1n de nuevo contra el ajuste de Milei en Buenos Aires MUNDO\",\"isPartOf\":{\"@id\":\"https:\/\/www.sonoraenequipo.com.mx\/#website\"},\"primaryImageOfPage\":{\"@id\":\"https:\/\/www.sonoraenequipo.com.mx\/argentina-jubilados-marcharan-de-nuevo-contra-el-ajuste-de-milei-en-buenos-aires\/#primaryimage\"},\"image\":{\"@id\":\"https:\/\/www.sonoraenequipo.com.mx\/argentina-jubilados-marcharan-de-nuevo-contra-el-ajuste-de-milei-en-buenos-aires\/#primaryimage\"},\"thumbnailUrl\":\"https:\/\/www.sonoraenequipo.com.mx\/storage\/2025\/03\/milei-El-Loco-Argentino-min.jpg\",\"datePublished\":\"2025-03-20T19:10:27+00:00\",\"dateModified\":\"2025-03-21T00:54:08+00:00\",\"description\":\"BUENOS AIRES, ARGENTINA. \u2014 Jubilados argentinos, acompa\u00f1ados por hinchas de f\u00fatbol, sindicatos y activistas, volver\u00e1n a manifestarse este mi\u00e9rcoles en En Sonora en Equipo publicamos toda la informaci\u00f3n de Sonora, M\u00e9xico y el Mundo de manera oportuna y busca que la libertad de expresi\u00f3n sea real. Visita nuestro medio informativo publicado desde Hermosillo, Sonora. %\",\"breadcrumb\":{\"@id\":\"https:\/\/www.sonoraenequipo.com.mx\/argentina-jubilados-marcharan-de-nuevo-contra-el-ajuste-de-milei-en-buenos-aires\/#breadcrumb\"},\"inLanguage\":\"es\",\"potentialAction\":[{\"@type\":\"ReadAction\",\"target\":[\"https:\/\/www.sonoraenequipo.com.mx\/argentina-jubilados-marcharan-de-nuevo-contra-el-ajuste-de-milei-en-buenos-aires\/\"]}]},{\"@type\":\"ImageObject\",\"inLanguage\":\"es\",\"@id\":\"https:\/\/www.sonoraenequipo.com.mx\/argentina-jubilados-marcharan-de-nuevo-contra-el-ajuste-de-milei-en-buenos-aires\/#primaryimage\",\"url\":\"https:\/\/www.sonoraenequipo.com.mx\/storage\/2025\/03\/milei-El-Loco-Argentino-min.jpg\",\"contentUrl\":\"https:\/\/www.sonoraenequipo.com.mx\/storage\/2025\/03\/milei-El-Loco-Argentino-min.jpg\",\"width\":1000,\"height\":666},{\"@type\":\"BreadcrumbList\",\"@id\":\"https:\/\/www.sonoraenequipo.com.mx\/argentina-jubilados-marcharan-de-nuevo-contra-el-ajuste-de-milei-en-buenos-aires\/#breadcrumb\",\"itemListElement\":[{\"@type\":\"ListItem\",\"position\":1,\"name\":\"Portada\",\"item\":\"https:\/\/www.sonoraenequipo.com.mx\/\"},{\"@type\":\"ListItem\",\"position\":2,\"name\":\"ARGENTINA. Jubilados marchar\u00e1n de nuevo contra el ajuste de Milei en Buenos Aires\"}]},{\"@type\":\"WebSite\",\"@id\":\"https:\/\/www.sonoraenequipo.com.mx\/#website\",\"url\":\"https:\/\/www.sonoraenequipo.com.mx\/\",\"name\":\"Sonora en Equipo.\",\"description\":\"Diario en l\u00ednea con Noticias desde Hermosillo, Sonora\",\"publisher\":{\"@id\":\"https:\/\/www.sonoraenequipo.com.mx\/#organization\"},\"potentialAction\":[{\"@type\":\"SearchAction\",\"target\":{\"@type\":\"EntryPoint\",\"urlTemplate\":\"https:\/\/www.sonoraenequipo.com.mx\/?s={search_term_string}\"},\"query-input\":{\"@type\":\"PropertyValueSpecification\",\"valueRequired\":true,\"valueName\":\"search_term_string\"}}],\"inLanguage\":\"es\"},{\"@type\":\"Organization\",\"@id\":\"https:\/\/www.sonoraenequipo.com.mx\/#organization\",\"name\":\"Sonoraenequipo.com.mx\",\"url\":\"https:\/\/www.sonoraenequipo.com.mx\/\",\"logo\":{\"@type\":\"ImageObject\",\"inLanguage\":\"es\",\"@id\":\"https:\/\/www.sonoraenequipo.com.mx\/#\/schema\/logo\/image\/\",\"url\":\"https:\/\/www.sonoraenequipo.com.mx\/storage\/2019\/01\/sonoraenequipo_opt.png\",\"contentUrl\":\"https:\/\/www.sonoraenequipo.com.mx\/storage\/2019\/01\/sonoraenequipo_opt.png\",\"width\":375,\"height\":125,\"caption\":\"Sonoraenequipo.com.mx\"},\"image\":{\"@id\":\"https:\/\/www.sonoraenequipo.com.mx\/#\/schema\/logo\/image\/\"},\"sameAs\":[\"https:\/\/www.facebook.com\/SonoraEE\/\",\"https:\/\/x.com\/sonoraenequipo\",\"https:\/\/www.youtube.com\/channel\/UC338nW-lPEYmJQs4ZABQ1SQ\"]},{\"@type\":\"Person\",\"@id\":\"https:\/\/www.sonoraenequipo.com.mx\/#\/schema\/person\/50102df0fb23a8fa9e8effad8fa81386\",\"name\":\"enequipo\",\"image\":{\"@type\":\"ImageObject\",\"inLanguage\":\"es\",\"@id\":\"https:\/\/www.sonoraenequipo.com.mx\/#\/schema\/person\/image\/\",\"url\":\"https:\/\/secure.gravatar.com\/avatar\/049821681b589dabc0bc20695993ccebb09f5b5d4d790cd9251b97faac7c652b?s=96&d=blank&r=g\",\"contentUrl\":\"https:\/\/secure.gravatar.com\/avatar\/049821681b589dabc0bc20695993ccebb09f5b5d4d790cd9251b97faac7c652b?s=96&d=blank&r=g\",\"caption\":\"enequipo\"},\"sameAs\":[\"https:\/\/www.facebook.com\/SonoraEE\"]}]}<\/script>\n ","yoast_head_json":{"title":"Sonora en Equipo. ARGENTINA. Jubilados marchar\u00e1n de nuevo contra el ajuste de Milei en Buenos Aires MUNDO","description":"BUENOS AIRES, ARGENTINA. \u2014 Jubilados argentinos, acompa\u00f1ados por hinchas de f\u00fatbol, sindicatos y activistas, volver\u00e1n a manifestarse este mi\u00e9rcoles en En Sonora en Equipo publicamos toda la informaci\u00f3n de Sonora, M\u00e9xico y el Mundo de manera oportuna y busca que la libertad de expresi\u00f3n sea real. Visita nuestro medio informativo publicado desde Hermosillo, Sonora. %","robots":{"index":"index","follow":"follow","max-snippet":"max-snippet:-1","max-image-preview":"max-image-preview:large","max-video-preview":"max-video-preview:-1"},"canonical":"https:\/\/www.sonoraenequipo.com.mx\/argentina-jubilados-marcharan-de-nuevo-contra-el-ajuste-de-milei-en-buenos-aires\/","og_locale":"es_ES","og_type":"article","og_title":"Sonora en Equipo. ARGENTINA. Jubilados marchar\u00e1n de nuevo contra el ajuste de Milei en Buenos Aires MUNDO","og_description":"BUENOS AIRES, ARGENTINA. \u2014 Jubilados argentinos, acompa\u00f1ados por hinchas de f\u00fatbol, sindicatos y activistas, volver\u00e1n a manifestarse este mi\u00e9rcoles en En Sonora en Equipo publicamos toda la informaci\u00f3n de Sonora, M\u00e9xico y el Mundo de manera oportuna y busca que la libertad de expresi\u00f3n sea real. Visita nuestro medio informativo publicado desde Hermosillo, Sonora. %","og_url":"https:\/\/www.sonoraenequipo.com.mx\/argentina-jubilados-marcharan-de-nuevo-contra-el-ajuste-de-milei-en-buenos-aires\/","og_site_name":"Sonora en Equipo.","article_publisher":"https:\/\/www.facebook.com\/SonoraEE\/","article_author":"https:\/\/www.facebook.com\/SonoraEE","article_published_time":"2025-03-20T19:10:27+00:00","article_modified_time":"2025-03-21T00:54:08+00:00","og_image":[{"width":1000,"height":666,"url":"https:\/\/www.sonoraenequipo.com.mx\/storage\/2025\/03\/milei-El-Loco-Argentino-min.jpg","type":"image\/jpeg"}],"author":"enequipo","twitter_card":"summary_large_image","twitter_creator":"@sonoraenequipo","twitter_site":"@sonoraenequipo","twitter_misc":{"Escrito por":"enequipo","Tiempo de lectura":"3 minutos"},"schema":{"@context":"https:\/\/schema.org","@graph":[{"@type":"Article","@id":"https:\/\/www.sonoraenequipo.com.mx\/argentina-jubilados-marcharan-de-nuevo-contra-el-ajuste-de-milei-en-buenos-aires\/#article","isPartOf":{"@id":"https:\/\/www.sonoraenequipo.com.mx\/argentina-jubilados-marcharan-de-nuevo-contra-el-ajuste-de-milei-en-buenos-aires\/"},"author":{"name":"enequipo","@id":"https:\/\/www.sonoraenequipo.com.mx\/#\/schema\/person\/50102df0fb23a8fa9e8effad8fa81386"},"headline":"ARGENTINA. Jubilados marchar\u00e1n de nuevo contra el ajuste de Milei en Buenos Aires","datePublished":"2025-03-20T19:10:27+00:00","dateModified":"2025-03-21T00:54:08+00:00","mainEntityOfPage":{"@id":"https:\/\/www.sonoraenequipo.com.mx\/argentina-jubilados-marcharan-de-nuevo-contra-el-ajuste-de-milei-en-buenos-aires\/"},"wordCount":567,"commentCount":0,"publisher":{"@id":"https:\/\/www.sonoraenequipo.com.mx\/#organization"},"image":{"@id":"https:\/\/www.sonoraenequipo.com.mx\/argentina-jubilados-marcharan-de-nuevo-contra-el-ajuste-de-milei-en-buenos-aires\/#primaryimage"},"thumbnailUrl":"https:\/\/www.sonoraenequipo.com.mx\/storage\/2025\/03\/milei-El-Loco-Argentino-min.jpg","articleSection":["MUNDO"],"inLanguage":"es","potentialAction":[{"@type":"CommentAction","name":"Comment","target":["https:\/\/www.sonoraenequipo.com.mx\/argentina-jubilados-marcharan-de-nuevo-contra-el-ajuste-de-milei-en-buenos-aires\/#respond"]}]},{"@type":"WebPage","@id":"https:\/\/www.sonoraenequipo.com.mx\/argentina-jubilados-marcharan-de-nuevo-contra-el-ajuste-de-milei-en-buenos-aires\/","url":"https:\/\/www.sonoraenequipo.com.mx\/argentina-jubilados-marcharan-de-nuevo-contra-el-ajuste-de-milei-en-buenos-aires\/","name":"Sonora en Equipo. ARGENTINA. Jubilados marchar\u00e1n de nuevo contra el ajuste de Milei en Buenos Aires MUNDO","isPartOf":{"@id":"https:\/\/www.sonoraenequipo.com.mx\/#website"},"primaryImageOfPage":{"@id":"https:\/\/www.sonoraenequipo.com.mx\/argentina-jubilados-marcharan-de-nuevo-contra-el-ajuste-de-milei-en-buenos-aires\/#primaryimage"},"image":{"@id":"https:\/\/www.sonoraenequipo.com.mx\/argentina-jubilados-marcharan-de-nuevo-contra-el-ajuste-de-milei-en-buenos-aires\/#primaryimage"},"thumbnailUrl":"https:\/\/www.sonoraenequipo.com.mx\/storage\/2025\/03\/milei-El-Loco-Argentino-min.jpg","datePublished":"2025-03-20T19:10:27+00:00","dateModified":"2025-03-21T00:54:08+00:00","description":"BUENOS AIRES, ARGENTINA. \u2014 Jubilados argentinos, acompa\u00f1ados por hinchas de f\u00fatbol, sindicatos y activistas, volver\u00e1n a manifestarse este mi\u00e9rcoles en En Sonora en Equipo publicamos toda la informaci\u00f3n de Sonora, M\u00e9xico y el Mundo de manera oportuna y busca que la libertad de expresi\u00f3n sea real. Visita nuestro medio informativo publicado desde Hermosillo, Sonora. %","breadcrumb":{"@id":"https:\/\/www.sonoraenequipo.com.mx\/argentina-jubilados-marcharan-de-nuevo-contra-el-ajuste-de-milei-en-buenos-aires\/#breadcrumb"},"inLanguage":"es","potentialAction":[{"@type":"ReadAction","target":["https:\/\/www.sonoraenequipo.com.mx\/argentina-jubilados-marcharan-de-nuevo-contra-el-ajuste-de-milei-en-buenos-aires\/"]}]},{"@type":"ImageObject","inLanguage":"es","@id":"https:\/\/www.sonoraenequipo.com.mx\/argentina-jubilados-marcharan-de-nuevo-contra-el-ajuste-de-milei-en-buenos-aires\/#primaryimage","url":"https:\/\/www.sonoraenequipo.com.mx\/storage\/2025\/03\/milei-El-Loco-Argentino-min.jpg","contentUrl":"https:\/\/www.sonoraenequipo.com.mx\/storage\/2025\/03\/milei-El-Loco-Argentino-min.jpg","width":1000,"height":666},{"@type":"BreadcrumbList","@id":"https:\/\/www.sonoraenequipo.com.mx\/argentina-jubilados-marcharan-de-nuevo-contra-el-ajuste-de-milei-en-buenos-aires\/#breadcrumb","itemListElement":[{"@type":"ListItem","position":1,"name":"Portada","item":"https:\/\/www.sonoraenequipo.com.mx\/"},{"@type":"ListItem","position":2,"name":"ARGENTINA. Jubilados marchar\u00e1n de nuevo contra el ajuste de Milei en Buenos Aires"}]},{"@type":"WebSite","@id":"https:\/\/www.sonoraenequipo.com.mx\/#website","url":"https:\/\/www.sonoraenequipo.com.mx\/","name":"Sonora en Equipo.","description":"Diario en l\u00ednea con Noticias desde Hermosillo, Sonora","publisher":{"@id":"https:\/\/www.sonoraenequipo.com.mx\/#organization"},"potentialAction":[{"@type":"SearchAction","target":{"@type":"EntryPoint","urlTemplate":"https:\/\/www.sonoraenequipo.com.mx\/?s={search_term_string}"},"query-input":{"@type":"PropertyValueSpecification","valueRequired":true,"valueName":"search_term_string"}}],"inLanguage":"es"},{"@type":"Organization","@id":"https:\/\/www.sonoraenequipo.com.mx\/#organization","name":"Sonoraenequipo.com.mx","url":"https:\/\/www.sonoraenequipo.com.mx\/","logo":{"@type":"ImageObject","inLanguage":"es","@id":"https:\/\/www.sonoraenequipo.com.mx\/#\/schema\/logo\/image\/","url":"https:\/\/www.sonoraenequipo.com.mx\/storage\/2019\/01\/sonoraenequipo_opt.png","contentUrl":"https:\/\/www.sonoraenequipo.com.mx\/storage\/2019\/01\/sonoraenequipo_opt.png","width":375,"height":125,"caption":"Sonoraenequipo.com.mx"},"image":{"@id":"https:\/\/www.sonoraenequipo.com.mx\/#\/schema\/logo\/image\/"},"sameAs":["https:\/\/www.facebook.com\/SonoraEE\/","https:\/\/x.com\/sonoraenequipo","https:\/\/www.youtube.com\/channel\/UC338nW-lPEYmJQs4ZABQ1SQ"]},{"@type":"Person","@id":"https:\/\/www.sonoraenequipo.com.mx\/#\/schema\/person\/50102df0fb23a8fa9e8effad8fa81386","name":"enequipo","image":{"@type":"ImageObject","inLanguage":"es","@id":"https:\/\/www.sonoraenequipo.com.mx\/#\/schema\/person\/image\/","url":"https:\/\/secure.gravatar.com\/avatar\/049821681b589dabc0bc20695993ccebb09f5b5d4d790cd9251b97faac7c652b?s=96&d=blank&r=g","contentUrl":"https:\/\/secure.gravatar.com\/avatar\/049821681b589dabc0bc20695993ccebb09f5b5d4d790cd9251b97faac7c652b?s=96&d=blank&r=g","caption":"enequipo"},"sameAs":["https:\/\/www.facebook.com\/SonoraEE"]}]}},"jetpack_featured_media_url":"https:\/\/www.sonoraenequipo.com.mx\/storage\/2025\/03\/milei-El-Loco-Argentino-min.jpg","_links":{"self":[{"href":"https:\/\/www.sonoraenequipo.com.mx\/api\/wp\/v2\/posts\/211985","targetHints":{"allow":["GET"]}}],"collection":[{"href":"https:\/\/www.sonoraenequipo.com.mx\/api\/wp\/v2\/posts"}],"about":[{"href":"https:\/\/www.sonoraenequipo.com.mx\/api\/wp\/v2\/types\/post"}],"author":[{"embeddable":true,"href":"https:\/\/www.sonoraenequipo.com.mx\/api\/wp\/v2\/users\/1"}],"replies":[{"embeddable":true,"href":"https:\/\/www.sonoraenequipo.com.mx\/api\/wp\/v2\/comments?post=211985"}],"version-history":[{"count":1,"href":"https:\/\/www.sonoraenequipo.com.mx\/api\/wp\/v2\/posts\/211985\/revisions"}],"predecessor-version":[{"id":211986,"href":"https:\/\/www.sonoraenequipo.com.mx\/api\/wp\/v2\/posts\/211985\/revisions\/211986"}],"wp:featuredmedia":[{"embeddable":true,"href":"https:\/\/www.sonoraenequipo.com.mx\/api\/wp\/v2\/media\/211939"}],"wp:attachment":[{"href":"https:\/\/www.sonoraenequipo.com.mx\/api\/wp\/v2\/media?parent=211985"}],"wp:term":[{"taxonomy":"category","embeddable":true,"href":"https:\/\/www.sonoraenequipo.com.mx\/api\/wp\/v2\/categories?post=211985"},{"taxonomy":"post_tag","embeddable":true,"href":"https:\/\/www.sonoraenequipo.com.mx\/api\/wp\/v2\/tags?post=211985"}],"curies":[{"name":"wp","href":"https:\/\/api.w.org\/{rel}","templated":true}]}}