{"id":212485,"date":"2025-03-28T15:14:15","date_gmt":"2025-03-28T22:14:15","guid":{"rendered":"https:\/\/www.sonoraenequipo.com.mx\/?p=212485"},"modified":"2025-03-28T15:14:57","modified_gmt":"2025-03-28T22:14:57","slug":"fiscalia-de-sonora-invita-a-egresados-universitarios-y-tecnicos-superiores-a-formar-parte-de-la-amic","status":"publish","type":"post","link":"https:\/\/www.sonoraenequipo.com.mx\/fiscalia-de-sonora-invita-a-egresados-universitarios-y-tecnicos-superiores-a-formar-parte-de-la-amic\/","title":{"rendered":"Fiscal\u00eda de Sonora invita a egresados universitarios y t\u00e9cnicos superiores a formar parte de la AMIC"},"content":{"rendered":"<p><strong>HERMOSILLO, SONORA, MX.<\/strong> \u2014 La Fiscal\u00eda General de Justicia del Estado de Sonora (FGJES) a trav\u00e9s del Instituto de Formaci\u00f3n Profesional, extiende una invitaci\u00f3n abierta a egresados de instituciones de educaci\u00f3n superior para participar en el proceso de reclutamiento, selecci\u00f3n y formaci\u00f3n como Aspirantes a Agentes Ministeriales de Investigaci\u00f3n Criminal (polic\u00edas investigadores).<\/p>\n<p>&nbsp;<\/p>\n<p>Esta convocatoria est\u00e1 dirigida a quienes cuenten con estudios universitarios o t\u00e9cnico superior universitario, sin importar el plan de estudios. Es una oportunidad \u00fanica para aquellos interesados en contribuir al fortalecimiento de la seguridad p\u00fablica y la procuraci\u00f3n de justicia en el estado de Sonora.<\/p>\n<p>&nbsp;<\/p>\n<p>Entre los requisitos est\u00e1 el ser ciudadano mexicano por nacimiento, tener entre 21 y 35 a\u00f1os cumplidos al momento de presentar la solicitud, contar con estudios de nivel licenciatura o t\u00e9cnico superior universitario (t\u00edtulo o carta pasante), aprobar el curso de formaci\u00f3n inicial de 1,000 horas impartido en modalidad presencial\/internamiento, estar dispuesto a cambiar de residencia y trabajar seg\u00fan las necesidades del servicio.<\/p>\n<p>&nbsp;<\/p>\n<p>Es importante destacar que no se requiere un \u00e1rea de estudio espec\u00edfica, lo que ampl\u00eda las posibilidades para profesionistas de diversas disciplinas; adem\u00e1s, hombres y mujeres interesados deben demostrar vocaci\u00f3n de servicio, honestidad, lealtad, disciplina y compromiso con los principios de legalidad, objetividad, eficiencia, profesionalismo, honradez y respeto a los derechos humanos.<\/p>\n<p>&nbsp;<\/p>\n<p>El registro para participar en este proceso cerrar\u00e1 el pr\u00f3ximo 30 de abril de 2025; deber\u00e1 realizarse en l\u00ednea a trav\u00e9s de la p\u00e1gina oficial de la FGJES: <a href=\"https:\/\/fiscalia.sonora.gob.mx\/inicio\">https:\/\/fiscalia.sonora.gob.mx\/inicio<\/a>.<\/p>\n<p>&nbsp;<\/p>\n<p>&nbsp;<\/p>\n<p>Los aspirantes deber\u00e1n adjuntar documentos legibles en formato PDF, incluyendo acta de nacimiento, comprobante de estudios, INE vigente, CURP y otros requisitos detallados en la convocatoria.<\/p>\n<p>&nbsp;<\/p>\n<p>Quienes completen satisfactoriamente el proceso podr\u00e1n formar parte de la Agencia Ministerial de Investigaci\u00f3n Criminal (AMIC) con un sueldo neto mensual de 23 mil 462 pesos. Este es un llamado a quienes deseen desarrollar una carrera profesional al servicio de la justicia y la seguridad p\u00fablica.<\/p>\n<p>&nbsp;<\/p>\n<p>Para m\u00e1s informaci\u00f3n, los interesados pueden comunicarse al Instituto de Formaci\u00f3n Profesional de la FGJES, ubicado en Avenida Rosales N\u00b0 9001, Col. Cerro de la Campana, Hermosillo, Sonora, o llamar al tel\u00e9fono 662 259 4800 , extensiones 14150 a 14155. Tambi\u00e9n pueden enviar un correo electr\u00f3nico a instituto@fiscalia.sonora.gob.mx . El horario de atenci\u00f3n es de lunes a viernes, de 8:00 a 15:00 horas.<\/p>\n<p><strong>Fecha de publicaci\u00f3n viernes 28 de marzo de 2025 \/<\/strong><\/p>\n","protected":false},"excerpt":{"rendered":"<p>HERMOSILLO, SONORA, MX. \u2014 La Fiscal\u00eda General de Justicia del Estado de Sonora (FGJES) a&#8230;<\/p>\n","protected":false},"author":1,"featured_media":178327,"comment_status":"open","ping_status":"open","sticky":false,"template":"","format":"standard","meta":{"_monsterinsights_skip_tracking":false,"_monsterinsights_sitenote_active":false,"_monsterinsights_sitenote_note":"","_monsterinsights_sitenote_category":0,"footnotes":""},"categories":[3144],"tags":[3140,4304],"class_list":["post"],"yoast_head":" \n<title>Sonora en Equipo. Fiscal\u00eda de Sonora invita a egresados universitarios y t\u00e9cnicos superiores a formar parte de la AMIC Polic\u00edaca<\/title>\n<meta name=\"description\" content=\"HERMOSILLO, SONORA, MX. \u2014 La Fiscal\u00eda General de Justicia del Estado de Sonora (FGJES) a trav\u00e9s del Instituto de Formaci\u00f3n Profesional, extiende una En Sonora en Equipo publicamos toda la informaci\u00f3n de Sonora, M\u00e9xico y el Mundo de manera oportuna y busca que la libertad de expresi\u00f3n sea real. Visita nuestro medio informativo publicado desde Hermosillo, Sonora. %\" \/>\n<meta name=\"robots\" content=\"index, follow, max-snippet:-1, max-image-preview:large, max-video-preview:-1\" \/>\n<link rel=\"canonical\" href=\"https:\/\/www.sonoraenequipo.com.mx\/fiscalia-de-sonora-invita-a-egresados-universitarios-y-tecnicos-superiores-a-formar-parte-de-la-amic\/\" \/>\n<meta property=\"og:locale\" content=\"es_ES\" \/>\n<meta property=\"og:type\" content=\"article\" \/>\n<meta property=\"og:title\" content=\"Sonora en Equipo. Fiscal\u00eda de Sonora invita a egresados universitarios y t\u00e9cnicos superiores a formar parte de la AMIC Polic\u00edaca\" \/>\n<meta property=\"og:description\" content=\"HERMOSILLO, SONORA, MX. \u2014 La Fiscal\u00eda General de Justicia del Estado de Sonora (FGJES) a trav\u00e9s del Instituto de Formaci\u00f3n Profesional, extiende una En Sonora en Equipo publicamos toda la informaci\u00f3n de Sonora, M\u00e9xico y el Mundo de manera oportuna y busca que la libertad de expresi\u00f3n sea real. Visita nuestro medio informativo publicado desde Hermosillo, Sonora. %\" \/>\n<meta property=\"og:url\" content=\"https:\/\/www.sonoraenequipo.com.mx\/fiscalia-de-sonora-invita-a-egresados-universitarios-y-tecnicos-superiores-a-formar-parte-de-la-amic\/\" \/>\n<meta property=\"og:site_name\" content=\"Sonora en Equipo.\" \/>\n<meta property=\"article:publisher\" content=\"https:\/\/www.facebook.com\/SonoraEE\/\" \/>\n<meta property=\"article:author\" content=\"https:\/\/www.facebook.com\/SonoraEE\" \/>\n<meta property=\"article:published_time\" content=\"2025-03-28T22:14:15+00:00\" \/>\n<meta property=\"article:modified_time\" content=\"2025-03-28T22:14:57+00:00\" \/>\n<meta property=\"og:image\" content=\"https:\/\/www.sonoraenequipo.com.mx\/storage\/2023\/11\/logo-fgjes.jpg\" \/>\n\t<meta property=\"og:image:width\" content=\"900\" \/>\n\t<meta property=\"og:image:height\" content=\"600\" \/>\n\t<meta property=\"og:image:type\" content=\"image\/jpeg\" \/>\n<meta name=\"author\" content=\"enequipo\" \/>\n<meta name=\"twitter:card\" content=\"summary_large_image\" \/>\n<meta name=\"twitter:creator\" content=\"@sonoraenequipo\" \/>\n<meta name=\"twitter:site\" content=\"@sonoraenequipo\" \/>\n<meta name=\"twitter:label1\" content=\"Escrito por\" \/>\n\t<meta name=\"twitter:data1\" content=\"enequipo\" \/>\n\t<meta name=\"twitter:label2\" content=\"Tiempo de lectura\" \/>\n\t<meta name=\"twitter:data2\" content=\"2 minutos\" \/>\n<script type=\"application\/ld+json\" class=\"yoast-schema-graph\">{\"@context\":\"https:\/\/schema.org\",\"@graph\":[{\"@type\":\"Article\",\"@id\":\"https:\/\/www.sonoraenequipo.com.mx\/fiscalia-de-sonora-invita-a-egresados-universitarios-y-tecnicos-superiores-a-formar-parte-de-la-amic\/#article\",\"isPartOf\":{\"@id\":\"https:\/\/www.sonoraenequipo.com.mx\/fiscalia-de-sonora-invita-a-egresados-universitarios-y-tecnicos-superiores-a-formar-parte-de-la-amic\/\"},\"author\":{\"name\":\"enequipo\",\"@id\":\"https:\/\/www.sonoraenequipo.com.mx\/#\/schema\/person\/50102df0fb23a8fa9e8effad8fa81386\"},\"headline\":\"Fiscal\u00eda de Sonora invita a egresados universitarios y t\u00e9cnicos superiores a formar parte de la AMIC\",\"datePublished\":\"2025-03-28T22:14:15+00:00\",\"dateModified\":\"2025-03-28T22:14:57+00:00\",\"mainEntityOfPage\":{\"@id\":\"https:\/\/www.sonoraenequipo.com.mx\/fiscalia-de-sonora-invita-a-egresados-universitarios-y-tecnicos-superiores-a-formar-parte-de-la-amic\/\"},\"wordCount\":438,\"commentCount\":0,\"publisher\":{\"@id\":\"https:\/\/www.sonoraenequipo.com.mx\/#organization\"},\"image\":{\"@id\":\"https:\/\/www.sonoraenequipo.com.mx\/fiscalia-de-sonora-invita-a-egresados-universitarios-y-tecnicos-superiores-a-formar-parte-de-la-amic\/#primaryimage\"},\"thumbnailUrl\":\"https:\/\/www.sonoraenequipo.com.mx\/storage\/2023\/11\/logo-fgjes.jpg\",\"keywords\":[\"amic\",\"FGJE Sonora\"],\"articleSection\":[\"Polic\u00edaca\"],\"inLanguage\":\"es\",\"potentialAction\":[{\"@type\":\"CommentAction\",\"name\":\"Comment\",\"target\":[\"https:\/\/www.sonoraenequipo.com.mx\/fiscalia-de-sonora-invita-a-egresados-universitarios-y-tecnicos-superiores-a-formar-parte-de-la-amic\/#respond\"]}]},{\"@type\":\"WebPage\",\"@id\":\"https:\/\/www.sonoraenequipo.com.mx\/fiscalia-de-sonora-invita-a-egresados-universitarios-y-tecnicos-superiores-a-formar-parte-de-la-amic\/\",\"url\":\"https:\/\/www.sonoraenequipo.com.mx\/fiscalia-de-sonora-invita-a-egresados-universitarios-y-tecnicos-superiores-a-formar-parte-de-la-amic\/\",\"name\":\"Sonora en Equipo. Fiscal\u00eda de Sonora invita a egresados universitarios y t\u00e9cnicos superiores a formar parte de la AMIC Polic\u00edaca\",\"isPartOf\":{\"@id\":\"https:\/\/www.sonoraenequipo.com.mx\/#website\"},\"primaryImageOfPage\":{\"@id\":\"https:\/\/www.sonoraenequipo.com.mx\/fiscalia-de-sonora-invita-a-egresados-universitarios-y-tecnicos-superiores-a-formar-parte-de-la-amic\/#primaryimage\"},\"image\":{\"@id\":\"https:\/\/www.sonoraenequipo.com.mx\/fiscalia-de-sonora-invita-a-egresados-universitarios-y-tecnicos-superiores-a-formar-parte-de-la-amic\/#primaryimage\"},\"thumbnailUrl\":\"https:\/\/www.sonoraenequipo.com.mx\/storage\/2023\/11\/logo-fgjes.jpg\",\"datePublished\":\"2025-03-28T22:14:15+00:00\",\"dateModified\":\"2025-03-28T22:14:57+00:00\",\"description\":\"HERMOSILLO, SONORA, MX. \u2014 La Fiscal\u00eda General de Justicia del Estado de Sonora (FGJES) a trav\u00e9s del Instituto de Formaci\u00f3n Profesional, extiende una En Sonora en Equipo publicamos toda la informaci\u00f3n de Sonora, M\u00e9xico y el Mundo de manera oportuna y busca que la libertad de expresi\u00f3n sea real. Visita nuestro medio informativo publicado desde Hermosillo, Sonora. %\",\"breadcrumb\":{\"@id\":\"https:\/\/www.sonoraenequipo.com.mx\/fiscalia-de-sonora-invita-a-egresados-universitarios-y-tecnicos-superiores-a-formar-parte-de-la-amic\/#breadcrumb\"},\"inLanguage\":\"es\",\"potentialAction\":[{\"@type\":\"ReadAction\",\"target\":[\"https:\/\/www.sonoraenequipo.com.mx\/fiscalia-de-sonora-invita-a-egresados-universitarios-y-tecnicos-superiores-a-formar-parte-de-la-amic\/\"]}]},{\"@type\":\"ImageObject\",\"inLanguage\":\"es\",\"@id\":\"https:\/\/www.sonoraenequipo.com.mx\/fiscalia-de-sonora-invita-a-egresados-universitarios-y-tecnicos-superiores-a-formar-parte-de-la-amic\/#primaryimage\",\"url\":\"https:\/\/www.sonoraenequipo.com.mx\/storage\/2023\/11\/logo-fgjes.jpg\",\"contentUrl\":\"https:\/\/www.sonoraenequipo.com.mx\/storage\/2023\/11\/logo-fgjes.jpg\",\"width\":900,\"height\":600},{\"@type\":\"BreadcrumbList\",\"@id\":\"https:\/\/www.sonoraenequipo.com.mx\/fiscalia-de-sonora-invita-a-egresados-universitarios-y-tecnicos-superiores-a-formar-parte-de-la-amic\/#breadcrumb\",\"itemListElement\":[{\"@type\":\"ListItem\",\"position\":1,\"name\":\"Portada\",\"item\":\"https:\/\/www.sonoraenequipo.com.mx\/\"},{\"@type\":\"ListItem\",\"position\":2,\"name\":\"Fiscal\u00eda de Sonora invita a egresados universitarios y t\u00e9cnicos superiores a formar parte de la AMIC\"}]},{\"@type\":\"WebSite\",\"@id\":\"https:\/\/www.sonoraenequipo.com.mx\/#website\",\"url\":\"https:\/\/www.sonoraenequipo.com.mx\/\",\"name\":\"Sonora en Equipo.\",\"description\":\"Diario en l\u00ednea con Noticias desde Hermosillo, Sonora\",\"publisher\":{\"@id\":\"https:\/\/www.sonoraenequipo.com.mx\/#organization\"},\"potentialAction\":[{\"@type\":\"SearchAction\",\"target\":{\"@type\":\"EntryPoint\",\"urlTemplate\":\"https:\/\/www.sonoraenequipo.com.mx\/?s={search_term_string}\"},\"query-input\":{\"@type\":\"PropertyValueSpecification\",\"valueRequired\":true,\"valueName\":\"search_term_string\"}}],\"inLanguage\":\"es\"},{\"@type\":\"Organization\",\"@id\":\"https:\/\/www.sonoraenequipo.com.mx\/#organization\",\"name\":\"Sonoraenequipo.com.mx\",\"url\":\"https:\/\/www.sonoraenequipo.com.mx\/\",\"logo\":{\"@type\":\"ImageObject\",\"inLanguage\":\"es\",\"@id\":\"https:\/\/www.sonoraenequipo.com.mx\/#\/schema\/logo\/image\/\",\"url\":\"https:\/\/www.sonoraenequipo.com.mx\/storage\/2019\/01\/sonoraenequipo_opt.png\",\"contentUrl\":\"https:\/\/www.sonoraenequipo.com.mx\/storage\/2019\/01\/sonoraenequipo_opt.png\",\"width\":375,\"height\":125,\"caption\":\"Sonoraenequipo.com.mx\"},\"image\":{\"@id\":\"https:\/\/www.sonoraenequipo.com.mx\/#\/schema\/logo\/image\/\"},\"sameAs\":[\"https:\/\/www.facebook.com\/SonoraEE\/\",\"https:\/\/x.com\/sonoraenequipo\",\"https:\/\/www.youtube.com\/channel\/UC338nW-lPEYmJQs4ZABQ1SQ\"]},{\"@type\":\"Person\",\"@id\":\"https:\/\/www.sonoraenequipo.com.mx\/#\/schema\/person\/50102df0fb23a8fa9e8effad8fa81386\",\"name\":\"enequipo\",\"image\":{\"@type\":\"ImageObject\",\"inLanguage\":\"es\",\"@id\":\"https:\/\/www.sonoraenequipo.com.mx\/#\/schema\/person\/image\/\",\"url\":\"https:\/\/secure.gravatar.com\/avatar\/049821681b589dabc0bc20695993ccebb09f5b5d4d790cd9251b97faac7c652b?s=96&d=blank&r=g\",\"contentUrl\":\"https:\/\/secure.gravatar.com\/avatar\/049821681b589dabc0bc20695993ccebb09f5b5d4d790cd9251b97faac7c652b?s=96&d=blank&r=g\",\"caption\":\"enequipo\"},\"sameAs\":[\"https:\/\/www.facebook.com\/SonoraEE\"]}]}<\/script>\n ","yoast_head_json":{"title":"Sonora en Equipo. Fiscal\u00eda de Sonora invita a egresados universitarios y t\u00e9cnicos superiores a formar parte de la AMIC Polic\u00edaca","description":"HERMOSILLO, SONORA, MX. \u2014 La Fiscal\u00eda General de Justicia del Estado de Sonora (FGJES) a trav\u00e9s del Instituto de Formaci\u00f3n Profesional, extiende una En Sonora en Equipo publicamos toda la informaci\u00f3n de Sonora, M\u00e9xico y el Mundo de manera oportuna y busca que la libertad de expresi\u00f3n sea real. Visita nuestro medio informativo publicado desde Hermosillo, Sonora. %","robots":{"index":"index","follow":"follow","max-snippet":"max-snippet:-1","max-image-preview":"max-image-preview:large","max-video-preview":"max-video-preview:-1"},"canonical":"https:\/\/www.sonoraenequipo.com.mx\/fiscalia-de-sonora-invita-a-egresados-universitarios-y-tecnicos-superiores-a-formar-parte-de-la-amic\/","og_locale":"es_ES","og_type":"article","og_title":"Sonora en Equipo. Fiscal\u00eda de Sonora invita a egresados universitarios y t\u00e9cnicos superiores a formar parte de la AMIC Polic\u00edaca","og_description":"HERMOSILLO, SONORA, MX. \u2014 La Fiscal\u00eda General de Justicia del Estado de Sonora (FGJES) a trav\u00e9s del Instituto de Formaci\u00f3n Profesional, extiende una En Sonora en Equipo publicamos toda la informaci\u00f3n de Sonora, M\u00e9xico y el Mundo de manera oportuna y busca que la libertad de expresi\u00f3n sea real. Visita nuestro medio informativo publicado desde Hermosillo, Sonora. %","og_url":"https:\/\/www.sonoraenequipo.com.mx\/fiscalia-de-sonora-invita-a-egresados-universitarios-y-tecnicos-superiores-a-formar-parte-de-la-amic\/","og_site_name":"Sonora en Equipo.","article_publisher":"https:\/\/www.facebook.com\/SonoraEE\/","article_author":"https:\/\/www.facebook.com\/SonoraEE","article_published_time":"2025-03-28T22:14:15+00:00","article_modified_time":"2025-03-28T22:14:57+00:00","og_image":[{"width":900,"height":600,"url":"https:\/\/www.sonoraenequipo.com.mx\/storage\/2023\/11\/logo-fgjes.jpg","type":"image\/jpeg"}],"author":"enequipo","twitter_card":"summary_large_image","twitter_creator":"@sonoraenequipo","twitter_site":"@sonoraenequipo","twitter_misc":{"Escrito por":"enequipo","Tiempo de lectura":"2 minutos"},"schema":{"@context":"https:\/\/schema.org","@graph":[{"@type":"Article","@id":"https:\/\/www.sonoraenequipo.com.mx\/fiscalia-de-sonora-invita-a-egresados-universitarios-y-tecnicos-superiores-a-formar-parte-de-la-amic\/#article","isPartOf":{"@id":"https:\/\/www.sonoraenequipo.com.mx\/fiscalia-de-sonora-invita-a-egresados-universitarios-y-tecnicos-superiores-a-formar-parte-de-la-amic\/"},"author":{"name":"enequipo","@id":"https:\/\/www.sonoraenequipo.com.mx\/#\/schema\/person\/50102df0fb23a8fa9e8effad8fa81386"},"headline":"Fiscal\u00eda de Sonora invita a egresados universitarios y t\u00e9cnicos superiores a formar parte de la AMIC","datePublished":"2025-03-28T22:14:15+00:00","dateModified":"2025-03-28T22:14:57+00:00","mainEntityOfPage":{"@id":"https:\/\/www.sonoraenequipo.com.mx\/fiscalia-de-sonora-invita-a-egresados-universitarios-y-tecnicos-superiores-a-formar-parte-de-la-amic\/"},"wordCount":438,"commentCount":0,"publisher":{"@id":"https:\/\/www.sonoraenequipo.com.mx\/#organization"},"image":{"@id":"https:\/\/www.sonoraenequipo.com.mx\/fiscalia-de-sonora-invita-a-egresados-universitarios-y-tecnicos-superiores-a-formar-parte-de-la-amic\/#primaryimage"},"thumbnailUrl":"https:\/\/www.sonoraenequipo.com.mx\/storage\/2023\/11\/logo-fgjes.jpg","keywords":["amic","FGJE Sonora"],"articleSection":["Polic\u00edaca"],"inLanguage":"es","potentialAction":[{"@type":"CommentAction","name":"Comment","target":["https:\/\/www.sonoraenequipo.com.mx\/fiscalia-de-sonora-invita-a-egresados-universitarios-y-tecnicos-superiores-a-formar-parte-de-la-amic\/#respond"]}]},{"@type":"WebPage","@id":"https:\/\/www.sonoraenequipo.com.mx\/fiscalia-de-sonora-invita-a-egresados-universitarios-y-tecnicos-superiores-a-formar-parte-de-la-amic\/","url":"https:\/\/www.sonoraenequipo.com.mx\/fiscalia-de-sonora-invita-a-egresados-universitarios-y-tecnicos-superiores-a-formar-parte-de-la-amic\/","name":"Sonora en Equipo. Fiscal\u00eda de Sonora invita a egresados universitarios y t\u00e9cnicos superiores a formar parte de la AMIC Polic\u00edaca","isPartOf":{"@id":"https:\/\/www.sonoraenequipo.com.mx\/#website"},"primaryImageOfPage":{"@id":"https:\/\/www.sonoraenequipo.com.mx\/fiscalia-de-sonora-invita-a-egresados-universitarios-y-tecnicos-superiores-a-formar-parte-de-la-amic\/#primaryimage"},"image":{"@id":"https:\/\/www.sonoraenequipo.com.mx\/fiscalia-de-sonora-invita-a-egresados-universitarios-y-tecnicos-superiores-a-formar-parte-de-la-amic\/#primaryimage"},"thumbnailUrl":"https:\/\/www.sonoraenequipo.com.mx\/storage\/2023\/11\/logo-fgjes.jpg","datePublished":"2025-03-28T22:14:15+00:00","dateModified":"2025-03-28T22:14:57+00:00","description":"HERMOSILLO, SONORA, MX. \u2014 La Fiscal\u00eda General de Justicia del Estado de Sonora (FGJES) a trav\u00e9s del Instituto de Formaci\u00f3n Profesional, extiende una En Sonora en Equipo publicamos toda la informaci\u00f3n de Sonora, M\u00e9xico y el Mundo de manera oportuna y busca que la libertad de expresi\u00f3n sea real. Visita nuestro medio informativo publicado desde Hermosillo, Sonora. %","breadcrumb":{"@id":"https:\/\/www.sonoraenequipo.com.mx\/fiscalia-de-sonora-invita-a-egresados-universitarios-y-tecnicos-superiores-a-formar-parte-de-la-amic\/#breadcrumb"},"inLanguage":"es","potentialAction":[{"@type":"ReadAction","target":["https:\/\/www.sonoraenequipo.com.mx\/fiscalia-de-sonora-invita-a-egresados-universitarios-y-tecnicos-superiores-a-formar-parte-de-la-amic\/"]}]},{"@type":"ImageObject","inLanguage":"es","@id":"https:\/\/www.sonoraenequipo.com.mx\/fiscalia-de-sonora-invita-a-egresados-universitarios-y-tecnicos-superiores-a-formar-parte-de-la-amic\/#primaryimage","url":"https:\/\/www.sonoraenequipo.com.mx\/storage\/2023\/11\/logo-fgjes.jpg","contentUrl":"https:\/\/www.sonoraenequipo.com.mx\/storage\/2023\/11\/logo-fgjes.jpg","width":900,"height":600},{"@type":"BreadcrumbList","@id":"https:\/\/www.sonoraenequipo.com.mx\/fiscalia-de-sonora-invita-a-egresados-universitarios-y-tecnicos-superiores-a-formar-parte-de-la-amic\/#breadcrumb","itemListElement":[{"@type":"ListItem","position":1,"name":"Portada","item":"https:\/\/www.sonoraenequipo.com.mx\/"},{"@type":"ListItem","position":2,"name":"Fiscal\u00eda de Sonora invita a egresados universitarios y t\u00e9cnicos superiores a formar parte de la AMIC"}]},{"@type":"WebSite","@id":"https:\/\/www.sonoraenequipo.com.mx\/#website","url":"https:\/\/www.sonoraenequipo.com.mx\/","name":"Sonora en Equipo.","description":"Diario en l\u00ednea con Noticias desde Hermosillo, Sonora","publisher":{"@id":"https:\/\/www.sonoraenequipo.com.mx\/#organization"},"potentialAction":[{"@type":"SearchAction","target":{"@type":"EntryPoint","urlTemplate":"https:\/\/www.sonoraenequipo.com.mx\/?s={search_term_string}"},"query-input":{"@type":"PropertyValueSpecification","valueRequired":true,"valueName":"search_term_string"}}],"inLanguage":"es"},{"@type":"Organization","@id":"https:\/\/www.sonoraenequipo.com.mx\/#organization","name":"Sonoraenequipo.com.mx","url":"https:\/\/www.sonoraenequipo.com.mx\/","logo":{"@type":"ImageObject","inLanguage":"es","@id":"https:\/\/www.sonoraenequipo.com.mx\/#\/schema\/logo\/image\/","url":"https:\/\/www.sonoraenequipo.com.mx\/storage\/2019\/01\/sonoraenequipo_opt.png","contentUrl":"https:\/\/www.sonoraenequipo.com.mx\/storage\/2019\/01\/sonoraenequipo_opt.png","width":375,"height":125,"caption":"Sonoraenequipo.com.mx"},"image":{"@id":"https:\/\/www.sonoraenequipo.com.mx\/#\/schema\/logo\/image\/"},"sameAs":["https:\/\/www.facebook.com\/SonoraEE\/","https:\/\/x.com\/sonoraenequipo","https:\/\/www.youtube.com\/channel\/UC338nW-lPEYmJQs4ZABQ1SQ"]},{"@type":"Person","@id":"https:\/\/www.sonoraenequipo.com.mx\/#\/schema\/person\/50102df0fb23a8fa9e8effad8fa81386","name":"enequipo","image":{"@type":"ImageObject","inLanguage":"es","@id":"https:\/\/www.sonoraenequipo.com.mx\/#\/schema\/person\/image\/","url":"https:\/\/secure.gravatar.com\/avatar\/049821681b589dabc0bc20695993ccebb09f5b5d4d790cd9251b97faac7c652b?s=96&d=blank&r=g","contentUrl":"https:\/\/secure.gravatar.com\/avatar\/049821681b589dabc0bc20695993ccebb09f5b5d4d790cd9251b97faac7c652b?s=96&d=blank&r=g","caption":"enequipo"},"sameAs":["https:\/\/www.facebook.com\/SonoraEE"]}]}},"jetpack_featured_media_url":"https:\/\/www.sonoraenequipo.com.mx\/storage\/2023\/11\/logo-fgjes.jpg","_links":{"self":[{"href":"https:\/\/www.sonoraenequipo.com.mx\/api\/wp\/v2\/posts\/212485","targetHints":{"allow":["GET"]}}],"collection":[{"href":"https:\/\/www.sonoraenequipo.com.mx\/api\/wp\/v2\/posts"}],"about":[{"href":"https:\/\/www.sonoraenequipo.com.mx\/api\/wp\/v2\/types\/post"}],"author":[{"embeddable":true,"href":"https:\/\/www.sonoraenequipo.com.mx\/api\/wp\/v2\/users\/1"}],"replies":[{"embeddable":true,"href":"https:\/\/www.sonoraenequipo.com.mx\/api\/wp\/v2\/comments?post=212485"}],"version-history":[{"count":2,"href":"https:\/\/www.sonoraenequipo.com.mx\/api\/wp\/v2\/posts\/212485\/revisions"}],"predecessor-version":[{"id":212487,"href":"https:\/\/www.sonoraenequipo.com.mx\/api\/wp\/v2\/posts\/212485\/revisions\/212487"}],"wp:featuredmedia":[{"embeddable":true,"href":"https:\/\/www.sonoraenequipo.com.mx\/api\/wp\/v2\/media\/178327"}],"wp:attachment":[{"href":"https:\/\/www.sonoraenequipo.com.mx\/api\/wp\/v2\/media?parent=212485"}],"wp:term":[{"taxonomy":"category","embeddable":true,"href":"https:\/\/www.sonoraenequipo.com.mx\/api\/wp\/v2\/categories?post=212485"},{"taxonomy":"post_tag","embeddable":true,"href":"https:\/\/www.sonoraenequipo.com.mx\/api\/wp\/v2\/tags?post=212485"}],"curies":[{"name":"wp","href":"https:\/\/api.w.org\/{rel}","templated":true}]}}