{"id":212528,"date":"2025-03-28T14:54:32","date_gmt":"2025-03-28T21:54:32","guid":{"rendered":"https:\/\/www.sonoraenequipo.com.mx\/?p=212528"},"modified":"2025-03-29T19:01:23","modified_gmt":"2025-03-30T02:01:23","slug":"muere-el-empresario-olegario-vazquez-rana","status":"publish","type":"post","link":"https:\/\/www.sonoraenequipo.com.mx\/muere-el-empresario-olegario-vazquez-rana\/","title":{"rendered":"Muere el empresario Olegario V\u00e1zquez Ra\u00f1a"},"content":{"rendered":"<p><strong>CIUDAD DE M\u00c9XICO. MX. \u2014 <\/strong>o.- El empresario Olegario V\u00e1zquez Ra\u00f1a muri\u00f3 este 28 de marzo de 2025, de acuerdo con Pascal Beltr\u00e1n del R\u00edo, director editorial del peri\u00f3dico Exc\u00e9lsior, del cual era due\u00f1o el hoy fallecido, al igual que de Grupo Empresarial \u00c1ngeles, Hoteles Camino Real y miembro honorario del Comit\u00e9 Ol\u00edmpico Internacional (COI).<\/p>\n<p>&nbsp;<\/p>\n<p>&nbsp;<\/p>\n<p>&nbsp;<\/p>\n<p> <\/p>\n<p>\u00abCon mucho pesar les informo que esta madrugada falleci\u00f3 mi querido jefe don Olegario V\u00e1zquez Ra\u00f1a. Deja un enorme legado en campos como la empresa, la salud y el deporte. Personaje singular en la historia de M\u00e9xico, amigo entra\u00f1able, lo voy extra\u00f1ar. Un abrazo a toda su familia\u00bb, se\u00f1al\u00f3 Beltr\u00e1n del R\u00edo.<\/p>\n<p>&nbsp;<\/p>\n<p>&nbsp;<\/p>\n<p>&nbsp;<\/p>\n<p>Olegario V\u00e1zquez Ra\u00f1a naci\u00f3 el 10 de diciembre de 1935. Le sobreviven su esposa, Mar\u00eda de los \u00c1ngeles Aldir, y sus hijos, Mar\u00eda de los \u00c1ngeles, M\u00f3nica y Olegario V\u00e1zquez Aldir. El empresario era hermano de Mario V\u00e1zquez Ra\u00f1a, quien muri\u00f3 en el 2015, y fund\u00f3 la Organizaci\u00f3n Editorial Mexicana (OEM).<\/p>\n<p>&nbsp;<\/p>\n<p><strong>El tiro deportivo, la pasi\u00f3n de Olegario V\u00e1zquez Ra\u00f1a<\/strong><\/p>\n<p>&nbsp;<\/p>\n<p>&nbsp;<\/p>\n<p>El empresario Olegario V\u00e1zquez Ra\u00f1a recibi\u00f3 el Premio Nacional del Deporte en la categor\u00eda por actuaci\u00f3n y trayectoria destacada en el deporte mexicano en el 2018, una presea que le fue entregada por el entonces presidente, Enrique Pe\u00f1a Nieto, quien a\u00f1os atr\u00e1s tambi\u00e9n lo premi\u00f3 como empresario del a\u00f1o.<\/p>\n<p>&nbsp;<\/p>\n<p>&nbsp;<\/p>\n<p>&nbsp;<\/p>\n<p>Adem\u00e1s de su faceta como empresario, Olegario V\u00e1zquez Ra\u00f1a era un amante del deporte, pues practicaba tenis en su juventud, pero fue el tiro deportivo en donde mostr\u00f3 sus habilidades, pues incluso particip\u00f3 en cuatro ediciones de los Juegos Ol\u00edmpicos, durante Tokio 1964, M\u00e9xico 1968, M\u00fanich 1972 y Montreal 1976.<\/p>\n<p>&nbsp;<\/p>\n<p>&nbsp;<\/p>\n<p>&nbsp;<\/p>\n<p>&nbsp;<\/p>\n<p>PUBLICADO EL 28 DE MARZO 2025 Con informaci\u00f3n de medios y redes sociales)<\/p>\n","protected":false},"excerpt":{"rendered":"<p>CIUDAD DE M\u00c9XICO. MX. \u2014 o.- El empresario Olegario V\u00e1zquez Ra\u00f1a muri\u00f3 este 28 de&#8230;<\/p>\n","protected":false},"author":1,"featured_media":212529,"comment_status":"open","ping_status":"open","sticky":false,"template":"","format":"standard","meta":{"_monsterinsights_skip_tracking":false,"_monsterinsights_sitenote_active":false,"_monsterinsights_sitenote_note":"","_monsterinsights_sitenote_category":0,"footnotes":""},"categories":[5],"tags":[],"class_list":["post"],"yoast_head":" \n<title>Sonora en Equipo. Muere el empresario Olegario V\u00e1zquez Ra\u00f1a Rep\u00fablica<\/title>\n<meta name=\"description\" content=\"CIUDAD DE M\u00c9XICO. MX. \u2014 o.- El empresario Olegario V\u00e1zquez Ra\u00f1a muri\u00f3 este 28 de marzo de 2025, de acuerdo con Pascal Beltr\u00e1n del R\u00edo, director editorial En Sonora en Equipo publicamos toda la informaci\u00f3n de Sonora, M\u00e9xico y el Mundo de manera oportuna y busca que la libertad de expresi\u00f3n sea real. Visita nuestro medio informativo publicado desde Hermosillo, Sonora. %\" \/>\n<meta name=\"robots\" content=\"index, follow, max-snippet:-1, max-image-preview:large, max-video-preview:-1\" \/>\n<link rel=\"canonical\" href=\"https:\/\/www.sonoraenequipo.com.mx\/muere-el-empresario-olegario-vazquez-rana\/\" \/>\n<meta property=\"og:locale\" content=\"es_ES\" \/>\n<meta property=\"og:type\" content=\"article\" \/>\n<meta property=\"og:title\" content=\"Sonora en Equipo. Muere el empresario Olegario V\u00e1zquez Ra\u00f1a Rep\u00fablica\" \/>\n<meta property=\"og:description\" content=\"CIUDAD DE M\u00c9XICO. MX. \u2014 o.- El empresario Olegario V\u00e1zquez Ra\u00f1a muri\u00f3 este 28 de marzo de 2025, de acuerdo con Pascal Beltr\u00e1n del R\u00edo, director editorial En Sonora en Equipo publicamos toda la informaci\u00f3n de Sonora, M\u00e9xico y el Mundo de manera oportuna y busca que la libertad de expresi\u00f3n sea real. Visita nuestro medio informativo publicado desde Hermosillo, Sonora. %\" \/>\n<meta property=\"og:url\" content=\"https:\/\/www.sonoraenequipo.com.mx\/muere-el-empresario-olegario-vazquez-rana\/\" \/>\n<meta property=\"og:site_name\" content=\"Sonora en Equipo.\" \/>\n<meta property=\"article:publisher\" content=\"https:\/\/www.facebook.com\/SonoraEE\/\" \/>\n<meta property=\"article:author\" content=\"https:\/\/www.facebook.com\/SonoraEE\" \/>\n<meta property=\"article:published_time\" content=\"2025-03-28T21:54:32+00:00\" \/>\n<meta property=\"article:modified_time\" content=\"2025-03-30T02:01:23+00:00\" \/>\n<meta property=\"og:image\" content=\"https:\/\/www.sonoraenequipo.com.mx\/storage\/2025\/03\/Olegario-Vazquez-Rana-min.jpg\" \/>\n\t<meta property=\"og:image:width\" content=\"1000\" \/>\n\t<meta property=\"og:image:height\" content=\"549\" \/>\n\t<meta property=\"og:image:type\" content=\"image\/jpeg\" \/>\n<meta name=\"author\" content=\"enequipo\" \/>\n<meta name=\"twitter:card\" content=\"summary_large_image\" \/>\n<meta name=\"twitter:creator\" content=\"@sonoraenequipo\" \/>\n<meta name=\"twitter:site\" content=\"@sonoraenequipo\" \/>\n<meta name=\"twitter:label1\" content=\"Escrito por\" \/>\n\t<meta name=\"twitter:data1\" content=\"enequipo\" \/>\n\t<meta name=\"twitter:label2\" content=\"Tiempo de lectura\" \/>\n\t<meta name=\"twitter:data2\" content=\"2 minutos\" \/>\n<script type=\"application\/ld+json\" class=\"yoast-schema-graph\">{\"@context\":\"https:\/\/schema.org\",\"@graph\":[{\"@type\":\"Article\",\"@id\":\"https:\/\/www.sonoraenequipo.com.mx\/muere-el-empresario-olegario-vazquez-rana\/#article\",\"isPartOf\":{\"@id\":\"https:\/\/www.sonoraenequipo.com.mx\/muere-el-empresario-olegario-vazquez-rana\/\"},\"author\":{\"name\":\"enequipo\",\"@id\":\"https:\/\/www.sonoraenequipo.com.mx\/#\/schema\/person\/50102df0fb23a8fa9e8effad8fa81386\"},\"headline\":\"Muere el empresario Olegario V\u00e1zquez Ra\u00f1a\",\"datePublished\":\"2025-03-28T21:54:32+00:00\",\"dateModified\":\"2025-03-30T02:01:23+00:00\",\"mainEntityOfPage\":{\"@id\":\"https:\/\/www.sonoraenequipo.com.mx\/muere-el-empresario-olegario-vazquez-rana\/\"},\"wordCount\":336,\"commentCount\":0,\"publisher\":{\"@id\":\"https:\/\/www.sonoraenequipo.com.mx\/#organization\"},\"image\":{\"@id\":\"https:\/\/www.sonoraenequipo.com.mx\/muere-el-empresario-olegario-vazquez-rana\/#primaryimage\"},\"thumbnailUrl\":\"https:\/\/www.sonoraenequipo.com.mx\/storage\/2025\/03\/Olegario-Vazquez-Rana-min.jpg\",\"articleSection\":[\"Rep\u00fablica\"],\"inLanguage\":\"es\",\"potentialAction\":[{\"@type\":\"CommentAction\",\"name\":\"Comment\",\"target\":[\"https:\/\/www.sonoraenequipo.com.mx\/muere-el-empresario-olegario-vazquez-rana\/#respond\"]}]},{\"@type\":\"WebPage\",\"@id\":\"https:\/\/www.sonoraenequipo.com.mx\/muere-el-empresario-olegario-vazquez-rana\/\",\"url\":\"https:\/\/www.sonoraenequipo.com.mx\/muere-el-empresario-olegario-vazquez-rana\/\",\"name\":\"Sonora en Equipo. Muere el empresario Olegario V\u00e1zquez Ra\u00f1a Rep\u00fablica\",\"isPartOf\":{\"@id\":\"https:\/\/www.sonoraenequipo.com.mx\/#website\"},\"primaryImageOfPage\":{\"@id\":\"https:\/\/www.sonoraenequipo.com.mx\/muere-el-empresario-olegario-vazquez-rana\/#primaryimage\"},\"image\":{\"@id\":\"https:\/\/www.sonoraenequipo.com.mx\/muere-el-empresario-olegario-vazquez-rana\/#primaryimage\"},\"thumbnailUrl\":\"https:\/\/www.sonoraenequipo.com.mx\/storage\/2025\/03\/Olegario-Vazquez-Rana-min.jpg\",\"datePublished\":\"2025-03-28T21:54:32+00:00\",\"dateModified\":\"2025-03-30T02:01:23+00:00\",\"description\":\"CIUDAD DE M\u00c9XICO. MX. \u2014 o.- El empresario Olegario V\u00e1zquez Ra\u00f1a muri\u00f3 este 28 de marzo de 2025, de acuerdo con Pascal Beltr\u00e1n del R\u00edo, director editorial En Sonora en Equipo publicamos toda la informaci\u00f3n de Sonora, M\u00e9xico y el Mundo de manera oportuna y busca que la libertad de expresi\u00f3n sea real. Visita nuestro medio informativo publicado desde Hermosillo, Sonora. %\",\"breadcrumb\":{\"@id\":\"https:\/\/www.sonoraenequipo.com.mx\/muere-el-empresario-olegario-vazquez-rana\/#breadcrumb\"},\"inLanguage\":\"es\",\"potentialAction\":[{\"@type\":\"ReadAction\",\"target\":[\"https:\/\/www.sonoraenequipo.com.mx\/muere-el-empresario-olegario-vazquez-rana\/\"]}]},{\"@type\":\"ImageObject\",\"inLanguage\":\"es\",\"@id\":\"https:\/\/www.sonoraenequipo.com.mx\/muere-el-empresario-olegario-vazquez-rana\/#primaryimage\",\"url\":\"https:\/\/www.sonoraenequipo.com.mx\/storage\/2025\/03\/Olegario-Vazquez-Rana-min.jpg\",\"contentUrl\":\"https:\/\/www.sonoraenequipo.com.mx\/storage\/2025\/03\/Olegario-Vazquez-Rana-min.jpg\",\"width\":1000,\"height\":549},{\"@type\":\"BreadcrumbList\",\"@id\":\"https:\/\/www.sonoraenequipo.com.mx\/muere-el-empresario-olegario-vazquez-rana\/#breadcrumb\",\"itemListElement\":[{\"@type\":\"ListItem\",\"position\":1,\"name\":\"Portada\",\"item\":\"https:\/\/www.sonoraenequipo.com.mx\/\"},{\"@type\":\"ListItem\",\"position\":2,\"name\":\"Muere el empresario Olegario V\u00e1zquez Ra\u00f1a\"}]},{\"@type\":\"WebSite\",\"@id\":\"https:\/\/www.sonoraenequipo.com.mx\/#website\",\"url\":\"https:\/\/www.sonoraenequipo.com.mx\/\",\"name\":\"Sonora en Equipo.\",\"description\":\"Diario en l\u00ednea con Noticias desde Hermosillo, Sonora\",\"publisher\":{\"@id\":\"https:\/\/www.sonoraenequipo.com.mx\/#organization\"},\"potentialAction\":[{\"@type\":\"SearchAction\",\"target\":{\"@type\":\"EntryPoint\",\"urlTemplate\":\"https:\/\/www.sonoraenequipo.com.mx\/?s={search_term_string}\"},\"query-input\":{\"@type\":\"PropertyValueSpecification\",\"valueRequired\":true,\"valueName\":\"search_term_string\"}}],\"inLanguage\":\"es\"},{\"@type\":\"Organization\",\"@id\":\"https:\/\/www.sonoraenequipo.com.mx\/#organization\",\"name\":\"Sonoraenequipo.com.mx\",\"url\":\"https:\/\/www.sonoraenequipo.com.mx\/\",\"logo\":{\"@type\":\"ImageObject\",\"inLanguage\":\"es\",\"@id\":\"https:\/\/www.sonoraenequipo.com.mx\/#\/schema\/logo\/image\/\",\"url\":\"https:\/\/www.sonoraenequipo.com.mx\/storage\/2019\/01\/sonoraenequipo_opt.png\",\"contentUrl\":\"https:\/\/www.sonoraenequipo.com.mx\/storage\/2019\/01\/sonoraenequipo_opt.png\",\"width\":375,\"height\":125,\"caption\":\"Sonoraenequipo.com.mx\"},\"image\":{\"@id\":\"https:\/\/www.sonoraenequipo.com.mx\/#\/schema\/logo\/image\/\"},\"sameAs\":[\"https:\/\/www.facebook.com\/SonoraEE\/\",\"https:\/\/x.com\/sonoraenequipo\",\"https:\/\/www.youtube.com\/channel\/UC338nW-lPEYmJQs4ZABQ1SQ\"]},{\"@type\":\"Person\",\"@id\":\"https:\/\/www.sonoraenequipo.com.mx\/#\/schema\/person\/50102df0fb23a8fa9e8effad8fa81386\",\"name\":\"enequipo\",\"image\":{\"@type\":\"ImageObject\",\"inLanguage\":\"es\",\"@id\":\"https:\/\/www.sonoraenequipo.com.mx\/#\/schema\/person\/image\/\",\"url\":\"https:\/\/secure.gravatar.com\/avatar\/049821681b589dabc0bc20695993ccebb09f5b5d4d790cd9251b97faac7c652b?s=96&d=blank&r=g\",\"contentUrl\":\"https:\/\/secure.gravatar.com\/avatar\/049821681b589dabc0bc20695993ccebb09f5b5d4d790cd9251b97faac7c652b?s=96&d=blank&r=g\",\"caption\":\"enequipo\"},\"sameAs\":[\"https:\/\/www.facebook.com\/SonoraEE\"]}]}<\/script>\n ","yoast_head_json":{"title":"Sonora en Equipo. Muere el empresario Olegario V\u00e1zquez Ra\u00f1a Rep\u00fablica","description":"CIUDAD DE M\u00c9XICO. MX. \u2014 o.- El empresario Olegario V\u00e1zquez Ra\u00f1a muri\u00f3 este 28 de marzo de 2025, de acuerdo con Pascal Beltr\u00e1n del R\u00edo, director editorial En Sonora en Equipo publicamos toda la informaci\u00f3n de Sonora, M\u00e9xico y el Mundo de manera oportuna y busca que la libertad de expresi\u00f3n sea real. Visita nuestro medio informativo publicado desde Hermosillo, Sonora. %","robots":{"index":"index","follow":"follow","max-snippet":"max-snippet:-1","max-image-preview":"max-image-preview:large","max-video-preview":"max-video-preview:-1"},"canonical":"https:\/\/www.sonoraenequipo.com.mx\/muere-el-empresario-olegario-vazquez-rana\/","og_locale":"es_ES","og_type":"article","og_title":"Sonora en Equipo. Muere el empresario Olegario V\u00e1zquez Ra\u00f1a Rep\u00fablica","og_description":"CIUDAD DE M\u00c9XICO. MX. \u2014 o.- El empresario Olegario V\u00e1zquez Ra\u00f1a muri\u00f3 este 28 de marzo de 2025, de acuerdo con Pascal Beltr\u00e1n del R\u00edo, director editorial En Sonora en Equipo publicamos toda la informaci\u00f3n de Sonora, M\u00e9xico y el Mundo de manera oportuna y busca que la libertad de expresi\u00f3n sea real. Visita nuestro medio informativo publicado desde Hermosillo, Sonora. %","og_url":"https:\/\/www.sonoraenequipo.com.mx\/muere-el-empresario-olegario-vazquez-rana\/","og_site_name":"Sonora en Equipo.","article_publisher":"https:\/\/www.facebook.com\/SonoraEE\/","article_author":"https:\/\/www.facebook.com\/SonoraEE","article_published_time":"2025-03-28T21:54:32+00:00","article_modified_time":"2025-03-30T02:01:23+00:00","og_image":[{"width":1000,"height":549,"url":"https:\/\/www.sonoraenequipo.com.mx\/storage\/2025\/03\/Olegario-Vazquez-Rana-min.jpg","type":"image\/jpeg"}],"author":"enequipo","twitter_card":"summary_large_image","twitter_creator":"@sonoraenequipo","twitter_site":"@sonoraenequipo","twitter_misc":{"Escrito por":"enequipo","Tiempo de lectura":"2 minutos"},"schema":{"@context":"https:\/\/schema.org","@graph":[{"@type":"Article","@id":"https:\/\/www.sonoraenequipo.com.mx\/muere-el-empresario-olegario-vazquez-rana\/#article","isPartOf":{"@id":"https:\/\/www.sonoraenequipo.com.mx\/muere-el-empresario-olegario-vazquez-rana\/"},"author":{"name":"enequipo","@id":"https:\/\/www.sonoraenequipo.com.mx\/#\/schema\/person\/50102df0fb23a8fa9e8effad8fa81386"},"headline":"Muere el empresario Olegario V\u00e1zquez Ra\u00f1a","datePublished":"2025-03-28T21:54:32+00:00","dateModified":"2025-03-30T02:01:23+00:00","mainEntityOfPage":{"@id":"https:\/\/www.sonoraenequipo.com.mx\/muere-el-empresario-olegario-vazquez-rana\/"},"wordCount":336,"commentCount":0,"publisher":{"@id":"https:\/\/www.sonoraenequipo.com.mx\/#organization"},"image":{"@id":"https:\/\/www.sonoraenequipo.com.mx\/muere-el-empresario-olegario-vazquez-rana\/#primaryimage"},"thumbnailUrl":"https:\/\/www.sonoraenequipo.com.mx\/storage\/2025\/03\/Olegario-Vazquez-Rana-min.jpg","articleSection":["Rep\u00fablica"],"inLanguage":"es","potentialAction":[{"@type":"CommentAction","name":"Comment","target":["https:\/\/www.sonoraenequipo.com.mx\/muere-el-empresario-olegario-vazquez-rana\/#respond"]}]},{"@type":"WebPage","@id":"https:\/\/www.sonoraenequipo.com.mx\/muere-el-empresario-olegario-vazquez-rana\/","url":"https:\/\/www.sonoraenequipo.com.mx\/muere-el-empresario-olegario-vazquez-rana\/","name":"Sonora en Equipo. Muere el empresario Olegario V\u00e1zquez Ra\u00f1a Rep\u00fablica","isPartOf":{"@id":"https:\/\/www.sonoraenequipo.com.mx\/#website"},"primaryImageOfPage":{"@id":"https:\/\/www.sonoraenequipo.com.mx\/muere-el-empresario-olegario-vazquez-rana\/#primaryimage"},"image":{"@id":"https:\/\/www.sonoraenequipo.com.mx\/muere-el-empresario-olegario-vazquez-rana\/#primaryimage"},"thumbnailUrl":"https:\/\/www.sonoraenequipo.com.mx\/storage\/2025\/03\/Olegario-Vazquez-Rana-min.jpg","datePublished":"2025-03-28T21:54:32+00:00","dateModified":"2025-03-30T02:01:23+00:00","description":"CIUDAD DE M\u00c9XICO. MX. \u2014 o.- El empresario Olegario V\u00e1zquez Ra\u00f1a muri\u00f3 este 28 de marzo de 2025, de acuerdo con Pascal Beltr\u00e1n del R\u00edo, director editorial En Sonora en Equipo publicamos toda la informaci\u00f3n de Sonora, M\u00e9xico y el Mundo de manera oportuna y busca que la libertad de expresi\u00f3n sea real. Visita nuestro medio informativo publicado desde Hermosillo, Sonora. %","breadcrumb":{"@id":"https:\/\/www.sonoraenequipo.com.mx\/muere-el-empresario-olegario-vazquez-rana\/#breadcrumb"},"inLanguage":"es","potentialAction":[{"@type":"ReadAction","target":["https:\/\/www.sonoraenequipo.com.mx\/muere-el-empresario-olegario-vazquez-rana\/"]}]},{"@type":"ImageObject","inLanguage":"es","@id":"https:\/\/www.sonoraenequipo.com.mx\/muere-el-empresario-olegario-vazquez-rana\/#primaryimage","url":"https:\/\/www.sonoraenequipo.com.mx\/storage\/2025\/03\/Olegario-Vazquez-Rana-min.jpg","contentUrl":"https:\/\/www.sonoraenequipo.com.mx\/storage\/2025\/03\/Olegario-Vazquez-Rana-min.jpg","width":1000,"height":549},{"@type":"BreadcrumbList","@id":"https:\/\/www.sonoraenequipo.com.mx\/muere-el-empresario-olegario-vazquez-rana\/#breadcrumb","itemListElement":[{"@type":"ListItem","position":1,"name":"Portada","item":"https:\/\/www.sonoraenequipo.com.mx\/"},{"@type":"ListItem","position":2,"name":"Muere el empresario Olegario V\u00e1zquez Ra\u00f1a"}]},{"@type":"WebSite","@id":"https:\/\/www.sonoraenequipo.com.mx\/#website","url":"https:\/\/www.sonoraenequipo.com.mx\/","name":"Sonora en Equipo.","description":"Diario en l\u00ednea con Noticias desde Hermosillo, Sonora","publisher":{"@id":"https:\/\/www.sonoraenequipo.com.mx\/#organization"},"potentialAction":[{"@type":"SearchAction","target":{"@type":"EntryPoint","urlTemplate":"https:\/\/www.sonoraenequipo.com.mx\/?s={search_term_string}"},"query-input":{"@type":"PropertyValueSpecification","valueRequired":true,"valueName":"search_term_string"}}],"inLanguage":"es"},{"@type":"Organization","@id":"https:\/\/www.sonoraenequipo.com.mx\/#organization","name":"Sonoraenequipo.com.mx","url":"https:\/\/www.sonoraenequipo.com.mx\/","logo":{"@type":"ImageObject","inLanguage":"es","@id":"https:\/\/www.sonoraenequipo.com.mx\/#\/schema\/logo\/image\/","url":"https:\/\/www.sonoraenequipo.com.mx\/storage\/2019\/01\/sonoraenequipo_opt.png","contentUrl":"https:\/\/www.sonoraenequipo.com.mx\/storage\/2019\/01\/sonoraenequipo_opt.png","width":375,"height":125,"caption":"Sonoraenequipo.com.mx"},"image":{"@id":"https:\/\/www.sonoraenequipo.com.mx\/#\/schema\/logo\/image\/"},"sameAs":["https:\/\/www.facebook.com\/SonoraEE\/","https:\/\/x.com\/sonoraenequipo","https:\/\/www.youtube.com\/channel\/UC338nW-lPEYmJQs4ZABQ1SQ"]},{"@type":"Person","@id":"https:\/\/www.sonoraenequipo.com.mx\/#\/schema\/person\/50102df0fb23a8fa9e8effad8fa81386","name":"enequipo","image":{"@type":"ImageObject","inLanguage":"es","@id":"https:\/\/www.sonoraenequipo.com.mx\/#\/schema\/person\/image\/","url":"https:\/\/secure.gravatar.com\/avatar\/049821681b589dabc0bc20695993ccebb09f5b5d4d790cd9251b97faac7c652b?s=96&d=blank&r=g","contentUrl":"https:\/\/secure.gravatar.com\/avatar\/049821681b589dabc0bc20695993ccebb09f5b5d4d790cd9251b97faac7c652b?s=96&d=blank&r=g","caption":"enequipo"},"sameAs":["https:\/\/www.facebook.com\/SonoraEE"]}]}},"jetpack_featured_media_url":"https:\/\/www.sonoraenequipo.com.mx\/storage\/2025\/03\/Olegario-Vazquez-Rana-min.jpg","_links":{"self":[{"href":"https:\/\/www.sonoraenequipo.com.mx\/api\/wp\/v2\/posts\/212528","targetHints":{"allow":["GET"]}}],"collection":[{"href":"https:\/\/www.sonoraenequipo.com.mx\/api\/wp\/v2\/posts"}],"about":[{"href":"https:\/\/www.sonoraenequipo.com.mx\/api\/wp\/v2\/types\/post"}],"author":[{"embeddable":true,"href":"https:\/\/www.sonoraenequipo.com.mx\/api\/wp\/v2\/users\/1"}],"replies":[{"embeddable":true,"href":"https:\/\/www.sonoraenequipo.com.mx\/api\/wp\/v2\/comments?post=212528"}],"version-history":[{"count":1,"href":"https:\/\/www.sonoraenequipo.com.mx\/api\/wp\/v2\/posts\/212528\/revisions"}],"predecessor-version":[{"id":212530,"href":"https:\/\/www.sonoraenequipo.com.mx\/api\/wp\/v2\/posts\/212528\/revisions\/212530"}],"wp:featuredmedia":[{"embeddable":true,"href":"https:\/\/www.sonoraenequipo.com.mx\/api\/wp\/v2\/media\/212529"}],"wp:attachment":[{"href":"https:\/\/www.sonoraenequipo.com.mx\/api\/wp\/v2\/media?parent=212528"}],"wp:term":[{"taxonomy":"category","embeddable":true,"href":"https:\/\/www.sonoraenequipo.com.mx\/api\/wp\/v2\/categories?post=212528"},{"taxonomy":"post_tag","embeddable":true,"href":"https:\/\/www.sonoraenequipo.com.mx\/api\/wp\/v2\/tags?post=212528"}],"curies":[{"name":"wp","href":"https:\/\/api.w.org\/{rel}","templated":true}]}}