{"id":212531,"date":"2025-03-28T17:15:38","date_gmt":"2025-03-29T00:15:38","guid":{"rendered":"https:\/\/www.sonoraenequipo.com.mx\/?p=212531"},"modified":"2025-03-29T19:18:37","modified_gmt":"2025-03-30T02:18:37","slug":"cuales-son-los-sintomas-principales-del-cancer-de-colon","status":"publish","type":"post","link":"https:\/\/www.sonoraenequipo.com.mx\/cuales-son-los-sintomas-principales-del-cancer-de-colon\/","title":{"rendered":"\u00bfCu\u00e1les son los s\u00edntomas principales del c\u00e1ncer de colon?"},"content":{"rendered":"<p><strong>ESTADOS UNIDOS DEL NORTE DE AM\u00c9RICA. \u2014<\/strong> El c\u00e1ncer de colon est\u00e1 en aumento en EEUU, con uno de cada cinco diagn\u00f3sticos en personas menores de 55 a\u00f1os, seg\u00fan la Sociedad Estadounidense del C\u00e1ncer. Dorian Mendoza, gastroenter\u00f3logo en la Facultad de Medicina David Geffen de UCLA, explica todo lo que debes saber sobre este c\u00e1ncer.<\/p>\n<p>&nbsp;<\/p>\n<p>&nbsp;<\/p>\n<p>&nbsp;<\/p>\n<p> <\/p>\n<p>El c\u00e1ncer de colon es uno de los c\u00e1nceres m\u00e1s comunes en Estados Unidos y los casos entre los adultos j\u00f3venes est\u00e1n aumentando. La detecci\u00f3n temprana es crucial, ya que los s\u00edntomas pueden no aparecer hasta que el c\u00e1ncer haya progresado.<\/p>\n<p>&nbsp;<\/p>\n<p>&nbsp;<\/p>\n<p>&nbsp;<\/p>\n<p><em><strong>\u00abEs importante que las personas sepan que el c\u00e1ncer de colon est\u00e1 experimentando un cambio de edad, lo que significa que hay m\u00e1s personas j\u00f3venes, especialmente menores de 50 a\u00f1os, que reciben el diagn\u00f3stico de c\u00e1ncer de colon\u00bb,<\/strong><\/em> afirm\u00f3 el Dr. Arif Kamal, director de pacientes de la Sociedad Americana del C\u00e1ncer.<\/p>\n<p>&nbsp;<\/p>\n<p>&nbsp;<\/p>\n<h3>\nSignos y s\u00edntomas del c\u00e1ncer de colon<\/h3>\n<p>&nbsp;<\/p>\n<p>&nbsp;<\/p>\n<p>La primera se\u00f1al que hay que buscar es un sangrado anormal. Saber si hay sangre en las heces puede ser un poco complicado, ya que la sangre puede variar en apariencia, desde rojo brillante hasta oscuro o alquitranado, dependiendo de su origen en el colon.<\/p>\n<p>&nbsp;<\/p>\n<p>&nbsp;<\/p>\n<p>&nbsp;<\/p>\n<p>&nbsp;<\/p>\n<p>La sangre cambia de color con el tiempo. Si el sangrado comienza en las primeras partes del colon, el Dr. Kamal explic\u00f3 que puede cambiar de rojo brillante a oscuro o marr\u00f3n.<\/p>\n<p>&nbsp;<\/p>\n<p>&nbsp;<\/p>\n<p>&nbsp;<\/p>\n<p>Otros signos y s\u00edntomas del c\u00e1ncer colorectal incluyen cambios persistentes en los h\u00e1bitos intestinales, como diarrea, estre\u00f1imiento, heces delgadas o la necesidad persistente de defecar a pesar de haberlo hecho.<\/p>\n<p>&nbsp;<\/p>\n<p>&nbsp;<\/p>\n<p>&nbsp;<\/p>\n<p>Si los alimentos no pasan por el colon con normalidad, podr\u00eda ser se\u00f1al de que algo est\u00e1 obstruyendo el paso, explic\u00f3 el Dr. Kamal. La hinchaz\u00f3n abdominal, el dolor y la p\u00e9rdida de peso inexplicable tambi\u00e9n son se\u00f1ales de alerta.<\/p>\n<p>&nbsp;<\/p>\n<p>&nbsp;<\/p>\n<p>&nbsp;<\/p>\n<p>Aunque el c\u00e1ncer de colon tradicionalmente ha afectado a adultos mayores, se est\u00e1n presentando m\u00e1s casos en personas m\u00e1s j\u00f3venes. El Dr. Kamal se\u00f1al\u00f3 que las personas con antecedentes familiares de c\u00e1ncer colorrectal o gastrointestinal tienen un mayor riesgo.<\/p>\n<p>&nbsp;<\/p>\n<p>&nbsp;<\/p>\n<p>&nbsp;<\/p>\n<p><em><strong>\u00abSi bien el c\u00e1ncer de colon se presenta en personas de todas las edades, les dir\u00eda que la persona m\u00e1s joven que he visto era adolescente\u00bb,<\/strong><\/em> afirm\u00f3 el Dr. Kamal.<\/p>\n<p>&nbsp;<\/p>\n<p>&nbsp;<\/p>\n<p>&nbsp;<\/p>\n<h3>Consumir carne roja aumentar\u00eda el riesgo de c\u00e1ncer de colon, seg\u00fan un estudio<\/h3>\n<p>&nbsp;<\/p>\n<p>&nbsp;<\/p>\n<p>S\u00edntomas como sangrado y dolor abdominal son se\u00f1ales de alerta para realizar una endoscopia antes de los 45 a\u00f1os.<\/p>\n<p>&nbsp;<\/p>\n<p>&nbsp;<\/p>\n<h3>\nDetecci\u00f3n del c\u00e1ncer de colon<\/h3>\n<p>&nbsp;<\/p>\n<p>La detecci\u00f3n temprana aumenta significativamente las probabilidades de recuperaci\u00f3n del c\u00e1ncer. En el caso del c\u00e1ncer colorrectal, la colonoscopia sigue siendo la herramienta m\u00e1s importante.<\/p>\n<p>&nbsp;<\/p>\n<p>&nbsp;<\/p>\n<p>&nbsp;<\/p>\n<p>Para las personas con un riesgo promedio de c\u00e1ncer colorrectal, la Sociedad Americana del C\u00e1ncer recomienda que las pruebas de detecci\u00f3n comiencen a los 45 a\u00f1os.<\/p>\n<p>&nbsp;<\/p>\n<p>&nbsp;<\/p>\n<p>&nbsp;<\/p>\n<p><strong>\u00abSe introduce una c\u00e1mara larga y delgada en el colon para examinar el \u00e1rea. Lo que se busca son p\u00f3lipos, esos crecimientos anormales, precancerosos o cancerosos\u00bb,<\/strong> explic\u00f3 el Dr. Kamal. \u00ab<strong><em>La ventaja de una colonoscopia es que, si se observa algo anormal, se puede extirpar en ese mismo momento\u00bb.<\/em><\/strong><\/p>\n<p>&nbsp;<\/p>\n<p>&nbsp;<\/p>\n<p>&nbsp;<\/p>\n<p><em><strong>\u00abLa idea es detectar un crecimiento precanceroso antes de que se convierta en c\u00e1ncer\u00bb,<\/strong> <\/em>explic\u00f3 el Dr. Kamal.<\/p>\n<p>&nbsp;<\/p>\n<p>&nbsp;<\/p>\n<p>&nbsp;<\/p>\n<p>&nbsp;<\/p>\n<p>Tambi\u00e9n existen an\u00e1lisis de heces caseros para quienes dudan en hacerse una colonoscopia. Estas pruebas detectan sangre oculta o ADN anormal en las heces.<\/p>\n<p>&nbsp;<\/p>\n<p>&nbsp;<\/p>\n<p>&nbsp;<\/p>\n<p>Si los resultados son positivos, es necesario realizar una colonoscopia para confirmar y extirpar cualquier crecimiento precanceroso, explic\u00f3 el Dr. Kamal.<\/p>\n<p>&nbsp;<\/p>\n<p>&nbsp;<\/p>\n<h3>Prevenci\u00f3n del c\u00e1ncer<\/h3>\n<p>&nbsp;<\/p>\n<p>&nbsp;<\/p>\n<p>Hay factores que aumentan el riesgo y que no puede controlar, pero muchos s\u00ed pueden controlar para prevenir el c\u00e1ncer colorectal:<\/p>\n<p>&nbsp;<\/p>\n<p>&nbsp;<\/p>\n<p>&nbsp;<\/p>\n<p>Lleva una dieta sana y equilibrada, aumentando el consumo de frutas, verduras y cereales integrales, y limitando el consumo de carnes rojas y procesadas.<\/p>\n<p>&nbsp;<\/p>\n<p>Haga ejercicio: aumentar la cantidad e intensidad de la actividad f\u00edsica ayuda a reducir el riesgo.<\/p>\n<p>&nbsp;<\/p>\n<p>&nbsp;<\/p>\n<p>Mantenga un peso saludable. La obesidad es un factor de riesgo conocido.<\/p>\n<p>&nbsp;<\/p>\n<p>&nbsp;<\/p>\n<p>Deje de fumar. Fumar a largo plazo aumenta el riesgo de c\u00e1ncer colorrectal, al igual que otros tipos de c\u00e1ncer.<\/p>\n<p>&nbsp;<\/p>\n<p>&nbsp;<\/p>\n<p>Limita el consumo de alcohol. La moderaci\u00f3n es clave.<\/p>\n<p>&nbsp;<\/p>\n<p>&nbsp;<\/p>\n<p>Consuma suficiente calcio y vitamina D. Algunos estudios sugieren que estos nutrientes pueden ayudar a proteger contra el c\u00e1ncer de colon, pero consulte con su m\u00e9dico antes de tomar suplementos.<\/p>\n<p>&nbsp;<\/p>\n<p>&nbsp;<\/p>\n<p>Considera tomar aspirina o antiinflamatorios no esteroideos bajo supervisi\u00f3n m\u00e9dica.<\/p>\n<p>&nbsp;<\/p>\n<p>&nbsp;<\/p>\n<p>Muchas personas podr\u00edan necesitar pruebas de detecci\u00f3n antes de los 45 a\u00f1os, especialmente si tienen antecedentes familiares de c\u00e1ncer de colon u otros c\u00e1nceres gastrointestinales, afirm\u00f3 el Dr. Kamal.<\/p>\n<p>&nbsp;<\/p>\n<p>&nbsp;<\/p>\n<p>&nbsp;<\/p>\n<p>La Sociedad Americana del C\u00e1ncer ofrece la herramienta gratuita de evaluaci\u00f3n Cancer Risk 360 para ayudar a evaluar el riesgo.<\/p>\n<p>&nbsp;<\/p>\n<p>&nbsp;<\/p>\n<h3>Lo que debes saber sobre el c\u00e1ncer de colon<\/h3>\n<p>&nbsp;<\/p>\n<p>&nbsp;<\/p>\n<p><strong>El c\u00e1ncer de colon est\u00e1 en aumento en EEUU, con uno de cada cinco diagn\u00f3sticos en personas menores de 55 a\u00f1os, seg\u00fan la Sociedad Estadounidense del C\u00e1ncer. Dorian Mendoza, gastroenter\u00f3logo en la Facultad de Medicina David Geffen de UCLA, explica todo lo que debes saber sobre este c\u00e1ncer<\/strong>.<\/p>\n<p>&nbsp;<\/p>\n<p>&nbsp;<\/p>\n<p>&nbsp;<\/p>\n<p>&nbsp;<\/p>\n<p>PUBLICADO EL 28 DE MARZO 2025 Con informaci\u00f3n de medios y AP)<\/p>\n","protected":false},"excerpt":{"rendered":"<p>ESTADOS UNIDOS DEL NORTE DE AM\u00c9RICA. \u2014 El c\u00e1ncer de colon est\u00e1 en aumento en&#8230;<\/p>\n","protected":false},"author":1,"featured_media":212532,"comment_status":"open","ping_status":"open","sticky":false,"template":"","format":"standard","meta":{"_monsterinsights_skip_tracking":false,"_monsterinsights_sitenote_active":false,"_monsterinsights_sitenote_note":"","_monsterinsights_sitenote_category":0,"footnotes":""},"categories":[2216],"tags":[],"class_list":["post"],"yoast_head":" \n<title>Sonora en Equipo. \u00bfCu\u00e1les son los s\u00edntomas principales del c\u00e1ncer de colon? Ciencia y Tecnolog\u00eda<\/title>\n<meta name=\"description\" content=\"ESTADOS UNIDOS DEL NORTE DE AM\u00c9RICA. \u2014 El c\u00e1ncer de colon est\u00e1 en aumento en EEUU, con uno de cada cinco diagn\u00f3sticos en personas menores de 55 a\u00f1os, En Sonora en Equipo publicamos toda la informaci\u00f3n de Sonora, M\u00e9xico y el Mundo de manera oportuna y busca que la libertad de expresi\u00f3n sea real. Visita nuestro medio informativo publicado desde Hermosillo, Sonora. %\" \/>\n<meta name=\"robots\" content=\"index, follow, max-snippet:-1, max-image-preview:large, max-video-preview:-1\" \/>\n<link rel=\"canonical\" href=\"https:\/\/www.sonoraenequipo.com.mx\/cuales-son-los-sintomas-principales-del-cancer-de-colon\/\" \/>\n<meta property=\"og:locale\" content=\"es_ES\" \/>\n<meta property=\"og:type\" content=\"article\" \/>\n<meta property=\"og:title\" content=\"Sonora en Equipo. \u00bfCu\u00e1les son los s\u00edntomas principales del c\u00e1ncer de colon? Ciencia y Tecnolog\u00eda\" \/>\n<meta property=\"og:description\" content=\"ESTADOS UNIDOS DEL NORTE DE AM\u00c9RICA. \u2014 El c\u00e1ncer de colon est\u00e1 en aumento en EEUU, con uno de cada cinco diagn\u00f3sticos en personas menores de 55 a\u00f1os, En Sonora en Equipo publicamos toda la informaci\u00f3n de Sonora, M\u00e9xico y el Mundo de manera oportuna y busca que la libertad de expresi\u00f3n sea real. Visita nuestro medio informativo publicado desde Hermosillo, Sonora. %\" \/>\n<meta property=\"og:url\" content=\"https:\/\/www.sonoraenequipo.com.mx\/cuales-son-los-sintomas-principales-del-cancer-de-colon\/\" \/>\n<meta property=\"og:site_name\" content=\"Sonora en Equipo.\" \/>\n<meta property=\"article:publisher\" content=\"https:\/\/www.facebook.com\/SonoraEE\/\" \/>\n<meta property=\"article:author\" content=\"https:\/\/www.facebook.com\/SonoraEE\" \/>\n<meta property=\"article:published_time\" content=\"2025-03-29T00:15:38+00:00\" \/>\n<meta property=\"article:modified_time\" content=\"2025-03-30T02:18:37+00:00\" \/>\n<meta property=\"og:image\" content=\"https:\/\/www.sonoraenequipo.com.mx\/storage\/2025\/03\/Sintomas-de-cancer-de-colon.jpg-min.jpg\" \/>\n\t<meta property=\"og:image:width\" content=\"959\" \/>\n\t<meta property=\"og:image:height\" content=\"523\" \/>\n\t<meta property=\"og:image:type\" content=\"image\/jpeg\" \/>\n<meta name=\"author\" content=\"enequipo\" \/>\n<meta name=\"twitter:card\" content=\"summary_large_image\" \/>\n<meta name=\"twitter:creator\" content=\"@sonoraenequipo\" \/>\n<meta name=\"twitter:site\" content=\"@sonoraenequipo\" \/>\n<meta name=\"twitter:label1\" content=\"Escrito por\" \/>\n\t<meta name=\"twitter:data1\" content=\"enequipo\" \/>\n\t<meta name=\"twitter:label2\" content=\"Tiempo de lectura\" \/>\n\t<meta name=\"twitter:data2\" content=\"5 minutos\" \/>\n<script type=\"application\/ld+json\" class=\"yoast-schema-graph\">{\"@context\":\"https:\/\/schema.org\",\"@graph\":[{\"@type\":\"Article\",\"@id\":\"https:\/\/www.sonoraenequipo.com.mx\/cuales-son-los-sintomas-principales-del-cancer-de-colon\/#article\",\"isPartOf\":{\"@id\":\"https:\/\/www.sonoraenequipo.com.mx\/cuales-son-los-sintomas-principales-del-cancer-de-colon\/\"},\"author\":{\"name\":\"enequipo\",\"@id\":\"https:\/\/www.sonoraenequipo.com.mx\/#\/schema\/person\/50102df0fb23a8fa9e8effad8fa81386\"},\"headline\":\"\u00bfCu\u00e1les son los s\u00edntomas principales del c\u00e1ncer de colon?\",\"datePublished\":\"2025-03-29T00:15:38+00:00\",\"dateModified\":\"2025-03-30T02:18:37+00:00\",\"mainEntityOfPage\":{\"@id\":\"https:\/\/www.sonoraenequipo.com.mx\/cuales-son-los-sintomas-principales-del-cancer-de-colon\/\"},\"wordCount\":1013,\"commentCount\":0,\"publisher\":{\"@id\":\"https:\/\/www.sonoraenequipo.com.mx\/#organization\"},\"image\":{\"@id\":\"https:\/\/www.sonoraenequipo.com.mx\/cuales-son-los-sintomas-principales-del-cancer-de-colon\/#primaryimage\"},\"thumbnailUrl\":\"https:\/\/www.sonoraenequipo.com.mx\/storage\/2025\/03\/Sintomas-de-cancer-de-colon.jpg-min.jpg\",\"articleSection\":[\"Ciencia y Tecnolog\u00eda\"],\"inLanguage\":\"es\",\"potentialAction\":[{\"@type\":\"CommentAction\",\"name\":\"Comment\",\"target\":[\"https:\/\/www.sonoraenequipo.com.mx\/cuales-son-los-sintomas-principales-del-cancer-de-colon\/#respond\"]}]},{\"@type\":\"WebPage\",\"@id\":\"https:\/\/www.sonoraenequipo.com.mx\/cuales-son-los-sintomas-principales-del-cancer-de-colon\/\",\"url\":\"https:\/\/www.sonoraenequipo.com.mx\/cuales-son-los-sintomas-principales-del-cancer-de-colon\/\",\"name\":\"Sonora en Equipo. \u00bfCu\u00e1les son los s\u00edntomas principales del c\u00e1ncer de colon? Ciencia y Tecnolog\u00eda\",\"isPartOf\":{\"@id\":\"https:\/\/www.sonoraenequipo.com.mx\/#website\"},\"primaryImageOfPage\":{\"@id\":\"https:\/\/www.sonoraenequipo.com.mx\/cuales-son-los-sintomas-principales-del-cancer-de-colon\/#primaryimage\"},\"image\":{\"@id\":\"https:\/\/www.sonoraenequipo.com.mx\/cuales-son-los-sintomas-principales-del-cancer-de-colon\/#primaryimage\"},\"thumbnailUrl\":\"https:\/\/www.sonoraenequipo.com.mx\/storage\/2025\/03\/Sintomas-de-cancer-de-colon.jpg-min.jpg\",\"datePublished\":\"2025-03-29T00:15:38+00:00\",\"dateModified\":\"2025-03-30T02:18:37+00:00\",\"description\":\"ESTADOS UNIDOS DEL NORTE DE AM\u00c9RICA. \u2014 El c\u00e1ncer de colon est\u00e1 en aumento en EEUU, con uno de cada cinco diagn\u00f3sticos en personas menores de 55 a\u00f1os, En Sonora en Equipo publicamos toda la informaci\u00f3n de Sonora, M\u00e9xico y el Mundo de manera oportuna y busca que la libertad de expresi\u00f3n sea real. Visita nuestro medio informativo publicado desde Hermosillo, Sonora. %\",\"breadcrumb\":{\"@id\":\"https:\/\/www.sonoraenequipo.com.mx\/cuales-son-los-sintomas-principales-del-cancer-de-colon\/#breadcrumb\"},\"inLanguage\":\"es\",\"potentialAction\":[{\"@type\":\"ReadAction\",\"target\":[\"https:\/\/www.sonoraenequipo.com.mx\/cuales-son-los-sintomas-principales-del-cancer-de-colon\/\"]}]},{\"@type\":\"ImageObject\",\"inLanguage\":\"es\",\"@id\":\"https:\/\/www.sonoraenequipo.com.mx\/cuales-son-los-sintomas-principales-del-cancer-de-colon\/#primaryimage\",\"url\":\"https:\/\/www.sonoraenequipo.com.mx\/storage\/2025\/03\/Sintomas-de-cancer-de-colon.jpg-min.jpg\",\"contentUrl\":\"https:\/\/www.sonoraenequipo.com.mx\/storage\/2025\/03\/Sintomas-de-cancer-de-colon.jpg-min.jpg\",\"width\":959,\"height\":523},{\"@type\":\"BreadcrumbList\",\"@id\":\"https:\/\/www.sonoraenequipo.com.mx\/cuales-son-los-sintomas-principales-del-cancer-de-colon\/#breadcrumb\",\"itemListElement\":[{\"@type\":\"ListItem\",\"position\":1,\"name\":\"Portada\",\"item\":\"https:\/\/www.sonoraenequipo.com.mx\/\"},{\"@type\":\"ListItem\",\"position\":2,\"name\":\"\u00bfCu\u00e1les son los s\u00edntomas principales del c\u00e1ncer de colon?\"}]},{\"@type\":\"WebSite\",\"@id\":\"https:\/\/www.sonoraenequipo.com.mx\/#website\",\"url\":\"https:\/\/www.sonoraenequipo.com.mx\/\",\"name\":\"Sonora en Equipo.\",\"description\":\"Diario en l\u00ednea con Noticias desde Hermosillo, Sonora\",\"publisher\":{\"@id\":\"https:\/\/www.sonoraenequipo.com.mx\/#organization\"},\"potentialAction\":[{\"@type\":\"SearchAction\",\"target\":{\"@type\":\"EntryPoint\",\"urlTemplate\":\"https:\/\/www.sonoraenequipo.com.mx\/?s={search_term_string}\"},\"query-input\":{\"@type\":\"PropertyValueSpecification\",\"valueRequired\":true,\"valueName\":\"search_term_string\"}}],\"inLanguage\":\"es\"},{\"@type\":\"Organization\",\"@id\":\"https:\/\/www.sonoraenequipo.com.mx\/#organization\",\"name\":\"Sonoraenequipo.com.mx\",\"url\":\"https:\/\/www.sonoraenequipo.com.mx\/\",\"logo\":{\"@type\":\"ImageObject\",\"inLanguage\":\"es\",\"@id\":\"https:\/\/www.sonoraenequipo.com.mx\/#\/schema\/logo\/image\/\",\"url\":\"https:\/\/www.sonoraenequipo.com.mx\/storage\/2019\/01\/sonoraenequipo_opt.png\",\"contentUrl\":\"https:\/\/www.sonoraenequipo.com.mx\/storage\/2019\/01\/sonoraenequipo_opt.png\",\"width\":375,\"height\":125,\"caption\":\"Sonoraenequipo.com.mx\"},\"image\":{\"@id\":\"https:\/\/www.sonoraenequipo.com.mx\/#\/schema\/logo\/image\/\"},\"sameAs\":[\"https:\/\/www.facebook.com\/SonoraEE\/\",\"https:\/\/x.com\/sonoraenequipo\",\"https:\/\/www.youtube.com\/channel\/UC338nW-lPEYmJQs4ZABQ1SQ\"]},{\"@type\":\"Person\",\"@id\":\"https:\/\/www.sonoraenequipo.com.mx\/#\/schema\/person\/50102df0fb23a8fa9e8effad8fa81386\",\"name\":\"enequipo\",\"image\":{\"@type\":\"ImageObject\",\"inLanguage\":\"es\",\"@id\":\"https:\/\/www.sonoraenequipo.com.mx\/#\/schema\/person\/image\/\",\"url\":\"https:\/\/secure.gravatar.com\/avatar\/049821681b589dabc0bc20695993ccebb09f5b5d4d790cd9251b97faac7c652b?s=96&d=blank&r=g\",\"contentUrl\":\"https:\/\/secure.gravatar.com\/avatar\/049821681b589dabc0bc20695993ccebb09f5b5d4d790cd9251b97faac7c652b?s=96&d=blank&r=g\",\"caption\":\"enequipo\"},\"sameAs\":[\"https:\/\/www.facebook.com\/SonoraEE\"]}]}<\/script>\n ","yoast_head_json":{"title":"Sonora en Equipo. \u00bfCu\u00e1les son los s\u00edntomas principales del c\u00e1ncer de colon? Ciencia y Tecnolog\u00eda","description":"ESTADOS UNIDOS DEL NORTE DE AM\u00c9RICA. \u2014 El c\u00e1ncer de colon est\u00e1 en aumento en EEUU, con uno de cada cinco diagn\u00f3sticos en personas menores de 55 a\u00f1os, En Sonora en Equipo publicamos toda la informaci\u00f3n de Sonora, M\u00e9xico y el Mundo de manera oportuna y busca que la libertad de expresi\u00f3n sea real. Visita nuestro medio informativo publicado desde Hermosillo, Sonora. %","robots":{"index":"index","follow":"follow","max-snippet":"max-snippet:-1","max-image-preview":"max-image-preview:large","max-video-preview":"max-video-preview:-1"},"canonical":"https:\/\/www.sonoraenequipo.com.mx\/cuales-son-los-sintomas-principales-del-cancer-de-colon\/","og_locale":"es_ES","og_type":"article","og_title":"Sonora en Equipo. \u00bfCu\u00e1les son los s\u00edntomas principales del c\u00e1ncer de colon? Ciencia y Tecnolog\u00eda","og_description":"ESTADOS UNIDOS DEL NORTE DE AM\u00c9RICA. \u2014 El c\u00e1ncer de colon est\u00e1 en aumento en EEUU, con uno de cada cinco diagn\u00f3sticos en personas menores de 55 a\u00f1os, En Sonora en Equipo publicamos toda la informaci\u00f3n de Sonora, M\u00e9xico y el Mundo de manera oportuna y busca que la libertad de expresi\u00f3n sea real. Visita nuestro medio informativo publicado desde Hermosillo, Sonora. %","og_url":"https:\/\/www.sonoraenequipo.com.mx\/cuales-son-los-sintomas-principales-del-cancer-de-colon\/","og_site_name":"Sonora en Equipo.","article_publisher":"https:\/\/www.facebook.com\/SonoraEE\/","article_author":"https:\/\/www.facebook.com\/SonoraEE","article_published_time":"2025-03-29T00:15:38+00:00","article_modified_time":"2025-03-30T02:18:37+00:00","og_image":[{"width":959,"height":523,"url":"https:\/\/www.sonoraenequipo.com.mx\/storage\/2025\/03\/Sintomas-de-cancer-de-colon.jpg-min.jpg","type":"image\/jpeg"}],"author":"enequipo","twitter_card":"summary_large_image","twitter_creator":"@sonoraenequipo","twitter_site":"@sonoraenequipo","twitter_misc":{"Escrito por":"enequipo","Tiempo de lectura":"5 minutos"},"schema":{"@context":"https:\/\/schema.org","@graph":[{"@type":"Article","@id":"https:\/\/www.sonoraenequipo.com.mx\/cuales-son-los-sintomas-principales-del-cancer-de-colon\/#article","isPartOf":{"@id":"https:\/\/www.sonoraenequipo.com.mx\/cuales-son-los-sintomas-principales-del-cancer-de-colon\/"},"author":{"name":"enequipo","@id":"https:\/\/www.sonoraenequipo.com.mx\/#\/schema\/person\/50102df0fb23a8fa9e8effad8fa81386"},"headline":"\u00bfCu\u00e1les son los s\u00edntomas principales del c\u00e1ncer de colon?","datePublished":"2025-03-29T00:15:38+00:00","dateModified":"2025-03-30T02:18:37+00:00","mainEntityOfPage":{"@id":"https:\/\/www.sonoraenequipo.com.mx\/cuales-son-los-sintomas-principales-del-cancer-de-colon\/"},"wordCount":1013,"commentCount":0,"publisher":{"@id":"https:\/\/www.sonoraenequipo.com.mx\/#organization"},"image":{"@id":"https:\/\/www.sonoraenequipo.com.mx\/cuales-son-los-sintomas-principales-del-cancer-de-colon\/#primaryimage"},"thumbnailUrl":"https:\/\/www.sonoraenequipo.com.mx\/storage\/2025\/03\/Sintomas-de-cancer-de-colon.jpg-min.jpg","articleSection":["Ciencia y Tecnolog\u00eda"],"inLanguage":"es","potentialAction":[{"@type":"CommentAction","name":"Comment","target":["https:\/\/www.sonoraenequipo.com.mx\/cuales-son-los-sintomas-principales-del-cancer-de-colon\/#respond"]}]},{"@type":"WebPage","@id":"https:\/\/www.sonoraenequipo.com.mx\/cuales-son-los-sintomas-principales-del-cancer-de-colon\/","url":"https:\/\/www.sonoraenequipo.com.mx\/cuales-son-los-sintomas-principales-del-cancer-de-colon\/","name":"Sonora en Equipo. \u00bfCu\u00e1les son los s\u00edntomas principales del c\u00e1ncer de colon? Ciencia y Tecnolog\u00eda","isPartOf":{"@id":"https:\/\/www.sonoraenequipo.com.mx\/#website"},"primaryImageOfPage":{"@id":"https:\/\/www.sonoraenequipo.com.mx\/cuales-son-los-sintomas-principales-del-cancer-de-colon\/#primaryimage"},"image":{"@id":"https:\/\/www.sonoraenequipo.com.mx\/cuales-son-los-sintomas-principales-del-cancer-de-colon\/#primaryimage"},"thumbnailUrl":"https:\/\/www.sonoraenequipo.com.mx\/storage\/2025\/03\/Sintomas-de-cancer-de-colon.jpg-min.jpg","datePublished":"2025-03-29T00:15:38+00:00","dateModified":"2025-03-30T02:18:37+00:00","description":"ESTADOS UNIDOS DEL NORTE DE AM\u00c9RICA. \u2014 El c\u00e1ncer de colon est\u00e1 en aumento en EEUU, con uno de cada cinco diagn\u00f3sticos en personas menores de 55 a\u00f1os, En Sonora en Equipo publicamos toda la informaci\u00f3n de Sonora, M\u00e9xico y el Mundo de manera oportuna y busca que la libertad de expresi\u00f3n sea real. Visita nuestro medio informativo publicado desde Hermosillo, Sonora. %","breadcrumb":{"@id":"https:\/\/www.sonoraenequipo.com.mx\/cuales-son-los-sintomas-principales-del-cancer-de-colon\/#breadcrumb"},"inLanguage":"es","potentialAction":[{"@type":"ReadAction","target":["https:\/\/www.sonoraenequipo.com.mx\/cuales-son-los-sintomas-principales-del-cancer-de-colon\/"]}]},{"@type":"ImageObject","inLanguage":"es","@id":"https:\/\/www.sonoraenequipo.com.mx\/cuales-son-los-sintomas-principales-del-cancer-de-colon\/#primaryimage","url":"https:\/\/www.sonoraenequipo.com.mx\/storage\/2025\/03\/Sintomas-de-cancer-de-colon.jpg-min.jpg","contentUrl":"https:\/\/www.sonoraenequipo.com.mx\/storage\/2025\/03\/Sintomas-de-cancer-de-colon.jpg-min.jpg","width":959,"height":523},{"@type":"BreadcrumbList","@id":"https:\/\/www.sonoraenequipo.com.mx\/cuales-son-los-sintomas-principales-del-cancer-de-colon\/#breadcrumb","itemListElement":[{"@type":"ListItem","position":1,"name":"Portada","item":"https:\/\/www.sonoraenequipo.com.mx\/"},{"@type":"ListItem","position":2,"name":"\u00bfCu\u00e1les son los s\u00edntomas principales del c\u00e1ncer de colon?"}]},{"@type":"WebSite","@id":"https:\/\/www.sonoraenequipo.com.mx\/#website","url":"https:\/\/www.sonoraenequipo.com.mx\/","name":"Sonora en Equipo.","description":"Diario en l\u00ednea con Noticias desde Hermosillo, Sonora","publisher":{"@id":"https:\/\/www.sonoraenequipo.com.mx\/#organization"},"potentialAction":[{"@type":"SearchAction","target":{"@type":"EntryPoint","urlTemplate":"https:\/\/www.sonoraenequipo.com.mx\/?s={search_term_string}"},"query-input":{"@type":"PropertyValueSpecification","valueRequired":true,"valueName":"search_term_string"}}],"inLanguage":"es"},{"@type":"Organization","@id":"https:\/\/www.sonoraenequipo.com.mx\/#organization","name":"Sonoraenequipo.com.mx","url":"https:\/\/www.sonoraenequipo.com.mx\/","logo":{"@type":"ImageObject","inLanguage":"es","@id":"https:\/\/www.sonoraenequipo.com.mx\/#\/schema\/logo\/image\/","url":"https:\/\/www.sonoraenequipo.com.mx\/storage\/2019\/01\/sonoraenequipo_opt.png","contentUrl":"https:\/\/www.sonoraenequipo.com.mx\/storage\/2019\/01\/sonoraenequipo_opt.png","width":375,"height":125,"caption":"Sonoraenequipo.com.mx"},"image":{"@id":"https:\/\/www.sonoraenequipo.com.mx\/#\/schema\/logo\/image\/"},"sameAs":["https:\/\/www.facebook.com\/SonoraEE\/","https:\/\/x.com\/sonoraenequipo","https:\/\/www.youtube.com\/channel\/UC338nW-lPEYmJQs4ZABQ1SQ"]},{"@type":"Person","@id":"https:\/\/www.sonoraenequipo.com.mx\/#\/schema\/person\/50102df0fb23a8fa9e8effad8fa81386","name":"enequipo","image":{"@type":"ImageObject","inLanguage":"es","@id":"https:\/\/www.sonoraenequipo.com.mx\/#\/schema\/person\/image\/","url":"https:\/\/secure.gravatar.com\/avatar\/049821681b589dabc0bc20695993ccebb09f5b5d4d790cd9251b97faac7c652b?s=96&d=blank&r=g","contentUrl":"https:\/\/secure.gravatar.com\/avatar\/049821681b589dabc0bc20695993ccebb09f5b5d4d790cd9251b97faac7c652b?s=96&d=blank&r=g","caption":"enequipo"},"sameAs":["https:\/\/www.facebook.com\/SonoraEE"]}]}},"jetpack_featured_media_url":"https:\/\/www.sonoraenequipo.com.mx\/storage\/2025\/03\/Sintomas-de-cancer-de-colon.jpg-min.jpg","_links":{"self":[{"href":"https:\/\/www.sonoraenequipo.com.mx\/api\/wp\/v2\/posts\/212531","targetHints":{"allow":["GET"]}}],"collection":[{"href":"https:\/\/www.sonoraenequipo.com.mx\/api\/wp\/v2\/posts"}],"about":[{"href":"https:\/\/www.sonoraenequipo.com.mx\/api\/wp\/v2\/types\/post"}],"author":[{"embeddable":true,"href":"https:\/\/www.sonoraenequipo.com.mx\/api\/wp\/v2\/users\/1"}],"replies":[{"embeddable":true,"href":"https:\/\/www.sonoraenequipo.com.mx\/api\/wp\/v2\/comments?post=212531"}],"version-history":[{"count":1,"href":"https:\/\/www.sonoraenequipo.com.mx\/api\/wp\/v2\/posts\/212531\/revisions"}],"predecessor-version":[{"id":212533,"href":"https:\/\/www.sonoraenequipo.com.mx\/api\/wp\/v2\/posts\/212531\/revisions\/212533"}],"wp:featuredmedia":[{"embeddable":true,"href":"https:\/\/www.sonoraenequipo.com.mx\/api\/wp\/v2\/media\/212532"}],"wp:attachment":[{"href":"https:\/\/www.sonoraenequipo.com.mx\/api\/wp\/v2\/media?parent=212531"}],"wp:term":[{"taxonomy":"category","embeddable":true,"href":"https:\/\/www.sonoraenequipo.com.mx\/api\/wp\/v2\/categories?post=212531"},{"taxonomy":"post_tag","embeddable":true,"href":"https:\/\/www.sonoraenequipo.com.mx\/api\/wp\/v2\/tags?post=212531"}],"curies":[{"name":"wp","href":"https:\/\/api.w.org\/{rel}","templated":true}]}}