{"id":213015,"date":"2025-04-05T18:02:25","date_gmt":"2025-04-06T01:02:25","guid":{"rendered":"https:\/\/www.sonoraenequipo.com.mx\/?p=213015"},"modified":"2025-04-05T18:02:25","modified_gmt":"2025-04-06T01:02:25","slug":"llama-gobierno-de-sonora-a-cuidar-el-camaron-ante-inicio-de-veda","status":"publish","type":"post","link":"https:\/\/www.sonoraenequipo.com.mx\/llama-gobierno-de-sonora-a-cuidar-el-camaron-ante-inicio-de-veda\/","title":{"rendered":"Llama Gobierno de Sonora a cuidar el camar\u00f3n ante inicio de veda"},"content":{"rendered":"<p><strong>HERMOSILLO, SONORA, MX.<\/strong> \u2014 El 6 de abril a las 6:00 horas inicia la veda del camar\u00f3n silvestre de ribera y de alta mar en el Pac\u00edfico, Golfo de California y sistemas lagunarios de Sonora, Sinaloa, Nayarit y Baja California Sur, inform\u00f3 Celida L\u00f3pez C\u00e1rdenas.<\/p>\n<p>&nbsp;<\/p>\n<p>&nbsp;<\/p>\n<p>&nbsp;<\/p>\n<p>La secretaria de Agricultura, Ganader\u00eda, Recursos Hidr\u00e1ulicos, Pesca y Acuacultura (Sagarhpa) expres\u00f3 que aquellos que se dedican a la pesca y comercializaci\u00f3n de este crust\u00e1ceo deben tomar las medidas necesarias durante la duraci\u00f3n de la veda.<\/p>\n<p>&nbsp;<\/p>\n<p>&nbsp;<\/p>\n<p>&nbsp;<\/p>\n<p>Exhort\u00f3 a pescadores y comercializadores que cuenten con camar\u00f3n silvestre almacenado que, al momento de la entrada en vigor de esta veda, deber\u00e1n registrar este producto ante la Conapesca.<\/p>\n<p>&nbsp;<\/p>\n<p>&nbsp;<\/p>\n<p>&nbsp;<\/p>\n<p>A\u00f1adi\u00f3 que deben dar de alta el inventario mediante el formato correspondiente de especies en veda, para evitar problemas en su comercializaci\u00f3n y poder tramitar la gu\u00eda correspondiente para su movilizaci\u00f3n.<\/p>\n<p>&nbsp;<\/p>\n<p>&nbsp;<\/p>\n<p>&nbsp;<\/p>\n<p>Resalt\u00f3 la importancia de respetar la veda en el mar para evitar la captura de esta especie, ya que durante este periodo es cuando los camarones silvestres se reproducen y alcanzan tallas comerciales.<\/p>\n<p>&nbsp;<\/p>\n<p>&nbsp;<\/p>\n<p>&nbsp;<\/p>\n<p>\u201cSe debe cuidar esta etapa tan sensible, ya que asegura una mejor producci\u00f3n para la pr\u00f3xima temporada, lo que se traducir\u00e1 en beneficios econ\u00f3micos tanto para el sector pesquero ribere\u00f1o como para el de alta mar\u201d, asever\u00f3.<\/p>\n<p><strong>Fecha de publicaci\u00f3n s\u00e1bado 5 de abril de 2025 \/<\/strong><\/p>\n","protected":false},"excerpt":{"rendered":"<p>HERMOSILLO, SONORA, MX. \u2014 El 6 de abril a las 6:00 horas inicia la veda&#8230;<\/p>\n","protected":false},"author":1,"featured_media":213016,"comment_status":"open","ping_status":"open","sticky":false,"template":"","format":"standard","meta":{"_monsterinsights_skip_tracking":false,"_monsterinsights_sitenote_active":false,"_monsterinsights_sitenote_note":"","_monsterinsights_sitenote_category":0,"footnotes":""},"categories":[22],"tags":[5709,5637],"class_list":["post"],"yoast_head":" \n<title>Sonora en Equipo. Llama Gobierno de Sonora a cuidar el camar\u00f3n ante inicio de veda Sonora<\/title>\n<meta name=\"description\" content=\"HERMOSILLO, SONORA, MX. \u2014 El 6 de abril a las 6:00 horas inicia la veda del camar\u00f3n silvestre de ribera y de alta mar en el Pac\u00edfico, Golfo de California En Sonora en Equipo publicamos toda la informaci\u00f3n de Sonora, M\u00e9xico y el Mundo de manera oportuna y busca que la libertad de expresi\u00f3n sea real. Visita nuestro medio informativo publicado desde Hermosillo, Sonora. %\" \/>\n<meta name=\"robots\" content=\"index, follow, max-snippet:-1, max-image-preview:large, max-video-preview:-1\" \/>\n<link rel=\"canonical\" href=\"https:\/\/www.sonoraenequipo.com.mx\/llama-gobierno-de-sonora-a-cuidar-el-camaron-ante-inicio-de-veda\/\" \/>\n<meta property=\"og:locale\" content=\"es_ES\" \/>\n<meta property=\"og:type\" content=\"article\" \/>\n<meta property=\"og:title\" content=\"Sonora en Equipo. Llama Gobierno de Sonora a cuidar el camar\u00f3n ante inicio de veda Sonora\" \/>\n<meta property=\"og:description\" content=\"HERMOSILLO, SONORA, MX. \u2014 El 6 de abril a las 6:00 horas inicia la veda del camar\u00f3n silvestre de ribera y de alta mar en el Pac\u00edfico, Golfo de California En Sonora en Equipo publicamos toda la informaci\u00f3n de Sonora, M\u00e9xico y el Mundo de manera oportuna y busca que la libertad de expresi\u00f3n sea real. Visita nuestro medio informativo publicado desde Hermosillo, Sonora. %\" \/>\n<meta property=\"og:url\" content=\"https:\/\/www.sonoraenequipo.com.mx\/llama-gobierno-de-sonora-a-cuidar-el-camaron-ante-inicio-de-veda\/\" \/>\n<meta property=\"og:site_name\" content=\"Sonora en Equipo.\" \/>\n<meta property=\"article:publisher\" content=\"https:\/\/www.facebook.com\/SonoraEE\/\" \/>\n<meta property=\"article:author\" content=\"https:\/\/www.facebook.com\/SonoraEE\" \/>\n<meta property=\"article:published_time\" content=\"2025-04-06T01:02:25+00:00\" \/>\n<meta property=\"og:image\" content=\"https:\/\/www.sonoraenequipo.com.mx\/storage\/2025\/04\/pesca-camaron.jpg\" \/>\n\t<meta property=\"og:image:width\" content=\"600\" \/>\n\t<meta property=\"og:image:height\" content=\"450\" \/>\n\t<meta property=\"og:image:type\" content=\"image\/jpeg\" \/>\n<meta name=\"author\" content=\"enequipo\" \/>\n<meta name=\"twitter:card\" content=\"summary_large_image\" \/>\n<meta name=\"twitter:creator\" content=\"@sonoraenequipo\" \/>\n<meta name=\"twitter:site\" content=\"@sonoraenequipo\" \/>\n<meta name=\"twitter:label1\" content=\"Escrito por\" \/>\n\t<meta name=\"twitter:data1\" content=\"enequipo\" \/>\n\t<meta name=\"twitter:label2\" content=\"Tiempo de lectura\" \/>\n\t<meta name=\"twitter:data2\" content=\"1 minuto\" \/>\n<script type=\"application\/ld+json\" class=\"yoast-schema-graph\">{\"@context\":\"https:\/\/schema.org\",\"@graph\":[{\"@type\":\"Article\",\"@id\":\"https:\/\/www.sonoraenequipo.com.mx\/llama-gobierno-de-sonora-a-cuidar-el-camaron-ante-inicio-de-veda\/#article\",\"isPartOf\":{\"@id\":\"https:\/\/www.sonoraenequipo.com.mx\/llama-gobierno-de-sonora-a-cuidar-el-camaron-ante-inicio-de-veda\/\"},\"author\":{\"name\":\"enequipo\",\"@id\":\"https:\/\/www.sonoraenequipo.com.mx\/#\/schema\/person\/50102df0fb23a8fa9e8effad8fa81386\"},\"headline\":\"Llama Gobierno de Sonora a cuidar el camar\u00f3n ante inicio de veda\",\"datePublished\":\"2025-04-06T01:02:25+00:00\",\"mainEntityOfPage\":{\"@id\":\"https:\/\/www.sonoraenequipo.com.mx\/llama-gobierno-de-sonora-a-cuidar-el-camaron-ante-inicio-de-veda\/\"},\"wordCount\":264,\"commentCount\":0,\"publisher\":{\"@id\":\"https:\/\/www.sonoraenequipo.com.mx\/#organization\"},\"image\":{\"@id\":\"https:\/\/www.sonoraenequipo.com.mx\/llama-gobierno-de-sonora-a-cuidar-el-camaron-ante-inicio-de-veda\/#primaryimage\"},\"thumbnailUrl\":\"https:\/\/www.sonoraenequipo.com.mx\/storage\/2025\/04\/pesca-camaron.jpg\",\"keywords\":[\"camaron\",\"veda\"],\"articleSection\":[\"Sonora\"],\"inLanguage\":\"es\",\"potentialAction\":[{\"@type\":\"CommentAction\",\"name\":\"Comment\",\"target\":[\"https:\/\/www.sonoraenequipo.com.mx\/llama-gobierno-de-sonora-a-cuidar-el-camaron-ante-inicio-de-veda\/#respond\"]}]},{\"@type\":\"WebPage\",\"@id\":\"https:\/\/www.sonoraenequipo.com.mx\/llama-gobierno-de-sonora-a-cuidar-el-camaron-ante-inicio-de-veda\/\",\"url\":\"https:\/\/www.sonoraenequipo.com.mx\/llama-gobierno-de-sonora-a-cuidar-el-camaron-ante-inicio-de-veda\/\",\"name\":\"Sonora en Equipo. Llama Gobierno de Sonora a cuidar el camar\u00f3n ante inicio de veda Sonora\",\"isPartOf\":{\"@id\":\"https:\/\/www.sonoraenequipo.com.mx\/#website\"},\"primaryImageOfPage\":{\"@id\":\"https:\/\/www.sonoraenequipo.com.mx\/llama-gobierno-de-sonora-a-cuidar-el-camaron-ante-inicio-de-veda\/#primaryimage\"},\"image\":{\"@id\":\"https:\/\/www.sonoraenequipo.com.mx\/llama-gobierno-de-sonora-a-cuidar-el-camaron-ante-inicio-de-veda\/#primaryimage\"},\"thumbnailUrl\":\"https:\/\/www.sonoraenequipo.com.mx\/storage\/2025\/04\/pesca-camaron.jpg\",\"datePublished\":\"2025-04-06T01:02:25+00:00\",\"description\":\"HERMOSILLO, SONORA, MX. \u2014 El 6 de abril a las 6:00 horas inicia la veda del camar\u00f3n silvestre de ribera y de alta mar en el Pac\u00edfico, Golfo de California En Sonora en Equipo publicamos toda la informaci\u00f3n de Sonora, M\u00e9xico y el Mundo de manera oportuna y busca que la libertad de expresi\u00f3n sea real. Visita nuestro medio informativo publicado desde Hermosillo, Sonora. %\",\"breadcrumb\":{\"@id\":\"https:\/\/www.sonoraenequipo.com.mx\/llama-gobierno-de-sonora-a-cuidar-el-camaron-ante-inicio-de-veda\/#breadcrumb\"},\"inLanguage\":\"es\",\"potentialAction\":[{\"@type\":\"ReadAction\",\"target\":[\"https:\/\/www.sonoraenequipo.com.mx\/llama-gobierno-de-sonora-a-cuidar-el-camaron-ante-inicio-de-veda\/\"]}]},{\"@type\":\"ImageObject\",\"inLanguage\":\"es\",\"@id\":\"https:\/\/www.sonoraenequipo.com.mx\/llama-gobierno-de-sonora-a-cuidar-el-camaron-ante-inicio-de-veda\/#primaryimage\",\"url\":\"https:\/\/www.sonoraenequipo.com.mx\/storage\/2025\/04\/pesca-camaron.jpg\",\"contentUrl\":\"https:\/\/www.sonoraenequipo.com.mx\/storage\/2025\/04\/pesca-camaron.jpg\",\"width\":600,\"height\":450,\"caption\":\"Pescadorees ribere\u00f1os del crust\u00e1ceo\"},{\"@type\":\"BreadcrumbList\",\"@id\":\"https:\/\/www.sonoraenequipo.com.mx\/llama-gobierno-de-sonora-a-cuidar-el-camaron-ante-inicio-de-veda\/#breadcrumb\",\"itemListElement\":[{\"@type\":\"ListItem\",\"position\":1,\"name\":\"Portada\",\"item\":\"https:\/\/www.sonoraenequipo.com.mx\/\"},{\"@type\":\"ListItem\",\"position\":2,\"name\":\"Llama Gobierno de Sonora a cuidar el camar\u00f3n ante inicio de veda\"}]},{\"@type\":\"WebSite\",\"@id\":\"https:\/\/www.sonoraenequipo.com.mx\/#website\",\"url\":\"https:\/\/www.sonoraenequipo.com.mx\/\",\"name\":\"Sonora en Equipo.\",\"description\":\"Diario en l\u00ednea con Noticias desde Hermosillo, Sonora\",\"publisher\":{\"@id\":\"https:\/\/www.sonoraenequipo.com.mx\/#organization\"},\"potentialAction\":[{\"@type\":\"SearchAction\",\"target\":{\"@type\":\"EntryPoint\",\"urlTemplate\":\"https:\/\/www.sonoraenequipo.com.mx\/?s={search_term_string}\"},\"query-input\":{\"@type\":\"PropertyValueSpecification\",\"valueRequired\":true,\"valueName\":\"search_term_string\"}}],\"inLanguage\":\"es\"},{\"@type\":\"Organization\",\"@id\":\"https:\/\/www.sonoraenequipo.com.mx\/#organization\",\"name\":\"Sonoraenequipo.com.mx\",\"url\":\"https:\/\/www.sonoraenequipo.com.mx\/\",\"logo\":{\"@type\":\"ImageObject\",\"inLanguage\":\"es\",\"@id\":\"https:\/\/www.sonoraenequipo.com.mx\/#\/schema\/logo\/image\/\",\"url\":\"https:\/\/www.sonoraenequipo.com.mx\/storage\/2019\/01\/sonoraenequipo_opt.png\",\"contentUrl\":\"https:\/\/www.sonoraenequipo.com.mx\/storage\/2019\/01\/sonoraenequipo_opt.png\",\"width\":375,\"height\":125,\"caption\":\"Sonoraenequipo.com.mx\"},\"image\":{\"@id\":\"https:\/\/www.sonoraenequipo.com.mx\/#\/schema\/logo\/image\/\"},\"sameAs\":[\"https:\/\/www.facebook.com\/SonoraEE\/\",\"https:\/\/x.com\/sonoraenequipo\",\"https:\/\/www.youtube.com\/channel\/UC338nW-lPEYmJQs4ZABQ1SQ\"]},{\"@type\":\"Person\",\"@id\":\"https:\/\/www.sonoraenequipo.com.mx\/#\/schema\/person\/50102df0fb23a8fa9e8effad8fa81386\",\"name\":\"enequipo\",\"image\":{\"@type\":\"ImageObject\",\"inLanguage\":\"es\",\"@id\":\"https:\/\/www.sonoraenequipo.com.mx\/#\/schema\/person\/image\/\",\"url\":\"https:\/\/secure.gravatar.com\/avatar\/049821681b589dabc0bc20695993ccebb09f5b5d4d790cd9251b97faac7c652b?s=96&d=blank&r=g\",\"contentUrl\":\"https:\/\/secure.gravatar.com\/avatar\/049821681b589dabc0bc20695993ccebb09f5b5d4d790cd9251b97faac7c652b?s=96&d=blank&r=g\",\"caption\":\"enequipo\"},\"sameAs\":[\"https:\/\/www.facebook.com\/SonoraEE\"]}]}<\/script>\n ","yoast_head_json":{"title":"Sonora en Equipo. Llama Gobierno de Sonora a cuidar el camar\u00f3n ante inicio de veda Sonora","description":"HERMOSILLO, SONORA, MX. \u2014 El 6 de abril a las 6:00 horas inicia la veda del camar\u00f3n silvestre de ribera y de alta mar en el Pac\u00edfico, Golfo de California En Sonora en Equipo publicamos toda la informaci\u00f3n de Sonora, M\u00e9xico y el Mundo de manera oportuna y busca que la libertad de expresi\u00f3n sea real. Visita nuestro medio informativo publicado desde Hermosillo, Sonora. %","robots":{"index":"index","follow":"follow","max-snippet":"max-snippet:-1","max-image-preview":"max-image-preview:large","max-video-preview":"max-video-preview:-1"},"canonical":"https:\/\/www.sonoraenequipo.com.mx\/llama-gobierno-de-sonora-a-cuidar-el-camaron-ante-inicio-de-veda\/","og_locale":"es_ES","og_type":"article","og_title":"Sonora en Equipo. Llama Gobierno de Sonora a cuidar el camar\u00f3n ante inicio de veda Sonora","og_description":"HERMOSILLO, SONORA, MX. \u2014 El 6 de abril a las 6:00 horas inicia la veda del camar\u00f3n silvestre de ribera y de alta mar en el Pac\u00edfico, Golfo de California En Sonora en Equipo publicamos toda la informaci\u00f3n de Sonora, M\u00e9xico y el Mundo de manera oportuna y busca que la libertad de expresi\u00f3n sea real. Visita nuestro medio informativo publicado desde Hermosillo, Sonora. %","og_url":"https:\/\/www.sonoraenequipo.com.mx\/llama-gobierno-de-sonora-a-cuidar-el-camaron-ante-inicio-de-veda\/","og_site_name":"Sonora en Equipo.","article_publisher":"https:\/\/www.facebook.com\/SonoraEE\/","article_author":"https:\/\/www.facebook.com\/SonoraEE","article_published_time":"2025-04-06T01:02:25+00:00","og_image":[{"width":600,"height":450,"url":"https:\/\/www.sonoraenequipo.com.mx\/storage\/2025\/04\/pesca-camaron.jpg","type":"image\/jpeg"}],"author":"enequipo","twitter_card":"summary_large_image","twitter_creator":"@sonoraenequipo","twitter_site":"@sonoraenequipo","twitter_misc":{"Escrito por":"enequipo","Tiempo de lectura":"1 minuto"},"schema":{"@context":"https:\/\/schema.org","@graph":[{"@type":"Article","@id":"https:\/\/www.sonoraenequipo.com.mx\/llama-gobierno-de-sonora-a-cuidar-el-camaron-ante-inicio-de-veda\/#article","isPartOf":{"@id":"https:\/\/www.sonoraenequipo.com.mx\/llama-gobierno-de-sonora-a-cuidar-el-camaron-ante-inicio-de-veda\/"},"author":{"name":"enequipo","@id":"https:\/\/www.sonoraenequipo.com.mx\/#\/schema\/person\/50102df0fb23a8fa9e8effad8fa81386"},"headline":"Llama Gobierno de Sonora a cuidar el camar\u00f3n ante inicio de veda","datePublished":"2025-04-06T01:02:25+00:00","mainEntityOfPage":{"@id":"https:\/\/www.sonoraenequipo.com.mx\/llama-gobierno-de-sonora-a-cuidar-el-camaron-ante-inicio-de-veda\/"},"wordCount":264,"commentCount":0,"publisher":{"@id":"https:\/\/www.sonoraenequipo.com.mx\/#organization"},"image":{"@id":"https:\/\/www.sonoraenequipo.com.mx\/llama-gobierno-de-sonora-a-cuidar-el-camaron-ante-inicio-de-veda\/#primaryimage"},"thumbnailUrl":"https:\/\/www.sonoraenequipo.com.mx\/storage\/2025\/04\/pesca-camaron.jpg","keywords":["camaron","veda"],"articleSection":["Sonora"],"inLanguage":"es","potentialAction":[{"@type":"CommentAction","name":"Comment","target":["https:\/\/www.sonoraenequipo.com.mx\/llama-gobierno-de-sonora-a-cuidar-el-camaron-ante-inicio-de-veda\/#respond"]}]},{"@type":"WebPage","@id":"https:\/\/www.sonoraenequipo.com.mx\/llama-gobierno-de-sonora-a-cuidar-el-camaron-ante-inicio-de-veda\/","url":"https:\/\/www.sonoraenequipo.com.mx\/llama-gobierno-de-sonora-a-cuidar-el-camaron-ante-inicio-de-veda\/","name":"Sonora en Equipo. Llama Gobierno de Sonora a cuidar el camar\u00f3n ante inicio de veda Sonora","isPartOf":{"@id":"https:\/\/www.sonoraenequipo.com.mx\/#website"},"primaryImageOfPage":{"@id":"https:\/\/www.sonoraenequipo.com.mx\/llama-gobierno-de-sonora-a-cuidar-el-camaron-ante-inicio-de-veda\/#primaryimage"},"image":{"@id":"https:\/\/www.sonoraenequipo.com.mx\/llama-gobierno-de-sonora-a-cuidar-el-camaron-ante-inicio-de-veda\/#primaryimage"},"thumbnailUrl":"https:\/\/www.sonoraenequipo.com.mx\/storage\/2025\/04\/pesca-camaron.jpg","datePublished":"2025-04-06T01:02:25+00:00","description":"HERMOSILLO, SONORA, MX. \u2014 El 6 de abril a las 6:00 horas inicia la veda del camar\u00f3n silvestre de ribera y de alta mar en el Pac\u00edfico, Golfo de California En Sonora en Equipo publicamos toda la informaci\u00f3n de Sonora, M\u00e9xico y el Mundo de manera oportuna y busca que la libertad de expresi\u00f3n sea real. Visita nuestro medio informativo publicado desde Hermosillo, Sonora. %","breadcrumb":{"@id":"https:\/\/www.sonoraenequipo.com.mx\/llama-gobierno-de-sonora-a-cuidar-el-camaron-ante-inicio-de-veda\/#breadcrumb"},"inLanguage":"es","potentialAction":[{"@type":"ReadAction","target":["https:\/\/www.sonoraenequipo.com.mx\/llama-gobierno-de-sonora-a-cuidar-el-camaron-ante-inicio-de-veda\/"]}]},{"@type":"ImageObject","inLanguage":"es","@id":"https:\/\/www.sonoraenequipo.com.mx\/llama-gobierno-de-sonora-a-cuidar-el-camaron-ante-inicio-de-veda\/#primaryimage","url":"https:\/\/www.sonoraenequipo.com.mx\/storage\/2025\/04\/pesca-camaron.jpg","contentUrl":"https:\/\/www.sonoraenequipo.com.mx\/storage\/2025\/04\/pesca-camaron.jpg","width":600,"height":450,"caption":"Pescadorees ribere\u00f1os del crust\u00e1ceo"},{"@type":"BreadcrumbList","@id":"https:\/\/www.sonoraenequipo.com.mx\/llama-gobierno-de-sonora-a-cuidar-el-camaron-ante-inicio-de-veda\/#breadcrumb","itemListElement":[{"@type":"ListItem","position":1,"name":"Portada","item":"https:\/\/www.sonoraenequipo.com.mx\/"},{"@type":"ListItem","position":2,"name":"Llama Gobierno de Sonora a cuidar el camar\u00f3n ante inicio de veda"}]},{"@type":"WebSite","@id":"https:\/\/www.sonoraenequipo.com.mx\/#website","url":"https:\/\/www.sonoraenequipo.com.mx\/","name":"Sonora en Equipo.","description":"Diario en l\u00ednea con Noticias desde Hermosillo, Sonora","publisher":{"@id":"https:\/\/www.sonoraenequipo.com.mx\/#organization"},"potentialAction":[{"@type":"SearchAction","target":{"@type":"EntryPoint","urlTemplate":"https:\/\/www.sonoraenequipo.com.mx\/?s={search_term_string}"},"query-input":{"@type":"PropertyValueSpecification","valueRequired":true,"valueName":"search_term_string"}}],"inLanguage":"es"},{"@type":"Organization","@id":"https:\/\/www.sonoraenequipo.com.mx\/#organization","name":"Sonoraenequipo.com.mx","url":"https:\/\/www.sonoraenequipo.com.mx\/","logo":{"@type":"ImageObject","inLanguage":"es","@id":"https:\/\/www.sonoraenequipo.com.mx\/#\/schema\/logo\/image\/","url":"https:\/\/www.sonoraenequipo.com.mx\/storage\/2019\/01\/sonoraenequipo_opt.png","contentUrl":"https:\/\/www.sonoraenequipo.com.mx\/storage\/2019\/01\/sonoraenequipo_opt.png","width":375,"height":125,"caption":"Sonoraenequipo.com.mx"},"image":{"@id":"https:\/\/www.sonoraenequipo.com.mx\/#\/schema\/logo\/image\/"},"sameAs":["https:\/\/www.facebook.com\/SonoraEE\/","https:\/\/x.com\/sonoraenequipo","https:\/\/www.youtube.com\/channel\/UC338nW-lPEYmJQs4ZABQ1SQ"]},{"@type":"Person","@id":"https:\/\/www.sonoraenequipo.com.mx\/#\/schema\/person\/50102df0fb23a8fa9e8effad8fa81386","name":"enequipo","image":{"@type":"ImageObject","inLanguage":"es","@id":"https:\/\/www.sonoraenequipo.com.mx\/#\/schema\/person\/image\/","url":"https:\/\/secure.gravatar.com\/avatar\/049821681b589dabc0bc20695993ccebb09f5b5d4d790cd9251b97faac7c652b?s=96&d=blank&r=g","contentUrl":"https:\/\/secure.gravatar.com\/avatar\/049821681b589dabc0bc20695993ccebb09f5b5d4d790cd9251b97faac7c652b?s=96&d=blank&r=g","caption":"enequipo"},"sameAs":["https:\/\/www.facebook.com\/SonoraEE"]}]}},"jetpack_featured_media_url":"https:\/\/www.sonoraenequipo.com.mx\/storage\/2025\/04\/pesca-camaron.jpg","_links":{"self":[{"href":"https:\/\/www.sonoraenequipo.com.mx\/api\/wp\/v2\/posts\/213015","targetHints":{"allow":["GET"]}}],"collection":[{"href":"https:\/\/www.sonoraenequipo.com.mx\/api\/wp\/v2\/posts"}],"about":[{"href":"https:\/\/www.sonoraenequipo.com.mx\/api\/wp\/v2\/types\/post"}],"author":[{"embeddable":true,"href":"https:\/\/www.sonoraenequipo.com.mx\/api\/wp\/v2\/users\/1"}],"replies":[{"embeddable":true,"href":"https:\/\/www.sonoraenequipo.com.mx\/api\/wp\/v2\/comments?post=213015"}],"version-history":[{"count":1,"href":"https:\/\/www.sonoraenequipo.com.mx\/api\/wp\/v2\/posts\/213015\/revisions"}],"predecessor-version":[{"id":213017,"href":"https:\/\/www.sonoraenequipo.com.mx\/api\/wp\/v2\/posts\/213015\/revisions\/213017"}],"wp:featuredmedia":[{"embeddable":true,"href":"https:\/\/www.sonoraenequipo.com.mx\/api\/wp\/v2\/media\/213016"}],"wp:attachment":[{"href":"https:\/\/www.sonoraenequipo.com.mx\/api\/wp\/v2\/media?parent=213015"}],"wp:term":[{"taxonomy":"category","embeddable":true,"href":"https:\/\/www.sonoraenequipo.com.mx\/api\/wp\/v2\/categories?post=213015"},{"taxonomy":"post_tag","embeddable":true,"href":"https:\/\/www.sonoraenequipo.com.mx\/api\/wp\/v2\/tags?post=213015"}],"curies":[{"name":"wp","href":"https:\/\/api.w.org\/{rel}","templated":true}]}}