{"id":213022,"date":"2025-04-05T19:54:40","date_gmt":"2025-04-06T02:54:40","guid":{"rendered":"https:\/\/www.sonoraenequipo.com.mx\/?p=213022"},"modified":"2025-04-05T18:27:43","modified_gmt":"2025-04-06T01:27:43","slug":"gobernador-durazo-consolida-a-la-sauceda-como-punto-de-atraccion-turistica-en-semana-santa","status":"publish","type":"post","link":"https:\/\/www.sonoraenequipo.com.mx\/gobernador-durazo-consolida-a-la-sauceda-como-punto-de-atraccion-turistica-en-semana-santa\/","title":{"rendered":"Gobernador Durazo consolida a La Sauceda como punto de atracci\u00f3n tur\u00edstica en Semana Santa"},"content":{"rendered":"<p><strong>HERMOSILLO, SONORA. MX. \u2014&nbsp;<\/strong> El espacio natural que volvi\u00f3 a la vida con el rescate que realiz\u00f3 el gobernador Alfonso Durazo Monta\u00f1o para convertirlo en el Bosque Urbano La Sauceda, se ha consolidado en un punto de atracci\u00f3n tur\u00edstica en Hermosillo, listo para recibir a cientos de visitantes y turistas como uno de los principales sitios para disfrutar de Semana Santa en Sonora.<\/p>\n<p>&nbsp;<\/p>\n<p>&nbsp;<\/p>\n<p>&nbsp;<\/p>\n<p> <\/p>\n<p>El mandatario estatal mencion\u00f3 que La Sauceda se ha convertido en un lugar de encuentro gratuito para las familias, con actividades art\u00edsticas y culturales los fines de semana, y se continua con la siguiente etapa de remodelaci\u00f3n para beneficio de los hermosillenses y for\u00e1neos, quienes ya disfrutan de las \u00e1reas renovadas en la primera etapa como el Foro al Aire Libre.<\/p>\n<p>&nbsp;<\/p>\n<p><img loading=\"lazy\" decoding=\"async\" class=\"x-center size-full \" src=\"https:\/\/www.sonoraenequipo.com.mx\/storage\/2025\/04\/La-Sauceda-como-punto-de-atraccion-turistica-en-Semana-Santa-min.jpg\" alt=\"\" width=\"1200\" height=\"675\">El gobernador Durazo Monta\u00f1o record\u00f3 que en la primera etapa se invirtieron 200 millones de pesos, y que al finalizar la segunda etapa se tendr\u00e1n 40 hect\u00e1reas de esparcimiento en el Bosque Urbano La Sauceda y 179 hect\u00e1reas del cerro de la Cementera, lo que proyecta una superficie total de 210 hect\u00e1reas al servicio de las y los sonorenses.<\/p>\n<p>&nbsp;<\/p>\n<p>&nbsp;<\/p>\n<p>&nbsp;<\/p>\n<p>Tras la inauguraci\u00f3n de la primera etapa del Bosque Urbano La Sauceda, se han realizado distintas actividades como talleres de cer\u00e1mica, y de promoci\u00f3n de la biodiversidad de Sonora.<\/p>\n<p>&nbsp;<\/p>\n<p>&nbsp;<\/p>\n<p>&nbsp;<\/p>\n<p>Entre las actividades pr\u00f3ximas se encuentra la presentaci\u00f3n de la Banda Sinf\u00f3nica del Estado de Sonora, con un programa de m\u00fasica de pel\u00edculas en el Foro al Aire Libre este domingo 6 de abril, mientras que el domingo 13 de abril se celebrar\u00e1 la primera carrera en conmemoraci\u00f3n del D\u00eda Mundial de la Madre Tierra, que tendr\u00e1 una distancia de cinco kil\u00f3metros al interior del Bosque Urbano La Sauceda.<\/p>\n<p>&nbsp;<\/p>\n<p>&nbsp;<\/p>\n<p>&nbsp;<\/p>\n<p>&nbsp;<\/p>\n<p>PUBLICADO EL 05 DE ABRIL DE 2025 Con informaci\u00f3n de GOBSON 0425\/046)<\/p>\n<p>&nbsp;<\/p>\n","protected":false},"excerpt":{"rendered":"<p>HERMOSILLO, SONORA. MX. \u2014&nbsp; El espacio natural que volvi\u00f3 a la vida con el rescate&#8230;<\/p>\n","protected":false},"author":1,"featured_media":213025,"comment_status":"open","ping_status":"open","sticky":false,"template":"","format":"standard","meta":{"_monsterinsights_skip_tracking":false,"_monsterinsights_sitenote_active":false,"_monsterinsights_sitenote_note":"","_monsterinsights_sitenote_category":0,"footnotes":""},"categories":[22],"tags":[],"class_list":["post"],"yoast_head":" \n<title>Sonora en Equipo. Gobernador Durazo consolida a La Sauceda como punto de atracci\u00f3n tur\u00edstica en Semana Santa Sonora<\/title>\n<meta name=\"description\" content=\"HERMOSILLO, SONORA. MX. \u2014&nbsp; El espacio natural que volvi\u00f3 a la vida con el rescate que realiz\u00f3 el gobernador Alfonso Durazo Monta\u00f1o para convertirlo En Sonora en Equipo publicamos toda la informaci\u00f3n de Sonora, M\u00e9xico y el Mundo de manera oportuna y busca que la libertad de expresi\u00f3n sea real. Visita nuestro medio informativo publicado desde Hermosillo, Sonora. %\" \/>\n<meta name=\"robots\" content=\"index, follow, max-snippet:-1, max-image-preview:large, max-video-preview:-1\" \/>\n<link rel=\"canonical\" href=\"https:\/\/www.sonoraenequipo.com.mx\/gobernador-durazo-consolida-a-la-sauceda-como-punto-de-atraccion-turistica-en-semana-santa\/\" \/>\n<meta property=\"og:locale\" content=\"es_ES\" \/>\n<meta property=\"og:type\" content=\"article\" \/>\n<meta property=\"og:title\" content=\"Sonora en Equipo. Gobernador Durazo consolida a La Sauceda como punto de atracci\u00f3n tur\u00edstica en Semana Santa Sonora\" \/>\n<meta property=\"og:description\" content=\"HERMOSILLO, SONORA. MX. \u2014&nbsp; El espacio natural que volvi\u00f3 a la vida con el rescate que realiz\u00f3 el gobernador Alfonso Durazo Monta\u00f1o para convertirlo En Sonora en Equipo publicamos toda la informaci\u00f3n de Sonora, M\u00e9xico y el Mundo de manera oportuna y busca que la libertad de expresi\u00f3n sea real. Visita nuestro medio informativo publicado desde Hermosillo, Sonora. %\" \/>\n<meta property=\"og:url\" content=\"https:\/\/www.sonoraenequipo.com.mx\/gobernador-durazo-consolida-a-la-sauceda-como-punto-de-atraccion-turistica-en-semana-santa\/\" \/>\n<meta property=\"og:site_name\" content=\"Sonora en Equipo.\" \/>\n<meta property=\"article:publisher\" content=\"https:\/\/www.facebook.com\/SonoraEE\/\" \/>\n<meta property=\"article:author\" content=\"https:\/\/www.facebook.com\/SonoraEE\" \/>\n<meta property=\"article:published_time\" content=\"2025-04-06T02:54:40+00:00\" \/>\n<meta property=\"og:image\" content=\"https:\/\/www.sonoraenequipo.com.mx\/storage\/2025\/04\/Gobernador-Durazo-consolida-a-La-Sauceda-como-punto-de-atraccion-turistica-en-Semana-Santa-min.jpg\" \/>\n\t<meta property=\"og:image:width\" content=\"1200\" \/>\n\t<meta property=\"og:image:height\" content=\"799\" \/>\n\t<meta property=\"og:image:type\" content=\"image\/jpeg\" \/>\n<meta name=\"author\" content=\"enequipo\" \/>\n<meta name=\"twitter:card\" content=\"summary_large_image\" \/>\n<meta name=\"twitter:creator\" content=\"@sonoraenequipo\" \/>\n<meta name=\"twitter:site\" content=\"@sonoraenequipo\" \/>\n<meta name=\"twitter:label1\" content=\"Escrito por\" \/>\n\t<meta name=\"twitter:data1\" content=\"enequipo\" \/>\n\t<meta name=\"twitter:label2\" content=\"Tiempo de lectura\" \/>\n\t<meta name=\"twitter:data2\" content=\"2 minutos\" \/>\n<script type=\"application\/ld+json\" class=\"yoast-schema-graph\">{\"@context\":\"https:\/\/schema.org\",\"@graph\":[{\"@type\":\"Article\",\"@id\":\"https:\/\/www.sonoraenequipo.com.mx\/gobernador-durazo-consolida-a-la-sauceda-como-punto-de-atraccion-turistica-en-semana-santa\/#article\",\"isPartOf\":{\"@id\":\"https:\/\/www.sonoraenequipo.com.mx\/gobernador-durazo-consolida-a-la-sauceda-como-punto-de-atraccion-turistica-en-semana-santa\/\"},\"author\":{\"name\":\"enequipo\",\"@id\":\"https:\/\/www.sonoraenequipo.com.mx\/#\/schema\/person\/50102df0fb23a8fa9e8effad8fa81386\"},\"headline\":\"Gobernador Durazo consolida a La Sauceda como punto de atracci\u00f3n tur\u00edstica en Semana Santa\",\"datePublished\":\"2025-04-06T02:54:40+00:00\",\"mainEntityOfPage\":{\"@id\":\"https:\/\/www.sonoraenequipo.com.mx\/gobernador-durazo-consolida-a-la-sauceda-como-punto-de-atraccion-turistica-en-semana-santa\/\"},\"wordCount\":338,\"commentCount\":0,\"publisher\":{\"@id\":\"https:\/\/www.sonoraenequipo.com.mx\/#organization\"},\"image\":{\"@id\":\"https:\/\/www.sonoraenequipo.com.mx\/gobernador-durazo-consolida-a-la-sauceda-como-punto-de-atraccion-turistica-en-semana-santa\/#primaryimage\"},\"thumbnailUrl\":\"https:\/\/www.sonoraenequipo.com.mx\/storage\/2025\/04\/Gobernador-Durazo-consolida-a-La-Sauceda-como-punto-de-atraccion-turistica-en-Semana-Santa-min.jpg\",\"articleSection\":[\"Sonora\"],\"inLanguage\":\"es\",\"potentialAction\":[{\"@type\":\"CommentAction\",\"name\":\"Comment\",\"target\":[\"https:\/\/www.sonoraenequipo.com.mx\/gobernador-durazo-consolida-a-la-sauceda-como-punto-de-atraccion-turistica-en-semana-santa\/#respond\"]}]},{\"@type\":\"WebPage\",\"@id\":\"https:\/\/www.sonoraenequipo.com.mx\/gobernador-durazo-consolida-a-la-sauceda-como-punto-de-atraccion-turistica-en-semana-santa\/\",\"url\":\"https:\/\/www.sonoraenequipo.com.mx\/gobernador-durazo-consolida-a-la-sauceda-como-punto-de-atraccion-turistica-en-semana-santa\/\",\"name\":\"Sonora en Equipo. Gobernador Durazo consolida a La Sauceda como punto de atracci\u00f3n tur\u00edstica en Semana Santa Sonora\",\"isPartOf\":{\"@id\":\"https:\/\/www.sonoraenequipo.com.mx\/#website\"},\"primaryImageOfPage\":{\"@id\":\"https:\/\/www.sonoraenequipo.com.mx\/gobernador-durazo-consolida-a-la-sauceda-como-punto-de-atraccion-turistica-en-semana-santa\/#primaryimage\"},\"image\":{\"@id\":\"https:\/\/www.sonoraenequipo.com.mx\/gobernador-durazo-consolida-a-la-sauceda-como-punto-de-atraccion-turistica-en-semana-santa\/#primaryimage\"},\"thumbnailUrl\":\"https:\/\/www.sonoraenequipo.com.mx\/storage\/2025\/04\/Gobernador-Durazo-consolida-a-La-Sauceda-como-punto-de-atraccion-turistica-en-Semana-Santa-min.jpg\",\"datePublished\":\"2025-04-06T02:54:40+00:00\",\"description\":\"HERMOSILLO, SONORA. MX. \u2014&nbsp; El espacio natural que volvi\u00f3 a la vida con el rescate que realiz\u00f3 el gobernador Alfonso Durazo Monta\u00f1o para convertirlo En Sonora en Equipo publicamos toda la informaci\u00f3n de Sonora, M\u00e9xico y el Mundo de manera oportuna y busca que la libertad de expresi\u00f3n sea real. Visita nuestro medio informativo publicado desde Hermosillo, Sonora. %\",\"breadcrumb\":{\"@id\":\"https:\/\/www.sonoraenequipo.com.mx\/gobernador-durazo-consolida-a-la-sauceda-como-punto-de-atraccion-turistica-en-semana-santa\/#breadcrumb\"},\"inLanguage\":\"es\",\"potentialAction\":[{\"@type\":\"ReadAction\",\"target\":[\"https:\/\/www.sonoraenequipo.com.mx\/gobernador-durazo-consolida-a-la-sauceda-como-punto-de-atraccion-turistica-en-semana-santa\/\"]}]},{\"@type\":\"ImageObject\",\"inLanguage\":\"es\",\"@id\":\"https:\/\/www.sonoraenequipo.com.mx\/gobernador-durazo-consolida-a-la-sauceda-como-punto-de-atraccion-turistica-en-semana-santa\/#primaryimage\",\"url\":\"https:\/\/www.sonoraenequipo.com.mx\/storage\/2025\/04\/Gobernador-Durazo-consolida-a-La-Sauceda-como-punto-de-atraccion-turistica-en-Semana-Santa-min.jpg\",\"contentUrl\":\"https:\/\/www.sonoraenequipo.com.mx\/storage\/2025\/04\/Gobernador-Durazo-consolida-a-La-Sauceda-como-punto-de-atraccion-turistica-en-Semana-Santa-min.jpg\",\"width\":1200,\"height\":799},{\"@type\":\"BreadcrumbList\",\"@id\":\"https:\/\/www.sonoraenequipo.com.mx\/gobernador-durazo-consolida-a-la-sauceda-como-punto-de-atraccion-turistica-en-semana-santa\/#breadcrumb\",\"itemListElement\":[{\"@type\":\"ListItem\",\"position\":1,\"name\":\"Portada\",\"item\":\"https:\/\/www.sonoraenequipo.com.mx\/\"},{\"@type\":\"ListItem\",\"position\":2,\"name\":\"Gobernador Durazo consolida a La Sauceda como punto de atracci\u00f3n tur\u00edstica en Semana Santa\"}]},{\"@type\":\"WebSite\",\"@id\":\"https:\/\/www.sonoraenequipo.com.mx\/#website\",\"url\":\"https:\/\/www.sonoraenequipo.com.mx\/\",\"name\":\"Sonora en Equipo.\",\"description\":\"Diario en l\u00ednea con Noticias desde Hermosillo, Sonora\",\"publisher\":{\"@id\":\"https:\/\/www.sonoraenequipo.com.mx\/#organization\"},\"potentialAction\":[{\"@type\":\"SearchAction\",\"target\":{\"@type\":\"EntryPoint\",\"urlTemplate\":\"https:\/\/www.sonoraenequipo.com.mx\/?s={search_term_string}\"},\"query-input\":{\"@type\":\"PropertyValueSpecification\",\"valueRequired\":true,\"valueName\":\"search_term_string\"}}],\"inLanguage\":\"es\"},{\"@type\":\"Organization\",\"@id\":\"https:\/\/www.sonoraenequipo.com.mx\/#organization\",\"name\":\"Sonoraenequipo.com.mx\",\"url\":\"https:\/\/www.sonoraenequipo.com.mx\/\",\"logo\":{\"@type\":\"ImageObject\",\"inLanguage\":\"es\",\"@id\":\"https:\/\/www.sonoraenequipo.com.mx\/#\/schema\/logo\/image\/\",\"url\":\"https:\/\/www.sonoraenequipo.com.mx\/storage\/2019\/01\/sonoraenequipo_opt.png\",\"contentUrl\":\"https:\/\/www.sonoraenequipo.com.mx\/storage\/2019\/01\/sonoraenequipo_opt.png\",\"width\":375,\"height\":125,\"caption\":\"Sonoraenequipo.com.mx\"},\"image\":{\"@id\":\"https:\/\/www.sonoraenequipo.com.mx\/#\/schema\/logo\/image\/\"},\"sameAs\":[\"https:\/\/www.facebook.com\/SonoraEE\/\",\"https:\/\/x.com\/sonoraenequipo\",\"https:\/\/www.youtube.com\/channel\/UC338nW-lPEYmJQs4ZABQ1SQ\"]},{\"@type\":\"Person\",\"@id\":\"https:\/\/www.sonoraenequipo.com.mx\/#\/schema\/person\/50102df0fb23a8fa9e8effad8fa81386\",\"name\":\"enequipo\",\"image\":{\"@type\":\"ImageObject\",\"inLanguage\":\"es\",\"@id\":\"https:\/\/www.sonoraenequipo.com.mx\/#\/schema\/person\/image\/\",\"url\":\"https:\/\/secure.gravatar.com\/avatar\/049821681b589dabc0bc20695993ccebb09f5b5d4d790cd9251b97faac7c652b?s=96&d=blank&r=g\",\"contentUrl\":\"https:\/\/secure.gravatar.com\/avatar\/049821681b589dabc0bc20695993ccebb09f5b5d4d790cd9251b97faac7c652b?s=96&d=blank&r=g\",\"caption\":\"enequipo\"},\"sameAs\":[\"https:\/\/www.facebook.com\/SonoraEE\"]}]}<\/script>\n ","yoast_head_json":{"title":"Sonora en Equipo. Gobernador Durazo consolida a La Sauceda como punto de atracci\u00f3n tur\u00edstica en Semana Santa Sonora","description":"HERMOSILLO, SONORA. MX. \u2014&nbsp; El espacio natural que volvi\u00f3 a la vida con el rescate que realiz\u00f3 el gobernador Alfonso Durazo Monta\u00f1o para convertirlo En Sonora en Equipo publicamos toda la informaci\u00f3n de Sonora, M\u00e9xico y el Mundo de manera oportuna y busca que la libertad de expresi\u00f3n sea real. Visita nuestro medio informativo publicado desde Hermosillo, Sonora. %","robots":{"index":"index","follow":"follow","max-snippet":"max-snippet:-1","max-image-preview":"max-image-preview:large","max-video-preview":"max-video-preview:-1"},"canonical":"https:\/\/www.sonoraenequipo.com.mx\/gobernador-durazo-consolida-a-la-sauceda-como-punto-de-atraccion-turistica-en-semana-santa\/","og_locale":"es_ES","og_type":"article","og_title":"Sonora en Equipo. Gobernador Durazo consolida a La Sauceda como punto de atracci\u00f3n tur\u00edstica en Semana Santa Sonora","og_description":"HERMOSILLO, SONORA. MX. \u2014&nbsp; El espacio natural que volvi\u00f3 a la vida con el rescate que realiz\u00f3 el gobernador Alfonso Durazo Monta\u00f1o para convertirlo En Sonora en Equipo publicamos toda la informaci\u00f3n de Sonora, M\u00e9xico y el Mundo de manera oportuna y busca que la libertad de expresi\u00f3n sea real. Visita nuestro medio informativo publicado desde Hermosillo, Sonora. %","og_url":"https:\/\/www.sonoraenequipo.com.mx\/gobernador-durazo-consolida-a-la-sauceda-como-punto-de-atraccion-turistica-en-semana-santa\/","og_site_name":"Sonora en Equipo.","article_publisher":"https:\/\/www.facebook.com\/SonoraEE\/","article_author":"https:\/\/www.facebook.com\/SonoraEE","article_published_time":"2025-04-06T02:54:40+00:00","og_image":[{"width":1200,"height":799,"url":"https:\/\/www.sonoraenequipo.com.mx\/storage\/2025\/04\/Gobernador-Durazo-consolida-a-La-Sauceda-como-punto-de-atraccion-turistica-en-Semana-Santa-min.jpg","type":"image\/jpeg"}],"author":"enequipo","twitter_card":"summary_large_image","twitter_creator":"@sonoraenequipo","twitter_site":"@sonoraenequipo","twitter_misc":{"Escrito por":"enequipo","Tiempo de lectura":"2 minutos"},"schema":{"@context":"https:\/\/schema.org","@graph":[{"@type":"Article","@id":"https:\/\/www.sonoraenequipo.com.mx\/gobernador-durazo-consolida-a-la-sauceda-como-punto-de-atraccion-turistica-en-semana-santa\/#article","isPartOf":{"@id":"https:\/\/www.sonoraenequipo.com.mx\/gobernador-durazo-consolida-a-la-sauceda-como-punto-de-atraccion-turistica-en-semana-santa\/"},"author":{"name":"enequipo","@id":"https:\/\/www.sonoraenequipo.com.mx\/#\/schema\/person\/50102df0fb23a8fa9e8effad8fa81386"},"headline":"Gobernador Durazo consolida a La Sauceda como punto de atracci\u00f3n tur\u00edstica en Semana Santa","datePublished":"2025-04-06T02:54:40+00:00","mainEntityOfPage":{"@id":"https:\/\/www.sonoraenequipo.com.mx\/gobernador-durazo-consolida-a-la-sauceda-como-punto-de-atraccion-turistica-en-semana-santa\/"},"wordCount":338,"commentCount":0,"publisher":{"@id":"https:\/\/www.sonoraenequipo.com.mx\/#organization"},"image":{"@id":"https:\/\/www.sonoraenequipo.com.mx\/gobernador-durazo-consolida-a-la-sauceda-como-punto-de-atraccion-turistica-en-semana-santa\/#primaryimage"},"thumbnailUrl":"https:\/\/www.sonoraenequipo.com.mx\/storage\/2025\/04\/Gobernador-Durazo-consolida-a-La-Sauceda-como-punto-de-atraccion-turistica-en-Semana-Santa-min.jpg","articleSection":["Sonora"],"inLanguage":"es","potentialAction":[{"@type":"CommentAction","name":"Comment","target":["https:\/\/www.sonoraenequipo.com.mx\/gobernador-durazo-consolida-a-la-sauceda-como-punto-de-atraccion-turistica-en-semana-santa\/#respond"]}]},{"@type":"WebPage","@id":"https:\/\/www.sonoraenequipo.com.mx\/gobernador-durazo-consolida-a-la-sauceda-como-punto-de-atraccion-turistica-en-semana-santa\/","url":"https:\/\/www.sonoraenequipo.com.mx\/gobernador-durazo-consolida-a-la-sauceda-como-punto-de-atraccion-turistica-en-semana-santa\/","name":"Sonora en Equipo. Gobernador Durazo consolida a La Sauceda como punto de atracci\u00f3n tur\u00edstica en Semana Santa Sonora","isPartOf":{"@id":"https:\/\/www.sonoraenequipo.com.mx\/#website"},"primaryImageOfPage":{"@id":"https:\/\/www.sonoraenequipo.com.mx\/gobernador-durazo-consolida-a-la-sauceda-como-punto-de-atraccion-turistica-en-semana-santa\/#primaryimage"},"image":{"@id":"https:\/\/www.sonoraenequipo.com.mx\/gobernador-durazo-consolida-a-la-sauceda-como-punto-de-atraccion-turistica-en-semana-santa\/#primaryimage"},"thumbnailUrl":"https:\/\/www.sonoraenequipo.com.mx\/storage\/2025\/04\/Gobernador-Durazo-consolida-a-La-Sauceda-como-punto-de-atraccion-turistica-en-Semana-Santa-min.jpg","datePublished":"2025-04-06T02:54:40+00:00","description":"HERMOSILLO, SONORA. MX. \u2014&nbsp; El espacio natural que volvi\u00f3 a la vida con el rescate que realiz\u00f3 el gobernador Alfonso Durazo Monta\u00f1o para convertirlo En Sonora en Equipo publicamos toda la informaci\u00f3n de Sonora, M\u00e9xico y el Mundo de manera oportuna y busca que la libertad de expresi\u00f3n sea real. Visita nuestro medio informativo publicado desde Hermosillo, Sonora. %","breadcrumb":{"@id":"https:\/\/www.sonoraenequipo.com.mx\/gobernador-durazo-consolida-a-la-sauceda-como-punto-de-atraccion-turistica-en-semana-santa\/#breadcrumb"},"inLanguage":"es","potentialAction":[{"@type":"ReadAction","target":["https:\/\/www.sonoraenequipo.com.mx\/gobernador-durazo-consolida-a-la-sauceda-como-punto-de-atraccion-turistica-en-semana-santa\/"]}]},{"@type":"ImageObject","inLanguage":"es","@id":"https:\/\/www.sonoraenequipo.com.mx\/gobernador-durazo-consolida-a-la-sauceda-como-punto-de-atraccion-turistica-en-semana-santa\/#primaryimage","url":"https:\/\/www.sonoraenequipo.com.mx\/storage\/2025\/04\/Gobernador-Durazo-consolida-a-La-Sauceda-como-punto-de-atraccion-turistica-en-Semana-Santa-min.jpg","contentUrl":"https:\/\/www.sonoraenequipo.com.mx\/storage\/2025\/04\/Gobernador-Durazo-consolida-a-La-Sauceda-como-punto-de-atraccion-turistica-en-Semana-Santa-min.jpg","width":1200,"height":799},{"@type":"BreadcrumbList","@id":"https:\/\/www.sonoraenequipo.com.mx\/gobernador-durazo-consolida-a-la-sauceda-como-punto-de-atraccion-turistica-en-semana-santa\/#breadcrumb","itemListElement":[{"@type":"ListItem","position":1,"name":"Portada","item":"https:\/\/www.sonoraenequipo.com.mx\/"},{"@type":"ListItem","position":2,"name":"Gobernador Durazo consolida a La Sauceda como punto de atracci\u00f3n tur\u00edstica en Semana Santa"}]},{"@type":"WebSite","@id":"https:\/\/www.sonoraenequipo.com.mx\/#website","url":"https:\/\/www.sonoraenequipo.com.mx\/","name":"Sonora en Equipo.","description":"Diario en l\u00ednea con Noticias desde Hermosillo, Sonora","publisher":{"@id":"https:\/\/www.sonoraenequipo.com.mx\/#organization"},"potentialAction":[{"@type":"SearchAction","target":{"@type":"EntryPoint","urlTemplate":"https:\/\/www.sonoraenequipo.com.mx\/?s={search_term_string}"},"query-input":{"@type":"PropertyValueSpecification","valueRequired":true,"valueName":"search_term_string"}}],"inLanguage":"es"},{"@type":"Organization","@id":"https:\/\/www.sonoraenequipo.com.mx\/#organization","name":"Sonoraenequipo.com.mx","url":"https:\/\/www.sonoraenequipo.com.mx\/","logo":{"@type":"ImageObject","inLanguage":"es","@id":"https:\/\/www.sonoraenequipo.com.mx\/#\/schema\/logo\/image\/","url":"https:\/\/www.sonoraenequipo.com.mx\/storage\/2019\/01\/sonoraenequipo_opt.png","contentUrl":"https:\/\/www.sonoraenequipo.com.mx\/storage\/2019\/01\/sonoraenequipo_opt.png","width":375,"height":125,"caption":"Sonoraenequipo.com.mx"},"image":{"@id":"https:\/\/www.sonoraenequipo.com.mx\/#\/schema\/logo\/image\/"},"sameAs":["https:\/\/www.facebook.com\/SonoraEE\/","https:\/\/x.com\/sonoraenequipo","https:\/\/www.youtube.com\/channel\/UC338nW-lPEYmJQs4ZABQ1SQ"]},{"@type":"Person","@id":"https:\/\/www.sonoraenequipo.com.mx\/#\/schema\/person\/50102df0fb23a8fa9e8effad8fa81386","name":"enequipo","image":{"@type":"ImageObject","inLanguage":"es","@id":"https:\/\/www.sonoraenequipo.com.mx\/#\/schema\/person\/image\/","url":"https:\/\/secure.gravatar.com\/avatar\/049821681b589dabc0bc20695993ccebb09f5b5d4d790cd9251b97faac7c652b?s=96&d=blank&r=g","contentUrl":"https:\/\/secure.gravatar.com\/avatar\/049821681b589dabc0bc20695993ccebb09f5b5d4d790cd9251b97faac7c652b?s=96&d=blank&r=g","caption":"enequipo"},"sameAs":["https:\/\/www.facebook.com\/SonoraEE"]}]}},"jetpack_featured_media_url":"https:\/\/www.sonoraenequipo.com.mx\/storage\/2025\/04\/Gobernador-Durazo-consolida-a-La-Sauceda-como-punto-de-atraccion-turistica-en-Semana-Santa-min.jpg","_links":{"self":[{"href":"https:\/\/www.sonoraenequipo.com.mx\/api\/wp\/v2\/posts\/213022","targetHints":{"allow":["GET"]}}],"collection":[{"href":"https:\/\/www.sonoraenequipo.com.mx\/api\/wp\/v2\/posts"}],"about":[{"href":"https:\/\/www.sonoraenequipo.com.mx\/api\/wp\/v2\/types\/post"}],"author":[{"embeddable":true,"href":"https:\/\/www.sonoraenequipo.com.mx\/api\/wp\/v2\/users\/1"}],"replies":[{"embeddable":true,"href":"https:\/\/www.sonoraenequipo.com.mx\/api\/wp\/v2\/comments?post=213022"}],"version-history":[{"count":2,"href":"https:\/\/www.sonoraenequipo.com.mx\/api\/wp\/v2\/posts\/213022\/revisions"}],"predecessor-version":[{"id":213027,"href":"https:\/\/www.sonoraenequipo.com.mx\/api\/wp\/v2\/posts\/213022\/revisions\/213027"}],"wp:featuredmedia":[{"embeddable":true,"href":"https:\/\/www.sonoraenequipo.com.mx\/api\/wp\/v2\/media\/213025"}],"wp:attachment":[{"href":"https:\/\/www.sonoraenequipo.com.mx\/api\/wp\/v2\/media?parent=213022"}],"wp:term":[{"taxonomy":"category","embeddable":true,"href":"https:\/\/www.sonoraenequipo.com.mx\/api\/wp\/v2\/categories?post=213022"},{"taxonomy":"post_tag","embeddable":true,"href":"https:\/\/www.sonoraenequipo.com.mx\/api\/wp\/v2\/tags?post=213022"}],"curies":[{"name":"wp","href":"https:\/\/api.w.org\/{rel}","templated":true}]}}