{"id":213032,"date":"2025-04-06T12:50:27","date_gmt":"2025-04-06T19:50:27","guid":{"rendered":"https:\/\/www.sonoraenequipo.com.mx\/?p=213032"},"modified":"2025-04-06T12:50:27","modified_gmt":"2025-04-06T19:50:27","slug":"manos-fuera-protestas-masivas-en-ee-uu-y-otros-paises-del-mundo-contra-trump-y-musk","status":"publish","type":"post","link":"https:\/\/www.sonoraenequipo.com.mx\/manos-fuera-protestas-masivas-en-ee-uu-y-otros-paises-del-mundo-contra-trump-y-musk\/","title":{"rendered":"\u00abManos fuera\u00bb: protestas masivas en EE.UU. y otros pa\u00edses del mundo contra Trump y Musk"},"content":{"rendered":"<p>Millones de personas participaron en protestas contra el presidente Donald Trump y Elon Musk en los 50 estados y a nivel mundial este s\u00e1bado, organizadas por un movimiento prodemocracia en respuesta a lo que llaman una \u201ctoma hostil\u201d y ataque a los derechos y libertades estadounidenses.<\/p>\n<p>&nbsp;<\/p>\n<p>Se llevaron a cabo m\u00e1s de 1.400 protestas masivas \u201cHands off!\u201d (Manos fuera) en capitales estatales, edificios federales, oficinas del Congreso, sedes de Seguridad Social, parques y ayuntamientos de todo el pa\u00eds, en cualquier lugar \u201cdonde podamos asegurarnos de que nos escuchan\u201d, dijeron los organizadores. \u201cHands off!\u201d exige \u201cel fin de esta toma de poder de los multimillonarios\u201d.<\/p>\n<p>&nbsp;<\/p>\n<p>\u201cYa sea que te movilices por los ataques a nuestra democracia, el recorte de empleos, la invasi\u00f3n de la privacidad o el asalto a nuestros servicios \u2013 este momento es para ti,\u201d se lee en los volantes del evento. \u201cEstamos buscando construir un rechazo masivo, visible y nacional a esta crisis\u201d.<\/p>\n<p>&nbsp;<\/p>\n<p>&nbsp;<\/p>\n<p>Casi 600.000 personas se hab\u00edan inscrito para asistir a los eventos, algunos de los cuales tuvieron lugar en ciudades importantes como Londres y Par\u00eds, seg\u00fan Indivisible, una de las organizaciones que lidera el movimiento en colaboraci\u00f3n con una coalici\u00f3n nacional que incluye organizaciones de derechos civiles, veteranos, grupos de derechos de las mujeres, sindicatos y defensores la comunidad LGBTQ.<\/p>\n<p>Varias personas sostienen pancartas durante una protesta contra el presidente de Estados Unidos, Donald Trump, y su asesor principal, Elon Musk, en el centro de Londres el 5 de abril de 2025, como parte de un d\u00eda internacional de protesta llamado \u00ab\u00a1Manos fuera!\u00bb. \u00ab\u00a1Manos fuera!\u00bb exige \u00abel fin de este acaparamiento de poder multimillonario\u00bb. HENRY NICHOLLS\/AFP\/AFP via Getty Images<\/p>\n<p>Los organizadores afirman que tienen tres reclamos: \u201cEl fin de la multimillonaria toma de control y la corrupci\u00f3n desenfrenada de la administraci\u00f3n Trump; el fin del recorte de fondos federales para Medicaid, la seguridad social y otros programas de los que dependen las personas trabajadoras; y el fin de los ataques contra inmigrantes, personas trans y otras comunidades\u201d.<\/p>\n<p>&nbsp;<\/p>\n<p>CNN se ha puesto en contacto con la Casa Blanca para obtener una declaraci\u00f3n.<\/p>\n<p>&nbsp;<\/p>\n<p>Representantes estatales intervienen en las protestas<\/p>\n<p>Durante la protesta Hands Off! en Washington, m\u00faltiples representantes subieron al podio para hablar sobre la administraci\u00f3n Trump, incluido el representante dem\u00f3crata Jamie Raskin de Maryland, quien dijo que no hay futuro con un presidente que tiene \u201cla pol\u00edtica de Mussolini y la econom\u00eda de Herbert Hoover\u201d.<\/p>\n<p>&nbsp;<\/p>\n<p>\u201cNuestros fundadores escribieron una Constituci\u00f3n que no comienza con \u2018Nosotros los dictadores\u2019, el pre\u00e1mbulo dice \u2018Nosotros el pueblo\u2019\u00bb, dijo Raskin frente a una multitud de cientos de personas que sosten\u00edan pancartas que arrmet\u00edan contra la administraci\u00f3n. \u201cNinguna persona con moral quiere un dictador que hunda la econom\u00eda, que conozca el precio de todo y el valor de nada\u201d.<\/p>\n<p>&nbsp;<\/p>\n<p>Los manifestantes viajaron desde todo el pa\u00eds en una demostraci\u00f3n de fuerza en la capital de la naci\u00f3n sobre las preocupaciones de las pol\u00edticas de la administraci\u00f3n. Los manifestantes en el National Mall coreaban \u201cHey ho, Trump\u2019s gotta go\u201d, mientras sosten\u00edan carteles en los que se le\u00eda \u201cProtejamos nuestra Constituci\u00f3n\u201d y \u201cManos fuera de nuestros derechos\u201d.<\/p>\n<p><strong>Fecha de publicaci\u00f3n domingo 6 de abril de 2025 \/CNN<\/strong><\/p>\n","protected":false},"excerpt":{"rendered":"<p>Millones de personas participaron en protestas contra el presidente Donald Trump y Elon Musk en&#8230;<\/p>\n","protected":false},"author":1,"featured_media":213033,"comment_status":"open","ping_status":"open","sticky":false,"template":"","format":"standard","meta":{"_monsterinsights_skip_tracking":false,"_monsterinsights_sitenote_active":false,"_monsterinsights_sitenote_note":"","_monsterinsights_sitenote_category":0,"footnotes":""},"categories":[3],"tags":[],"class_list":["post"],"yoast_head":" \n<title>Sonora en Equipo. &quot;Manos fuera&quot;: protestas masivas en EE.UU. y otros pa\u00edses del mundo contra Trump y Musk MUNDO<\/title>\n<meta name=\"description\" content=\"Millones de personas participaron en protestas contra el presidente Donald Trump y Elon Musk en los 50 estados y a nivel mundial este s\u00e1bado, organizadas En Sonora en Equipo publicamos toda la informaci\u00f3n de Sonora, M\u00e9xico y el Mundo de manera oportuna y busca que la libertad de expresi\u00f3n sea real. Visita nuestro medio informativo publicado desde Hermosillo, Sonora. %\" \/>\n<meta name=\"robots\" content=\"index, follow, max-snippet:-1, max-image-preview:large, max-video-preview:-1\" \/>\n<link rel=\"canonical\" href=\"https:\/\/www.sonoraenequipo.com.mx\/manos-fuera-protestas-masivas-en-ee-uu-y-otros-paises-del-mundo-contra-trump-y-musk\/\" \/>\n<meta property=\"og:locale\" content=\"es_ES\" \/>\n<meta property=\"og:type\" content=\"article\" \/>\n<meta property=\"og:title\" content=\"Sonora en Equipo. &quot;Manos fuera&quot;: protestas masivas en EE.UU. y otros pa\u00edses del mundo contra Trump y Musk MUNDO\" \/>\n<meta property=\"og:description\" content=\"Millones de personas participaron en protestas contra el presidente Donald Trump y Elon Musk en los 50 estados y a nivel mundial este s\u00e1bado, organizadas En Sonora en Equipo publicamos toda la informaci\u00f3n de Sonora, M\u00e9xico y el Mundo de manera oportuna y busca que la libertad de expresi\u00f3n sea real. Visita nuestro medio informativo publicado desde Hermosillo, Sonora. %\" \/>\n<meta property=\"og:url\" content=\"https:\/\/www.sonoraenequipo.com.mx\/manos-fuera-protestas-masivas-en-ee-uu-y-otros-paises-del-mundo-contra-trump-y-musk\/\" \/>\n<meta property=\"og:site_name\" content=\"Sonora en Equipo.\" \/>\n<meta property=\"article:publisher\" content=\"https:\/\/www.facebook.com\/SonoraEE\/\" \/>\n<meta property=\"article:author\" content=\"https:\/\/www.facebook.com\/SonoraEE\" \/>\n<meta property=\"article:published_time\" content=\"2025-04-06T19:50:27+00:00\" \/>\n<meta property=\"og:image\" content=\"https:\/\/www.sonoraenequipo.com.mx\/storage\/2025\/04\/protestas-eu.jpg\" \/>\n\t<meta property=\"og:image:width\" content=\"600\" \/>\n\t<meta property=\"og:image:height\" content=\"422\" \/>\n\t<meta property=\"og:image:type\" content=\"image\/jpeg\" \/>\n<meta name=\"author\" content=\"enequipo\" \/>\n<meta name=\"twitter:card\" content=\"summary_large_image\" \/>\n<meta name=\"twitter:creator\" content=\"@sonoraenequipo\" \/>\n<meta name=\"twitter:site\" content=\"@sonoraenequipo\" \/>\n<meta name=\"twitter:label1\" content=\"Escrito por\" \/>\n\t<meta name=\"twitter:data1\" content=\"enequipo\" \/>\n\t<meta name=\"twitter:label2\" content=\"Tiempo de lectura\" \/>\n\t<meta name=\"twitter:data2\" content=\"3 minutos\" \/>\n<script type=\"application\/ld+json\" class=\"yoast-schema-graph\">{\"@context\":\"https:\/\/schema.org\",\"@graph\":[{\"@type\":\"Article\",\"@id\":\"https:\/\/www.sonoraenequipo.com.mx\/manos-fuera-protestas-masivas-en-ee-uu-y-otros-paises-del-mundo-contra-trump-y-musk\/#article\",\"isPartOf\":{\"@id\":\"https:\/\/www.sonoraenequipo.com.mx\/manos-fuera-protestas-masivas-en-ee-uu-y-otros-paises-del-mundo-contra-trump-y-musk\/\"},\"author\":{\"name\":\"enequipo\",\"@id\":\"https:\/\/www.sonoraenequipo.com.mx\/#\/schema\/person\/50102df0fb23a8fa9e8effad8fa81386\"},\"headline\":\"\u00abManos fuera\u00bb: protestas masivas en EE.UU. y otros pa\u00edses del mundo contra Trump y Musk\",\"datePublished\":\"2025-04-06T19:50:27+00:00\",\"mainEntityOfPage\":{\"@id\":\"https:\/\/www.sonoraenequipo.com.mx\/manos-fuera-protestas-masivas-en-ee-uu-y-otros-paises-del-mundo-contra-trump-y-musk\/\"},\"wordCount\":575,\"commentCount\":0,\"publisher\":{\"@id\":\"https:\/\/www.sonoraenequipo.com.mx\/#organization\"},\"image\":{\"@id\":\"https:\/\/www.sonoraenequipo.com.mx\/manos-fuera-protestas-masivas-en-ee-uu-y-otros-paises-del-mundo-contra-trump-y-musk\/#primaryimage\"},\"thumbnailUrl\":\"https:\/\/www.sonoraenequipo.com.mx\/storage\/2025\/04\/protestas-eu.jpg\",\"articleSection\":[\"MUNDO\"],\"inLanguage\":\"es\",\"potentialAction\":[{\"@type\":\"CommentAction\",\"name\":\"Comment\",\"target\":[\"https:\/\/www.sonoraenequipo.com.mx\/manos-fuera-protestas-masivas-en-ee-uu-y-otros-paises-del-mundo-contra-trump-y-musk\/#respond\"]}]},{\"@type\":\"WebPage\",\"@id\":\"https:\/\/www.sonoraenequipo.com.mx\/manos-fuera-protestas-masivas-en-ee-uu-y-otros-paises-del-mundo-contra-trump-y-musk\/\",\"url\":\"https:\/\/www.sonoraenequipo.com.mx\/manos-fuera-protestas-masivas-en-ee-uu-y-otros-paises-del-mundo-contra-trump-y-musk\/\",\"name\":\"Sonora en Equipo. \\\"Manos fuera\\\": protestas masivas en EE.UU. y otros pa\u00edses del mundo contra Trump y Musk MUNDO\",\"isPartOf\":{\"@id\":\"https:\/\/www.sonoraenequipo.com.mx\/#website\"},\"primaryImageOfPage\":{\"@id\":\"https:\/\/www.sonoraenequipo.com.mx\/manos-fuera-protestas-masivas-en-ee-uu-y-otros-paises-del-mundo-contra-trump-y-musk\/#primaryimage\"},\"image\":{\"@id\":\"https:\/\/www.sonoraenequipo.com.mx\/manos-fuera-protestas-masivas-en-ee-uu-y-otros-paises-del-mundo-contra-trump-y-musk\/#primaryimage\"},\"thumbnailUrl\":\"https:\/\/www.sonoraenequipo.com.mx\/storage\/2025\/04\/protestas-eu.jpg\",\"datePublished\":\"2025-04-06T19:50:27+00:00\",\"description\":\"Millones de personas participaron en protestas contra el presidente Donald Trump y Elon Musk en los 50 estados y a nivel mundial este s\u00e1bado, organizadas En Sonora en Equipo publicamos toda la informaci\u00f3n de Sonora, M\u00e9xico y el Mundo de manera oportuna y busca que la libertad de expresi\u00f3n sea real. Visita nuestro medio informativo publicado desde Hermosillo, Sonora. %\",\"breadcrumb\":{\"@id\":\"https:\/\/www.sonoraenequipo.com.mx\/manos-fuera-protestas-masivas-en-ee-uu-y-otros-paises-del-mundo-contra-trump-y-musk\/#breadcrumb\"},\"inLanguage\":\"es\",\"potentialAction\":[{\"@type\":\"ReadAction\",\"target\":[\"https:\/\/www.sonoraenequipo.com.mx\/manos-fuera-protestas-masivas-en-ee-uu-y-otros-paises-del-mundo-contra-trump-y-musk\/\"]}]},{\"@type\":\"ImageObject\",\"inLanguage\":\"es\",\"@id\":\"https:\/\/www.sonoraenequipo.com.mx\/manos-fuera-protestas-masivas-en-ee-uu-y-otros-paises-del-mundo-contra-trump-y-musk\/#primaryimage\",\"url\":\"https:\/\/www.sonoraenequipo.com.mx\/storage\/2025\/04\/protestas-eu.jpg\",\"contentUrl\":\"https:\/\/www.sonoraenequipo.com.mx\/storage\/2025\/04\/protestas-eu.jpg\",\"width\":600,\"height\":422,\"caption\":\"protestas EE.UU. Captura de video.\"},{\"@type\":\"BreadcrumbList\",\"@id\":\"https:\/\/www.sonoraenequipo.com.mx\/manos-fuera-protestas-masivas-en-ee-uu-y-otros-paises-del-mundo-contra-trump-y-musk\/#breadcrumb\",\"itemListElement\":[{\"@type\":\"ListItem\",\"position\":1,\"name\":\"Portada\",\"item\":\"https:\/\/www.sonoraenequipo.com.mx\/\"},{\"@type\":\"ListItem\",\"position\":2,\"name\":\"\u00abManos fuera\u00bb: protestas masivas en EE.UU. y otros pa\u00edses del mundo contra Trump y Musk\"}]},{\"@type\":\"WebSite\",\"@id\":\"https:\/\/www.sonoraenequipo.com.mx\/#website\",\"url\":\"https:\/\/www.sonoraenequipo.com.mx\/\",\"name\":\"Sonora en Equipo.\",\"description\":\"Diario en l\u00ednea con Noticias desde Hermosillo, Sonora\",\"publisher\":{\"@id\":\"https:\/\/www.sonoraenequipo.com.mx\/#organization\"},\"potentialAction\":[{\"@type\":\"SearchAction\",\"target\":{\"@type\":\"EntryPoint\",\"urlTemplate\":\"https:\/\/www.sonoraenequipo.com.mx\/?s={search_term_string}\"},\"query-input\":{\"@type\":\"PropertyValueSpecification\",\"valueRequired\":true,\"valueName\":\"search_term_string\"}}],\"inLanguage\":\"es\"},{\"@type\":\"Organization\",\"@id\":\"https:\/\/www.sonoraenequipo.com.mx\/#organization\",\"name\":\"Sonoraenequipo.com.mx\",\"url\":\"https:\/\/www.sonoraenequipo.com.mx\/\",\"logo\":{\"@type\":\"ImageObject\",\"inLanguage\":\"es\",\"@id\":\"https:\/\/www.sonoraenequipo.com.mx\/#\/schema\/logo\/image\/\",\"url\":\"https:\/\/www.sonoraenequipo.com.mx\/storage\/2019\/01\/sonoraenequipo_opt.png\",\"contentUrl\":\"https:\/\/www.sonoraenequipo.com.mx\/storage\/2019\/01\/sonoraenequipo_opt.png\",\"width\":375,\"height\":125,\"caption\":\"Sonoraenequipo.com.mx\"},\"image\":{\"@id\":\"https:\/\/www.sonoraenequipo.com.mx\/#\/schema\/logo\/image\/\"},\"sameAs\":[\"https:\/\/www.facebook.com\/SonoraEE\/\",\"https:\/\/x.com\/sonoraenequipo\",\"https:\/\/www.youtube.com\/channel\/UC338nW-lPEYmJQs4ZABQ1SQ\"]},{\"@type\":\"Person\",\"@id\":\"https:\/\/www.sonoraenequipo.com.mx\/#\/schema\/person\/50102df0fb23a8fa9e8effad8fa81386\",\"name\":\"enequipo\",\"image\":{\"@type\":\"ImageObject\",\"inLanguage\":\"es\",\"@id\":\"https:\/\/www.sonoraenequipo.com.mx\/#\/schema\/person\/image\/\",\"url\":\"https:\/\/secure.gravatar.com\/avatar\/049821681b589dabc0bc20695993ccebb09f5b5d4d790cd9251b97faac7c652b?s=96&d=blank&r=g\",\"contentUrl\":\"https:\/\/secure.gravatar.com\/avatar\/049821681b589dabc0bc20695993ccebb09f5b5d4d790cd9251b97faac7c652b?s=96&d=blank&r=g\",\"caption\":\"enequipo\"},\"sameAs\":[\"https:\/\/www.facebook.com\/SonoraEE\"]}]}<\/script>\n ","yoast_head_json":{"title":"Sonora en Equipo. \"Manos fuera\": protestas masivas en EE.UU. y otros pa\u00edses del mundo contra Trump y Musk MUNDO","description":"Millones de personas participaron en protestas contra el presidente Donald Trump y Elon Musk en los 50 estados y a nivel mundial este s\u00e1bado, organizadas En Sonora en Equipo publicamos toda la informaci\u00f3n de Sonora, M\u00e9xico y el Mundo de manera oportuna y busca que la libertad de expresi\u00f3n sea real. Visita nuestro medio informativo publicado desde Hermosillo, Sonora. %","robots":{"index":"index","follow":"follow","max-snippet":"max-snippet:-1","max-image-preview":"max-image-preview:large","max-video-preview":"max-video-preview:-1"},"canonical":"https:\/\/www.sonoraenequipo.com.mx\/manos-fuera-protestas-masivas-en-ee-uu-y-otros-paises-del-mundo-contra-trump-y-musk\/","og_locale":"es_ES","og_type":"article","og_title":"Sonora en Equipo. \"Manos fuera\": protestas masivas en EE.UU. y otros pa\u00edses del mundo contra Trump y Musk MUNDO","og_description":"Millones de personas participaron en protestas contra el presidente Donald Trump y Elon Musk en los 50 estados y a nivel mundial este s\u00e1bado, organizadas En Sonora en Equipo publicamos toda la informaci\u00f3n de Sonora, M\u00e9xico y el Mundo de manera oportuna y busca que la libertad de expresi\u00f3n sea real. Visita nuestro medio informativo publicado desde Hermosillo, Sonora. %","og_url":"https:\/\/www.sonoraenequipo.com.mx\/manos-fuera-protestas-masivas-en-ee-uu-y-otros-paises-del-mundo-contra-trump-y-musk\/","og_site_name":"Sonora en Equipo.","article_publisher":"https:\/\/www.facebook.com\/SonoraEE\/","article_author":"https:\/\/www.facebook.com\/SonoraEE","article_published_time":"2025-04-06T19:50:27+00:00","og_image":[{"width":600,"height":422,"url":"https:\/\/www.sonoraenequipo.com.mx\/storage\/2025\/04\/protestas-eu.jpg","type":"image\/jpeg"}],"author":"enequipo","twitter_card":"summary_large_image","twitter_creator":"@sonoraenequipo","twitter_site":"@sonoraenequipo","twitter_misc":{"Escrito por":"enequipo","Tiempo de lectura":"3 minutos"},"schema":{"@context":"https:\/\/schema.org","@graph":[{"@type":"Article","@id":"https:\/\/www.sonoraenequipo.com.mx\/manos-fuera-protestas-masivas-en-ee-uu-y-otros-paises-del-mundo-contra-trump-y-musk\/#article","isPartOf":{"@id":"https:\/\/www.sonoraenequipo.com.mx\/manos-fuera-protestas-masivas-en-ee-uu-y-otros-paises-del-mundo-contra-trump-y-musk\/"},"author":{"name":"enequipo","@id":"https:\/\/www.sonoraenequipo.com.mx\/#\/schema\/person\/50102df0fb23a8fa9e8effad8fa81386"},"headline":"\u00abManos fuera\u00bb: protestas masivas en EE.UU. y otros pa\u00edses del mundo contra Trump y Musk","datePublished":"2025-04-06T19:50:27+00:00","mainEntityOfPage":{"@id":"https:\/\/www.sonoraenequipo.com.mx\/manos-fuera-protestas-masivas-en-ee-uu-y-otros-paises-del-mundo-contra-trump-y-musk\/"},"wordCount":575,"commentCount":0,"publisher":{"@id":"https:\/\/www.sonoraenequipo.com.mx\/#organization"},"image":{"@id":"https:\/\/www.sonoraenequipo.com.mx\/manos-fuera-protestas-masivas-en-ee-uu-y-otros-paises-del-mundo-contra-trump-y-musk\/#primaryimage"},"thumbnailUrl":"https:\/\/www.sonoraenequipo.com.mx\/storage\/2025\/04\/protestas-eu.jpg","articleSection":["MUNDO"],"inLanguage":"es","potentialAction":[{"@type":"CommentAction","name":"Comment","target":["https:\/\/www.sonoraenequipo.com.mx\/manos-fuera-protestas-masivas-en-ee-uu-y-otros-paises-del-mundo-contra-trump-y-musk\/#respond"]}]},{"@type":"WebPage","@id":"https:\/\/www.sonoraenequipo.com.mx\/manos-fuera-protestas-masivas-en-ee-uu-y-otros-paises-del-mundo-contra-trump-y-musk\/","url":"https:\/\/www.sonoraenequipo.com.mx\/manos-fuera-protestas-masivas-en-ee-uu-y-otros-paises-del-mundo-contra-trump-y-musk\/","name":"Sonora en Equipo. \"Manos fuera\": protestas masivas en EE.UU. y otros pa\u00edses del mundo contra Trump y Musk MUNDO","isPartOf":{"@id":"https:\/\/www.sonoraenequipo.com.mx\/#website"},"primaryImageOfPage":{"@id":"https:\/\/www.sonoraenequipo.com.mx\/manos-fuera-protestas-masivas-en-ee-uu-y-otros-paises-del-mundo-contra-trump-y-musk\/#primaryimage"},"image":{"@id":"https:\/\/www.sonoraenequipo.com.mx\/manos-fuera-protestas-masivas-en-ee-uu-y-otros-paises-del-mundo-contra-trump-y-musk\/#primaryimage"},"thumbnailUrl":"https:\/\/www.sonoraenequipo.com.mx\/storage\/2025\/04\/protestas-eu.jpg","datePublished":"2025-04-06T19:50:27+00:00","description":"Millones de personas participaron en protestas contra el presidente Donald Trump y Elon Musk en los 50 estados y a nivel mundial este s\u00e1bado, organizadas En Sonora en Equipo publicamos toda la informaci\u00f3n de Sonora, M\u00e9xico y el Mundo de manera oportuna y busca que la libertad de expresi\u00f3n sea real. Visita nuestro medio informativo publicado desde Hermosillo, Sonora. %","breadcrumb":{"@id":"https:\/\/www.sonoraenequipo.com.mx\/manos-fuera-protestas-masivas-en-ee-uu-y-otros-paises-del-mundo-contra-trump-y-musk\/#breadcrumb"},"inLanguage":"es","potentialAction":[{"@type":"ReadAction","target":["https:\/\/www.sonoraenequipo.com.mx\/manos-fuera-protestas-masivas-en-ee-uu-y-otros-paises-del-mundo-contra-trump-y-musk\/"]}]},{"@type":"ImageObject","inLanguage":"es","@id":"https:\/\/www.sonoraenequipo.com.mx\/manos-fuera-protestas-masivas-en-ee-uu-y-otros-paises-del-mundo-contra-trump-y-musk\/#primaryimage","url":"https:\/\/www.sonoraenequipo.com.mx\/storage\/2025\/04\/protestas-eu.jpg","contentUrl":"https:\/\/www.sonoraenequipo.com.mx\/storage\/2025\/04\/protestas-eu.jpg","width":600,"height":422,"caption":"protestas EE.UU. Captura de video."},{"@type":"BreadcrumbList","@id":"https:\/\/www.sonoraenequipo.com.mx\/manos-fuera-protestas-masivas-en-ee-uu-y-otros-paises-del-mundo-contra-trump-y-musk\/#breadcrumb","itemListElement":[{"@type":"ListItem","position":1,"name":"Portada","item":"https:\/\/www.sonoraenequipo.com.mx\/"},{"@type":"ListItem","position":2,"name":"\u00abManos fuera\u00bb: protestas masivas en EE.UU. y otros pa\u00edses del mundo contra Trump y Musk"}]},{"@type":"WebSite","@id":"https:\/\/www.sonoraenequipo.com.mx\/#website","url":"https:\/\/www.sonoraenequipo.com.mx\/","name":"Sonora en Equipo.","description":"Diario en l\u00ednea con Noticias desde Hermosillo, Sonora","publisher":{"@id":"https:\/\/www.sonoraenequipo.com.mx\/#organization"},"potentialAction":[{"@type":"SearchAction","target":{"@type":"EntryPoint","urlTemplate":"https:\/\/www.sonoraenequipo.com.mx\/?s={search_term_string}"},"query-input":{"@type":"PropertyValueSpecification","valueRequired":true,"valueName":"search_term_string"}}],"inLanguage":"es"},{"@type":"Organization","@id":"https:\/\/www.sonoraenequipo.com.mx\/#organization","name":"Sonoraenequipo.com.mx","url":"https:\/\/www.sonoraenequipo.com.mx\/","logo":{"@type":"ImageObject","inLanguage":"es","@id":"https:\/\/www.sonoraenequipo.com.mx\/#\/schema\/logo\/image\/","url":"https:\/\/www.sonoraenequipo.com.mx\/storage\/2019\/01\/sonoraenequipo_opt.png","contentUrl":"https:\/\/www.sonoraenequipo.com.mx\/storage\/2019\/01\/sonoraenequipo_opt.png","width":375,"height":125,"caption":"Sonoraenequipo.com.mx"},"image":{"@id":"https:\/\/www.sonoraenequipo.com.mx\/#\/schema\/logo\/image\/"},"sameAs":["https:\/\/www.facebook.com\/SonoraEE\/","https:\/\/x.com\/sonoraenequipo","https:\/\/www.youtube.com\/channel\/UC338nW-lPEYmJQs4ZABQ1SQ"]},{"@type":"Person","@id":"https:\/\/www.sonoraenequipo.com.mx\/#\/schema\/person\/50102df0fb23a8fa9e8effad8fa81386","name":"enequipo","image":{"@type":"ImageObject","inLanguage":"es","@id":"https:\/\/www.sonoraenequipo.com.mx\/#\/schema\/person\/image\/","url":"https:\/\/secure.gravatar.com\/avatar\/049821681b589dabc0bc20695993ccebb09f5b5d4d790cd9251b97faac7c652b?s=96&d=blank&r=g","contentUrl":"https:\/\/secure.gravatar.com\/avatar\/049821681b589dabc0bc20695993ccebb09f5b5d4d790cd9251b97faac7c652b?s=96&d=blank&r=g","caption":"enequipo"},"sameAs":["https:\/\/www.facebook.com\/SonoraEE"]}]}},"jetpack_featured_media_url":"https:\/\/www.sonoraenequipo.com.mx\/storage\/2025\/04\/protestas-eu.jpg","_links":{"self":[{"href":"https:\/\/www.sonoraenequipo.com.mx\/api\/wp\/v2\/posts\/213032","targetHints":{"allow":["GET"]}}],"collection":[{"href":"https:\/\/www.sonoraenequipo.com.mx\/api\/wp\/v2\/posts"}],"about":[{"href":"https:\/\/www.sonoraenequipo.com.mx\/api\/wp\/v2\/types\/post"}],"author":[{"embeddable":true,"href":"https:\/\/www.sonoraenequipo.com.mx\/api\/wp\/v2\/users\/1"}],"replies":[{"embeddable":true,"href":"https:\/\/www.sonoraenequipo.com.mx\/api\/wp\/v2\/comments?post=213032"}],"version-history":[{"count":1,"href":"https:\/\/www.sonoraenequipo.com.mx\/api\/wp\/v2\/posts\/213032\/revisions"}],"predecessor-version":[{"id":213034,"href":"https:\/\/www.sonoraenequipo.com.mx\/api\/wp\/v2\/posts\/213032\/revisions\/213034"}],"wp:featuredmedia":[{"embeddable":true,"href":"https:\/\/www.sonoraenequipo.com.mx\/api\/wp\/v2\/media\/213033"}],"wp:attachment":[{"href":"https:\/\/www.sonoraenequipo.com.mx\/api\/wp\/v2\/media?parent=213032"}],"wp:term":[{"taxonomy":"category","embeddable":true,"href":"https:\/\/www.sonoraenequipo.com.mx\/api\/wp\/v2\/categories?post=213032"},{"taxonomy":"post_tag","embeddable":true,"href":"https:\/\/www.sonoraenequipo.com.mx\/api\/wp\/v2\/tags?post=213032"}],"curies":[{"name":"wp","href":"https:\/\/api.w.org\/{rel}","templated":true}]}}