{"id":213038,"date":"2025-04-06T13:33:08","date_gmt":"2025-04-06T20:33:08","guid":{"rendered":"https:\/\/www.sonoraenequipo.com.mx\/?p=213038"},"modified":"2025-04-06T13:33:08","modified_gmt":"2025-04-06T20:33:08","slug":"analiza-congreso-de-sonora-iniciativa-que-impulsa-el-notorio-arraigo-religioso","status":"publish","type":"post","link":"https:\/\/www.sonoraenequipo.com.mx\/analiza-congreso-de-sonora-iniciativa-que-impulsa-el-notorio-arraigo-religioso\/","title":{"rendered":"Analiza Congreso de Sonora iniciativa que impulsa el Notorio Arraigo religioso"},"content":{"rendered":"<p><strong>NAVOJOA, SONORA, MX.<\/strong><strong> \u0336 \u0336\u00a0 <\/strong>Con la participaci\u00f3n de organizaciones religiosas de la regi\u00f3n del Mayo, avanz\u00f3 la consulta de la iniciativa que propone modificar el art\u00edculo 65 de la Ley de Gobierno y Administraci\u00f3n Municipal para el Estado de Sonora, como parte del ejercicio de Parlamento Abierto, con el objetivo de garantizar el derecho de las comunidades religiosas a organizarse libremente.<\/p>\n<p>&nbsp;<\/p>\n<p>&nbsp;<\/p>\n<p>&nbsp;<\/p>\n<p>El diputado Ra\u00fal Castelo Monta\u00f1o dio la bienvenida a las y los asistentes, acompa\u00f1ado por los diputados Jes\u00fas Tadeo Mend\u00edvil Valenzuela y Pr\u00f3spero Valenzuela Mu\u00f1er (Morena), as\u00ed como por los presidentes municipales de Navojoa, Alberto El\u00edas Retes, y de Huatabampo, Jes\u00fas V\u00e1zquez Valencia; tambi\u00e9n estuvieron presentes Amanda Marchena, directora estatal de Asuntos Religiosos, y los directores de Asuntos Religiosos de los municipios de Navojoa y Benito Ju\u00e1rez.<\/p>\n<p>&nbsp;<\/p>\n<p>&nbsp;<\/p>\n<p>&nbsp;<\/p>\n<p>La iniciativa, actualmente en an\u00e1lisis en el seno de la Comisi\u00f3n de Presupuesto y Asuntos Municipales, fue presentada por el diputado H\u00e9ctor Ra\u00fal Castelo Monta\u00f1o (Morena) y tiene como finalidad que la administraci\u00f3n municipal facilite el proceso de expedici\u00f3n de la Constancia de Notorio Arraigo, adem\u00e1s de garantizar el derecho de cada comunidad religiosa a organizarse de forma aut\u00f3noma.<\/p>\n<p>&nbsp;<\/p>\n<p>&nbsp;<\/p>\n<p>&nbsp;<\/p>\n<p>El legislador explic\u00f3 que la propuesta busca fortalecer el ejercicio de la libertad religiosa y de asociaci\u00f3n, mediante el reconocimiento de la Constancia de Notorio Arraigo, que ser\u00e1 expedida por los ayuntamientos para facilitar la constituci\u00f3n de asociaciones religiosas en la entidad.<\/p>\n<p>&nbsp;<\/p>\n<p>&nbsp;<\/p>\n<p>&nbsp;<\/p>\n<p>Durante el desarrollo del evento, se propuso dotar de mayor certeza jur\u00eddica al acto administrativo mediante el cual se emite dicha constancia. Asimismo, se plante\u00f3 que este documento permita verificar el v\u00ednculo y la presencia efectiva de templos, iglesias o centros de culto p\u00fablico en las comunidades donde operan, con el prop\u00f3sito de acreditar su legitimidad y permanencia.<\/p>\n<p>&nbsp;<\/p>\n<p>&nbsp;<\/p>\n<p>&nbsp;<\/p>\n<p>Tambi\u00e9n se presentaron propuestas relacionadas con beneficios y mayor flexibilidad en los tr\u00e1mites relativos a propiedades, inmuebles o contratos de comodato, as\u00ed como la posibilidad de acceder a subsidios en materia de energ\u00eda el\u00e9ctrica. De igual forma, se solicit\u00f3 brindar capacitaciones tanto a las autoridades municipales como a las comunidades religiosas sobre este tema.<\/p>\n<p>&nbsp;<\/p>\n<p>&nbsp;<\/p>\n<p>&nbsp;<\/p>\n<p>El pr\u00f3ximo ejercicio de Parlamento Abierto se llevar\u00e1 a cabo el 11 de abril en Nogales; el lugar y la hora ser\u00e1n dados a conocer oportunamente.<\/p>\n<p><strong>Fecha de publicaci\u00f3n domingo 6 de abril de 2025 \/<\/strong><\/p>\n","protected":false},"excerpt":{"rendered":"<p>NAVOJOA, SONORA, MX. \u0336 \u0336\u00a0 Con la participaci\u00f3n de organizaciones religiosas de la regi\u00f3n del&#8230;<\/p>\n","protected":false},"author":1,"featured_media":213040,"comment_status":"open","ping_status":"open","sticky":false,"template":"","format":"standard","meta":{"_monsterinsights_skip_tracking":false,"_monsterinsights_sitenote_active":false,"_monsterinsights_sitenote_note":"","_monsterinsights_sitenote_category":0,"footnotes":""},"categories":[3281],"tags":[11090,1248,11091],"class_list":["post"],"yoast_head":" \n<title>Sonora en Equipo. Analiza Congreso de Sonora iniciativa que impulsa el Notorio Arraigo religioso Congreso<\/title>\n<meta name=\"description\" content=\"NAVOJOA, SONORA, MX. \u0336 \u0336\u00a0 Con la participaci\u00f3n de organizaciones religiosas de la regi\u00f3n del Mayo, avanz\u00f3 la consulta de la iniciativa que propone En Sonora en Equipo publicamos toda la informaci\u00f3n de Sonora, M\u00e9xico y el Mundo de manera oportuna y busca que la libertad de expresi\u00f3n sea real. Visita nuestro medio informativo publicado desde Hermosillo, Sonora. %\" \/>\n<meta name=\"robots\" content=\"index, follow, max-snippet:-1, max-image-preview:large, max-video-preview:-1\" \/>\n<link rel=\"canonical\" href=\"https:\/\/www.sonoraenequipo.com.mx\/analiza-congreso-de-sonora-iniciativa-que-impulsa-el-notorio-arraigo-religioso\/\" \/>\n<meta property=\"og:locale\" content=\"es_ES\" \/>\n<meta property=\"og:type\" content=\"article\" \/>\n<meta property=\"og:title\" content=\"Sonora en Equipo. Analiza Congreso de Sonora iniciativa que impulsa el Notorio Arraigo religioso Congreso\" \/>\n<meta property=\"og:description\" content=\"NAVOJOA, SONORA, MX. \u0336 \u0336\u00a0 Con la participaci\u00f3n de organizaciones religiosas de la regi\u00f3n del Mayo, avanz\u00f3 la consulta de la iniciativa que propone En Sonora en Equipo publicamos toda la informaci\u00f3n de Sonora, M\u00e9xico y el Mundo de manera oportuna y busca que la libertad de expresi\u00f3n sea real. Visita nuestro medio informativo publicado desde Hermosillo, Sonora. %\" \/>\n<meta property=\"og:url\" content=\"https:\/\/www.sonoraenequipo.com.mx\/analiza-congreso-de-sonora-iniciativa-que-impulsa-el-notorio-arraigo-religioso\/\" \/>\n<meta property=\"og:site_name\" content=\"Sonora en Equipo.\" \/>\n<meta property=\"article:publisher\" content=\"https:\/\/www.facebook.com\/SonoraEE\/\" \/>\n<meta property=\"article:author\" content=\"https:\/\/www.facebook.com\/SonoraEE\" \/>\n<meta property=\"article:published_time\" content=\"2025-04-06T20:33:08+00:00\" \/>\n<meta property=\"og:image\" content=\"https:\/\/www.sonoraenequipo.com.mx\/storage\/2025\/04\/congreso-foro-religioso.jpg\" \/>\n\t<meta property=\"og:image:width\" content=\"600\" \/>\n\t<meta property=\"og:image:height\" content=\"400\" \/>\n\t<meta property=\"og:image:type\" content=\"image\/jpeg\" \/>\n<meta name=\"author\" content=\"enequipo\" \/>\n<meta name=\"twitter:card\" content=\"summary_large_image\" \/>\n<meta name=\"twitter:creator\" content=\"@sonoraenequipo\" \/>\n<meta name=\"twitter:site\" content=\"@sonoraenequipo\" \/>\n<meta name=\"twitter:label1\" content=\"Escrito por\" \/>\n\t<meta name=\"twitter:data1\" content=\"enequipo\" \/>\n\t<meta name=\"twitter:label2\" content=\"Tiempo de lectura\" \/>\n\t<meta name=\"twitter:data2\" content=\"2 minutos\" \/>\n<script type=\"application\/ld+json\" class=\"yoast-schema-graph\">{\"@context\":\"https:\/\/schema.org\",\"@graph\":[{\"@type\":\"Article\",\"@id\":\"https:\/\/www.sonoraenequipo.com.mx\/analiza-congreso-de-sonora-iniciativa-que-impulsa-el-notorio-arraigo-religioso\/#article\",\"isPartOf\":{\"@id\":\"https:\/\/www.sonoraenequipo.com.mx\/analiza-congreso-de-sonora-iniciativa-que-impulsa-el-notorio-arraigo-religioso\/\"},\"author\":{\"name\":\"enequipo\",\"@id\":\"https:\/\/www.sonoraenequipo.com.mx\/#\/schema\/person\/50102df0fb23a8fa9e8effad8fa81386\"},\"headline\":\"Analiza Congreso de Sonora iniciativa que impulsa el Notorio Arraigo religioso\",\"datePublished\":\"2025-04-06T20:33:08+00:00\",\"mainEntityOfPage\":{\"@id\":\"https:\/\/www.sonoraenequipo.com.mx\/analiza-congreso-de-sonora-iniciativa-que-impulsa-el-notorio-arraigo-religioso\/\"},\"wordCount\":438,\"commentCount\":0,\"publisher\":{\"@id\":\"https:\/\/www.sonoraenequipo.com.mx\/#organization\"},\"image\":{\"@id\":\"https:\/\/www.sonoraenequipo.com.mx\/analiza-congreso-de-sonora-iniciativa-que-impulsa-el-notorio-arraigo-religioso\/#primaryimage\"},\"thumbnailUrl\":\"https:\/\/www.sonoraenequipo.com.mx\/storage\/2025\/04\/congreso-foro-religioso.jpg\",\"keywords\":[\"asociaciones\",\"CONGRESO\",\"religiosas\"],\"articleSection\":[\"Congreso\"],\"inLanguage\":\"es\",\"potentialAction\":[{\"@type\":\"CommentAction\",\"name\":\"Comment\",\"target\":[\"https:\/\/www.sonoraenequipo.com.mx\/analiza-congreso-de-sonora-iniciativa-que-impulsa-el-notorio-arraigo-religioso\/#respond\"]}]},{\"@type\":\"WebPage\",\"@id\":\"https:\/\/www.sonoraenequipo.com.mx\/analiza-congreso-de-sonora-iniciativa-que-impulsa-el-notorio-arraigo-religioso\/\",\"url\":\"https:\/\/www.sonoraenequipo.com.mx\/analiza-congreso-de-sonora-iniciativa-que-impulsa-el-notorio-arraigo-religioso\/\",\"name\":\"Sonora en Equipo. Analiza Congreso de Sonora iniciativa que impulsa el Notorio Arraigo religioso Congreso\",\"isPartOf\":{\"@id\":\"https:\/\/www.sonoraenequipo.com.mx\/#website\"},\"primaryImageOfPage\":{\"@id\":\"https:\/\/www.sonoraenequipo.com.mx\/analiza-congreso-de-sonora-iniciativa-que-impulsa-el-notorio-arraigo-religioso\/#primaryimage\"},\"image\":{\"@id\":\"https:\/\/www.sonoraenequipo.com.mx\/analiza-congreso-de-sonora-iniciativa-que-impulsa-el-notorio-arraigo-religioso\/#primaryimage\"},\"thumbnailUrl\":\"https:\/\/www.sonoraenequipo.com.mx\/storage\/2025\/04\/congreso-foro-religioso.jpg\",\"datePublished\":\"2025-04-06T20:33:08+00:00\",\"description\":\"NAVOJOA, SONORA, MX. \u0336 \u0336\u00a0 Con la participaci\u00f3n de organizaciones religiosas de la regi\u00f3n del Mayo, avanz\u00f3 la consulta de la iniciativa que propone En Sonora en Equipo publicamos toda la informaci\u00f3n de Sonora, M\u00e9xico y el Mundo de manera oportuna y busca que la libertad de expresi\u00f3n sea real. Visita nuestro medio informativo publicado desde Hermosillo, Sonora. %\",\"breadcrumb\":{\"@id\":\"https:\/\/www.sonoraenequipo.com.mx\/analiza-congreso-de-sonora-iniciativa-que-impulsa-el-notorio-arraigo-religioso\/#breadcrumb\"},\"inLanguage\":\"es\",\"potentialAction\":[{\"@type\":\"ReadAction\",\"target\":[\"https:\/\/www.sonoraenequipo.com.mx\/analiza-congreso-de-sonora-iniciativa-que-impulsa-el-notorio-arraigo-religioso\/\"]}]},{\"@type\":\"ImageObject\",\"inLanguage\":\"es\",\"@id\":\"https:\/\/www.sonoraenequipo.com.mx\/analiza-congreso-de-sonora-iniciativa-que-impulsa-el-notorio-arraigo-religioso\/#primaryimage\",\"url\":\"https:\/\/www.sonoraenequipo.com.mx\/storage\/2025\/04\/congreso-foro-religioso.jpg\",\"contentUrl\":\"https:\/\/www.sonoraenequipo.com.mx\/storage\/2025\/04\/congreso-foro-religioso.jpg\",\"width\":600,\"height\":400},{\"@type\":\"BreadcrumbList\",\"@id\":\"https:\/\/www.sonoraenequipo.com.mx\/analiza-congreso-de-sonora-iniciativa-que-impulsa-el-notorio-arraigo-religioso\/#breadcrumb\",\"itemListElement\":[{\"@type\":\"ListItem\",\"position\":1,\"name\":\"Portada\",\"item\":\"https:\/\/www.sonoraenequipo.com.mx\/\"},{\"@type\":\"ListItem\",\"position\":2,\"name\":\"Analiza Congreso de Sonora iniciativa que impulsa el Notorio Arraigo religioso\"}]},{\"@type\":\"WebSite\",\"@id\":\"https:\/\/www.sonoraenequipo.com.mx\/#website\",\"url\":\"https:\/\/www.sonoraenequipo.com.mx\/\",\"name\":\"Sonora en Equipo.\",\"description\":\"Diario en l\u00ednea con Noticias desde Hermosillo, Sonora\",\"publisher\":{\"@id\":\"https:\/\/www.sonoraenequipo.com.mx\/#organization\"},\"potentialAction\":[{\"@type\":\"SearchAction\",\"target\":{\"@type\":\"EntryPoint\",\"urlTemplate\":\"https:\/\/www.sonoraenequipo.com.mx\/?s={search_term_string}\"},\"query-input\":{\"@type\":\"PropertyValueSpecification\",\"valueRequired\":true,\"valueName\":\"search_term_string\"}}],\"inLanguage\":\"es\"},{\"@type\":\"Organization\",\"@id\":\"https:\/\/www.sonoraenequipo.com.mx\/#organization\",\"name\":\"Sonoraenequipo.com.mx\",\"url\":\"https:\/\/www.sonoraenequipo.com.mx\/\",\"logo\":{\"@type\":\"ImageObject\",\"inLanguage\":\"es\",\"@id\":\"https:\/\/www.sonoraenequipo.com.mx\/#\/schema\/logo\/image\/\",\"url\":\"https:\/\/www.sonoraenequipo.com.mx\/storage\/2019\/01\/sonoraenequipo_opt.png\",\"contentUrl\":\"https:\/\/www.sonoraenequipo.com.mx\/storage\/2019\/01\/sonoraenequipo_opt.png\",\"width\":375,\"height\":125,\"caption\":\"Sonoraenequipo.com.mx\"},\"image\":{\"@id\":\"https:\/\/www.sonoraenequipo.com.mx\/#\/schema\/logo\/image\/\"},\"sameAs\":[\"https:\/\/www.facebook.com\/SonoraEE\/\",\"https:\/\/x.com\/sonoraenequipo\",\"https:\/\/www.youtube.com\/channel\/UC338nW-lPEYmJQs4ZABQ1SQ\"]},{\"@type\":\"Person\",\"@id\":\"https:\/\/www.sonoraenequipo.com.mx\/#\/schema\/person\/50102df0fb23a8fa9e8effad8fa81386\",\"name\":\"enequipo\",\"image\":{\"@type\":\"ImageObject\",\"inLanguage\":\"es\",\"@id\":\"https:\/\/www.sonoraenequipo.com.mx\/#\/schema\/person\/image\/\",\"url\":\"https:\/\/secure.gravatar.com\/avatar\/049821681b589dabc0bc20695993ccebb09f5b5d4d790cd9251b97faac7c652b?s=96&d=blank&r=g\",\"contentUrl\":\"https:\/\/secure.gravatar.com\/avatar\/049821681b589dabc0bc20695993ccebb09f5b5d4d790cd9251b97faac7c652b?s=96&d=blank&r=g\",\"caption\":\"enequipo\"},\"sameAs\":[\"https:\/\/www.facebook.com\/SonoraEE\"]}]}<\/script>\n ","yoast_head_json":{"title":"Sonora en Equipo. Analiza Congreso de Sonora iniciativa que impulsa el Notorio Arraigo religioso Congreso","description":"NAVOJOA, SONORA, MX. \u0336 \u0336\u00a0 Con la participaci\u00f3n de organizaciones religiosas de la regi\u00f3n del Mayo, avanz\u00f3 la consulta de la iniciativa que propone En Sonora en Equipo publicamos toda la informaci\u00f3n de Sonora, M\u00e9xico y el Mundo de manera oportuna y busca que la libertad de expresi\u00f3n sea real. Visita nuestro medio informativo publicado desde Hermosillo, Sonora. %","robots":{"index":"index","follow":"follow","max-snippet":"max-snippet:-1","max-image-preview":"max-image-preview:large","max-video-preview":"max-video-preview:-1"},"canonical":"https:\/\/www.sonoraenequipo.com.mx\/analiza-congreso-de-sonora-iniciativa-que-impulsa-el-notorio-arraigo-religioso\/","og_locale":"es_ES","og_type":"article","og_title":"Sonora en Equipo. Analiza Congreso de Sonora iniciativa que impulsa el Notorio Arraigo religioso Congreso","og_description":"NAVOJOA, SONORA, MX. \u0336 \u0336\u00a0 Con la participaci\u00f3n de organizaciones religiosas de la regi\u00f3n del Mayo, avanz\u00f3 la consulta de la iniciativa que propone En Sonora en Equipo publicamos toda la informaci\u00f3n de Sonora, M\u00e9xico y el Mundo de manera oportuna y busca que la libertad de expresi\u00f3n sea real. Visita nuestro medio informativo publicado desde Hermosillo, Sonora. %","og_url":"https:\/\/www.sonoraenequipo.com.mx\/analiza-congreso-de-sonora-iniciativa-que-impulsa-el-notorio-arraigo-religioso\/","og_site_name":"Sonora en Equipo.","article_publisher":"https:\/\/www.facebook.com\/SonoraEE\/","article_author":"https:\/\/www.facebook.com\/SonoraEE","article_published_time":"2025-04-06T20:33:08+00:00","og_image":[{"width":600,"height":400,"url":"https:\/\/www.sonoraenequipo.com.mx\/storage\/2025\/04\/congreso-foro-religioso.jpg","type":"image\/jpeg"}],"author":"enequipo","twitter_card":"summary_large_image","twitter_creator":"@sonoraenequipo","twitter_site":"@sonoraenequipo","twitter_misc":{"Escrito por":"enequipo","Tiempo de lectura":"2 minutos"},"schema":{"@context":"https:\/\/schema.org","@graph":[{"@type":"Article","@id":"https:\/\/www.sonoraenequipo.com.mx\/analiza-congreso-de-sonora-iniciativa-que-impulsa-el-notorio-arraigo-religioso\/#article","isPartOf":{"@id":"https:\/\/www.sonoraenequipo.com.mx\/analiza-congreso-de-sonora-iniciativa-que-impulsa-el-notorio-arraigo-religioso\/"},"author":{"name":"enequipo","@id":"https:\/\/www.sonoraenequipo.com.mx\/#\/schema\/person\/50102df0fb23a8fa9e8effad8fa81386"},"headline":"Analiza Congreso de Sonora iniciativa que impulsa el Notorio Arraigo religioso","datePublished":"2025-04-06T20:33:08+00:00","mainEntityOfPage":{"@id":"https:\/\/www.sonoraenequipo.com.mx\/analiza-congreso-de-sonora-iniciativa-que-impulsa-el-notorio-arraigo-religioso\/"},"wordCount":438,"commentCount":0,"publisher":{"@id":"https:\/\/www.sonoraenequipo.com.mx\/#organization"},"image":{"@id":"https:\/\/www.sonoraenequipo.com.mx\/analiza-congreso-de-sonora-iniciativa-que-impulsa-el-notorio-arraigo-religioso\/#primaryimage"},"thumbnailUrl":"https:\/\/www.sonoraenequipo.com.mx\/storage\/2025\/04\/congreso-foro-religioso.jpg","keywords":["asociaciones","CONGRESO","religiosas"],"articleSection":["Congreso"],"inLanguage":"es","potentialAction":[{"@type":"CommentAction","name":"Comment","target":["https:\/\/www.sonoraenequipo.com.mx\/analiza-congreso-de-sonora-iniciativa-que-impulsa-el-notorio-arraigo-religioso\/#respond"]}]},{"@type":"WebPage","@id":"https:\/\/www.sonoraenequipo.com.mx\/analiza-congreso-de-sonora-iniciativa-que-impulsa-el-notorio-arraigo-religioso\/","url":"https:\/\/www.sonoraenequipo.com.mx\/analiza-congreso-de-sonora-iniciativa-que-impulsa-el-notorio-arraigo-religioso\/","name":"Sonora en Equipo. Analiza Congreso de Sonora iniciativa que impulsa el Notorio Arraigo religioso Congreso","isPartOf":{"@id":"https:\/\/www.sonoraenequipo.com.mx\/#website"},"primaryImageOfPage":{"@id":"https:\/\/www.sonoraenequipo.com.mx\/analiza-congreso-de-sonora-iniciativa-que-impulsa-el-notorio-arraigo-religioso\/#primaryimage"},"image":{"@id":"https:\/\/www.sonoraenequipo.com.mx\/analiza-congreso-de-sonora-iniciativa-que-impulsa-el-notorio-arraigo-religioso\/#primaryimage"},"thumbnailUrl":"https:\/\/www.sonoraenequipo.com.mx\/storage\/2025\/04\/congreso-foro-religioso.jpg","datePublished":"2025-04-06T20:33:08+00:00","description":"NAVOJOA, SONORA, MX. \u0336 \u0336\u00a0 Con la participaci\u00f3n de organizaciones religiosas de la regi\u00f3n del Mayo, avanz\u00f3 la consulta de la iniciativa que propone En Sonora en Equipo publicamos toda la informaci\u00f3n de Sonora, M\u00e9xico y el Mundo de manera oportuna y busca que la libertad de expresi\u00f3n sea real. Visita nuestro medio informativo publicado desde Hermosillo, Sonora. %","breadcrumb":{"@id":"https:\/\/www.sonoraenequipo.com.mx\/analiza-congreso-de-sonora-iniciativa-que-impulsa-el-notorio-arraigo-religioso\/#breadcrumb"},"inLanguage":"es","potentialAction":[{"@type":"ReadAction","target":["https:\/\/www.sonoraenequipo.com.mx\/analiza-congreso-de-sonora-iniciativa-que-impulsa-el-notorio-arraigo-religioso\/"]}]},{"@type":"ImageObject","inLanguage":"es","@id":"https:\/\/www.sonoraenequipo.com.mx\/analiza-congreso-de-sonora-iniciativa-que-impulsa-el-notorio-arraigo-religioso\/#primaryimage","url":"https:\/\/www.sonoraenequipo.com.mx\/storage\/2025\/04\/congreso-foro-religioso.jpg","contentUrl":"https:\/\/www.sonoraenequipo.com.mx\/storage\/2025\/04\/congreso-foro-religioso.jpg","width":600,"height":400},{"@type":"BreadcrumbList","@id":"https:\/\/www.sonoraenequipo.com.mx\/analiza-congreso-de-sonora-iniciativa-que-impulsa-el-notorio-arraigo-religioso\/#breadcrumb","itemListElement":[{"@type":"ListItem","position":1,"name":"Portada","item":"https:\/\/www.sonoraenequipo.com.mx\/"},{"@type":"ListItem","position":2,"name":"Analiza Congreso de Sonora iniciativa que impulsa el Notorio Arraigo religioso"}]},{"@type":"WebSite","@id":"https:\/\/www.sonoraenequipo.com.mx\/#website","url":"https:\/\/www.sonoraenequipo.com.mx\/","name":"Sonora en Equipo.","description":"Diario en l\u00ednea con Noticias desde Hermosillo, Sonora","publisher":{"@id":"https:\/\/www.sonoraenequipo.com.mx\/#organization"},"potentialAction":[{"@type":"SearchAction","target":{"@type":"EntryPoint","urlTemplate":"https:\/\/www.sonoraenequipo.com.mx\/?s={search_term_string}"},"query-input":{"@type":"PropertyValueSpecification","valueRequired":true,"valueName":"search_term_string"}}],"inLanguage":"es"},{"@type":"Organization","@id":"https:\/\/www.sonoraenequipo.com.mx\/#organization","name":"Sonoraenequipo.com.mx","url":"https:\/\/www.sonoraenequipo.com.mx\/","logo":{"@type":"ImageObject","inLanguage":"es","@id":"https:\/\/www.sonoraenequipo.com.mx\/#\/schema\/logo\/image\/","url":"https:\/\/www.sonoraenequipo.com.mx\/storage\/2019\/01\/sonoraenequipo_opt.png","contentUrl":"https:\/\/www.sonoraenequipo.com.mx\/storage\/2019\/01\/sonoraenequipo_opt.png","width":375,"height":125,"caption":"Sonoraenequipo.com.mx"},"image":{"@id":"https:\/\/www.sonoraenequipo.com.mx\/#\/schema\/logo\/image\/"},"sameAs":["https:\/\/www.facebook.com\/SonoraEE\/","https:\/\/x.com\/sonoraenequipo","https:\/\/www.youtube.com\/channel\/UC338nW-lPEYmJQs4ZABQ1SQ"]},{"@type":"Person","@id":"https:\/\/www.sonoraenequipo.com.mx\/#\/schema\/person\/50102df0fb23a8fa9e8effad8fa81386","name":"enequipo","image":{"@type":"ImageObject","inLanguage":"es","@id":"https:\/\/www.sonoraenequipo.com.mx\/#\/schema\/person\/image\/","url":"https:\/\/secure.gravatar.com\/avatar\/049821681b589dabc0bc20695993ccebb09f5b5d4d790cd9251b97faac7c652b?s=96&d=blank&r=g","contentUrl":"https:\/\/secure.gravatar.com\/avatar\/049821681b589dabc0bc20695993ccebb09f5b5d4d790cd9251b97faac7c652b?s=96&d=blank&r=g","caption":"enequipo"},"sameAs":["https:\/\/www.facebook.com\/SonoraEE"]}]}},"jetpack_featured_media_url":"https:\/\/www.sonoraenequipo.com.mx\/storage\/2025\/04\/congreso-foro-religioso.jpg","_links":{"self":[{"href":"https:\/\/www.sonoraenequipo.com.mx\/api\/wp\/v2\/posts\/213038","targetHints":{"allow":["GET"]}}],"collection":[{"href":"https:\/\/www.sonoraenequipo.com.mx\/api\/wp\/v2\/posts"}],"about":[{"href":"https:\/\/www.sonoraenequipo.com.mx\/api\/wp\/v2\/types\/post"}],"author":[{"embeddable":true,"href":"https:\/\/www.sonoraenequipo.com.mx\/api\/wp\/v2\/users\/1"}],"replies":[{"embeddable":true,"href":"https:\/\/www.sonoraenequipo.com.mx\/api\/wp\/v2\/comments?post=213038"}],"version-history":[{"count":1,"href":"https:\/\/www.sonoraenequipo.com.mx\/api\/wp\/v2\/posts\/213038\/revisions"}],"predecessor-version":[{"id":213041,"href":"https:\/\/www.sonoraenequipo.com.mx\/api\/wp\/v2\/posts\/213038\/revisions\/213041"}],"wp:featuredmedia":[{"embeddable":true,"href":"https:\/\/www.sonoraenequipo.com.mx\/api\/wp\/v2\/media\/213040"}],"wp:attachment":[{"href":"https:\/\/www.sonoraenequipo.com.mx\/api\/wp\/v2\/media?parent=213038"}],"wp:term":[{"taxonomy":"category","embeddable":true,"href":"https:\/\/www.sonoraenequipo.com.mx\/api\/wp\/v2\/categories?post=213038"},{"taxonomy":"post_tag","embeddable":true,"href":"https:\/\/www.sonoraenequipo.com.mx\/api\/wp\/v2\/tags?post=213038"}],"curies":[{"name":"wp","href":"https:\/\/api.w.org\/{rel}","templated":true}]}}