{"id":213039,"date":"2025-04-06T11:26:21","date_gmt":"2025-04-06T18:26:21","guid":{"rendered":"https:\/\/www.sonoraenequipo.com.mx\/?p=213039"},"modified":"2025-04-06T13:48:04","modified_gmt":"2025-04-06T20:48:04","slug":"encabeza-sheinbaum-clase-nacional-de-boxeo-2025","status":"publish","type":"post","link":"https:\/\/www.sonoraenequipo.com.mx\/encabeza-sheinbaum-clase-nacional-de-boxeo-2025\/","title":{"rendered":"Encabeza Sheinbaum Clase Nacional de Boxeo 2025"},"content":{"rendered":"<p><b>CIUDAD DE M\u00c9XICO. MX. \u2014 <\/b>La Clase Nacional de Boxeo, que convoca a cerca de un mill\u00f3n de personas en las distintas plazas p\u00fablicas del pa\u00eds, es un mensaje al mundo: en M\u00e9xico se construye la paz. As\u00ed lo asegur\u00f3 este 6 de abril la Presidenta Claudia Sheinbaum al encabezar el inicio de esta din\u00e1mica en el Z\u00f3calo de la Ciudad de M\u00e9xico, donde reiter\u00f3 que la naci\u00f3n que encabeza es libre e independiente.<\/p>\n<p>&nbsp;<\/p>\n<p>&nbsp;<\/p>\n<p>&nbsp;<\/p>\n<p> <br \/>\n<strong><em>\u00abEsta clase es un mensaje a todo M\u00e9xico y a todo el mundo: en M\u00e9xico construimos paz, prosperidad y elegimos siempre ser un pa\u00eds libre, independiente y soberano. Las y los mexicanos tenemos esp\u00edritu valiente, libre y de justicia, somos un pueblo solidario y fraterno, no dejamos nunca a nadie atr\u00e1s\u00bb,<\/em><\/strong> afirm\u00f3 ante miles de asistentes.<\/p>\n<p>&nbsp;<\/p>\n<p>&nbsp;<\/p>\n<p>En compa\u00f1\u00eda de miembros de su gabinete, as\u00ed como campeones hist\u00f3ricos del Boxeo, la titular del Ejecutivo federal reiter\u00f3 el papel de la juventud.<\/p>\n<p>&nbsp;<\/p>\n<p>&nbsp;<\/p>\n<p><em><strong>\u00abLas y los j\u00f3venes mexicanos dicen: no a la violencia, no a las adicciones; el pueblo de M\u00e9xico dice: no al racismo, no al clasismo, no al machismo; el pueblo de M\u00e9xico dice: s\u00ed a la educaci\u00f3n, s\u00ed al deporte, s\u00ed a la paz, s\u00ed al amor\u00bb,<\/strong><\/em> afirm\u00f3.<\/p>\n<p>&nbsp;<\/p>\n<p>&nbsp;<\/p>\n<p>No es la primera vez que Sheinbaum participa en un evento deportivo de este tipo, lo hizo en 2022.<\/p>\n<p>&nbsp;<\/p>\n<p>&nbsp;<\/p>\n<p><em><strong>\u00abLa Clase Nacional del Boxeo muestra que el deporte nos hace m\u00e1s libres, m\u00e1s sanos y m\u00e1s felices, muestra que cuando nos organizamos, nada es imposible; muestra que el pueblo de M\u00e9xico es valiente y glorioso\u00bb<\/strong><\/em>, agreg\u00f3.<\/p>\n<p>&nbsp;<\/p>\n<p>&nbsp;<\/p>\n<p>La Jefa de Gobierno de la Ciudad de M\u00e9xico, Clara Brugada, recalc\u00f3 que est\u00e1n \u00abhaciendo un knockout a la violencia\u00bb. El Presidente del Consejo Mundial del Boxeo, Mauricio Sulaim\u00e1n, inform\u00f3 que cuatro campeones iban a encabezar la clase: Julio C\u00e9sar Ch\u00e1vez, \u00d3scar de la Hoya, Roberto \u00abManos de Piedra\u00bb Dur\u00e1n y Rub\u00e9n \u00abP\u00faas\u00bb Olivares.<\/p>\n<p>&nbsp;<\/p>\n<p>&nbsp;<\/p>\n<p>En los primeros minutos se realiz\u00f3 el calentamiento y posteriormente se realizaron algunas combinaciones.<\/p>\n<p>&nbsp;<\/p>\n<p>&nbsp;<\/p>\n<p>El objetivo de este evento, que se realiza de manera simult\u00e1nea en todas las plazas p\u00fablicas del pa\u00eds, es incentivar las actividades deportivas entre las y los j\u00f3venes, para evitar el consumo de drogas y vinculaci\u00f3n con grupos delictivos, como parte del eje de Atenci\u00f3n a las Causas de la Estrategia Nacional de Seguridad.<\/p>\n<p>&nbsp;<\/p>\n<p>&nbsp;<\/p>\n<p>Tambi\u00e9n asistieron los exboxeadores Roberto Dur\u00e1n Samaniego, de origen paname\u00f1o; \u00d3scar de la Hoya, as\u00ed como el secretario de Educaci\u00f3n P\u00fablica, Mario Delgado. La clase masiva de box podr\u00eda concluir poco despu\u00e9s de las 10:00 horas de este domingo.<\/p>\n<p>&nbsp;<\/p>\n<p>&nbsp;<\/p>\n<p>PUBLICADO EL 06 DE ABRIL DE 2025 Con informaci\u00f3n de<\/p>\n","protected":false},"excerpt":{"rendered":"<p>CIUDAD DE M\u00c9XICO. MX. \u2014 La Clase Nacional de Boxeo, que convoca a cerca de&#8230;<\/p>\n","protected":false},"author":1,"featured_media":213047,"comment_status":"open","ping_status":"open","sticky":false,"template":"","format":"standard","meta":{"_monsterinsights_skip_tracking":false,"_monsterinsights_sitenote_active":false,"_monsterinsights_sitenote_note":"","_monsterinsights_sitenote_category":0,"footnotes":""},"categories":[5],"tags":[],"class_list":["post"],"yoast_head":" \n<title>Sonora en Equipo. Encabeza Sheinbaum Clase Nacional de Boxeo 2025 Rep\u00fablica<\/title>\n<meta name=\"description\" content=\"CIUDAD DE M\u00c9XICO. MX. \u2014 La Clase Nacional de Boxeo, que convoca a cerca de un mill\u00f3n de personas en las distintas plazas p\u00fablicas del pa\u00eds, es un mensaje En Sonora en Equipo publicamos toda la informaci\u00f3n de Sonora, M\u00e9xico y el Mundo de manera oportuna y busca que la libertad de expresi\u00f3n sea real. Visita nuestro medio informativo publicado desde Hermosillo, Sonora. %\" \/>\n<meta name=\"robots\" content=\"index, follow, max-snippet:-1, max-image-preview:large, max-video-preview:-1\" \/>\n<link rel=\"canonical\" href=\"https:\/\/www.sonoraenequipo.com.mx\/encabeza-sheinbaum-clase-nacional-de-boxeo-2025\/\" \/>\n<meta property=\"og:locale\" content=\"es_ES\" \/>\n<meta property=\"og:type\" content=\"article\" \/>\n<meta property=\"og:title\" content=\"Sonora en Equipo. Encabeza Sheinbaum Clase Nacional de Boxeo 2025 Rep\u00fablica\" \/>\n<meta property=\"og:description\" content=\"CIUDAD DE M\u00c9XICO. MX. \u2014 La Clase Nacional de Boxeo, que convoca a cerca de un mill\u00f3n de personas en las distintas plazas p\u00fablicas del pa\u00eds, es un mensaje En Sonora en Equipo publicamos toda la informaci\u00f3n de Sonora, M\u00e9xico y el Mundo de manera oportuna y busca que la libertad de expresi\u00f3n sea real. Visita nuestro medio informativo publicado desde Hermosillo, Sonora. %\" \/>\n<meta property=\"og:url\" content=\"https:\/\/www.sonoraenequipo.com.mx\/encabeza-sheinbaum-clase-nacional-de-boxeo-2025\/\" \/>\n<meta property=\"og:site_name\" content=\"Sonora en Equipo.\" \/>\n<meta property=\"article:publisher\" content=\"https:\/\/www.facebook.com\/SonoraEE\/\" \/>\n<meta property=\"article:author\" content=\"https:\/\/www.facebook.com\/SonoraEE\" \/>\n<meta property=\"article:published_time\" content=\"2025-04-06T18:26:21+00:00\" \/>\n<meta property=\"article:modified_time\" content=\"2025-04-06T20:48:04+00:00\" \/>\n<meta property=\"og:image\" content=\"https:\/\/www.sonoraenequipo.com.mx\/storage\/2025\/04\/clase-de-boxeo-nacional-min.jpg\" \/>\n\t<meta property=\"og:image:width\" content=\"1000\" \/>\n\t<meta property=\"og:image:height\" content=\"666\" \/>\n\t<meta property=\"og:image:type\" content=\"image\/jpeg\" \/>\n<meta name=\"author\" content=\"enequipo\" \/>\n<meta name=\"twitter:card\" content=\"summary_large_image\" \/>\n<meta name=\"twitter:creator\" content=\"@sonoraenequipo\" \/>\n<meta name=\"twitter:site\" content=\"@sonoraenequipo\" \/>\n<meta name=\"twitter:label1\" content=\"Escrito por\" \/>\n\t<meta name=\"twitter:data1\" content=\"enequipo\" \/>\n\t<meta name=\"twitter:label2\" content=\"Tiempo de lectura\" \/>\n\t<meta name=\"twitter:data2\" content=\"2 minutos\" \/>\n<script type=\"application\/ld+json\" class=\"yoast-schema-graph\">{\"@context\":\"https:\/\/schema.org\",\"@graph\":[{\"@type\":\"Article\",\"@id\":\"https:\/\/www.sonoraenequipo.com.mx\/encabeza-sheinbaum-clase-nacional-de-boxeo-2025\/#article\",\"isPartOf\":{\"@id\":\"https:\/\/www.sonoraenequipo.com.mx\/encabeza-sheinbaum-clase-nacional-de-boxeo-2025\/\"},\"author\":{\"name\":\"enequipo\",\"@id\":\"https:\/\/www.sonoraenequipo.com.mx\/#\/schema\/person\/50102df0fb23a8fa9e8effad8fa81386\"},\"headline\":\"Encabeza Sheinbaum Clase Nacional de Boxeo 2025\",\"datePublished\":\"2025-04-06T18:26:21+00:00\",\"dateModified\":\"2025-04-06T20:48:04+00:00\",\"mainEntityOfPage\":{\"@id\":\"https:\/\/www.sonoraenequipo.com.mx\/encabeza-sheinbaum-clase-nacional-de-boxeo-2025\/\"},\"wordCount\":496,\"commentCount\":0,\"publisher\":{\"@id\":\"https:\/\/www.sonoraenequipo.com.mx\/#organization\"},\"image\":{\"@id\":\"https:\/\/www.sonoraenequipo.com.mx\/encabeza-sheinbaum-clase-nacional-de-boxeo-2025\/#primaryimage\"},\"thumbnailUrl\":\"https:\/\/www.sonoraenequipo.com.mx\/storage\/2025\/04\/clase-de-boxeo-nacional-min.jpg\",\"articleSection\":[\"Rep\u00fablica\"],\"inLanguage\":\"es\",\"potentialAction\":[{\"@type\":\"CommentAction\",\"name\":\"Comment\",\"target\":[\"https:\/\/www.sonoraenequipo.com.mx\/encabeza-sheinbaum-clase-nacional-de-boxeo-2025\/#respond\"]}]},{\"@type\":\"WebPage\",\"@id\":\"https:\/\/www.sonoraenequipo.com.mx\/encabeza-sheinbaum-clase-nacional-de-boxeo-2025\/\",\"url\":\"https:\/\/www.sonoraenequipo.com.mx\/encabeza-sheinbaum-clase-nacional-de-boxeo-2025\/\",\"name\":\"Sonora en Equipo. Encabeza Sheinbaum Clase Nacional de Boxeo 2025 Rep\u00fablica\",\"isPartOf\":{\"@id\":\"https:\/\/www.sonoraenequipo.com.mx\/#website\"},\"primaryImageOfPage\":{\"@id\":\"https:\/\/www.sonoraenequipo.com.mx\/encabeza-sheinbaum-clase-nacional-de-boxeo-2025\/#primaryimage\"},\"image\":{\"@id\":\"https:\/\/www.sonoraenequipo.com.mx\/encabeza-sheinbaum-clase-nacional-de-boxeo-2025\/#primaryimage\"},\"thumbnailUrl\":\"https:\/\/www.sonoraenequipo.com.mx\/storage\/2025\/04\/clase-de-boxeo-nacional-min.jpg\",\"datePublished\":\"2025-04-06T18:26:21+00:00\",\"dateModified\":\"2025-04-06T20:48:04+00:00\",\"description\":\"CIUDAD DE M\u00c9XICO. MX. \u2014 La Clase Nacional de Boxeo, que convoca a cerca de un mill\u00f3n de personas en las distintas plazas p\u00fablicas del pa\u00eds, es un mensaje En Sonora en Equipo publicamos toda la informaci\u00f3n de Sonora, M\u00e9xico y el Mundo de manera oportuna y busca que la libertad de expresi\u00f3n sea real. Visita nuestro medio informativo publicado desde Hermosillo, Sonora. %\",\"breadcrumb\":{\"@id\":\"https:\/\/www.sonoraenequipo.com.mx\/encabeza-sheinbaum-clase-nacional-de-boxeo-2025\/#breadcrumb\"},\"inLanguage\":\"es\",\"potentialAction\":[{\"@type\":\"ReadAction\",\"target\":[\"https:\/\/www.sonoraenequipo.com.mx\/encabeza-sheinbaum-clase-nacional-de-boxeo-2025\/\"]}]},{\"@type\":\"ImageObject\",\"inLanguage\":\"es\",\"@id\":\"https:\/\/www.sonoraenequipo.com.mx\/encabeza-sheinbaum-clase-nacional-de-boxeo-2025\/#primaryimage\",\"url\":\"https:\/\/www.sonoraenequipo.com.mx\/storage\/2025\/04\/clase-de-boxeo-nacional-min.jpg\",\"contentUrl\":\"https:\/\/www.sonoraenequipo.com.mx\/storage\/2025\/04\/clase-de-boxeo-nacional-min.jpg\",\"width\":1000,\"height\":666},{\"@type\":\"BreadcrumbList\",\"@id\":\"https:\/\/www.sonoraenequipo.com.mx\/encabeza-sheinbaum-clase-nacional-de-boxeo-2025\/#breadcrumb\",\"itemListElement\":[{\"@type\":\"ListItem\",\"position\":1,\"name\":\"Portada\",\"item\":\"https:\/\/www.sonoraenequipo.com.mx\/\"},{\"@type\":\"ListItem\",\"position\":2,\"name\":\"Encabeza Sheinbaum Clase Nacional de Boxeo 2025\"}]},{\"@type\":\"WebSite\",\"@id\":\"https:\/\/www.sonoraenequipo.com.mx\/#website\",\"url\":\"https:\/\/www.sonoraenequipo.com.mx\/\",\"name\":\"Sonora en Equipo.\",\"description\":\"Diario en l\u00ednea con Noticias desde Hermosillo, Sonora\",\"publisher\":{\"@id\":\"https:\/\/www.sonoraenequipo.com.mx\/#organization\"},\"potentialAction\":[{\"@type\":\"SearchAction\",\"target\":{\"@type\":\"EntryPoint\",\"urlTemplate\":\"https:\/\/www.sonoraenequipo.com.mx\/?s={search_term_string}\"},\"query-input\":{\"@type\":\"PropertyValueSpecification\",\"valueRequired\":true,\"valueName\":\"search_term_string\"}}],\"inLanguage\":\"es\"},{\"@type\":\"Organization\",\"@id\":\"https:\/\/www.sonoraenequipo.com.mx\/#organization\",\"name\":\"Sonoraenequipo.com.mx\",\"url\":\"https:\/\/www.sonoraenequipo.com.mx\/\",\"logo\":{\"@type\":\"ImageObject\",\"inLanguage\":\"es\",\"@id\":\"https:\/\/www.sonoraenequipo.com.mx\/#\/schema\/logo\/image\/\",\"url\":\"https:\/\/www.sonoraenequipo.com.mx\/storage\/2019\/01\/sonoraenequipo_opt.png\",\"contentUrl\":\"https:\/\/www.sonoraenequipo.com.mx\/storage\/2019\/01\/sonoraenequipo_opt.png\",\"width\":375,\"height\":125,\"caption\":\"Sonoraenequipo.com.mx\"},\"image\":{\"@id\":\"https:\/\/www.sonoraenequipo.com.mx\/#\/schema\/logo\/image\/\"},\"sameAs\":[\"https:\/\/www.facebook.com\/SonoraEE\/\",\"https:\/\/x.com\/sonoraenequipo\",\"https:\/\/www.youtube.com\/channel\/UC338nW-lPEYmJQs4ZABQ1SQ\"]},{\"@type\":\"Person\",\"@id\":\"https:\/\/www.sonoraenequipo.com.mx\/#\/schema\/person\/50102df0fb23a8fa9e8effad8fa81386\",\"name\":\"enequipo\",\"image\":{\"@type\":\"ImageObject\",\"inLanguage\":\"es\",\"@id\":\"https:\/\/www.sonoraenequipo.com.mx\/#\/schema\/person\/image\/\",\"url\":\"https:\/\/secure.gravatar.com\/avatar\/049821681b589dabc0bc20695993ccebb09f5b5d4d790cd9251b97faac7c652b?s=96&d=blank&r=g\",\"contentUrl\":\"https:\/\/secure.gravatar.com\/avatar\/049821681b589dabc0bc20695993ccebb09f5b5d4d790cd9251b97faac7c652b?s=96&d=blank&r=g\",\"caption\":\"enequipo\"},\"sameAs\":[\"https:\/\/www.facebook.com\/SonoraEE\"]}]}<\/script>\n ","yoast_head_json":{"title":"Sonora en Equipo. Encabeza Sheinbaum Clase Nacional de Boxeo 2025 Rep\u00fablica","description":"CIUDAD DE M\u00c9XICO. MX. \u2014 La Clase Nacional de Boxeo, que convoca a cerca de un mill\u00f3n de personas en las distintas plazas p\u00fablicas del pa\u00eds, es un mensaje En Sonora en Equipo publicamos toda la informaci\u00f3n de Sonora, M\u00e9xico y el Mundo de manera oportuna y busca que la libertad de expresi\u00f3n sea real. Visita nuestro medio informativo publicado desde Hermosillo, Sonora. %","robots":{"index":"index","follow":"follow","max-snippet":"max-snippet:-1","max-image-preview":"max-image-preview:large","max-video-preview":"max-video-preview:-1"},"canonical":"https:\/\/www.sonoraenequipo.com.mx\/encabeza-sheinbaum-clase-nacional-de-boxeo-2025\/","og_locale":"es_ES","og_type":"article","og_title":"Sonora en Equipo. Encabeza Sheinbaum Clase Nacional de Boxeo 2025 Rep\u00fablica","og_description":"CIUDAD DE M\u00c9XICO. MX. \u2014 La Clase Nacional de Boxeo, que convoca a cerca de un mill\u00f3n de personas en las distintas plazas p\u00fablicas del pa\u00eds, es un mensaje En Sonora en Equipo publicamos toda la informaci\u00f3n de Sonora, M\u00e9xico y el Mundo de manera oportuna y busca que la libertad de expresi\u00f3n sea real. Visita nuestro medio informativo publicado desde Hermosillo, Sonora. %","og_url":"https:\/\/www.sonoraenequipo.com.mx\/encabeza-sheinbaum-clase-nacional-de-boxeo-2025\/","og_site_name":"Sonora en Equipo.","article_publisher":"https:\/\/www.facebook.com\/SonoraEE\/","article_author":"https:\/\/www.facebook.com\/SonoraEE","article_published_time":"2025-04-06T18:26:21+00:00","article_modified_time":"2025-04-06T20:48:04+00:00","og_image":[{"width":1000,"height":666,"url":"https:\/\/www.sonoraenequipo.com.mx\/storage\/2025\/04\/clase-de-boxeo-nacional-min.jpg","type":"image\/jpeg"}],"author":"enequipo","twitter_card":"summary_large_image","twitter_creator":"@sonoraenequipo","twitter_site":"@sonoraenequipo","twitter_misc":{"Escrito por":"enequipo","Tiempo de lectura":"2 minutos"},"schema":{"@context":"https:\/\/schema.org","@graph":[{"@type":"Article","@id":"https:\/\/www.sonoraenequipo.com.mx\/encabeza-sheinbaum-clase-nacional-de-boxeo-2025\/#article","isPartOf":{"@id":"https:\/\/www.sonoraenequipo.com.mx\/encabeza-sheinbaum-clase-nacional-de-boxeo-2025\/"},"author":{"name":"enequipo","@id":"https:\/\/www.sonoraenequipo.com.mx\/#\/schema\/person\/50102df0fb23a8fa9e8effad8fa81386"},"headline":"Encabeza Sheinbaum Clase Nacional de Boxeo 2025","datePublished":"2025-04-06T18:26:21+00:00","dateModified":"2025-04-06T20:48:04+00:00","mainEntityOfPage":{"@id":"https:\/\/www.sonoraenequipo.com.mx\/encabeza-sheinbaum-clase-nacional-de-boxeo-2025\/"},"wordCount":496,"commentCount":0,"publisher":{"@id":"https:\/\/www.sonoraenequipo.com.mx\/#organization"},"image":{"@id":"https:\/\/www.sonoraenequipo.com.mx\/encabeza-sheinbaum-clase-nacional-de-boxeo-2025\/#primaryimage"},"thumbnailUrl":"https:\/\/www.sonoraenequipo.com.mx\/storage\/2025\/04\/clase-de-boxeo-nacional-min.jpg","articleSection":["Rep\u00fablica"],"inLanguage":"es","potentialAction":[{"@type":"CommentAction","name":"Comment","target":["https:\/\/www.sonoraenequipo.com.mx\/encabeza-sheinbaum-clase-nacional-de-boxeo-2025\/#respond"]}]},{"@type":"WebPage","@id":"https:\/\/www.sonoraenequipo.com.mx\/encabeza-sheinbaum-clase-nacional-de-boxeo-2025\/","url":"https:\/\/www.sonoraenequipo.com.mx\/encabeza-sheinbaum-clase-nacional-de-boxeo-2025\/","name":"Sonora en Equipo. Encabeza Sheinbaum Clase Nacional de Boxeo 2025 Rep\u00fablica","isPartOf":{"@id":"https:\/\/www.sonoraenequipo.com.mx\/#website"},"primaryImageOfPage":{"@id":"https:\/\/www.sonoraenequipo.com.mx\/encabeza-sheinbaum-clase-nacional-de-boxeo-2025\/#primaryimage"},"image":{"@id":"https:\/\/www.sonoraenequipo.com.mx\/encabeza-sheinbaum-clase-nacional-de-boxeo-2025\/#primaryimage"},"thumbnailUrl":"https:\/\/www.sonoraenequipo.com.mx\/storage\/2025\/04\/clase-de-boxeo-nacional-min.jpg","datePublished":"2025-04-06T18:26:21+00:00","dateModified":"2025-04-06T20:48:04+00:00","description":"CIUDAD DE M\u00c9XICO. MX. \u2014 La Clase Nacional de Boxeo, que convoca a cerca de un mill\u00f3n de personas en las distintas plazas p\u00fablicas del pa\u00eds, es un mensaje En Sonora en Equipo publicamos toda la informaci\u00f3n de Sonora, M\u00e9xico y el Mundo de manera oportuna y busca que la libertad de expresi\u00f3n sea real. Visita nuestro medio informativo publicado desde Hermosillo, Sonora. %","breadcrumb":{"@id":"https:\/\/www.sonoraenequipo.com.mx\/encabeza-sheinbaum-clase-nacional-de-boxeo-2025\/#breadcrumb"},"inLanguage":"es","potentialAction":[{"@type":"ReadAction","target":["https:\/\/www.sonoraenequipo.com.mx\/encabeza-sheinbaum-clase-nacional-de-boxeo-2025\/"]}]},{"@type":"ImageObject","inLanguage":"es","@id":"https:\/\/www.sonoraenequipo.com.mx\/encabeza-sheinbaum-clase-nacional-de-boxeo-2025\/#primaryimage","url":"https:\/\/www.sonoraenequipo.com.mx\/storage\/2025\/04\/clase-de-boxeo-nacional-min.jpg","contentUrl":"https:\/\/www.sonoraenequipo.com.mx\/storage\/2025\/04\/clase-de-boxeo-nacional-min.jpg","width":1000,"height":666},{"@type":"BreadcrumbList","@id":"https:\/\/www.sonoraenequipo.com.mx\/encabeza-sheinbaum-clase-nacional-de-boxeo-2025\/#breadcrumb","itemListElement":[{"@type":"ListItem","position":1,"name":"Portada","item":"https:\/\/www.sonoraenequipo.com.mx\/"},{"@type":"ListItem","position":2,"name":"Encabeza Sheinbaum Clase Nacional de Boxeo 2025"}]},{"@type":"WebSite","@id":"https:\/\/www.sonoraenequipo.com.mx\/#website","url":"https:\/\/www.sonoraenequipo.com.mx\/","name":"Sonora en Equipo.","description":"Diario en l\u00ednea con Noticias desde Hermosillo, Sonora","publisher":{"@id":"https:\/\/www.sonoraenequipo.com.mx\/#organization"},"potentialAction":[{"@type":"SearchAction","target":{"@type":"EntryPoint","urlTemplate":"https:\/\/www.sonoraenequipo.com.mx\/?s={search_term_string}"},"query-input":{"@type":"PropertyValueSpecification","valueRequired":true,"valueName":"search_term_string"}}],"inLanguage":"es"},{"@type":"Organization","@id":"https:\/\/www.sonoraenequipo.com.mx\/#organization","name":"Sonoraenequipo.com.mx","url":"https:\/\/www.sonoraenequipo.com.mx\/","logo":{"@type":"ImageObject","inLanguage":"es","@id":"https:\/\/www.sonoraenequipo.com.mx\/#\/schema\/logo\/image\/","url":"https:\/\/www.sonoraenequipo.com.mx\/storage\/2019\/01\/sonoraenequipo_opt.png","contentUrl":"https:\/\/www.sonoraenequipo.com.mx\/storage\/2019\/01\/sonoraenequipo_opt.png","width":375,"height":125,"caption":"Sonoraenequipo.com.mx"},"image":{"@id":"https:\/\/www.sonoraenequipo.com.mx\/#\/schema\/logo\/image\/"},"sameAs":["https:\/\/www.facebook.com\/SonoraEE\/","https:\/\/x.com\/sonoraenequipo","https:\/\/www.youtube.com\/channel\/UC338nW-lPEYmJQs4ZABQ1SQ"]},{"@type":"Person","@id":"https:\/\/www.sonoraenequipo.com.mx\/#\/schema\/person\/50102df0fb23a8fa9e8effad8fa81386","name":"enequipo","image":{"@type":"ImageObject","inLanguage":"es","@id":"https:\/\/www.sonoraenequipo.com.mx\/#\/schema\/person\/image\/","url":"https:\/\/secure.gravatar.com\/avatar\/049821681b589dabc0bc20695993ccebb09f5b5d4d790cd9251b97faac7c652b?s=96&d=blank&r=g","contentUrl":"https:\/\/secure.gravatar.com\/avatar\/049821681b589dabc0bc20695993ccebb09f5b5d4d790cd9251b97faac7c652b?s=96&d=blank&r=g","caption":"enequipo"},"sameAs":["https:\/\/www.facebook.com\/SonoraEE"]}]}},"jetpack_featured_media_url":"https:\/\/www.sonoraenequipo.com.mx\/storage\/2025\/04\/clase-de-boxeo-nacional-min.jpg","_links":{"self":[{"href":"https:\/\/www.sonoraenequipo.com.mx\/api\/wp\/v2\/posts\/213039","targetHints":{"allow":["GET"]}}],"collection":[{"href":"https:\/\/www.sonoraenequipo.com.mx\/api\/wp\/v2\/posts"}],"about":[{"href":"https:\/\/www.sonoraenequipo.com.mx\/api\/wp\/v2\/types\/post"}],"author":[{"embeddable":true,"href":"https:\/\/www.sonoraenequipo.com.mx\/api\/wp\/v2\/users\/1"}],"replies":[{"embeddable":true,"href":"https:\/\/www.sonoraenequipo.com.mx\/api\/wp\/v2\/comments?post=213039"}],"version-history":[{"count":1,"href":"https:\/\/www.sonoraenequipo.com.mx\/api\/wp\/v2\/posts\/213039\/revisions"}],"predecessor-version":[{"id":213048,"href":"https:\/\/www.sonoraenequipo.com.mx\/api\/wp\/v2\/posts\/213039\/revisions\/213048"}],"wp:featuredmedia":[{"embeddable":true,"href":"https:\/\/www.sonoraenequipo.com.mx\/api\/wp\/v2\/media\/213047"}],"wp:attachment":[{"href":"https:\/\/www.sonoraenequipo.com.mx\/api\/wp\/v2\/media?parent=213039"}],"wp:term":[{"taxonomy":"category","embeddable":true,"href":"https:\/\/www.sonoraenequipo.com.mx\/api\/wp\/v2\/categories?post=213039"},{"taxonomy":"post_tag","embeddable":true,"href":"https:\/\/www.sonoraenequipo.com.mx\/api\/wp\/v2\/tags?post=213039"}],"curies":[{"name":"wp","href":"https:\/\/api.w.org\/{rel}","templated":true}]}}