{"id":213066,"date":"2025-04-06T09:32:26","date_gmt":"2025-04-06T16:32:26","guid":{"rendered":"https:\/\/www.sonoraenequipo.com.mx\/?p=213066"},"modified":"2025-04-06T14:38:56","modified_gmt":"2025-04-06T21:38:56","slug":"con-exito-y-gran-participacion-realiza-gobierno-de-sonora-clase-nacional-de-boxeo-en-la-entidad","status":"publish","type":"post","link":"https:\/\/www.sonoraenequipo.com.mx\/con-exito-y-gran-participacion-realiza-gobierno-de-sonora-clase-nacional-de-boxeo-en-la-entidad\/","title":{"rendered":"Con \u00e9xito y gran participaci\u00f3n realiza Gobierno de Sonora Clase Nacional de Boxeo en la entidad"},"content":{"rendered":"<p><strong>HERMOSILLO, SONORA. MX. \u2014\u00a0<\/strong> Las principales plazas p\u00fablicas de Sonora se llenaron de miles de ni\u00f1as, ni\u00f1os, adolescentes y adultos, quienes, ya sea en familia o por inter\u00e9s personal, acudieron para ser parte de la hist\u00f3rica Clase Nacional de Boxeo, impulsada por la presidenta de M\u00e9xico, Claudia Sheinbaum.<\/p>\n<p>&nbsp;<\/p>\n<p>&nbsp;<\/p>\n<p>&nbsp;<\/p>\n<p> <\/p>\n<p>En representaci\u00f3n del gobernador Alfonso Durazo, el secretario de Gobierno, Adolfo Salazar Razo, destac\u00f3 que Sonora no pod\u00eda quedarse atr\u00e1s en esta importante jornada, ya que es una de las entidades que sobresale a nivel nacional en logros deportivos, especialmente en boxeo. Por ello, resalt\u00f3 la importancia de que los sonorenses atendieran la convocatoria.<\/p>\n<p>&nbsp;<\/p>\n<p>&nbsp;<\/p>\n<p>El titular de la Secretar\u00eda de Educaci\u00f3n y Cultura (SEC), Froyl\u00e1n G\u00e1mez Gamboa, subray\u00f3 que la Clase Nacional de Boxeo 2025 demostr\u00f3 la fuerza transformadora y a\u00f1adi\u00f3 que, en Sonora, se elige la salud, la paz y la vida a trav\u00e9s del deporte, como herramienta para alejar a la juventud de las adicciones y acercarla a su mejor versi\u00f3n.<\/p>\n<p>&nbsp;<\/p>\n<p>&nbsp;<\/p>\n<p>Al magno evento tambi\u00e9n asistieron la secretaria de la Oficina del Ejecutivo Estatal, Paulina Oca\u00f1a Encinas, y la secretaria de las Mujeres, Sheila Hern\u00e1ndez Alcaraz, en cumplimiento de la encomienda del gobernador Alfonso Durazo de que el deporte y la activaci\u00f3n f\u00edsica sean parte de los h\u00e1bitos y la cultura de ni\u00f1as, ni\u00f1os, adolescentes y juventudes sonorenses.<\/p>\n<p>&nbsp;<\/p>\n<p>&nbsp;<\/p>\n<p>En Sonora, desde San Luis R\u00edo Colorado hasta Huatabampo, pasando por municipios de diversas latitudes como Divisaderos, Altar, Moctezuma, Naco, Hermosillo, Guaymas, Cajeme, Caborca, Nogales, Cananea, Ures, Magdalena y Santa Ana, los asistentes practicaron, durante 40 minutos, varios movimientos b\u00e1sicos del boxeo, como parte del fomento a la pr\u00e1ctica deportiva.<\/p>\n<p>&nbsp;<\/p>\n<p>&nbsp;<\/p>\n<p>El evento nacional, realizado como parte de la conmemoraci\u00f3n del D\u00eda Internacional del Deporte para el Desarrollo y la Paz, fue encabezado por la presidenta Claudia Sheinbaum, quien inici\u00f3 la actividad simult\u00e1neamente desde el Z\u00f3calo de la Ciudad de M\u00e9xico, mediante un videoenlace a las plazas p\u00fablicas de las 32 entidades de la Rep\u00fablica.<\/p>\n<p>&nbsp;<\/p>\n<p>&nbsp;<\/p>\n<p>&nbsp;<\/p>\n<p>&nbsp;<\/p>\n<p>PUBLICADO EL 06 DE ABRIL DE 2025 Con informaci\u00f3n de GOBSON 0425051)<\/p>\n","protected":false},"excerpt":{"rendered":"<p>HERMOSILLO, SONORA. MX. \u2014\u00a0 Las principales plazas p\u00fablicas de Sonora se llenaron de miles de&#8230;<\/p>\n","protected":false},"author":1,"featured_media":213058,"comment_status":"open","ping_status":"open","sticky":false,"template":"","format":"standard","meta":{"_monsterinsights_skip_tracking":false,"_monsterinsights_sitenote_active":false,"_monsterinsights_sitenote_note":"","_monsterinsights_sitenote_category":0,"footnotes":""},"categories":[5,22],"tags":[],"class_list":["post"],"yoast_head":" \n<title>Sonora en Equipo. Con \u00e9xito y gran participaci\u00f3n realiza Gobierno de Sonora Clase Nacional de Boxeo en la entidad Sonora<\/title>\n<meta name=\"description\" content=\"HERMOSILLO, SONORA. MX. \u2014\u00a0 Las principales plazas p\u00fablicas de Sonora se llenaron de miles de ni\u00f1as, ni\u00f1os, adolescentes y adultos, quienes, ya sea en En Sonora en Equipo publicamos toda la informaci\u00f3n de Sonora, M\u00e9xico y el Mundo de manera oportuna y busca que la libertad de expresi\u00f3n sea real. Visita nuestro medio informativo publicado desde Hermosillo, Sonora. %\" \/>\n<meta name=\"robots\" content=\"index, follow, max-snippet:-1, max-image-preview:large, max-video-preview:-1\" \/>\n<link rel=\"canonical\" href=\"https:\/\/www.sonoraenequipo.com.mx\/con-exito-y-gran-participacion-realiza-gobierno-de-sonora-clase-nacional-de-boxeo-en-la-entidad\/\" \/>\n<meta property=\"og:locale\" content=\"es_ES\" \/>\n<meta property=\"og:type\" content=\"article\" \/>\n<meta property=\"og:title\" content=\"Sonora en Equipo. Con \u00e9xito y gran participaci\u00f3n realiza Gobierno de Sonora Clase Nacional de Boxeo en la entidad Sonora\" \/>\n<meta property=\"og:description\" content=\"HERMOSILLO, SONORA. MX. \u2014\u00a0 Las principales plazas p\u00fablicas de Sonora se llenaron de miles de ni\u00f1as, ni\u00f1os, adolescentes y adultos, quienes, ya sea en En Sonora en Equipo publicamos toda la informaci\u00f3n de Sonora, M\u00e9xico y el Mundo de manera oportuna y busca que la libertad de expresi\u00f3n sea real. Visita nuestro medio informativo publicado desde Hermosillo, Sonora. %\" \/>\n<meta property=\"og:url\" content=\"https:\/\/www.sonoraenequipo.com.mx\/con-exito-y-gran-participacion-realiza-gobierno-de-sonora-clase-nacional-de-boxeo-en-la-entidad\/\" \/>\n<meta property=\"og:site_name\" content=\"Sonora en Equipo.\" \/>\n<meta property=\"article:publisher\" content=\"https:\/\/www.facebook.com\/SonoraEE\/\" \/>\n<meta property=\"article:author\" content=\"https:\/\/www.facebook.com\/SonoraEE\" \/>\n<meta property=\"article:published_time\" content=\"2025-04-06T16:32:26+00:00\" \/>\n<meta property=\"article:modified_time\" content=\"2025-04-06T21:38:56+00:00\" \/>\n<meta property=\"og:image\" content=\"https:\/\/www.sonoraenequipo.com.mx\/storage\/2025\/04\/Clase-nacional-de-Boxeo-min.jpg\" \/>\n\t<meta property=\"og:image:width\" content=\"1200\" \/>\n\t<meta property=\"og:image:height\" content=\"846\" \/>\n\t<meta property=\"og:image:type\" content=\"image\/jpeg\" \/>\n<meta name=\"author\" content=\"enequipo\" \/>\n<meta name=\"twitter:card\" content=\"summary_large_image\" \/>\n<meta name=\"twitter:creator\" content=\"@sonoraenequipo\" \/>\n<meta name=\"twitter:site\" content=\"@sonoraenequipo\" \/>\n<meta name=\"twitter:label1\" content=\"Escrito por\" \/>\n\t<meta name=\"twitter:data1\" content=\"enequipo\" \/>\n\t<meta name=\"twitter:label2\" content=\"Tiempo de lectura\" \/>\n\t<meta name=\"twitter:data2\" content=\"2 minutos\" \/>\n<script type=\"application\/ld+json\" class=\"yoast-schema-graph\">{\"@context\":\"https:\/\/schema.org\",\"@graph\":[{\"@type\":\"Article\",\"@id\":\"https:\/\/www.sonoraenequipo.com.mx\/con-exito-y-gran-participacion-realiza-gobierno-de-sonora-clase-nacional-de-boxeo-en-la-entidad\/#article\",\"isPartOf\":{\"@id\":\"https:\/\/www.sonoraenequipo.com.mx\/con-exito-y-gran-participacion-realiza-gobierno-de-sonora-clase-nacional-de-boxeo-en-la-entidad\/\"},\"author\":{\"name\":\"enequipo\",\"@id\":\"https:\/\/www.sonoraenequipo.com.mx\/#\/schema\/person\/50102df0fb23a8fa9e8effad8fa81386\"},\"headline\":\"Con \u00e9xito y gran participaci\u00f3n realiza Gobierno de Sonora Clase Nacional de Boxeo en la entidad\",\"datePublished\":\"2025-04-06T16:32:26+00:00\",\"dateModified\":\"2025-04-06T21:38:56+00:00\",\"mainEntityOfPage\":{\"@id\":\"https:\/\/www.sonoraenequipo.com.mx\/con-exito-y-gran-participacion-realiza-gobierno-de-sonora-clase-nacional-de-boxeo-en-la-entidad\/\"},\"wordCount\":394,\"commentCount\":0,\"publisher\":{\"@id\":\"https:\/\/www.sonoraenequipo.com.mx\/#organization\"},\"image\":{\"@id\":\"https:\/\/www.sonoraenequipo.com.mx\/con-exito-y-gran-participacion-realiza-gobierno-de-sonora-clase-nacional-de-boxeo-en-la-entidad\/#primaryimage\"},\"thumbnailUrl\":\"https:\/\/www.sonoraenequipo.com.mx\/storage\/2025\/04\/Clase-nacional-de-Boxeo-min.jpg\",\"articleSection\":[\"Rep\u00fablica\",\"Sonora\"],\"inLanguage\":\"es\",\"potentialAction\":[{\"@type\":\"CommentAction\",\"name\":\"Comment\",\"target\":[\"https:\/\/www.sonoraenequipo.com.mx\/con-exito-y-gran-participacion-realiza-gobierno-de-sonora-clase-nacional-de-boxeo-en-la-entidad\/#respond\"]}]},{\"@type\":\"WebPage\",\"@id\":\"https:\/\/www.sonoraenequipo.com.mx\/con-exito-y-gran-participacion-realiza-gobierno-de-sonora-clase-nacional-de-boxeo-en-la-entidad\/\",\"url\":\"https:\/\/www.sonoraenequipo.com.mx\/con-exito-y-gran-participacion-realiza-gobierno-de-sonora-clase-nacional-de-boxeo-en-la-entidad\/\",\"name\":\"Sonora en Equipo. Con \u00e9xito y gran participaci\u00f3n realiza Gobierno de Sonora Clase Nacional de Boxeo en la entidad Sonora\",\"isPartOf\":{\"@id\":\"https:\/\/www.sonoraenequipo.com.mx\/#website\"},\"primaryImageOfPage\":{\"@id\":\"https:\/\/www.sonoraenequipo.com.mx\/con-exito-y-gran-participacion-realiza-gobierno-de-sonora-clase-nacional-de-boxeo-en-la-entidad\/#primaryimage\"},\"image\":{\"@id\":\"https:\/\/www.sonoraenequipo.com.mx\/con-exito-y-gran-participacion-realiza-gobierno-de-sonora-clase-nacional-de-boxeo-en-la-entidad\/#primaryimage\"},\"thumbnailUrl\":\"https:\/\/www.sonoraenequipo.com.mx\/storage\/2025\/04\/Clase-nacional-de-Boxeo-min.jpg\",\"datePublished\":\"2025-04-06T16:32:26+00:00\",\"dateModified\":\"2025-04-06T21:38:56+00:00\",\"description\":\"HERMOSILLO, SONORA. MX. \u2014\u00a0 Las principales plazas p\u00fablicas de Sonora se llenaron de miles de ni\u00f1as, ni\u00f1os, adolescentes y adultos, quienes, ya sea en En Sonora en Equipo publicamos toda la informaci\u00f3n de Sonora, M\u00e9xico y el Mundo de manera oportuna y busca que la libertad de expresi\u00f3n sea real. Visita nuestro medio informativo publicado desde Hermosillo, Sonora. %\",\"breadcrumb\":{\"@id\":\"https:\/\/www.sonoraenequipo.com.mx\/con-exito-y-gran-participacion-realiza-gobierno-de-sonora-clase-nacional-de-boxeo-en-la-entidad\/#breadcrumb\"},\"inLanguage\":\"es\",\"potentialAction\":[{\"@type\":\"ReadAction\",\"target\":[\"https:\/\/www.sonoraenequipo.com.mx\/con-exito-y-gran-participacion-realiza-gobierno-de-sonora-clase-nacional-de-boxeo-en-la-entidad\/\"]}]},{\"@type\":\"ImageObject\",\"inLanguage\":\"es\",\"@id\":\"https:\/\/www.sonoraenequipo.com.mx\/con-exito-y-gran-participacion-realiza-gobierno-de-sonora-clase-nacional-de-boxeo-en-la-entidad\/#primaryimage\",\"url\":\"https:\/\/www.sonoraenequipo.com.mx\/storage\/2025\/04\/Clase-nacional-de-Boxeo-min.jpg\",\"contentUrl\":\"https:\/\/www.sonoraenequipo.com.mx\/storage\/2025\/04\/Clase-nacional-de-Boxeo-min.jpg\",\"width\":1200,\"height\":846},{\"@type\":\"BreadcrumbList\",\"@id\":\"https:\/\/www.sonoraenequipo.com.mx\/con-exito-y-gran-participacion-realiza-gobierno-de-sonora-clase-nacional-de-boxeo-en-la-entidad\/#breadcrumb\",\"itemListElement\":[{\"@type\":\"ListItem\",\"position\":1,\"name\":\"Portada\",\"item\":\"https:\/\/www.sonoraenequipo.com.mx\/\"},{\"@type\":\"ListItem\",\"position\":2,\"name\":\"Con \u00e9xito y gran participaci\u00f3n realiza Gobierno de Sonora Clase Nacional de Boxeo en la entidad\"}]},{\"@type\":\"WebSite\",\"@id\":\"https:\/\/www.sonoraenequipo.com.mx\/#website\",\"url\":\"https:\/\/www.sonoraenequipo.com.mx\/\",\"name\":\"Sonora en Equipo.\",\"description\":\"Diario en l\u00ednea con Noticias desde Hermosillo, Sonora\",\"publisher\":{\"@id\":\"https:\/\/www.sonoraenequipo.com.mx\/#organization\"},\"potentialAction\":[{\"@type\":\"SearchAction\",\"target\":{\"@type\":\"EntryPoint\",\"urlTemplate\":\"https:\/\/www.sonoraenequipo.com.mx\/?s={search_term_string}\"},\"query-input\":{\"@type\":\"PropertyValueSpecification\",\"valueRequired\":true,\"valueName\":\"search_term_string\"}}],\"inLanguage\":\"es\"},{\"@type\":\"Organization\",\"@id\":\"https:\/\/www.sonoraenequipo.com.mx\/#organization\",\"name\":\"Sonoraenequipo.com.mx\",\"url\":\"https:\/\/www.sonoraenequipo.com.mx\/\",\"logo\":{\"@type\":\"ImageObject\",\"inLanguage\":\"es\",\"@id\":\"https:\/\/www.sonoraenequipo.com.mx\/#\/schema\/logo\/image\/\",\"url\":\"https:\/\/www.sonoraenequipo.com.mx\/storage\/2019\/01\/sonoraenequipo_opt.png\",\"contentUrl\":\"https:\/\/www.sonoraenequipo.com.mx\/storage\/2019\/01\/sonoraenequipo_opt.png\",\"width\":375,\"height\":125,\"caption\":\"Sonoraenequipo.com.mx\"},\"image\":{\"@id\":\"https:\/\/www.sonoraenequipo.com.mx\/#\/schema\/logo\/image\/\"},\"sameAs\":[\"https:\/\/www.facebook.com\/SonoraEE\/\",\"https:\/\/x.com\/sonoraenequipo\",\"https:\/\/www.youtube.com\/channel\/UC338nW-lPEYmJQs4ZABQ1SQ\"]},{\"@type\":\"Person\",\"@id\":\"https:\/\/www.sonoraenequipo.com.mx\/#\/schema\/person\/50102df0fb23a8fa9e8effad8fa81386\",\"name\":\"enequipo\",\"image\":{\"@type\":\"ImageObject\",\"inLanguage\":\"es\",\"@id\":\"https:\/\/www.sonoraenequipo.com.mx\/#\/schema\/person\/image\/\",\"url\":\"https:\/\/secure.gravatar.com\/avatar\/049821681b589dabc0bc20695993ccebb09f5b5d4d790cd9251b97faac7c652b?s=96&d=blank&r=g\",\"contentUrl\":\"https:\/\/secure.gravatar.com\/avatar\/049821681b589dabc0bc20695993ccebb09f5b5d4d790cd9251b97faac7c652b?s=96&d=blank&r=g\",\"caption\":\"enequipo\"},\"sameAs\":[\"https:\/\/www.facebook.com\/SonoraEE\"]}]}<\/script>\n ","yoast_head_json":{"title":"Sonora en Equipo. Con \u00e9xito y gran participaci\u00f3n realiza Gobierno de Sonora Clase Nacional de Boxeo en la entidad Sonora","description":"HERMOSILLO, SONORA. MX. \u2014\u00a0 Las principales plazas p\u00fablicas de Sonora se llenaron de miles de ni\u00f1as, ni\u00f1os, adolescentes y adultos, quienes, ya sea en En Sonora en Equipo publicamos toda la informaci\u00f3n de Sonora, M\u00e9xico y el Mundo de manera oportuna y busca que la libertad de expresi\u00f3n sea real. Visita nuestro medio informativo publicado desde Hermosillo, Sonora. %","robots":{"index":"index","follow":"follow","max-snippet":"max-snippet:-1","max-image-preview":"max-image-preview:large","max-video-preview":"max-video-preview:-1"},"canonical":"https:\/\/www.sonoraenequipo.com.mx\/con-exito-y-gran-participacion-realiza-gobierno-de-sonora-clase-nacional-de-boxeo-en-la-entidad\/","og_locale":"es_ES","og_type":"article","og_title":"Sonora en Equipo. Con \u00e9xito y gran participaci\u00f3n realiza Gobierno de Sonora Clase Nacional de Boxeo en la entidad Sonora","og_description":"HERMOSILLO, SONORA. MX. \u2014\u00a0 Las principales plazas p\u00fablicas de Sonora se llenaron de miles de ni\u00f1as, ni\u00f1os, adolescentes y adultos, quienes, ya sea en En Sonora en Equipo publicamos toda la informaci\u00f3n de Sonora, M\u00e9xico y el Mundo de manera oportuna y busca que la libertad de expresi\u00f3n sea real. Visita nuestro medio informativo publicado desde Hermosillo, Sonora. %","og_url":"https:\/\/www.sonoraenequipo.com.mx\/con-exito-y-gran-participacion-realiza-gobierno-de-sonora-clase-nacional-de-boxeo-en-la-entidad\/","og_site_name":"Sonora en Equipo.","article_publisher":"https:\/\/www.facebook.com\/SonoraEE\/","article_author":"https:\/\/www.facebook.com\/SonoraEE","article_published_time":"2025-04-06T16:32:26+00:00","article_modified_time":"2025-04-06T21:38:56+00:00","og_image":[{"width":1200,"height":846,"url":"https:\/\/www.sonoraenequipo.com.mx\/storage\/2025\/04\/Clase-nacional-de-Boxeo-min.jpg","type":"image\/jpeg"}],"author":"enequipo","twitter_card":"summary_large_image","twitter_creator":"@sonoraenequipo","twitter_site":"@sonoraenequipo","twitter_misc":{"Escrito por":"enequipo","Tiempo de lectura":"2 minutos"},"schema":{"@context":"https:\/\/schema.org","@graph":[{"@type":"Article","@id":"https:\/\/www.sonoraenequipo.com.mx\/con-exito-y-gran-participacion-realiza-gobierno-de-sonora-clase-nacional-de-boxeo-en-la-entidad\/#article","isPartOf":{"@id":"https:\/\/www.sonoraenequipo.com.mx\/con-exito-y-gran-participacion-realiza-gobierno-de-sonora-clase-nacional-de-boxeo-en-la-entidad\/"},"author":{"name":"enequipo","@id":"https:\/\/www.sonoraenequipo.com.mx\/#\/schema\/person\/50102df0fb23a8fa9e8effad8fa81386"},"headline":"Con \u00e9xito y gran participaci\u00f3n realiza Gobierno de Sonora Clase Nacional de Boxeo en la entidad","datePublished":"2025-04-06T16:32:26+00:00","dateModified":"2025-04-06T21:38:56+00:00","mainEntityOfPage":{"@id":"https:\/\/www.sonoraenequipo.com.mx\/con-exito-y-gran-participacion-realiza-gobierno-de-sonora-clase-nacional-de-boxeo-en-la-entidad\/"},"wordCount":394,"commentCount":0,"publisher":{"@id":"https:\/\/www.sonoraenequipo.com.mx\/#organization"},"image":{"@id":"https:\/\/www.sonoraenequipo.com.mx\/con-exito-y-gran-participacion-realiza-gobierno-de-sonora-clase-nacional-de-boxeo-en-la-entidad\/#primaryimage"},"thumbnailUrl":"https:\/\/www.sonoraenequipo.com.mx\/storage\/2025\/04\/Clase-nacional-de-Boxeo-min.jpg","articleSection":["Rep\u00fablica","Sonora"],"inLanguage":"es","potentialAction":[{"@type":"CommentAction","name":"Comment","target":["https:\/\/www.sonoraenequipo.com.mx\/con-exito-y-gran-participacion-realiza-gobierno-de-sonora-clase-nacional-de-boxeo-en-la-entidad\/#respond"]}]},{"@type":"WebPage","@id":"https:\/\/www.sonoraenequipo.com.mx\/con-exito-y-gran-participacion-realiza-gobierno-de-sonora-clase-nacional-de-boxeo-en-la-entidad\/","url":"https:\/\/www.sonoraenequipo.com.mx\/con-exito-y-gran-participacion-realiza-gobierno-de-sonora-clase-nacional-de-boxeo-en-la-entidad\/","name":"Sonora en Equipo. Con \u00e9xito y gran participaci\u00f3n realiza Gobierno de Sonora Clase Nacional de Boxeo en la entidad Sonora","isPartOf":{"@id":"https:\/\/www.sonoraenequipo.com.mx\/#website"},"primaryImageOfPage":{"@id":"https:\/\/www.sonoraenequipo.com.mx\/con-exito-y-gran-participacion-realiza-gobierno-de-sonora-clase-nacional-de-boxeo-en-la-entidad\/#primaryimage"},"image":{"@id":"https:\/\/www.sonoraenequipo.com.mx\/con-exito-y-gran-participacion-realiza-gobierno-de-sonora-clase-nacional-de-boxeo-en-la-entidad\/#primaryimage"},"thumbnailUrl":"https:\/\/www.sonoraenequipo.com.mx\/storage\/2025\/04\/Clase-nacional-de-Boxeo-min.jpg","datePublished":"2025-04-06T16:32:26+00:00","dateModified":"2025-04-06T21:38:56+00:00","description":"HERMOSILLO, SONORA. MX. \u2014\u00a0 Las principales plazas p\u00fablicas de Sonora se llenaron de miles de ni\u00f1as, ni\u00f1os, adolescentes y adultos, quienes, ya sea en En Sonora en Equipo publicamos toda la informaci\u00f3n de Sonora, M\u00e9xico y el Mundo de manera oportuna y busca que la libertad de expresi\u00f3n sea real. Visita nuestro medio informativo publicado desde Hermosillo, Sonora. %","breadcrumb":{"@id":"https:\/\/www.sonoraenequipo.com.mx\/con-exito-y-gran-participacion-realiza-gobierno-de-sonora-clase-nacional-de-boxeo-en-la-entidad\/#breadcrumb"},"inLanguage":"es","potentialAction":[{"@type":"ReadAction","target":["https:\/\/www.sonoraenequipo.com.mx\/con-exito-y-gran-participacion-realiza-gobierno-de-sonora-clase-nacional-de-boxeo-en-la-entidad\/"]}]},{"@type":"ImageObject","inLanguage":"es","@id":"https:\/\/www.sonoraenequipo.com.mx\/con-exito-y-gran-participacion-realiza-gobierno-de-sonora-clase-nacional-de-boxeo-en-la-entidad\/#primaryimage","url":"https:\/\/www.sonoraenequipo.com.mx\/storage\/2025\/04\/Clase-nacional-de-Boxeo-min.jpg","contentUrl":"https:\/\/www.sonoraenequipo.com.mx\/storage\/2025\/04\/Clase-nacional-de-Boxeo-min.jpg","width":1200,"height":846},{"@type":"BreadcrumbList","@id":"https:\/\/www.sonoraenequipo.com.mx\/con-exito-y-gran-participacion-realiza-gobierno-de-sonora-clase-nacional-de-boxeo-en-la-entidad\/#breadcrumb","itemListElement":[{"@type":"ListItem","position":1,"name":"Portada","item":"https:\/\/www.sonoraenequipo.com.mx\/"},{"@type":"ListItem","position":2,"name":"Con \u00e9xito y gran participaci\u00f3n realiza Gobierno de Sonora Clase Nacional de Boxeo en la entidad"}]},{"@type":"WebSite","@id":"https:\/\/www.sonoraenequipo.com.mx\/#website","url":"https:\/\/www.sonoraenequipo.com.mx\/","name":"Sonora en Equipo.","description":"Diario en l\u00ednea con Noticias desde Hermosillo, Sonora","publisher":{"@id":"https:\/\/www.sonoraenequipo.com.mx\/#organization"},"potentialAction":[{"@type":"SearchAction","target":{"@type":"EntryPoint","urlTemplate":"https:\/\/www.sonoraenequipo.com.mx\/?s={search_term_string}"},"query-input":{"@type":"PropertyValueSpecification","valueRequired":true,"valueName":"search_term_string"}}],"inLanguage":"es"},{"@type":"Organization","@id":"https:\/\/www.sonoraenequipo.com.mx\/#organization","name":"Sonoraenequipo.com.mx","url":"https:\/\/www.sonoraenequipo.com.mx\/","logo":{"@type":"ImageObject","inLanguage":"es","@id":"https:\/\/www.sonoraenequipo.com.mx\/#\/schema\/logo\/image\/","url":"https:\/\/www.sonoraenequipo.com.mx\/storage\/2019\/01\/sonoraenequipo_opt.png","contentUrl":"https:\/\/www.sonoraenequipo.com.mx\/storage\/2019\/01\/sonoraenequipo_opt.png","width":375,"height":125,"caption":"Sonoraenequipo.com.mx"},"image":{"@id":"https:\/\/www.sonoraenequipo.com.mx\/#\/schema\/logo\/image\/"},"sameAs":["https:\/\/www.facebook.com\/SonoraEE\/","https:\/\/x.com\/sonoraenequipo","https:\/\/www.youtube.com\/channel\/UC338nW-lPEYmJQs4ZABQ1SQ"]},{"@type":"Person","@id":"https:\/\/www.sonoraenequipo.com.mx\/#\/schema\/person\/50102df0fb23a8fa9e8effad8fa81386","name":"enequipo","image":{"@type":"ImageObject","inLanguage":"es","@id":"https:\/\/www.sonoraenequipo.com.mx\/#\/schema\/person\/image\/","url":"https:\/\/secure.gravatar.com\/avatar\/049821681b589dabc0bc20695993ccebb09f5b5d4d790cd9251b97faac7c652b?s=96&d=blank&r=g","contentUrl":"https:\/\/secure.gravatar.com\/avatar\/049821681b589dabc0bc20695993ccebb09f5b5d4d790cd9251b97faac7c652b?s=96&d=blank&r=g","caption":"enequipo"},"sameAs":["https:\/\/www.facebook.com\/SonoraEE"]}]}},"jetpack_featured_media_url":"https:\/\/www.sonoraenequipo.com.mx\/storage\/2025\/04\/Clase-nacional-de-Boxeo-min.jpg","_links":{"self":[{"href":"https:\/\/www.sonoraenequipo.com.mx\/api\/wp\/v2\/posts\/213066","targetHints":{"allow":["GET"]}}],"collection":[{"href":"https:\/\/www.sonoraenequipo.com.mx\/api\/wp\/v2\/posts"}],"about":[{"href":"https:\/\/www.sonoraenequipo.com.mx\/api\/wp\/v2\/types\/post"}],"author":[{"embeddable":true,"href":"https:\/\/www.sonoraenequipo.com.mx\/api\/wp\/v2\/users\/1"}],"replies":[{"embeddable":true,"href":"https:\/\/www.sonoraenequipo.com.mx\/api\/wp\/v2\/comments?post=213066"}],"version-history":[{"count":1,"href":"https:\/\/www.sonoraenequipo.com.mx\/api\/wp\/v2\/posts\/213066\/revisions"}],"predecessor-version":[{"id":213069,"href":"https:\/\/www.sonoraenequipo.com.mx\/api\/wp\/v2\/posts\/213066\/revisions\/213069"}],"wp:featuredmedia":[{"embeddable":true,"href":"https:\/\/www.sonoraenequipo.com.mx\/api\/wp\/v2\/media\/213058"}],"wp:attachment":[{"href":"https:\/\/www.sonoraenequipo.com.mx\/api\/wp\/v2\/media?parent=213066"}],"wp:term":[{"taxonomy":"category","embeddable":true,"href":"https:\/\/www.sonoraenequipo.com.mx\/api\/wp\/v2\/categories?post=213066"},{"taxonomy":"post_tag","embeddable":true,"href":"https:\/\/www.sonoraenequipo.com.mx\/api\/wp\/v2\/tags?post=213066"}],"curies":[{"name":"wp","href":"https:\/\/api.w.org\/{rel}","templated":true}]}}