{"id":213095,"date":"2025-04-06T08:00:27","date_gmt":"2025-04-06T15:00:27","guid":{"rendered":"https:\/\/www.sonoraenequipo.com.mx\/?p=213095"},"modified":"2025-04-07T08:55:46","modified_gmt":"2025-04-07T15:55:46","slug":"que-el-ejercicio-y-el-deporte-aleje-a-nuestros-ninos-y-jovenes-de-las-adicciones-rocha-moya","status":"publish","type":"post","link":"https:\/\/www.sonoraenequipo.com.mx\/que-el-ejercicio-y-el-deporte-aleje-a-nuestros-ninos-y-jovenes-de-las-adicciones-rocha-moya\/","title":{"rendered":"Que el ejercicio y el deporte aleje a nuestros ni\u00f1os y j\u00f3venes de las adicciones\u201d: Rocha Moya"},"content":{"rendered":"<p><strong>CULIAC\u00c1N, SINALOA. MX. \u2014<\/strong> En un ambiente animado y de sana convivencia, el Gobernador Rocha Moya hizo un llamado a vivir en paz y con salud, asimismo expres\u00f3 su profundo deseo de que, quienes han ca\u00eddo en las adicciones las abandonen, esto al encabezar la Clase Nacional de boxeo en Sinaloa, junto a Julio Cascajares, Director del Instituto del Deporte, Marco Verde medallista Ol\u00edmpico, ganador de la presea de plata en los Juegos Ol\u00edmpicos Par\u00eds 2024, adem\u00e1s de los pugilistas sinaloenses Omar Ch\u00e1vez, Karen Rubio, Pedro Guevara y comandada por la boxeadora Maricela \u201cBaby\u201d Quintero, poseedora de cuatro t\u00edtulos mundiales y dos nacionales.<\/p>\n<p>&nbsp;<\/p>\n<p>&nbsp;<\/p>\n<p> <\/p>\n<p>\u201cEsta es una reuni\u00f3n de todas aquellas personas que queremos vivir en paz y en salud, que el ejercicio, que el deporte aleje a nuestros ni\u00f1os, a nuestra juventud y tambi\u00e9n a los adultos de las adicciones. No queremos que nuestra juventud, nuestros ni\u00f1os caigan en las adicciones\u201d, dijo Rocha Moya.<\/p>\n<p>&nbsp;<\/p>\n<p>&nbsp;<\/p>\n<p>&nbsp;<\/p>\n<p>Esta clase forma parte de una amplia agenda deportiva nacional, impulsada por la presidenta Claudia Sheinbaum, que busca hacer del deporte un aliado valioso en la construcci\u00f3n de paz y alejar a los j\u00f3venes de las adicciones.<\/p>\n<p>&nbsp;<\/p>\n<p>&nbsp;<\/p>\n<p>&nbsp;<\/p>\n<p>Debido a la popularidad del boxeo en el pa\u00eds, este deporte, sirve como herramienta de gran impacto en los esfuerzos de promover la actividad f\u00edsica, prevenir adicciones, resaltar los valores e inspirar cambios positivos en beneficio de la sociedad canalizando la energ\u00eda de forma positiva.<\/p>\n<p>&nbsp;<\/p>\n<p>&nbsp;<\/p>\n<p><img loading=\"lazy\" decoding=\"async\" class=\"x-center size-full \" src=\"https:\/\/www.sonoraenequipo.com.mx\/storage\/2025\/04\/gobernador-de-Sinaloa-min-2.jpg\" alt=\"\" width=\"1000\" height=\"562\" \/>Es por ello que m\u00e1s de cuatro mil culiacanenses, de todas las edades, se dieron cita para formar parte de esta estrategia con sentido social y que busca romper un r\u00e9cord mundial.<\/p>\n<p>&nbsp;<\/p>\n<p>&nbsp;<\/p>\n<p>Cabe se\u00f1alar que, esta jornada se realiz\u00f3, simult\u00e1neamente, a nivel nacional, en las plazas p\u00fablicas del pa\u00eds contando con figuras destacadas del boxeo nacional como el campe\u00f3n mundial sinaloense Julio C\u00e9sar Ch\u00e1vez, quien envi\u00f3 saludos a sus paisanos.<\/p>\n<p>&nbsp;<\/p>\n<p>&nbsp;<\/p>\n<p>Sinaloa, orgullosamente tierra de boxeadores, dijo presente en esta gran jornada deportiva nacional, pues al mandatario estatal le acompa\u00f1aron el Senador Enrique Inzunza, Teresa Guerra Ochoa Presidenta de la JUCOPO, el alcalde Juan de Dios G\u00e1mez y su esposa Irma Nydia Gasca; Feliciano Castro Mel\u00e9ndrez Secretario General de Gobierno; Cuitl\u00e1huac Gonz\u00e1lez Secretario de Salud; Ana Chiquete Secretaria de las Mujeres; Ismael Bello, Secretario de Agricultura; Gloria Himelda F\u00e9lix Secretaria de Educaci\u00f3n; Mar\u00eda Guadalupe Ram\u00edrez Secretaria de Transparencia, funcionarios estatales e invitados especiales.<\/p>\n<p>&nbsp;<\/p>\n<p>&nbsp;<\/p>\n<p>&nbsp;<\/p>\n<p>PUBLICADO EL 06 DE ABRIL DE 2025 Con informaci\u00f3n de GOBSIN)<\/p>\n","protected":false},"excerpt":{"rendered":"<p>CULIAC\u00c1N, SINALOA. MX. \u2014 En un ambiente animado y de sana convivencia, el Gobernador Rocha&#8230;<\/p>\n","protected":false},"author":1,"featured_media":213098,"comment_status":"open","ping_status":"open","sticky":false,"template":"","format":"standard","meta":{"_monsterinsights_skip_tracking":false,"_monsterinsights_sitenote_active":false,"_monsterinsights_sitenote_note":"","_monsterinsights_sitenote_category":0,"footnotes":""},"categories":[5],"tags":[],"class_list":["post"],"yoast_head":" \n<title>Sonora en Equipo. Que el ejercicio y el deporte aleje a nuestros ni\u00f1os y j\u00f3venes de las adicciones\u201d: Rocha Moya Rep\u00fablica<\/title>\n<meta name=\"description\" content=\"CULIAC\u00c1N, SINALOA. MX. \u2014 En un ambiente animado y de sana convivencia, el Gobernador Rocha Moya hizo un llamado a vivir en paz y con salud, asimismo En Sonora en Equipo publicamos toda la informaci\u00f3n de Sonora, M\u00e9xico y el Mundo de manera oportuna y busca que la libertad de expresi\u00f3n sea real. Visita nuestro medio informativo publicado desde Hermosillo, Sonora. %\" \/>\n<meta name=\"robots\" content=\"index, follow, max-snippet:-1, max-image-preview:large, max-video-preview:-1\" \/>\n<link rel=\"canonical\" href=\"https:\/\/www.sonoraenequipo.com.mx\/que-el-ejercicio-y-el-deporte-aleje-a-nuestros-ninos-y-jovenes-de-las-adicciones-rocha-moya\/\" \/>\n<meta property=\"og:locale\" content=\"es_ES\" \/>\n<meta property=\"og:type\" content=\"article\" \/>\n<meta property=\"og:title\" content=\"Sonora en Equipo. Que el ejercicio y el deporte aleje a nuestros ni\u00f1os y j\u00f3venes de las adicciones\u201d: Rocha Moya Rep\u00fablica\" \/>\n<meta property=\"og:description\" content=\"CULIAC\u00c1N, SINALOA. MX. \u2014 En un ambiente animado y de sana convivencia, el Gobernador Rocha Moya hizo un llamado a vivir en paz y con salud, asimismo En Sonora en Equipo publicamos toda la informaci\u00f3n de Sonora, M\u00e9xico y el Mundo de manera oportuna y busca que la libertad de expresi\u00f3n sea real. Visita nuestro medio informativo publicado desde Hermosillo, Sonora. %\" \/>\n<meta property=\"og:url\" content=\"https:\/\/www.sonoraenequipo.com.mx\/que-el-ejercicio-y-el-deporte-aleje-a-nuestros-ninos-y-jovenes-de-las-adicciones-rocha-moya\/\" \/>\n<meta property=\"og:site_name\" content=\"Sonora en Equipo.\" \/>\n<meta property=\"article:publisher\" content=\"https:\/\/www.facebook.com\/SonoraEE\/\" \/>\n<meta property=\"article:author\" content=\"https:\/\/www.facebook.com\/SonoraEE\" \/>\n<meta property=\"article:published_time\" content=\"2025-04-06T15:00:27+00:00\" \/>\n<meta property=\"article:modified_time\" content=\"2025-04-07T15:55:46+00:00\" \/>\n<meta property=\"og:image\" content=\"https:\/\/www.sonoraenequipo.com.mx\/storage\/2025\/04\/Rocha.-Gobernador-de-Sinaloa-min-1.jpg\" \/>\n\t<meta property=\"og:image:width\" content=\"1032\" \/>\n\t<meta property=\"og:image:height\" content=\"603\" \/>\n\t<meta property=\"og:image:type\" content=\"image\/jpeg\" \/>\n<meta name=\"author\" content=\"enequipo\" \/>\n<meta name=\"twitter:card\" content=\"summary_large_image\" \/>\n<meta name=\"twitter:creator\" content=\"@sonoraenequipo\" \/>\n<meta name=\"twitter:site\" content=\"@sonoraenequipo\" \/>\n<meta name=\"twitter:label1\" content=\"Escrito por\" \/>\n\t<meta name=\"twitter:data1\" content=\"enequipo\" \/>\n\t<meta name=\"twitter:label2\" content=\"Tiempo de lectura\" \/>\n\t<meta name=\"twitter:data2\" content=\"2 minutos\" \/>\n<script type=\"application\/ld+json\" class=\"yoast-schema-graph\">{\"@context\":\"https:\/\/schema.org\",\"@graph\":[{\"@type\":\"Article\",\"@id\":\"https:\/\/www.sonoraenequipo.com.mx\/que-el-ejercicio-y-el-deporte-aleje-a-nuestros-ninos-y-jovenes-de-las-adicciones-rocha-moya\/#article\",\"isPartOf\":{\"@id\":\"https:\/\/www.sonoraenequipo.com.mx\/que-el-ejercicio-y-el-deporte-aleje-a-nuestros-ninos-y-jovenes-de-las-adicciones-rocha-moya\/\"},\"author\":{\"name\":\"enequipo\",\"@id\":\"https:\/\/www.sonoraenequipo.com.mx\/#\/schema\/person\/50102df0fb23a8fa9e8effad8fa81386\"},\"headline\":\"Que el ejercicio y el deporte aleje a nuestros ni\u00f1os y j\u00f3venes de las adicciones\u201d: Rocha Moya\",\"datePublished\":\"2025-04-06T15:00:27+00:00\",\"dateModified\":\"2025-04-07T15:55:46+00:00\",\"mainEntityOfPage\":{\"@id\":\"https:\/\/www.sonoraenequipo.com.mx\/que-el-ejercicio-y-el-deporte-aleje-a-nuestros-ninos-y-jovenes-de-las-adicciones-rocha-moya\/\"},\"wordCount\":467,\"commentCount\":0,\"publisher\":{\"@id\":\"https:\/\/www.sonoraenequipo.com.mx\/#organization\"},\"image\":{\"@id\":\"https:\/\/www.sonoraenequipo.com.mx\/que-el-ejercicio-y-el-deporte-aleje-a-nuestros-ninos-y-jovenes-de-las-adicciones-rocha-moya\/#primaryimage\"},\"thumbnailUrl\":\"https:\/\/www.sonoraenequipo.com.mx\/storage\/2025\/04\/Rocha.-Gobernador-de-Sinaloa-min-1.jpg\",\"articleSection\":[\"Rep\u00fablica\"],\"inLanguage\":\"es\",\"potentialAction\":[{\"@type\":\"CommentAction\",\"name\":\"Comment\",\"target\":[\"https:\/\/www.sonoraenequipo.com.mx\/que-el-ejercicio-y-el-deporte-aleje-a-nuestros-ninos-y-jovenes-de-las-adicciones-rocha-moya\/#respond\"]}]},{\"@type\":\"WebPage\",\"@id\":\"https:\/\/www.sonoraenequipo.com.mx\/que-el-ejercicio-y-el-deporte-aleje-a-nuestros-ninos-y-jovenes-de-las-adicciones-rocha-moya\/\",\"url\":\"https:\/\/www.sonoraenequipo.com.mx\/que-el-ejercicio-y-el-deporte-aleje-a-nuestros-ninos-y-jovenes-de-las-adicciones-rocha-moya\/\",\"name\":\"Sonora en Equipo. Que el ejercicio y el deporte aleje a nuestros ni\u00f1os y j\u00f3venes de las adicciones\u201d: Rocha Moya Rep\u00fablica\",\"isPartOf\":{\"@id\":\"https:\/\/www.sonoraenequipo.com.mx\/#website\"},\"primaryImageOfPage\":{\"@id\":\"https:\/\/www.sonoraenequipo.com.mx\/que-el-ejercicio-y-el-deporte-aleje-a-nuestros-ninos-y-jovenes-de-las-adicciones-rocha-moya\/#primaryimage\"},\"image\":{\"@id\":\"https:\/\/www.sonoraenequipo.com.mx\/que-el-ejercicio-y-el-deporte-aleje-a-nuestros-ninos-y-jovenes-de-las-adicciones-rocha-moya\/#primaryimage\"},\"thumbnailUrl\":\"https:\/\/www.sonoraenequipo.com.mx\/storage\/2025\/04\/Rocha.-Gobernador-de-Sinaloa-min-1.jpg\",\"datePublished\":\"2025-04-06T15:00:27+00:00\",\"dateModified\":\"2025-04-07T15:55:46+00:00\",\"description\":\"CULIAC\u00c1N, SINALOA. MX. \u2014 En un ambiente animado y de sana convivencia, el Gobernador Rocha Moya hizo un llamado a vivir en paz y con salud, asimismo En Sonora en Equipo publicamos toda la informaci\u00f3n de Sonora, M\u00e9xico y el Mundo de manera oportuna y busca que la libertad de expresi\u00f3n sea real. Visita nuestro medio informativo publicado desde Hermosillo, Sonora. %\",\"breadcrumb\":{\"@id\":\"https:\/\/www.sonoraenequipo.com.mx\/que-el-ejercicio-y-el-deporte-aleje-a-nuestros-ninos-y-jovenes-de-las-adicciones-rocha-moya\/#breadcrumb\"},\"inLanguage\":\"es\",\"potentialAction\":[{\"@type\":\"ReadAction\",\"target\":[\"https:\/\/www.sonoraenequipo.com.mx\/que-el-ejercicio-y-el-deporte-aleje-a-nuestros-ninos-y-jovenes-de-las-adicciones-rocha-moya\/\"]}]},{\"@type\":\"ImageObject\",\"inLanguage\":\"es\",\"@id\":\"https:\/\/www.sonoraenequipo.com.mx\/que-el-ejercicio-y-el-deporte-aleje-a-nuestros-ninos-y-jovenes-de-las-adicciones-rocha-moya\/#primaryimage\",\"url\":\"https:\/\/www.sonoraenequipo.com.mx\/storage\/2025\/04\/Rocha.-Gobernador-de-Sinaloa-min-1.jpg\",\"contentUrl\":\"https:\/\/www.sonoraenequipo.com.mx\/storage\/2025\/04\/Rocha.-Gobernador-de-Sinaloa-min-1.jpg\",\"width\":1032,\"height\":603},{\"@type\":\"BreadcrumbList\",\"@id\":\"https:\/\/www.sonoraenequipo.com.mx\/que-el-ejercicio-y-el-deporte-aleje-a-nuestros-ninos-y-jovenes-de-las-adicciones-rocha-moya\/#breadcrumb\",\"itemListElement\":[{\"@type\":\"ListItem\",\"position\":1,\"name\":\"Portada\",\"item\":\"https:\/\/www.sonoraenequipo.com.mx\/\"},{\"@type\":\"ListItem\",\"position\":2,\"name\":\"Que el ejercicio y el deporte aleje a nuestros ni\u00f1os y j\u00f3venes de las adicciones\u201d: Rocha Moya\"}]},{\"@type\":\"WebSite\",\"@id\":\"https:\/\/www.sonoraenequipo.com.mx\/#website\",\"url\":\"https:\/\/www.sonoraenequipo.com.mx\/\",\"name\":\"Sonora en Equipo.\",\"description\":\"Diario en l\u00ednea con Noticias desde Hermosillo, Sonora\",\"publisher\":{\"@id\":\"https:\/\/www.sonoraenequipo.com.mx\/#organization\"},\"potentialAction\":[{\"@type\":\"SearchAction\",\"target\":{\"@type\":\"EntryPoint\",\"urlTemplate\":\"https:\/\/www.sonoraenequipo.com.mx\/?s={search_term_string}\"},\"query-input\":{\"@type\":\"PropertyValueSpecification\",\"valueRequired\":true,\"valueName\":\"search_term_string\"}}],\"inLanguage\":\"es\"},{\"@type\":\"Organization\",\"@id\":\"https:\/\/www.sonoraenequipo.com.mx\/#organization\",\"name\":\"Sonoraenequipo.com.mx\",\"url\":\"https:\/\/www.sonoraenequipo.com.mx\/\",\"logo\":{\"@type\":\"ImageObject\",\"inLanguage\":\"es\",\"@id\":\"https:\/\/www.sonoraenequipo.com.mx\/#\/schema\/logo\/image\/\",\"url\":\"https:\/\/www.sonoraenequipo.com.mx\/storage\/2019\/01\/sonoraenequipo_opt.png\",\"contentUrl\":\"https:\/\/www.sonoraenequipo.com.mx\/storage\/2019\/01\/sonoraenequipo_opt.png\",\"width\":375,\"height\":125,\"caption\":\"Sonoraenequipo.com.mx\"},\"image\":{\"@id\":\"https:\/\/www.sonoraenequipo.com.mx\/#\/schema\/logo\/image\/\"},\"sameAs\":[\"https:\/\/www.facebook.com\/SonoraEE\/\",\"https:\/\/x.com\/sonoraenequipo\",\"https:\/\/www.youtube.com\/channel\/UC338nW-lPEYmJQs4ZABQ1SQ\"]},{\"@type\":\"Person\",\"@id\":\"https:\/\/www.sonoraenequipo.com.mx\/#\/schema\/person\/50102df0fb23a8fa9e8effad8fa81386\",\"name\":\"enequipo\",\"image\":{\"@type\":\"ImageObject\",\"inLanguage\":\"es\",\"@id\":\"https:\/\/www.sonoraenequipo.com.mx\/#\/schema\/person\/image\/\",\"url\":\"https:\/\/secure.gravatar.com\/avatar\/049821681b589dabc0bc20695993ccebb09f5b5d4d790cd9251b97faac7c652b?s=96&d=blank&r=g\",\"contentUrl\":\"https:\/\/secure.gravatar.com\/avatar\/049821681b589dabc0bc20695993ccebb09f5b5d4d790cd9251b97faac7c652b?s=96&d=blank&r=g\",\"caption\":\"enequipo\"},\"sameAs\":[\"https:\/\/www.facebook.com\/SonoraEE\"]}]}<\/script>\n ","yoast_head_json":{"title":"Sonora en Equipo. Que el ejercicio y el deporte aleje a nuestros ni\u00f1os y j\u00f3venes de las adicciones\u201d: Rocha Moya Rep\u00fablica","description":"CULIAC\u00c1N, SINALOA. MX. \u2014 En un ambiente animado y de sana convivencia, el Gobernador Rocha Moya hizo un llamado a vivir en paz y con salud, asimismo En Sonora en Equipo publicamos toda la informaci\u00f3n de Sonora, M\u00e9xico y el Mundo de manera oportuna y busca que la libertad de expresi\u00f3n sea real. Visita nuestro medio informativo publicado desde Hermosillo, Sonora. %","robots":{"index":"index","follow":"follow","max-snippet":"max-snippet:-1","max-image-preview":"max-image-preview:large","max-video-preview":"max-video-preview:-1"},"canonical":"https:\/\/www.sonoraenequipo.com.mx\/que-el-ejercicio-y-el-deporte-aleje-a-nuestros-ninos-y-jovenes-de-las-adicciones-rocha-moya\/","og_locale":"es_ES","og_type":"article","og_title":"Sonora en Equipo. Que el ejercicio y el deporte aleje a nuestros ni\u00f1os y j\u00f3venes de las adicciones\u201d: Rocha Moya Rep\u00fablica","og_description":"CULIAC\u00c1N, SINALOA. MX. \u2014 En un ambiente animado y de sana convivencia, el Gobernador Rocha Moya hizo un llamado a vivir en paz y con salud, asimismo En Sonora en Equipo publicamos toda la informaci\u00f3n de Sonora, M\u00e9xico y el Mundo de manera oportuna y busca que la libertad de expresi\u00f3n sea real. Visita nuestro medio informativo publicado desde Hermosillo, Sonora. %","og_url":"https:\/\/www.sonoraenequipo.com.mx\/que-el-ejercicio-y-el-deporte-aleje-a-nuestros-ninos-y-jovenes-de-las-adicciones-rocha-moya\/","og_site_name":"Sonora en Equipo.","article_publisher":"https:\/\/www.facebook.com\/SonoraEE\/","article_author":"https:\/\/www.facebook.com\/SonoraEE","article_published_time":"2025-04-06T15:00:27+00:00","article_modified_time":"2025-04-07T15:55:46+00:00","og_image":[{"width":1032,"height":603,"url":"https:\/\/www.sonoraenequipo.com.mx\/storage\/2025\/04\/Rocha.-Gobernador-de-Sinaloa-min-1.jpg","type":"image\/jpeg"}],"author":"enequipo","twitter_card":"summary_large_image","twitter_creator":"@sonoraenequipo","twitter_site":"@sonoraenequipo","twitter_misc":{"Escrito por":"enequipo","Tiempo de lectura":"2 minutos"},"schema":{"@context":"https:\/\/schema.org","@graph":[{"@type":"Article","@id":"https:\/\/www.sonoraenequipo.com.mx\/que-el-ejercicio-y-el-deporte-aleje-a-nuestros-ninos-y-jovenes-de-las-adicciones-rocha-moya\/#article","isPartOf":{"@id":"https:\/\/www.sonoraenequipo.com.mx\/que-el-ejercicio-y-el-deporte-aleje-a-nuestros-ninos-y-jovenes-de-las-adicciones-rocha-moya\/"},"author":{"name":"enequipo","@id":"https:\/\/www.sonoraenequipo.com.mx\/#\/schema\/person\/50102df0fb23a8fa9e8effad8fa81386"},"headline":"Que el ejercicio y el deporte aleje a nuestros ni\u00f1os y j\u00f3venes de las adicciones\u201d: Rocha Moya","datePublished":"2025-04-06T15:00:27+00:00","dateModified":"2025-04-07T15:55:46+00:00","mainEntityOfPage":{"@id":"https:\/\/www.sonoraenequipo.com.mx\/que-el-ejercicio-y-el-deporte-aleje-a-nuestros-ninos-y-jovenes-de-las-adicciones-rocha-moya\/"},"wordCount":467,"commentCount":0,"publisher":{"@id":"https:\/\/www.sonoraenequipo.com.mx\/#organization"},"image":{"@id":"https:\/\/www.sonoraenequipo.com.mx\/que-el-ejercicio-y-el-deporte-aleje-a-nuestros-ninos-y-jovenes-de-las-adicciones-rocha-moya\/#primaryimage"},"thumbnailUrl":"https:\/\/www.sonoraenequipo.com.mx\/storage\/2025\/04\/Rocha.-Gobernador-de-Sinaloa-min-1.jpg","articleSection":["Rep\u00fablica"],"inLanguage":"es","potentialAction":[{"@type":"CommentAction","name":"Comment","target":["https:\/\/www.sonoraenequipo.com.mx\/que-el-ejercicio-y-el-deporte-aleje-a-nuestros-ninos-y-jovenes-de-las-adicciones-rocha-moya\/#respond"]}]},{"@type":"WebPage","@id":"https:\/\/www.sonoraenequipo.com.mx\/que-el-ejercicio-y-el-deporte-aleje-a-nuestros-ninos-y-jovenes-de-las-adicciones-rocha-moya\/","url":"https:\/\/www.sonoraenequipo.com.mx\/que-el-ejercicio-y-el-deporte-aleje-a-nuestros-ninos-y-jovenes-de-las-adicciones-rocha-moya\/","name":"Sonora en Equipo. Que el ejercicio y el deporte aleje a nuestros ni\u00f1os y j\u00f3venes de las adicciones\u201d: Rocha Moya Rep\u00fablica","isPartOf":{"@id":"https:\/\/www.sonoraenequipo.com.mx\/#website"},"primaryImageOfPage":{"@id":"https:\/\/www.sonoraenequipo.com.mx\/que-el-ejercicio-y-el-deporte-aleje-a-nuestros-ninos-y-jovenes-de-las-adicciones-rocha-moya\/#primaryimage"},"image":{"@id":"https:\/\/www.sonoraenequipo.com.mx\/que-el-ejercicio-y-el-deporte-aleje-a-nuestros-ninos-y-jovenes-de-las-adicciones-rocha-moya\/#primaryimage"},"thumbnailUrl":"https:\/\/www.sonoraenequipo.com.mx\/storage\/2025\/04\/Rocha.-Gobernador-de-Sinaloa-min-1.jpg","datePublished":"2025-04-06T15:00:27+00:00","dateModified":"2025-04-07T15:55:46+00:00","description":"CULIAC\u00c1N, SINALOA. MX. \u2014 En un ambiente animado y de sana convivencia, el Gobernador Rocha Moya hizo un llamado a vivir en paz y con salud, asimismo En Sonora en Equipo publicamos toda la informaci\u00f3n de Sonora, M\u00e9xico y el Mundo de manera oportuna y busca que la libertad de expresi\u00f3n sea real. Visita nuestro medio informativo publicado desde Hermosillo, Sonora. %","breadcrumb":{"@id":"https:\/\/www.sonoraenequipo.com.mx\/que-el-ejercicio-y-el-deporte-aleje-a-nuestros-ninos-y-jovenes-de-las-adicciones-rocha-moya\/#breadcrumb"},"inLanguage":"es","potentialAction":[{"@type":"ReadAction","target":["https:\/\/www.sonoraenequipo.com.mx\/que-el-ejercicio-y-el-deporte-aleje-a-nuestros-ninos-y-jovenes-de-las-adicciones-rocha-moya\/"]}]},{"@type":"ImageObject","inLanguage":"es","@id":"https:\/\/www.sonoraenequipo.com.mx\/que-el-ejercicio-y-el-deporte-aleje-a-nuestros-ninos-y-jovenes-de-las-adicciones-rocha-moya\/#primaryimage","url":"https:\/\/www.sonoraenequipo.com.mx\/storage\/2025\/04\/Rocha.-Gobernador-de-Sinaloa-min-1.jpg","contentUrl":"https:\/\/www.sonoraenequipo.com.mx\/storage\/2025\/04\/Rocha.-Gobernador-de-Sinaloa-min-1.jpg","width":1032,"height":603},{"@type":"BreadcrumbList","@id":"https:\/\/www.sonoraenequipo.com.mx\/que-el-ejercicio-y-el-deporte-aleje-a-nuestros-ninos-y-jovenes-de-las-adicciones-rocha-moya\/#breadcrumb","itemListElement":[{"@type":"ListItem","position":1,"name":"Portada","item":"https:\/\/www.sonoraenequipo.com.mx\/"},{"@type":"ListItem","position":2,"name":"Que el ejercicio y el deporte aleje a nuestros ni\u00f1os y j\u00f3venes de las adicciones\u201d: Rocha Moya"}]},{"@type":"WebSite","@id":"https:\/\/www.sonoraenequipo.com.mx\/#website","url":"https:\/\/www.sonoraenequipo.com.mx\/","name":"Sonora en Equipo.","description":"Diario en l\u00ednea con Noticias desde Hermosillo, Sonora","publisher":{"@id":"https:\/\/www.sonoraenequipo.com.mx\/#organization"},"potentialAction":[{"@type":"SearchAction","target":{"@type":"EntryPoint","urlTemplate":"https:\/\/www.sonoraenequipo.com.mx\/?s={search_term_string}"},"query-input":{"@type":"PropertyValueSpecification","valueRequired":true,"valueName":"search_term_string"}}],"inLanguage":"es"},{"@type":"Organization","@id":"https:\/\/www.sonoraenequipo.com.mx\/#organization","name":"Sonoraenequipo.com.mx","url":"https:\/\/www.sonoraenequipo.com.mx\/","logo":{"@type":"ImageObject","inLanguage":"es","@id":"https:\/\/www.sonoraenequipo.com.mx\/#\/schema\/logo\/image\/","url":"https:\/\/www.sonoraenequipo.com.mx\/storage\/2019\/01\/sonoraenequipo_opt.png","contentUrl":"https:\/\/www.sonoraenequipo.com.mx\/storage\/2019\/01\/sonoraenequipo_opt.png","width":375,"height":125,"caption":"Sonoraenequipo.com.mx"},"image":{"@id":"https:\/\/www.sonoraenequipo.com.mx\/#\/schema\/logo\/image\/"},"sameAs":["https:\/\/www.facebook.com\/SonoraEE\/","https:\/\/x.com\/sonoraenequipo","https:\/\/www.youtube.com\/channel\/UC338nW-lPEYmJQs4ZABQ1SQ"]},{"@type":"Person","@id":"https:\/\/www.sonoraenequipo.com.mx\/#\/schema\/person\/50102df0fb23a8fa9e8effad8fa81386","name":"enequipo","image":{"@type":"ImageObject","inLanguage":"es","@id":"https:\/\/www.sonoraenequipo.com.mx\/#\/schema\/person\/image\/","url":"https:\/\/secure.gravatar.com\/avatar\/049821681b589dabc0bc20695993ccebb09f5b5d4d790cd9251b97faac7c652b?s=96&d=blank&r=g","contentUrl":"https:\/\/secure.gravatar.com\/avatar\/049821681b589dabc0bc20695993ccebb09f5b5d4d790cd9251b97faac7c652b?s=96&d=blank&r=g","caption":"enequipo"},"sameAs":["https:\/\/www.facebook.com\/SonoraEE"]}]}},"jetpack_featured_media_url":"https:\/\/www.sonoraenequipo.com.mx\/storage\/2025\/04\/Rocha.-Gobernador-de-Sinaloa-min-1.jpg","_links":{"self":[{"href":"https:\/\/www.sonoraenequipo.com.mx\/api\/wp\/v2\/posts\/213095","targetHints":{"allow":["GET"]}}],"collection":[{"href":"https:\/\/www.sonoraenequipo.com.mx\/api\/wp\/v2\/posts"}],"about":[{"href":"https:\/\/www.sonoraenequipo.com.mx\/api\/wp\/v2\/types\/post"}],"author":[{"embeddable":true,"href":"https:\/\/www.sonoraenequipo.com.mx\/api\/wp\/v2\/users\/1"}],"replies":[{"embeddable":true,"href":"https:\/\/www.sonoraenequipo.com.mx\/api\/wp\/v2\/comments?post=213095"}],"version-history":[{"count":1,"href":"https:\/\/www.sonoraenequipo.com.mx\/api\/wp\/v2\/posts\/213095\/revisions"}],"predecessor-version":[{"id":213099,"href":"https:\/\/www.sonoraenequipo.com.mx\/api\/wp\/v2\/posts\/213095\/revisions\/213099"}],"wp:featuredmedia":[{"embeddable":true,"href":"https:\/\/www.sonoraenequipo.com.mx\/api\/wp\/v2\/media\/213098"}],"wp:attachment":[{"href":"https:\/\/www.sonoraenequipo.com.mx\/api\/wp\/v2\/media?parent=213095"}],"wp:term":[{"taxonomy":"category","embeddable":true,"href":"https:\/\/www.sonoraenequipo.com.mx\/api\/wp\/v2\/categories?post=213095"},{"taxonomy":"post_tag","embeddable":true,"href":"https:\/\/www.sonoraenequipo.com.mx\/api\/wp\/v2\/tags?post=213095"}],"curies":[{"name":"wp","href":"https:\/\/api.w.org\/{rel}","templated":true}]}}