{"id":213100,"date":"2025-04-06T08:54:25","date_gmt":"2025-04-06T15:54:25","guid":{"rendered":"https:\/\/www.sonoraenequipo.com.mx\/?p=213100"},"modified":"2025-04-07T09:11:19","modified_gmt":"2025-04-07T16:11:19","slug":"el-papa-hace-una-aparicion-sorpresa-en-plaza-de-san-pedro","status":"publish","type":"post","link":"https:\/\/www.sonoraenequipo.com.mx\/el-papa-hace-una-aparicion-sorpresa-en-plaza-de-san-pedro\/","title":{"rendered":"El papa hace una aparici\u00f3n sorpresa en plaza de San Pedro"},"content":{"rendered":"<p><strong>CIUDAD DEL VATICANO. ROMA. \u2014<\/strong> El papa Francisco hizo una entrada sorpresa en la Plaza de San Pedro durante una Misa Jubilar especial para los enfermos y trabajadores de la salud el domingo, marcando su primera aparici\u00f3n p\u00fablica en el Vaticano desde que sali\u00f3 del hospital hace dos semanas tras un episodio de neumon\u00eda que puso en peligro su vida.<\/p>\n<p>&nbsp;<\/p>\n<p>&nbsp;<\/p>\n<p> <br \/>\nEl pont\u00edfice salud\u00f3 a la multitud de fieles que se pusieron de pie y aplaudieron mientras era llevado en una silla de ruedas sin previo aviso al frente del altar en la plaza. Algunos exclamaron:<em><strong> \u201d\u00a1Veo al papa!\u201d<\/strong> <\/em>cuando su imagen apareci\u00f3 por primera vez en una gran pantalla que lo mostraba pasando por la Puerta Santa antes de ser llevado por una rampa al altar.<\/p>\n<p>&nbsp;<\/p>\n<p>&nbsp;<\/p>\n<p><em><strong>\u201cBuen domingo para todos\u201d<\/strong><\/em>, declar\u00f3 Francisco, hablando en un micr\u00f3fono, que golpe\u00f3 para asegurarse de que funcionaba en un segundo intento. \u201c<em><strong>Muchas gracias\u201d.<\/strong><\/em><\/p>\n<p>&nbsp;<\/p>\n<p>&nbsp;<\/p>\n<p>La voz del pont\u00edfice sonaba m\u00e1s fuerte que cuando se dirigi\u00f3 a los simpatizantes fuera del hospital Gemelli el d\u00eda de su alta el 23 de marzo, despu\u00e9s de una estancia hospitalaria de cinco semanas.<\/p>\n<p>&nbsp;<\/p>\n<p>&nbsp;<\/p>\n<p>Llevaba tubos nasales para recibir ox\u00edgeno suplementario, que el Vaticano dice que se est\u00e1 reduciendo gradualmente. Mientras saludaba y bendec\u00eda a la multitud, sus movimientos de brazo segu\u00edan siendo limitados, lo cual su m\u00e9dico dijo que no estaba relacionado con su enfermedad, sino con un trauma no especificado sufrido antes de su hospitalizaci\u00f3n el 14 de febrero.<\/p>\n<p>&nbsp;<\/p>\n<p>&nbsp;<\/p>\n<p>&nbsp;<\/p>\n<p>Despu\u00e9s de la Misa, el pont\u00edfice salud\u00f3 a algunos de los que asistieron en el servicio, muchos de los cuales se inclinaron para besar sus manos. Sali\u00f3 de la plaza a trav\u00e9s de la Puerta Santa.<\/p>\n<p>&nbsp;<\/p>\n<p>&nbsp;<\/p>\n<p>&nbsp;<\/p>\n<p>Francisco acaba de completar dos semanas de al menos dos meses de descanso ordenado por el m\u00e9dico mientras contin\u00faa con la terapia f\u00edsica, respiratoria y del habla, as\u00ed como con el tratamiento para una infecci\u00f3n pulmonar persistente.<\/p>\n<p>&nbsp;<\/p>\n<p>&nbsp;<\/p>\n<p>El papa se refiri\u00f3 a su experiencia con la enfermedad tanto en la bendici\u00f3n tradicional del domingo como en la homil\u00eda le\u00edda por el arzobispo Rino Fisichella, organizador del A\u00f1o Santo que se espera traiga a unos 30 millones de peregrinos a Roma.<\/p>\n<p>&nbsp;<\/p>\n<p>&nbsp;<\/p>\n<p>Dirigi\u00e9ndose a los enfermos entre la multitud, el papa expres\u00f3 en la homil\u00eda le\u00edda por Fisichella que \u201cEn este momento de mi vida comparto mucho: la experiencia de la enfermedad, sentirse d\u00e9bil, depender de los dem\u00e1s para muchas cosas, necesitar apoyo.<\/p>\n<p>&nbsp;<\/p>\n<p>&nbsp;<\/p>\n<p><em><strong>\u201cNo es f\u00e1cil, pero es una escuela en la que aprendemos cada d\u00eda a amar y a dejarnos amar, sin exigir y sin rechazar, sin lamentar, sin desesperar, agradecidos a Dios y a nuestros hermanos por el bien que recibimos, confiando en lo que a\u00fan est\u00e1 por venir\u201d<\/strong><\/em>.<\/p>\n<p>&nbsp;<\/p>\n<p>&nbsp;<\/p>\n<p>&nbsp;<\/p>\n<p>Tambi\u00e9n inst\u00f3 a los fieles a no apartar a los fr\u00e1giles de sus vidas \u201ccomo lamentablemente hace hoy cierta mentalidad. No apartemos el dolor de nuestro entorno. En su lugar, hag\u00e1moslo una oportunidad para crecer juntos, para cultivar la esperanza.\u201d<\/p>\n<p>&nbsp;<\/p>\n<p>&nbsp;<\/p>\n<p>&nbsp;<\/p>\n<p>En la bendici\u00f3n tradicional del domingo, ofreci\u00f3 oraciones por los m\u00e9dicos, enfermeras y trabajadores de la salud \u201cque no siempre son ayudados a trabajar en condiciones inadecuadas, a veces v\u00edctimas de agresiones. Su misi\u00f3n no es f\u00e1cil y debe ser apoyada y respetada.\u201d<\/p>\n<p>&nbsp;<\/p>\n<p>&nbsp;<\/p>\n<p>&nbsp;<\/p>\n<h3>Los fieles se conmovieron por la inesperada aparici\u00f3n del papa.<\/h3>\n<p>&nbsp;<\/p>\n<p>&nbsp;<\/p>\n<p><em><strong>\u201cFue hermoso, algo completamente inesperado porque no pens\u00e9 que ver\u00eda al papa\u201d<\/strong><\/em>, indic\u00f3 Pasquale Citrolo de Trapani, Sicilia. <em><strong>\u201cEn cambio, nos dio este regalo\u201d.<\/strong><\/em><\/p>\n<p>&nbsp;<\/p>\n<p>&nbsp;<\/p>\n<p>Linda Elezi, de la provincia costera del Adri\u00e1tico de Ancona, dijo que se sinti\u00f3 conmovida por la \u201csorpresa\u201d del papa.<\/p>\n<p>&nbsp;<\/p>\n<p>&nbsp;<\/p>\n<p><strong><em>\u201cRezamos por \u00e9l todos los d\u00edas, y \u00e9l reza por nosotros, y por la paz y por todo el mundo, porque ese es el mensaje de nuestra peregrinaci\u00f3n hoy: Llevar paz a todo el mundo\u201d,<\/em><\/strong> sostuvo.<\/p>\n<p>&nbsp;<\/p>\n<p>&nbsp;<\/p>\n<p>&nbsp;<\/p>\n<p>PUBLICADO EL 06 DE ABRIL DE 2025 Con informaci\u00f3n de AP)<\/p>\n","protected":false},"excerpt":{"rendered":"<p>CIUDAD DEL VATICANO. ROMA. \u2014 El papa Francisco hizo una entrada sorpresa en la Plaza&#8230;<\/p>\n","protected":false},"author":1,"featured_media":213101,"comment_status":"open","ping_status":"open","sticky":false,"template":"","format":"standard","meta":{"_monsterinsights_skip_tracking":false,"_monsterinsights_sitenote_active":false,"_monsterinsights_sitenote_note":"","_monsterinsights_sitenote_category":0,"footnotes":""},"categories":[3],"tags":[],"class_list":["post"],"yoast_head":" \n<title>Sonora en Equipo. El papa hace una aparici\u00f3n sorpresa en plaza de San Pedro MUNDO<\/title>\n<meta name=\"description\" content=\"CIUDAD DEL VATICANO. ROMA. \u2014 El papa Francisco hizo una entrada sorpresa en la Plaza de San Pedro durante una Misa Jubilar especial para los enfermos y En Sonora en Equipo publicamos toda la informaci\u00f3n de Sonora, M\u00e9xico y el Mundo de manera oportuna y busca que la libertad de expresi\u00f3n sea real. Visita nuestro medio informativo publicado desde Hermosillo, Sonora. %\" \/>\n<meta name=\"robots\" content=\"index, follow, max-snippet:-1, max-image-preview:large, max-video-preview:-1\" \/>\n<link rel=\"canonical\" href=\"https:\/\/www.sonoraenequipo.com.mx\/el-papa-hace-una-aparicion-sorpresa-en-plaza-de-san-pedro\/\" \/>\n<meta property=\"og:locale\" content=\"es_ES\" \/>\n<meta property=\"og:type\" content=\"article\" \/>\n<meta property=\"og:title\" content=\"Sonora en Equipo. El papa hace una aparici\u00f3n sorpresa en plaza de San Pedro MUNDO\" \/>\n<meta property=\"og:description\" content=\"CIUDAD DEL VATICANO. ROMA. \u2014 El papa Francisco hizo una entrada sorpresa en la Plaza de San Pedro durante una Misa Jubilar especial para los enfermos y En Sonora en Equipo publicamos toda la informaci\u00f3n de Sonora, M\u00e9xico y el Mundo de manera oportuna y busca que la libertad de expresi\u00f3n sea real. Visita nuestro medio informativo publicado desde Hermosillo, Sonora. %\" \/>\n<meta property=\"og:url\" content=\"https:\/\/www.sonoraenequipo.com.mx\/el-papa-hace-una-aparicion-sorpresa-en-plaza-de-san-pedro\/\" \/>\n<meta property=\"og:site_name\" content=\"Sonora en Equipo.\" \/>\n<meta property=\"article:publisher\" content=\"https:\/\/www.facebook.com\/SonoraEE\/\" \/>\n<meta property=\"article:author\" content=\"https:\/\/www.facebook.com\/SonoraEE\" \/>\n<meta property=\"article:published_time\" content=\"2025-04-06T15:54:25+00:00\" \/>\n<meta property=\"article:modified_time\" content=\"2025-04-07T16:11:19+00:00\" \/>\n<meta property=\"og:image\" content=\"https:\/\/www.sonoraenequipo.com.mx\/storage\/2025\/04\/papa-francisco-min.jpg\" \/>\n\t<meta property=\"og:image:width\" content=\"1280\" \/>\n\t<meta property=\"og:image:height\" content=\"853\" \/>\n\t<meta property=\"og:image:type\" content=\"image\/jpeg\" \/>\n<meta name=\"author\" content=\"enequipo\" \/>\n<meta name=\"twitter:card\" content=\"summary_large_image\" \/>\n<meta name=\"twitter:creator\" content=\"@sonoraenequipo\" \/>\n<meta name=\"twitter:site\" content=\"@sonoraenequipo\" \/>\n<meta name=\"twitter:label1\" content=\"Escrito por\" \/>\n\t<meta name=\"twitter:data1\" content=\"enequipo\" \/>\n\t<meta name=\"twitter:label2\" content=\"Tiempo de lectura\" \/>\n\t<meta name=\"twitter:data2\" content=\"4 minutos\" \/>\n<script type=\"application\/ld+json\" class=\"yoast-schema-graph\">{\"@context\":\"https:\/\/schema.org\",\"@graph\":[{\"@type\":\"Article\",\"@id\":\"https:\/\/www.sonoraenequipo.com.mx\/el-papa-hace-una-aparicion-sorpresa-en-plaza-de-san-pedro\/#article\",\"isPartOf\":{\"@id\":\"https:\/\/www.sonoraenequipo.com.mx\/el-papa-hace-una-aparicion-sorpresa-en-plaza-de-san-pedro\/\"},\"author\":{\"name\":\"enequipo\",\"@id\":\"https:\/\/www.sonoraenequipo.com.mx\/#\/schema\/person\/50102df0fb23a8fa9e8effad8fa81386\"},\"headline\":\"El papa hace una aparici\u00f3n sorpresa en plaza de San Pedro\",\"datePublished\":\"2025-04-06T15:54:25+00:00\",\"dateModified\":\"2025-04-07T16:11:19+00:00\",\"mainEntityOfPage\":{\"@id\":\"https:\/\/www.sonoraenequipo.com.mx\/el-papa-hace-una-aparicion-sorpresa-en-plaza-de-san-pedro\/\"},\"wordCount\":721,\"commentCount\":0,\"publisher\":{\"@id\":\"https:\/\/www.sonoraenequipo.com.mx\/#organization\"},\"image\":{\"@id\":\"https:\/\/www.sonoraenequipo.com.mx\/el-papa-hace-una-aparicion-sorpresa-en-plaza-de-san-pedro\/#primaryimage\"},\"thumbnailUrl\":\"https:\/\/www.sonoraenequipo.com.mx\/storage\/2025\/04\/papa-francisco-min.jpg\",\"articleSection\":[\"MUNDO\"],\"inLanguage\":\"es\",\"potentialAction\":[{\"@type\":\"CommentAction\",\"name\":\"Comment\",\"target\":[\"https:\/\/www.sonoraenequipo.com.mx\/el-papa-hace-una-aparicion-sorpresa-en-plaza-de-san-pedro\/#respond\"]}]},{\"@type\":\"WebPage\",\"@id\":\"https:\/\/www.sonoraenequipo.com.mx\/el-papa-hace-una-aparicion-sorpresa-en-plaza-de-san-pedro\/\",\"url\":\"https:\/\/www.sonoraenequipo.com.mx\/el-papa-hace-una-aparicion-sorpresa-en-plaza-de-san-pedro\/\",\"name\":\"Sonora en Equipo. El papa hace una aparici\u00f3n sorpresa en plaza de San Pedro MUNDO\",\"isPartOf\":{\"@id\":\"https:\/\/www.sonoraenequipo.com.mx\/#website\"},\"primaryImageOfPage\":{\"@id\":\"https:\/\/www.sonoraenequipo.com.mx\/el-papa-hace-una-aparicion-sorpresa-en-plaza-de-san-pedro\/#primaryimage\"},\"image\":{\"@id\":\"https:\/\/www.sonoraenequipo.com.mx\/el-papa-hace-una-aparicion-sorpresa-en-plaza-de-san-pedro\/#primaryimage\"},\"thumbnailUrl\":\"https:\/\/www.sonoraenequipo.com.mx\/storage\/2025\/04\/papa-francisco-min.jpg\",\"datePublished\":\"2025-04-06T15:54:25+00:00\",\"dateModified\":\"2025-04-07T16:11:19+00:00\",\"description\":\"CIUDAD DEL VATICANO. ROMA. \u2014 El papa Francisco hizo una entrada sorpresa en la Plaza de San Pedro durante una Misa Jubilar especial para los enfermos y En Sonora en Equipo publicamos toda la informaci\u00f3n de Sonora, M\u00e9xico y el Mundo de manera oportuna y busca que la libertad de expresi\u00f3n sea real. Visita nuestro medio informativo publicado desde Hermosillo, Sonora. %\",\"breadcrumb\":{\"@id\":\"https:\/\/www.sonoraenequipo.com.mx\/el-papa-hace-una-aparicion-sorpresa-en-plaza-de-san-pedro\/#breadcrumb\"},\"inLanguage\":\"es\",\"potentialAction\":[{\"@type\":\"ReadAction\",\"target\":[\"https:\/\/www.sonoraenequipo.com.mx\/el-papa-hace-una-aparicion-sorpresa-en-plaza-de-san-pedro\/\"]}]},{\"@type\":\"ImageObject\",\"inLanguage\":\"es\",\"@id\":\"https:\/\/www.sonoraenequipo.com.mx\/el-papa-hace-una-aparicion-sorpresa-en-plaza-de-san-pedro\/#primaryimage\",\"url\":\"https:\/\/www.sonoraenequipo.com.mx\/storage\/2025\/04\/papa-francisco-min.jpg\",\"contentUrl\":\"https:\/\/www.sonoraenequipo.com.mx\/storage\/2025\/04\/papa-francisco-min.jpg\",\"width\":1280,\"height\":853},{\"@type\":\"BreadcrumbList\",\"@id\":\"https:\/\/www.sonoraenequipo.com.mx\/el-papa-hace-una-aparicion-sorpresa-en-plaza-de-san-pedro\/#breadcrumb\",\"itemListElement\":[{\"@type\":\"ListItem\",\"position\":1,\"name\":\"Portada\",\"item\":\"https:\/\/www.sonoraenequipo.com.mx\/\"},{\"@type\":\"ListItem\",\"position\":2,\"name\":\"El papa hace una aparici\u00f3n sorpresa en plaza de San Pedro\"}]},{\"@type\":\"WebSite\",\"@id\":\"https:\/\/www.sonoraenequipo.com.mx\/#website\",\"url\":\"https:\/\/www.sonoraenequipo.com.mx\/\",\"name\":\"Sonora en Equipo.\",\"description\":\"Diario en l\u00ednea con Noticias desde Hermosillo, Sonora\",\"publisher\":{\"@id\":\"https:\/\/www.sonoraenequipo.com.mx\/#organization\"},\"potentialAction\":[{\"@type\":\"SearchAction\",\"target\":{\"@type\":\"EntryPoint\",\"urlTemplate\":\"https:\/\/www.sonoraenequipo.com.mx\/?s={search_term_string}\"},\"query-input\":{\"@type\":\"PropertyValueSpecification\",\"valueRequired\":true,\"valueName\":\"search_term_string\"}}],\"inLanguage\":\"es\"},{\"@type\":\"Organization\",\"@id\":\"https:\/\/www.sonoraenequipo.com.mx\/#organization\",\"name\":\"Sonoraenequipo.com.mx\",\"url\":\"https:\/\/www.sonoraenequipo.com.mx\/\",\"logo\":{\"@type\":\"ImageObject\",\"inLanguage\":\"es\",\"@id\":\"https:\/\/www.sonoraenequipo.com.mx\/#\/schema\/logo\/image\/\",\"url\":\"https:\/\/www.sonoraenequipo.com.mx\/storage\/2019\/01\/sonoraenequipo_opt.png\",\"contentUrl\":\"https:\/\/www.sonoraenequipo.com.mx\/storage\/2019\/01\/sonoraenequipo_opt.png\",\"width\":375,\"height\":125,\"caption\":\"Sonoraenequipo.com.mx\"},\"image\":{\"@id\":\"https:\/\/www.sonoraenequipo.com.mx\/#\/schema\/logo\/image\/\"},\"sameAs\":[\"https:\/\/www.facebook.com\/SonoraEE\/\",\"https:\/\/x.com\/sonoraenequipo\",\"https:\/\/www.youtube.com\/channel\/UC338nW-lPEYmJQs4ZABQ1SQ\"]},{\"@type\":\"Person\",\"@id\":\"https:\/\/www.sonoraenequipo.com.mx\/#\/schema\/person\/50102df0fb23a8fa9e8effad8fa81386\",\"name\":\"enequipo\",\"image\":{\"@type\":\"ImageObject\",\"inLanguage\":\"es\",\"@id\":\"https:\/\/www.sonoraenequipo.com.mx\/#\/schema\/person\/image\/\",\"url\":\"https:\/\/secure.gravatar.com\/avatar\/049821681b589dabc0bc20695993ccebb09f5b5d4d790cd9251b97faac7c652b?s=96&d=blank&r=g\",\"contentUrl\":\"https:\/\/secure.gravatar.com\/avatar\/049821681b589dabc0bc20695993ccebb09f5b5d4d790cd9251b97faac7c652b?s=96&d=blank&r=g\",\"caption\":\"enequipo\"},\"sameAs\":[\"https:\/\/www.facebook.com\/SonoraEE\"]}]}<\/script>\n ","yoast_head_json":{"title":"Sonora en Equipo. El papa hace una aparici\u00f3n sorpresa en plaza de San Pedro MUNDO","description":"CIUDAD DEL VATICANO. ROMA. \u2014 El papa Francisco hizo una entrada sorpresa en la Plaza de San Pedro durante una Misa Jubilar especial para los enfermos y En Sonora en Equipo publicamos toda la informaci\u00f3n de Sonora, M\u00e9xico y el Mundo de manera oportuna y busca que la libertad de expresi\u00f3n sea real. Visita nuestro medio informativo publicado desde Hermosillo, Sonora. %","robots":{"index":"index","follow":"follow","max-snippet":"max-snippet:-1","max-image-preview":"max-image-preview:large","max-video-preview":"max-video-preview:-1"},"canonical":"https:\/\/www.sonoraenequipo.com.mx\/el-papa-hace-una-aparicion-sorpresa-en-plaza-de-san-pedro\/","og_locale":"es_ES","og_type":"article","og_title":"Sonora en Equipo. El papa hace una aparici\u00f3n sorpresa en plaza de San Pedro MUNDO","og_description":"CIUDAD DEL VATICANO. ROMA. \u2014 El papa Francisco hizo una entrada sorpresa en la Plaza de San Pedro durante una Misa Jubilar especial para los enfermos y En Sonora en Equipo publicamos toda la informaci\u00f3n de Sonora, M\u00e9xico y el Mundo de manera oportuna y busca que la libertad de expresi\u00f3n sea real. Visita nuestro medio informativo publicado desde Hermosillo, Sonora. %","og_url":"https:\/\/www.sonoraenequipo.com.mx\/el-papa-hace-una-aparicion-sorpresa-en-plaza-de-san-pedro\/","og_site_name":"Sonora en Equipo.","article_publisher":"https:\/\/www.facebook.com\/SonoraEE\/","article_author":"https:\/\/www.facebook.com\/SonoraEE","article_published_time":"2025-04-06T15:54:25+00:00","article_modified_time":"2025-04-07T16:11:19+00:00","og_image":[{"width":1280,"height":853,"url":"https:\/\/www.sonoraenequipo.com.mx\/storage\/2025\/04\/papa-francisco-min.jpg","type":"image\/jpeg"}],"author":"enequipo","twitter_card":"summary_large_image","twitter_creator":"@sonoraenequipo","twitter_site":"@sonoraenequipo","twitter_misc":{"Escrito por":"enequipo","Tiempo de lectura":"4 minutos"},"schema":{"@context":"https:\/\/schema.org","@graph":[{"@type":"Article","@id":"https:\/\/www.sonoraenequipo.com.mx\/el-papa-hace-una-aparicion-sorpresa-en-plaza-de-san-pedro\/#article","isPartOf":{"@id":"https:\/\/www.sonoraenequipo.com.mx\/el-papa-hace-una-aparicion-sorpresa-en-plaza-de-san-pedro\/"},"author":{"name":"enequipo","@id":"https:\/\/www.sonoraenequipo.com.mx\/#\/schema\/person\/50102df0fb23a8fa9e8effad8fa81386"},"headline":"El papa hace una aparici\u00f3n sorpresa en plaza de San Pedro","datePublished":"2025-04-06T15:54:25+00:00","dateModified":"2025-04-07T16:11:19+00:00","mainEntityOfPage":{"@id":"https:\/\/www.sonoraenequipo.com.mx\/el-papa-hace-una-aparicion-sorpresa-en-plaza-de-san-pedro\/"},"wordCount":721,"commentCount":0,"publisher":{"@id":"https:\/\/www.sonoraenequipo.com.mx\/#organization"},"image":{"@id":"https:\/\/www.sonoraenequipo.com.mx\/el-papa-hace-una-aparicion-sorpresa-en-plaza-de-san-pedro\/#primaryimage"},"thumbnailUrl":"https:\/\/www.sonoraenequipo.com.mx\/storage\/2025\/04\/papa-francisco-min.jpg","articleSection":["MUNDO"],"inLanguage":"es","potentialAction":[{"@type":"CommentAction","name":"Comment","target":["https:\/\/www.sonoraenequipo.com.mx\/el-papa-hace-una-aparicion-sorpresa-en-plaza-de-san-pedro\/#respond"]}]},{"@type":"WebPage","@id":"https:\/\/www.sonoraenequipo.com.mx\/el-papa-hace-una-aparicion-sorpresa-en-plaza-de-san-pedro\/","url":"https:\/\/www.sonoraenequipo.com.mx\/el-papa-hace-una-aparicion-sorpresa-en-plaza-de-san-pedro\/","name":"Sonora en Equipo. El papa hace una aparici\u00f3n sorpresa en plaza de San Pedro MUNDO","isPartOf":{"@id":"https:\/\/www.sonoraenequipo.com.mx\/#website"},"primaryImageOfPage":{"@id":"https:\/\/www.sonoraenequipo.com.mx\/el-papa-hace-una-aparicion-sorpresa-en-plaza-de-san-pedro\/#primaryimage"},"image":{"@id":"https:\/\/www.sonoraenequipo.com.mx\/el-papa-hace-una-aparicion-sorpresa-en-plaza-de-san-pedro\/#primaryimage"},"thumbnailUrl":"https:\/\/www.sonoraenequipo.com.mx\/storage\/2025\/04\/papa-francisco-min.jpg","datePublished":"2025-04-06T15:54:25+00:00","dateModified":"2025-04-07T16:11:19+00:00","description":"CIUDAD DEL VATICANO. ROMA. \u2014 El papa Francisco hizo una entrada sorpresa en la Plaza de San Pedro durante una Misa Jubilar especial para los enfermos y En Sonora en Equipo publicamos toda la informaci\u00f3n de Sonora, M\u00e9xico y el Mundo de manera oportuna y busca que la libertad de expresi\u00f3n sea real. Visita nuestro medio informativo publicado desde Hermosillo, Sonora. %","breadcrumb":{"@id":"https:\/\/www.sonoraenequipo.com.mx\/el-papa-hace-una-aparicion-sorpresa-en-plaza-de-san-pedro\/#breadcrumb"},"inLanguage":"es","potentialAction":[{"@type":"ReadAction","target":["https:\/\/www.sonoraenequipo.com.mx\/el-papa-hace-una-aparicion-sorpresa-en-plaza-de-san-pedro\/"]}]},{"@type":"ImageObject","inLanguage":"es","@id":"https:\/\/www.sonoraenequipo.com.mx\/el-papa-hace-una-aparicion-sorpresa-en-plaza-de-san-pedro\/#primaryimage","url":"https:\/\/www.sonoraenequipo.com.mx\/storage\/2025\/04\/papa-francisco-min.jpg","contentUrl":"https:\/\/www.sonoraenequipo.com.mx\/storage\/2025\/04\/papa-francisco-min.jpg","width":1280,"height":853},{"@type":"BreadcrumbList","@id":"https:\/\/www.sonoraenequipo.com.mx\/el-papa-hace-una-aparicion-sorpresa-en-plaza-de-san-pedro\/#breadcrumb","itemListElement":[{"@type":"ListItem","position":1,"name":"Portada","item":"https:\/\/www.sonoraenequipo.com.mx\/"},{"@type":"ListItem","position":2,"name":"El papa hace una aparici\u00f3n sorpresa en plaza de San Pedro"}]},{"@type":"WebSite","@id":"https:\/\/www.sonoraenequipo.com.mx\/#website","url":"https:\/\/www.sonoraenequipo.com.mx\/","name":"Sonora en Equipo.","description":"Diario en l\u00ednea con Noticias desde Hermosillo, Sonora","publisher":{"@id":"https:\/\/www.sonoraenequipo.com.mx\/#organization"},"potentialAction":[{"@type":"SearchAction","target":{"@type":"EntryPoint","urlTemplate":"https:\/\/www.sonoraenequipo.com.mx\/?s={search_term_string}"},"query-input":{"@type":"PropertyValueSpecification","valueRequired":true,"valueName":"search_term_string"}}],"inLanguage":"es"},{"@type":"Organization","@id":"https:\/\/www.sonoraenequipo.com.mx\/#organization","name":"Sonoraenequipo.com.mx","url":"https:\/\/www.sonoraenequipo.com.mx\/","logo":{"@type":"ImageObject","inLanguage":"es","@id":"https:\/\/www.sonoraenequipo.com.mx\/#\/schema\/logo\/image\/","url":"https:\/\/www.sonoraenequipo.com.mx\/storage\/2019\/01\/sonoraenequipo_opt.png","contentUrl":"https:\/\/www.sonoraenequipo.com.mx\/storage\/2019\/01\/sonoraenequipo_opt.png","width":375,"height":125,"caption":"Sonoraenequipo.com.mx"},"image":{"@id":"https:\/\/www.sonoraenequipo.com.mx\/#\/schema\/logo\/image\/"},"sameAs":["https:\/\/www.facebook.com\/SonoraEE\/","https:\/\/x.com\/sonoraenequipo","https:\/\/www.youtube.com\/channel\/UC338nW-lPEYmJQs4ZABQ1SQ"]},{"@type":"Person","@id":"https:\/\/www.sonoraenequipo.com.mx\/#\/schema\/person\/50102df0fb23a8fa9e8effad8fa81386","name":"enequipo","image":{"@type":"ImageObject","inLanguage":"es","@id":"https:\/\/www.sonoraenequipo.com.mx\/#\/schema\/person\/image\/","url":"https:\/\/secure.gravatar.com\/avatar\/049821681b589dabc0bc20695993ccebb09f5b5d4d790cd9251b97faac7c652b?s=96&d=blank&r=g","contentUrl":"https:\/\/secure.gravatar.com\/avatar\/049821681b589dabc0bc20695993ccebb09f5b5d4d790cd9251b97faac7c652b?s=96&d=blank&r=g","caption":"enequipo"},"sameAs":["https:\/\/www.facebook.com\/SonoraEE"]}]}},"jetpack_featured_media_url":"https:\/\/www.sonoraenequipo.com.mx\/storage\/2025\/04\/papa-francisco-min.jpg","_links":{"self":[{"href":"https:\/\/www.sonoraenequipo.com.mx\/api\/wp\/v2\/posts\/213100","targetHints":{"allow":["GET"]}}],"collection":[{"href":"https:\/\/www.sonoraenequipo.com.mx\/api\/wp\/v2\/posts"}],"about":[{"href":"https:\/\/www.sonoraenequipo.com.mx\/api\/wp\/v2\/types\/post"}],"author":[{"embeddable":true,"href":"https:\/\/www.sonoraenequipo.com.mx\/api\/wp\/v2\/users\/1"}],"replies":[{"embeddable":true,"href":"https:\/\/www.sonoraenequipo.com.mx\/api\/wp\/v2\/comments?post=213100"}],"version-history":[{"count":1,"href":"https:\/\/www.sonoraenequipo.com.mx\/api\/wp\/v2\/posts\/213100\/revisions"}],"predecessor-version":[{"id":213102,"href":"https:\/\/www.sonoraenequipo.com.mx\/api\/wp\/v2\/posts\/213100\/revisions\/213102"}],"wp:featuredmedia":[{"embeddable":true,"href":"https:\/\/www.sonoraenequipo.com.mx\/api\/wp\/v2\/media\/213101"}],"wp:attachment":[{"href":"https:\/\/www.sonoraenequipo.com.mx\/api\/wp\/v2\/media?parent=213100"}],"wp:term":[{"taxonomy":"category","embeddable":true,"href":"https:\/\/www.sonoraenequipo.com.mx\/api\/wp\/v2\/categories?post=213100"},{"taxonomy":"post_tag","embeddable":true,"href":"https:\/\/www.sonoraenequipo.com.mx\/api\/wp\/v2\/tags?post=213100"}],"curies":[{"name":"wp","href":"https:\/\/api.w.org\/{rel}","templated":true}]}}