{"id":213314,"date":"2025-04-09T12:58:03","date_gmt":"2025-04-09T19:58:03","guid":{"rendered":"https:\/\/www.sonoraenequipo.com.mx\/?p=213314"},"modified":"2025-04-09T13:03:19","modified_gmt":"2025-04-09T20:03:19","slug":"pekin-niega-implicacion-organizada-de-chinos-en-ucrania","status":"publish","type":"post","link":"https:\/\/www.sonoraenequipo.com.mx\/pekin-niega-implicacion-organizada-de-chinos-en-ucrania\/","title":{"rendered":"Pek\u00edn niega implicaci\u00f3n organizada de chinos en Ucrania"},"content":{"rendered":"<p>China neg\u00f3 este mi\u00e9rcoles (9.04.2025) que haya ciudadanos suyos participando de forma organizada en la guerra de Ucrania junto a las tropas rusas, y volvi\u00f3 a hacer hincapi\u00e9 en su neutralidad y en su compromiso con una soluci\u00f3n pol\u00edtica al conflicto.<\/p>\n<p>\u00abLa posici\u00f3n de China sobre la crisis en Ucrania es clara y coherente, y ha sido reconocida ampliamente por la comunidad internacional\u201d, afirm\u00f3 el portavoz del Ministerio de Exteriores Lin Jian al ser abordado sobre por la supuesta captura de dos ciudadanos chinos en el frente del Donb\u00e1s.<\/p>\n<p>El vocero asegur\u00f3 que Pek\u00edn est\u00e1 \u00abverificando la informaci\u00f3n con la parte ucraniana\u201d y subray\u00f3 que el Gobierno chino ha exigido siempre a sus ciudadanos \u00abalejarse de las zonas de conflicto y abstenerse de participar en operaciones militares de cualquier parte\u201d.<\/p>\n<p>La respuesta llega despu\u00e9s de que el presidente ucraniano, Volodimir Zelenski, denunciara el martes la detenci\u00f3n de dos chinos que combat\u00edan en las filas rusas, y afirmara que Kiev tiene indicios de que podr\u00eda haber \u00abmuchos m\u00e1s\u201d.<\/p>\n<p>Ver nota relacionada: <a href=\"https:\/\/shorturl.at\/psACK\">https:\/\/shorturl.at\/psACK<\/a><\/p>\n<p>Cuestionado respecto de \u00a0las cr\u00edticas del canciller ucraniano, Dmitro Kuleba, quien asegur\u00f3 que estos hechos \u00abponen en cuesti\u00f3n la credibilidad de China como potencia de paz\u201d, Lin defendi\u00f3 que Pek\u00edn \u00abmantiene una posici\u00f3n objetiva e imparcial\u201d y que ha estado \u00abcomprometido con la promoci\u00f3n del alto el fuego y el di\u00e1logo\u201d.<\/p>\n<p>\u00abEl mundo ha sido testigo de los esfuerzos constructivos de China en la b\u00fasqueda de una soluci\u00f3n pol\u00edtica\u201d, a\u00f1adi\u00f3.<\/p>\n<p>Pek\u00edn ha rechazado de forma reiterada las acusaciones de Occidente sobre un posible apoyo militar a Mosc\u00fa y ha abogado por un enfoque basado en el respeto a la integridad territorial de los pa\u00edses, pero tambi\u00e9n en la atenci\u00f3n a las \u00abpreocupaciones leg\u00edtimas de todas las partes\u201d, en alusi\u00f3n a Rusia.<\/p>\n<p>La captura de los dos supuestos combatientes chinos representa un nuevo frente diplom\u00e1tico para Pek\u00edn, en un contexto de crecientes tensiones con Estados Unidos y la Uni\u00f3n Europea por la guerra comercial, la situaci\u00f3n del mar de China Meridional y el papel de China en la escena geopol\u00edtica global.<\/p>\n<p><strong>Fecha de publicaci\u00f3n mi\u00e9rcoles 9 de abril de 2025 \/DW<\/strong><\/p>\n","protected":false},"excerpt":{"rendered":"<p>China neg\u00f3 este mi\u00e9rcoles (9.04.2025) que haya ciudadanos suyos participando de forma organizada en la&#8230;<\/p>\n","protected":false},"author":1,"featured_media":213315,"comment_status":"open","ping_status":"open","sticky":false,"template":"","format":"standard","meta":{"_monsterinsights_skip_tracking":false,"_monsterinsights_sitenote_active":false,"_monsterinsights_sitenote_note":"","_monsterinsights_sitenote_category":0,"footnotes":""},"categories":[3],"tags":[144,141,3008],"class_list":["post"],"yoast_head":" \n<title>Sonora en Equipo. Pek\u00edn niega implicaci\u00f3n organizada de chinos en Ucrania MUNDO<\/title>\n<meta name=\"description\" content=\"China neg\u00f3 este mi\u00e9rcoles (9.04.2025) que haya ciudadanos suyos participando de forma organizada en la guerra de Ucrania junto a las tropas rusas, y En Sonora en Equipo publicamos toda la informaci\u00f3n de Sonora, M\u00e9xico y el Mundo de manera oportuna y busca que la libertad de expresi\u00f3n sea real. Visita nuestro medio informativo publicado desde Hermosillo, Sonora. %\" \/>\n<meta name=\"robots\" content=\"index, follow, max-snippet:-1, max-image-preview:large, max-video-preview:-1\" \/>\n<link rel=\"canonical\" href=\"https:\/\/www.sonoraenequipo.com.mx\/pekin-niega-implicacion-organizada-de-chinos-en-ucrania\/\" \/>\n<meta property=\"og:locale\" content=\"es_ES\" \/>\n<meta property=\"og:type\" content=\"article\" \/>\n<meta property=\"og:title\" content=\"Sonora en Equipo. Pek\u00edn niega implicaci\u00f3n organizada de chinos en Ucrania MUNDO\" \/>\n<meta property=\"og:description\" content=\"China neg\u00f3 este mi\u00e9rcoles (9.04.2025) que haya ciudadanos suyos participando de forma organizada en la guerra de Ucrania junto a las tropas rusas, y En Sonora en Equipo publicamos toda la informaci\u00f3n de Sonora, M\u00e9xico y el Mundo de manera oportuna y busca que la libertad de expresi\u00f3n sea real. Visita nuestro medio informativo publicado desde Hermosillo, Sonora. %\" \/>\n<meta property=\"og:url\" content=\"https:\/\/www.sonoraenequipo.com.mx\/pekin-niega-implicacion-organizada-de-chinos-en-ucrania\/\" \/>\n<meta property=\"og:site_name\" content=\"Sonora en Equipo.\" \/>\n<meta property=\"article:publisher\" content=\"https:\/\/www.facebook.com\/SonoraEE\/\" \/>\n<meta property=\"article:author\" content=\"https:\/\/www.facebook.com\/SonoraEE\" \/>\n<meta property=\"article:published_time\" content=\"2025-04-09T19:58:03+00:00\" \/>\n<meta property=\"article:modified_time\" content=\"2025-04-09T20:03:19+00:00\" \/>\n<meta property=\"og:image\" content=\"https:\/\/www.sonoraenequipo.com.mx\/storage\/2025\/04\/soldado-ucraniano-2.jpg\" \/>\n\t<meta property=\"og:image:width\" content=\"600\" \/>\n\t<meta property=\"og:image:height\" content=\"337\" \/>\n\t<meta property=\"og:image:type\" content=\"image\/jpeg\" \/>\n<meta name=\"author\" content=\"enequipo\" \/>\n<meta name=\"twitter:card\" content=\"summary_large_image\" \/>\n<meta name=\"twitter:creator\" content=\"@sonoraenequipo\" \/>\n<meta name=\"twitter:site\" content=\"@sonoraenequipo\" \/>\n<meta name=\"twitter:label1\" content=\"Escrito por\" \/>\n\t<meta name=\"twitter:data1\" content=\"enequipo\" \/>\n\t<meta name=\"twitter:label2\" content=\"Tiempo de lectura\" \/>\n\t<meta name=\"twitter:data2\" content=\"2 minutos\" \/>\n<script type=\"application\/ld+json\" class=\"yoast-schema-graph\">{\"@context\":\"https:\/\/schema.org\",\"@graph\":[{\"@type\":\"Article\",\"@id\":\"https:\/\/www.sonoraenequipo.com.mx\/pekin-niega-implicacion-organizada-de-chinos-en-ucrania\/#article\",\"isPartOf\":{\"@id\":\"https:\/\/www.sonoraenequipo.com.mx\/pekin-niega-implicacion-organizada-de-chinos-en-ucrania\/\"},\"author\":{\"name\":\"enequipo\",\"@id\":\"https:\/\/www.sonoraenequipo.com.mx\/#\/schema\/person\/50102df0fb23a8fa9e8effad8fa81386\"},\"headline\":\"Pek\u00edn niega implicaci\u00f3n organizada de chinos en Ucrania\",\"datePublished\":\"2025-04-09T19:58:03+00:00\",\"dateModified\":\"2025-04-09T20:03:19+00:00\",\"mainEntityOfPage\":{\"@id\":\"https:\/\/www.sonoraenequipo.com.mx\/pekin-niega-implicacion-organizada-de-chinos-en-ucrania\/\"},\"wordCount\":396,\"commentCount\":0,\"publisher\":{\"@id\":\"https:\/\/www.sonoraenequipo.com.mx\/#organization\"},\"image\":{\"@id\":\"https:\/\/www.sonoraenequipo.com.mx\/pekin-niega-implicacion-organizada-de-chinos-en-ucrania\/#primaryimage\"},\"thumbnailUrl\":\"https:\/\/www.sonoraenequipo.com.mx\/storage\/2025\/04\/soldado-ucraniano-2.jpg\",\"keywords\":[\"guerra\",\"Rusia\",\"ucrania\"],\"articleSection\":[\"MUNDO\"],\"inLanguage\":\"es\",\"potentialAction\":[{\"@type\":\"CommentAction\",\"name\":\"Comment\",\"target\":[\"https:\/\/www.sonoraenequipo.com.mx\/pekin-niega-implicacion-organizada-de-chinos-en-ucrania\/#respond\"]}]},{\"@type\":\"WebPage\",\"@id\":\"https:\/\/www.sonoraenequipo.com.mx\/pekin-niega-implicacion-organizada-de-chinos-en-ucrania\/\",\"url\":\"https:\/\/www.sonoraenequipo.com.mx\/pekin-niega-implicacion-organizada-de-chinos-en-ucrania\/\",\"name\":\"Sonora en Equipo. Pek\u00edn niega implicaci\u00f3n organizada de chinos en Ucrania MUNDO\",\"isPartOf\":{\"@id\":\"https:\/\/www.sonoraenequipo.com.mx\/#website\"},\"primaryImageOfPage\":{\"@id\":\"https:\/\/www.sonoraenequipo.com.mx\/pekin-niega-implicacion-organizada-de-chinos-en-ucrania\/#primaryimage\"},\"image\":{\"@id\":\"https:\/\/www.sonoraenequipo.com.mx\/pekin-niega-implicacion-organizada-de-chinos-en-ucrania\/#primaryimage\"},\"thumbnailUrl\":\"https:\/\/www.sonoraenequipo.com.mx\/storage\/2025\/04\/soldado-ucraniano-2.jpg\",\"datePublished\":\"2025-04-09T19:58:03+00:00\",\"dateModified\":\"2025-04-09T20:03:19+00:00\",\"description\":\"China neg\u00f3 este mi\u00e9rcoles (9.04.2025) que haya ciudadanos suyos participando de forma organizada en la guerra de Ucrania junto a las tropas rusas, y En Sonora en Equipo publicamos toda la informaci\u00f3n de Sonora, M\u00e9xico y el Mundo de manera oportuna y busca que la libertad de expresi\u00f3n sea real. Visita nuestro medio informativo publicado desde Hermosillo, Sonora. %\",\"breadcrumb\":{\"@id\":\"https:\/\/www.sonoraenequipo.com.mx\/pekin-niega-implicacion-organizada-de-chinos-en-ucrania\/#breadcrumb\"},\"inLanguage\":\"es\",\"potentialAction\":[{\"@type\":\"ReadAction\",\"target\":[\"https:\/\/www.sonoraenequipo.com.mx\/pekin-niega-implicacion-organizada-de-chinos-en-ucrania\/\"]}]},{\"@type\":\"ImageObject\",\"inLanguage\":\"es\",\"@id\":\"https:\/\/www.sonoraenequipo.com.mx\/pekin-niega-implicacion-organizada-de-chinos-en-ucrania\/#primaryimage\",\"url\":\"https:\/\/www.sonoraenequipo.com.mx\/storage\/2025\/04\/soldado-ucraniano-2.jpg\",\"contentUrl\":\"https:\/\/www.sonoraenequipo.com.mx\/storage\/2025\/04\/soldado-ucraniano-2.jpg\",\"width\":600,\"height\":337,\"caption\":\"Soldado ucraniano junto a veh\u00edculo blindado de origen franc\u00e9s. Imagen Picture Alliance\"},{\"@type\":\"BreadcrumbList\",\"@id\":\"https:\/\/www.sonoraenequipo.com.mx\/pekin-niega-implicacion-organizada-de-chinos-en-ucrania\/#breadcrumb\",\"itemListElement\":[{\"@type\":\"ListItem\",\"position\":1,\"name\":\"Portada\",\"item\":\"https:\/\/www.sonoraenequipo.com.mx\/\"},{\"@type\":\"ListItem\",\"position\":2,\"name\":\"Pek\u00edn niega implicaci\u00f3n organizada de chinos en Ucrania\"}]},{\"@type\":\"WebSite\",\"@id\":\"https:\/\/www.sonoraenequipo.com.mx\/#website\",\"url\":\"https:\/\/www.sonoraenequipo.com.mx\/\",\"name\":\"Sonora en Equipo.\",\"description\":\"Diario en l\u00ednea con Noticias desde Hermosillo, Sonora\",\"publisher\":{\"@id\":\"https:\/\/www.sonoraenequipo.com.mx\/#organization\"},\"potentialAction\":[{\"@type\":\"SearchAction\",\"target\":{\"@type\":\"EntryPoint\",\"urlTemplate\":\"https:\/\/www.sonoraenequipo.com.mx\/?s={search_term_string}\"},\"query-input\":{\"@type\":\"PropertyValueSpecification\",\"valueRequired\":true,\"valueName\":\"search_term_string\"}}],\"inLanguage\":\"es\"},{\"@type\":\"Organization\",\"@id\":\"https:\/\/www.sonoraenequipo.com.mx\/#organization\",\"name\":\"Sonoraenequipo.com.mx\",\"url\":\"https:\/\/www.sonoraenequipo.com.mx\/\",\"logo\":{\"@type\":\"ImageObject\",\"inLanguage\":\"es\",\"@id\":\"https:\/\/www.sonoraenequipo.com.mx\/#\/schema\/logo\/image\/\",\"url\":\"https:\/\/www.sonoraenequipo.com.mx\/storage\/2019\/01\/sonoraenequipo_opt.png\",\"contentUrl\":\"https:\/\/www.sonoraenequipo.com.mx\/storage\/2019\/01\/sonoraenequipo_opt.png\",\"width\":375,\"height\":125,\"caption\":\"Sonoraenequipo.com.mx\"},\"image\":{\"@id\":\"https:\/\/www.sonoraenequipo.com.mx\/#\/schema\/logo\/image\/\"},\"sameAs\":[\"https:\/\/www.facebook.com\/SonoraEE\/\",\"https:\/\/x.com\/sonoraenequipo\",\"https:\/\/www.youtube.com\/channel\/UC338nW-lPEYmJQs4ZABQ1SQ\"]},{\"@type\":\"Person\",\"@id\":\"https:\/\/www.sonoraenequipo.com.mx\/#\/schema\/person\/50102df0fb23a8fa9e8effad8fa81386\",\"name\":\"enequipo\",\"image\":{\"@type\":\"ImageObject\",\"inLanguage\":\"es\",\"@id\":\"https:\/\/www.sonoraenequipo.com.mx\/#\/schema\/person\/image\/\",\"url\":\"https:\/\/secure.gravatar.com\/avatar\/049821681b589dabc0bc20695993ccebb09f5b5d4d790cd9251b97faac7c652b?s=96&d=blank&r=g\",\"contentUrl\":\"https:\/\/secure.gravatar.com\/avatar\/049821681b589dabc0bc20695993ccebb09f5b5d4d790cd9251b97faac7c652b?s=96&d=blank&r=g\",\"caption\":\"enequipo\"},\"sameAs\":[\"https:\/\/www.facebook.com\/SonoraEE\"]}]}<\/script>\n ","yoast_head_json":{"title":"Sonora en Equipo. Pek\u00edn niega implicaci\u00f3n organizada de chinos en Ucrania MUNDO","description":"China neg\u00f3 este mi\u00e9rcoles (9.04.2025) que haya ciudadanos suyos participando de forma organizada en la guerra de Ucrania junto a las tropas rusas, y En Sonora en Equipo publicamos toda la informaci\u00f3n de Sonora, M\u00e9xico y el Mundo de manera oportuna y busca que la libertad de expresi\u00f3n sea real. Visita nuestro medio informativo publicado desde Hermosillo, Sonora. %","robots":{"index":"index","follow":"follow","max-snippet":"max-snippet:-1","max-image-preview":"max-image-preview:large","max-video-preview":"max-video-preview:-1"},"canonical":"https:\/\/www.sonoraenequipo.com.mx\/pekin-niega-implicacion-organizada-de-chinos-en-ucrania\/","og_locale":"es_ES","og_type":"article","og_title":"Sonora en Equipo. Pek\u00edn niega implicaci\u00f3n organizada de chinos en Ucrania MUNDO","og_description":"China neg\u00f3 este mi\u00e9rcoles (9.04.2025) que haya ciudadanos suyos participando de forma organizada en la guerra de Ucrania junto a las tropas rusas, y En Sonora en Equipo publicamos toda la informaci\u00f3n de Sonora, M\u00e9xico y el Mundo de manera oportuna y busca que la libertad de expresi\u00f3n sea real. Visita nuestro medio informativo publicado desde Hermosillo, Sonora. %","og_url":"https:\/\/www.sonoraenequipo.com.mx\/pekin-niega-implicacion-organizada-de-chinos-en-ucrania\/","og_site_name":"Sonora en Equipo.","article_publisher":"https:\/\/www.facebook.com\/SonoraEE\/","article_author":"https:\/\/www.facebook.com\/SonoraEE","article_published_time":"2025-04-09T19:58:03+00:00","article_modified_time":"2025-04-09T20:03:19+00:00","og_image":[{"width":600,"height":337,"url":"https:\/\/www.sonoraenequipo.com.mx\/storage\/2025\/04\/soldado-ucraniano-2.jpg","type":"image\/jpeg"}],"author":"enequipo","twitter_card":"summary_large_image","twitter_creator":"@sonoraenequipo","twitter_site":"@sonoraenequipo","twitter_misc":{"Escrito por":"enequipo","Tiempo de lectura":"2 minutos"},"schema":{"@context":"https:\/\/schema.org","@graph":[{"@type":"Article","@id":"https:\/\/www.sonoraenequipo.com.mx\/pekin-niega-implicacion-organizada-de-chinos-en-ucrania\/#article","isPartOf":{"@id":"https:\/\/www.sonoraenequipo.com.mx\/pekin-niega-implicacion-organizada-de-chinos-en-ucrania\/"},"author":{"name":"enequipo","@id":"https:\/\/www.sonoraenequipo.com.mx\/#\/schema\/person\/50102df0fb23a8fa9e8effad8fa81386"},"headline":"Pek\u00edn niega implicaci\u00f3n organizada de chinos en Ucrania","datePublished":"2025-04-09T19:58:03+00:00","dateModified":"2025-04-09T20:03:19+00:00","mainEntityOfPage":{"@id":"https:\/\/www.sonoraenequipo.com.mx\/pekin-niega-implicacion-organizada-de-chinos-en-ucrania\/"},"wordCount":396,"commentCount":0,"publisher":{"@id":"https:\/\/www.sonoraenequipo.com.mx\/#organization"},"image":{"@id":"https:\/\/www.sonoraenequipo.com.mx\/pekin-niega-implicacion-organizada-de-chinos-en-ucrania\/#primaryimage"},"thumbnailUrl":"https:\/\/www.sonoraenequipo.com.mx\/storage\/2025\/04\/soldado-ucraniano-2.jpg","keywords":["guerra","Rusia","ucrania"],"articleSection":["MUNDO"],"inLanguage":"es","potentialAction":[{"@type":"CommentAction","name":"Comment","target":["https:\/\/www.sonoraenequipo.com.mx\/pekin-niega-implicacion-organizada-de-chinos-en-ucrania\/#respond"]}]},{"@type":"WebPage","@id":"https:\/\/www.sonoraenequipo.com.mx\/pekin-niega-implicacion-organizada-de-chinos-en-ucrania\/","url":"https:\/\/www.sonoraenequipo.com.mx\/pekin-niega-implicacion-organizada-de-chinos-en-ucrania\/","name":"Sonora en Equipo. Pek\u00edn niega implicaci\u00f3n organizada de chinos en Ucrania MUNDO","isPartOf":{"@id":"https:\/\/www.sonoraenequipo.com.mx\/#website"},"primaryImageOfPage":{"@id":"https:\/\/www.sonoraenequipo.com.mx\/pekin-niega-implicacion-organizada-de-chinos-en-ucrania\/#primaryimage"},"image":{"@id":"https:\/\/www.sonoraenequipo.com.mx\/pekin-niega-implicacion-organizada-de-chinos-en-ucrania\/#primaryimage"},"thumbnailUrl":"https:\/\/www.sonoraenequipo.com.mx\/storage\/2025\/04\/soldado-ucraniano-2.jpg","datePublished":"2025-04-09T19:58:03+00:00","dateModified":"2025-04-09T20:03:19+00:00","description":"China neg\u00f3 este mi\u00e9rcoles (9.04.2025) que haya ciudadanos suyos participando de forma organizada en la guerra de Ucrania junto a las tropas rusas, y En Sonora en Equipo publicamos toda la informaci\u00f3n de Sonora, M\u00e9xico y el Mundo de manera oportuna y busca que la libertad de expresi\u00f3n sea real. Visita nuestro medio informativo publicado desde Hermosillo, Sonora. %","breadcrumb":{"@id":"https:\/\/www.sonoraenequipo.com.mx\/pekin-niega-implicacion-organizada-de-chinos-en-ucrania\/#breadcrumb"},"inLanguage":"es","potentialAction":[{"@type":"ReadAction","target":["https:\/\/www.sonoraenequipo.com.mx\/pekin-niega-implicacion-organizada-de-chinos-en-ucrania\/"]}]},{"@type":"ImageObject","inLanguage":"es","@id":"https:\/\/www.sonoraenequipo.com.mx\/pekin-niega-implicacion-organizada-de-chinos-en-ucrania\/#primaryimage","url":"https:\/\/www.sonoraenequipo.com.mx\/storage\/2025\/04\/soldado-ucraniano-2.jpg","contentUrl":"https:\/\/www.sonoraenequipo.com.mx\/storage\/2025\/04\/soldado-ucraniano-2.jpg","width":600,"height":337,"caption":"Soldado ucraniano junto a veh\u00edculo blindado de origen franc\u00e9s. Imagen Picture Alliance"},{"@type":"BreadcrumbList","@id":"https:\/\/www.sonoraenequipo.com.mx\/pekin-niega-implicacion-organizada-de-chinos-en-ucrania\/#breadcrumb","itemListElement":[{"@type":"ListItem","position":1,"name":"Portada","item":"https:\/\/www.sonoraenequipo.com.mx\/"},{"@type":"ListItem","position":2,"name":"Pek\u00edn niega implicaci\u00f3n organizada de chinos en Ucrania"}]},{"@type":"WebSite","@id":"https:\/\/www.sonoraenequipo.com.mx\/#website","url":"https:\/\/www.sonoraenequipo.com.mx\/","name":"Sonora en Equipo.","description":"Diario en l\u00ednea con Noticias desde Hermosillo, Sonora","publisher":{"@id":"https:\/\/www.sonoraenequipo.com.mx\/#organization"},"potentialAction":[{"@type":"SearchAction","target":{"@type":"EntryPoint","urlTemplate":"https:\/\/www.sonoraenequipo.com.mx\/?s={search_term_string}"},"query-input":{"@type":"PropertyValueSpecification","valueRequired":true,"valueName":"search_term_string"}}],"inLanguage":"es"},{"@type":"Organization","@id":"https:\/\/www.sonoraenequipo.com.mx\/#organization","name":"Sonoraenequipo.com.mx","url":"https:\/\/www.sonoraenequipo.com.mx\/","logo":{"@type":"ImageObject","inLanguage":"es","@id":"https:\/\/www.sonoraenequipo.com.mx\/#\/schema\/logo\/image\/","url":"https:\/\/www.sonoraenequipo.com.mx\/storage\/2019\/01\/sonoraenequipo_opt.png","contentUrl":"https:\/\/www.sonoraenequipo.com.mx\/storage\/2019\/01\/sonoraenequipo_opt.png","width":375,"height":125,"caption":"Sonoraenequipo.com.mx"},"image":{"@id":"https:\/\/www.sonoraenequipo.com.mx\/#\/schema\/logo\/image\/"},"sameAs":["https:\/\/www.facebook.com\/SonoraEE\/","https:\/\/x.com\/sonoraenequipo","https:\/\/www.youtube.com\/channel\/UC338nW-lPEYmJQs4ZABQ1SQ"]},{"@type":"Person","@id":"https:\/\/www.sonoraenequipo.com.mx\/#\/schema\/person\/50102df0fb23a8fa9e8effad8fa81386","name":"enequipo","image":{"@type":"ImageObject","inLanguage":"es","@id":"https:\/\/www.sonoraenequipo.com.mx\/#\/schema\/person\/image\/","url":"https:\/\/secure.gravatar.com\/avatar\/049821681b589dabc0bc20695993ccebb09f5b5d4d790cd9251b97faac7c652b?s=96&d=blank&r=g","contentUrl":"https:\/\/secure.gravatar.com\/avatar\/049821681b589dabc0bc20695993ccebb09f5b5d4d790cd9251b97faac7c652b?s=96&d=blank&r=g","caption":"enequipo"},"sameAs":["https:\/\/www.facebook.com\/SonoraEE"]}]}},"jetpack_featured_media_url":"https:\/\/www.sonoraenequipo.com.mx\/storage\/2025\/04\/soldado-ucraniano-2.jpg","_links":{"self":[{"href":"https:\/\/www.sonoraenequipo.com.mx\/api\/wp\/v2\/posts\/213314","targetHints":{"allow":["GET"]}}],"collection":[{"href":"https:\/\/www.sonoraenequipo.com.mx\/api\/wp\/v2\/posts"}],"about":[{"href":"https:\/\/www.sonoraenequipo.com.mx\/api\/wp\/v2\/types\/post"}],"author":[{"embeddable":true,"href":"https:\/\/www.sonoraenequipo.com.mx\/api\/wp\/v2\/users\/1"}],"replies":[{"embeddable":true,"href":"https:\/\/www.sonoraenequipo.com.mx\/api\/wp\/v2\/comments?post=213314"}],"version-history":[{"count":2,"href":"https:\/\/www.sonoraenequipo.com.mx\/api\/wp\/v2\/posts\/213314\/revisions"}],"predecessor-version":[{"id":213318,"href":"https:\/\/www.sonoraenequipo.com.mx\/api\/wp\/v2\/posts\/213314\/revisions\/213318"}],"wp:featuredmedia":[{"embeddable":true,"href":"https:\/\/www.sonoraenequipo.com.mx\/api\/wp\/v2\/media\/213315"}],"wp:attachment":[{"href":"https:\/\/www.sonoraenequipo.com.mx\/api\/wp\/v2\/media?parent=213314"}],"wp:term":[{"taxonomy":"category","embeddable":true,"href":"https:\/\/www.sonoraenequipo.com.mx\/api\/wp\/v2\/categories?post=213314"},{"taxonomy":"post_tag","embeddable":true,"href":"https:\/\/www.sonoraenequipo.com.mx\/api\/wp\/v2\/tags?post=213314"}],"curies":[{"name":"wp","href":"https:\/\/api.w.org\/{rel}","templated":true}]}}