{"id":213319,"date":"2025-04-09T13:40:09","date_gmt":"2025-04-09T20:40:09","guid":{"rendered":"https:\/\/www.sonoraenequipo.com.mx\/?p=213319"},"modified":"2025-04-09T13:41:04","modified_gmt":"2025-04-09T20:41:04","slug":"gobierno-de-sonora-impulsa-participacion-de-itesca-en-el-programa-nacional-construyendo-mexico","status":"publish","type":"post","link":"https:\/\/www.sonoraenequipo.com.mx\/gobierno-de-sonora-impulsa-participacion-de-itesca-en-el-programa-nacional-construyendo-mexico\/","title":{"rendered":"Gobierno de Sonora impulsa participaci\u00f3n de Itesca en el programa \u201cConstruyendo M\u00e9xico\u201d"},"content":{"rendered":"<p>Gobierno de Sonora impulsa participaci\u00f3n de Itesca en el programa nacional \u201cConstruyendo M\u00e9xico\u201d<\/p>\n<p>&nbsp;<\/p>\n<p><strong>CAJEME, SONORA, MX.<\/strong> <strong>\u0336 \u0336&nbsp; &nbsp;<\/strong>Con actividades como el levantamiento y alineado de muros, anclaje, colado de losas o techos, repellado de muros, as\u00ed como la finalizaci\u00f3n de la construcci\u00f3n y la entrega simb\u00f3lica de viviendas, estudiantes del Instituto Tecnol\u00f3gico Superior de Cajeme (Itesca) participaron en la iniciativa nacional \u201cConstruyendo M\u00e9xico\u201d, inform\u00f3 Margarita V\u00e9lez de la Rocha.<\/p>\n<p>&nbsp;<\/p>\n<p>&nbsp;<\/p>\n<p>&nbsp;<\/p>\n<p>La directora general de Itesca detall\u00f3 que 25 estudiantes participaron como voluntarios en diversas actividades para acondicionar viviendas en beneficio de familias de la comunidad de Bah\u00eda de Lobos, en una jornada coordinada por la asociaci\u00f3n civil Construyendo Comunidades Integrales A.C.<\/p>\n<p>&nbsp;<\/p>\n<p>&nbsp;<\/p>\n<p>&nbsp;<\/p>\n<p>La instituci\u00f3n se sum\u00f3 a esta estrategia a trav\u00e9s de la oficina de Servicio Social y Desarrollo Comunitario, beneficiando a 45 integrantes de 10 familias, gracias al trabajo colaborativo de 300 voluntarios y 22 instituciones m\u00e1s, coordinados por Misael Rayos Luna, de la filial Sonora de la asociaci\u00f3n civil.<\/p>\n<p>&nbsp;<\/p>\n<p>&nbsp;<\/p>\n<p>&nbsp;<\/p>\n<p>V\u00e9lez de la Rocha destac\u00f3 la participaci\u00f3n solidaria de Rub\u00e9n, V\u00edctor Eduardo, Edgar, Itzel Nicth\u00e9, Andrea, Mileyli, Jos\u00e9 David, Mar\u00eda Fernanda, Luis Gerardo, Josu\u00e9 Sebasti\u00e1n y Dulce Mar\u00eda, estudiantes de la carrera de Arquitectura, as\u00ed como de Luis Manuel de Jes\u00fas, Miroslava, Jenifer, Manuel de Jes\u00fas y Nuvia Dalisa, estudiantes de Ingenier\u00eda Industrial.<\/p>\n<p>&nbsp;<\/p>\n<p>&nbsp;<\/p>\n<p>&nbsp;<\/p>\n<p>Asimismo, reconoci\u00f3 a Jennifer Adriana, Johana Guadalupe, Beatriz Camila, Javier Omar, Cesia Carolina, Ilse Alejandra, Daniel Alejandro, Luis Fernando y Alejandra, de la licenciatura en Administraci\u00f3n, adem\u00e1s de los alumnos voluntarios Misael y Germ\u00e1n, de Arquitectura.<\/p>\n<p><strong>Fecha de publicaci\u00f3n mi\u00e9rcoles 9 de abril de 2025 \/<\/strong><\/p>\n","protected":false},"excerpt":{"rendered":"<p>Gobierno de Sonora impulsa participaci\u00f3n de Itesca en el programa nacional \u201cConstruyendo M\u00e9xico\u201d &nbsp; CAJEME,&#8230;<\/p>\n","protected":false},"author":1,"featured_media":213320,"comment_status":"open","ping_status":"open","sticky":false,"template":"","format":"standard","meta":{"_monsterinsights_skip_tracking":false,"_monsterinsights_sitenote_active":false,"_monsterinsights_sitenote_note":"","_monsterinsights_sitenote_category":0,"footnotes":""},"categories":[22],"tags":[11110,6633],"class_list":["post"],"yoast_head":" \n<title>Sonora en Equipo. Gobierno de Sonora impulsa participaci\u00f3n de Itesca en el programa \u201cConstruyendo M\u00e9xico\u201d Sonora<\/title>\n<meta name=\"description\" content=\"Gobierno de Sonora impulsa participaci\u00f3n de Itesca en el programa nacional \u201cConstruyendo M\u00e9xico\u201d &nbsp; CAJEME, SONORA, MX. \u0336 \u0336&nbsp; &nbsp;Con En Sonora en Equipo publicamos toda la informaci\u00f3n de Sonora, M\u00e9xico y el Mundo de manera oportuna y busca que la libertad de expresi\u00f3n sea real. Visita nuestro medio informativo publicado desde Hermosillo, Sonora. %\" \/>\n<meta name=\"robots\" content=\"index, follow, max-snippet:-1, max-image-preview:large, max-video-preview:-1\" \/>\n<link rel=\"canonical\" href=\"https:\/\/www.sonoraenequipo.com.mx\/gobierno-de-sonora-impulsa-participacion-de-itesca-en-el-programa-nacional-construyendo-mexico\/\" \/>\n<meta property=\"og:locale\" content=\"es_ES\" \/>\n<meta property=\"og:type\" content=\"article\" \/>\n<meta property=\"og:title\" content=\"Sonora en Equipo. Gobierno de Sonora impulsa participaci\u00f3n de Itesca en el programa \u201cConstruyendo M\u00e9xico\u201d Sonora\" \/>\n<meta property=\"og:description\" content=\"Gobierno de Sonora impulsa participaci\u00f3n de Itesca en el programa nacional \u201cConstruyendo M\u00e9xico\u201d &nbsp; CAJEME, SONORA, MX. \u0336 \u0336&nbsp; &nbsp;Con En Sonora en Equipo publicamos toda la informaci\u00f3n de Sonora, M\u00e9xico y el Mundo de manera oportuna y busca que la libertad de expresi\u00f3n sea real. Visita nuestro medio informativo publicado desde Hermosillo, Sonora. %\" \/>\n<meta property=\"og:url\" content=\"https:\/\/www.sonoraenequipo.com.mx\/gobierno-de-sonora-impulsa-participacion-de-itesca-en-el-programa-nacional-construyendo-mexico\/\" \/>\n<meta property=\"og:site_name\" content=\"Sonora en Equipo.\" \/>\n<meta property=\"article:publisher\" content=\"https:\/\/www.facebook.com\/SonoraEE\/\" \/>\n<meta property=\"article:author\" content=\"https:\/\/www.facebook.com\/SonoraEE\" \/>\n<meta property=\"article:published_time\" content=\"2025-04-09T20:40:09+00:00\" \/>\n<meta property=\"article:modified_time\" content=\"2025-04-09T20:41:04+00:00\" \/>\n<meta property=\"og:image\" content=\"https:\/\/www.sonoraenequipo.com.mx\/storage\/2025\/04\/Itesca.jpg\" \/>\n\t<meta property=\"og:image:width\" content=\"600\" \/>\n\t<meta property=\"og:image:height\" content=\"400\" \/>\n\t<meta property=\"og:image:type\" content=\"image\/jpeg\" \/>\n<meta name=\"author\" content=\"enequipo\" \/>\n<meta name=\"twitter:card\" content=\"summary_large_image\" \/>\n<meta name=\"twitter:creator\" content=\"@sonoraenequipo\" \/>\n<meta name=\"twitter:site\" content=\"@sonoraenequipo\" \/>\n<meta name=\"twitter:label1\" content=\"Escrito por\" \/>\n\t<meta name=\"twitter:data1\" content=\"enequipo\" \/>\n\t<meta name=\"twitter:label2\" content=\"Tiempo de lectura\" \/>\n\t<meta name=\"twitter:data2\" content=\"1 minuto\" \/>\n<script type=\"application\/ld+json\" class=\"yoast-schema-graph\">{\"@context\":\"https:\/\/schema.org\",\"@graph\":[{\"@type\":\"Article\",\"@id\":\"https:\/\/www.sonoraenequipo.com.mx\/gobierno-de-sonora-impulsa-participacion-de-itesca-en-el-programa-nacional-construyendo-mexico\/#article\",\"isPartOf\":{\"@id\":\"https:\/\/www.sonoraenequipo.com.mx\/gobierno-de-sonora-impulsa-participacion-de-itesca-en-el-programa-nacional-construyendo-mexico\/\"},\"author\":{\"name\":\"enequipo\",\"@id\":\"https:\/\/www.sonoraenequipo.com.mx\/#\/schema\/person\/50102df0fb23a8fa9e8effad8fa81386\"},\"headline\":\"Gobierno de Sonora impulsa participaci\u00f3n de Itesca en el programa \u201cConstruyendo M\u00e9xico\u201d\",\"datePublished\":\"2025-04-09T20:40:09+00:00\",\"dateModified\":\"2025-04-09T20:41:04+00:00\",\"mainEntityOfPage\":{\"@id\":\"https:\/\/www.sonoraenequipo.com.mx\/gobierno-de-sonora-impulsa-participacion-de-itesca-en-el-programa-nacional-construyendo-mexico\/\"},\"wordCount\":308,\"commentCount\":0,\"publisher\":{\"@id\":\"https:\/\/www.sonoraenequipo.com.mx\/#organization\"},\"image\":{\"@id\":\"https:\/\/www.sonoraenequipo.com.mx\/gobierno-de-sonora-impulsa-participacion-de-itesca-en-el-programa-nacional-construyendo-mexico\/#primaryimage\"},\"thumbnailUrl\":\"https:\/\/www.sonoraenequipo.com.mx\/storage\/2025\/04\/Itesca.jpg\",\"keywords\":[\"construyendo mexico\",\"itesca\"],\"articleSection\":[\"Sonora\"],\"inLanguage\":\"es\",\"potentialAction\":[{\"@type\":\"CommentAction\",\"name\":\"Comment\",\"target\":[\"https:\/\/www.sonoraenequipo.com.mx\/gobierno-de-sonora-impulsa-participacion-de-itesca-en-el-programa-nacional-construyendo-mexico\/#respond\"]}]},{\"@type\":\"WebPage\",\"@id\":\"https:\/\/www.sonoraenequipo.com.mx\/gobierno-de-sonora-impulsa-participacion-de-itesca-en-el-programa-nacional-construyendo-mexico\/\",\"url\":\"https:\/\/www.sonoraenequipo.com.mx\/gobierno-de-sonora-impulsa-participacion-de-itesca-en-el-programa-nacional-construyendo-mexico\/\",\"name\":\"Sonora en Equipo. Gobierno de Sonora impulsa participaci\u00f3n de Itesca en el programa \u201cConstruyendo M\u00e9xico\u201d Sonora\",\"isPartOf\":{\"@id\":\"https:\/\/www.sonoraenequipo.com.mx\/#website\"},\"primaryImageOfPage\":{\"@id\":\"https:\/\/www.sonoraenequipo.com.mx\/gobierno-de-sonora-impulsa-participacion-de-itesca-en-el-programa-nacional-construyendo-mexico\/#primaryimage\"},\"image\":{\"@id\":\"https:\/\/www.sonoraenequipo.com.mx\/gobierno-de-sonora-impulsa-participacion-de-itesca-en-el-programa-nacional-construyendo-mexico\/#primaryimage\"},\"thumbnailUrl\":\"https:\/\/www.sonoraenequipo.com.mx\/storage\/2025\/04\/Itesca.jpg\",\"datePublished\":\"2025-04-09T20:40:09+00:00\",\"dateModified\":\"2025-04-09T20:41:04+00:00\",\"description\":\"Gobierno de Sonora impulsa participaci\u00f3n de Itesca en el programa nacional \u201cConstruyendo M\u00e9xico\u201d &nbsp; CAJEME, SONORA, MX. \u0336 \u0336&nbsp; &nbsp;Con En Sonora en Equipo publicamos toda la informaci\u00f3n de Sonora, M\u00e9xico y el Mundo de manera oportuna y busca que la libertad de expresi\u00f3n sea real. Visita nuestro medio informativo publicado desde Hermosillo, Sonora. %\",\"breadcrumb\":{\"@id\":\"https:\/\/www.sonoraenequipo.com.mx\/gobierno-de-sonora-impulsa-participacion-de-itesca-en-el-programa-nacional-construyendo-mexico\/#breadcrumb\"},\"inLanguage\":\"es\",\"potentialAction\":[{\"@type\":\"ReadAction\",\"target\":[\"https:\/\/www.sonoraenequipo.com.mx\/gobierno-de-sonora-impulsa-participacion-de-itesca-en-el-programa-nacional-construyendo-mexico\/\"]}]},{\"@type\":\"ImageObject\",\"inLanguage\":\"es\",\"@id\":\"https:\/\/www.sonoraenequipo.com.mx\/gobierno-de-sonora-impulsa-participacion-de-itesca-en-el-programa-nacional-construyendo-mexico\/#primaryimage\",\"url\":\"https:\/\/www.sonoraenequipo.com.mx\/storage\/2025\/04\/Itesca.jpg\",\"contentUrl\":\"https:\/\/www.sonoraenequipo.com.mx\/storage\/2025\/04\/Itesca.jpg\",\"width\":600,\"height\":400},{\"@type\":\"BreadcrumbList\",\"@id\":\"https:\/\/www.sonoraenequipo.com.mx\/gobierno-de-sonora-impulsa-participacion-de-itesca-en-el-programa-nacional-construyendo-mexico\/#breadcrumb\",\"itemListElement\":[{\"@type\":\"ListItem\",\"position\":1,\"name\":\"Portada\",\"item\":\"https:\/\/www.sonoraenequipo.com.mx\/\"},{\"@type\":\"ListItem\",\"position\":2,\"name\":\"Gobierno de Sonora impulsa participaci\u00f3n de Itesca en el programa \u201cConstruyendo M\u00e9xico\u201d\"}]},{\"@type\":\"WebSite\",\"@id\":\"https:\/\/www.sonoraenequipo.com.mx\/#website\",\"url\":\"https:\/\/www.sonoraenequipo.com.mx\/\",\"name\":\"Sonora en Equipo.\",\"description\":\"Diario en l\u00ednea con Noticias desde Hermosillo, Sonora\",\"publisher\":{\"@id\":\"https:\/\/www.sonoraenequipo.com.mx\/#organization\"},\"potentialAction\":[{\"@type\":\"SearchAction\",\"target\":{\"@type\":\"EntryPoint\",\"urlTemplate\":\"https:\/\/www.sonoraenequipo.com.mx\/?s={search_term_string}\"},\"query-input\":{\"@type\":\"PropertyValueSpecification\",\"valueRequired\":true,\"valueName\":\"search_term_string\"}}],\"inLanguage\":\"es\"},{\"@type\":\"Organization\",\"@id\":\"https:\/\/www.sonoraenequipo.com.mx\/#organization\",\"name\":\"Sonoraenequipo.com.mx\",\"url\":\"https:\/\/www.sonoraenequipo.com.mx\/\",\"logo\":{\"@type\":\"ImageObject\",\"inLanguage\":\"es\",\"@id\":\"https:\/\/www.sonoraenequipo.com.mx\/#\/schema\/logo\/image\/\",\"url\":\"https:\/\/www.sonoraenequipo.com.mx\/storage\/2019\/01\/sonoraenequipo_opt.png\",\"contentUrl\":\"https:\/\/www.sonoraenequipo.com.mx\/storage\/2019\/01\/sonoraenequipo_opt.png\",\"width\":375,\"height\":125,\"caption\":\"Sonoraenequipo.com.mx\"},\"image\":{\"@id\":\"https:\/\/www.sonoraenequipo.com.mx\/#\/schema\/logo\/image\/\"},\"sameAs\":[\"https:\/\/www.facebook.com\/SonoraEE\/\",\"https:\/\/x.com\/sonoraenequipo\",\"https:\/\/www.youtube.com\/channel\/UC338nW-lPEYmJQs4ZABQ1SQ\"]},{\"@type\":\"Person\",\"@id\":\"https:\/\/www.sonoraenequipo.com.mx\/#\/schema\/person\/50102df0fb23a8fa9e8effad8fa81386\",\"name\":\"enequipo\",\"image\":{\"@type\":\"ImageObject\",\"inLanguage\":\"es\",\"@id\":\"https:\/\/www.sonoraenequipo.com.mx\/#\/schema\/person\/image\/\",\"url\":\"https:\/\/secure.gravatar.com\/avatar\/049821681b589dabc0bc20695993ccebb09f5b5d4d790cd9251b97faac7c652b?s=96&d=blank&r=g\",\"contentUrl\":\"https:\/\/secure.gravatar.com\/avatar\/049821681b589dabc0bc20695993ccebb09f5b5d4d790cd9251b97faac7c652b?s=96&d=blank&r=g\",\"caption\":\"enequipo\"},\"sameAs\":[\"https:\/\/www.facebook.com\/SonoraEE\"]}]}<\/script>\n ","yoast_head_json":{"title":"Sonora en Equipo. Gobierno de Sonora impulsa participaci\u00f3n de Itesca en el programa \u201cConstruyendo M\u00e9xico\u201d Sonora","description":"Gobierno de Sonora impulsa participaci\u00f3n de Itesca en el programa nacional \u201cConstruyendo M\u00e9xico\u201d &nbsp; CAJEME, SONORA, MX. \u0336 \u0336&nbsp; &nbsp;Con En Sonora en Equipo publicamos toda la informaci\u00f3n de Sonora, M\u00e9xico y el Mundo de manera oportuna y busca que la libertad de expresi\u00f3n sea real. Visita nuestro medio informativo publicado desde Hermosillo, Sonora. %","robots":{"index":"index","follow":"follow","max-snippet":"max-snippet:-1","max-image-preview":"max-image-preview:large","max-video-preview":"max-video-preview:-1"},"canonical":"https:\/\/www.sonoraenequipo.com.mx\/gobierno-de-sonora-impulsa-participacion-de-itesca-en-el-programa-nacional-construyendo-mexico\/","og_locale":"es_ES","og_type":"article","og_title":"Sonora en Equipo. Gobierno de Sonora impulsa participaci\u00f3n de Itesca en el programa \u201cConstruyendo M\u00e9xico\u201d Sonora","og_description":"Gobierno de Sonora impulsa participaci\u00f3n de Itesca en el programa nacional \u201cConstruyendo M\u00e9xico\u201d &nbsp; CAJEME, SONORA, MX. \u0336 \u0336&nbsp; &nbsp;Con En Sonora en Equipo publicamos toda la informaci\u00f3n de Sonora, M\u00e9xico y el Mundo de manera oportuna y busca que la libertad de expresi\u00f3n sea real. Visita nuestro medio informativo publicado desde Hermosillo, Sonora. %","og_url":"https:\/\/www.sonoraenequipo.com.mx\/gobierno-de-sonora-impulsa-participacion-de-itesca-en-el-programa-nacional-construyendo-mexico\/","og_site_name":"Sonora en Equipo.","article_publisher":"https:\/\/www.facebook.com\/SonoraEE\/","article_author":"https:\/\/www.facebook.com\/SonoraEE","article_published_time":"2025-04-09T20:40:09+00:00","article_modified_time":"2025-04-09T20:41:04+00:00","og_image":[{"width":600,"height":400,"url":"https:\/\/www.sonoraenequipo.com.mx\/storage\/2025\/04\/Itesca.jpg","type":"image\/jpeg"}],"author":"enequipo","twitter_card":"summary_large_image","twitter_creator":"@sonoraenequipo","twitter_site":"@sonoraenequipo","twitter_misc":{"Escrito por":"enequipo","Tiempo de lectura":"1 minuto"},"schema":{"@context":"https:\/\/schema.org","@graph":[{"@type":"Article","@id":"https:\/\/www.sonoraenequipo.com.mx\/gobierno-de-sonora-impulsa-participacion-de-itesca-en-el-programa-nacional-construyendo-mexico\/#article","isPartOf":{"@id":"https:\/\/www.sonoraenequipo.com.mx\/gobierno-de-sonora-impulsa-participacion-de-itesca-en-el-programa-nacional-construyendo-mexico\/"},"author":{"name":"enequipo","@id":"https:\/\/www.sonoraenequipo.com.mx\/#\/schema\/person\/50102df0fb23a8fa9e8effad8fa81386"},"headline":"Gobierno de Sonora impulsa participaci\u00f3n de Itesca en el programa \u201cConstruyendo M\u00e9xico\u201d","datePublished":"2025-04-09T20:40:09+00:00","dateModified":"2025-04-09T20:41:04+00:00","mainEntityOfPage":{"@id":"https:\/\/www.sonoraenequipo.com.mx\/gobierno-de-sonora-impulsa-participacion-de-itesca-en-el-programa-nacional-construyendo-mexico\/"},"wordCount":308,"commentCount":0,"publisher":{"@id":"https:\/\/www.sonoraenequipo.com.mx\/#organization"},"image":{"@id":"https:\/\/www.sonoraenequipo.com.mx\/gobierno-de-sonora-impulsa-participacion-de-itesca-en-el-programa-nacional-construyendo-mexico\/#primaryimage"},"thumbnailUrl":"https:\/\/www.sonoraenequipo.com.mx\/storage\/2025\/04\/Itesca.jpg","keywords":["construyendo mexico","itesca"],"articleSection":["Sonora"],"inLanguage":"es","potentialAction":[{"@type":"CommentAction","name":"Comment","target":["https:\/\/www.sonoraenequipo.com.mx\/gobierno-de-sonora-impulsa-participacion-de-itesca-en-el-programa-nacional-construyendo-mexico\/#respond"]}]},{"@type":"WebPage","@id":"https:\/\/www.sonoraenequipo.com.mx\/gobierno-de-sonora-impulsa-participacion-de-itesca-en-el-programa-nacional-construyendo-mexico\/","url":"https:\/\/www.sonoraenequipo.com.mx\/gobierno-de-sonora-impulsa-participacion-de-itesca-en-el-programa-nacional-construyendo-mexico\/","name":"Sonora en Equipo. Gobierno de Sonora impulsa participaci\u00f3n de Itesca en el programa \u201cConstruyendo M\u00e9xico\u201d Sonora","isPartOf":{"@id":"https:\/\/www.sonoraenequipo.com.mx\/#website"},"primaryImageOfPage":{"@id":"https:\/\/www.sonoraenequipo.com.mx\/gobierno-de-sonora-impulsa-participacion-de-itesca-en-el-programa-nacional-construyendo-mexico\/#primaryimage"},"image":{"@id":"https:\/\/www.sonoraenequipo.com.mx\/gobierno-de-sonora-impulsa-participacion-de-itesca-en-el-programa-nacional-construyendo-mexico\/#primaryimage"},"thumbnailUrl":"https:\/\/www.sonoraenequipo.com.mx\/storage\/2025\/04\/Itesca.jpg","datePublished":"2025-04-09T20:40:09+00:00","dateModified":"2025-04-09T20:41:04+00:00","description":"Gobierno de Sonora impulsa participaci\u00f3n de Itesca en el programa nacional \u201cConstruyendo M\u00e9xico\u201d &nbsp; CAJEME, SONORA, MX. \u0336 \u0336&nbsp; &nbsp;Con En Sonora en Equipo publicamos toda la informaci\u00f3n de Sonora, M\u00e9xico y el Mundo de manera oportuna y busca que la libertad de expresi\u00f3n sea real. Visita nuestro medio informativo publicado desde Hermosillo, Sonora. %","breadcrumb":{"@id":"https:\/\/www.sonoraenequipo.com.mx\/gobierno-de-sonora-impulsa-participacion-de-itesca-en-el-programa-nacional-construyendo-mexico\/#breadcrumb"},"inLanguage":"es","potentialAction":[{"@type":"ReadAction","target":["https:\/\/www.sonoraenequipo.com.mx\/gobierno-de-sonora-impulsa-participacion-de-itesca-en-el-programa-nacional-construyendo-mexico\/"]}]},{"@type":"ImageObject","inLanguage":"es","@id":"https:\/\/www.sonoraenequipo.com.mx\/gobierno-de-sonora-impulsa-participacion-de-itesca-en-el-programa-nacional-construyendo-mexico\/#primaryimage","url":"https:\/\/www.sonoraenequipo.com.mx\/storage\/2025\/04\/Itesca.jpg","contentUrl":"https:\/\/www.sonoraenequipo.com.mx\/storage\/2025\/04\/Itesca.jpg","width":600,"height":400},{"@type":"BreadcrumbList","@id":"https:\/\/www.sonoraenequipo.com.mx\/gobierno-de-sonora-impulsa-participacion-de-itesca-en-el-programa-nacional-construyendo-mexico\/#breadcrumb","itemListElement":[{"@type":"ListItem","position":1,"name":"Portada","item":"https:\/\/www.sonoraenequipo.com.mx\/"},{"@type":"ListItem","position":2,"name":"Gobierno de Sonora impulsa participaci\u00f3n de Itesca en el programa \u201cConstruyendo M\u00e9xico\u201d"}]},{"@type":"WebSite","@id":"https:\/\/www.sonoraenequipo.com.mx\/#website","url":"https:\/\/www.sonoraenequipo.com.mx\/","name":"Sonora en Equipo.","description":"Diario en l\u00ednea con Noticias desde Hermosillo, Sonora","publisher":{"@id":"https:\/\/www.sonoraenequipo.com.mx\/#organization"},"potentialAction":[{"@type":"SearchAction","target":{"@type":"EntryPoint","urlTemplate":"https:\/\/www.sonoraenequipo.com.mx\/?s={search_term_string}"},"query-input":{"@type":"PropertyValueSpecification","valueRequired":true,"valueName":"search_term_string"}}],"inLanguage":"es"},{"@type":"Organization","@id":"https:\/\/www.sonoraenequipo.com.mx\/#organization","name":"Sonoraenequipo.com.mx","url":"https:\/\/www.sonoraenequipo.com.mx\/","logo":{"@type":"ImageObject","inLanguage":"es","@id":"https:\/\/www.sonoraenequipo.com.mx\/#\/schema\/logo\/image\/","url":"https:\/\/www.sonoraenequipo.com.mx\/storage\/2019\/01\/sonoraenequipo_opt.png","contentUrl":"https:\/\/www.sonoraenequipo.com.mx\/storage\/2019\/01\/sonoraenequipo_opt.png","width":375,"height":125,"caption":"Sonoraenequipo.com.mx"},"image":{"@id":"https:\/\/www.sonoraenequipo.com.mx\/#\/schema\/logo\/image\/"},"sameAs":["https:\/\/www.facebook.com\/SonoraEE\/","https:\/\/x.com\/sonoraenequipo","https:\/\/www.youtube.com\/channel\/UC338nW-lPEYmJQs4ZABQ1SQ"]},{"@type":"Person","@id":"https:\/\/www.sonoraenequipo.com.mx\/#\/schema\/person\/50102df0fb23a8fa9e8effad8fa81386","name":"enequipo","image":{"@type":"ImageObject","inLanguage":"es","@id":"https:\/\/www.sonoraenequipo.com.mx\/#\/schema\/person\/image\/","url":"https:\/\/secure.gravatar.com\/avatar\/049821681b589dabc0bc20695993ccebb09f5b5d4d790cd9251b97faac7c652b?s=96&d=blank&r=g","contentUrl":"https:\/\/secure.gravatar.com\/avatar\/049821681b589dabc0bc20695993ccebb09f5b5d4d790cd9251b97faac7c652b?s=96&d=blank&r=g","caption":"enequipo"},"sameAs":["https:\/\/www.facebook.com\/SonoraEE"]}]}},"jetpack_featured_media_url":"https:\/\/www.sonoraenequipo.com.mx\/storage\/2025\/04\/Itesca.jpg","_links":{"self":[{"href":"https:\/\/www.sonoraenequipo.com.mx\/api\/wp\/v2\/posts\/213319","targetHints":{"allow":["GET"]}}],"collection":[{"href":"https:\/\/www.sonoraenequipo.com.mx\/api\/wp\/v2\/posts"}],"about":[{"href":"https:\/\/www.sonoraenequipo.com.mx\/api\/wp\/v2\/types\/post"}],"author":[{"embeddable":true,"href":"https:\/\/www.sonoraenequipo.com.mx\/api\/wp\/v2\/users\/1"}],"replies":[{"embeddable":true,"href":"https:\/\/www.sonoraenequipo.com.mx\/api\/wp\/v2\/comments?post=213319"}],"version-history":[{"count":2,"href":"https:\/\/www.sonoraenequipo.com.mx\/api\/wp\/v2\/posts\/213319\/revisions"}],"predecessor-version":[{"id":213322,"href":"https:\/\/www.sonoraenequipo.com.mx\/api\/wp\/v2\/posts\/213319\/revisions\/213322"}],"wp:featuredmedia":[{"embeddable":true,"href":"https:\/\/www.sonoraenequipo.com.mx\/api\/wp\/v2\/media\/213320"}],"wp:attachment":[{"href":"https:\/\/www.sonoraenequipo.com.mx\/api\/wp\/v2\/media?parent=213319"}],"wp:term":[{"taxonomy":"category","embeddable":true,"href":"https:\/\/www.sonoraenequipo.com.mx\/api\/wp\/v2\/categories?post=213319"},{"taxonomy":"post_tag","embeddable":true,"href":"https:\/\/www.sonoraenequipo.com.mx\/api\/wp\/v2\/tags?post=213319"}],"curies":[{"name":"wp","href":"https:\/\/api.w.org\/{rel}","templated":true}]}}