{"id":213323,"date":"2025-04-09T13:45:49","date_gmt":"2025-04-09T20:45:49","guid":{"rendered":"https:\/\/www.sonoraenequipo.com.mx\/?p=213323"},"modified":"2025-04-09T13:45:49","modified_gmt":"2025-04-09T20:45:49","slug":"fgjes-ejecuta-orden-de-aprehension-contra-integrante-de-grupo-delictivo-por-desaparicion-forzada","status":"publish","type":"post","link":"https:\/\/www.sonoraenequipo.com.mx\/fgjes-ejecuta-orden-de-aprehension-contra-integrante-de-grupo-delictivo-por-desaparicion-forzada\/","title":{"rendered":"FGJES ejecuta orden de aprehensi\u00f3n contra integrante de grupo delictivo por desaparici\u00f3n forzada"},"content":{"rendered":"<p><strong>CAJEME, SONORA, MX.<\/strong> <strong>\u0336 \u0336\u00a0 <\/strong>Elementos de la Agencia Ministerial de Investigaci\u00f3n Criminal (AMIC) en coordinaci\u00f3n con la Secretar\u00eda de la Defensa Nacional (DEFENSA) y la Polic\u00eda Estatal de Seguridad P\u00fablica (PESP), ejecut\u00f3 una orden de aprehensi\u00f3n en contra de Jes\u00fas Gilberto \u00abN\u00bb, alias \u201cChuy\u201d, de 25 a\u00f1os, se\u00f1alado como probable responsable del delito de desaparici\u00f3n cometida por particulares en agravio de Jes\u00fas Ram\u00f3n \u00abN\u00bb, de 22 a\u00f1os.<\/p>\n<p>&nbsp;<\/p>\n<p>El operativo tuvo lugar en la calle 5 de Febrero, en el Ejido Mora Villalobos, conocido como Campo 29, municipio de Cajeme, Sonora, en cuyo predio hay un hoyo en el cual se escond\u00eda y donde pretend\u00eda evitar la captura.<\/p>\n<p>&nbsp;<\/p>\n<p>El imputado fue detenido el pasado 5 de abril de 2025, tras los hechos ocurridos el 25 de marzo del a\u00f1o en curso, cuando la v\u00edctima fue sustra\u00edda de su domicilio presuntamente por el ahora imputado y tres masculinos m\u00e1s, quienes portaban armas de fuego.<\/p>\n<p>&nbsp;<\/p>\n<p>La v\u00edctima fue trasladada al ejido Atotonilco, en B\u00e1cum, donde fue torturada mediante descargas el\u00e9ctricas, quemaduras y golpes con la culata de un rifle, mientras era cuestionada sobre supuestas actividades relacionadas con la venta de droga.<\/p>\n<p>&nbsp;<\/p>\n<p>Tras las agresiones, fue dejada en libertad; sin embargo, los hechos constituyen el delito de desaparici\u00f3n cometida por particulares.<\/p>\n<p>&nbsp;<\/p>\n<p>El imputado, quien se ha establecido forma parte del grupo delictivo que opera en la zona, fue puesto a disposici\u00f3n del Juez correspondiente y posteriormente internado en el Centro de Reinserci\u00f3n Social (CERESO) de Ciudad Obreg\u00f3n.<\/p>\n<p>&nbsp;<\/p>\n<p>Este caso refrenda el compromiso de la Fiscal\u00eda General de Justicia del Estado de Sonora (FGJES) con la procuraci\u00f3n de justicia y la lucha contra los grupos delictivos que atentan contra la integridad y libertad de las personas.<\/p>\n<p><strong>Fecha de publicaci\u00f3n mi\u00e9rcoles 9 de abril de 2025 \/<\/strong><\/p>\n","protected":false},"excerpt":{"rendered":"<p>CAJEME, SONORA, MX. \u0336 \u0336\u00a0 Elementos de la Agencia Ministerial de Investigaci\u00f3n Criminal (AMIC) en&#8230;<\/p>\n","protected":false},"author":1,"featured_media":213324,"comment_status":"open","ping_status":"open","sticky":false,"template":"","format":"standard","meta":{"_monsterinsights_skip_tracking":false,"_monsterinsights_sitenote_active":false,"_monsterinsights_sitenote_note":"","_monsterinsights_sitenote_category":0,"footnotes":""},"categories":[3144],"tags":[170,15],"class_list":["post"],"yoast_head":" \n<title>Sonora en Equipo. FGJES ejecuta orden de aprehensi\u00f3n contra integrante de grupo delictivo por desaparici\u00f3n forzada Polic\u00edaca<\/title>\n<meta name=\"description\" content=\"CAJEME, SONORA, MX. \u0336 \u0336\u00a0 Elementos de la Agencia Ministerial de Investigaci\u00f3n Criminal (AMIC) en coordinaci\u00f3n con la Secretar\u00eda de la Defensa Nacional En Sonora en Equipo publicamos toda la informaci\u00f3n de Sonora, M\u00e9xico y el Mundo de manera oportuna y busca que la libertad de expresi\u00f3n sea real. Visita nuestro medio informativo publicado desde Hermosillo, Sonora. %\" \/>\n<meta name=\"robots\" content=\"index, follow, max-snippet:-1, max-image-preview:large, max-video-preview:-1\" \/>\n<link rel=\"canonical\" href=\"https:\/\/www.sonoraenequipo.com.mx\/fgjes-ejecuta-orden-de-aprehension-contra-integrante-de-grupo-delictivo-por-desaparicion-forzada\/\" \/>\n<meta property=\"og:locale\" content=\"es_ES\" \/>\n<meta property=\"og:type\" content=\"article\" \/>\n<meta property=\"og:title\" content=\"Sonora en Equipo. FGJES ejecuta orden de aprehensi\u00f3n contra integrante de grupo delictivo por desaparici\u00f3n forzada Polic\u00edaca\" \/>\n<meta property=\"og:description\" content=\"CAJEME, SONORA, MX. \u0336 \u0336\u00a0 Elementos de la Agencia Ministerial de Investigaci\u00f3n Criminal (AMIC) en coordinaci\u00f3n con la Secretar\u00eda de la Defensa Nacional En Sonora en Equipo publicamos toda la informaci\u00f3n de Sonora, M\u00e9xico y el Mundo de manera oportuna y busca que la libertad de expresi\u00f3n sea real. Visita nuestro medio informativo publicado desde Hermosillo, Sonora. %\" \/>\n<meta property=\"og:url\" content=\"https:\/\/www.sonoraenequipo.com.mx\/fgjes-ejecuta-orden-de-aprehension-contra-integrante-de-grupo-delictivo-por-desaparicion-forzada\/\" \/>\n<meta property=\"og:site_name\" content=\"Sonora en Equipo.\" \/>\n<meta property=\"article:publisher\" content=\"https:\/\/www.facebook.com\/SonoraEE\/\" \/>\n<meta property=\"article:author\" content=\"https:\/\/www.facebook.com\/SonoraEE\" \/>\n<meta property=\"article:published_time\" content=\"2025-04-09T20:45:49+00:00\" \/>\n<meta property=\"og:image\" content=\"https:\/\/www.sonoraenequipo.com.mx\/storage\/2025\/04\/imputado-secuestro.jpg\" \/>\n\t<meta property=\"og:image:width\" content=\"600\" \/>\n\t<meta property=\"og:image:height\" content=\"400\" \/>\n\t<meta property=\"og:image:type\" content=\"image\/jpeg\" \/>\n<meta name=\"author\" content=\"enequipo\" \/>\n<meta name=\"twitter:card\" content=\"summary_large_image\" \/>\n<meta name=\"twitter:creator\" content=\"@sonoraenequipo\" \/>\n<meta name=\"twitter:site\" content=\"@sonoraenequipo\" \/>\n<meta name=\"twitter:label1\" content=\"Escrito por\" \/>\n\t<meta name=\"twitter:data1\" content=\"enequipo\" \/>\n\t<meta name=\"twitter:label2\" content=\"Tiempo de lectura\" \/>\n\t<meta name=\"twitter:data2\" content=\"2 minutos\" \/>\n<script type=\"application\/ld+json\" class=\"yoast-schema-graph\">{\"@context\":\"https:\/\/schema.org\",\"@graph\":[{\"@type\":\"Article\",\"@id\":\"https:\/\/www.sonoraenequipo.com.mx\/fgjes-ejecuta-orden-de-aprehension-contra-integrante-de-grupo-delictivo-por-desaparicion-forzada\/#article\",\"isPartOf\":{\"@id\":\"https:\/\/www.sonoraenequipo.com.mx\/fgjes-ejecuta-orden-de-aprehension-contra-integrante-de-grupo-delictivo-por-desaparicion-forzada\/\"},\"author\":{\"name\":\"enequipo\",\"@id\":\"https:\/\/www.sonoraenequipo.com.mx\/#\/schema\/person\/50102df0fb23a8fa9e8effad8fa81386\"},\"headline\":\"FGJES ejecuta orden de aprehensi\u00f3n contra integrante de grupo delictivo por desaparici\u00f3n forzada\",\"datePublished\":\"2025-04-09T20:45:49+00:00\",\"mainEntityOfPage\":{\"@id\":\"https:\/\/www.sonoraenequipo.com.mx\/fgjes-ejecuta-orden-de-aprehension-contra-integrante-de-grupo-delictivo-por-desaparicion-forzada\/\"},\"wordCount\":331,\"commentCount\":0,\"publisher\":{\"@id\":\"https:\/\/www.sonoraenequipo.com.mx\/#organization\"},\"image\":{\"@id\":\"https:\/\/www.sonoraenequipo.com.mx\/fgjes-ejecuta-orden-de-aprehension-contra-integrante-de-grupo-delictivo-por-desaparicion-forzada\/#primaryimage\"},\"thumbnailUrl\":\"https:\/\/www.sonoraenequipo.com.mx\/storage\/2025\/04\/imputado-secuestro.jpg\",\"keywords\":[\"Seguridad\",\"Sonora\"],\"articleSection\":[\"Polic\u00edaca\"],\"inLanguage\":\"es\",\"potentialAction\":[{\"@type\":\"CommentAction\",\"name\":\"Comment\",\"target\":[\"https:\/\/www.sonoraenequipo.com.mx\/fgjes-ejecuta-orden-de-aprehension-contra-integrante-de-grupo-delictivo-por-desaparicion-forzada\/#respond\"]}]},{\"@type\":\"WebPage\",\"@id\":\"https:\/\/www.sonoraenequipo.com.mx\/fgjes-ejecuta-orden-de-aprehension-contra-integrante-de-grupo-delictivo-por-desaparicion-forzada\/\",\"url\":\"https:\/\/www.sonoraenequipo.com.mx\/fgjes-ejecuta-orden-de-aprehension-contra-integrante-de-grupo-delictivo-por-desaparicion-forzada\/\",\"name\":\"Sonora en Equipo. FGJES ejecuta orden de aprehensi\u00f3n contra integrante de grupo delictivo por desaparici\u00f3n forzada Polic\u00edaca\",\"isPartOf\":{\"@id\":\"https:\/\/www.sonoraenequipo.com.mx\/#website\"},\"primaryImageOfPage\":{\"@id\":\"https:\/\/www.sonoraenequipo.com.mx\/fgjes-ejecuta-orden-de-aprehension-contra-integrante-de-grupo-delictivo-por-desaparicion-forzada\/#primaryimage\"},\"image\":{\"@id\":\"https:\/\/www.sonoraenequipo.com.mx\/fgjes-ejecuta-orden-de-aprehension-contra-integrante-de-grupo-delictivo-por-desaparicion-forzada\/#primaryimage\"},\"thumbnailUrl\":\"https:\/\/www.sonoraenequipo.com.mx\/storage\/2025\/04\/imputado-secuestro.jpg\",\"datePublished\":\"2025-04-09T20:45:49+00:00\",\"description\":\"CAJEME, SONORA, MX. \u0336 \u0336\u00a0 Elementos de la Agencia Ministerial de Investigaci\u00f3n Criminal (AMIC) en coordinaci\u00f3n con la Secretar\u00eda de la Defensa Nacional En Sonora en Equipo publicamos toda la informaci\u00f3n de Sonora, M\u00e9xico y el Mundo de manera oportuna y busca que la libertad de expresi\u00f3n sea real. Visita nuestro medio informativo publicado desde Hermosillo, Sonora. %\",\"breadcrumb\":{\"@id\":\"https:\/\/www.sonoraenequipo.com.mx\/fgjes-ejecuta-orden-de-aprehension-contra-integrante-de-grupo-delictivo-por-desaparicion-forzada\/#breadcrumb\"},\"inLanguage\":\"es\",\"potentialAction\":[{\"@type\":\"ReadAction\",\"target\":[\"https:\/\/www.sonoraenequipo.com.mx\/fgjes-ejecuta-orden-de-aprehension-contra-integrante-de-grupo-delictivo-por-desaparicion-forzada\/\"]}]},{\"@type\":\"ImageObject\",\"inLanguage\":\"es\",\"@id\":\"https:\/\/www.sonoraenequipo.com.mx\/fgjes-ejecuta-orden-de-aprehension-contra-integrante-de-grupo-delictivo-por-desaparicion-forzada\/#primaryimage\",\"url\":\"https:\/\/www.sonoraenequipo.com.mx\/storage\/2025\/04\/imputado-secuestro.jpg\",\"contentUrl\":\"https:\/\/www.sonoraenequipo.com.mx\/storage\/2025\/04\/imputado-secuestro.jpg\",\"width\":600,\"height\":400},{\"@type\":\"BreadcrumbList\",\"@id\":\"https:\/\/www.sonoraenequipo.com.mx\/fgjes-ejecuta-orden-de-aprehension-contra-integrante-de-grupo-delictivo-por-desaparicion-forzada\/#breadcrumb\",\"itemListElement\":[{\"@type\":\"ListItem\",\"position\":1,\"name\":\"Portada\",\"item\":\"https:\/\/www.sonoraenequipo.com.mx\/\"},{\"@type\":\"ListItem\",\"position\":2,\"name\":\"FGJES ejecuta orden de aprehensi\u00f3n contra integrante de grupo delictivo por desaparici\u00f3n forzada\"}]},{\"@type\":\"WebSite\",\"@id\":\"https:\/\/www.sonoraenequipo.com.mx\/#website\",\"url\":\"https:\/\/www.sonoraenequipo.com.mx\/\",\"name\":\"Sonora en Equipo.\",\"description\":\"Diario en l\u00ednea con Noticias desde Hermosillo, Sonora\",\"publisher\":{\"@id\":\"https:\/\/www.sonoraenequipo.com.mx\/#organization\"},\"potentialAction\":[{\"@type\":\"SearchAction\",\"target\":{\"@type\":\"EntryPoint\",\"urlTemplate\":\"https:\/\/www.sonoraenequipo.com.mx\/?s={search_term_string}\"},\"query-input\":{\"@type\":\"PropertyValueSpecification\",\"valueRequired\":true,\"valueName\":\"search_term_string\"}}],\"inLanguage\":\"es\"},{\"@type\":\"Organization\",\"@id\":\"https:\/\/www.sonoraenequipo.com.mx\/#organization\",\"name\":\"Sonoraenequipo.com.mx\",\"url\":\"https:\/\/www.sonoraenequipo.com.mx\/\",\"logo\":{\"@type\":\"ImageObject\",\"inLanguage\":\"es\",\"@id\":\"https:\/\/www.sonoraenequipo.com.mx\/#\/schema\/logo\/image\/\",\"url\":\"https:\/\/www.sonoraenequipo.com.mx\/storage\/2019\/01\/sonoraenequipo_opt.png\",\"contentUrl\":\"https:\/\/www.sonoraenequipo.com.mx\/storage\/2019\/01\/sonoraenequipo_opt.png\",\"width\":375,\"height\":125,\"caption\":\"Sonoraenequipo.com.mx\"},\"image\":{\"@id\":\"https:\/\/www.sonoraenequipo.com.mx\/#\/schema\/logo\/image\/\"},\"sameAs\":[\"https:\/\/www.facebook.com\/SonoraEE\/\",\"https:\/\/x.com\/sonoraenequipo\",\"https:\/\/www.youtube.com\/channel\/UC338nW-lPEYmJQs4ZABQ1SQ\"]},{\"@type\":\"Person\",\"@id\":\"https:\/\/www.sonoraenequipo.com.mx\/#\/schema\/person\/50102df0fb23a8fa9e8effad8fa81386\",\"name\":\"enequipo\",\"image\":{\"@type\":\"ImageObject\",\"inLanguage\":\"es\",\"@id\":\"https:\/\/www.sonoraenequipo.com.mx\/#\/schema\/person\/image\/\",\"url\":\"https:\/\/secure.gravatar.com\/avatar\/049821681b589dabc0bc20695993ccebb09f5b5d4d790cd9251b97faac7c652b?s=96&d=blank&r=g\",\"contentUrl\":\"https:\/\/secure.gravatar.com\/avatar\/049821681b589dabc0bc20695993ccebb09f5b5d4d790cd9251b97faac7c652b?s=96&d=blank&r=g\",\"caption\":\"enequipo\"},\"sameAs\":[\"https:\/\/www.facebook.com\/SonoraEE\"]}]}<\/script>\n ","yoast_head_json":{"title":"Sonora en Equipo. FGJES ejecuta orden de aprehensi\u00f3n contra integrante de grupo delictivo por desaparici\u00f3n forzada Polic\u00edaca","description":"CAJEME, SONORA, MX. \u0336 \u0336\u00a0 Elementos de la Agencia Ministerial de Investigaci\u00f3n Criminal (AMIC) en coordinaci\u00f3n con la Secretar\u00eda de la Defensa Nacional En Sonora en Equipo publicamos toda la informaci\u00f3n de Sonora, M\u00e9xico y el Mundo de manera oportuna y busca que la libertad de expresi\u00f3n sea real. Visita nuestro medio informativo publicado desde Hermosillo, Sonora. %","robots":{"index":"index","follow":"follow","max-snippet":"max-snippet:-1","max-image-preview":"max-image-preview:large","max-video-preview":"max-video-preview:-1"},"canonical":"https:\/\/www.sonoraenequipo.com.mx\/fgjes-ejecuta-orden-de-aprehension-contra-integrante-de-grupo-delictivo-por-desaparicion-forzada\/","og_locale":"es_ES","og_type":"article","og_title":"Sonora en Equipo. FGJES ejecuta orden de aprehensi\u00f3n contra integrante de grupo delictivo por desaparici\u00f3n forzada Polic\u00edaca","og_description":"CAJEME, SONORA, MX. \u0336 \u0336\u00a0 Elementos de la Agencia Ministerial de Investigaci\u00f3n Criminal (AMIC) en coordinaci\u00f3n con la Secretar\u00eda de la Defensa Nacional En Sonora en Equipo publicamos toda la informaci\u00f3n de Sonora, M\u00e9xico y el Mundo de manera oportuna y busca que la libertad de expresi\u00f3n sea real. Visita nuestro medio informativo publicado desde Hermosillo, Sonora. %","og_url":"https:\/\/www.sonoraenequipo.com.mx\/fgjes-ejecuta-orden-de-aprehension-contra-integrante-de-grupo-delictivo-por-desaparicion-forzada\/","og_site_name":"Sonora en Equipo.","article_publisher":"https:\/\/www.facebook.com\/SonoraEE\/","article_author":"https:\/\/www.facebook.com\/SonoraEE","article_published_time":"2025-04-09T20:45:49+00:00","og_image":[{"width":600,"height":400,"url":"https:\/\/www.sonoraenequipo.com.mx\/storage\/2025\/04\/imputado-secuestro.jpg","type":"image\/jpeg"}],"author":"enequipo","twitter_card":"summary_large_image","twitter_creator":"@sonoraenequipo","twitter_site":"@sonoraenequipo","twitter_misc":{"Escrito por":"enequipo","Tiempo de lectura":"2 minutos"},"schema":{"@context":"https:\/\/schema.org","@graph":[{"@type":"Article","@id":"https:\/\/www.sonoraenequipo.com.mx\/fgjes-ejecuta-orden-de-aprehension-contra-integrante-de-grupo-delictivo-por-desaparicion-forzada\/#article","isPartOf":{"@id":"https:\/\/www.sonoraenequipo.com.mx\/fgjes-ejecuta-orden-de-aprehension-contra-integrante-de-grupo-delictivo-por-desaparicion-forzada\/"},"author":{"name":"enequipo","@id":"https:\/\/www.sonoraenequipo.com.mx\/#\/schema\/person\/50102df0fb23a8fa9e8effad8fa81386"},"headline":"FGJES ejecuta orden de aprehensi\u00f3n contra integrante de grupo delictivo por desaparici\u00f3n forzada","datePublished":"2025-04-09T20:45:49+00:00","mainEntityOfPage":{"@id":"https:\/\/www.sonoraenequipo.com.mx\/fgjes-ejecuta-orden-de-aprehension-contra-integrante-de-grupo-delictivo-por-desaparicion-forzada\/"},"wordCount":331,"commentCount":0,"publisher":{"@id":"https:\/\/www.sonoraenequipo.com.mx\/#organization"},"image":{"@id":"https:\/\/www.sonoraenequipo.com.mx\/fgjes-ejecuta-orden-de-aprehension-contra-integrante-de-grupo-delictivo-por-desaparicion-forzada\/#primaryimage"},"thumbnailUrl":"https:\/\/www.sonoraenequipo.com.mx\/storage\/2025\/04\/imputado-secuestro.jpg","keywords":["Seguridad","Sonora"],"articleSection":["Polic\u00edaca"],"inLanguage":"es","potentialAction":[{"@type":"CommentAction","name":"Comment","target":["https:\/\/www.sonoraenequipo.com.mx\/fgjes-ejecuta-orden-de-aprehension-contra-integrante-de-grupo-delictivo-por-desaparicion-forzada\/#respond"]}]},{"@type":"WebPage","@id":"https:\/\/www.sonoraenequipo.com.mx\/fgjes-ejecuta-orden-de-aprehension-contra-integrante-de-grupo-delictivo-por-desaparicion-forzada\/","url":"https:\/\/www.sonoraenequipo.com.mx\/fgjes-ejecuta-orden-de-aprehension-contra-integrante-de-grupo-delictivo-por-desaparicion-forzada\/","name":"Sonora en Equipo. FGJES ejecuta orden de aprehensi\u00f3n contra integrante de grupo delictivo por desaparici\u00f3n forzada Polic\u00edaca","isPartOf":{"@id":"https:\/\/www.sonoraenequipo.com.mx\/#website"},"primaryImageOfPage":{"@id":"https:\/\/www.sonoraenequipo.com.mx\/fgjes-ejecuta-orden-de-aprehension-contra-integrante-de-grupo-delictivo-por-desaparicion-forzada\/#primaryimage"},"image":{"@id":"https:\/\/www.sonoraenequipo.com.mx\/fgjes-ejecuta-orden-de-aprehension-contra-integrante-de-grupo-delictivo-por-desaparicion-forzada\/#primaryimage"},"thumbnailUrl":"https:\/\/www.sonoraenequipo.com.mx\/storage\/2025\/04\/imputado-secuestro.jpg","datePublished":"2025-04-09T20:45:49+00:00","description":"CAJEME, SONORA, MX. \u0336 \u0336\u00a0 Elementos de la Agencia Ministerial de Investigaci\u00f3n Criminal (AMIC) en coordinaci\u00f3n con la Secretar\u00eda de la Defensa Nacional En Sonora en Equipo publicamos toda la informaci\u00f3n de Sonora, M\u00e9xico y el Mundo de manera oportuna y busca que la libertad de expresi\u00f3n sea real. Visita nuestro medio informativo publicado desde Hermosillo, Sonora. %","breadcrumb":{"@id":"https:\/\/www.sonoraenequipo.com.mx\/fgjes-ejecuta-orden-de-aprehension-contra-integrante-de-grupo-delictivo-por-desaparicion-forzada\/#breadcrumb"},"inLanguage":"es","potentialAction":[{"@type":"ReadAction","target":["https:\/\/www.sonoraenequipo.com.mx\/fgjes-ejecuta-orden-de-aprehension-contra-integrante-de-grupo-delictivo-por-desaparicion-forzada\/"]}]},{"@type":"ImageObject","inLanguage":"es","@id":"https:\/\/www.sonoraenequipo.com.mx\/fgjes-ejecuta-orden-de-aprehension-contra-integrante-de-grupo-delictivo-por-desaparicion-forzada\/#primaryimage","url":"https:\/\/www.sonoraenequipo.com.mx\/storage\/2025\/04\/imputado-secuestro.jpg","contentUrl":"https:\/\/www.sonoraenequipo.com.mx\/storage\/2025\/04\/imputado-secuestro.jpg","width":600,"height":400},{"@type":"BreadcrumbList","@id":"https:\/\/www.sonoraenequipo.com.mx\/fgjes-ejecuta-orden-de-aprehension-contra-integrante-de-grupo-delictivo-por-desaparicion-forzada\/#breadcrumb","itemListElement":[{"@type":"ListItem","position":1,"name":"Portada","item":"https:\/\/www.sonoraenequipo.com.mx\/"},{"@type":"ListItem","position":2,"name":"FGJES ejecuta orden de aprehensi\u00f3n contra integrante de grupo delictivo por desaparici\u00f3n forzada"}]},{"@type":"WebSite","@id":"https:\/\/www.sonoraenequipo.com.mx\/#website","url":"https:\/\/www.sonoraenequipo.com.mx\/","name":"Sonora en Equipo.","description":"Diario en l\u00ednea con Noticias desde Hermosillo, Sonora","publisher":{"@id":"https:\/\/www.sonoraenequipo.com.mx\/#organization"},"potentialAction":[{"@type":"SearchAction","target":{"@type":"EntryPoint","urlTemplate":"https:\/\/www.sonoraenequipo.com.mx\/?s={search_term_string}"},"query-input":{"@type":"PropertyValueSpecification","valueRequired":true,"valueName":"search_term_string"}}],"inLanguage":"es"},{"@type":"Organization","@id":"https:\/\/www.sonoraenequipo.com.mx\/#organization","name":"Sonoraenequipo.com.mx","url":"https:\/\/www.sonoraenequipo.com.mx\/","logo":{"@type":"ImageObject","inLanguage":"es","@id":"https:\/\/www.sonoraenequipo.com.mx\/#\/schema\/logo\/image\/","url":"https:\/\/www.sonoraenequipo.com.mx\/storage\/2019\/01\/sonoraenequipo_opt.png","contentUrl":"https:\/\/www.sonoraenequipo.com.mx\/storage\/2019\/01\/sonoraenequipo_opt.png","width":375,"height":125,"caption":"Sonoraenequipo.com.mx"},"image":{"@id":"https:\/\/www.sonoraenequipo.com.mx\/#\/schema\/logo\/image\/"},"sameAs":["https:\/\/www.facebook.com\/SonoraEE\/","https:\/\/x.com\/sonoraenequipo","https:\/\/www.youtube.com\/channel\/UC338nW-lPEYmJQs4ZABQ1SQ"]},{"@type":"Person","@id":"https:\/\/www.sonoraenequipo.com.mx\/#\/schema\/person\/50102df0fb23a8fa9e8effad8fa81386","name":"enequipo","image":{"@type":"ImageObject","inLanguage":"es","@id":"https:\/\/www.sonoraenequipo.com.mx\/#\/schema\/person\/image\/","url":"https:\/\/secure.gravatar.com\/avatar\/049821681b589dabc0bc20695993ccebb09f5b5d4d790cd9251b97faac7c652b?s=96&d=blank&r=g","contentUrl":"https:\/\/secure.gravatar.com\/avatar\/049821681b589dabc0bc20695993ccebb09f5b5d4d790cd9251b97faac7c652b?s=96&d=blank&r=g","caption":"enequipo"},"sameAs":["https:\/\/www.facebook.com\/SonoraEE"]}]}},"jetpack_featured_media_url":"https:\/\/www.sonoraenequipo.com.mx\/storage\/2025\/04\/imputado-secuestro.jpg","_links":{"self":[{"href":"https:\/\/www.sonoraenequipo.com.mx\/api\/wp\/v2\/posts\/213323","targetHints":{"allow":["GET"]}}],"collection":[{"href":"https:\/\/www.sonoraenequipo.com.mx\/api\/wp\/v2\/posts"}],"about":[{"href":"https:\/\/www.sonoraenequipo.com.mx\/api\/wp\/v2\/types\/post"}],"author":[{"embeddable":true,"href":"https:\/\/www.sonoraenequipo.com.mx\/api\/wp\/v2\/users\/1"}],"replies":[{"embeddable":true,"href":"https:\/\/www.sonoraenequipo.com.mx\/api\/wp\/v2\/comments?post=213323"}],"version-history":[{"count":1,"href":"https:\/\/www.sonoraenequipo.com.mx\/api\/wp\/v2\/posts\/213323\/revisions"}],"predecessor-version":[{"id":213325,"href":"https:\/\/www.sonoraenequipo.com.mx\/api\/wp\/v2\/posts\/213323\/revisions\/213325"}],"wp:featuredmedia":[{"embeddable":true,"href":"https:\/\/www.sonoraenequipo.com.mx\/api\/wp\/v2\/media\/213324"}],"wp:attachment":[{"href":"https:\/\/www.sonoraenequipo.com.mx\/api\/wp\/v2\/media?parent=213323"}],"wp:term":[{"taxonomy":"category","embeddable":true,"href":"https:\/\/www.sonoraenequipo.com.mx\/api\/wp\/v2\/categories?post=213323"},{"taxonomy":"post_tag","embeddable":true,"href":"https:\/\/www.sonoraenequipo.com.mx\/api\/wp\/v2\/tags?post=213323"}],"curies":[{"name":"wp","href":"https:\/\/api.w.org\/{rel}","templated":true}]}}