{"id":213329,"date":"2025-04-09T15:02:18","date_gmt":"2025-04-09T22:02:18","guid":{"rendered":"https:\/\/www.sonoraenequipo.com.mx\/?p=213329"},"modified":"2025-04-09T15:03:55","modified_gmt":"2025-04-09T22:03:55","slug":"instala-congreso-del-estado-comision-especial-del-rio-sonora-para-atender-demandas-regionales","status":"publish","type":"post","link":"https:\/\/www.sonoraenequipo.com.mx\/instala-congreso-del-estado-comision-especial-del-rio-sonora-para-atender-demandas-regionales\/","title":{"rendered":"Instala Congreso Comisi\u00f3n Especial del R\u00edo Sonora para atender demandas regionales"},"content":{"rendered":"<p>&nbsp;<\/p>\n<p>&nbsp;<\/p>\n<p><strong>HERMOSILLO, SONORA, MX.<\/strong> \u2014 Con el prop\u00f3sito de atender las necesidades y fortalecer el desarrollo de los municipios que conforman la regi\u00f3n del r\u00edo Sonora, diputadas y diputados del Congreso del Estado llevaron a cabo la instalaci\u00f3n formal de la Comisi\u00f3n Especial del R\u00edo Sonora.<\/p>\n<p>&nbsp;<\/p>\n<p>&nbsp;<\/p>\n<p>&nbsp;<\/p>\n<p>El presidente de la comisi\u00f3n, diputado Ferm\u00edn Trujillo Fuentes (NAS), acompa\u00f1ado por Adolfo Salazar Razo, secretario de Gobierno, as\u00ed como por autoridades federales, estatales y representantes de los municipios que integran la cuenca del r\u00edo Sonora, destac\u00f3 la importancia de colaborar de manera conjunta para dar respuesta a las demandas hist\u00f3ricas de las y los habitantes de esta zona.<\/p>\n<p>&nbsp;<\/p>\n<p>&nbsp;<\/p>\n<p>&nbsp;<\/p>\n<p>Durante su intervenci\u00f3n, el diputado Trujillo Fuentes expres\u00f3 que la creaci\u00f3n de esta comisi\u00f3n representa un paso fundamental hacia una gesti\u00f3n m\u00e1s eficiente y unificada, que permita abordar de forma integral los retos y desaf\u00edos que enfrentan las comunidades de la regi\u00f3n.<\/p>\n<p>&nbsp;<\/p>\n<p>&nbsp;<\/p>\n<p>&nbsp;<\/p>\n<p>Las y los legisladores, junto con los invitados especiales, coincidieron en la necesidad de mantener un trabajo colaborativo entre los diferentes niveles de gobierno, as\u00ed como con los diversos sectores de la sociedad.<\/p>\n<p>&nbsp;<\/p>\n<p>&nbsp;<\/p>\n<p>&nbsp;<\/p>\n<p>Se\u00f1alaron la importancia de mantener un enfoque participativo que permita conocer las necesidades de la poblaci\u00f3n y facilitar la implementaci\u00f3n de pol\u00edticas p\u00fablicas que impacten positivamente en su calidad de vida.<\/p>\n<p>&nbsp;<\/p>\n<p>&nbsp;<\/p>\n<p>&nbsp;<\/p>\n<p>Asimismo, resaltaron la importancia de aprovechar las fortalezas regionales, como el potencial productivo de la zona y sus recursos naturales, para generar un modelo de desarrollo sostenible que asegure un mejor futuro a las pr\u00f3ximas generaciones.<\/p>\n<p>&nbsp;<\/p>\n<p>&nbsp;<\/p>\n<p>&nbsp;<\/p>\n<p>Presentes: las diputadas Amairany Pe\u00f1a Escalante (PES), Ernestina Castro Valenzuela (Morena), Azalia Guevara Espinoza (PVEM), Iris S\u00e1nchez Chiu (PRI), y los diputados H\u00e9ctor Castelo Monta\u00f1o (Morena) y Omar del Valle Colosio (PVEM).<\/p>\n<p><strong>Fecha de publicaci\u00f3n mi\u00e9rcoles 9 de abril de 2025 \/<\/strong><\/p>\n","protected":false},"excerpt":{"rendered":"<p>&nbsp; &nbsp; HERMOSILLO, SONORA, MX. \u2014 Con el prop\u00f3sito de atender las necesidades y fortalecer&#8230;<\/p>\n","protected":false},"author":1,"featured_media":213331,"comment_status":"open","ping_status":"open","sticky":false,"template":"","format":"standard","meta":{"_monsterinsights_skip_tracking":false,"_monsterinsights_sitenote_active":false,"_monsterinsights_sitenote_note":"","_monsterinsights_sitenote_category":0,"footnotes":""},"categories":[3281],"tags":[3608,1248,7031],"class_list":["post"],"yoast_head":" \n<title>Sonora en Equipo. Instala Congreso Comisi\u00f3n Especial del R\u00edo Sonora para atender demandas regionales Congreso<\/title>\n<meta name=\"description\" content=\"&nbsp; &nbsp; HERMOSILLO, SONORA, MX. \u2014 Con el prop\u00f3sito de atender las necesidades y fortalecer el desarrollo de los municipios que conforman la regi\u00f3n En Sonora en Equipo publicamos toda la informaci\u00f3n de Sonora, M\u00e9xico y el Mundo de manera oportuna y busca que la libertad de expresi\u00f3n sea real. Visita nuestro medio informativo publicado desde Hermosillo, Sonora. %\" \/>\n<meta name=\"robots\" content=\"index, follow, max-snippet:-1, max-image-preview:large, max-video-preview:-1\" \/>\n<link rel=\"canonical\" href=\"https:\/\/www.sonoraenequipo.com.mx\/instala-congreso-del-estado-comision-especial-del-rio-sonora-para-atender-demandas-regionales\/\" \/>\n<meta property=\"og:locale\" content=\"es_ES\" \/>\n<meta property=\"og:type\" content=\"article\" \/>\n<meta property=\"og:title\" content=\"Sonora en Equipo. Instala Congreso Comisi\u00f3n Especial del R\u00edo Sonora para atender demandas regionales Congreso\" \/>\n<meta property=\"og:description\" content=\"&nbsp; &nbsp; HERMOSILLO, SONORA, MX. \u2014 Con el prop\u00f3sito de atender las necesidades y fortalecer el desarrollo de los municipios que conforman la regi\u00f3n En Sonora en Equipo publicamos toda la informaci\u00f3n de Sonora, M\u00e9xico y el Mundo de manera oportuna y busca que la libertad de expresi\u00f3n sea real. Visita nuestro medio informativo publicado desde Hermosillo, Sonora. %\" \/>\n<meta property=\"og:url\" content=\"https:\/\/www.sonoraenequipo.com.mx\/instala-congreso-del-estado-comision-especial-del-rio-sonora-para-atender-demandas-regionales\/\" \/>\n<meta property=\"og:site_name\" content=\"Sonora en Equipo.\" \/>\n<meta property=\"article:publisher\" content=\"https:\/\/www.facebook.com\/SonoraEE\/\" \/>\n<meta property=\"article:author\" content=\"https:\/\/www.facebook.com\/SonoraEE\" \/>\n<meta property=\"article:published_time\" content=\"2025-04-09T22:02:18+00:00\" \/>\n<meta property=\"article:modified_time\" content=\"2025-04-09T22:03:55+00:00\" \/>\n<meta property=\"og:image\" content=\"https:\/\/www.sonoraenequipo.com.mx\/storage\/2025\/04\/comision-rio-sonora.jpg\" \/>\n\t<meta property=\"og:image:width\" content=\"600\" \/>\n\t<meta property=\"og:image:height\" content=\"337\" \/>\n\t<meta property=\"og:image:type\" content=\"image\/jpeg\" \/>\n<meta name=\"author\" content=\"enequipo\" \/>\n<meta name=\"twitter:card\" content=\"summary_large_image\" \/>\n<meta name=\"twitter:creator\" content=\"@sonoraenequipo\" \/>\n<meta name=\"twitter:site\" content=\"@sonoraenequipo\" \/>\n<meta name=\"twitter:label1\" content=\"Escrito por\" \/>\n\t<meta name=\"twitter:data1\" content=\"enequipo\" \/>\n\t<meta name=\"twitter:label2\" content=\"Tiempo de lectura\" \/>\n\t<meta name=\"twitter:data2\" content=\"2 minutos\" \/>\n<script type=\"application\/ld+json\" class=\"yoast-schema-graph\">{\"@context\":\"https:\/\/schema.org\",\"@graph\":[{\"@type\":\"Article\",\"@id\":\"https:\/\/www.sonoraenequipo.com.mx\/instala-congreso-del-estado-comision-especial-del-rio-sonora-para-atender-demandas-regionales\/#article\",\"isPartOf\":{\"@id\":\"https:\/\/www.sonoraenequipo.com.mx\/instala-congreso-del-estado-comision-especial-del-rio-sonora-para-atender-demandas-regionales\/\"},\"author\":{\"name\":\"enequipo\",\"@id\":\"https:\/\/www.sonoraenequipo.com.mx\/#\/schema\/person\/50102df0fb23a8fa9e8effad8fa81386\"},\"headline\":\"Instala Congreso Comisi\u00f3n Especial del R\u00edo Sonora para atender demandas regionales\",\"datePublished\":\"2025-04-09T22:02:18+00:00\",\"dateModified\":\"2025-04-09T22:03:55+00:00\",\"mainEntityOfPage\":{\"@id\":\"https:\/\/www.sonoraenequipo.com.mx\/instala-congreso-del-estado-comision-especial-del-rio-sonora-para-atender-demandas-regionales\/\"},\"wordCount\":347,\"commentCount\":0,\"publisher\":{\"@id\":\"https:\/\/www.sonoraenequipo.com.mx\/#organization\"},\"image\":{\"@id\":\"https:\/\/www.sonoraenequipo.com.mx\/instala-congreso-del-estado-comision-especial-del-rio-sonora-para-atender-demandas-regionales\/#primaryimage\"},\"thumbnailUrl\":\"https:\/\/www.sonoraenequipo.com.mx\/storage\/2025\/04\/comision-rio-sonora.jpg\",\"keywords\":[\"comision\",\"CONGRESO\",\"riosonora\"],\"articleSection\":[\"Congreso\"],\"inLanguage\":\"es\",\"potentialAction\":[{\"@type\":\"CommentAction\",\"name\":\"Comment\",\"target\":[\"https:\/\/www.sonoraenequipo.com.mx\/instala-congreso-del-estado-comision-especial-del-rio-sonora-para-atender-demandas-regionales\/#respond\"]}]},{\"@type\":\"WebPage\",\"@id\":\"https:\/\/www.sonoraenequipo.com.mx\/instala-congreso-del-estado-comision-especial-del-rio-sonora-para-atender-demandas-regionales\/\",\"url\":\"https:\/\/www.sonoraenequipo.com.mx\/instala-congreso-del-estado-comision-especial-del-rio-sonora-para-atender-demandas-regionales\/\",\"name\":\"Sonora en Equipo. Instala Congreso Comisi\u00f3n Especial del R\u00edo Sonora para atender demandas regionales Congreso\",\"isPartOf\":{\"@id\":\"https:\/\/www.sonoraenequipo.com.mx\/#website\"},\"primaryImageOfPage\":{\"@id\":\"https:\/\/www.sonoraenequipo.com.mx\/instala-congreso-del-estado-comision-especial-del-rio-sonora-para-atender-demandas-regionales\/#primaryimage\"},\"image\":{\"@id\":\"https:\/\/www.sonoraenequipo.com.mx\/instala-congreso-del-estado-comision-especial-del-rio-sonora-para-atender-demandas-regionales\/#primaryimage\"},\"thumbnailUrl\":\"https:\/\/www.sonoraenequipo.com.mx\/storage\/2025\/04\/comision-rio-sonora.jpg\",\"datePublished\":\"2025-04-09T22:02:18+00:00\",\"dateModified\":\"2025-04-09T22:03:55+00:00\",\"description\":\"&nbsp; &nbsp; HERMOSILLO, SONORA, MX. \u2014 Con el prop\u00f3sito de atender las necesidades y fortalecer el desarrollo de los municipios que conforman la regi\u00f3n En Sonora en Equipo publicamos toda la informaci\u00f3n de Sonora, M\u00e9xico y el Mundo de manera oportuna y busca que la libertad de expresi\u00f3n sea real. Visita nuestro medio informativo publicado desde Hermosillo, Sonora. %\",\"breadcrumb\":{\"@id\":\"https:\/\/www.sonoraenequipo.com.mx\/instala-congreso-del-estado-comision-especial-del-rio-sonora-para-atender-demandas-regionales\/#breadcrumb\"},\"inLanguage\":\"es\",\"potentialAction\":[{\"@type\":\"ReadAction\",\"target\":[\"https:\/\/www.sonoraenequipo.com.mx\/instala-congreso-del-estado-comision-especial-del-rio-sonora-para-atender-demandas-regionales\/\"]}]},{\"@type\":\"ImageObject\",\"inLanguage\":\"es\",\"@id\":\"https:\/\/www.sonoraenequipo.com.mx\/instala-congreso-del-estado-comision-especial-del-rio-sonora-para-atender-demandas-regionales\/#primaryimage\",\"url\":\"https:\/\/www.sonoraenequipo.com.mx\/storage\/2025\/04\/comision-rio-sonora.jpg\",\"contentUrl\":\"https:\/\/www.sonoraenequipo.com.mx\/storage\/2025\/04\/comision-rio-sonora.jpg\",\"width\":600,\"height\":337},{\"@type\":\"BreadcrumbList\",\"@id\":\"https:\/\/www.sonoraenequipo.com.mx\/instala-congreso-del-estado-comision-especial-del-rio-sonora-para-atender-demandas-regionales\/#breadcrumb\",\"itemListElement\":[{\"@type\":\"ListItem\",\"position\":1,\"name\":\"Portada\",\"item\":\"https:\/\/www.sonoraenequipo.com.mx\/\"},{\"@type\":\"ListItem\",\"position\":2,\"name\":\"Instala Congreso Comisi\u00f3n Especial del R\u00edo Sonora para atender demandas regionales\"}]},{\"@type\":\"WebSite\",\"@id\":\"https:\/\/www.sonoraenequipo.com.mx\/#website\",\"url\":\"https:\/\/www.sonoraenequipo.com.mx\/\",\"name\":\"Sonora en Equipo.\",\"description\":\"Diario en l\u00ednea con Noticias desde Hermosillo, Sonora\",\"publisher\":{\"@id\":\"https:\/\/www.sonoraenequipo.com.mx\/#organization\"},\"potentialAction\":[{\"@type\":\"SearchAction\",\"target\":{\"@type\":\"EntryPoint\",\"urlTemplate\":\"https:\/\/www.sonoraenequipo.com.mx\/?s={search_term_string}\"},\"query-input\":{\"@type\":\"PropertyValueSpecification\",\"valueRequired\":true,\"valueName\":\"search_term_string\"}}],\"inLanguage\":\"es\"},{\"@type\":\"Organization\",\"@id\":\"https:\/\/www.sonoraenequipo.com.mx\/#organization\",\"name\":\"Sonoraenequipo.com.mx\",\"url\":\"https:\/\/www.sonoraenequipo.com.mx\/\",\"logo\":{\"@type\":\"ImageObject\",\"inLanguage\":\"es\",\"@id\":\"https:\/\/www.sonoraenequipo.com.mx\/#\/schema\/logo\/image\/\",\"url\":\"https:\/\/www.sonoraenequipo.com.mx\/storage\/2019\/01\/sonoraenequipo_opt.png\",\"contentUrl\":\"https:\/\/www.sonoraenequipo.com.mx\/storage\/2019\/01\/sonoraenequipo_opt.png\",\"width\":375,\"height\":125,\"caption\":\"Sonoraenequipo.com.mx\"},\"image\":{\"@id\":\"https:\/\/www.sonoraenequipo.com.mx\/#\/schema\/logo\/image\/\"},\"sameAs\":[\"https:\/\/www.facebook.com\/SonoraEE\/\",\"https:\/\/x.com\/sonoraenequipo\",\"https:\/\/www.youtube.com\/channel\/UC338nW-lPEYmJQs4ZABQ1SQ\"]},{\"@type\":\"Person\",\"@id\":\"https:\/\/www.sonoraenequipo.com.mx\/#\/schema\/person\/50102df0fb23a8fa9e8effad8fa81386\",\"name\":\"enequipo\",\"image\":{\"@type\":\"ImageObject\",\"inLanguage\":\"es\",\"@id\":\"https:\/\/www.sonoraenequipo.com.mx\/#\/schema\/person\/image\/\",\"url\":\"https:\/\/secure.gravatar.com\/avatar\/049821681b589dabc0bc20695993ccebb09f5b5d4d790cd9251b97faac7c652b?s=96&d=blank&r=g\",\"contentUrl\":\"https:\/\/secure.gravatar.com\/avatar\/049821681b589dabc0bc20695993ccebb09f5b5d4d790cd9251b97faac7c652b?s=96&d=blank&r=g\",\"caption\":\"enequipo\"},\"sameAs\":[\"https:\/\/www.facebook.com\/SonoraEE\"]}]}<\/script>\n ","yoast_head_json":{"title":"Sonora en Equipo. Instala Congreso Comisi\u00f3n Especial del R\u00edo Sonora para atender demandas regionales Congreso","description":"&nbsp; &nbsp; HERMOSILLO, SONORA, MX. \u2014 Con el prop\u00f3sito de atender las necesidades y fortalecer el desarrollo de los municipios que conforman la regi\u00f3n En Sonora en Equipo publicamos toda la informaci\u00f3n de Sonora, M\u00e9xico y el Mundo de manera oportuna y busca que la libertad de expresi\u00f3n sea real. Visita nuestro medio informativo publicado desde Hermosillo, Sonora. %","robots":{"index":"index","follow":"follow","max-snippet":"max-snippet:-1","max-image-preview":"max-image-preview:large","max-video-preview":"max-video-preview:-1"},"canonical":"https:\/\/www.sonoraenequipo.com.mx\/instala-congreso-del-estado-comision-especial-del-rio-sonora-para-atender-demandas-regionales\/","og_locale":"es_ES","og_type":"article","og_title":"Sonora en Equipo. Instala Congreso Comisi\u00f3n Especial del R\u00edo Sonora para atender demandas regionales Congreso","og_description":"&nbsp; &nbsp; HERMOSILLO, SONORA, MX. \u2014 Con el prop\u00f3sito de atender las necesidades y fortalecer el desarrollo de los municipios que conforman la regi\u00f3n En Sonora en Equipo publicamos toda la informaci\u00f3n de Sonora, M\u00e9xico y el Mundo de manera oportuna y busca que la libertad de expresi\u00f3n sea real. Visita nuestro medio informativo publicado desde Hermosillo, Sonora. %","og_url":"https:\/\/www.sonoraenequipo.com.mx\/instala-congreso-del-estado-comision-especial-del-rio-sonora-para-atender-demandas-regionales\/","og_site_name":"Sonora en Equipo.","article_publisher":"https:\/\/www.facebook.com\/SonoraEE\/","article_author":"https:\/\/www.facebook.com\/SonoraEE","article_published_time":"2025-04-09T22:02:18+00:00","article_modified_time":"2025-04-09T22:03:55+00:00","og_image":[{"width":600,"height":337,"url":"https:\/\/www.sonoraenequipo.com.mx\/storage\/2025\/04\/comision-rio-sonora.jpg","type":"image\/jpeg"}],"author":"enequipo","twitter_card":"summary_large_image","twitter_creator":"@sonoraenequipo","twitter_site":"@sonoraenequipo","twitter_misc":{"Escrito por":"enequipo","Tiempo de lectura":"2 minutos"},"schema":{"@context":"https:\/\/schema.org","@graph":[{"@type":"Article","@id":"https:\/\/www.sonoraenequipo.com.mx\/instala-congreso-del-estado-comision-especial-del-rio-sonora-para-atender-demandas-regionales\/#article","isPartOf":{"@id":"https:\/\/www.sonoraenequipo.com.mx\/instala-congreso-del-estado-comision-especial-del-rio-sonora-para-atender-demandas-regionales\/"},"author":{"name":"enequipo","@id":"https:\/\/www.sonoraenequipo.com.mx\/#\/schema\/person\/50102df0fb23a8fa9e8effad8fa81386"},"headline":"Instala Congreso Comisi\u00f3n Especial del R\u00edo Sonora para atender demandas regionales","datePublished":"2025-04-09T22:02:18+00:00","dateModified":"2025-04-09T22:03:55+00:00","mainEntityOfPage":{"@id":"https:\/\/www.sonoraenequipo.com.mx\/instala-congreso-del-estado-comision-especial-del-rio-sonora-para-atender-demandas-regionales\/"},"wordCount":347,"commentCount":0,"publisher":{"@id":"https:\/\/www.sonoraenequipo.com.mx\/#organization"},"image":{"@id":"https:\/\/www.sonoraenequipo.com.mx\/instala-congreso-del-estado-comision-especial-del-rio-sonora-para-atender-demandas-regionales\/#primaryimage"},"thumbnailUrl":"https:\/\/www.sonoraenequipo.com.mx\/storage\/2025\/04\/comision-rio-sonora.jpg","keywords":["comision","CONGRESO","riosonora"],"articleSection":["Congreso"],"inLanguage":"es","potentialAction":[{"@type":"CommentAction","name":"Comment","target":["https:\/\/www.sonoraenequipo.com.mx\/instala-congreso-del-estado-comision-especial-del-rio-sonora-para-atender-demandas-regionales\/#respond"]}]},{"@type":"WebPage","@id":"https:\/\/www.sonoraenequipo.com.mx\/instala-congreso-del-estado-comision-especial-del-rio-sonora-para-atender-demandas-regionales\/","url":"https:\/\/www.sonoraenequipo.com.mx\/instala-congreso-del-estado-comision-especial-del-rio-sonora-para-atender-demandas-regionales\/","name":"Sonora en Equipo. Instala Congreso Comisi\u00f3n Especial del R\u00edo Sonora para atender demandas regionales Congreso","isPartOf":{"@id":"https:\/\/www.sonoraenequipo.com.mx\/#website"},"primaryImageOfPage":{"@id":"https:\/\/www.sonoraenequipo.com.mx\/instala-congreso-del-estado-comision-especial-del-rio-sonora-para-atender-demandas-regionales\/#primaryimage"},"image":{"@id":"https:\/\/www.sonoraenequipo.com.mx\/instala-congreso-del-estado-comision-especial-del-rio-sonora-para-atender-demandas-regionales\/#primaryimage"},"thumbnailUrl":"https:\/\/www.sonoraenequipo.com.mx\/storage\/2025\/04\/comision-rio-sonora.jpg","datePublished":"2025-04-09T22:02:18+00:00","dateModified":"2025-04-09T22:03:55+00:00","description":"&nbsp; &nbsp; HERMOSILLO, SONORA, MX. \u2014 Con el prop\u00f3sito de atender las necesidades y fortalecer el desarrollo de los municipios que conforman la regi\u00f3n En Sonora en Equipo publicamos toda la informaci\u00f3n de Sonora, M\u00e9xico y el Mundo de manera oportuna y busca que la libertad de expresi\u00f3n sea real. Visita nuestro medio informativo publicado desde Hermosillo, Sonora. %","breadcrumb":{"@id":"https:\/\/www.sonoraenequipo.com.mx\/instala-congreso-del-estado-comision-especial-del-rio-sonora-para-atender-demandas-regionales\/#breadcrumb"},"inLanguage":"es","potentialAction":[{"@type":"ReadAction","target":["https:\/\/www.sonoraenequipo.com.mx\/instala-congreso-del-estado-comision-especial-del-rio-sonora-para-atender-demandas-regionales\/"]}]},{"@type":"ImageObject","inLanguage":"es","@id":"https:\/\/www.sonoraenequipo.com.mx\/instala-congreso-del-estado-comision-especial-del-rio-sonora-para-atender-demandas-regionales\/#primaryimage","url":"https:\/\/www.sonoraenequipo.com.mx\/storage\/2025\/04\/comision-rio-sonora.jpg","contentUrl":"https:\/\/www.sonoraenequipo.com.mx\/storage\/2025\/04\/comision-rio-sonora.jpg","width":600,"height":337},{"@type":"BreadcrumbList","@id":"https:\/\/www.sonoraenequipo.com.mx\/instala-congreso-del-estado-comision-especial-del-rio-sonora-para-atender-demandas-regionales\/#breadcrumb","itemListElement":[{"@type":"ListItem","position":1,"name":"Portada","item":"https:\/\/www.sonoraenequipo.com.mx\/"},{"@type":"ListItem","position":2,"name":"Instala Congreso Comisi\u00f3n Especial del R\u00edo Sonora para atender demandas regionales"}]},{"@type":"WebSite","@id":"https:\/\/www.sonoraenequipo.com.mx\/#website","url":"https:\/\/www.sonoraenequipo.com.mx\/","name":"Sonora en Equipo.","description":"Diario en l\u00ednea con Noticias desde Hermosillo, Sonora","publisher":{"@id":"https:\/\/www.sonoraenequipo.com.mx\/#organization"},"potentialAction":[{"@type":"SearchAction","target":{"@type":"EntryPoint","urlTemplate":"https:\/\/www.sonoraenequipo.com.mx\/?s={search_term_string}"},"query-input":{"@type":"PropertyValueSpecification","valueRequired":true,"valueName":"search_term_string"}}],"inLanguage":"es"},{"@type":"Organization","@id":"https:\/\/www.sonoraenequipo.com.mx\/#organization","name":"Sonoraenequipo.com.mx","url":"https:\/\/www.sonoraenequipo.com.mx\/","logo":{"@type":"ImageObject","inLanguage":"es","@id":"https:\/\/www.sonoraenequipo.com.mx\/#\/schema\/logo\/image\/","url":"https:\/\/www.sonoraenequipo.com.mx\/storage\/2019\/01\/sonoraenequipo_opt.png","contentUrl":"https:\/\/www.sonoraenequipo.com.mx\/storage\/2019\/01\/sonoraenequipo_opt.png","width":375,"height":125,"caption":"Sonoraenequipo.com.mx"},"image":{"@id":"https:\/\/www.sonoraenequipo.com.mx\/#\/schema\/logo\/image\/"},"sameAs":["https:\/\/www.facebook.com\/SonoraEE\/","https:\/\/x.com\/sonoraenequipo","https:\/\/www.youtube.com\/channel\/UC338nW-lPEYmJQs4ZABQ1SQ"]},{"@type":"Person","@id":"https:\/\/www.sonoraenequipo.com.mx\/#\/schema\/person\/50102df0fb23a8fa9e8effad8fa81386","name":"enequipo","image":{"@type":"ImageObject","inLanguage":"es","@id":"https:\/\/www.sonoraenequipo.com.mx\/#\/schema\/person\/image\/","url":"https:\/\/secure.gravatar.com\/avatar\/049821681b589dabc0bc20695993ccebb09f5b5d4d790cd9251b97faac7c652b?s=96&d=blank&r=g","contentUrl":"https:\/\/secure.gravatar.com\/avatar\/049821681b589dabc0bc20695993ccebb09f5b5d4d790cd9251b97faac7c652b?s=96&d=blank&r=g","caption":"enequipo"},"sameAs":["https:\/\/www.facebook.com\/SonoraEE"]}]}},"jetpack_featured_media_url":"https:\/\/www.sonoraenequipo.com.mx\/storage\/2025\/04\/comision-rio-sonora.jpg","_links":{"self":[{"href":"https:\/\/www.sonoraenequipo.com.mx\/api\/wp\/v2\/posts\/213329","targetHints":{"allow":["GET"]}}],"collection":[{"href":"https:\/\/www.sonoraenequipo.com.mx\/api\/wp\/v2\/posts"}],"about":[{"href":"https:\/\/www.sonoraenequipo.com.mx\/api\/wp\/v2\/types\/post"}],"author":[{"embeddable":true,"href":"https:\/\/www.sonoraenequipo.com.mx\/api\/wp\/v2\/users\/1"}],"replies":[{"embeddable":true,"href":"https:\/\/www.sonoraenequipo.com.mx\/api\/wp\/v2\/comments?post=213329"}],"version-history":[{"count":2,"href":"https:\/\/www.sonoraenequipo.com.mx\/api\/wp\/v2\/posts\/213329\/revisions"}],"predecessor-version":[{"id":213333,"href":"https:\/\/www.sonoraenequipo.com.mx\/api\/wp\/v2\/posts\/213329\/revisions\/213333"}],"wp:featuredmedia":[{"embeddable":true,"href":"https:\/\/www.sonoraenequipo.com.mx\/api\/wp\/v2\/media\/213331"}],"wp:attachment":[{"href":"https:\/\/www.sonoraenequipo.com.mx\/api\/wp\/v2\/media?parent=213329"}],"wp:term":[{"taxonomy":"category","embeddable":true,"href":"https:\/\/www.sonoraenequipo.com.mx\/api\/wp\/v2\/categories?post=213329"},{"taxonomy":"post_tag","embeddable":true,"href":"https:\/\/www.sonoraenequipo.com.mx\/api\/wp\/v2\/tags?post=213329"}],"curies":[{"name":"wp","href":"https:\/\/api.w.org\/{rel}","templated":true}]}}