{"id":213334,"date":"2025-04-09T15:38:52","date_gmt":"2025-04-09T22:38:52","guid":{"rendered":"https:\/\/www.sonoraenequipo.com.mx\/?p=213334"},"modified":"2025-04-09T15:38:52","modified_gmt":"2025-04-09T22:38:52","slug":"vinculan-a-proceso-a-sujeto-que-causo-danos-en-bar-tras-negarse-a-pagar-cuenta-en-hermosillo","status":"publish","type":"post","link":"https:\/\/www.sonoraenequipo.com.mx\/vinculan-a-proceso-a-sujeto-que-causo-danos-en-bar-tras-negarse-a-pagar-cuenta-en-hermosillo\/","title":{"rendered":"Vinculan a proceso a sujeto que caus\u00f3 da\u00f1os en bar tras negarse a pagar cuenta en Hermosillo"},"content":{"rendered":"<p>&nbsp;<\/p>\n<p><strong>HERMOSILLO, SONORA, MX.<\/strong> \u2014 Tras causar da\u00f1os e intentar evadir el pago de una cuenta por consumo en un establecimiento comercial de Hermosillo, Manuel Alejandro \u201cN\u201d, de 30 a\u00f1os, fue vinculado a proceso por los delitos de fraude espec\u00edfico y da\u00f1os en concurso real de delitos, quedando en prisi\u00f3n preventiva justificada por disposici\u00f3n del Juez, tras conocer los medios de prueba presentados por la Fiscal\u00eda General de Justicia del Estado de Sonora (FGJES).<\/p>\n<p>&nbsp;<\/p>\n<p>Los hechos que se atribuyen al se\u00f1alado ocurrieron el 1 de abril de 2025, aproximadamente a las 18:31 horas, en un edificio ubicado en el bulevar R\u00edo Sonora y Galeana de la colonia Proyecto R\u00edo Sonora, donde el imputado se encontraba en el tercer nivel, en un local comercial donde se venden bebidas alcoh\u00f3licas y alimentos.<\/p>\n<p>&nbsp;<\/p>\n<p>Durante su estancia, el imputado solicit\u00f3 diversos productos entre bebidas y alimentos, y al momento de solicitar el pago de la cuenta, el imputado inspeccion\u00f3 la misma y expres\u00f3 que ir\u00eda al ba\u00f1o, pero posteriormente se neg\u00f3 de manera agresiva a pagarla.<\/p>\n<p>&nbsp;<\/p>\n<p>La situaci\u00f3n escal\u00f3 cuando la gerente del establecimiento intent\u00f3 nuevamente solicitar el pago alrededor de las 00:12 horas del 2 de abril; Manuel Alejandro \u201cN\u201d adopt\u00f3 una actitud violenta, tom\u00f3 una botella de cerveza abierta y sali\u00f3 del lugar, gritando palabras altisonantes al guardia de seguridad,<\/p>\n<p>&nbsp;<\/p>\n<p>Al ser seguido por el personal del establecimiento hasta el segundo nivel del edificio, arroj\u00f3 la botella de cerveza hacia ellos, impactando en las escaleras el\u00e9ctricas, posteriormente, el imputado caus\u00f3 m\u00faltiples da\u00f1os al inmueble, incluyendo patear barandales y puertas de cristal templado, fisurar puertas de locales comerciales, golpear y quebrar el cristal de un hidrante, as\u00ed como da\u00f1ar el equipamiento contra incendios.<\/p>\n<p>&nbsp;<\/p>\n<p>Al acreditarse la probable responsabilidad del sujeto, el Juez determin\u00f3 su vinculaci\u00f3n a proceso y la medida cautelar de prisi\u00f3n preventiva justificada.<\/p>\n<p>&nbsp;<\/p>\n<p>La FGJES reitera su firme determinaci\u00f3n de combatir conductas que atenten contra la integridad de bienes p\u00fablicos y privados, as\u00ed como de garantizar que quienes incurran en estos il\u00edcitos enfrenten las consecuencias legales correspondientes.<\/p>\n<p><strong>Fecha de publicaci\u00f3n mi\u00e9rcoles 9 de abril de 2025 \/<\/strong><\/p>\n","protected":false},"excerpt":{"rendered":"<p>&nbsp; HERMOSILLO, SONORA, MX. \u2014 Tras causar da\u00f1os e intentar evadir el pago de una&#8230;<\/p>\n","protected":false},"author":1,"featured_media":213335,"comment_status":"open","ping_status":"open","sticky":false,"template":"","format":"standard","meta":{"_monsterinsights_skip_tracking":false,"_monsterinsights_sitenote_active":false,"_monsterinsights_sitenote_note":"","_monsterinsights_sitenote_category":0,"footnotes":""},"categories":[3144],"tags":[],"class_list":["post"],"yoast_head":" \n<title>Sonora en Equipo. Vinculan a proceso a sujeto que caus\u00f3 da\u00f1os en bar tras negarse a pagar cuenta en Hermosillo Polic\u00edaca<\/title>\n<meta name=\"description\" content=\"&nbsp; HERMOSILLO, SONORA, MX. \u2014 Tras causar da\u00f1os e intentar evadir el pago de una cuenta por consumo en un establecimiento comercial de Hermosillo, En Sonora en Equipo publicamos toda la informaci\u00f3n de Sonora, M\u00e9xico y el Mundo de manera oportuna y busca que la libertad de expresi\u00f3n sea real. Visita nuestro medio informativo publicado desde Hermosillo, Sonora. %\" \/>\n<meta name=\"robots\" content=\"index, follow, max-snippet:-1, max-image-preview:large, max-video-preview:-1\" \/>\n<link rel=\"canonical\" href=\"https:\/\/www.sonoraenequipo.com.mx\/vinculan-a-proceso-a-sujeto-que-causo-danos-en-bar-tras-negarse-a-pagar-cuenta-en-hermosillo\/\" \/>\n<meta property=\"og:locale\" content=\"es_ES\" \/>\n<meta property=\"og:type\" content=\"article\" \/>\n<meta property=\"og:title\" content=\"Sonora en Equipo. Vinculan a proceso a sujeto que caus\u00f3 da\u00f1os en bar tras negarse a pagar cuenta en Hermosillo Polic\u00edaca\" \/>\n<meta property=\"og:description\" content=\"&nbsp; HERMOSILLO, SONORA, MX. \u2014 Tras causar da\u00f1os e intentar evadir el pago de una cuenta por consumo en un establecimiento comercial de Hermosillo, En Sonora en Equipo publicamos toda la informaci\u00f3n de Sonora, M\u00e9xico y el Mundo de manera oportuna y busca que la libertad de expresi\u00f3n sea real. Visita nuestro medio informativo publicado desde Hermosillo, Sonora. %\" \/>\n<meta property=\"og:url\" content=\"https:\/\/www.sonoraenequipo.com.mx\/vinculan-a-proceso-a-sujeto-que-causo-danos-en-bar-tras-negarse-a-pagar-cuenta-en-hermosillo\/\" \/>\n<meta property=\"og:site_name\" content=\"Sonora en Equipo.\" \/>\n<meta property=\"article:publisher\" content=\"https:\/\/www.facebook.com\/SonoraEE\/\" \/>\n<meta property=\"article:author\" content=\"https:\/\/www.facebook.com\/SonoraEE\" \/>\n<meta property=\"article:published_time\" content=\"2025-04-09T22:38:52+00:00\" \/>\n<meta property=\"og:image\" content=\"https:\/\/www.sonoraenequipo.com.mx\/storage\/2025\/04\/destrozos-antro.jpg\" \/>\n\t<meta property=\"og:image:width\" content=\"600\" \/>\n\t<meta property=\"og:image:height\" content=\"400\" \/>\n\t<meta property=\"og:image:type\" content=\"image\/jpeg\" \/>\n<meta name=\"author\" content=\"enequipo\" \/>\n<meta name=\"twitter:card\" content=\"summary_large_image\" \/>\n<meta name=\"twitter:creator\" content=\"@sonoraenequipo\" \/>\n<meta name=\"twitter:site\" content=\"@sonoraenequipo\" \/>\n<meta name=\"twitter:label1\" content=\"Escrito por\" \/>\n\t<meta name=\"twitter:data1\" content=\"enequipo\" \/>\n\t<meta name=\"twitter:label2\" content=\"Tiempo de lectura\" \/>\n\t<meta name=\"twitter:data2\" content=\"2 minutos\" \/>\n<script type=\"application\/ld+json\" class=\"yoast-schema-graph\">{\"@context\":\"https:\/\/schema.org\",\"@graph\":[{\"@type\":\"Article\",\"@id\":\"https:\/\/www.sonoraenequipo.com.mx\/vinculan-a-proceso-a-sujeto-que-causo-danos-en-bar-tras-negarse-a-pagar-cuenta-en-hermosillo\/#article\",\"isPartOf\":{\"@id\":\"https:\/\/www.sonoraenequipo.com.mx\/vinculan-a-proceso-a-sujeto-que-causo-danos-en-bar-tras-negarse-a-pagar-cuenta-en-hermosillo\/\"},\"author\":{\"name\":\"enequipo\",\"@id\":\"https:\/\/www.sonoraenequipo.com.mx\/#\/schema\/person\/50102df0fb23a8fa9e8effad8fa81386\"},\"headline\":\"Vinculan a proceso a sujeto que caus\u00f3 da\u00f1os en bar tras negarse a pagar cuenta en Hermosillo\",\"datePublished\":\"2025-04-09T22:38:52+00:00\",\"mainEntityOfPage\":{\"@id\":\"https:\/\/www.sonoraenequipo.com.mx\/vinculan-a-proceso-a-sujeto-que-causo-danos-en-bar-tras-negarse-a-pagar-cuenta-en-hermosillo\/\"},\"wordCount\":385,\"commentCount\":0,\"publisher\":{\"@id\":\"https:\/\/www.sonoraenequipo.com.mx\/#organization\"},\"image\":{\"@id\":\"https:\/\/www.sonoraenequipo.com.mx\/vinculan-a-proceso-a-sujeto-que-causo-danos-en-bar-tras-negarse-a-pagar-cuenta-en-hermosillo\/#primaryimage\"},\"thumbnailUrl\":\"https:\/\/www.sonoraenequipo.com.mx\/storage\/2025\/04\/destrozos-antro.jpg\",\"articleSection\":[\"Polic\u00edaca\"],\"inLanguage\":\"es\",\"potentialAction\":[{\"@type\":\"CommentAction\",\"name\":\"Comment\",\"target\":[\"https:\/\/www.sonoraenequipo.com.mx\/vinculan-a-proceso-a-sujeto-que-causo-danos-en-bar-tras-negarse-a-pagar-cuenta-en-hermosillo\/#respond\"]}]},{\"@type\":\"WebPage\",\"@id\":\"https:\/\/www.sonoraenequipo.com.mx\/vinculan-a-proceso-a-sujeto-que-causo-danos-en-bar-tras-negarse-a-pagar-cuenta-en-hermosillo\/\",\"url\":\"https:\/\/www.sonoraenequipo.com.mx\/vinculan-a-proceso-a-sujeto-que-causo-danos-en-bar-tras-negarse-a-pagar-cuenta-en-hermosillo\/\",\"name\":\"Sonora en Equipo. Vinculan a proceso a sujeto que caus\u00f3 da\u00f1os en bar tras negarse a pagar cuenta en Hermosillo Polic\u00edaca\",\"isPartOf\":{\"@id\":\"https:\/\/www.sonoraenequipo.com.mx\/#website\"},\"primaryImageOfPage\":{\"@id\":\"https:\/\/www.sonoraenequipo.com.mx\/vinculan-a-proceso-a-sujeto-que-causo-danos-en-bar-tras-negarse-a-pagar-cuenta-en-hermosillo\/#primaryimage\"},\"image\":{\"@id\":\"https:\/\/www.sonoraenequipo.com.mx\/vinculan-a-proceso-a-sujeto-que-causo-danos-en-bar-tras-negarse-a-pagar-cuenta-en-hermosillo\/#primaryimage\"},\"thumbnailUrl\":\"https:\/\/www.sonoraenequipo.com.mx\/storage\/2025\/04\/destrozos-antro.jpg\",\"datePublished\":\"2025-04-09T22:38:52+00:00\",\"description\":\"&nbsp; HERMOSILLO, SONORA, MX. \u2014 Tras causar da\u00f1os e intentar evadir el pago de una cuenta por consumo en un establecimiento comercial de Hermosillo, En Sonora en Equipo publicamos toda la informaci\u00f3n de Sonora, M\u00e9xico y el Mundo de manera oportuna y busca que la libertad de expresi\u00f3n sea real. Visita nuestro medio informativo publicado desde Hermosillo, Sonora. %\",\"breadcrumb\":{\"@id\":\"https:\/\/www.sonoraenequipo.com.mx\/vinculan-a-proceso-a-sujeto-que-causo-danos-en-bar-tras-negarse-a-pagar-cuenta-en-hermosillo\/#breadcrumb\"},\"inLanguage\":\"es\",\"potentialAction\":[{\"@type\":\"ReadAction\",\"target\":[\"https:\/\/www.sonoraenequipo.com.mx\/vinculan-a-proceso-a-sujeto-que-causo-danos-en-bar-tras-negarse-a-pagar-cuenta-en-hermosillo\/\"]}]},{\"@type\":\"ImageObject\",\"inLanguage\":\"es\",\"@id\":\"https:\/\/www.sonoraenequipo.com.mx\/vinculan-a-proceso-a-sujeto-que-causo-danos-en-bar-tras-negarse-a-pagar-cuenta-en-hermosillo\/#primaryimage\",\"url\":\"https:\/\/www.sonoraenequipo.com.mx\/storage\/2025\/04\/destrozos-antro.jpg\",\"contentUrl\":\"https:\/\/www.sonoraenequipo.com.mx\/storage\/2025\/04\/destrozos-antro.jpg\",\"width\":600,\"height\":400},{\"@type\":\"BreadcrumbList\",\"@id\":\"https:\/\/www.sonoraenequipo.com.mx\/vinculan-a-proceso-a-sujeto-que-causo-danos-en-bar-tras-negarse-a-pagar-cuenta-en-hermosillo\/#breadcrumb\",\"itemListElement\":[{\"@type\":\"ListItem\",\"position\":1,\"name\":\"Portada\",\"item\":\"https:\/\/www.sonoraenequipo.com.mx\/\"},{\"@type\":\"ListItem\",\"position\":2,\"name\":\"Vinculan a proceso a sujeto que caus\u00f3 da\u00f1os en bar tras negarse a pagar cuenta en Hermosillo\"}]},{\"@type\":\"WebSite\",\"@id\":\"https:\/\/www.sonoraenequipo.com.mx\/#website\",\"url\":\"https:\/\/www.sonoraenequipo.com.mx\/\",\"name\":\"Sonora en Equipo.\",\"description\":\"Diario en l\u00ednea con Noticias desde Hermosillo, Sonora\",\"publisher\":{\"@id\":\"https:\/\/www.sonoraenequipo.com.mx\/#organization\"},\"potentialAction\":[{\"@type\":\"SearchAction\",\"target\":{\"@type\":\"EntryPoint\",\"urlTemplate\":\"https:\/\/www.sonoraenequipo.com.mx\/?s={search_term_string}\"},\"query-input\":{\"@type\":\"PropertyValueSpecification\",\"valueRequired\":true,\"valueName\":\"search_term_string\"}}],\"inLanguage\":\"es\"},{\"@type\":\"Organization\",\"@id\":\"https:\/\/www.sonoraenequipo.com.mx\/#organization\",\"name\":\"Sonoraenequipo.com.mx\",\"url\":\"https:\/\/www.sonoraenequipo.com.mx\/\",\"logo\":{\"@type\":\"ImageObject\",\"inLanguage\":\"es\",\"@id\":\"https:\/\/www.sonoraenequipo.com.mx\/#\/schema\/logo\/image\/\",\"url\":\"https:\/\/www.sonoraenequipo.com.mx\/storage\/2019\/01\/sonoraenequipo_opt.png\",\"contentUrl\":\"https:\/\/www.sonoraenequipo.com.mx\/storage\/2019\/01\/sonoraenequipo_opt.png\",\"width\":375,\"height\":125,\"caption\":\"Sonoraenequipo.com.mx\"},\"image\":{\"@id\":\"https:\/\/www.sonoraenequipo.com.mx\/#\/schema\/logo\/image\/\"},\"sameAs\":[\"https:\/\/www.facebook.com\/SonoraEE\/\",\"https:\/\/x.com\/sonoraenequipo\",\"https:\/\/www.youtube.com\/channel\/UC338nW-lPEYmJQs4ZABQ1SQ\"]},{\"@type\":\"Person\",\"@id\":\"https:\/\/www.sonoraenequipo.com.mx\/#\/schema\/person\/50102df0fb23a8fa9e8effad8fa81386\",\"name\":\"enequipo\",\"image\":{\"@type\":\"ImageObject\",\"inLanguage\":\"es\",\"@id\":\"https:\/\/www.sonoraenequipo.com.mx\/#\/schema\/person\/image\/\",\"url\":\"https:\/\/secure.gravatar.com\/avatar\/049821681b589dabc0bc20695993ccebb09f5b5d4d790cd9251b97faac7c652b?s=96&d=blank&r=g\",\"contentUrl\":\"https:\/\/secure.gravatar.com\/avatar\/049821681b589dabc0bc20695993ccebb09f5b5d4d790cd9251b97faac7c652b?s=96&d=blank&r=g\",\"caption\":\"enequipo\"},\"sameAs\":[\"https:\/\/www.facebook.com\/SonoraEE\"]}]}<\/script>\n ","yoast_head_json":{"title":"Sonora en Equipo. Vinculan a proceso a sujeto que caus\u00f3 da\u00f1os en bar tras negarse a pagar cuenta en Hermosillo Polic\u00edaca","description":"&nbsp; HERMOSILLO, SONORA, MX. \u2014 Tras causar da\u00f1os e intentar evadir el pago de una cuenta por consumo en un establecimiento comercial de Hermosillo, En Sonora en Equipo publicamos toda la informaci\u00f3n de Sonora, M\u00e9xico y el Mundo de manera oportuna y busca que la libertad de expresi\u00f3n sea real. Visita nuestro medio informativo publicado desde Hermosillo, Sonora. %","robots":{"index":"index","follow":"follow","max-snippet":"max-snippet:-1","max-image-preview":"max-image-preview:large","max-video-preview":"max-video-preview:-1"},"canonical":"https:\/\/www.sonoraenequipo.com.mx\/vinculan-a-proceso-a-sujeto-que-causo-danos-en-bar-tras-negarse-a-pagar-cuenta-en-hermosillo\/","og_locale":"es_ES","og_type":"article","og_title":"Sonora en Equipo. Vinculan a proceso a sujeto que caus\u00f3 da\u00f1os en bar tras negarse a pagar cuenta en Hermosillo Polic\u00edaca","og_description":"&nbsp; HERMOSILLO, SONORA, MX. \u2014 Tras causar da\u00f1os e intentar evadir el pago de una cuenta por consumo en un establecimiento comercial de Hermosillo, En Sonora en Equipo publicamos toda la informaci\u00f3n de Sonora, M\u00e9xico y el Mundo de manera oportuna y busca que la libertad de expresi\u00f3n sea real. Visita nuestro medio informativo publicado desde Hermosillo, Sonora. %","og_url":"https:\/\/www.sonoraenequipo.com.mx\/vinculan-a-proceso-a-sujeto-que-causo-danos-en-bar-tras-negarse-a-pagar-cuenta-en-hermosillo\/","og_site_name":"Sonora en Equipo.","article_publisher":"https:\/\/www.facebook.com\/SonoraEE\/","article_author":"https:\/\/www.facebook.com\/SonoraEE","article_published_time":"2025-04-09T22:38:52+00:00","og_image":[{"width":600,"height":400,"url":"https:\/\/www.sonoraenequipo.com.mx\/storage\/2025\/04\/destrozos-antro.jpg","type":"image\/jpeg"}],"author":"enequipo","twitter_card":"summary_large_image","twitter_creator":"@sonoraenequipo","twitter_site":"@sonoraenequipo","twitter_misc":{"Escrito por":"enequipo","Tiempo de lectura":"2 minutos"},"schema":{"@context":"https:\/\/schema.org","@graph":[{"@type":"Article","@id":"https:\/\/www.sonoraenequipo.com.mx\/vinculan-a-proceso-a-sujeto-que-causo-danos-en-bar-tras-negarse-a-pagar-cuenta-en-hermosillo\/#article","isPartOf":{"@id":"https:\/\/www.sonoraenequipo.com.mx\/vinculan-a-proceso-a-sujeto-que-causo-danos-en-bar-tras-negarse-a-pagar-cuenta-en-hermosillo\/"},"author":{"name":"enequipo","@id":"https:\/\/www.sonoraenequipo.com.mx\/#\/schema\/person\/50102df0fb23a8fa9e8effad8fa81386"},"headline":"Vinculan a proceso a sujeto que caus\u00f3 da\u00f1os en bar tras negarse a pagar cuenta en Hermosillo","datePublished":"2025-04-09T22:38:52+00:00","mainEntityOfPage":{"@id":"https:\/\/www.sonoraenequipo.com.mx\/vinculan-a-proceso-a-sujeto-que-causo-danos-en-bar-tras-negarse-a-pagar-cuenta-en-hermosillo\/"},"wordCount":385,"commentCount":0,"publisher":{"@id":"https:\/\/www.sonoraenequipo.com.mx\/#organization"},"image":{"@id":"https:\/\/www.sonoraenequipo.com.mx\/vinculan-a-proceso-a-sujeto-que-causo-danos-en-bar-tras-negarse-a-pagar-cuenta-en-hermosillo\/#primaryimage"},"thumbnailUrl":"https:\/\/www.sonoraenequipo.com.mx\/storage\/2025\/04\/destrozos-antro.jpg","articleSection":["Polic\u00edaca"],"inLanguage":"es","potentialAction":[{"@type":"CommentAction","name":"Comment","target":["https:\/\/www.sonoraenequipo.com.mx\/vinculan-a-proceso-a-sujeto-que-causo-danos-en-bar-tras-negarse-a-pagar-cuenta-en-hermosillo\/#respond"]}]},{"@type":"WebPage","@id":"https:\/\/www.sonoraenequipo.com.mx\/vinculan-a-proceso-a-sujeto-que-causo-danos-en-bar-tras-negarse-a-pagar-cuenta-en-hermosillo\/","url":"https:\/\/www.sonoraenequipo.com.mx\/vinculan-a-proceso-a-sujeto-que-causo-danos-en-bar-tras-negarse-a-pagar-cuenta-en-hermosillo\/","name":"Sonora en Equipo. Vinculan a proceso a sujeto que caus\u00f3 da\u00f1os en bar tras negarse a pagar cuenta en Hermosillo Polic\u00edaca","isPartOf":{"@id":"https:\/\/www.sonoraenequipo.com.mx\/#website"},"primaryImageOfPage":{"@id":"https:\/\/www.sonoraenequipo.com.mx\/vinculan-a-proceso-a-sujeto-que-causo-danos-en-bar-tras-negarse-a-pagar-cuenta-en-hermosillo\/#primaryimage"},"image":{"@id":"https:\/\/www.sonoraenequipo.com.mx\/vinculan-a-proceso-a-sujeto-que-causo-danos-en-bar-tras-negarse-a-pagar-cuenta-en-hermosillo\/#primaryimage"},"thumbnailUrl":"https:\/\/www.sonoraenequipo.com.mx\/storage\/2025\/04\/destrozos-antro.jpg","datePublished":"2025-04-09T22:38:52+00:00","description":"&nbsp; HERMOSILLO, SONORA, MX. \u2014 Tras causar da\u00f1os e intentar evadir el pago de una cuenta por consumo en un establecimiento comercial de Hermosillo, En Sonora en Equipo publicamos toda la informaci\u00f3n de Sonora, M\u00e9xico y el Mundo de manera oportuna y busca que la libertad de expresi\u00f3n sea real. Visita nuestro medio informativo publicado desde Hermosillo, Sonora. %","breadcrumb":{"@id":"https:\/\/www.sonoraenequipo.com.mx\/vinculan-a-proceso-a-sujeto-que-causo-danos-en-bar-tras-negarse-a-pagar-cuenta-en-hermosillo\/#breadcrumb"},"inLanguage":"es","potentialAction":[{"@type":"ReadAction","target":["https:\/\/www.sonoraenequipo.com.mx\/vinculan-a-proceso-a-sujeto-que-causo-danos-en-bar-tras-negarse-a-pagar-cuenta-en-hermosillo\/"]}]},{"@type":"ImageObject","inLanguage":"es","@id":"https:\/\/www.sonoraenequipo.com.mx\/vinculan-a-proceso-a-sujeto-que-causo-danos-en-bar-tras-negarse-a-pagar-cuenta-en-hermosillo\/#primaryimage","url":"https:\/\/www.sonoraenequipo.com.mx\/storage\/2025\/04\/destrozos-antro.jpg","contentUrl":"https:\/\/www.sonoraenequipo.com.mx\/storage\/2025\/04\/destrozos-antro.jpg","width":600,"height":400},{"@type":"BreadcrumbList","@id":"https:\/\/www.sonoraenequipo.com.mx\/vinculan-a-proceso-a-sujeto-que-causo-danos-en-bar-tras-negarse-a-pagar-cuenta-en-hermosillo\/#breadcrumb","itemListElement":[{"@type":"ListItem","position":1,"name":"Portada","item":"https:\/\/www.sonoraenequipo.com.mx\/"},{"@type":"ListItem","position":2,"name":"Vinculan a proceso a sujeto que caus\u00f3 da\u00f1os en bar tras negarse a pagar cuenta en Hermosillo"}]},{"@type":"WebSite","@id":"https:\/\/www.sonoraenequipo.com.mx\/#website","url":"https:\/\/www.sonoraenequipo.com.mx\/","name":"Sonora en Equipo.","description":"Diario en l\u00ednea con Noticias desde Hermosillo, Sonora","publisher":{"@id":"https:\/\/www.sonoraenequipo.com.mx\/#organization"},"potentialAction":[{"@type":"SearchAction","target":{"@type":"EntryPoint","urlTemplate":"https:\/\/www.sonoraenequipo.com.mx\/?s={search_term_string}"},"query-input":{"@type":"PropertyValueSpecification","valueRequired":true,"valueName":"search_term_string"}}],"inLanguage":"es"},{"@type":"Organization","@id":"https:\/\/www.sonoraenequipo.com.mx\/#organization","name":"Sonoraenequipo.com.mx","url":"https:\/\/www.sonoraenequipo.com.mx\/","logo":{"@type":"ImageObject","inLanguage":"es","@id":"https:\/\/www.sonoraenequipo.com.mx\/#\/schema\/logo\/image\/","url":"https:\/\/www.sonoraenequipo.com.mx\/storage\/2019\/01\/sonoraenequipo_opt.png","contentUrl":"https:\/\/www.sonoraenequipo.com.mx\/storage\/2019\/01\/sonoraenequipo_opt.png","width":375,"height":125,"caption":"Sonoraenequipo.com.mx"},"image":{"@id":"https:\/\/www.sonoraenequipo.com.mx\/#\/schema\/logo\/image\/"},"sameAs":["https:\/\/www.facebook.com\/SonoraEE\/","https:\/\/x.com\/sonoraenequipo","https:\/\/www.youtube.com\/channel\/UC338nW-lPEYmJQs4ZABQ1SQ"]},{"@type":"Person","@id":"https:\/\/www.sonoraenequipo.com.mx\/#\/schema\/person\/50102df0fb23a8fa9e8effad8fa81386","name":"enequipo","image":{"@type":"ImageObject","inLanguage":"es","@id":"https:\/\/www.sonoraenequipo.com.mx\/#\/schema\/person\/image\/","url":"https:\/\/secure.gravatar.com\/avatar\/049821681b589dabc0bc20695993ccebb09f5b5d4d790cd9251b97faac7c652b?s=96&d=blank&r=g","contentUrl":"https:\/\/secure.gravatar.com\/avatar\/049821681b589dabc0bc20695993ccebb09f5b5d4d790cd9251b97faac7c652b?s=96&d=blank&r=g","caption":"enequipo"},"sameAs":["https:\/\/www.facebook.com\/SonoraEE"]}]}},"jetpack_featured_media_url":"https:\/\/www.sonoraenequipo.com.mx\/storage\/2025\/04\/destrozos-antro.jpg","_links":{"self":[{"href":"https:\/\/www.sonoraenequipo.com.mx\/api\/wp\/v2\/posts\/213334","targetHints":{"allow":["GET"]}}],"collection":[{"href":"https:\/\/www.sonoraenequipo.com.mx\/api\/wp\/v2\/posts"}],"about":[{"href":"https:\/\/www.sonoraenequipo.com.mx\/api\/wp\/v2\/types\/post"}],"author":[{"embeddable":true,"href":"https:\/\/www.sonoraenequipo.com.mx\/api\/wp\/v2\/users\/1"}],"replies":[{"embeddable":true,"href":"https:\/\/www.sonoraenequipo.com.mx\/api\/wp\/v2\/comments?post=213334"}],"version-history":[{"count":1,"href":"https:\/\/www.sonoraenequipo.com.mx\/api\/wp\/v2\/posts\/213334\/revisions"}],"predecessor-version":[{"id":213336,"href":"https:\/\/www.sonoraenequipo.com.mx\/api\/wp\/v2\/posts\/213334\/revisions\/213336"}],"wp:featuredmedia":[{"embeddable":true,"href":"https:\/\/www.sonoraenequipo.com.mx\/api\/wp\/v2\/media\/213335"}],"wp:attachment":[{"href":"https:\/\/www.sonoraenequipo.com.mx\/api\/wp\/v2\/media?parent=213334"}],"wp:term":[{"taxonomy":"category","embeddable":true,"href":"https:\/\/www.sonoraenequipo.com.mx\/api\/wp\/v2\/categories?post=213334"},{"taxonomy":"post_tag","embeddable":true,"href":"https:\/\/www.sonoraenequipo.com.mx\/api\/wp\/v2\/tags?post=213334"}],"curies":[{"name":"wp","href":"https:\/\/api.w.org\/{rel}","templated":true}]}}