{"id":213337,"date":"2025-04-09T16:32:45","date_gmt":"2025-04-09T23:32:45","guid":{"rendered":"https:\/\/www.sonoraenequipo.com.mx\/?p=213337"},"modified":"2025-04-09T16:32:48","modified_gmt":"2025-04-09T23:32:48","slug":"llama-gobierno-de-sonora-a-prevenir-accidentes-durante-las-vacaciones","status":"publish","type":"post","link":"https:\/\/www.sonoraenequipo.com.mx\/llama-gobierno-de-sonora-a-prevenir-accidentes-durante-las-vacaciones\/","title":{"rendered":"Llama Gobierno de Sonora a prevenir accidentes durante las vacaciones"},"content":{"rendered":"<p><strong>HERMOSILLO, SONORA, MX.<\/strong> \u2014 Ante la cercan\u00eda de los d\u00edas de asueto, la Secretar\u00eda de Salud P\u00fablica (SSP) hizo un llamado a la poblaci\u00f3n a extremar precauciones al viajar por carretera, con el fin de prevenir accidentes y garantizar la seguridad de las familias.<\/p>\n<p>A trav\u00e9s del Consejo Estatal para la Prevenci\u00f3n de Accidentes (Coepra), la SSP emiti\u00f3 una serie de recomendaciones para quienes planean salir de viaje, destacando la importancia de realizar una revisi\u00f3n exhaustiva de las condiciones mec\u00e1nicas del veh\u00edculo antes de emprender el viaje. Entre los elementos a revisar se incluyen las llantas, luces, retrovisores, parabrisas, motor, frenos, aceite y otros componentes esenciales para asegurar un trayecto seguro.<\/p>\n<p>Un aspecto fundamental, especialmente para quienes viajan con ni\u00f1os, es garantizar un transporte adecuado para los menores. La dependencia record\u00f3 que es obligatorio el uso de sillas de seguridad apropiadas, de acuerdo con la edad y el peso de los ni\u00f1os, as\u00ed como el uso del cintur\u00f3n de seguridad por parte de todos los ocupantes del veh\u00edculo, sin excepci\u00f3n.<\/p>\n<p>Asimismo, se enfatiz\u00f3 la importancia de evitar distracciones al volante. El uso del tel\u00e9fono celular, comer mientras se conduce, manejar con cansancio o somnolencia, y, sobre todo, consumir bebidas alcoh\u00f3licas, son conductas que representan riesgos significativos y pueden derivar en accidentes graves o fatales.<\/p>\n<p>Para aquellos que utilicen motocicletas, bicicletas, cuatrimotos o veh\u00edculos todo terreno (RZR), la SSP reiter\u00f3 la importancia de portar casco y el equipo de seguridad adecuado, sin importar la distancia o duraci\u00f3n del trayecto. Estos elementos son cruciales para reducir el riesgo de lesiones graves en caso de una ca\u00edda o accidente.<\/p>\n<p>Tambi\u00e9n se ofrecieron recomendaciones para quienes planean visitar lugares recreativos como albercas, balnearios o playas. Se subray\u00f3 la necesidad de mantener a las ni\u00f1as y ni\u00f1os siempre bajo supervisi\u00f3n, especialmente cuando est\u00e9n dentro o cerca del agua, y evitar \u00e1reas de riesgo, como pisos mojados, banquetas resbaladizas o zonas profundas sin vigilancia.<\/p>\n<p>En este contexto, la SSP pidi\u00f3 a la poblaci\u00f3n que identifique las zonas seguras dentro de estos espacios, preste atenci\u00f3n a los se\u00f1alamientos de advertencia y mantenga una actitud preventiva en todo momento para evitar incidentes que pongan en peligro la salud o la vida.<\/p>\n<p>Finalmente, la SSP record\u00f3 que, en caso de emergencia, la ciudadan\u00eda puede comunicarse al n\u00famero 9-1-1, disponible las 24 horas del d\u00eda. A trav\u00e9s de esta l\u00ednea, el personal del Centro Regulador de Urgencias M\u00e9dicas (CRUM) brindar\u00e1 atenci\u00f3n inmediata e indicaciones precisas hasta la llegada de los servicios de emergencia.<\/p>\n<p><strong>Fecha de publicaci\u00f3n mi\u00e9rcoles 9 de abril de 2025 \/<\/strong><\/p>\n","protected":false},"excerpt":{"rendered":"<p>HERMOSILLO, SONORA, MX. \u2014 Ante la cercan\u00eda de los d\u00edas de asueto, la Secretar\u00eda de&#8230;<\/p>\n","protected":false},"author":1,"featured_media":213338,"comment_status":"open","ping_status":"open","sticky":false,"template":"","format":"standard","meta":{"_monsterinsights_skip_tracking":false,"_monsterinsights_sitenote_active":false,"_monsterinsights_sitenote_note":"","_monsterinsights_sitenote_category":0,"footnotes":""},"categories":[22],"tags":[],"class_list":["post"],"yoast_head":" \n<title>Sonora en Equipo. Llama Gobierno de Sonora a prevenir accidentes durante las vacaciones Sonora<\/title>\n<meta name=\"description\" content=\"HERMOSILLO, SONORA, MX. \u2014 Ante la cercan\u00eda de los d\u00edas de asueto, la Secretar\u00eda de Salud P\u00fablica (SSP) hizo un llamado a la poblaci\u00f3n a extremar En Sonora en Equipo publicamos toda la informaci\u00f3n de Sonora, M\u00e9xico y el Mundo de manera oportuna y busca que la libertad de expresi\u00f3n sea real. Visita nuestro medio informativo publicado desde Hermosillo, Sonora. %\" \/>\n<meta name=\"robots\" content=\"index, follow, max-snippet:-1, max-image-preview:large, max-video-preview:-1\" \/>\n<link rel=\"canonical\" href=\"https:\/\/www.sonoraenequipo.com.mx\/llama-gobierno-de-sonora-a-prevenir-accidentes-durante-las-vacaciones\/\" \/>\n<meta property=\"og:locale\" content=\"es_ES\" \/>\n<meta property=\"og:type\" content=\"article\" \/>\n<meta property=\"og:title\" content=\"Sonora en Equipo. Llama Gobierno de Sonora a prevenir accidentes durante las vacaciones Sonora\" \/>\n<meta property=\"og:description\" content=\"HERMOSILLO, SONORA, MX. \u2014 Ante la cercan\u00eda de los d\u00edas de asueto, la Secretar\u00eda de Salud P\u00fablica (SSP) hizo un llamado a la poblaci\u00f3n a extremar En Sonora en Equipo publicamos toda la informaci\u00f3n de Sonora, M\u00e9xico y el Mundo de manera oportuna y busca que la libertad de expresi\u00f3n sea real. Visita nuestro medio informativo publicado desde Hermosillo, Sonora. %\" \/>\n<meta property=\"og:url\" content=\"https:\/\/www.sonoraenequipo.com.mx\/llama-gobierno-de-sonora-a-prevenir-accidentes-durante-las-vacaciones\/\" \/>\n<meta property=\"og:site_name\" content=\"Sonora en Equipo.\" \/>\n<meta property=\"article:publisher\" content=\"https:\/\/www.facebook.com\/SonoraEE\/\" \/>\n<meta property=\"article:author\" content=\"https:\/\/www.facebook.com\/SonoraEE\" \/>\n<meta property=\"article:published_time\" content=\"2025-04-09T23:32:45+00:00\" \/>\n<meta property=\"article:modified_time\" content=\"2025-04-09T23:32:48+00:00\" \/>\n<meta property=\"og:image\" content=\"https:\/\/www.sonoraenequipo.com.mx\/storage\/2025\/04\/carro-chocado.jpg\" \/>\n\t<meta property=\"og:image:width\" content=\"600\" \/>\n\t<meta property=\"og:image:height\" content=\"400\" \/>\n\t<meta property=\"og:image:type\" content=\"image\/jpeg\" \/>\n<meta name=\"author\" content=\"enequipo\" \/>\n<meta name=\"twitter:card\" content=\"summary_large_image\" \/>\n<meta name=\"twitter:creator\" content=\"@sonoraenequipo\" \/>\n<meta name=\"twitter:site\" content=\"@sonoraenequipo\" \/>\n<meta name=\"twitter:label1\" content=\"Escrito por\" \/>\n\t<meta name=\"twitter:data1\" content=\"enequipo\" \/>\n\t<meta name=\"twitter:label2\" content=\"Tiempo de lectura\" \/>\n\t<meta name=\"twitter:data2\" content=\"2 minutos\" \/>\n<script type=\"application\/ld+json\" class=\"yoast-schema-graph\">{\"@context\":\"https:\/\/schema.org\",\"@graph\":[{\"@type\":\"Article\",\"@id\":\"https:\/\/www.sonoraenequipo.com.mx\/llama-gobierno-de-sonora-a-prevenir-accidentes-durante-las-vacaciones\/#article\",\"isPartOf\":{\"@id\":\"https:\/\/www.sonoraenequipo.com.mx\/llama-gobierno-de-sonora-a-prevenir-accidentes-durante-las-vacaciones\/\"},\"author\":{\"name\":\"enequipo\",\"@id\":\"https:\/\/www.sonoraenequipo.com.mx\/#\/schema\/person\/50102df0fb23a8fa9e8effad8fa81386\"},\"headline\":\"Llama Gobierno de Sonora a prevenir accidentes durante las vacaciones\",\"datePublished\":\"2025-04-09T23:32:45+00:00\",\"dateModified\":\"2025-04-09T23:32:48+00:00\",\"mainEntityOfPage\":{\"@id\":\"https:\/\/www.sonoraenequipo.com.mx\/llama-gobierno-de-sonora-a-prevenir-accidentes-durante-las-vacaciones\/\"},\"wordCount\":466,\"commentCount\":0,\"publisher\":{\"@id\":\"https:\/\/www.sonoraenequipo.com.mx\/#organization\"},\"image\":{\"@id\":\"https:\/\/www.sonoraenequipo.com.mx\/llama-gobierno-de-sonora-a-prevenir-accidentes-durante-las-vacaciones\/#primaryimage\"},\"thumbnailUrl\":\"https:\/\/www.sonoraenequipo.com.mx\/storage\/2025\/04\/carro-chocado.jpg\",\"articleSection\":[\"Sonora\"],\"inLanguage\":\"es\",\"potentialAction\":[{\"@type\":\"CommentAction\",\"name\":\"Comment\",\"target\":[\"https:\/\/www.sonoraenequipo.com.mx\/llama-gobierno-de-sonora-a-prevenir-accidentes-durante-las-vacaciones\/#respond\"]}]},{\"@type\":\"WebPage\",\"@id\":\"https:\/\/www.sonoraenequipo.com.mx\/llama-gobierno-de-sonora-a-prevenir-accidentes-durante-las-vacaciones\/\",\"url\":\"https:\/\/www.sonoraenequipo.com.mx\/llama-gobierno-de-sonora-a-prevenir-accidentes-durante-las-vacaciones\/\",\"name\":\"Sonora en Equipo. Llama Gobierno de Sonora a prevenir accidentes durante las vacaciones Sonora\",\"isPartOf\":{\"@id\":\"https:\/\/www.sonoraenequipo.com.mx\/#website\"},\"primaryImageOfPage\":{\"@id\":\"https:\/\/www.sonoraenequipo.com.mx\/llama-gobierno-de-sonora-a-prevenir-accidentes-durante-las-vacaciones\/#primaryimage\"},\"image\":{\"@id\":\"https:\/\/www.sonoraenequipo.com.mx\/llama-gobierno-de-sonora-a-prevenir-accidentes-durante-las-vacaciones\/#primaryimage\"},\"thumbnailUrl\":\"https:\/\/www.sonoraenequipo.com.mx\/storage\/2025\/04\/carro-chocado.jpg\",\"datePublished\":\"2025-04-09T23:32:45+00:00\",\"dateModified\":\"2025-04-09T23:32:48+00:00\",\"description\":\"HERMOSILLO, SONORA, MX. \u2014 Ante la cercan\u00eda de los d\u00edas de asueto, la Secretar\u00eda de Salud P\u00fablica (SSP) hizo un llamado a la poblaci\u00f3n a extremar En Sonora en Equipo publicamos toda la informaci\u00f3n de Sonora, M\u00e9xico y el Mundo de manera oportuna y busca que la libertad de expresi\u00f3n sea real. Visita nuestro medio informativo publicado desde Hermosillo, Sonora. %\",\"breadcrumb\":{\"@id\":\"https:\/\/www.sonoraenequipo.com.mx\/llama-gobierno-de-sonora-a-prevenir-accidentes-durante-las-vacaciones\/#breadcrumb\"},\"inLanguage\":\"es\",\"potentialAction\":[{\"@type\":\"ReadAction\",\"target\":[\"https:\/\/www.sonoraenequipo.com.mx\/llama-gobierno-de-sonora-a-prevenir-accidentes-durante-las-vacaciones\/\"]}]},{\"@type\":\"ImageObject\",\"inLanguage\":\"es\",\"@id\":\"https:\/\/www.sonoraenequipo.com.mx\/llama-gobierno-de-sonora-a-prevenir-accidentes-durante-las-vacaciones\/#primaryimage\",\"url\":\"https:\/\/www.sonoraenequipo.com.mx\/storage\/2025\/04\/carro-chocado.jpg\",\"contentUrl\":\"https:\/\/www.sonoraenequipo.com.mx\/storage\/2025\/04\/carro-chocado.jpg\",\"width\":600,\"height\":400},{\"@type\":\"BreadcrumbList\",\"@id\":\"https:\/\/www.sonoraenequipo.com.mx\/llama-gobierno-de-sonora-a-prevenir-accidentes-durante-las-vacaciones\/#breadcrumb\",\"itemListElement\":[{\"@type\":\"ListItem\",\"position\":1,\"name\":\"Portada\",\"item\":\"https:\/\/www.sonoraenequipo.com.mx\/\"},{\"@type\":\"ListItem\",\"position\":2,\"name\":\"Llama Gobierno de Sonora a prevenir accidentes durante las vacaciones\"}]},{\"@type\":\"WebSite\",\"@id\":\"https:\/\/www.sonoraenequipo.com.mx\/#website\",\"url\":\"https:\/\/www.sonoraenequipo.com.mx\/\",\"name\":\"Sonora en Equipo.\",\"description\":\"Diario en l\u00ednea con Noticias desde Hermosillo, Sonora\",\"publisher\":{\"@id\":\"https:\/\/www.sonoraenequipo.com.mx\/#organization\"},\"potentialAction\":[{\"@type\":\"SearchAction\",\"target\":{\"@type\":\"EntryPoint\",\"urlTemplate\":\"https:\/\/www.sonoraenequipo.com.mx\/?s={search_term_string}\"},\"query-input\":{\"@type\":\"PropertyValueSpecification\",\"valueRequired\":true,\"valueName\":\"search_term_string\"}}],\"inLanguage\":\"es\"},{\"@type\":\"Organization\",\"@id\":\"https:\/\/www.sonoraenequipo.com.mx\/#organization\",\"name\":\"Sonoraenequipo.com.mx\",\"url\":\"https:\/\/www.sonoraenequipo.com.mx\/\",\"logo\":{\"@type\":\"ImageObject\",\"inLanguage\":\"es\",\"@id\":\"https:\/\/www.sonoraenequipo.com.mx\/#\/schema\/logo\/image\/\",\"url\":\"https:\/\/www.sonoraenequipo.com.mx\/storage\/2019\/01\/sonoraenequipo_opt.png\",\"contentUrl\":\"https:\/\/www.sonoraenequipo.com.mx\/storage\/2019\/01\/sonoraenequipo_opt.png\",\"width\":375,\"height\":125,\"caption\":\"Sonoraenequipo.com.mx\"},\"image\":{\"@id\":\"https:\/\/www.sonoraenequipo.com.mx\/#\/schema\/logo\/image\/\"},\"sameAs\":[\"https:\/\/www.facebook.com\/SonoraEE\/\",\"https:\/\/x.com\/sonoraenequipo\",\"https:\/\/www.youtube.com\/channel\/UC338nW-lPEYmJQs4ZABQ1SQ\"]},{\"@type\":\"Person\",\"@id\":\"https:\/\/www.sonoraenequipo.com.mx\/#\/schema\/person\/50102df0fb23a8fa9e8effad8fa81386\",\"name\":\"enequipo\",\"image\":{\"@type\":\"ImageObject\",\"inLanguage\":\"es\",\"@id\":\"https:\/\/www.sonoraenequipo.com.mx\/#\/schema\/person\/image\/\",\"url\":\"https:\/\/secure.gravatar.com\/avatar\/049821681b589dabc0bc20695993ccebb09f5b5d4d790cd9251b97faac7c652b?s=96&d=blank&r=g\",\"contentUrl\":\"https:\/\/secure.gravatar.com\/avatar\/049821681b589dabc0bc20695993ccebb09f5b5d4d790cd9251b97faac7c652b?s=96&d=blank&r=g\",\"caption\":\"enequipo\"},\"sameAs\":[\"https:\/\/www.facebook.com\/SonoraEE\"]}]}<\/script>\n ","yoast_head_json":{"title":"Sonora en Equipo. Llama Gobierno de Sonora a prevenir accidentes durante las vacaciones Sonora","description":"HERMOSILLO, SONORA, MX. \u2014 Ante la cercan\u00eda de los d\u00edas de asueto, la Secretar\u00eda de Salud P\u00fablica (SSP) hizo un llamado a la poblaci\u00f3n a extremar En Sonora en Equipo publicamos toda la informaci\u00f3n de Sonora, M\u00e9xico y el Mundo de manera oportuna y busca que la libertad de expresi\u00f3n sea real. Visita nuestro medio informativo publicado desde Hermosillo, Sonora. %","robots":{"index":"index","follow":"follow","max-snippet":"max-snippet:-1","max-image-preview":"max-image-preview:large","max-video-preview":"max-video-preview:-1"},"canonical":"https:\/\/www.sonoraenequipo.com.mx\/llama-gobierno-de-sonora-a-prevenir-accidentes-durante-las-vacaciones\/","og_locale":"es_ES","og_type":"article","og_title":"Sonora en Equipo. Llama Gobierno de Sonora a prevenir accidentes durante las vacaciones Sonora","og_description":"HERMOSILLO, SONORA, MX. \u2014 Ante la cercan\u00eda de los d\u00edas de asueto, la Secretar\u00eda de Salud P\u00fablica (SSP) hizo un llamado a la poblaci\u00f3n a extremar En Sonora en Equipo publicamos toda la informaci\u00f3n de Sonora, M\u00e9xico y el Mundo de manera oportuna y busca que la libertad de expresi\u00f3n sea real. Visita nuestro medio informativo publicado desde Hermosillo, Sonora. %","og_url":"https:\/\/www.sonoraenequipo.com.mx\/llama-gobierno-de-sonora-a-prevenir-accidentes-durante-las-vacaciones\/","og_site_name":"Sonora en Equipo.","article_publisher":"https:\/\/www.facebook.com\/SonoraEE\/","article_author":"https:\/\/www.facebook.com\/SonoraEE","article_published_time":"2025-04-09T23:32:45+00:00","article_modified_time":"2025-04-09T23:32:48+00:00","og_image":[{"width":600,"height":400,"url":"https:\/\/www.sonoraenequipo.com.mx\/storage\/2025\/04\/carro-chocado.jpg","type":"image\/jpeg"}],"author":"enequipo","twitter_card":"summary_large_image","twitter_creator":"@sonoraenequipo","twitter_site":"@sonoraenequipo","twitter_misc":{"Escrito por":"enequipo","Tiempo de lectura":"2 minutos"},"schema":{"@context":"https:\/\/schema.org","@graph":[{"@type":"Article","@id":"https:\/\/www.sonoraenequipo.com.mx\/llama-gobierno-de-sonora-a-prevenir-accidentes-durante-las-vacaciones\/#article","isPartOf":{"@id":"https:\/\/www.sonoraenequipo.com.mx\/llama-gobierno-de-sonora-a-prevenir-accidentes-durante-las-vacaciones\/"},"author":{"name":"enequipo","@id":"https:\/\/www.sonoraenequipo.com.mx\/#\/schema\/person\/50102df0fb23a8fa9e8effad8fa81386"},"headline":"Llama Gobierno de Sonora a prevenir accidentes durante las vacaciones","datePublished":"2025-04-09T23:32:45+00:00","dateModified":"2025-04-09T23:32:48+00:00","mainEntityOfPage":{"@id":"https:\/\/www.sonoraenequipo.com.mx\/llama-gobierno-de-sonora-a-prevenir-accidentes-durante-las-vacaciones\/"},"wordCount":466,"commentCount":0,"publisher":{"@id":"https:\/\/www.sonoraenequipo.com.mx\/#organization"},"image":{"@id":"https:\/\/www.sonoraenequipo.com.mx\/llama-gobierno-de-sonora-a-prevenir-accidentes-durante-las-vacaciones\/#primaryimage"},"thumbnailUrl":"https:\/\/www.sonoraenequipo.com.mx\/storage\/2025\/04\/carro-chocado.jpg","articleSection":["Sonora"],"inLanguage":"es","potentialAction":[{"@type":"CommentAction","name":"Comment","target":["https:\/\/www.sonoraenequipo.com.mx\/llama-gobierno-de-sonora-a-prevenir-accidentes-durante-las-vacaciones\/#respond"]}]},{"@type":"WebPage","@id":"https:\/\/www.sonoraenequipo.com.mx\/llama-gobierno-de-sonora-a-prevenir-accidentes-durante-las-vacaciones\/","url":"https:\/\/www.sonoraenequipo.com.mx\/llama-gobierno-de-sonora-a-prevenir-accidentes-durante-las-vacaciones\/","name":"Sonora en Equipo. Llama Gobierno de Sonora a prevenir accidentes durante las vacaciones Sonora","isPartOf":{"@id":"https:\/\/www.sonoraenequipo.com.mx\/#website"},"primaryImageOfPage":{"@id":"https:\/\/www.sonoraenequipo.com.mx\/llama-gobierno-de-sonora-a-prevenir-accidentes-durante-las-vacaciones\/#primaryimage"},"image":{"@id":"https:\/\/www.sonoraenequipo.com.mx\/llama-gobierno-de-sonora-a-prevenir-accidentes-durante-las-vacaciones\/#primaryimage"},"thumbnailUrl":"https:\/\/www.sonoraenequipo.com.mx\/storage\/2025\/04\/carro-chocado.jpg","datePublished":"2025-04-09T23:32:45+00:00","dateModified":"2025-04-09T23:32:48+00:00","description":"HERMOSILLO, SONORA, MX. \u2014 Ante la cercan\u00eda de los d\u00edas de asueto, la Secretar\u00eda de Salud P\u00fablica (SSP) hizo un llamado a la poblaci\u00f3n a extremar En Sonora en Equipo publicamos toda la informaci\u00f3n de Sonora, M\u00e9xico y el Mundo de manera oportuna y busca que la libertad de expresi\u00f3n sea real. Visita nuestro medio informativo publicado desde Hermosillo, Sonora. %","breadcrumb":{"@id":"https:\/\/www.sonoraenequipo.com.mx\/llama-gobierno-de-sonora-a-prevenir-accidentes-durante-las-vacaciones\/#breadcrumb"},"inLanguage":"es","potentialAction":[{"@type":"ReadAction","target":["https:\/\/www.sonoraenequipo.com.mx\/llama-gobierno-de-sonora-a-prevenir-accidentes-durante-las-vacaciones\/"]}]},{"@type":"ImageObject","inLanguage":"es","@id":"https:\/\/www.sonoraenequipo.com.mx\/llama-gobierno-de-sonora-a-prevenir-accidentes-durante-las-vacaciones\/#primaryimage","url":"https:\/\/www.sonoraenequipo.com.mx\/storage\/2025\/04\/carro-chocado.jpg","contentUrl":"https:\/\/www.sonoraenequipo.com.mx\/storage\/2025\/04\/carro-chocado.jpg","width":600,"height":400},{"@type":"BreadcrumbList","@id":"https:\/\/www.sonoraenequipo.com.mx\/llama-gobierno-de-sonora-a-prevenir-accidentes-durante-las-vacaciones\/#breadcrumb","itemListElement":[{"@type":"ListItem","position":1,"name":"Portada","item":"https:\/\/www.sonoraenequipo.com.mx\/"},{"@type":"ListItem","position":2,"name":"Llama Gobierno de Sonora a prevenir accidentes durante las vacaciones"}]},{"@type":"WebSite","@id":"https:\/\/www.sonoraenequipo.com.mx\/#website","url":"https:\/\/www.sonoraenequipo.com.mx\/","name":"Sonora en Equipo.","description":"Diario en l\u00ednea con Noticias desde Hermosillo, Sonora","publisher":{"@id":"https:\/\/www.sonoraenequipo.com.mx\/#organization"},"potentialAction":[{"@type":"SearchAction","target":{"@type":"EntryPoint","urlTemplate":"https:\/\/www.sonoraenequipo.com.mx\/?s={search_term_string}"},"query-input":{"@type":"PropertyValueSpecification","valueRequired":true,"valueName":"search_term_string"}}],"inLanguage":"es"},{"@type":"Organization","@id":"https:\/\/www.sonoraenequipo.com.mx\/#organization","name":"Sonoraenequipo.com.mx","url":"https:\/\/www.sonoraenequipo.com.mx\/","logo":{"@type":"ImageObject","inLanguage":"es","@id":"https:\/\/www.sonoraenequipo.com.mx\/#\/schema\/logo\/image\/","url":"https:\/\/www.sonoraenequipo.com.mx\/storage\/2019\/01\/sonoraenequipo_opt.png","contentUrl":"https:\/\/www.sonoraenequipo.com.mx\/storage\/2019\/01\/sonoraenequipo_opt.png","width":375,"height":125,"caption":"Sonoraenequipo.com.mx"},"image":{"@id":"https:\/\/www.sonoraenequipo.com.mx\/#\/schema\/logo\/image\/"},"sameAs":["https:\/\/www.facebook.com\/SonoraEE\/","https:\/\/x.com\/sonoraenequipo","https:\/\/www.youtube.com\/channel\/UC338nW-lPEYmJQs4ZABQ1SQ"]},{"@type":"Person","@id":"https:\/\/www.sonoraenequipo.com.mx\/#\/schema\/person\/50102df0fb23a8fa9e8effad8fa81386","name":"enequipo","image":{"@type":"ImageObject","inLanguage":"es","@id":"https:\/\/www.sonoraenequipo.com.mx\/#\/schema\/person\/image\/","url":"https:\/\/secure.gravatar.com\/avatar\/049821681b589dabc0bc20695993ccebb09f5b5d4d790cd9251b97faac7c652b?s=96&d=blank&r=g","contentUrl":"https:\/\/secure.gravatar.com\/avatar\/049821681b589dabc0bc20695993ccebb09f5b5d4d790cd9251b97faac7c652b?s=96&d=blank&r=g","caption":"enequipo"},"sameAs":["https:\/\/www.facebook.com\/SonoraEE"]}]}},"jetpack_featured_media_url":"https:\/\/www.sonoraenequipo.com.mx\/storage\/2025\/04\/carro-chocado.jpg","_links":{"self":[{"href":"https:\/\/www.sonoraenequipo.com.mx\/api\/wp\/v2\/posts\/213337","targetHints":{"allow":["GET"]}}],"collection":[{"href":"https:\/\/www.sonoraenequipo.com.mx\/api\/wp\/v2\/posts"}],"about":[{"href":"https:\/\/www.sonoraenequipo.com.mx\/api\/wp\/v2\/types\/post"}],"author":[{"embeddable":true,"href":"https:\/\/www.sonoraenequipo.com.mx\/api\/wp\/v2\/users\/1"}],"replies":[{"embeddable":true,"href":"https:\/\/www.sonoraenequipo.com.mx\/api\/wp\/v2\/comments?post=213337"}],"version-history":[{"count":1,"href":"https:\/\/www.sonoraenequipo.com.mx\/api\/wp\/v2\/posts\/213337\/revisions"}],"predecessor-version":[{"id":213339,"href":"https:\/\/www.sonoraenequipo.com.mx\/api\/wp\/v2\/posts\/213337\/revisions\/213339"}],"wp:featuredmedia":[{"embeddable":true,"href":"https:\/\/www.sonoraenequipo.com.mx\/api\/wp\/v2\/media\/213338"}],"wp:attachment":[{"href":"https:\/\/www.sonoraenequipo.com.mx\/api\/wp\/v2\/media?parent=213337"}],"wp:term":[{"taxonomy":"category","embeddable":true,"href":"https:\/\/www.sonoraenequipo.com.mx\/api\/wp\/v2\/categories?post=213337"},{"taxonomy":"post_tag","embeddable":true,"href":"https:\/\/www.sonoraenequipo.com.mx\/api\/wp\/v2\/tags?post=213337"}],"curies":[{"name":"wp","href":"https:\/\/api.w.org\/{rel}","templated":true}]}}