{"id":213340,"date":"2025-04-09T16:55:34","date_gmt":"2025-04-09T23:55:34","guid":{"rendered":"https:\/\/www.sonoraenequipo.com.mx\/?p=213340"},"modified":"2025-04-09T16:55:34","modified_gmt":"2025-04-09T23:55:34","slug":"francia-espera-reconocer-al-estado-palestino-en-junio-macron","status":"publish","type":"post","link":"https:\/\/www.sonoraenequipo.com.mx\/francia-espera-reconocer-al-estado-palestino-en-junio-macron\/","title":{"rendered":"Francia espera reconocer al estado palestino en junio: Macron"},"content":{"rendered":"<p>El presidente Emmanuel Macron anunci\u00f3 el mi\u00e9rcoles (09.04.2025) que Francia podr\u00eda reconocer al Estado palestino \u00aben junio\u00bb durante una conferencia que copresidir\u00e1 junto a Arabia Saudita en la sede de la ONU Nueva York y que permitir\u00eda, seg\u00fan el mandatario, que varios pa\u00edses de la regi\u00f3n reconozcan a Israel.<\/p>\n<p>&nbsp;<\/p>\n<p>\u00abDeber\u00edamos ir hacia un reconocimiento y avanzaremos en los pr\u00f3ximos meses\u00bb, declar\u00f3 Macron en una entrevista con la cadena France 5 difundida este mi\u00e9rcoles.<\/p>\n<p>&nbsp;<\/p>\n<p>\u00abNuestro objetivo es que en alg\u00fan momento en junio, junto con Arabia Saudita, en esta conferencia, vamos a finalizar este movimiento de reconocimiento mutuo de varias partes\u00bb, agreg\u00f3.<\/p>\n<p>&nbsp;<\/p>\n<p>\u00abLo har\u00e9 (&#8230;) porque creo que en alg\u00fan momento es lo justo y porque tambi\u00e9n quiero participar en una din\u00e1mica colectiva, que pueda permitir tambi\u00e9n a todos aquellos que defienden a Palestina reconocer a su vez a Israel, lo que muchos de ellos no hacen\u00bb, agreg\u00f3.<\/p>\n<p>&nbsp;<\/p>\n<p>La ministra de Relaciones Exteriores de la Autoridad Palestina, Varsen Aghabekian Shahin, celebr\u00f3 el anuncio como \u00abun paso en la direcci\u00f3n correcta\u00bb.<\/p>\n<p>&nbsp;<\/p>\n<p>El reconocimiento por parte de Francia del Estado palestino \u00abser\u00eda un paso en la direcci\u00f3n correcta, en consonancia con la defensa de los derechos del pueblo palestino y la soluci\u00f3n de dos Estados\u00bb, declar\u00f3 a la agencia AFP la ministra.<\/p>\n<p>&nbsp;<\/p>\n<p>Casi 150 pa\u00edses reconocen al Estado palestino. En mayo de 2024, Irlanda, Noruega y Espa\u00f1a dieron este paso, seguidos por Eslovenia en junio.<\/p>\n<p>&nbsp;<\/p>\n<p>El primer ministro israel\u00ed, Benjamin Netanyahu, rechaza la soluci\u00f3n de dos Estados.<\/p>\n<p>&nbsp;<\/p>\n<p>Para Macron, esto tambi\u00e9n permitir\u00e1 dejar las cosas claras \u00abpara luchar contra aquellos que niegan el derecho de Israel a existir, como es el caso de Ir\u00e1n\u00bb.<\/p>\n<p><strong>Fecha de publicaci\u00f3n mi\u00e9rcoles 9 de abril de 2025 \/DW<\/strong><\/p>\n","protected":false},"excerpt":{"rendered":"<p>El presidente Emmanuel Macron anunci\u00f3 el mi\u00e9rcoles (09.04.2025) que Francia podr\u00eda reconocer al Estado palestino&#8230;<\/p>\n","protected":false},"author":1,"featured_media":189566,"comment_status":"open","ping_status":"open","sticky":false,"template":"","format":"standard","meta":{"_monsterinsights_skip_tracking":false,"_monsterinsights_sitenote_active":false,"_monsterinsights_sitenote_note":"","_monsterinsights_sitenote_category":0,"footnotes":""},"categories":[3],"tags":[155,1102],"class_list":["post"],"yoast_head":" \n<title>Sonora en Equipo. Francia espera reconocer al estado palestino en junio: Macron MUNDO<\/title>\n<meta name=\"description\" content=\"El presidente Emmanuel Macron anunci\u00f3 el mi\u00e9rcoles (09.04.2025) que Francia podr\u00eda reconocer al Estado palestino &quot;en junio&quot; durante una conferencia que En Sonora en Equipo publicamos toda la informaci\u00f3n de Sonora, M\u00e9xico y el Mundo de manera oportuna y busca que la libertad de expresi\u00f3n sea real. Visita nuestro medio informativo publicado desde Hermosillo, Sonora. %\" \/>\n<meta name=\"robots\" content=\"index, follow, max-snippet:-1, max-image-preview:large, max-video-preview:-1\" \/>\n<link rel=\"canonical\" href=\"https:\/\/www.sonoraenequipo.com.mx\/francia-espera-reconocer-al-estado-palestino-en-junio-macron\/\" \/>\n<meta property=\"og:locale\" content=\"es_ES\" \/>\n<meta property=\"og:type\" content=\"article\" \/>\n<meta property=\"og:title\" content=\"Sonora en Equipo. Francia espera reconocer al estado palestino en junio: Macron MUNDO\" \/>\n<meta property=\"og:description\" content=\"El presidente Emmanuel Macron anunci\u00f3 el mi\u00e9rcoles (09.04.2025) que Francia podr\u00eda reconocer al Estado palestino &quot;en junio&quot; durante una conferencia que En Sonora en Equipo publicamos toda la informaci\u00f3n de Sonora, M\u00e9xico y el Mundo de manera oportuna y busca que la libertad de expresi\u00f3n sea real. Visita nuestro medio informativo publicado desde Hermosillo, Sonora. %\" \/>\n<meta property=\"og:url\" content=\"https:\/\/www.sonoraenequipo.com.mx\/francia-espera-reconocer-al-estado-palestino-en-junio-macron\/\" \/>\n<meta property=\"og:site_name\" content=\"Sonora en Equipo.\" \/>\n<meta property=\"article:publisher\" content=\"https:\/\/www.facebook.com\/SonoraEE\/\" \/>\n<meta property=\"article:author\" content=\"https:\/\/www.facebook.com\/SonoraEE\" \/>\n<meta property=\"article:published_time\" content=\"2025-04-09T23:55:34+00:00\" \/>\n<meta property=\"og:image\" content=\"https:\/\/www.sonoraenequipo.com.mx\/storage\/2024\/05\/Macron-Francia-min.jpg\" \/>\n\t<meta property=\"og:image:width\" content=\"1104\" \/>\n\t<meta property=\"og:image:height\" content=\"622\" \/>\n\t<meta property=\"og:image:type\" content=\"image\/jpeg\" \/>\n<meta name=\"author\" content=\"enequipo\" \/>\n<meta name=\"twitter:card\" content=\"summary_large_image\" \/>\n<meta name=\"twitter:creator\" content=\"@sonoraenequipo\" \/>\n<meta name=\"twitter:site\" content=\"@sonoraenequipo\" \/>\n<meta name=\"twitter:label1\" content=\"Escrito por\" \/>\n\t<meta name=\"twitter:data1\" content=\"enequipo\" \/>\n\t<meta name=\"twitter:label2\" content=\"Tiempo de lectura\" \/>\n\t<meta name=\"twitter:data2\" content=\"2 minutos\" \/>\n<script type=\"application\/ld+json\" class=\"yoast-schema-graph\">{\"@context\":\"https:\/\/schema.org\",\"@graph\":[{\"@type\":\"Article\",\"@id\":\"https:\/\/www.sonoraenequipo.com.mx\/francia-espera-reconocer-al-estado-palestino-en-junio-macron\/#article\",\"isPartOf\":{\"@id\":\"https:\/\/www.sonoraenequipo.com.mx\/francia-espera-reconocer-al-estado-palestino-en-junio-macron\/\"},\"author\":{\"name\":\"enequipo\",\"@id\":\"https:\/\/www.sonoraenequipo.com.mx\/#\/schema\/person\/50102df0fb23a8fa9e8effad8fa81386\"},\"headline\":\"Francia espera reconocer al estado palestino en junio: Macron\",\"datePublished\":\"2025-04-09T23:55:34+00:00\",\"mainEntityOfPage\":{\"@id\":\"https:\/\/www.sonoraenequipo.com.mx\/francia-espera-reconocer-al-estado-palestino-en-junio-macron\/\"},\"wordCount\":316,\"commentCount\":0,\"publisher\":{\"@id\":\"https:\/\/www.sonoraenequipo.com.mx\/#organization\"},\"image\":{\"@id\":\"https:\/\/www.sonoraenequipo.com.mx\/francia-espera-reconocer-al-estado-palestino-en-junio-macron\/#primaryimage\"},\"thumbnailUrl\":\"https:\/\/www.sonoraenequipo.com.mx\/storage\/2024\/05\/Macron-Francia-min.jpg\",\"keywords\":[\"Francia\",\"Palestina\"],\"articleSection\":[\"MUNDO\"],\"inLanguage\":\"es\",\"potentialAction\":[{\"@type\":\"CommentAction\",\"name\":\"Comment\",\"target\":[\"https:\/\/www.sonoraenequipo.com.mx\/francia-espera-reconocer-al-estado-palestino-en-junio-macron\/#respond\"]}]},{\"@type\":\"WebPage\",\"@id\":\"https:\/\/www.sonoraenequipo.com.mx\/francia-espera-reconocer-al-estado-palestino-en-junio-macron\/\",\"url\":\"https:\/\/www.sonoraenequipo.com.mx\/francia-espera-reconocer-al-estado-palestino-en-junio-macron\/\",\"name\":\"Sonora en Equipo. Francia espera reconocer al estado palestino en junio: Macron MUNDO\",\"isPartOf\":{\"@id\":\"https:\/\/www.sonoraenequipo.com.mx\/#website\"},\"primaryImageOfPage\":{\"@id\":\"https:\/\/www.sonoraenequipo.com.mx\/francia-espera-reconocer-al-estado-palestino-en-junio-macron\/#primaryimage\"},\"image\":{\"@id\":\"https:\/\/www.sonoraenequipo.com.mx\/francia-espera-reconocer-al-estado-palestino-en-junio-macron\/#primaryimage\"},\"thumbnailUrl\":\"https:\/\/www.sonoraenequipo.com.mx\/storage\/2024\/05\/Macron-Francia-min.jpg\",\"datePublished\":\"2025-04-09T23:55:34+00:00\",\"description\":\"El presidente Emmanuel Macron anunci\u00f3 el mi\u00e9rcoles (09.04.2025) que Francia podr\u00eda reconocer al Estado palestino \\\"en junio\\\" durante una conferencia que En Sonora en Equipo publicamos toda la informaci\u00f3n de Sonora, M\u00e9xico y el Mundo de manera oportuna y busca que la libertad de expresi\u00f3n sea real. Visita nuestro medio informativo publicado desde Hermosillo, Sonora. %\",\"breadcrumb\":{\"@id\":\"https:\/\/www.sonoraenequipo.com.mx\/francia-espera-reconocer-al-estado-palestino-en-junio-macron\/#breadcrumb\"},\"inLanguage\":\"es\",\"potentialAction\":[{\"@type\":\"ReadAction\",\"target\":[\"https:\/\/www.sonoraenequipo.com.mx\/francia-espera-reconocer-al-estado-palestino-en-junio-macron\/\"]}]},{\"@type\":\"ImageObject\",\"inLanguage\":\"es\",\"@id\":\"https:\/\/www.sonoraenequipo.com.mx\/francia-espera-reconocer-al-estado-palestino-en-junio-macron\/#primaryimage\",\"url\":\"https:\/\/www.sonoraenequipo.com.mx\/storage\/2024\/05\/Macron-Francia-min.jpg\",\"contentUrl\":\"https:\/\/www.sonoraenequipo.com.mx\/storage\/2024\/05\/Macron-Francia-min.jpg\",\"width\":1104,\"height\":622,\"caption\":\"Macron. Imagen de archivo\"},{\"@type\":\"BreadcrumbList\",\"@id\":\"https:\/\/www.sonoraenequipo.com.mx\/francia-espera-reconocer-al-estado-palestino-en-junio-macron\/#breadcrumb\",\"itemListElement\":[{\"@type\":\"ListItem\",\"position\":1,\"name\":\"Portada\",\"item\":\"https:\/\/www.sonoraenequipo.com.mx\/\"},{\"@type\":\"ListItem\",\"position\":2,\"name\":\"Francia espera reconocer al estado palestino en junio: Macron\"}]},{\"@type\":\"WebSite\",\"@id\":\"https:\/\/www.sonoraenequipo.com.mx\/#website\",\"url\":\"https:\/\/www.sonoraenequipo.com.mx\/\",\"name\":\"Sonora en Equipo.\",\"description\":\"Diario en l\u00ednea con Noticias desde Hermosillo, Sonora\",\"publisher\":{\"@id\":\"https:\/\/www.sonoraenequipo.com.mx\/#organization\"},\"potentialAction\":[{\"@type\":\"SearchAction\",\"target\":{\"@type\":\"EntryPoint\",\"urlTemplate\":\"https:\/\/www.sonoraenequipo.com.mx\/?s={search_term_string}\"},\"query-input\":{\"@type\":\"PropertyValueSpecification\",\"valueRequired\":true,\"valueName\":\"search_term_string\"}}],\"inLanguage\":\"es\"},{\"@type\":\"Organization\",\"@id\":\"https:\/\/www.sonoraenequipo.com.mx\/#organization\",\"name\":\"Sonoraenequipo.com.mx\",\"url\":\"https:\/\/www.sonoraenequipo.com.mx\/\",\"logo\":{\"@type\":\"ImageObject\",\"inLanguage\":\"es\",\"@id\":\"https:\/\/www.sonoraenequipo.com.mx\/#\/schema\/logo\/image\/\",\"url\":\"https:\/\/www.sonoraenequipo.com.mx\/storage\/2019\/01\/sonoraenequipo_opt.png\",\"contentUrl\":\"https:\/\/www.sonoraenequipo.com.mx\/storage\/2019\/01\/sonoraenequipo_opt.png\",\"width\":375,\"height\":125,\"caption\":\"Sonoraenequipo.com.mx\"},\"image\":{\"@id\":\"https:\/\/www.sonoraenequipo.com.mx\/#\/schema\/logo\/image\/\"},\"sameAs\":[\"https:\/\/www.facebook.com\/SonoraEE\/\",\"https:\/\/x.com\/sonoraenequipo\",\"https:\/\/www.youtube.com\/channel\/UC338nW-lPEYmJQs4ZABQ1SQ\"]},{\"@type\":\"Person\",\"@id\":\"https:\/\/www.sonoraenequipo.com.mx\/#\/schema\/person\/50102df0fb23a8fa9e8effad8fa81386\",\"name\":\"enequipo\",\"image\":{\"@type\":\"ImageObject\",\"inLanguage\":\"es\",\"@id\":\"https:\/\/www.sonoraenequipo.com.mx\/#\/schema\/person\/image\/\",\"url\":\"https:\/\/secure.gravatar.com\/avatar\/049821681b589dabc0bc20695993ccebb09f5b5d4d790cd9251b97faac7c652b?s=96&d=blank&r=g\",\"contentUrl\":\"https:\/\/secure.gravatar.com\/avatar\/049821681b589dabc0bc20695993ccebb09f5b5d4d790cd9251b97faac7c652b?s=96&d=blank&r=g\",\"caption\":\"enequipo\"},\"sameAs\":[\"https:\/\/www.facebook.com\/SonoraEE\"]}]}<\/script>\n ","yoast_head_json":{"title":"Sonora en Equipo. Francia espera reconocer al estado palestino en junio: Macron MUNDO","description":"El presidente Emmanuel Macron anunci\u00f3 el mi\u00e9rcoles (09.04.2025) que Francia podr\u00eda reconocer al Estado palestino \"en junio\" durante una conferencia que En Sonora en Equipo publicamos toda la informaci\u00f3n de Sonora, M\u00e9xico y el Mundo de manera oportuna y busca que la libertad de expresi\u00f3n sea real. Visita nuestro medio informativo publicado desde Hermosillo, Sonora. %","robots":{"index":"index","follow":"follow","max-snippet":"max-snippet:-1","max-image-preview":"max-image-preview:large","max-video-preview":"max-video-preview:-1"},"canonical":"https:\/\/www.sonoraenequipo.com.mx\/francia-espera-reconocer-al-estado-palestino-en-junio-macron\/","og_locale":"es_ES","og_type":"article","og_title":"Sonora en Equipo. Francia espera reconocer al estado palestino en junio: Macron MUNDO","og_description":"El presidente Emmanuel Macron anunci\u00f3 el mi\u00e9rcoles (09.04.2025) que Francia podr\u00eda reconocer al Estado palestino \"en junio\" durante una conferencia que En Sonora en Equipo publicamos toda la informaci\u00f3n de Sonora, M\u00e9xico y el Mundo de manera oportuna y busca que la libertad de expresi\u00f3n sea real. Visita nuestro medio informativo publicado desde Hermosillo, Sonora. %","og_url":"https:\/\/www.sonoraenequipo.com.mx\/francia-espera-reconocer-al-estado-palestino-en-junio-macron\/","og_site_name":"Sonora en Equipo.","article_publisher":"https:\/\/www.facebook.com\/SonoraEE\/","article_author":"https:\/\/www.facebook.com\/SonoraEE","article_published_time":"2025-04-09T23:55:34+00:00","og_image":[{"width":1104,"height":622,"url":"https:\/\/www.sonoraenequipo.com.mx\/storage\/2024\/05\/Macron-Francia-min.jpg","type":"image\/jpeg"}],"author":"enequipo","twitter_card":"summary_large_image","twitter_creator":"@sonoraenequipo","twitter_site":"@sonoraenequipo","twitter_misc":{"Escrito por":"enequipo","Tiempo de lectura":"2 minutos"},"schema":{"@context":"https:\/\/schema.org","@graph":[{"@type":"Article","@id":"https:\/\/www.sonoraenequipo.com.mx\/francia-espera-reconocer-al-estado-palestino-en-junio-macron\/#article","isPartOf":{"@id":"https:\/\/www.sonoraenequipo.com.mx\/francia-espera-reconocer-al-estado-palestino-en-junio-macron\/"},"author":{"name":"enequipo","@id":"https:\/\/www.sonoraenequipo.com.mx\/#\/schema\/person\/50102df0fb23a8fa9e8effad8fa81386"},"headline":"Francia espera reconocer al estado palestino en junio: Macron","datePublished":"2025-04-09T23:55:34+00:00","mainEntityOfPage":{"@id":"https:\/\/www.sonoraenequipo.com.mx\/francia-espera-reconocer-al-estado-palestino-en-junio-macron\/"},"wordCount":316,"commentCount":0,"publisher":{"@id":"https:\/\/www.sonoraenequipo.com.mx\/#organization"},"image":{"@id":"https:\/\/www.sonoraenequipo.com.mx\/francia-espera-reconocer-al-estado-palestino-en-junio-macron\/#primaryimage"},"thumbnailUrl":"https:\/\/www.sonoraenequipo.com.mx\/storage\/2024\/05\/Macron-Francia-min.jpg","keywords":["Francia","Palestina"],"articleSection":["MUNDO"],"inLanguage":"es","potentialAction":[{"@type":"CommentAction","name":"Comment","target":["https:\/\/www.sonoraenequipo.com.mx\/francia-espera-reconocer-al-estado-palestino-en-junio-macron\/#respond"]}]},{"@type":"WebPage","@id":"https:\/\/www.sonoraenequipo.com.mx\/francia-espera-reconocer-al-estado-palestino-en-junio-macron\/","url":"https:\/\/www.sonoraenequipo.com.mx\/francia-espera-reconocer-al-estado-palestino-en-junio-macron\/","name":"Sonora en Equipo. Francia espera reconocer al estado palestino en junio: Macron MUNDO","isPartOf":{"@id":"https:\/\/www.sonoraenequipo.com.mx\/#website"},"primaryImageOfPage":{"@id":"https:\/\/www.sonoraenequipo.com.mx\/francia-espera-reconocer-al-estado-palestino-en-junio-macron\/#primaryimage"},"image":{"@id":"https:\/\/www.sonoraenequipo.com.mx\/francia-espera-reconocer-al-estado-palestino-en-junio-macron\/#primaryimage"},"thumbnailUrl":"https:\/\/www.sonoraenequipo.com.mx\/storage\/2024\/05\/Macron-Francia-min.jpg","datePublished":"2025-04-09T23:55:34+00:00","description":"El presidente Emmanuel Macron anunci\u00f3 el mi\u00e9rcoles (09.04.2025) que Francia podr\u00eda reconocer al Estado palestino \"en junio\" durante una conferencia que En Sonora en Equipo publicamos toda la informaci\u00f3n de Sonora, M\u00e9xico y el Mundo de manera oportuna y busca que la libertad de expresi\u00f3n sea real. Visita nuestro medio informativo publicado desde Hermosillo, Sonora. %","breadcrumb":{"@id":"https:\/\/www.sonoraenequipo.com.mx\/francia-espera-reconocer-al-estado-palestino-en-junio-macron\/#breadcrumb"},"inLanguage":"es","potentialAction":[{"@type":"ReadAction","target":["https:\/\/www.sonoraenequipo.com.mx\/francia-espera-reconocer-al-estado-palestino-en-junio-macron\/"]}]},{"@type":"ImageObject","inLanguage":"es","@id":"https:\/\/www.sonoraenequipo.com.mx\/francia-espera-reconocer-al-estado-palestino-en-junio-macron\/#primaryimage","url":"https:\/\/www.sonoraenequipo.com.mx\/storage\/2024\/05\/Macron-Francia-min.jpg","contentUrl":"https:\/\/www.sonoraenequipo.com.mx\/storage\/2024\/05\/Macron-Francia-min.jpg","width":1104,"height":622,"caption":"Macron. Imagen de archivo"},{"@type":"BreadcrumbList","@id":"https:\/\/www.sonoraenequipo.com.mx\/francia-espera-reconocer-al-estado-palestino-en-junio-macron\/#breadcrumb","itemListElement":[{"@type":"ListItem","position":1,"name":"Portada","item":"https:\/\/www.sonoraenequipo.com.mx\/"},{"@type":"ListItem","position":2,"name":"Francia espera reconocer al estado palestino en junio: Macron"}]},{"@type":"WebSite","@id":"https:\/\/www.sonoraenequipo.com.mx\/#website","url":"https:\/\/www.sonoraenequipo.com.mx\/","name":"Sonora en Equipo.","description":"Diario en l\u00ednea con Noticias desde Hermosillo, Sonora","publisher":{"@id":"https:\/\/www.sonoraenequipo.com.mx\/#organization"},"potentialAction":[{"@type":"SearchAction","target":{"@type":"EntryPoint","urlTemplate":"https:\/\/www.sonoraenequipo.com.mx\/?s={search_term_string}"},"query-input":{"@type":"PropertyValueSpecification","valueRequired":true,"valueName":"search_term_string"}}],"inLanguage":"es"},{"@type":"Organization","@id":"https:\/\/www.sonoraenequipo.com.mx\/#organization","name":"Sonoraenequipo.com.mx","url":"https:\/\/www.sonoraenequipo.com.mx\/","logo":{"@type":"ImageObject","inLanguage":"es","@id":"https:\/\/www.sonoraenequipo.com.mx\/#\/schema\/logo\/image\/","url":"https:\/\/www.sonoraenequipo.com.mx\/storage\/2019\/01\/sonoraenequipo_opt.png","contentUrl":"https:\/\/www.sonoraenequipo.com.mx\/storage\/2019\/01\/sonoraenequipo_opt.png","width":375,"height":125,"caption":"Sonoraenequipo.com.mx"},"image":{"@id":"https:\/\/www.sonoraenequipo.com.mx\/#\/schema\/logo\/image\/"},"sameAs":["https:\/\/www.facebook.com\/SonoraEE\/","https:\/\/x.com\/sonoraenequipo","https:\/\/www.youtube.com\/channel\/UC338nW-lPEYmJQs4ZABQ1SQ"]},{"@type":"Person","@id":"https:\/\/www.sonoraenequipo.com.mx\/#\/schema\/person\/50102df0fb23a8fa9e8effad8fa81386","name":"enequipo","image":{"@type":"ImageObject","inLanguage":"es","@id":"https:\/\/www.sonoraenequipo.com.mx\/#\/schema\/person\/image\/","url":"https:\/\/secure.gravatar.com\/avatar\/049821681b589dabc0bc20695993ccebb09f5b5d4d790cd9251b97faac7c652b?s=96&d=blank&r=g","contentUrl":"https:\/\/secure.gravatar.com\/avatar\/049821681b589dabc0bc20695993ccebb09f5b5d4d790cd9251b97faac7c652b?s=96&d=blank&r=g","caption":"enequipo"},"sameAs":["https:\/\/www.facebook.com\/SonoraEE"]}]}},"jetpack_featured_media_url":"https:\/\/www.sonoraenequipo.com.mx\/storage\/2024\/05\/Macron-Francia-min.jpg","_links":{"self":[{"href":"https:\/\/www.sonoraenequipo.com.mx\/api\/wp\/v2\/posts\/213340","targetHints":{"allow":["GET"]}}],"collection":[{"href":"https:\/\/www.sonoraenequipo.com.mx\/api\/wp\/v2\/posts"}],"about":[{"href":"https:\/\/www.sonoraenequipo.com.mx\/api\/wp\/v2\/types\/post"}],"author":[{"embeddable":true,"href":"https:\/\/www.sonoraenequipo.com.mx\/api\/wp\/v2\/users\/1"}],"replies":[{"embeddable":true,"href":"https:\/\/www.sonoraenequipo.com.mx\/api\/wp\/v2\/comments?post=213340"}],"version-history":[{"count":1,"href":"https:\/\/www.sonoraenequipo.com.mx\/api\/wp\/v2\/posts\/213340\/revisions"}],"predecessor-version":[{"id":213341,"href":"https:\/\/www.sonoraenequipo.com.mx\/api\/wp\/v2\/posts\/213340\/revisions\/213341"}],"wp:featuredmedia":[{"embeddable":true,"href":"https:\/\/www.sonoraenequipo.com.mx\/api\/wp\/v2\/media\/189566"}],"wp:attachment":[{"href":"https:\/\/www.sonoraenequipo.com.mx\/api\/wp\/v2\/media?parent=213340"}],"wp:term":[{"taxonomy":"category","embeddable":true,"href":"https:\/\/www.sonoraenequipo.com.mx\/api\/wp\/v2\/categories?post=213340"},{"taxonomy":"post_tag","embeddable":true,"href":"https:\/\/www.sonoraenequipo.com.mx\/api\/wp\/v2\/tags?post=213340"}],"curies":[{"name":"wp","href":"https:\/\/api.w.org\/{rel}","templated":true}]}}