{"id":213345,"date":"2025-04-09T17:11:11","date_gmt":"2025-04-10T00:11:11","guid":{"rendered":"https:\/\/www.sonoraenequipo.com.mx\/?p=213345"},"modified":"2025-04-09T17:11:11","modified_gmt":"2025-04-10T00:11:11","slug":"todo-listo-para-iniciar-operativo-de-semana-santa-2025-tono-astiazaran","status":"publish","type":"post","link":"https:\/\/www.sonoraenequipo.com.mx\/todo-listo-para-iniciar-operativo-de-semana-santa-2025-tono-astiazaran\/","title":{"rendered":"Todo listo para iniciar Operativo de Semana Santa 2025: To\u00f1o Astiazar\u00e1n"},"content":{"rendered":"<p>&nbsp;<\/p>\n<p><strong>HERMOSILLO, SONORA, MX.<\/strong> \u2014 Todo listo para iniciar el Operativo de Semana Santa 2025 donde destaca la seguridad de residentes y visitantes, puntualiz\u00f3 el presidente municipal Antonio Astiazar\u00e1n Guti\u00e9rrez.<\/p>\n<p>&nbsp;<\/p>\n<p>&nbsp;<\/p>\n<p>&nbsp;<\/p>\n<p>To\u00f1o Astiazar\u00e1n recibi\u00f3 informes de cada dependencia para el correcto desarrollo del operativo de este a\u00f1o actividades que tendr\u00e1n lugar del 17 al 20 de abril.<\/p>\n<p>&nbsp;<\/p>\n<p>&nbsp;<\/p>\n<p>&nbsp;<\/p>\n<p>Incluye la instalaci\u00f3n de 13 puntos de seguridad preventiva en puntos estrat\u00e9gicos del \u00e1rea rural poniente y oriente, los operativos carrusel en la carretera a Bah\u00eda de Kino, se\u00f1alizaci\u00f3n vial y control del tr\u00e1fico vehicular.<\/p>\n<p>&nbsp;<\/p>\n<p>&nbsp;<\/p>\n<p>&nbsp;<\/p>\n<p>El comit\u00e9 se coordinar\u00e1 con Cruz Roja de Hermosillo, que desplegar\u00e1 70 elementos y 2 ambulancias, una cuatrimoto y 4 desfibriladores autom\u00e1ticos y tambi\u00e9n con el Centro de Salud y la cl\u00ednica del IMSS del Poblado Miguel Alem\u00e1n y el Centro de Salud Bah\u00eda de Kino, a fin de proporcionar la atenci\u00f3n m\u00e9dica que residentes y visitantes requieran, se explic\u00f3.<\/p>\n<p>&nbsp;<\/p>\n<p>&nbsp;<\/p>\n<p>&nbsp;<\/p>\n<p>Se dispondr\u00e1n 9 torres con salvavidas en playa y mar y los drones del grupo operativo Escuadrones apoyar\u00e1n la vigilancia a\u00e9rea que sea necesaria.<\/p>\n<p>&nbsp;<\/p>\n<p>&nbsp;<\/p>\n<p>&nbsp;<\/p>\n<p>Previendo el incremento en el volumen de desechos en playas, se preparan 3 centros de transferencia, 2 rutas de recolecci\u00f3n y actividades permanentes como el escuadr\u00f3n de limpieza, el centro de reciclaje, puntos de hidrataci\u00f3n, distribuci\u00f3n de bolsas ecol\u00f3gicas y reforzamiento de la cultura del reciclaje.<\/p>\n<p>&nbsp;<\/p>\n<p>&nbsp;<\/p>\n<p>&nbsp;<\/p>\n<p>Para el orden de la actividad comercial en los puntos que concentran visitantes la Direcci\u00f3n de Inspecci\u00f3n y Vigilancia movilizar\u00e1 a 19 personas e instalar\u00e1 dos puntos fijos para la gesti\u00f3n de permisos de venta ambulante, uno en la comisar\u00eda de Kino Pueblo y otro en el \u00e1rea de El Domo en Kino Nuevo, adem\u00e1s de que se pondr\u00e1 especial atenci\u00f3n al orden, limpieza y seguridad durante actividades de esparcimiento masivas.<\/p>\n<p>&nbsp;<\/p>\n<p>&nbsp;<\/p>\n<p>&nbsp;<\/p>\n<p>Se preparan zonas espec\u00edficas que se asignar\u00e1n como Camping Seguro para proveer a quienes opten por esa forma de alojamiento una experiencia segura y ordenada, adem\u00e1s de que se colocar\u00e1n 80 sanitarios port\u00e1tiles.<\/p>\n<p>&nbsp;<\/p>\n<p>&nbsp;<\/p>\n<p>&nbsp;<\/p>\n<p>Los preparativos de Semana Santa incluyeron el raspado de los caminos de terracer\u00eda que comunican con las comunidades rurales receptoras de visitantes en esta temporada, de los cuales ya se intervinieron 145 mil 305 metros lineales y est\u00e1n en proceso de rehabilitaci\u00f3n 149 mil 222 metros lineales.<\/p>\n<p>&nbsp;<\/p>\n<p>&nbsp;<\/p>\n<p>&nbsp;<\/p>\n<p>En cuanto a esparcimiento para visitantes y residentes, el programa V\u00edactiva se ofrecer\u00e1 en modalidad de Domingos de Feria y habr\u00e1 recorridos del Troleb\u00fas Tur\u00edstico disponibles para esparcimiento de las familias que permanezcan en la ciudad.<\/p>\n<p>&nbsp;<\/p>\n<p>&nbsp;<\/p>\n<p>&nbsp;<\/p>\n<p>Participaron las y los titulares de Secretar\u00eda del Ayuntamiento, Polic\u00eda Preventiva y Tr\u00e1nsito Municipal, la Coordinaci\u00f3n Municipal de Protecci\u00f3n Civil, Bomberos de Hermosillo, Agua de Hermosillo, Direcci\u00f3n de Inspecci\u00f3n y Vigilancia, la Direcci\u00f3n General de Desarrollo de Infraestructura; Comisar\u00eda de Bah\u00eda de Kino y Salud P\u00fablica Municipal.<\/p>\n<p><strong>Fecha de publicaci\u00f3n mi\u00e9rcoles 9 de abril de 2025 \/<\/strong><\/p>\n<p>&nbsp;<\/p>\n","protected":false},"excerpt":{"rendered":"<p>&nbsp; HERMOSILLO, SONORA, MX. \u2014 Todo listo para iniciar el Operativo de Semana Santa 2025&#8230;<\/p>\n","protected":false},"author":1,"featured_media":213346,"comment_status":"open","ping_status":"open","sticky":false,"template":"","format":"standard","meta":{"_monsterinsights_skip_tracking":false,"_monsterinsights_sitenote_active":false,"_monsterinsights_sitenote_note":"","_monsterinsights_sitenote_category":0,"footnotes":""},"categories":[4],"tags":[35,11111,5575],"class_list":["post"],"yoast_head":" \n<title>Sonora en Equipo. Todo listo para iniciar Operativo de Semana Santa 2025: To\u00f1o Astiazar\u00e1n Municipios<\/title>\n<meta name=\"description\" content=\"&nbsp; HERMOSILLO, SONORA, MX. \u2014 Todo listo para iniciar el Operativo de Semana Santa 2025 donde destaca la seguridad de residentes y visitantes, En Sonora en Equipo publicamos toda la informaci\u00f3n de Sonora, M\u00e9xico y el Mundo de manera oportuna y busca que la libertad de expresi\u00f3n sea real. Visita nuestro medio informativo publicado desde Hermosillo, Sonora. %\" \/>\n<meta name=\"robots\" content=\"index, follow, max-snippet:-1, max-image-preview:large, max-video-preview:-1\" \/>\n<link rel=\"canonical\" href=\"https:\/\/www.sonoraenequipo.com.mx\/todo-listo-para-iniciar-operativo-de-semana-santa-2025-tono-astiazaran\/\" \/>\n<meta property=\"og:locale\" content=\"es_ES\" \/>\n<meta property=\"og:type\" content=\"article\" \/>\n<meta property=\"og:title\" content=\"Sonora en Equipo. Todo listo para iniciar Operativo de Semana Santa 2025: To\u00f1o Astiazar\u00e1n Municipios\" \/>\n<meta property=\"og:description\" content=\"&nbsp; HERMOSILLO, SONORA, MX. \u2014 Todo listo para iniciar el Operativo de Semana Santa 2025 donde destaca la seguridad de residentes y visitantes, En Sonora en Equipo publicamos toda la informaci\u00f3n de Sonora, M\u00e9xico y el Mundo de manera oportuna y busca que la libertad de expresi\u00f3n sea real. Visita nuestro medio informativo publicado desde Hermosillo, Sonora. %\" \/>\n<meta property=\"og:url\" content=\"https:\/\/www.sonoraenequipo.com.mx\/todo-listo-para-iniciar-operativo-de-semana-santa-2025-tono-astiazaran\/\" \/>\n<meta property=\"og:site_name\" content=\"Sonora en Equipo.\" \/>\n<meta property=\"article:publisher\" content=\"https:\/\/www.facebook.com\/SonoraEE\/\" \/>\n<meta property=\"article:author\" content=\"https:\/\/www.facebook.com\/SonoraEE\" \/>\n<meta property=\"article:published_time\" content=\"2025-04-10T00:11:11+00:00\" \/>\n<meta property=\"og:image\" content=\"https:\/\/www.sonoraenequipo.com.mx\/storage\/2025\/04\/tono-semana-santa.jpg\" \/>\n\t<meta property=\"og:image:width\" content=\"600\" \/>\n\t<meta property=\"og:image:height\" content=\"400\" \/>\n\t<meta property=\"og:image:type\" content=\"image\/jpeg\" \/>\n<meta name=\"author\" content=\"enequipo\" \/>\n<meta name=\"twitter:card\" content=\"summary_large_image\" \/>\n<meta name=\"twitter:creator\" content=\"@sonoraenequipo\" \/>\n<meta name=\"twitter:site\" content=\"@sonoraenequipo\" \/>\n<meta name=\"twitter:label1\" content=\"Escrito por\" \/>\n\t<meta name=\"twitter:data1\" content=\"enequipo\" \/>\n\t<meta name=\"twitter:label2\" content=\"Tiempo de lectura\" \/>\n\t<meta name=\"twitter:data2\" content=\"3 minutos\" \/>\n<script type=\"application\/ld+json\" class=\"yoast-schema-graph\">{\"@context\":\"https:\/\/schema.org\",\"@graph\":[{\"@type\":\"Article\",\"@id\":\"https:\/\/www.sonoraenequipo.com.mx\/todo-listo-para-iniciar-operativo-de-semana-santa-2025-tono-astiazaran\/#article\",\"isPartOf\":{\"@id\":\"https:\/\/www.sonoraenequipo.com.mx\/todo-listo-para-iniciar-operativo-de-semana-santa-2025-tono-astiazaran\/\"},\"author\":{\"name\":\"enequipo\",\"@id\":\"https:\/\/www.sonoraenequipo.com.mx\/#\/schema\/person\/50102df0fb23a8fa9e8effad8fa81386\"},\"headline\":\"Todo listo para iniciar Operativo de Semana Santa 2025: To\u00f1o Astiazar\u00e1n\",\"datePublished\":\"2025-04-10T00:11:11+00:00\",\"mainEntityOfPage\":{\"@id\":\"https:\/\/www.sonoraenequipo.com.mx\/todo-listo-para-iniciar-operativo-de-semana-santa-2025-tono-astiazaran\/\"},\"wordCount\":545,\"commentCount\":0,\"publisher\":{\"@id\":\"https:\/\/www.sonoraenequipo.com.mx\/#organization\"},\"image\":{\"@id\":\"https:\/\/www.sonoraenequipo.com.mx\/todo-listo-para-iniciar-operativo-de-semana-santa-2025-tono-astiazaran\/#primaryimage\"},\"thumbnailUrl\":\"https:\/\/www.sonoraenequipo.com.mx\/storage\/2025\/04\/tono-semana-santa.jpg\",\"keywords\":[\"hermosillo\",\"operativo2025\",\"semanasanta\"],\"articleSection\":[\"Municipios\"],\"inLanguage\":\"es\",\"potentialAction\":[{\"@type\":\"CommentAction\",\"name\":\"Comment\",\"target\":[\"https:\/\/www.sonoraenequipo.com.mx\/todo-listo-para-iniciar-operativo-de-semana-santa-2025-tono-astiazaran\/#respond\"]}]},{\"@type\":\"WebPage\",\"@id\":\"https:\/\/www.sonoraenequipo.com.mx\/todo-listo-para-iniciar-operativo-de-semana-santa-2025-tono-astiazaran\/\",\"url\":\"https:\/\/www.sonoraenequipo.com.mx\/todo-listo-para-iniciar-operativo-de-semana-santa-2025-tono-astiazaran\/\",\"name\":\"Sonora en Equipo. Todo listo para iniciar Operativo de Semana Santa 2025: To\u00f1o Astiazar\u00e1n Municipios\",\"isPartOf\":{\"@id\":\"https:\/\/www.sonoraenequipo.com.mx\/#website\"},\"primaryImageOfPage\":{\"@id\":\"https:\/\/www.sonoraenequipo.com.mx\/todo-listo-para-iniciar-operativo-de-semana-santa-2025-tono-astiazaran\/#primaryimage\"},\"image\":{\"@id\":\"https:\/\/www.sonoraenequipo.com.mx\/todo-listo-para-iniciar-operativo-de-semana-santa-2025-tono-astiazaran\/#primaryimage\"},\"thumbnailUrl\":\"https:\/\/www.sonoraenequipo.com.mx\/storage\/2025\/04\/tono-semana-santa.jpg\",\"datePublished\":\"2025-04-10T00:11:11+00:00\",\"description\":\"&nbsp; HERMOSILLO, SONORA, MX. \u2014 Todo listo para iniciar el Operativo de Semana Santa 2025 donde destaca la seguridad de residentes y visitantes, En Sonora en Equipo publicamos toda la informaci\u00f3n de Sonora, M\u00e9xico y el Mundo de manera oportuna y busca que la libertad de expresi\u00f3n sea real. Visita nuestro medio informativo publicado desde Hermosillo, Sonora. %\",\"breadcrumb\":{\"@id\":\"https:\/\/www.sonoraenequipo.com.mx\/todo-listo-para-iniciar-operativo-de-semana-santa-2025-tono-astiazaran\/#breadcrumb\"},\"inLanguage\":\"es\",\"potentialAction\":[{\"@type\":\"ReadAction\",\"target\":[\"https:\/\/www.sonoraenequipo.com.mx\/todo-listo-para-iniciar-operativo-de-semana-santa-2025-tono-astiazaran\/\"]}]},{\"@type\":\"ImageObject\",\"inLanguage\":\"es\",\"@id\":\"https:\/\/www.sonoraenequipo.com.mx\/todo-listo-para-iniciar-operativo-de-semana-santa-2025-tono-astiazaran\/#primaryimage\",\"url\":\"https:\/\/www.sonoraenequipo.com.mx\/storage\/2025\/04\/tono-semana-santa.jpg\",\"contentUrl\":\"https:\/\/www.sonoraenequipo.com.mx\/storage\/2025\/04\/tono-semana-santa.jpg\",\"width\":600,\"height\":400},{\"@type\":\"BreadcrumbList\",\"@id\":\"https:\/\/www.sonoraenequipo.com.mx\/todo-listo-para-iniciar-operativo-de-semana-santa-2025-tono-astiazaran\/#breadcrumb\",\"itemListElement\":[{\"@type\":\"ListItem\",\"position\":1,\"name\":\"Portada\",\"item\":\"https:\/\/www.sonoraenequipo.com.mx\/\"},{\"@type\":\"ListItem\",\"position\":2,\"name\":\"Todo listo para iniciar Operativo de Semana Santa 2025: To\u00f1o Astiazar\u00e1n\"}]},{\"@type\":\"WebSite\",\"@id\":\"https:\/\/www.sonoraenequipo.com.mx\/#website\",\"url\":\"https:\/\/www.sonoraenequipo.com.mx\/\",\"name\":\"Sonora en Equipo.\",\"description\":\"Diario en l\u00ednea con Noticias desde Hermosillo, Sonora\",\"publisher\":{\"@id\":\"https:\/\/www.sonoraenequipo.com.mx\/#organization\"},\"potentialAction\":[{\"@type\":\"SearchAction\",\"target\":{\"@type\":\"EntryPoint\",\"urlTemplate\":\"https:\/\/www.sonoraenequipo.com.mx\/?s={search_term_string}\"},\"query-input\":{\"@type\":\"PropertyValueSpecification\",\"valueRequired\":true,\"valueName\":\"search_term_string\"}}],\"inLanguage\":\"es\"},{\"@type\":\"Organization\",\"@id\":\"https:\/\/www.sonoraenequipo.com.mx\/#organization\",\"name\":\"Sonoraenequipo.com.mx\",\"url\":\"https:\/\/www.sonoraenequipo.com.mx\/\",\"logo\":{\"@type\":\"ImageObject\",\"inLanguage\":\"es\",\"@id\":\"https:\/\/www.sonoraenequipo.com.mx\/#\/schema\/logo\/image\/\",\"url\":\"https:\/\/www.sonoraenequipo.com.mx\/storage\/2019\/01\/sonoraenequipo_opt.png\",\"contentUrl\":\"https:\/\/www.sonoraenequipo.com.mx\/storage\/2019\/01\/sonoraenequipo_opt.png\",\"width\":375,\"height\":125,\"caption\":\"Sonoraenequipo.com.mx\"},\"image\":{\"@id\":\"https:\/\/www.sonoraenequipo.com.mx\/#\/schema\/logo\/image\/\"},\"sameAs\":[\"https:\/\/www.facebook.com\/SonoraEE\/\",\"https:\/\/x.com\/sonoraenequipo\",\"https:\/\/www.youtube.com\/channel\/UC338nW-lPEYmJQs4ZABQ1SQ\"]},{\"@type\":\"Person\",\"@id\":\"https:\/\/www.sonoraenequipo.com.mx\/#\/schema\/person\/50102df0fb23a8fa9e8effad8fa81386\",\"name\":\"enequipo\",\"image\":{\"@type\":\"ImageObject\",\"inLanguage\":\"es\",\"@id\":\"https:\/\/www.sonoraenequipo.com.mx\/#\/schema\/person\/image\/\",\"url\":\"https:\/\/secure.gravatar.com\/avatar\/049821681b589dabc0bc20695993ccebb09f5b5d4d790cd9251b97faac7c652b?s=96&d=blank&r=g\",\"contentUrl\":\"https:\/\/secure.gravatar.com\/avatar\/049821681b589dabc0bc20695993ccebb09f5b5d4d790cd9251b97faac7c652b?s=96&d=blank&r=g\",\"caption\":\"enequipo\"},\"sameAs\":[\"https:\/\/www.facebook.com\/SonoraEE\"]}]}<\/script>\n ","yoast_head_json":{"title":"Sonora en Equipo. Todo listo para iniciar Operativo de Semana Santa 2025: To\u00f1o Astiazar\u00e1n Municipios","description":"&nbsp; HERMOSILLO, SONORA, MX. \u2014 Todo listo para iniciar el Operativo de Semana Santa 2025 donde destaca la seguridad de residentes y visitantes, En Sonora en Equipo publicamos toda la informaci\u00f3n de Sonora, M\u00e9xico y el Mundo de manera oportuna y busca que la libertad de expresi\u00f3n sea real. Visita nuestro medio informativo publicado desde Hermosillo, Sonora. %","robots":{"index":"index","follow":"follow","max-snippet":"max-snippet:-1","max-image-preview":"max-image-preview:large","max-video-preview":"max-video-preview:-1"},"canonical":"https:\/\/www.sonoraenequipo.com.mx\/todo-listo-para-iniciar-operativo-de-semana-santa-2025-tono-astiazaran\/","og_locale":"es_ES","og_type":"article","og_title":"Sonora en Equipo. Todo listo para iniciar Operativo de Semana Santa 2025: To\u00f1o Astiazar\u00e1n Municipios","og_description":"&nbsp; HERMOSILLO, SONORA, MX. \u2014 Todo listo para iniciar el Operativo de Semana Santa 2025 donde destaca la seguridad de residentes y visitantes, En Sonora en Equipo publicamos toda la informaci\u00f3n de Sonora, M\u00e9xico y el Mundo de manera oportuna y busca que la libertad de expresi\u00f3n sea real. Visita nuestro medio informativo publicado desde Hermosillo, Sonora. %","og_url":"https:\/\/www.sonoraenequipo.com.mx\/todo-listo-para-iniciar-operativo-de-semana-santa-2025-tono-astiazaran\/","og_site_name":"Sonora en Equipo.","article_publisher":"https:\/\/www.facebook.com\/SonoraEE\/","article_author":"https:\/\/www.facebook.com\/SonoraEE","article_published_time":"2025-04-10T00:11:11+00:00","og_image":[{"width":600,"height":400,"url":"https:\/\/www.sonoraenequipo.com.mx\/storage\/2025\/04\/tono-semana-santa.jpg","type":"image\/jpeg"}],"author":"enequipo","twitter_card":"summary_large_image","twitter_creator":"@sonoraenequipo","twitter_site":"@sonoraenequipo","twitter_misc":{"Escrito por":"enequipo","Tiempo de lectura":"3 minutos"},"schema":{"@context":"https:\/\/schema.org","@graph":[{"@type":"Article","@id":"https:\/\/www.sonoraenequipo.com.mx\/todo-listo-para-iniciar-operativo-de-semana-santa-2025-tono-astiazaran\/#article","isPartOf":{"@id":"https:\/\/www.sonoraenequipo.com.mx\/todo-listo-para-iniciar-operativo-de-semana-santa-2025-tono-astiazaran\/"},"author":{"name":"enequipo","@id":"https:\/\/www.sonoraenequipo.com.mx\/#\/schema\/person\/50102df0fb23a8fa9e8effad8fa81386"},"headline":"Todo listo para iniciar Operativo de Semana Santa 2025: To\u00f1o Astiazar\u00e1n","datePublished":"2025-04-10T00:11:11+00:00","mainEntityOfPage":{"@id":"https:\/\/www.sonoraenequipo.com.mx\/todo-listo-para-iniciar-operativo-de-semana-santa-2025-tono-astiazaran\/"},"wordCount":545,"commentCount":0,"publisher":{"@id":"https:\/\/www.sonoraenequipo.com.mx\/#organization"},"image":{"@id":"https:\/\/www.sonoraenequipo.com.mx\/todo-listo-para-iniciar-operativo-de-semana-santa-2025-tono-astiazaran\/#primaryimage"},"thumbnailUrl":"https:\/\/www.sonoraenequipo.com.mx\/storage\/2025\/04\/tono-semana-santa.jpg","keywords":["hermosillo","operativo2025","semanasanta"],"articleSection":["Municipios"],"inLanguage":"es","potentialAction":[{"@type":"CommentAction","name":"Comment","target":["https:\/\/www.sonoraenequipo.com.mx\/todo-listo-para-iniciar-operativo-de-semana-santa-2025-tono-astiazaran\/#respond"]}]},{"@type":"WebPage","@id":"https:\/\/www.sonoraenequipo.com.mx\/todo-listo-para-iniciar-operativo-de-semana-santa-2025-tono-astiazaran\/","url":"https:\/\/www.sonoraenequipo.com.mx\/todo-listo-para-iniciar-operativo-de-semana-santa-2025-tono-astiazaran\/","name":"Sonora en Equipo. Todo listo para iniciar Operativo de Semana Santa 2025: To\u00f1o Astiazar\u00e1n Municipios","isPartOf":{"@id":"https:\/\/www.sonoraenequipo.com.mx\/#website"},"primaryImageOfPage":{"@id":"https:\/\/www.sonoraenequipo.com.mx\/todo-listo-para-iniciar-operativo-de-semana-santa-2025-tono-astiazaran\/#primaryimage"},"image":{"@id":"https:\/\/www.sonoraenequipo.com.mx\/todo-listo-para-iniciar-operativo-de-semana-santa-2025-tono-astiazaran\/#primaryimage"},"thumbnailUrl":"https:\/\/www.sonoraenequipo.com.mx\/storage\/2025\/04\/tono-semana-santa.jpg","datePublished":"2025-04-10T00:11:11+00:00","description":"&nbsp; HERMOSILLO, SONORA, MX. \u2014 Todo listo para iniciar el Operativo de Semana Santa 2025 donde destaca la seguridad de residentes y visitantes, En Sonora en Equipo publicamos toda la informaci\u00f3n de Sonora, M\u00e9xico y el Mundo de manera oportuna y busca que la libertad de expresi\u00f3n sea real. Visita nuestro medio informativo publicado desde Hermosillo, Sonora. %","breadcrumb":{"@id":"https:\/\/www.sonoraenequipo.com.mx\/todo-listo-para-iniciar-operativo-de-semana-santa-2025-tono-astiazaran\/#breadcrumb"},"inLanguage":"es","potentialAction":[{"@type":"ReadAction","target":["https:\/\/www.sonoraenequipo.com.mx\/todo-listo-para-iniciar-operativo-de-semana-santa-2025-tono-astiazaran\/"]}]},{"@type":"ImageObject","inLanguage":"es","@id":"https:\/\/www.sonoraenequipo.com.mx\/todo-listo-para-iniciar-operativo-de-semana-santa-2025-tono-astiazaran\/#primaryimage","url":"https:\/\/www.sonoraenequipo.com.mx\/storage\/2025\/04\/tono-semana-santa.jpg","contentUrl":"https:\/\/www.sonoraenequipo.com.mx\/storage\/2025\/04\/tono-semana-santa.jpg","width":600,"height":400},{"@type":"BreadcrumbList","@id":"https:\/\/www.sonoraenequipo.com.mx\/todo-listo-para-iniciar-operativo-de-semana-santa-2025-tono-astiazaran\/#breadcrumb","itemListElement":[{"@type":"ListItem","position":1,"name":"Portada","item":"https:\/\/www.sonoraenequipo.com.mx\/"},{"@type":"ListItem","position":2,"name":"Todo listo para iniciar Operativo de Semana Santa 2025: To\u00f1o Astiazar\u00e1n"}]},{"@type":"WebSite","@id":"https:\/\/www.sonoraenequipo.com.mx\/#website","url":"https:\/\/www.sonoraenequipo.com.mx\/","name":"Sonora en Equipo.","description":"Diario en l\u00ednea con Noticias desde Hermosillo, Sonora","publisher":{"@id":"https:\/\/www.sonoraenequipo.com.mx\/#organization"},"potentialAction":[{"@type":"SearchAction","target":{"@type":"EntryPoint","urlTemplate":"https:\/\/www.sonoraenequipo.com.mx\/?s={search_term_string}"},"query-input":{"@type":"PropertyValueSpecification","valueRequired":true,"valueName":"search_term_string"}}],"inLanguage":"es"},{"@type":"Organization","@id":"https:\/\/www.sonoraenequipo.com.mx\/#organization","name":"Sonoraenequipo.com.mx","url":"https:\/\/www.sonoraenequipo.com.mx\/","logo":{"@type":"ImageObject","inLanguage":"es","@id":"https:\/\/www.sonoraenequipo.com.mx\/#\/schema\/logo\/image\/","url":"https:\/\/www.sonoraenequipo.com.mx\/storage\/2019\/01\/sonoraenequipo_opt.png","contentUrl":"https:\/\/www.sonoraenequipo.com.mx\/storage\/2019\/01\/sonoraenequipo_opt.png","width":375,"height":125,"caption":"Sonoraenequipo.com.mx"},"image":{"@id":"https:\/\/www.sonoraenequipo.com.mx\/#\/schema\/logo\/image\/"},"sameAs":["https:\/\/www.facebook.com\/SonoraEE\/","https:\/\/x.com\/sonoraenequipo","https:\/\/www.youtube.com\/channel\/UC338nW-lPEYmJQs4ZABQ1SQ"]},{"@type":"Person","@id":"https:\/\/www.sonoraenequipo.com.mx\/#\/schema\/person\/50102df0fb23a8fa9e8effad8fa81386","name":"enequipo","image":{"@type":"ImageObject","inLanguage":"es","@id":"https:\/\/www.sonoraenequipo.com.mx\/#\/schema\/person\/image\/","url":"https:\/\/secure.gravatar.com\/avatar\/049821681b589dabc0bc20695993ccebb09f5b5d4d790cd9251b97faac7c652b?s=96&d=blank&r=g","contentUrl":"https:\/\/secure.gravatar.com\/avatar\/049821681b589dabc0bc20695993ccebb09f5b5d4d790cd9251b97faac7c652b?s=96&d=blank&r=g","caption":"enequipo"},"sameAs":["https:\/\/www.facebook.com\/SonoraEE"]}]}},"jetpack_featured_media_url":"https:\/\/www.sonoraenequipo.com.mx\/storage\/2025\/04\/tono-semana-santa.jpg","_links":{"self":[{"href":"https:\/\/www.sonoraenequipo.com.mx\/api\/wp\/v2\/posts\/213345","targetHints":{"allow":["GET"]}}],"collection":[{"href":"https:\/\/www.sonoraenequipo.com.mx\/api\/wp\/v2\/posts"}],"about":[{"href":"https:\/\/www.sonoraenequipo.com.mx\/api\/wp\/v2\/types\/post"}],"author":[{"embeddable":true,"href":"https:\/\/www.sonoraenequipo.com.mx\/api\/wp\/v2\/users\/1"}],"replies":[{"embeddable":true,"href":"https:\/\/www.sonoraenequipo.com.mx\/api\/wp\/v2\/comments?post=213345"}],"version-history":[{"count":1,"href":"https:\/\/www.sonoraenequipo.com.mx\/api\/wp\/v2\/posts\/213345\/revisions"}],"predecessor-version":[{"id":213347,"href":"https:\/\/www.sonoraenequipo.com.mx\/api\/wp\/v2\/posts\/213345\/revisions\/213347"}],"wp:featuredmedia":[{"embeddable":true,"href":"https:\/\/www.sonoraenequipo.com.mx\/api\/wp\/v2\/media\/213346"}],"wp:attachment":[{"href":"https:\/\/www.sonoraenequipo.com.mx\/api\/wp\/v2\/media?parent=213345"}],"wp:term":[{"taxonomy":"category","embeddable":true,"href":"https:\/\/www.sonoraenequipo.com.mx\/api\/wp\/v2\/categories?post=213345"},{"taxonomy":"post_tag","embeddable":true,"href":"https:\/\/www.sonoraenequipo.com.mx\/api\/wp\/v2\/tags?post=213345"}],"curies":[{"name":"wp","href":"https:\/\/api.w.org\/{rel}","templated":true}]}}