{"id":213392,"date":"2025-04-10T13:48:01","date_gmt":"2025-04-10T20:48:01","guid":{"rendered":"https:\/\/www.sonoraenequipo.com.mx\/?p=213392"},"modified":"2025-04-10T13:48:01","modified_gmt":"2025-04-10T20:48:01","slug":"encabeza-tono-astiazaran-miercoles-en-tu-colonia-en-la-san-benito","status":"publish","type":"post","link":"https:\/\/www.sonoraenequipo.com.mx\/encabeza-tono-astiazaran-miercoles-en-tu-colonia-en-la-san-benito\/","title":{"rendered":"Encabeza To\u00f1o Astiazar\u00e1n \u00a0Mi\u00e9rcoles En Tu Colonia en la San Benito"},"content":{"rendered":"<p><strong>HERMOSILLO, SONORA, MX.<\/strong> \u2014 \u201cEstamos muy contentos de este formato porque podemos mejorar la comunicaci\u00f3n entre el gobierno y sociedad\u201d, expres\u00f3 Antonio Astiazar\u00e1n Guti\u00e9rrez al encabezar ayer mi\u00e9rcoles (09\/04\/2025) el programa \u00abMi\u00e9rcoles En Tu Colonia\u00bb en la San Benito.<\/p>\n<p>&nbsp;<\/p>\n<p>El presidente municipal agradeci\u00f3 la hospitalidad de la vecina Mireida Mart\u00ednez que abri\u00f3 las puertas de su hogar para acercar los servicios que brinda el Ayuntamiento de Hermosillo a trav\u00e9s de sus dependencias y escuchar a la ciudadan\u00eda.<\/p>\n<p>&nbsp;<\/p>\n<p>Luego de escuchar las inquietudes de vecinas y vecinos del sector solicit\u00f3 a la Direcci\u00f3n General de Desarrollo de Infraestructura (DGDI) una jornada de bacheo en la colonia, reparaci\u00f3n de fugas a Agua de Hermosillo y enviar la Patrulla Verde a negocios reportados la comunidad.<\/p>\n<p>&nbsp;<\/p>\n<p>\u201cTenemos varias herramientas de comunicaci\u00f3n, antes era el 072, despu\u00e9s fue el Hermosillo Gob a trav\u00e9s de la app y ahora hasta tenemos chat de whatsapp as\u00ed que cada vez es m\u00e1s f\u00e1cil comunicarse con el Ayuntamiento de Hermosillo\u201d, agreg\u00f3.<\/p>\n<p>&nbsp;<\/p>\n<p>Por su parte Mireida Mart\u00ednez, acompa\u00f1ada por Isela Montes de Oca, directora de Atenci\u00f3n Ciudadana agradeci\u00f3 la asistencia de vecinas y vecinos que atendieron la invitaci\u00f3n a trav\u00e9s de volateo y redes sociales.<\/p>\n<p>&nbsp;<\/p>\n<p>\u201cAqu\u00ed est\u00e1 esta casa de algo tiene que servir entonces a sus \u00f3rdenes aqu\u00ed estamos y gracias por atender el llamado, tantos volantes que se repartieron e invitaciones que se hicieron en redes sociales estuvieron invitando entonces gracias\u201d, destac\u00f3.<\/p>\n<p>&nbsp;<\/p>\n<p>A la vez familias de la San Benito y alrededores pudieron aprovechar los servicios de salud gratuitos que el Ayuntamiento de Hermosillo brind\u00f3, atenci\u00f3n a sus mascotas como vacunaci\u00f3n antirr\u00e1bica y desparasitaci\u00f3n, as\u00ed como tambi\u00e9n, realizar pagos y ponerse al corriente en contribuciones.<\/p>\n<p>&nbsp;<\/p>\n<p>\u00abMi\u00e9rcoles En Tu Colonia\u00bb es un nuevo formato del programa Mi\u00e9rcoles Ciudadano con el objetivo de escuchar a las colonias con mayor n\u00famero de reportes y atenderlas.<\/p>\n<p>&nbsp;<\/p>\n<p>Asistieron titulares de dependencias, regidoras, regidores y personal del Ayuntamiento de Hermosillo que brindaron atenci\u00f3n personalizada a familias de la colonia San Benito.<\/p>\n<p><strong>Fecha de publicaci\u00f3n jueves 10 de abril de 2025 \/<\/strong><\/p>\n","protected":false},"excerpt":{"rendered":"<p>HERMOSILLO, SONORA, MX. \u2014 \u201cEstamos muy contentos de este formato porque podemos mejorar la comunicaci\u00f3n&#8230;<\/p>\n","protected":false},"author":1,"featured_media":213393,"comment_status":"open","ping_status":"open","sticky":false,"template":"","format":"standard","meta":{"_monsterinsights_skip_tracking":false,"_monsterinsights_sitenote_active":false,"_monsterinsights_sitenote_note":"","_monsterinsights_sitenote_category":0,"footnotes":""},"categories":[4],"tags":[6772,6026],"class_list":["post"],"yoast_head":" \n<title>Sonora en Equipo. Encabeza To\u00f1o Astiazar\u00e1n \u00a0Mi\u00e9rcoles En Tu Colonia en la San Benito Municipios<\/title>\n<meta name=\"description\" content=\"HERMOSILLO, SONORA, MX. \u2014 \u201cEstamos muy contentos de este formato porque podemos mejorar la comunicaci\u00f3n entre el gobierno y sociedad\u201d, expres\u00f3 Antonio En Sonora en Equipo publicamos toda la informaci\u00f3n de Sonora, M\u00e9xico y el Mundo de manera oportuna y busca que la libertad de expresi\u00f3n sea real. Visita nuestro medio informativo publicado desde Hermosillo, Sonora. %\" \/>\n<meta name=\"robots\" content=\"index, follow, max-snippet:-1, max-image-preview:large, max-video-preview:-1\" \/>\n<link rel=\"canonical\" href=\"https:\/\/www.sonoraenequipo.com.mx\/encabeza-tono-astiazaran-miercoles-en-tu-colonia-en-la-san-benito\/\" \/>\n<meta property=\"og:locale\" content=\"es_ES\" \/>\n<meta property=\"og:type\" content=\"article\" \/>\n<meta property=\"og:title\" content=\"Sonora en Equipo. Encabeza To\u00f1o Astiazar\u00e1n \u00a0Mi\u00e9rcoles En Tu Colonia en la San Benito Municipios\" \/>\n<meta property=\"og:description\" content=\"HERMOSILLO, SONORA, MX. \u2014 \u201cEstamos muy contentos de este formato porque podemos mejorar la comunicaci\u00f3n entre el gobierno y sociedad\u201d, expres\u00f3 Antonio En Sonora en Equipo publicamos toda la informaci\u00f3n de Sonora, M\u00e9xico y el Mundo de manera oportuna y busca que la libertad de expresi\u00f3n sea real. Visita nuestro medio informativo publicado desde Hermosillo, Sonora. %\" \/>\n<meta property=\"og:url\" content=\"https:\/\/www.sonoraenequipo.com.mx\/encabeza-tono-astiazaran-miercoles-en-tu-colonia-en-la-san-benito\/\" \/>\n<meta property=\"og:site_name\" content=\"Sonora en Equipo.\" \/>\n<meta property=\"article:publisher\" content=\"https:\/\/www.facebook.com\/SonoraEE\/\" \/>\n<meta property=\"article:author\" content=\"https:\/\/www.facebook.com\/SonoraEE\" \/>\n<meta property=\"article:published_time\" content=\"2025-04-10T20:48:01+00:00\" \/>\n<meta property=\"og:image\" content=\"https:\/\/www.sonoraenequipo.com.mx\/storage\/2025\/04\/miercoles-ciudadano-hmo.jpg\" \/>\n\t<meta property=\"og:image:width\" content=\"600\" \/>\n\t<meta property=\"og:image:height\" content=\"400\" \/>\n\t<meta property=\"og:image:type\" content=\"image\/jpeg\" \/>\n<meta name=\"author\" content=\"enequipo\" \/>\n<meta name=\"twitter:card\" content=\"summary_large_image\" \/>\n<meta name=\"twitter:creator\" content=\"@sonoraenequipo\" \/>\n<meta name=\"twitter:site\" content=\"@sonoraenequipo\" \/>\n<meta name=\"twitter:label1\" content=\"Escrito por\" \/>\n\t<meta name=\"twitter:data1\" content=\"enequipo\" \/>\n\t<meta name=\"twitter:label2\" content=\"Tiempo de lectura\" \/>\n\t<meta name=\"twitter:data2\" content=\"2 minutos\" \/>\n<script type=\"application\/ld+json\" class=\"yoast-schema-graph\">{\"@context\":\"https:\/\/schema.org\",\"@graph\":[{\"@type\":\"Article\",\"@id\":\"https:\/\/www.sonoraenequipo.com.mx\/encabeza-tono-astiazaran-miercoles-en-tu-colonia-en-la-san-benito\/#article\",\"isPartOf\":{\"@id\":\"https:\/\/www.sonoraenequipo.com.mx\/encabeza-tono-astiazaran-miercoles-en-tu-colonia-en-la-san-benito\/\"},\"author\":{\"name\":\"enequipo\",\"@id\":\"https:\/\/www.sonoraenequipo.com.mx\/#\/schema\/person\/50102df0fb23a8fa9e8effad8fa81386\"},\"headline\":\"Encabeza To\u00f1o Astiazar\u00e1n \u00a0Mi\u00e9rcoles En Tu Colonia en la San Benito\",\"datePublished\":\"2025-04-10T20:48:01+00:00\",\"mainEntityOfPage\":{\"@id\":\"https:\/\/www.sonoraenequipo.com.mx\/encabeza-tono-astiazaran-miercoles-en-tu-colonia-en-la-san-benito\/\"},\"wordCount\":383,\"commentCount\":0,\"publisher\":{\"@id\":\"https:\/\/www.sonoraenequipo.com.mx\/#organization\"},\"image\":{\"@id\":\"https:\/\/www.sonoraenequipo.com.mx\/encabeza-tono-astiazaran-miercoles-en-tu-colonia-en-la-san-benito\/#primaryimage\"},\"thumbnailUrl\":\"https:\/\/www.sonoraenequipo.com.mx\/storage\/2025\/04\/miercoles-ciudadano-hmo.jpg\",\"keywords\":[\"\u2018Mi\u00e9rcoles Ciudadano\u2019\",\"to\u00f1o astiazaran\"],\"articleSection\":[\"Municipios\"],\"inLanguage\":\"es\",\"potentialAction\":[{\"@type\":\"CommentAction\",\"name\":\"Comment\",\"target\":[\"https:\/\/www.sonoraenequipo.com.mx\/encabeza-tono-astiazaran-miercoles-en-tu-colonia-en-la-san-benito\/#respond\"]}]},{\"@type\":\"WebPage\",\"@id\":\"https:\/\/www.sonoraenequipo.com.mx\/encabeza-tono-astiazaran-miercoles-en-tu-colonia-en-la-san-benito\/\",\"url\":\"https:\/\/www.sonoraenequipo.com.mx\/encabeza-tono-astiazaran-miercoles-en-tu-colonia-en-la-san-benito\/\",\"name\":\"Sonora en Equipo. Encabeza To\u00f1o Astiazar\u00e1n \u00a0Mi\u00e9rcoles En Tu Colonia en la San Benito Municipios\",\"isPartOf\":{\"@id\":\"https:\/\/www.sonoraenequipo.com.mx\/#website\"},\"primaryImageOfPage\":{\"@id\":\"https:\/\/www.sonoraenequipo.com.mx\/encabeza-tono-astiazaran-miercoles-en-tu-colonia-en-la-san-benito\/#primaryimage\"},\"image\":{\"@id\":\"https:\/\/www.sonoraenequipo.com.mx\/encabeza-tono-astiazaran-miercoles-en-tu-colonia-en-la-san-benito\/#primaryimage\"},\"thumbnailUrl\":\"https:\/\/www.sonoraenequipo.com.mx\/storage\/2025\/04\/miercoles-ciudadano-hmo.jpg\",\"datePublished\":\"2025-04-10T20:48:01+00:00\",\"description\":\"HERMOSILLO, SONORA, MX. \u2014 \u201cEstamos muy contentos de este formato porque podemos mejorar la comunicaci\u00f3n entre el gobierno y sociedad\u201d, expres\u00f3 Antonio En Sonora en Equipo publicamos toda la informaci\u00f3n de Sonora, M\u00e9xico y el Mundo de manera oportuna y busca que la libertad de expresi\u00f3n sea real. Visita nuestro medio informativo publicado desde Hermosillo, Sonora. %\",\"breadcrumb\":{\"@id\":\"https:\/\/www.sonoraenequipo.com.mx\/encabeza-tono-astiazaran-miercoles-en-tu-colonia-en-la-san-benito\/#breadcrumb\"},\"inLanguage\":\"es\",\"potentialAction\":[{\"@type\":\"ReadAction\",\"target\":[\"https:\/\/www.sonoraenequipo.com.mx\/encabeza-tono-astiazaran-miercoles-en-tu-colonia-en-la-san-benito\/\"]}]},{\"@type\":\"ImageObject\",\"inLanguage\":\"es\",\"@id\":\"https:\/\/www.sonoraenequipo.com.mx\/encabeza-tono-astiazaran-miercoles-en-tu-colonia-en-la-san-benito\/#primaryimage\",\"url\":\"https:\/\/www.sonoraenequipo.com.mx\/storage\/2025\/04\/miercoles-ciudadano-hmo.jpg\",\"contentUrl\":\"https:\/\/www.sonoraenequipo.com.mx\/storage\/2025\/04\/miercoles-ciudadano-hmo.jpg\",\"width\":600,\"height\":400},{\"@type\":\"BreadcrumbList\",\"@id\":\"https:\/\/www.sonoraenequipo.com.mx\/encabeza-tono-astiazaran-miercoles-en-tu-colonia-en-la-san-benito\/#breadcrumb\",\"itemListElement\":[{\"@type\":\"ListItem\",\"position\":1,\"name\":\"Portada\",\"item\":\"https:\/\/www.sonoraenequipo.com.mx\/\"},{\"@type\":\"ListItem\",\"position\":2,\"name\":\"Encabeza To\u00f1o Astiazar\u00e1n \u00a0Mi\u00e9rcoles En Tu Colonia en la San Benito\"}]},{\"@type\":\"WebSite\",\"@id\":\"https:\/\/www.sonoraenequipo.com.mx\/#website\",\"url\":\"https:\/\/www.sonoraenequipo.com.mx\/\",\"name\":\"Sonora en Equipo.\",\"description\":\"Diario en l\u00ednea con Noticias desde Hermosillo, Sonora\",\"publisher\":{\"@id\":\"https:\/\/www.sonoraenequipo.com.mx\/#organization\"},\"potentialAction\":[{\"@type\":\"SearchAction\",\"target\":{\"@type\":\"EntryPoint\",\"urlTemplate\":\"https:\/\/www.sonoraenequipo.com.mx\/?s={search_term_string}\"},\"query-input\":{\"@type\":\"PropertyValueSpecification\",\"valueRequired\":true,\"valueName\":\"search_term_string\"}}],\"inLanguage\":\"es\"},{\"@type\":\"Organization\",\"@id\":\"https:\/\/www.sonoraenequipo.com.mx\/#organization\",\"name\":\"Sonoraenequipo.com.mx\",\"url\":\"https:\/\/www.sonoraenequipo.com.mx\/\",\"logo\":{\"@type\":\"ImageObject\",\"inLanguage\":\"es\",\"@id\":\"https:\/\/www.sonoraenequipo.com.mx\/#\/schema\/logo\/image\/\",\"url\":\"https:\/\/www.sonoraenequipo.com.mx\/storage\/2019\/01\/sonoraenequipo_opt.png\",\"contentUrl\":\"https:\/\/www.sonoraenequipo.com.mx\/storage\/2019\/01\/sonoraenequipo_opt.png\",\"width\":375,\"height\":125,\"caption\":\"Sonoraenequipo.com.mx\"},\"image\":{\"@id\":\"https:\/\/www.sonoraenequipo.com.mx\/#\/schema\/logo\/image\/\"},\"sameAs\":[\"https:\/\/www.facebook.com\/SonoraEE\/\",\"https:\/\/x.com\/sonoraenequipo\",\"https:\/\/www.youtube.com\/channel\/UC338nW-lPEYmJQs4ZABQ1SQ\"]},{\"@type\":\"Person\",\"@id\":\"https:\/\/www.sonoraenequipo.com.mx\/#\/schema\/person\/50102df0fb23a8fa9e8effad8fa81386\",\"name\":\"enequipo\",\"image\":{\"@type\":\"ImageObject\",\"inLanguage\":\"es\",\"@id\":\"https:\/\/www.sonoraenequipo.com.mx\/#\/schema\/person\/image\/\",\"url\":\"https:\/\/secure.gravatar.com\/avatar\/049821681b589dabc0bc20695993ccebb09f5b5d4d790cd9251b97faac7c652b?s=96&d=blank&r=g\",\"contentUrl\":\"https:\/\/secure.gravatar.com\/avatar\/049821681b589dabc0bc20695993ccebb09f5b5d4d790cd9251b97faac7c652b?s=96&d=blank&r=g\",\"caption\":\"enequipo\"},\"sameAs\":[\"https:\/\/www.facebook.com\/SonoraEE\"]}]}<\/script>\n ","yoast_head_json":{"title":"Sonora en Equipo. Encabeza To\u00f1o Astiazar\u00e1n \u00a0Mi\u00e9rcoles En Tu Colonia en la San Benito Municipios","description":"HERMOSILLO, SONORA, MX. \u2014 \u201cEstamos muy contentos de este formato porque podemos mejorar la comunicaci\u00f3n entre el gobierno y sociedad\u201d, expres\u00f3 Antonio En Sonora en Equipo publicamos toda la informaci\u00f3n de Sonora, M\u00e9xico y el Mundo de manera oportuna y busca que la libertad de expresi\u00f3n sea real. Visita nuestro medio informativo publicado desde Hermosillo, Sonora. %","robots":{"index":"index","follow":"follow","max-snippet":"max-snippet:-1","max-image-preview":"max-image-preview:large","max-video-preview":"max-video-preview:-1"},"canonical":"https:\/\/www.sonoraenequipo.com.mx\/encabeza-tono-astiazaran-miercoles-en-tu-colonia-en-la-san-benito\/","og_locale":"es_ES","og_type":"article","og_title":"Sonora en Equipo. Encabeza To\u00f1o Astiazar\u00e1n \u00a0Mi\u00e9rcoles En Tu Colonia en la San Benito Municipios","og_description":"HERMOSILLO, SONORA, MX. \u2014 \u201cEstamos muy contentos de este formato porque podemos mejorar la comunicaci\u00f3n entre el gobierno y sociedad\u201d, expres\u00f3 Antonio En Sonora en Equipo publicamos toda la informaci\u00f3n de Sonora, M\u00e9xico y el Mundo de manera oportuna y busca que la libertad de expresi\u00f3n sea real. Visita nuestro medio informativo publicado desde Hermosillo, Sonora. %","og_url":"https:\/\/www.sonoraenequipo.com.mx\/encabeza-tono-astiazaran-miercoles-en-tu-colonia-en-la-san-benito\/","og_site_name":"Sonora en Equipo.","article_publisher":"https:\/\/www.facebook.com\/SonoraEE\/","article_author":"https:\/\/www.facebook.com\/SonoraEE","article_published_time":"2025-04-10T20:48:01+00:00","og_image":[{"width":600,"height":400,"url":"https:\/\/www.sonoraenequipo.com.mx\/storage\/2025\/04\/miercoles-ciudadano-hmo.jpg","type":"image\/jpeg"}],"author":"enequipo","twitter_card":"summary_large_image","twitter_creator":"@sonoraenequipo","twitter_site":"@sonoraenequipo","twitter_misc":{"Escrito por":"enequipo","Tiempo de lectura":"2 minutos"},"schema":{"@context":"https:\/\/schema.org","@graph":[{"@type":"Article","@id":"https:\/\/www.sonoraenequipo.com.mx\/encabeza-tono-astiazaran-miercoles-en-tu-colonia-en-la-san-benito\/#article","isPartOf":{"@id":"https:\/\/www.sonoraenequipo.com.mx\/encabeza-tono-astiazaran-miercoles-en-tu-colonia-en-la-san-benito\/"},"author":{"name":"enequipo","@id":"https:\/\/www.sonoraenequipo.com.mx\/#\/schema\/person\/50102df0fb23a8fa9e8effad8fa81386"},"headline":"Encabeza To\u00f1o Astiazar\u00e1n \u00a0Mi\u00e9rcoles En Tu Colonia en la San Benito","datePublished":"2025-04-10T20:48:01+00:00","mainEntityOfPage":{"@id":"https:\/\/www.sonoraenequipo.com.mx\/encabeza-tono-astiazaran-miercoles-en-tu-colonia-en-la-san-benito\/"},"wordCount":383,"commentCount":0,"publisher":{"@id":"https:\/\/www.sonoraenequipo.com.mx\/#organization"},"image":{"@id":"https:\/\/www.sonoraenequipo.com.mx\/encabeza-tono-astiazaran-miercoles-en-tu-colonia-en-la-san-benito\/#primaryimage"},"thumbnailUrl":"https:\/\/www.sonoraenequipo.com.mx\/storage\/2025\/04\/miercoles-ciudadano-hmo.jpg","keywords":["\u2018Mi\u00e9rcoles Ciudadano\u2019","to\u00f1o astiazaran"],"articleSection":["Municipios"],"inLanguage":"es","potentialAction":[{"@type":"CommentAction","name":"Comment","target":["https:\/\/www.sonoraenequipo.com.mx\/encabeza-tono-astiazaran-miercoles-en-tu-colonia-en-la-san-benito\/#respond"]}]},{"@type":"WebPage","@id":"https:\/\/www.sonoraenequipo.com.mx\/encabeza-tono-astiazaran-miercoles-en-tu-colonia-en-la-san-benito\/","url":"https:\/\/www.sonoraenequipo.com.mx\/encabeza-tono-astiazaran-miercoles-en-tu-colonia-en-la-san-benito\/","name":"Sonora en Equipo. Encabeza To\u00f1o Astiazar\u00e1n \u00a0Mi\u00e9rcoles En Tu Colonia en la San Benito Municipios","isPartOf":{"@id":"https:\/\/www.sonoraenequipo.com.mx\/#website"},"primaryImageOfPage":{"@id":"https:\/\/www.sonoraenequipo.com.mx\/encabeza-tono-astiazaran-miercoles-en-tu-colonia-en-la-san-benito\/#primaryimage"},"image":{"@id":"https:\/\/www.sonoraenequipo.com.mx\/encabeza-tono-astiazaran-miercoles-en-tu-colonia-en-la-san-benito\/#primaryimage"},"thumbnailUrl":"https:\/\/www.sonoraenequipo.com.mx\/storage\/2025\/04\/miercoles-ciudadano-hmo.jpg","datePublished":"2025-04-10T20:48:01+00:00","description":"HERMOSILLO, SONORA, MX. \u2014 \u201cEstamos muy contentos de este formato porque podemos mejorar la comunicaci\u00f3n entre el gobierno y sociedad\u201d, expres\u00f3 Antonio En Sonora en Equipo publicamos toda la informaci\u00f3n de Sonora, M\u00e9xico y el Mundo de manera oportuna y busca que la libertad de expresi\u00f3n sea real. Visita nuestro medio informativo publicado desde Hermosillo, Sonora. %","breadcrumb":{"@id":"https:\/\/www.sonoraenequipo.com.mx\/encabeza-tono-astiazaran-miercoles-en-tu-colonia-en-la-san-benito\/#breadcrumb"},"inLanguage":"es","potentialAction":[{"@type":"ReadAction","target":["https:\/\/www.sonoraenequipo.com.mx\/encabeza-tono-astiazaran-miercoles-en-tu-colonia-en-la-san-benito\/"]}]},{"@type":"ImageObject","inLanguage":"es","@id":"https:\/\/www.sonoraenequipo.com.mx\/encabeza-tono-astiazaran-miercoles-en-tu-colonia-en-la-san-benito\/#primaryimage","url":"https:\/\/www.sonoraenequipo.com.mx\/storage\/2025\/04\/miercoles-ciudadano-hmo.jpg","contentUrl":"https:\/\/www.sonoraenequipo.com.mx\/storage\/2025\/04\/miercoles-ciudadano-hmo.jpg","width":600,"height":400},{"@type":"BreadcrumbList","@id":"https:\/\/www.sonoraenequipo.com.mx\/encabeza-tono-astiazaran-miercoles-en-tu-colonia-en-la-san-benito\/#breadcrumb","itemListElement":[{"@type":"ListItem","position":1,"name":"Portada","item":"https:\/\/www.sonoraenequipo.com.mx\/"},{"@type":"ListItem","position":2,"name":"Encabeza To\u00f1o Astiazar\u00e1n \u00a0Mi\u00e9rcoles En Tu Colonia en la San Benito"}]},{"@type":"WebSite","@id":"https:\/\/www.sonoraenequipo.com.mx\/#website","url":"https:\/\/www.sonoraenequipo.com.mx\/","name":"Sonora en Equipo.","description":"Diario en l\u00ednea con Noticias desde Hermosillo, Sonora","publisher":{"@id":"https:\/\/www.sonoraenequipo.com.mx\/#organization"},"potentialAction":[{"@type":"SearchAction","target":{"@type":"EntryPoint","urlTemplate":"https:\/\/www.sonoraenequipo.com.mx\/?s={search_term_string}"},"query-input":{"@type":"PropertyValueSpecification","valueRequired":true,"valueName":"search_term_string"}}],"inLanguage":"es"},{"@type":"Organization","@id":"https:\/\/www.sonoraenequipo.com.mx\/#organization","name":"Sonoraenequipo.com.mx","url":"https:\/\/www.sonoraenequipo.com.mx\/","logo":{"@type":"ImageObject","inLanguage":"es","@id":"https:\/\/www.sonoraenequipo.com.mx\/#\/schema\/logo\/image\/","url":"https:\/\/www.sonoraenequipo.com.mx\/storage\/2019\/01\/sonoraenequipo_opt.png","contentUrl":"https:\/\/www.sonoraenequipo.com.mx\/storage\/2019\/01\/sonoraenequipo_opt.png","width":375,"height":125,"caption":"Sonoraenequipo.com.mx"},"image":{"@id":"https:\/\/www.sonoraenequipo.com.mx\/#\/schema\/logo\/image\/"},"sameAs":["https:\/\/www.facebook.com\/SonoraEE\/","https:\/\/x.com\/sonoraenequipo","https:\/\/www.youtube.com\/channel\/UC338nW-lPEYmJQs4ZABQ1SQ"]},{"@type":"Person","@id":"https:\/\/www.sonoraenequipo.com.mx\/#\/schema\/person\/50102df0fb23a8fa9e8effad8fa81386","name":"enequipo","image":{"@type":"ImageObject","inLanguage":"es","@id":"https:\/\/www.sonoraenequipo.com.mx\/#\/schema\/person\/image\/","url":"https:\/\/secure.gravatar.com\/avatar\/049821681b589dabc0bc20695993ccebb09f5b5d4d790cd9251b97faac7c652b?s=96&d=blank&r=g","contentUrl":"https:\/\/secure.gravatar.com\/avatar\/049821681b589dabc0bc20695993ccebb09f5b5d4d790cd9251b97faac7c652b?s=96&d=blank&r=g","caption":"enequipo"},"sameAs":["https:\/\/www.facebook.com\/SonoraEE"]}]}},"jetpack_featured_media_url":"https:\/\/www.sonoraenequipo.com.mx\/storage\/2025\/04\/miercoles-ciudadano-hmo.jpg","_links":{"self":[{"href":"https:\/\/www.sonoraenequipo.com.mx\/api\/wp\/v2\/posts\/213392","targetHints":{"allow":["GET"]}}],"collection":[{"href":"https:\/\/www.sonoraenequipo.com.mx\/api\/wp\/v2\/posts"}],"about":[{"href":"https:\/\/www.sonoraenequipo.com.mx\/api\/wp\/v2\/types\/post"}],"author":[{"embeddable":true,"href":"https:\/\/www.sonoraenequipo.com.mx\/api\/wp\/v2\/users\/1"}],"replies":[{"embeddable":true,"href":"https:\/\/www.sonoraenequipo.com.mx\/api\/wp\/v2\/comments?post=213392"}],"version-history":[{"count":1,"href":"https:\/\/www.sonoraenequipo.com.mx\/api\/wp\/v2\/posts\/213392\/revisions"}],"predecessor-version":[{"id":213394,"href":"https:\/\/www.sonoraenequipo.com.mx\/api\/wp\/v2\/posts\/213392\/revisions\/213394"}],"wp:featuredmedia":[{"embeddable":true,"href":"https:\/\/www.sonoraenequipo.com.mx\/api\/wp\/v2\/media\/213393"}],"wp:attachment":[{"href":"https:\/\/www.sonoraenequipo.com.mx\/api\/wp\/v2\/media?parent=213392"}],"wp:term":[{"taxonomy":"category","embeddable":true,"href":"https:\/\/www.sonoraenequipo.com.mx\/api\/wp\/v2\/categories?post=213392"},{"taxonomy":"post_tag","embeddable":true,"href":"https:\/\/www.sonoraenequipo.com.mx\/api\/wp\/v2\/tags?post=213392"}],"curies":[{"name":"wp","href":"https:\/\/api.w.org\/{rel}","templated":true}]}}