{"id":213915,"date":"2025-04-18T14:26:02","date_gmt":"2025-04-18T21:26:02","guid":{"rendered":"https:\/\/www.sonoraenequipo.com.mx\/?p=213915"},"modified":"2025-04-18T14:26:02","modified_gmt":"2025-04-18T21:26:02","slug":"promueve-ihj-campana-agarra-la-onda-para-prevenir-accidentes-en-semana-santa","status":"publish","type":"post","link":"https:\/\/www.sonoraenequipo.com.mx\/promueve-ihj-campana-agarra-la-onda-para-prevenir-accidentes-en-semana-santa\/","title":{"rendered":"Promueve IHJ campa\u00f1a \u00abAgarra la Onda\u00bb para prevenir accidentes en Semana Santa"},"content":{"rendered":"<p><strong>HERMOSILLO, SONORA, MX.<\/strong> \u2014Para hacer un llamado a manejar con precauci\u00f3n como parte de la campa\u00f1a \u00abAgarra la Onda\u00bb, personal del Instituto Hermosillense de la Juventud (IHJ), realiza volanteo en las principales salidas de la ciudad en estos d\u00edas de Semana Santa.<\/p>\n<p>&nbsp;<\/p>\n<p>&nbsp;<\/p>\n<p>&nbsp;<\/p>\n<p>Francisco, Villaescusa, director del IHJ, coment\u00f3 que j\u00f3venes del Instituto tienen presencia en los cruceros del \u00e1rea rural y la carretera 100 a la salida a Bah\u00eda de Kino donde promueven mensajes preventivos entre los automovilistas.<\/p>\n<p>&nbsp;<\/p>\n<p>&nbsp;<\/p>\n<p>&nbsp;<\/p>\n<p>\u201cConcientizando a la gente de la carretera que maneje prudentemente, sin alcohol, sin celular y tambi\u00e9n estamos en la salida a Bah\u00eda de Kino, donde hay otro operativo Agarra la Onda entregando bolis y volantes para que la ciudadan\u00eda conduzca responsablemente\u201d, comparti\u00f3.<\/p>\n<p>&nbsp;<\/p>\n<p>&nbsp;<\/p>\n<p>&nbsp;<\/p>\n<p>Algunos de los mensajes preventivos que traen los j\u00f3venes en los carteles son: no uses el celular, checa las llantas, no manejes cansado; adem\u00e1s los volantes traen un c\u00f3digo QR que trae la Ley de Tr\u00e1nsito de Hermosillo.<\/p>\n<p>&nbsp;<\/p>\n<p>&nbsp;<\/p>\n<p>&nbsp;<\/p>\n<p>Adem\u00e1s, para ni\u00f1os llevan juegos y pl\u00e1ticas de concientizaci\u00f3n sobre el cuidado del agua y sobre la separaci\u00f3n de residuos para el reciclaje; estuvieron en el Tazajal, el Tronconal y San Francisco de Batuc; y van a visitar otros ejidos como Mesa del Seri, Topahue y San Bartolo.<\/p>\n<p>&nbsp;<\/p>\n<p>&nbsp;<\/p>\n<p>&nbsp;<\/p>\n<p>El funcionario llam\u00f3 a j\u00f3venes y adultos que van a tomar carretera, al igual que los que se quedan en la ciudad, a ser prudentes al conducir y respetar los l\u00edmites de velocidad, aunque no haya tanto tr\u00e1fico dentro de Hermosillo en estos d\u00edas de asueto.<\/p>\n<p><strong>Fecha de publicaci\u00f3n viernes 18\u00a0 de abril de 2025 \/ <\/strong><\/p>\n","protected":false},"excerpt":{"rendered":"<p>HERMOSILLO, SONORA, MX. \u2014Para hacer un llamado a manejar con precauci\u00f3n como parte de la&#8230;<\/p>\n","protected":false},"author":1,"featured_media":213920,"comment_status":"open","ping_status":"open","sticky":false,"template":"","format":"standard","meta":{"_monsterinsights_skip_tracking":false,"_monsterinsights_sitenote_active":false,"_monsterinsights_sitenote_note":"","_monsterinsights_sitenote_category":0,"footnotes":""},"categories":[4],"tags":[10342,1723],"class_list":["post"],"yoast_head":" \n<title>Sonora en Equipo. Promueve IHJ campa\u00f1a &quot;Agarra la Onda&quot; para prevenir accidentes en Semana Santa Municipios<\/title>\n<meta name=\"description\" content=\"HERMOSILLO, SONORA, MX. \u2014Para hacer un llamado a manejar con precauci\u00f3n como parte de la campa\u00f1a &quot;Agarra la Onda&quot;, personal del Instituto Hermosillense de En Sonora en Equipo publicamos toda la informaci\u00f3n de Sonora, M\u00e9xico y el Mundo de manera oportuna y busca que la libertad de expresi\u00f3n sea real. Visita nuestro medio informativo publicado desde Hermosillo, Sonora. %\" \/>\n<meta name=\"robots\" content=\"index, follow, max-snippet:-1, max-image-preview:large, max-video-preview:-1\" \/>\n<link rel=\"canonical\" href=\"https:\/\/www.sonoraenequipo.com.mx\/promueve-ihj-campana-agarra-la-onda-para-prevenir-accidentes-en-semana-santa\/\" \/>\n<meta property=\"og:locale\" content=\"es_ES\" \/>\n<meta property=\"og:type\" content=\"article\" \/>\n<meta property=\"og:title\" content=\"Sonora en Equipo. Promueve IHJ campa\u00f1a &quot;Agarra la Onda&quot; para prevenir accidentes en Semana Santa Municipios\" \/>\n<meta property=\"og:description\" content=\"HERMOSILLO, SONORA, MX. \u2014Para hacer un llamado a manejar con precauci\u00f3n como parte de la campa\u00f1a &quot;Agarra la Onda&quot;, personal del Instituto Hermosillense de En Sonora en Equipo publicamos toda la informaci\u00f3n de Sonora, M\u00e9xico y el Mundo de manera oportuna y busca que la libertad de expresi\u00f3n sea real. Visita nuestro medio informativo publicado desde Hermosillo, Sonora. %\" \/>\n<meta property=\"og:url\" content=\"https:\/\/www.sonoraenequipo.com.mx\/promueve-ihj-campana-agarra-la-onda-para-prevenir-accidentes-en-semana-santa\/\" \/>\n<meta property=\"og:site_name\" content=\"Sonora en Equipo.\" \/>\n<meta property=\"article:publisher\" content=\"https:\/\/www.facebook.com\/SonoraEE\/\" \/>\n<meta property=\"article:author\" content=\"https:\/\/www.facebook.com\/SonoraEE\" \/>\n<meta property=\"article:published_time\" content=\"2025-04-18T21:26:02+00:00\" \/>\n<meta property=\"og:image\" content=\"https:\/\/www.sonoraenequipo.com.mx\/storage\/2025\/04\/ihj.jpg\" \/>\n\t<meta property=\"og:image:width\" content=\"600\" \/>\n\t<meta property=\"og:image:height\" content=\"400\" \/>\n\t<meta property=\"og:image:type\" content=\"image\/jpeg\" \/>\n<meta name=\"author\" content=\"enequipo\" \/>\n<meta name=\"twitter:card\" content=\"summary_large_image\" \/>\n<meta name=\"twitter:creator\" content=\"@sonoraenequipo\" \/>\n<meta name=\"twitter:site\" content=\"@sonoraenequipo\" \/>\n<meta name=\"twitter:label1\" content=\"Escrito por\" \/>\n\t<meta name=\"twitter:data1\" content=\"enequipo\" \/>\n\t<meta name=\"twitter:label2\" content=\"Tiempo de lectura\" \/>\n\t<meta name=\"twitter:data2\" content=\"1 minuto\" \/>\n<script type=\"application\/ld+json\" class=\"yoast-schema-graph\">{\"@context\":\"https:\/\/schema.org\",\"@graph\":[{\"@type\":\"Article\",\"@id\":\"https:\/\/www.sonoraenequipo.com.mx\/promueve-ihj-campana-agarra-la-onda-para-prevenir-accidentes-en-semana-santa\/#article\",\"isPartOf\":{\"@id\":\"https:\/\/www.sonoraenequipo.com.mx\/promueve-ihj-campana-agarra-la-onda-para-prevenir-accidentes-en-semana-santa\/\"},\"author\":{\"name\":\"enequipo\",\"@id\":\"https:\/\/www.sonoraenequipo.com.mx\/#\/schema\/person\/50102df0fb23a8fa9e8effad8fa81386\"},\"headline\":\"Promueve IHJ campa\u00f1a \u00abAgarra la Onda\u00bb para prevenir accidentes en Semana Santa\",\"datePublished\":\"2025-04-18T21:26:02+00:00\",\"mainEntityOfPage\":{\"@id\":\"https:\/\/www.sonoraenequipo.com.mx\/promueve-ihj-campana-agarra-la-onda-para-prevenir-accidentes-en-semana-santa\/\"},\"wordCount\":308,\"commentCount\":0,\"publisher\":{\"@id\":\"https:\/\/www.sonoraenequipo.com.mx\/#organization\"},\"image\":{\"@id\":\"https:\/\/www.sonoraenequipo.com.mx\/promueve-ihj-campana-agarra-la-onda-para-prevenir-accidentes-en-semana-santa\/#primaryimage\"},\"thumbnailUrl\":\"https:\/\/www.sonoraenequipo.com.mx\/storage\/2025\/04\/ihj.jpg\",\"keywords\":[\"2025\",\"semana santa\"],\"articleSection\":[\"Municipios\"],\"inLanguage\":\"es\",\"potentialAction\":[{\"@type\":\"CommentAction\",\"name\":\"Comment\",\"target\":[\"https:\/\/www.sonoraenequipo.com.mx\/promueve-ihj-campana-agarra-la-onda-para-prevenir-accidentes-en-semana-santa\/#respond\"]}]},{\"@type\":\"WebPage\",\"@id\":\"https:\/\/www.sonoraenequipo.com.mx\/promueve-ihj-campana-agarra-la-onda-para-prevenir-accidentes-en-semana-santa\/\",\"url\":\"https:\/\/www.sonoraenequipo.com.mx\/promueve-ihj-campana-agarra-la-onda-para-prevenir-accidentes-en-semana-santa\/\",\"name\":\"Sonora en Equipo. Promueve IHJ campa\u00f1a \\\"Agarra la Onda\\\" para prevenir accidentes en Semana Santa Municipios\",\"isPartOf\":{\"@id\":\"https:\/\/www.sonoraenequipo.com.mx\/#website\"},\"primaryImageOfPage\":{\"@id\":\"https:\/\/www.sonoraenequipo.com.mx\/promueve-ihj-campana-agarra-la-onda-para-prevenir-accidentes-en-semana-santa\/#primaryimage\"},\"image\":{\"@id\":\"https:\/\/www.sonoraenequipo.com.mx\/promueve-ihj-campana-agarra-la-onda-para-prevenir-accidentes-en-semana-santa\/#primaryimage\"},\"thumbnailUrl\":\"https:\/\/www.sonoraenequipo.com.mx\/storage\/2025\/04\/ihj.jpg\",\"datePublished\":\"2025-04-18T21:26:02+00:00\",\"description\":\"HERMOSILLO, SONORA, MX. \u2014Para hacer un llamado a manejar con precauci\u00f3n como parte de la campa\u00f1a \\\"Agarra la Onda\\\", personal del Instituto Hermosillense de En Sonora en Equipo publicamos toda la informaci\u00f3n de Sonora, M\u00e9xico y el Mundo de manera oportuna y busca que la libertad de expresi\u00f3n sea real. Visita nuestro medio informativo publicado desde Hermosillo, Sonora. %\",\"breadcrumb\":{\"@id\":\"https:\/\/www.sonoraenequipo.com.mx\/promueve-ihj-campana-agarra-la-onda-para-prevenir-accidentes-en-semana-santa\/#breadcrumb\"},\"inLanguage\":\"es\",\"potentialAction\":[{\"@type\":\"ReadAction\",\"target\":[\"https:\/\/www.sonoraenequipo.com.mx\/promueve-ihj-campana-agarra-la-onda-para-prevenir-accidentes-en-semana-santa\/\"]}]},{\"@type\":\"ImageObject\",\"inLanguage\":\"es\",\"@id\":\"https:\/\/www.sonoraenequipo.com.mx\/promueve-ihj-campana-agarra-la-onda-para-prevenir-accidentes-en-semana-santa\/#primaryimage\",\"url\":\"https:\/\/www.sonoraenequipo.com.mx\/storage\/2025\/04\/ihj.jpg\",\"contentUrl\":\"https:\/\/www.sonoraenequipo.com.mx\/storage\/2025\/04\/ihj.jpg\",\"width\":600,\"height\":400},{\"@type\":\"BreadcrumbList\",\"@id\":\"https:\/\/www.sonoraenequipo.com.mx\/promueve-ihj-campana-agarra-la-onda-para-prevenir-accidentes-en-semana-santa\/#breadcrumb\",\"itemListElement\":[{\"@type\":\"ListItem\",\"position\":1,\"name\":\"Portada\",\"item\":\"https:\/\/www.sonoraenequipo.com.mx\/\"},{\"@type\":\"ListItem\",\"position\":2,\"name\":\"Promueve IHJ campa\u00f1a \u00abAgarra la Onda\u00bb para prevenir accidentes en Semana Santa\"}]},{\"@type\":\"WebSite\",\"@id\":\"https:\/\/www.sonoraenequipo.com.mx\/#website\",\"url\":\"https:\/\/www.sonoraenequipo.com.mx\/\",\"name\":\"Sonora en Equipo.\",\"description\":\"Diario en l\u00ednea con Noticias desde Hermosillo, Sonora\",\"publisher\":{\"@id\":\"https:\/\/www.sonoraenequipo.com.mx\/#organization\"},\"potentialAction\":[{\"@type\":\"SearchAction\",\"target\":{\"@type\":\"EntryPoint\",\"urlTemplate\":\"https:\/\/www.sonoraenequipo.com.mx\/?s={search_term_string}\"},\"query-input\":{\"@type\":\"PropertyValueSpecification\",\"valueRequired\":true,\"valueName\":\"search_term_string\"}}],\"inLanguage\":\"es\"},{\"@type\":\"Organization\",\"@id\":\"https:\/\/www.sonoraenequipo.com.mx\/#organization\",\"name\":\"Sonoraenequipo.com.mx\",\"url\":\"https:\/\/www.sonoraenequipo.com.mx\/\",\"logo\":{\"@type\":\"ImageObject\",\"inLanguage\":\"es\",\"@id\":\"https:\/\/www.sonoraenequipo.com.mx\/#\/schema\/logo\/image\/\",\"url\":\"https:\/\/www.sonoraenequipo.com.mx\/storage\/2019\/01\/sonoraenequipo_opt.png\",\"contentUrl\":\"https:\/\/www.sonoraenequipo.com.mx\/storage\/2019\/01\/sonoraenequipo_opt.png\",\"width\":375,\"height\":125,\"caption\":\"Sonoraenequipo.com.mx\"},\"image\":{\"@id\":\"https:\/\/www.sonoraenequipo.com.mx\/#\/schema\/logo\/image\/\"},\"sameAs\":[\"https:\/\/www.facebook.com\/SonoraEE\/\",\"https:\/\/x.com\/sonoraenequipo\",\"https:\/\/www.youtube.com\/channel\/UC338nW-lPEYmJQs4ZABQ1SQ\"]},{\"@type\":\"Person\",\"@id\":\"https:\/\/www.sonoraenequipo.com.mx\/#\/schema\/person\/50102df0fb23a8fa9e8effad8fa81386\",\"name\":\"enequipo\",\"image\":{\"@type\":\"ImageObject\",\"inLanguage\":\"es\",\"@id\":\"https:\/\/www.sonoraenequipo.com.mx\/#\/schema\/person\/image\/\",\"url\":\"https:\/\/secure.gravatar.com\/avatar\/049821681b589dabc0bc20695993ccebb09f5b5d4d790cd9251b97faac7c652b?s=96&d=blank&r=g\",\"contentUrl\":\"https:\/\/secure.gravatar.com\/avatar\/049821681b589dabc0bc20695993ccebb09f5b5d4d790cd9251b97faac7c652b?s=96&d=blank&r=g\",\"caption\":\"enequipo\"},\"sameAs\":[\"https:\/\/www.facebook.com\/SonoraEE\"]}]}<\/script>\n ","yoast_head_json":{"title":"Sonora en Equipo. Promueve IHJ campa\u00f1a \"Agarra la Onda\" para prevenir accidentes en Semana Santa Municipios","description":"HERMOSILLO, SONORA, MX. \u2014Para hacer un llamado a manejar con precauci\u00f3n como parte de la campa\u00f1a \"Agarra la Onda\", personal del Instituto Hermosillense de En Sonora en Equipo publicamos toda la informaci\u00f3n de Sonora, M\u00e9xico y el Mundo de manera oportuna y busca que la libertad de expresi\u00f3n sea real. Visita nuestro medio informativo publicado desde Hermosillo, Sonora. %","robots":{"index":"index","follow":"follow","max-snippet":"max-snippet:-1","max-image-preview":"max-image-preview:large","max-video-preview":"max-video-preview:-1"},"canonical":"https:\/\/www.sonoraenequipo.com.mx\/promueve-ihj-campana-agarra-la-onda-para-prevenir-accidentes-en-semana-santa\/","og_locale":"es_ES","og_type":"article","og_title":"Sonora en Equipo. Promueve IHJ campa\u00f1a \"Agarra la Onda\" para prevenir accidentes en Semana Santa Municipios","og_description":"HERMOSILLO, SONORA, MX. \u2014Para hacer un llamado a manejar con precauci\u00f3n como parte de la campa\u00f1a \"Agarra la Onda\", personal del Instituto Hermosillense de En Sonora en Equipo publicamos toda la informaci\u00f3n de Sonora, M\u00e9xico y el Mundo de manera oportuna y busca que la libertad de expresi\u00f3n sea real. Visita nuestro medio informativo publicado desde Hermosillo, Sonora. %","og_url":"https:\/\/www.sonoraenequipo.com.mx\/promueve-ihj-campana-agarra-la-onda-para-prevenir-accidentes-en-semana-santa\/","og_site_name":"Sonora en Equipo.","article_publisher":"https:\/\/www.facebook.com\/SonoraEE\/","article_author":"https:\/\/www.facebook.com\/SonoraEE","article_published_time":"2025-04-18T21:26:02+00:00","og_image":[{"width":600,"height":400,"url":"https:\/\/www.sonoraenequipo.com.mx\/storage\/2025\/04\/ihj.jpg","type":"image\/jpeg"}],"author":"enequipo","twitter_card":"summary_large_image","twitter_creator":"@sonoraenequipo","twitter_site":"@sonoraenequipo","twitter_misc":{"Escrito por":"enequipo","Tiempo de lectura":"1 minuto"},"schema":{"@context":"https:\/\/schema.org","@graph":[{"@type":"Article","@id":"https:\/\/www.sonoraenequipo.com.mx\/promueve-ihj-campana-agarra-la-onda-para-prevenir-accidentes-en-semana-santa\/#article","isPartOf":{"@id":"https:\/\/www.sonoraenequipo.com.mx\/promueve-ihj-campana-agarra-la-onda-para-prevenir-accidentes-en-semana-santa\/"},"author":{"name":"enequipo","@id":"https:\/\/www.sonoraenequipo.com.mx\/#\/schema\/person\/50102df0fb23a8fa9e8effad8fa81386"},"headline":"Promueve IHJ campa\u00f1a \u00abAgarra la Onda\u00bb para prevenir accidentes en Semana Santa","datePublished":"2025-04-18T21:26:02+00:00","mainEntityOfPage":{"@id":"https:\/\/www.sonoraenequipo.com.mx\/promueve-ihj-campana-agarra-la-onda-para-prevenir-accidentes-en-semana-santa\/"},"wordCount":308,"commentCount":0,"publisher":{"@id":"https:\/\/www.sonoraenequipo.com.mx\/#organization"},"image":{"@id":"https:\/\/www.sonoraenequipo.com.mx\/promueve-ihj-campana-agarra-la-onda-para-prevenir-accidentes-en-semana-santa\/#primaryimage"},"thumbnailUrl":"https:\/\/www.sonoraenequipo.com.mx\/storage\/2025\/04\/ihj.jpg","keywords":["2025","semana santa"],"articleSection":["Municipios"],"inLanguage":"es","potentialAction":[{"@type":"CommentAction","name":"Comment","target":["https:\/\/www.sonoraenequipo.com.mx\/promueve-ihj-campana-agarra-la-onda-para-prevenir-accidentes-en-semana-santa\/#respond"]}]},{"@type":"WebPage","@id":"https:\/\/www.sonoraenequipo.com.mx\/promueve-ihj-campana-agarra-la-onda-para-prevenir-accidentes-en-semana-santa\/","url":"https:\/\/www.sonoraenequipo.com.mx\/promueve-ihj-campana-agarra-la-onda-para-prevenir-accidentes-en-semana-santa\/","name":"Sonora en Equipo. Promueve IHJ campa\u00f1a \"Agarra la Onda\" para prevenir accidentes en Semana Santa Municipios","isPartOf":{"@id":"https:\/\/www.sonoraenequipo.com.mx\/#website"},"primaryImageOfPage":{"@id":"https:\/\/www.sonoraenequipo.com.mx\/promueve-ihj-campana-agarra-la-onda-para-prevenir-accidentes-en-semana-santa\/#primaryimage"},"image":{"@id":"https:\/\/www.sonoraenequipo.com.mx\/promueve-ihj-campana-agarra-la-onda-para-prevenir-accidentes-en-semana-santa\/#primaryimage"},"thumbnailUrl":"https:\/\/www.sonoraenequipo.com.mx\/storage\/2025\/04\/ihj.jpg","datePublished":"2025-04-18T21:26:02+00:00","description":"HERMOSILLO, SONORA, MX. \u2014Para hacer un llamado a manejar con precauci\u00f3n como parte de la campa\u00f1a \"Agarra la Onda\", personal del Instituto Hermosillense de En Sonora en Equipo publicamos toda la informaci\u00f3n de Sonora, M\u00e9xico y el Mundo de manera oportuna y busca que la libertad de expresi\u00f3n sea real. Visita nuestro medio informativo publicado desde Hermosillo, Sonora. %","breadcrumb":{"@id":"https:\/\/www.sonoraenequipo.com.mx\/promueve-ihj-campana-agarra-la-onda-para-prevenir-accidentes-en-semana-santa\/#breadcrumb"},"inLanguage":"es","potentialAction":[{"@type":"ReadAction","target":["https:\/\/www.sonoraenequipo.com.mx\/promueve-ihj-campana-agarra-la-onda-para-prevenir-accidentes-en-semana-santa\/"]}]},{"@type":"ImageObject","inLanguage":"es","@id":"https:\/\/www.sonoraenequipo.com.mx\/promueve-ihj-campana-agarra-la-onda-para-prevenir-accidentes-en-semana-santa\/#primaryimage","url":"https:\/\/www.sonoraenequipo.com.mx\/storage\/2025\/04\/ihj.jpg","contentUrl":"https:\/\/www.sonoraenequipo.com.mx\/storage\/2025\/04\/ihj.jpg","width":600,"height":400},{"@type":"BreadcrumbList","@id":"https:\/\/www.sonoraenequipo.com.mx\/promueve-ihj-campana-agarra-la-onda-para-prevenir-accidentes-en-semana-santa\/#breadcrumb","itemListElement":[{"@type":"ListItem","position":1,"name":"Portada","item":"https:\/\/www.sonoraenequipo.com.mx\/"},{"@type":"ListItem","position":2,"name":"Promueve IHJ campa\u00f1a \u00abAgarra la Onda\u00bb para prevenir accidentes en Semana Santa"}]},{"@type":"WebSite","@id":"https:\/\/www.sonoraenequipo.com.mx\/#website","url":"https:\/\/www.sonoraenequipo.com.mx\/","name":"Sonora en Equipo.","description":"Diario en l\u00ednea con Noticias desde Hermosillo, Sonora","publisher":{"@id":"https:\/\/www.sonoraenequipo.com.mx\/#organization"},"potentialAction":[{"@type":"SearchAction","target":{"@type":"EntryPoint","urlTemplate":"https:\/\/www.sonoraenequipo.com.mx\/?s={search_term_string}"},"query-input":{"@type":"PropertyValueSpecification","valueRequired":true,"valueName":"search_term_string"}}],"inLanguage":"es"},{"@type":"Organization","@id":"https:\/\/www.sonoraenequipo.com.mx\/#organization","name":"Sonoraenequipo.com.mx","url":"https:\/\/www.sonoraenequipo.com.mx\/","logo":{"@type":"ImageObject","inLanguage":"es","@id":"https:\/\/www.sonoraenequipo.com.mx\/#\/schema\/logo\/image\/","url":"https:\/\/www.sonoraenequipo.com.mx\/storage\/2019\/01\/sonoraenequipo_opt.png","contentUrl":"https:\/\/www.sonoraenequipo.com.mx\/storage\/2019\/01\/sonoraenequipo_opt.png","width":375,"height":125,"caption":"Sonoraenequipo.com.mx"},"image":{"@id":"https:\/\/www.sonoraenequipo.com.mx\/#\/schema\/logo\/image\/"},"sameAs":["https:\/\/www.facebook.com\/SonoraEE\/","https:\/\/x.com\/sonoraenequipo","https:\/\/www.youtube.com\/channel\/UC338nW-lPEYmJQs4ZABQ1SQ"]},{"@type":"Person","@id":"https:\/\/www.sonoraenequipo.com.mx\/#\/schema\/person\/50102df0fb23a8fa9e8effad8fa81386","name":"enequipo","image":{"@type":"ImageObject","inLanguage":"es","@id":"https:\/\/www.sonoraenequipo.com.mx\/#\/schema\/person\/image\/","url":"https:\/\/secure.gravatar.com\/avatar\/049821681b589dabc0bc20695993ccebb09f5b5d4d790cd9251b97faac7c652b?s=96&d=blank&r=g","contentUrl":"https:\/\/secure.gravatar.com\/avatar\/049821681b589dabc0bc20695993ccebb09f5b5d4d790cd9251b97faac7c652b?s=96&d=blank&r=g","caption":"enequipo"},"sameAs":["https:\/\/www.facebook.com\/SonoraEE"]}]}},"jetpack_featured_media_url":"https:\/\/www.sonoraenequipo.com.mx\/storage\/2025\/04\/ihj.jpg","_links":{"self":[{"href":"https:\/\/www.sonoraenequipo.com.mx\/api\/wp\/v2\/posts\/213915","targetHints":{"allow":["GET"]}}],"collection":[{"href":"https:\/\/www.sonoraenequipo.com.mx\/api\/wp\/v2\/posts"}],"about":[{"href":"https:\/\/www.sonoraenequipo.com.mx\/api\/wp\/v2\/types\/post"}],"author":[{"embeddable":true,"href":"https:\/\/www.sonoraenequipo.com.mx\/api\/wp\/v2\/users\/1"}],"replies":[{"embeddable":true,"href":"https:\/\/www.sonoraenequipo.com.mx\/api\/wp\/v2\/comments?post=213915"}],"version-history":[{"count":1,"href":"https:\/\/www.sonoraenequipo.com.mx\/api\/wp\/v2\/posts\/213915\/revisions"}],"predecessor-version":[{"id":213921,"href":"https:\/\/www.sonoraenequipo.com.mx\/api\/wp\/v2\/posts\/213915\/revisions\/213921"}],"wp:featuredmedia":[{"embeddable":true,"href":"https:\/\/www.sonoraenequipo.com.mx\/api\/wp\/v2\/media\/213920"}],"wp:attachment":[{"href":"https:\/\/www.sonoraenequipo.com.mx\/api\/wp\/v2\/media?parent=213915"}],"wp:term":[{"taxonomy":"category","embeddable":true,"href":"https:\/\/www.sonoraenequipo.com.mx\/api\/wp\/v2\/categories?post=213915"},{"taxonomy":"post_tag","embeddable":true,"href":"https:\/\/www.sonoraenequipo.com.mx\/api\/wp\/v2\/tags?post=213915"}],"curies":[{"name":"wp","href":"https:\/\/api.w.org\/{rel}","templated":true}]}}