{"id":214433,"date":"2025-04-27T11:34:00","date_gmt":"2025-04-27T18:34:00","guid":{"rendered":"https:\/\/www.sonoraenequipo.com.mx\/?p=214433"},"modified":"2025-04-27T20:02:32","modified_gmt":"2025-04-28T03:02:32","slug":"sheinbaum-inaugura-planta-lechera-y-edificio-de-c5-en-campeche","status":"publish","type":"post","link":"https:\/\/www.sonoraenequipo.com.mx\/sheinbaum-inaugura-planta-lechera-y-edificio-de-c5-en-campeche\/","title":{"rendered":"Sheinbaum inaugura planta lechera y edificio de C5 en Campeche"},"content":{"rendered":"<p><strong>CAMPECHE, MX. \u2014<\/strong>\u00a0 La presidenta Claudia Sheinbaum inaugur\u00f3 el equipamiento de la planta productora de leche, las nuevas instalaciones del C5 de la Secretar\u00eda de Protecci\u00f3n y Seguridad Ciudadana (SPSC), y supervis\u00f3 los avances del Tren Ligero, una obra complementaria del Tren Maya, iniciativa de la gobernadora de Campeche Layda Sansores San Rom\u00e1n, que estar\u00e1 en funciones dentro de la capital del estado en el transcurso de este a\u00f1o.<\/p>\n<p> <\/p>\n<p>Sheinbaum tambi\u00e9n anunci\u00f3 que trabajar\u00e1 con la gobernadora Layda Sansores para construir los puertos de altura de Seybaplaya, de Carmen, as\u00ed como una nueva carretera de libramiento en el municipio de Champot\u00f3n.<\/p>\n<p>La planta productora de leche forma parte del Plan de Autosuficiencia de Leche para todo el pa\u00eds, y su primera nueva sede de producci\u00f3n estar\u00e1 en Campeche, dentro del Parque Industrial Bicentenario, rehabilitado por la gobernadora campechana.<\/p>\n<h3>M\u00e9xico no es pi\u00f1ata de nadie, dice Sheinbaum a candidatos de EU en campa\u00f1a<\/h3>\n<p><em><strong>\u201cM\u00e9xico le da muchas clases a los Estados Unidos: en valores\u201d<\/strong><\/em>, se\u00f1al\u00f3 la presidenta desde un evento en Campeche<br \/>\nSheinbaum inform\u00f3 que Leche Liconsa ahora se llamar\u00e1 Leche para el Bienestar, mientras que Diconsa se convirti\u00f3 en el programa Alimentaci\u00f3n para el Bienestar, para comprar granos con precio de garant\u00eda directamente a los productores, sin intermediarios.<\/p>\n<p><strong><em>\u201cQuiero agradecer Layda, siempre generosa, ella fue quien hizo esta nave, ahora falta todo el equipamiento, y aqu\u00ed voy a hacer un compromiso p\u00fablico (\u2026) noviembre le ponemos para que est\u00e9 lista. Un poquito de presi\u00f3n. El presidente L\u00f3pez Obrador, un abrazo para \u00e9l desde aqu\u00ed hasta Palenque, dec\u00eda que orden dada no supervisada, no sirve para nada\u201d<\/em><\/strong>, coment\u00f3.<\/p>\n<p>El pueblo manda en nuestro pa\u00eds. Y tambi\u00e9n va a mandar ahora para decir qui\u00e9nes quieren que sean sus ministros, sus magistrados, sus jueces, eso es democracia y hay que ejercer ese derecho. El primero de junio todos a votar.<\/p>\n<p>PUBLICADO EL 27 DE ABRIL DE 2025 Con informaci\u00f3n de Sheinbaum)<\/p>\n","protected":false},"excerpt":{"rendered":"<p>CAMPECHE, MX. \u2014\u00a0 La presidenta Claudia Sheinbaum inaugur\u00f3 el equipamiento de la planta productora de&#8230;<\/p>\n","protected":false},"author":1,"featured_media":214439,"comment_status":"open","ping_status":"open","sticky":false,"template":"","format":"standard","meta":{"_monsterinsights_skip_tracking":false,"_monsterinsights_sitenote_active":false,"_monsterinsights_sitenote_note":"","_monsterinsights_sitenote_category":0,"footnotes":""},"categories":[5],"tags":[],"class_list":["post"],"yoast_head":" \n<title>Sonora en Equipo. Sheinbaum inaugura planta lechera y edificio de C5 en Campeche Rep\u00fablica<\/title>\n<meta name=\"description\" content=\"CAMPECHE, MX. \u2014\u00a0 La presidenta Claudia Sheinbaum inaugur\u00f3 el equipamiento de la planta productora de leche, las nuevas instalaciones del C5 de la En Sonora en Equipo publicamos toda la informaci\u00f3n de Sonora, M\u00e9xico y el Mundo de manera oportuna y busca que la libertad de expresi\u00f3n sea real. Visita nuestro medio informativo publicado desde Hermosillo, Sonora. %\" \/>\n<meta name=\"robots\" content=\"index, follow, max-snippet:-1, max-image-preview:large, max-video-preview:-1\" \/>\n<link rel=\"canonical\" href=\"https:\/\/www.sonoraenequipo.com.mx\/sheinbaum-inaugura-planta-lechera-y-edificio-de-c5-en-campeche\/\" \/>\n<meta property=\"og:locale\" content=\"es_ES\" \/>\n<meta property=\"og:type\" content=\"article\" \/>\n<meta property=\"og:title\" content=\"Sonora en Equipo. Sheinbaum inaugura planta lechera y edificio de C5 en Campeche Rep\u00fablica\" \/>\n<meta property=\"og:description\" content=\"CAMPECHE, MX. \u2014\u00a0 La presidenta Claudia Sheinbaum inaugur\u00f3 el equipamiento de la planta productora de leche, las nuevas instalaciones del C5 de la En Sonora en Equipo publicamos toda la informaci\u00f3n de Sonora, M\u00e9xico y el Mundo de manera oportuna y busca que la libertad de expresi\u00f3n sea real. Visita nuestro medio informativo publicado desde Hermosillo, Sonora. %\" \/>\n<meta property=\"og:url\" content=\"https:\/\/www.sonoraenequipo.com.mx\/sheinbaum-inaugura-planta-lechera-y-edificio-de-c5-en-campeche\/\" \/>\n<meta property=\"og:site_name\" content=\"Sonora en Equipo.\" \/>\n<meta property=\"article:publisher\" content=\"https:\/\/www.facebook.com\/SonoraEE\/\" \/>\n<meta property=\"article:author\" content=\"https:\/\/www.facebook.com\/SonoraEE\" \/>\n<meta property=\"article:published_time\" content=\"2025-04-27T18:34:00+00:00\" \/>\n<meta property=\"article:modified_time\" content=\"2025-04-28T03:02:32+00:00\" \/>\n<meta property=\"og:image\" content=\"https:\/\/www.sonoraenequipo.com.mx\/storage\/2025\/04\/CSP-inaugura-lecheria-min.jpg\" \/>\n\t<meta property=\"og:image:width\" content=\"1000\" \/>\n\t<meta property=\"og:image:height\" content=\"562\" \/>\n\t<meta property=\"og:image:type\" content=\"image\/jpeg\" \/>\n<meta name=\"author\" content=\"enequipo\" \/>\n<meta name=\"twitter:card\" content=\"summary_large_image\" \/>\n<meta name=\"twitter:creator\" content=\"@sonoraenequipo\" \/>\n<meta name=\"twitter:site\" content=\"@sonoraenequipo\" \/>\n<meta name=\"twitter:label1\" content=\"Escrito por\" \/>\n\t<meta name=\"twitter:data1\" content=\"enequipo\" \/>\n\t<meta name=\"twitter:label2\" content=\"Tiempo de lectura\" \/>\n\t<meta name=\"twitter:data2\" content=\"2 minutos\" \/>\n<script type=\"application\/ld+json\" class=\"yoast-schema-graph\">{\"@context\":\"https:\/\/schema.org\",\"@graph\":[{\"@type\":\"Article\",\"@id\":\"https:\/\/www.sonoraenequipo.com.mx\/sheinbaum-inaugura-planta-lechera-y-edificio-de-c5-en-campeche\/#article\",\"isPartOf\":{\"@id\":\"https:\/\/www.sonoraenequipo.com.mx\/sheinbaum-inaugura-planta-lechera-y-edificio-de-c5-en-campeche\/\"},\"author\":{\"name\":\"enequipo\",\"@id\":\"https:\/\/www.sonoraenequipo.com.mx\/#\/schema\/person\/50102df0fb23a8fa9e8effad8fa81386\"},\"headline\":\"Sheinbaum inaugura planta lechera y edificio de C5 en Campeche\",\"datePublished\":\"2025-04-27T18:34:00+00:00\",\"dateModified\":\"2025-04-28T03:02:32+00:00\",\"mainEntityOfPage\":{\"@id\":\"https:\/\/www.sonoraenequipo.com.mx\/sheinbaum-inaugura-planta-lechera-y-edificio-de-c5-en-campeche\/\"},\"wordCount\":347,\"commentCount\":0,\"publisher\":{\"@id\":\"https:\/\/www.sonoraenequipo.com.mx\/#organization\"},\"image\":{\"@id\":\"https:\/\/www.sonoraenequipo.com.mx\/sheinbaum-inaugura-planta-lechera-y-edificio-de-c5-en-campeche\/#primaryimage\"},\"thumbnailUrl\":\"https:\/\/www.sonoraenequipo.com.mx\/storage\/2025\/04\/CSP-inaugura-lecheria-min.jpg\",\"articleSection\":[\"Rep\u00fablica\"],\"inLanguage\":\"es\",\"potentialAction\":[{\"@type\":\"CommentAction\",\"name\":\"Comment\",\"target\":[\"https:\/\/www.sonoraenequipo.com.mx\/sheinbaum-inaugura-planta-lechera-y-edificio-de-c5-en-campeche\/#respond\"]}]},{\"@type\":\"WebPage\",\"@id\":\"https:\/\/www.sonoraenequipo.com.mx\/sheinbaum-inaugura-planta-lechera-y-edificio-de-c5-en-campeche\/\",\"url\":\"https:\/\/www.sonoraenequipo.com.mx\/sheinbaum-inaugura-planta-lechera-y-edificio-de-c5-en-campeche\/\",\"name\":\"Sonora en Equipo. Sheinbaum inaugura planta lechera y edificio de C5 en Campeche Rep\u00fablica\",\"isPartOf\":{\"@id\":\"https:\/\/www.sonoraenequipo.com.mx\/#website\"},\"primaryImageOfPage\":{\"@id\":\"https:\/\/www.sonoraenequipo.com.mx\/sheinbaum-inaugura-planta-lechera-y-edificio-de-c5-en-campeche\/#primaryimage\"},\"image\":{\"@id\":\"https:\/\/www.sonoraenequipo.com.mx\/sheinbaum-inaugura-planta-lechera-y-edificio-de-c5-en-campeche\/#primaryimage\"},\"thumbnailUrl\":\"https:\/\/www.sonoraenequipo.com.mx\/storage\/2025\/04\/CSP-inaugura-lecheria-min.jpg\",\"datePublished\":\"2025-04-27T18:34:00+00:00\",\"dateModified\":\"2025-04-28T03:02:32+00:00\",\"description\":\"CAMPECHE, MX. \u2014\u00a0 La presidenta Claudia Sheinbaum inaugur\u00f3 el equipamiento de la planta productora de leche, las nuevas instalaciones del C5 de la En Sonora en Equipo publicamos toda la informaci\u00f3n de Sonora, M\u00e9xico y el Mundo de manera oportuna y busca que la libertad de expresi\u00f3n sea real. Visita nuestro medio informativo publicado desde Hermosillo, Sonora. %\",\"breadcrumb\":{\"@id\":\"https:\/\/www.sonoraenequipo.com.mx\/sheinbaum-inaugura-planta-lechera-y-edificio-de-c5-en-campeche\/#breadcrumb\"},\"inLanguage\":\"es\",\"potentialAction\":[{\"@type\":\"ReadAction\",\"target\":[\"https:\/\/www.sonoraenequipo.com.mx\/sheinbaum-inaugura-planta-lechera-y-edificio-de-c5-en-campeche\/\"]}]},{\"@type\":\"ImageObject\",\"inLanguage\":\"es\",\"@id\":\"https:\/\/www.sonoraenequipo.com.mx\/sheinbaum-inaugura-planta-lechera-y-edificio-de-c5-en-campeche\/#primaryimage\",\"url\":\"https:\/\/www.sonoraenequipo.com.mx\/storage\/2025\/04\/CSP-inaugura-lecheria-min.jpg\",\"contentUrl\":\"https:\/\/www.sonoraenequipo.com.mx\/storage\/2025\/04\/CSP-inaugura-lecheria-min.jpg\",\"width\":1000,\"height\":562},{\"@type\":\"BreadcrumbList\",\"@id\":\"https:\/\/www.sonoraenequipo.com.mx\/sheinbaum-inaugura-planta-lechera-y-edificio-de-c5-en-campeche\/#breadcrumb\",\"itemListElement\":[{\"@type\":\"ListItem\",\"position\":1,\"name\":\"Portada\",\"item\":\"https:\/\/www.sonoraenequipo.com.mx\/\"},{\"@type\":\"ListItem\",\"position\":2,\"name\":\"Sheinbaum inaugura planta lechera y edificio de C5 en Campeche\"}]},{\"@type\":\"WebSite\",\"@id\":\"https:\/\/www.sonoraenequipo.com.mx\/#website\",\"url\":\"https:\/\/www.sonoraenequipo.com.mx\/\",\"name\":\"Sonora en Equipo.\",\"description\":\"Diario en l\u00ednea con Noticias desde Hermosillo, Sonora\",\"publisher\":{\"@id\":\"https:\/\/www.sonoraenequipo.com.mx\/#organization\"},\"potentialAction\":[{\"@type\":\"SearchAction\",\"target\":{\"@type\":\"EntryPoint\",\"urlTemplate\":\"https:\/\/www.sonoraenequipo.com.mx\/?s={search_term_string}\"},\"query-input\":{\"@type\":\"PropertyValueSpecification\",\"valueRequired\":true,\"valueName\":\"search_term_string\"}}],\"inLanguage\":\"es\"},{\"@type\":\"Organization\",\"@id\":\"https:\/\/www.sonoraenequipo.com.mx\/#organization\",\"name\":\"Sonoraenequipo.com.mx\",\"url\":\"https:\/\/www.sonoraenequipo.com.mx\/\",\"logo\":{\"@type\":\"ImageObject\",\"inLanguage\":\"es\",\"@id\":\"https:\/\/www.sonoraenequipo.com.mx\/#\/schema\/logo\/image\/\",\"url\":\"https:\/\/www.sonoraenequipo.com.mx\/storage\/2019\/01\/sonoraenequipo_opt.png\",\"contentUrl\":\"https:\/\/www.sonoraenequipo.com.mx\/storage\/2019\/01\/sonoraenequipo_opt.png\",\"width\":375,\"height\":125,\"caption\":\"Sonoraenequipo.com.mx\"},\"image\":{\"@id\":\"https:\/\/www.sonoraenequipo.com.mx\/#\/schema\/logo\/image\/\"},\"sameAs\":[\"https:\/\/www.facebook.com\/SonoraEE\/\",\"https:\/\/x.com\/sonoraenequipo\",\"https:\/\/www.youtube.com\/channel\/UC338nW-lPEYmJQs4ZABQ1SQ\"]},{\"@type\":\"Person\",\"@id\":\"https:\/\/www.sonoraenequipo.com.mx\/#\/schema\/person\/50102df0fb23a8fa9e8effad8fa81386\",\"name\":\"enequipo\",\"image\":{\"@type\":\"ImageObject\",\"inLanguage\":\"es\",\"@id\":\"https:\/\/www.sonoraenequipo.com.mx\/#\/schema\/person\/image\/\",\"url\":\"https:\/\/secure.gravatar.com\/avatar\/049821681b589dabc0bc20695993ccebb09f5b5d4d790cd9251b97faac7c652b?s=96&d=blank&r=g\",\"contentUrl\":\"https:\/\/secure.gravatar.com\/avatar\/049821681b589dabc0bc20695993ccebb09f5b5d4d790cd9251b97faac7c652b?s=96&d=blank&r=g\",\"caption\":\"enequipo\"},\"sameAs\":[\"https:\/\/www.facebook.com\/SonoraEE\"]}]}<\/script>\n ","yoast_head_json":{"title":"Sonora en Equipo. Sheinbaum inaugura planta lechera y edificio de C5 en Campeche Rep\u00fablica","description":"CAMPECHE, MX. \u2014\u00a0 La presidenta Claudia Sheinbaum inaugur\u00f3 el equipamiento de la planta productora de leche, las nuevas instalaciones del C5 de la En Sonora en Equipo publicamos toda la informaci\u00f3n de Sonora, M\u00e9xico y el Mundo de manera oportuna y busca que la libertad de expresi\u00f3n sea real. Visita nuestro medio informativo publicado desde Hermosillo, Sonora. %","robots":{"index":"index","follow":"follow","max-snippet":"max-snippet:-1","max-image-preview":"max-image-preview:large","max-video-preview":"max-video-preview:-1"},"canonical":"https:\/\/www.sonoraenequipo.com.mx\/sheinbaum-inaugura-planta-lechera-y-edificio-de-c5-en-campeche\/","og_locale":"es_ES","og_type":"article","og_title":"Sonora en Equipo. Sheinbaum inaugura planta lechera y edificio de C5 en Campeche Rep\u00fablica","og_description":"CAMPECHE, MX. \u2014\u00a0 La presidenta Claudia Sheinbaum inaugur\u00f3 el equipamiento de la planta productora de leche, las nuevas instalaciones del C5 de la En Sonora en Equipo publicamos toda la informaci\u00f3n de Sonora, M\u00e9xico y el Mundo de manera oportuna y busca que la libertad de expresi\u00f3n sea real. Visita nuestro medio informativo publicado desde Hermosillo, Sonora. %","og_url":"https:\/\/www.sonoraenequipo.com.mx\/sheinbaum-inaugura-planta-lechera-y-edificio-de-c5-en-campeche\/","og_site_name":"Sonora en Equipo.","article_publisher":"https:\/\/www.facebook.com\/SonoraEE\/","article_author":"https:\/\/www.facebook.com\/SonoraEE","article_published_time":"2025-04-27T18:34:00+00:00","article_modified_time":"2025-04-28T03:02:32+00:00","og_image":[{"width":1000,"height":562,"url":"https:\/\/www.sonoraenequipo.com.mx\/storage\/2025\/04\/CSP-inaugura-lecheria-min.jpg","type":"image\/jpeg"}],"author":"enequipo","twitter_card":"summary_large_image","twitter_creator":"@sonoraenequipo","twitter_site":"@sonoraenequipo","twitter_misc":{"Escrito por":"enequipo","Tiempo de lectura":"2 minutos"},"schema":{"@context":"https:\/\/schema.org","@graph":[{"@type":"Article","@id":"https:\/\/www.sonoraenequipo.com.mx\/sheinbaum-inaugura-planta-lechera-y-edificio-de-c5-en-campeche\/#article","isPartOf":{"@id":"https:\/\/www.sonoraenequipo.com.mx\/sheinbaum-inaugura-planta-lechera-y-edificio-de-c5-en-campeche\/"},"author":{"name":"enequipo","@id":"https:\/\/www.sonoraenequipo.com.mx\/#\/schema\/person\/50102df0fb23a8fa9e8effad8fa81386"},"headline":"Sheinbaum inaugura planta lechera y edificio de C5 en Campeche","datePublished":"2025-04-27T18:34:00+00:00","dateModified":"2025-04-28T03:02:32+00:00","mainEntityOfPage":{"@id":"https:\/\/www.sonoraenequipo.com.mx\/sheinbaum-inaugura-planta-lechera-y-edificio-de-c5-en-campeche\/"},"wordCount":347,"commentCount":0,"publisher":{"@id":"https:\/\/www.sonoraenequipo.com.mx\/#organization"},"image":{"@id":"https:\/\/www.sonoraenequipo.com.mx\/sheinbaum-inaugura-planta-lechera-y-edificio-de-c5-en-campeche\/#primaryimage"},"thumbnailUrl":"https:\/\/www.sonoraenequipo.com.mx\/storage\/2025\/04\/CSP-inaugura-lecheria-min.jpg","articleSection":["Rep\u00fablica"],"inLanguage":"es","potentialAction":[{"@type":"CommentAction","name":"Comment","target":["https:\/\/www.sonoraenequipo.com.mx\/sheinbaum-inaugura-planta-lechera-y-edificio-de-c5-en-campeche\/#respond"]}]},{"@type":"WebPage","@id":"https:\/\/www.sonoraenequipo.com.mx\/sheinbaum-inaugura-planta-lechera-y-edificio-de-c5-en-campeche\/","url":"https:\/\/www.sonoraenequipo.com.mx\/sheinbaum-inaugura-planta-lechera-y-edificio-de-c5-en-campeche\/","name":"Sonora en Equipo. Sheinbaum inaugura planta lechera y edificio de C5 en Campeche Rep\u00fablica","isPartOf":{"@id":"https:\/\/www.sonoraenequipo.com.mx\/#website"},"primaryImageOfPage":{"@id":"https:\/\/www.sonoraenequipo.com.mx\/sheinbaum-inaugura-planta-lechera-y-edificio-de-c5-en-campeche\/#primaryimage"},"image":{"@id":"https:\/\/www.sonoraenequipo.com.mx\/sheinbaum-inaugura-planta-lechera-y-edificio-de-c5-en-campeche\/#primaryimage"},"thumbnailUrl":"https:\/\/www.sonoraenequipo.com.mx\/storage\/2025\/04\/CSP-inaugura-lecheria-min.jpg","datePublished":"2025-04-27T18:34:00+00:00","dateModified":"2025-04-28T03:02:32+00:00","description":"CAMPECHE, MX. \u2014\u00a0 La presidenta Claudia Sheinbaum inaugur\u00f3 el equipamiento de la planta productora de leche, las nuevas instalaciones del C5 de la En Sonora en Equipo publicamos toda la informaci\u00f3n de Sonora, M\u00e9xico y el Mundo de manera oportuna y busca que la libertad de expresi\u00f3n sea real. Visita nuestro medio informativo publicado desde Hermosillo, Sonora. %","breadcrumb":{"@id":"https:\/\/www.sonoraenequipo.com.mx\/sheinbaum-inaugura-planta-lechera-y-edificio-de-c5-en-campeche\/#breadcrumb"},"inLanguage":"es","potentialAction":[{"@type":"ReadAction","target":["https:\/\/www.sonoraenequipo.com.mx\/sheinbaum-inaugura-planta-lechera-y-edificio-de-c5-en-campeche\/"]}]},{"@type":"ImageObject","inLanguage":"es","@id":"https:\/\/www.sonoraenequipo.com.mx\/sheinbaum-inaugura-planta-lechera-y-edificio-de-c5-en-campeche\/#primaryimage","url":"https:\/\/www.sonoraenequipo.com.mx\/storage\/2025\/04\/CSP-inaugura-lecheria-min.jpg","contentUrl":"https:\/\/www.sonoraenequipo.com.mx\/storage\/2025\/04\/CSP-inaugura-lecheria-min.jpg","width":1000,"height":562},{"@type":"BreadcrumbList","@id":"https:\/\/www.sonoraenequipo.com.mx\/sheinbaum-inaugura-planta-lechera-y-edificio-de-c5-en-campeche\/#breadcrumb","itemListElement":[{"@type":"ListItem","position":1,"name":"Portada","item":"https:\/\/www.sonoraenequipo.com.mx\/"},{"@type":"ListItem","position":2,"name":"Sheinbaum inaugura planta lechera y edificio de C5 en Campeche"}]},{"@type":"WebSite","@id":"https:\/\/www.sonoraenequipo.com.mx\/#website","url":"https:\/\/www.sonoraenequipo.com.mx\/","name":"Sonora en Equipo.","description":"Diario en l\u00ednea con Noticias desde Hermosillo, Sonora","publisher":{"@id":"https:\/\/www.sonoraenequipo.com.mx\/#organization"},"potentialAction":[{"@type":"SearchAction","target":{"@type":"EntryPoint","urlTemplate":"https:\/\/www.sonoraenequipo.com.mx\/?s={search_term_string}"},"query-input":{"@type":"PropertyValueSpecification","valueRequired":true,"valueName":"search_term_string"}}],"inLanguage":"es"},{"@type":"Organization","@id":"https:\/\/www.sonoraenequipo.com.mx\/#organization","name":"Sonoraenequipo.com.mx","url":"https:\/\/www.sonoraenequipo.com.mx\/","logo":{"@type":"ImageObject","inLanguage":"es","@id":"https:\/\/www.sonoraenequipo.com.mx\/#\/schema\/logo\/image\/","url":"https:\/\/www.sonoraenequipo.com.mx\/storage\/2019\/01\/sonoraenequipo_opt.png","contentUrl":"https:\/\/www.sonoraenequipo.com.mx\/storage\/2019\/01\/sonoraenequipo_opt.png","width":375,"height":125,"caption":"Sonoraenequipo.com.mx"},"image":{"@id":"https:\/\/www.sonoraenequipo.com.mx\/#\/schema\/logo\/image\/"},"sameAs":["https:\/\/www.facebook.com\/SonoraEE\/","https:\/\/x.com\/sonoraenequipo","https:\/\/www.youtube.com\/channel\/UC338nW-lPEYmJQs4ZABQ1SQ"]},{"@type":"Person","@id":"https:\/\/www.sonoraenequipo.com.mx\/#\/schema\/person\/50102df0fb23a8fa9e8effad8fa81386","name":"enequipo","image":{"@type":"ImageObject","inLanguage":"es","@id":"https:\/\/www.sonoraenequipo.com.mx\/#\/schema\/person\/image\/","url":"https:\/\/secure.gravatar.com\/avatar\/049821681b589dabc0bc20695993ccebb09f5b5d4d790cd9251b97faac7c652b?s=96&d=blank&r=g","contentUrl":"https:\/\/secure.gravatar.com\/avatar\/049821681b589dabc0bc20695993ccebb09f5b5d4d790cd9251b97faac7c652b?s=96&d=blank&r=g","caption":"enequipo"},"sameAs":["https:\/\/www.facebook.com\/SonoraEE"]}]}},"jetpack_featured_media_url":"https:\/\/www.sonoraenequipo.com.mx\/storage\/2025\/04\/CSP-inaugura-lecheria-min.jpg","_links":{"self":[{"href":"https:\/\/www.sonoraenequipo.com.mx\/api\/wp\/v2\/posts\/214433","targetHints":{"allow":["GET"]}}],"collection":[{"href":"https:\/\/www.sonoraenequipo.com.mx\/api\/wp\/v2\/posts"}],"about":[{"href":"https:\/\/www.sonoraenequipo.com.mx\/api\/wp\/v2\/types\/post"}],"author":[{"embeddable":true,"href":"https:\/\/www.sonoraenequipo.com.mx\/api\/wp\/v2\/users\/1"}],"replies":[{"embeddable":true,"href":"https:\/\/www.sonoraenequipo.com.mx\/api\/wp\/v2\/comments?post=214433"}],"version-history":[{"count":3,"href":"https:\/\/www.sonoraenequipo.com.mx\/api\/wp\/v2\/posts\/214433\/revisions"}],"predecessor-version":[{"id":214442,"href":"https:\/\/www.sonoraenequipo.com.mx\/api\/wp\/v2\/posts\/214433\/revisions\/214442"}],"wp:featuredmedia":[{"embeddable":true,"href":"https:\/\/www.sonoraenequipo.com.mx\/api\/wp\/v2\/media\/214439"}],"wp:attachment":[{"href":"https:\/\/www.sonoraenequipo.com.mx\/api\/wp\/v2\/media?parent=214433"}],"wp:term":[{"taxonomy":"category","embeddable":true,"href":"https:\/\/www.sonoraenequipo.com.mx\/api\/wp\/v2\/categories?post=214433"},{"taxonomy":"post_tag","embeddable":true,"href":"https:\/\/www.sonoraenequipo.com.mx\/api\/wp\/v2\/tags?post=214433"}],"curies":[{"name":"wp","href":"https:\/\/api.w.org\/{rel}","templated":true}]}}