{"id":214465,"date":"2025-04-28T18:14:20","date_gmt":"2025-04-29T01:14:20","guid":{"rendered":"https:\/\/www.sonoraenequipo.com.mx\/?p=214465"},"modified":"2025-04-28T18:14:20","modified_gmt":"2025-04-29T01:14:20","slug":"en-el-dia-de-la-ninez-inegi-presenta-la-nueva-version-de-cuentame-de-mexico-informacion-dirigida-a-los-menores","status":"publish","type":"post","link":"https:\/\/www.sonoraenequipo.com.mx\/en-el-dia-de-la-ninez-inegi-presenta-la-nueva-version-de-cuentame-de-mexico-informacion-dirigida-a-los-menores\/","title":{"rendered":"En el D\u00eda de la Ni\u00f1ez, INEGI presenta la nueva versi\u00f3n de \u00abCu\u00e9ntame de M\u00e9xico\u00bb; informaci\u00f3n dirigida a los menores"},"content":{"rendered":"<p>Es una herramienta para que ni\u00f1as y ni\u00f1os conozcan y usen datos, de manera sencilla y divertida, sobre poblaci\u00f3n, econom\u00eda, geograf\u00eda y gobierno.<\/p>\n<p>Desde que se cre\u00f3, en 2005, la han visitado m\u00e1s de 78 millones de personas usuarias de todas las edades.<\/p>\n<p>El INEGI presenta una nueva versi\u00f3n de la plataforma con un dise\u00f1o innovador: incluye mascotas amigables, juegos did\u00e1cticos y mapas interactivos.<\/p>\n<p>Para celebrar el D\u00eda de la Ni\u00f1ez, el Instituto Nacional de Estad\u00edstica y Geograf\u00eda (INEGI) present\u00f3 la nueva versi\u00f3n del sitio web \u00abCu\u00e9ntame de M\u00e9xico\u00bb, en www.cuentame.inegi.org.mx. Aqu\u00ed, las infancias pueden conocer M\u00e9xico a trav\u00e9s de datos estad\u00edsticos y geogr\u00e1ficos que se presentan y explican de forma clara, amigable y divertida.<\/p>\n<p>&nbsp;<\/p>\n<p>El evento de presentaci\u00f3n se llev\u00f3 a cabo el 28 de abril de 2025 en la Escuela Primaria Rep\u00fablica de Checoslovaquia, en la alcald\u00eda Coyoac\u00e1n. Lo encabezaron Graciela M\u00e1rquez, presidenta del INEGI, y Mario Delgado, titular de la Secretar\u00eda de Educaci\u00f3n P\u00fablica (SEP). En el evento tambi\u00e9n estuvo presente Francisco Luciano Concheiro B\u00f3rquez, titular de la Autoridad Educativa Federal de la Ciudad de M\u00e9xico. En compa\u00f1\u00eda de estudiantes, docentes, madres y padres, compartieron mensajes sobre el acercamiento de la ni\u00f1ez al mundo de los datos, no solo como herramienta educativa, sino como una forma de fortalecer su desarrollo y participaci\u00f3n en la sociedad.<\/p>\n<p>&nbsp;<\/p>\n<p>El relanzamiento de \u00abCu\u00e9ntame de M\u00e9xico\u00bb se enmarca en los esfuerzos del Instituto para ciudadanizar la informaci\u00f3n y fomentar la cultura estad\u00edstica y geogr\u00e1fica. A partir de las virtudes de la versi\u00f3n anterior, se agregaron elementos educativos para acompa\u00f1ar el aprendizaje. Asimismo, se incorporaron nuevas historias, mascotas, juegos did\u00e1cticos, mapas y visualizaciones modernas e interactivas para facilitar la comprensi\u00f3n de temas como demograf\u00eda, econom\u00eda, medio ambiente, geograf\u00eda y gobierno.<\/p>\n<p><a href=\"https:\/\/cuentame.inegi.org.mx\/\">https:\/\/cuentame.inegi.org.mx\/<\/a><\/p>\n<p><strong>Fecha de publicaci\u00f3n lunes 28 de abril de 2025 \/ <\/strong><\/p>\n","protected":false},"excerpt":{"rendered":"<p>Es una herramienta para que ni\u00f1as y ni\u00f1os conozcan y usen datos, de manera sencilla&#8230;<\/p>\n","protected":false},"author":1,"featured_media":214466,"comment_status":"open","ping_status":"open","sticky":false,"template":"","format":"standard","meta":{"_monsterinsights_skip_tracking":false,"_monsterinsights_sitenote_active":false,"_monsterinsights_sitenote_note":"","_monsterinsights_sitenote_category":0,"footnotes":""},"categories":[5],"tags":[10342,11173],"class_list":["post"],"yoast_head":" \n<title>Sonora en Equipo. En el D\u00eda de la Ni\u00f1ez, INEGI presenta la nueva versi\u00f3n de \u00abCu\u00e9ntame de M\u00e9xico\u00bb; informaci\u00f3n dirigida a los menores Rep\u00fablica<\/title>\n<meta name=\"description\" content=\"Es una herramienta para que ni\u00f1as y ni\u00f1os conozcan y usen datos, de manera sencilla y divertida, sobre poblaci\u00f3n, econom\u00eda, geograf\u00eda y gobierno. Desde En Sonora en Equipo publicamos toda la informaci\u00f3n de Sonora, M\u00e9xico y el Mundo de manera oportuna y busca que la libertad de expresi\u00f3n sea real. Visita nuestro medio informativo publicado desde Hermosillo, Sonora. %\" \/>\n<meta name=\"robots\" content=\"index, follow, max-snippet:-1, max-image-preview:large, max-video-preview:-1\" \/>\n<link rel=\"canonical\" href=\"https:\/\/www.sonoraenequipo.com.mx\/en-el-dia-de-la-ninez-inegi-presenta-la-nueva-version-de-cuentame-de-mexico-informacion-dirigida-a-los-menores\/\" \/>\n<meta property=\"og:locale\" content=\"es_ES\" \/>\n<meta property=\"og:type\" content=\"article\" \/>\n<meta property=\"og:title\" content=\"Sonora en Equipo. En el D\u00eda de la Ni\u00f1ez, INEGI presenta la nueva versi\u00f3n de \u00abCu\u00e9ntame de M\u00e9xico\u00bb; informaci\u00f3n dirigida a los menores Rep\u00fablica\" \/>\n<meta property=\"og:description\" content=\"Es una herramienta para que ni\u00f1as y ni\u00f1os conozcan y usen datos, de manera sencilla y divertida, sobre poblaci\u00f3n, econom\u00eda, geograf\u00eda y gobierno. Desde En Sonora en Equipo publicamos toda la informaci\u00f3n de Sonora, M\u00e9xico y el Mundo de manera oportuna y busca que la libertad de expresi\u00f3n sea real. Visita nuestro medio informativo publicado desde Hermosillo, Sonora. %\" \/>\n<meta property=\"og:url\" content=\"https:\/\/www.sonoraenequipo.com.mx\/en-el-dia-de-la-ninez-inegi-presenta-la-nueva-version-de-cuentame-de-mexico-informacion-dirigida-a-los-menores\/\" \/>\n<meta property=\"og:site_name\" content=\"Sonora en Equipo.\" \/>\n<meta property=\"article:publisher\" content=\"https:\/\/www.facebook.com\/SonoraEE\/\" \/>\n<meta property=\"article:author\" content=\"https:\/\/www.facebook.com\/SonoraEE\" \/>\n<meta property=\"article:published_time\" content=\"2025-04-29T01:14:20+00:00\" \/>\n<meta property=\"og:image\" content=\"https:\/\/www.sonoraenequipo.com.mx\/storage\/2025\/04\/ninos.jpg\" \/>\n\t<meta property=\"og:image:width\" content=\"600\" \/>\n\t<meta property=\"og:image:height\" content=\"400\" \/>\n\t<meta property=\"og:image:type\" content=\"image\/jpeg\" \/>\n<meta name=\"author\" content=\"enequipo\" \/>\n<meta name=\"twitter:card\" content=\"summary_large_image\" \/>\n<meta name=\"twitter:creator\" content=\"@sonoraenequipo\" \/>\n<meta name=\"twitter:site\" content=\"@sonoraenequipo\" \/>\n<meta name=\"twitter:label1\" content=\"Escrito por\" \/>\n\t<meta name=\"twitter:data1\" content=\"enequipo\" \/>\n\t<meta name=\"twitter:label2\" content=\"Tiempo de lectura\" \/>\n\t<meta name=\"twitter:data2\" content=\"2 minutos\" \/>\n<script type=\"application\/ld+json\" class=\"yoast-schema-graph\">{\"@context\":\"https:\/\/schema.org\",\"@graph\":[{\"@type\":\"Article\",\"@id\":\"https:\/\/www.sonoraenequipo.com.mx\/en-el-dia-de-la-ninez-inegi-presenta-la-nueva-version-de-cuentame-de-mexico-informacion-dirigida-a-los-menores\/#article\",\"isPartOf\":{\"@id\":\"https:\/\/www.sonoraenequipo.com.mx\/en-el-dia-de-la-ninez-inegi-presenta-la-nueva-version-de-cuentame-de-mexico-informacion-dirigida-a-los-menores\/\"},\"author\":{\"name\":\"enequipo\",\"@id\":\"https:\/\/www.sonoraenequipo.com.mx\/#\/schema\/person\/50102df0fb23a8fa9e8effad8fa81386\"},\"headline\":\"En el D\u00eda de la Ni\u00f1ez, INEGI presenta la nueva versi\u00f3n de \u00abCu\u00e9ntame de M\u00e9xico\u00bb; informaci\u00f3n dirigida a los menores\",\"datePublished\":\"2025-04-29T01:14:20+00:00\",\"mainEntityOfPage\":{\"@id\":\"https:\/\/www.sonoraenequipo.com.mx\/en-el-dia-de-la-ninez-inegi-presenta-la-nueva-version-de-cuentame-de-mexico-informacion-dirigida-a-los-menores\/\"},\"wordCount\":374,\"commentCount\":0,\"publisher\":{\"@id\":\"https:\/\/www.sonoraenequipo.com.mx\/#organization\"},\"image\":{\"@id\":\"https:\/\/www.sonoraenequipo.com.mx\/en-el-dia-de-la-ninez-inegi-presenta-la-nueva-version-de-cuentame-de-mexico-informacion-dirigida-a-los-menores\/#primaryimage\"},\"thumbnailUrl\":\"https:\/\/www.sonoraenequipo.com.mx\/storage\/2025\/04\/ninos.jpg\",\"keywords\":[\"2025\",\"dia ni\u00f1ez\"],\"articleSection\":[\"Rep\u00fablica\"],\"inLanguage\":\"es\",\"potentialAction\":[{\"@type\":\"CommentAction\",\"name\":\"Comment\",\"target\":[\"https:\/\/www.sonoraenequipo.com.mx\/en-el-dia-de-la-ninez-inegi-presenta-la-nueva-version-de-cuentame-de-mexico-informacion-dirigida-a-los-menores\/#respond\"]}]},{\"@type\":\"WebPage\",\"@id\":\"https:\/\/www.sonoraenequipo.com.mx\/en-el-dia-de-la-ninez-inegi-presenta-la-nueva-version-de-cuentame-de-mexico-informacion-dirigida-a-los-menores\/\",\"url\":\"https:\/\/www.sonoraenequipo.com.mx\/en-el-dia-de-la-ninez-inegi-presenta-la-nueva-version-de-cuentame-de-mexico-informacion-dirigida-a-los-menores\/\",\"name\":\"Sonora en Equipo. En el D\u00eda de la Ni\u00f1ez, INEGI presenta la nueva versi\u00f3n de \u00abCu\u00e9ntame de M\u00e9xico\u00bb; informaci\u00f3n dirigida a los menores Rep\u00fablica\",\"isPartOf\":{\"@id\":\"https:\/\/www.sonoraenequipo.com.mx\/#website\"},\"primaryImageOfPage\":{\"@id\":\"https:\/\/www.sonoraenequipo.com.mx\/en-el-dia-de-la-ninez-inegi-presenta-la-nueva-version-de-cuentame-de-mexico-informacion-dirigida-a-los-menores\/#primaryimage\"},\"image\":{\"@id\":\"https:\/\/www.sonoraenequipo.com.mx\/en-el-dia-de-la-ninez-inegi-presenta-la-nueva-version-de-cuentame-de-mexico-informacion-dirigida-a-los-menores\/#primaryimage\"},\"thumbnailUrl\":\"https:\/\/www.sonoraenequipo.com.mx\/storage\/2025\/04\/ninos.jpg\",\"datePublished\":\"2025-04-29T01:14:20+00:00\",\"description\":\"Es una herramienta para que ni\u00f1as y ni\u00f1os conozcan y usen datos, de manera sencilla y divertida, sobre poblaci\u00f3n, econom\u00eda, geograf\u00eda y gobierno. Desde En Sonora en Equipo publicamos toda la informaci\u00f3n de Sonora, M\u00e9xico y el Mundo de manera oportuna y busca que la libertad de expresi\u00f3n sea real. Visita nuestro medio informativo publicado desde Hermosillo, Sonora. %\",\"breadcrumb\":{\"@id\":\"https:\/\/www.sonoraenequipo.com.mx\/en-el-dia-de-la-ninez-inegi-presenta-la-nueva-version-de-cuentame-de-mexico-informacion-dirigida-a-los-menores\/#breadcrumb\"},\"inLanguage\":\"es\",\"potentialAction\":[{\"@type\":\"ReadAction\",\"target\":[\"https:\/\/www.sonoraenequipo.com.mx\/en-el-dia-de-la-ninez-inegi-presenta-la-nueva-version-de-cuentame-de-mexico-informacion-dirigida-a-los-menores\/\"]}]},{\"@type\":\"ImageObject\",\"inLanguage\":\"es\",\"@id\":\"https:\/\/www.sonoraenequipo.com.mx\/en-el-dia-de-la-ninez-inegi-presenta-la-nueva-version-de-cuentame-de-mexico-informacion-dirigida-a-los-menores\/#primaryimage\",\"url\":\"https:\/\/www.sonoraenequipo.com.mx\/storage\/2025\/04\/ninos.jpg\",\"contentUrl\":\"https:\/\/www.sonoraenequipo.com.mx\/storage\/2025\/04\/ninos.jpg\",\"width\":600,\"height\":400},{\"@type\":\"BreadcrumbList\",\"@id\":\"https:\/\/www.sonoraenequipo.com.mx\/en-el-dia-de-la-ninez-inegi-presenta-la-nueva-version-de-cuentame-de-mexico-informacion-dirigida-a-los-menores\/#breadcrumb\",\"itemListElement\":[{\"@type\":\"ListItem\",\"position\":1,\"name\":\"Portada\",\"item\":\"https:\/\/www.sonoraenequipo.com.mx\/\"},{\"@type\":\"ListItem\",\"position\":2,\"name\":\"En el D\u00eda de la Ni\u00f1ez, INEGI presenta la nueva versi\u00f3n de \u00abCu\u00e9ntame de M\u00e9xico\u00bb; informaci\u00f3n dirigida a los menores\"}]},{\"@type\":\"WebSite\",\"@id\":\"https:\/\/www.sonoraenequipo.com.mx\/#website\",\"url\":\"https:\/\/www.sonoraenequipo.com.mx\/\",\"name\":\"Sonora en Equipo.\",\"description\":\"Diario en l\u00ednea con Noticias desde Hermosillo, Sonora\",\"publisher\":{\"@id\":\"https:\/\/www.sonoraenequipo.com.mx\/#organization\"},\"potentialAction\":[{\"@type\":\"SearchAction\",\"target\":{\"@type\":\"EntryPoint\",\"urlTemplate\":\"https:\/\/www.sonoraenequipo.com.mx\/?s={search_term_string}\"},\"query-input\":{\"@type\":\"PropertyValueSpecification\",\"valueRequired\":true,\"valueName\":\"search_term_string\"}}],\"inLanguage\":\"es\"},{\"@type\":\"Organization\",\"@id\":\"https:\/\/www.sonoraenequipo.com.mx\/#organization\",\"name\":\"Sonoraenequipo.com.mx\",\"url\":\"https:\/\/www.sonoraenequipo.com.mx\/\",\"logo\":{\"@type\":\"ImageObject\",\"inLanguage\":\"es\",\"@id\":\"https:\/\/www.sonoraenequipo.com.mx\/#\/schema\/logo\/image\/\",\"url\":\"https:\/\/www.sonoraenequipo.com.mx\/storage\/2019\/01\/sonoraenequipo_opt.png\",\"contentUrl\":\"https:\/\/www.sonoraenequipo.com.mx\/storage\/2019\/01\/sonoraenequipo_opt.png\",\"width\":375,\"height\":125,\"caption\":\"Sonoraenequipo.com.mx\"},\"image\":{\"@id\":\"https:\/\/www.sonoraenequipo.com.mx\/#\/schema\/logo\/image\/\"},\"sameAs\":[\"https:\/\/www.facebook.com\/SonoraEE\/\",\"https:\/\/x.com\/sonoraenequipo\",\"https:\/\/www.youtube.com\/channel\/UC338nW-lPEYmJQs4ZABQ1SQ\"]},{\"@type\":\"Person\",\"@id\":\"https:\/\/www.sonoraenequipo.com.mx\/#\/schema\/person\/50102df0fb23a8fa9e8effad8fa81386\",\"name\":\"enequipo\",\"image\":{\"@type\":\"ImageObject\",\"inLanguage\":\"es\",\"@id\":\"https:\/\/www.sonoraenequipo.com.mx\/#\/schema\/person\/image\/\",\"url\":\"https:\/\/secure.gravatar.com\/avatar\/049821681b589dabc0bc20695993ccebb09f5b5d4d790cd9251b97faac7c652b?s=96&d=blank&r=g\",\"contentUrl\":\"https:\/\/secure.gravatar.com\/avatar\/049821681b589dabc0bc20695993ccebb09f5b5d4d790cd9251b97faac7c652b?s=96&d=blank&r=g\",\"caption\":\"enequipo\"},\"sameAs\":[\"https:\/\/www.facebook.com\/SonoraEE\"]}]}<\/script>\n ","yoast_head_json":{"title":"Sonora en Equipo. En el D\u00eda de la Ni\u00f1ez, INEGI presenta la nueva versi\u00f3n de \u00abCu\u00e9ntame de M\u00e9xico\u00bb; informaci\u00f3n dirigida a los menores Rep\u00fablica","description":"Es una herramienta para que ni\u00f1as y ni\u00f1os conozcan y usen datos, de manera sencilla y divertida, sobre poblaci\u00f3n, econom\u00eda, geograf\u00eda y gobierno. Desde En Sonora en Equipo publicamos toda la informaci\u00f3n de Sonora, M\u00e9xico y el Mundo de manera oportuna y busca que la libertad de expresi\u00f3n sea real. Visita nuestro medio informativo publicado desde Hermosillo, Sonora. %","robots":{"index":"index","follow":"follow","max-snippet":"max-snippet:-1","max-image-preview":"max-image-preview:large","max-video-preview":"max-video-preview:-1"},"canonical":"https:\/\/www.sonoraenequipo.com.mx\/en-el-dia-de-la-ninez-inegi-presenta-la-nueva-version-de-cuentame-de-mexico-informacion-dirigida-a-los-menores\/","og_locale":"es_ES","og_type":"article","og_title":"Sonora en Equipo. En el D\u00eda de la Ni\u00f1ez, INEGI presenta la nueva versi\u00f3n de \u00abCu\u00e9ntame de M\u00e9xico\u00bb; informaci\u00f3n dirigida a los menores Rep\u00fablica","og_description":"Es una herramienta para que ni\u00f1as y ni\u00f1os conozcan y usen datos, de manera sencilla y divertida, sobre poblaci\u00f3n, econom\u00eda, geograf\u00eda y gobierno. Desde En Sonora en Equipo publicamos toda la informaci\u00f3n de Sonora, M\u00e9xico y el Mundo de manera oportuna y busca que la libertad de expresi\u00f3n sea real. Visita nuestro medio informativo publicado desde Hermosillo, Sonora. %","og_url":"https:\/\/www.sonoraenequipo.com.mx\/en-el-dia-de-la-ninez-inegi-presenta-la-nueva-version-de-cuentame-de-mexico-informacion-dirigida-a-los-menores\/","og_site_name":"Sonora en Equipo.","article_publisher":"https:\/\/www.facebook.com\/SonoraEE\/","article_author":"https:\/\/www.facebook.com\/SonoraEE","article_published_time":"2025-04-29T01:14:20+00:00","og_image":[{"width":600,"height":400,"url":"https:\/\/www.sonoraenequipo.com.mx\/storage\/2025\/04\/ninos.jpg","type":"image\/jpeg"}],"author":"enequipo","twitter_card":"summary_large_image","twitter_creator":"@sonoraenequipo","twitter_site":"@sonoraenequipo","twitter_misc":{"Escrito por":"enequipo","Tiempo de lectura":"2 minutos"},"schema":{"@context":"https:\/\/schema.org","@graph":[{"@type":"Article","@id":"https:\/\/www.sonoraenequipo.com.mx\/en-el-dia-de-la-ninez-inegi-presenta-la-nueva-version-de-cuentame-de-mexico-informacion-dirigida-a-los-menores\/#article","isPartOf":{"@id":"https:\/\/www.sonoraenequipo.com.mx\/en-el-dia-de-la-ninez-inegi-presenta-la-nueva-version-de-cuentame-de-mexico-informacion-dirigida-a-los-menores\/"},"author":{"name":"enequipo","@id":"https:\/\/www.sonoraenequipo.com.mx\/#\/schema\/person\/50102df0fb23a8fa9e8effad8fa81386"},"headline":"En el D\u00eda de la Ni\u00f1ez, INEGI presenta la nueva versi\u00f3n de \u00abCu\u00e9ntame de M\u00e9xico\u00bb; informaci\u00f3n dirigida a los menores","datePublished":"2025-04-29T01:14:20+00:00","mainEntityOfPage":{"@id":"https:\/\/www.sonoraenequipo.com.mx\/en-el-dia-de-la-ninez-inegi-presenta-la-nueva-version-de-cuentame-de-mexico-informacion-dirigida-a-los-menores\/"},"wordCount":374,"commentCount":0,"publisher":{"@id":"https:\/\/www.sonoraenequipo.com.mx\/#organization"},"image":{"@id":"https:\/\/www.sonoraenequipo.com.mx\/en-el-dia-de-la-ninez-inegi-presenta-la-nueva-version-de-cuentame-de-mexico-informacion-dirigida-a-los-menores\/#primaryimage"},"thumbnailUrl":"https:\/\/www.sonoraenequipo.com.mx\/storage\/2025\/04\/ninos.jpg","keywords":["2025","dia ni\u00f1ez"],"articleSection":["Rep\u00fablica"],"inLanguage":"es","potentialAction":[{"@type":"CommentAction","name":"Comment","target":["https:\/\/www.sonoraenequipo.com.mx\/en-el-dia-de-la-ninez-inegi-presenta-la-nueva-version-de-cuentame-de-mexico-informacion-dirigida-a-los-menores\/#respond"]}]},{"@type":"WebPage","@id":"https:\/\/www.sonoraenequipo.com.mx\/en-el-dia-de-la-ninez-inegi-presenta-la-nueva-version-de-cuentame-de-mexico-informacion-dirigida-a-los-menores\/","url":"https:\/\/www.sonoraenequipo.com.mx\/en-el-dia-de-la-ninez-inegi-presenta-la-nueva-version-de-cuentame-de-mexico-informacion-dirigida-a-los-menores\/","name":"Sonora en Equipo. En el D\u00eda de la Ni\u00f1ez, INEGI presenta la nueva versi\u00f3n de \u00abCu\u00e9ntame de M\u00e9xico\u00bb; informaci\u00f3n dirigida a los menores Rep\u00fablica","isPartOf":{"@id":"https:\/\/www.sonoraenequipo.com.mx\/#website"},"primaryImageOfPage":{"@id":"https:\/\/www.sonoraenequipo.com.mx\/en-el-dia-de-la-ninez-inegi-presenta-la-nueva-version-de-cuentame-de-mexico-informacion-dirigida-a-los-menores\/#primaryimage"},"image":{"@id":"https:\/\/www.sonoraenequipo.com.mx\/en-el-dia-de-la-ninez-inegi-presenta-la-nueva-version-de-cuentame-de-mexico-informacion-dirigida-a-los-menores\/#primaryimage"},"thumbnailUrl":"https:\/\/www.sonoraenequipo.com.mx\/storage\/2025\/04\/ninos.jpg","datePublished":"2025-04-29T01:14:20+00:00","description":"Es una herramienta para que ni\u00f1as y ni\u00f1os conozcan y usen datos, de manera sencilla y divertida, sobre poblaci\u00f3n, econom\u00eda, geograf\u00eda y gobierno. Desde En Sonora en Equipo publicamos toda la informaci\u00f3n de Sonora, M\u00e9xico y el Mundo de manera oportuna y busca que la libertad de expresi\u00f3n sea real. Visita nuestro medio informativo publicado desde Hermosillo, Sonora. %","breadcrumb":{"@id":"https:\/\/www.sonoraenequipo.com.mx\/en-el-dia-de-la-ninez-inegi-presenta-la-nueva-version-de-cuentame-de-mexico-informacion-dirigida-a-los-menores\/#breadcrumb"},"inLanguage":"es","potentialAction":[{"@type":"ReadAction","target":["https:\/\/www.sonoraenequipo.com.mx\/en-el-dia-de-la-ninez-inegi-presenta-la-nueva-version-de-cuentame-de-mexico-informacion-dirigida-a-los-menores\/"]}]},{"@type":"ImageObject","inLanguage":"es","@id":"https:\/\/www.sonoraenequipo.com.mx\/en-el-dia-de-la-ninez-inegi-presenta-la-nueva-version-de-cuentame-de-mexico-informacion-dirigida-a-los-menores\/#primaryimage","url":"https:\/\/www.sonoraenequipo.com.mx\/storage\/2025\/04\/ninos.jpg","contentUrl":"https:\/\/www.sonoraenequipo.com.mx\/storage\/2025\/04\/ninos.jpg","width":600,"height":400},{"@type":"BreadcrumbList","@id":"https:\/\/www.sonoraenequipo.com.mx\/en-el-dia-de-la-ninez-inegi-presenta-la-nueva-version-de-cuentame-de-mexico-informacion-dirigida-a-los-menores\/#breadcrumb","itemListElement":[{"@type":"ListItem","position":1,"name":"Portada","item":"https:\/\/www.sonoraenequipo.com.mx\/"},{"@type":"ListItem","position":2,"name":"En el D\u00eda de la Ni\u00f1ez, INEGI presenta la nueva versi\u00f3n de \u00abCu\u00e9ntame de M\u00e9xico\u00bb; informaci\u00f3n dirigida a los menores"}]},{"@type":"WebSite","@id":"https:\/\/www.sonoraenequipo.com.mx\/#website","url":"https:\/\/www.sonoraenequipo.com.mx\/","name":"Sonora en Equipo.","description":"Diario en l\u00ednea con Noticias desde Hermosillo, Sonora","publisher":{"@id":"https:\/\/www.sonoraenequipo.com.mx\/#organization"},"potentialAction":[{"@type":"SearchAction","target":{"@type":"EntryPoint","urlTemplate":"https:\/\/www.sonoraenequipo.com.mx\/?s={search_term_string}"},"query-input":{"@type":"PropertyValueSpecification","valueRequired":true,"valueName":"search_term_string"}}],"inLanguage":"es"},{"@type":"Organization","@id":"https:\/\/www.sonoraenequipo.com.mx\/#organization","name":"Sonoraenequipo.com.mx","url":"https:\/\/www.sonoraenequipo.com.mx\/","logo":{"@type":"ImageObject","inLanguage":"es","@id":"https:\/\/www.sonoraenequipo.com.mx\/#\/schema\/logo\/image\/","url":"https:\/\/www.sonoraenequipo.com.mx\/storage\/2019\/01\/sonoraenequipo_opt.png","contentUrl":"https:\/\/www.sonoraenequipo.com.mx\/storage\/2019\/01\/sonoraenequipo_opt.png","width":375,"height":125,"caption":"Sonoraenequipo.com.mx"},"image":{"@id":"https:\/\/www.sonoraenequipo.com.mx\/#\/schema\/logo\/image\/"},"sameAs":["https:\/\/www.facebook.com\/SonoraEE\/","https:\/\/x.com\/sonoraenequipo","https:\/\/www.youtube.com\/channel\/UC338nW-lPEYmJQs4ZABQ1SQ"]},{"@type":"Person","@id":"https:\/\/www.sonoraenequipo.com.mx\/#\/schema\/person\/50102df0fb23a8fa9e8effad8fa81386","name":"enequipo","image":{"@type":"ImageObject","inLanguage":"es","@id":"https:\/\/www.sonoraenequipo.com.mx\/#\/schema\/person\/image\/","url":"https:\/\/secure.gravatar.com\/avatar\/049821681b589dabc0bc20695993ccebb09f5b5d4d790cd9251b97faac7c652b?s=96&d=blank&r=g","contentUrl":"https:\/\/secure.gravatar.com\/avatar\/049821681b589dabc0bc20695993ccebb09f5b5d4d790cd9251b97faac7c652b?s=96&d=blank&r=g","caption":"enequipo"},"sameAs":["https:\/\/www.facebook.com\/SonoraEE"]}]}},"jetpack_featured_media_url":"https:\/\/www.sonoraenequipo.com.mx\/storage\/2025\/04\/ninos.jpg","_links":{"self":[{"href":"https:\/\/www.sonoraenequipo.com.mx\/api\/wp\/v2\/posts\/214465","targetHints":{"allow":["GET"]}}],"collection":[{"href":"https:\/\/www.sonoraenequipo.com.mx\/api\/wp\/v2\/posts"}],"about":[{"href":"https:\/\/www.sonoraenequipo.com.mx\/api\/wp\/v2\/types\/post"}],"author":[{"embeddable":true,"href":"https:\/\/www.sonoraenequipo.com.mx\/api\/wp\/v2\/users\/1"}],"replies":[{"embeddable":true,"href":"https:\/\/www.sonoraenequipo.com.mx\/api\/wp\/v2\/comments?post=214465"}],"version-history":[{"count":1,"href":"https:\/\/www.sonoraenequipo.com.mx\/api\/wp\/v2\/posts\/214465\/revisions"}],"predecessor-version":[{"id":214467,"href":"https:\/\/www.sonoraenequipo.com.mx\/api\/wp\/v2\/posts\/214465\/revisions\/214467"}],"wp:featuredmedia":[{"embeddable":true,"href":"https:\/\/www.sonoraenequipo.com.mx\/api\/wp\/v2\/media\/214466"}],"wp:attachment":[{"href":"https:\/\/www.sonoraenequipo.com.mx\/api\/wp\/v2\/media?parent=214465"}],"wp:term":[{"taxonomy":"category","embeddable":true,"href":"https:\/\/www.sonoraenequipo.com.mx\/api\/wp\/v2\/categories?post=214465"},{"taxonomy":"post_tag","embeddable":true,"href":"https:\/\/www.sonoraenequipo.com.mx\/api\/wp\/v2\/tags?post=214465"}],"curies":[{"name":"wp","href":"https:\/\/api.w.org\/{rel}","templated":true}]}}