{"id":214468,"date":"2025-04-28T18:16:44","date_gmt":"2025-04-29T01:16:44","guid":{"rendered":"https:\/\/www.sonoraenequipo.com.mx\/?p=214468"},"modified":"2025-04-28T18:16:44","modified_gmt":"2025-04-29T01:16:44","slug":"en-la-unison-se-celebra-la-danza-todos-los-dias","status":"publish","type":"post","link":"https:\/\/www.sonoraenequipo.com.mx\/en-la-unison-se-celebra-la-danza-todos-los-dias\/","title":{"rendered":"En la Unison, se celebra la danza todos los d\u00edas"},"content":{"rendered":"<p><strong>HERMOSILLO, SONORA, MX.<\/strong> \u2014 El 29 de abril se celebra el D\u00eda Internacional de la Danza, fecha que honra a Jean-Georges Noverre, creador del ballet moderno, y una conmemoraci\u00f3n establecida en 1982 por el Consejo Internacional de la Danza de la UNESCO.<\/p>\n<p>Para el acad\u00e9mico David Barr\u00f3n Salido, la danza fue uno de los primeros lenguajes del cuerpo, del ser humano, ya que, antes del habla, la manifestaci\u00f3n con el cuerpo era todo un lenguaje.<\/p>\n<p>\u201cDespu\u00e9s, lo que hac\u00eda comunidad ten\u00eda que ver con el movimiento, con esas danzas y les daba una identidad, una relaci\u00f3n con la naturaleza y una relaci\u00f3n con los seres vivos o ausentes, se volvi\u00f3 todo un ritual en las principales ceremonias.<\/p>\n<p>\u201cEn lo social, recreativo, y en la educaci\u00f3n del cuerpo y simbolizaci\u00f3n, la manera en la que nos relacionamos con otros cuerpos, es una actividad muy valiosa y creo que es muy digno que tenga su d\u00eda\u201d, expres\u00f3 el tambi\u00e9n bailar\u00edn.<\/p>\n<p>Con m\u00e1s de 40 a\u00f1os dedicado profesionalmente a esta manifestaci\u00f3n art\u00edstica, comparti\u00f3 que baila desde que tiene uso de raz\u00f3n y que la danza ha estado con \u00e9l toda su vida.<\/p>\n<p>&nbsp;<\/p>\n<p>Danza sonorense<\/p>\n<p>El impacto de la danza, coment\u00f3, va desde cada lugar con su historia y desarrollo; tambi\u00e9n cada etnia tiene su propia danza, la m\u00e1s ic\u00f3nica de Sonora y una de las m\u00e1s importantes del pa\u00eds, dijo, es la Danza del Venado.<\/p>\n<p>\u201cLa danza contempor\u00e1nea tiene que ver con la expresi\u00f3n art\u00edstica del individuo y la manera creativa. Como comunidad, se tienen caracter\u00edsticas espec\u00edficas y eso ha hecho que nuestra danza, que la gente que hacemos danza en Sonora, tenga una caracter\u00edstica distinta y ha tenido una respuesta muy buena a nivel nacional e internacional\u201d, consider\u00f3 Barr\u00f3n Salido.<\/p>\n<p>Sobre el impacto de la Universidad de Sonora, coment\u00f3 que actualmente se cuenta con una facultad donde se crean int\u00e9rpretes, licenciados, gente con autoridad para hablar de danza, conocer la danza y poder difundirla.<\/p>\n<p><strong>Fecha de publicaci\u00f3n lunes 28 de abril de 2025 \/ <\/strong><\/p>\n","protected":false},"excerpt":{"rendered":"<p>HERMOSILLO, SONORA, MX. \u2014 El 29 de abril se celebra el D\u00eda Internacional de la&#8230;<\/p>\n","protected":false},"author":1,"featured_media":214469,"comment_status":"open","ping_status":"open","sticky":false,"template":"","format":"standard","meta":{"_monsterinsights_skip_tracking":false,"_monsterinsights_sitenote_active":false,"_monsterinsights_sitenote_note":"","_monsterinsights_sitenote_category":0,"footnotes":""},"categories":[1],"tags":[205,63],"class_list":["post"],"yoast_head":" \n<title>Sonora en Equipo. En la Unison, se celebra la danza todos los d\u00edas<\/title>\n<meta name=\"description\" content=\"HERMOSILLO, SONORA, MX. \u2014 El 29 de abril se celebra el D\u00eda Internacional de la Danza, fecha que honra a Jean-Georges Noverre, creador del ballet moderno, En Sonora en Equipo publicamos toda la informaci\u00f3n de Sonora, M\u00e9xico y el Mundo de manera oportuna y busca que la libertad de expresi\u00f3n sea real. Visita nuestro medio informativo publicado desde Hermosillo, Sonora. %\" \/>\n<meta name=\"robots\" content=\"index, follow, max-snippet:-1, max-image-preview:large, max-video-preview:-1\" \/>\n<link rel=\"canonical\" href=\"https:\/\/www.sonoraenequipo.com.mx\/en-la-unison-se-celebra-la-danza-todos-los-dias\/\" \/>\n<meta property=\"og:locale\" content=\"es_ES\" \/>\n<meta property=\"og:type\" content=\"article\" \/>\n<meta property=\"og:title\" content=\"Sonora en Equipo. En la Unison, se celebra la danza todos los d\u00edas\" \/>\n<meta property=\"og:description\" content=\"HERMOSILLO, SONORA, MX. \u2014 El 29 de abril se celebra el D\u00eda Internacional de la Danza, fecha que honra a Jean-Georges Noverre, creador del ballet moderno, En Sonora en Equipo publicamos toda la informaci\u00f3n de Sonora, M\u00e9xico y el Mundo de manera oportuna y busca que la libertad de expresi\u00f3n sea real. Visita nuestro medio informativo publicado desde Hermosillo, Sonora. %\" \/>\n<meta property=\"og:url\" content=\"https:\/\/www.sonoraenequipo.com.mx\/en-la-unison-se-celebra-la-danza-todos-los-dias\/\" \/>\n<meta property=\"og:site_name\" content=\"Sonora en Equipo.\" \/>\n<meta property=\"article:publisher\" content=\"https:\/\/www.facebook.com\/SonoraEE\/\" \/>\n<meta property=\"article:author\" content=\"https:\/\/www.facebook.com\/SonoraEE\" \/>\n<meta property=\"article:published_time\" content=\"2025-04-29T01:16:44+00:00\" \/>\n<meta property=\"og:image\" content=\"https:\/\/www.sonoraenequipo.com.mx\/storage\/2025\/04\/danza-unison.jpg\" \/>\n\t<meta property=\"og:image:width\" content=\"600\" \/>\n\t<meta property=\"og:image:height\" content=\"400\" \/>\n\t<meta property=\"og:image:type\" content=\"image\/jpeg\" \/>\n<meta name=\"author\" content=\"enequipo\" \/>\n<meta name=\"twitter:card\" content=\"summary_large_image\" \/>\n<meta name=\"twitter:creator\" content=\"@sonoraenequipo\" \/>\n<meta name=\"twitter:site\" content=\"@sonoraenequipo\" \/>\n<meta name=\"twitter:label1\" content=\"Escrito por\" \/>\n\t<meta name=\"twitter:data1\" content=\"enequipo\" \/>\n\t<meta name=\"twitter:label2\" content=\"Tiempo de lectura\" \/>\n\t<meta name=\"twitter:data2\" content=\"2 minutos\" \/>\n<script type=\"application\/ld+json\" class=\"yoast-schema-graph\">{\"@context\":\"https:\/\/schema.org\",\"@graph\":[{\"@type\":\"Article\",\"@id\":\"https:\/\/www.sonoraenequipo.com.mx\/en-la-unison-se-celebra-la-danza-todos-los-dias\/#article\",\"isPartOf\":{\"@id\":\"https:\/\/www.sonoraenequipo.com.mx\/en-la-unison-se-celebra-la-danza-todos-los-dias\/\"},\"author\":{\"name\":\"enequipo\",\"@id\":\"https:\/\/www.sonoraenequipo.com.mx\/#\/schema\/person\/50102df0fb23a8fa9e8effad8fa81386\"},\"headline\":\"En la Unison, se celebra la danza todos los d\u00edas\",\"datePublished\":\"2025-04-29T01:16:44+00:00\",\"mainEntityOfPage\":{\"@id\":\"https:\/\/www.sonoraenequipo.com.mx\/en-la-unison-se-celebra-la-danza-todos-los-dias\/\"},\"wordCount\":371,\"commentCount\":0,\"publisher\":{\"@id\":\"https:\/\/www.sonoraenequipo.com.mx\/#organization\"},\"image\":{\"@id\":\"https:\/\/www.sonoraenequipo.com.mx\/en-la-unison-se-celebra-la-danza-todos-los-dias\/#primaryimage\"},\"thumbnailUrl\":\"https:\/\/www.sonoraenequipo.com.mx\/storage\/2025\/04\/danza-unison.jpg\",\"keywords\":[\"danza\",\"UniSon\"],\"articleSection\":[\"Sin categorizar\"],\"inLanguage\":\"es\",\"potentialAction\":[{\"@type\":\"CommentAction\",\"name\":\"Comment\",\"target\":[\"https:\/\/www.sonoraenequipo.com.mx\/en-la-unison-se-celebra-la-danza-todos-los-dias\/#respond\"]}]},{\"@type\":\"WebPage\",\"@id\":\"https:\/\/www.sonoraenequipo.com.mx\/en-la-unison-se-celebra-la-danza-todos-los-dias\/\",\"url\":\"https:\/\/www.sonoraenequipo.com.mx\/en-la-unison-se-celebra-la-danza-todos-los-dias\/\",\"name\":\"Sonora en Equipo. En la Unison, se celebra la danza todos los d\u00edas\",\"isPartOf\":{\"@id\":\"https:\/\/www.sonoraenequipo.com.mx\/#website\"},\"primaryImageOfPage\":{\"@id\":\"https:\/\/www.sonoraenequipo.com.mx\/en-la-unison-se-celebra-la-danza-todos-los-dias\/#primaryimage\"},\"image\":{\"@id\":\"https:\/\/www.sonoraenequipo.com.mx\/en-la-unison-se-celebra-la-danza-todos-los-dias\/#primaryimage\"},\"thumbnailUrl\":\"https:\/\/www.sonoraenequipo.com.mx\/storage\/2025\/04\/danza-unison.jpg\",\"datePublished\":\"2025-04-29T01:16:44+00:00\",\"description\":\"HERMOSILLO, SONORA, MX. \u2014 El 29 de abril se celebra el D\u00eda Internacional de la Danza, fecha que honra a Jean-Georges Noverre, creador del ballet moderno, En Sonora en Equipo publicamos toda la informaci\u00f3n de Sonora, M\u00e9xico y el Mundo de manera oportuna y busca que la libertad de expresi\u00f3n sea real. Visita nuestro medio informativo publicado desde Hermosillo, Sonora. %\",\"breadcrumb\":{\"@id\":\"https:\/\/www.sonoraenequipo.com.mx\/en-la-unison-se-celebra-la-danza-todos-los-dias\/#breadcrumb\"},\"inLanguage\":\"es\",\"potentialAction\":[{\"@type\":\"ReadAction\",\"target\":[\"https:\/\/www.sonoraenequipo.com.mx\/en-la-unison-se-celebra-la-danza-todos-los-dias\/\"]}]},{\"@type\":\"ImageObject\",\"inLanguage\":\"es\",\"@id\":\"https:\/\/www.sonoraenequipo.com.mx\/en-la-unison-se-celebra-la-danza-todos-los-dias\/#primaryimage\",\"url\":\"https:\/\/www.sonoraenequipo.com.mx\/storage\/2025\/04\/danza-unison.jpg\",\"contentUrl\":\"https:\/\/www.sonoraenequipo.com.mx\/storage\/2025\/04\/danza-unison.jpg\",\"width\":600,\"height\":400},{\"@type\":\"BreadcrumbList\",\"@id\":\"https:\/\/www.sonoraenequipo.com.mx\/en-la-unison-se-celebra-la-danza-todos-los-dias\/#breadcrumb\",\"itemListElement\":[{\"@type\":\"ListItem\",\"position\":1,\"name\":\"Portada\",\"item\":\"https:\/\/www.sonoraenequipo.com.mx\/\"},{\"@type\":\"ListItem\",\"position\":2,\"name\":\"En la Unison, se celebra la danza todos los d\u00edas\"}]},{\"@type\":\"WebSite\",\"@id\":\"https:\/\/www.sonoraenequipo.com.mx\/#website\",\"url\":\"https:\/\/www.sonoraenequipo.com.mx\/\",\"name\":\"Sonora en Equipo.\",\"description\":\"Diario en l\u00ednea con Noticias desde Hermosillo, Sonora\",\"publisher\":{\"@id\":\"https:\/\/www.sonoraenequipo.com.mx\/#organization\"},\"potentialAction\":[{\"@type\":\"SearchAction\",\"target\":{\"@type\":\"EntryPoint\",\"urlTemplate\":\"https:\/\/www.sonoraenequipo.com.mx\/?s={search_term_string}\"},\"query-input\":{\"@type\":\"PropertyValueSpecification\",\"valueRequired\":true,\"valueName\":\"search_term_string\"}}],\"inLanguage\":\"es\"},{\"@type\":\"Organization\",\"@id\":\"https:\/\/www.sonoraenequipo.com.mx\/#organization\",\"name\":\"Sonoraenequipo.com.mx\",\"url\":\"https:\/\/www.sonoraenequipo.com.mx\/\",\"logo\":{\"@type\":\"ImageObject\",\"inLanguage\":\"es\",\"@id\":\"https:\/\/www.sonoraenequipo.com.mx\/#\/schema\/logo\/image\/\",\"url\":\"https:\/\/www.sonoraenequipo.com.mx\/storage\/2019\/01\/sonoraenequipo_opt.png\",\"contentUrl\":\"https:\/\/www.sonoraenequipo.com.mx\/storage\/2019\/01\/sonoraenequipo_opt.png\",\"width\":375,\"height\":125,\"caption\":\"Sonoraenequipo.com.mx\"},\"image\":{\"@id\":\"https:\/\/www.sonoraenequipo.com.mx\/#\/schema\/logo\/image\/\"},\"sameAs\":[\"https:\/\/www.facebook.com\/SonoraEE\/\",\"https:\/\/x.com\/sonoraenequipo\",\"https:\/\/www.youtube.com\/channel\/UC338nW-lPEYmJQs4ZABQ1SQ\"]},{\"@type\":\"Person\",\"@id\":\"https:\/\/www.sonoraenequipo.com.mx\/#\/schema\/person\/50102df0fb23a8fa9e8effad8fa81386\",\"name\":\"enequipo\",\"image\":{\"@type\":\"ImageObject\",\"inLanguage\":\"es\",\"@id\":\"https:\/\/www.sonoraenequipo.com.mx\/#\/schema\/person\/image\/\",\"url\":\"https:\/\/secure.gravatar.com\/avatar\/049821681b589dabc0bc20695993ccebb09f5b5d4d790cd9251b97faac7c652b?s=96&d=blank&r=g\",\"contentUrl\":\"https:\/\/secure.gravatar.com\/avatar\/049821681b589dabc0bc20695993ccebb09f5b5d4d790cd9251b97faac7c652b?s=96&d=blank&r=g\",\"caption\":\"enequipo\"},\"sameAs\":[\"https:\/\/www.facebook.com\/SonoraEE\"]}]}<\/script>\n ","yoast_head_json":{"title":"Sonora en Equipo. En la Unison, se celebra la danza todos los d\u00edas","description":"HERMOSILLO, SONORA, MX. \u2014 El 29 de abril se celebra el D\u00eda Internacional de la Danza, fecha que honra a Jean-Georges Noverre, creador del ballet moderno, En Sonora en Equipo publicamos toda la informaci\u00f3n de Sonora, M\u00e9xico y el Mundo de manera oportuna y busca que la libertad de expresi\u00f3n sea real. Visita nuestro medio informativo publicado desde Hermosillo, Sonora. %","robots":{"index":"index","follow":"follow","max-snippet":"max-snippet:-1","max-image-preview":"max-image-preview:large","max-video-preview":"max-video-preview:-1"},"canonical":"https:\/\/www.sonoraenequipo.com.mx\/en-la-unison-se-celebra-la-danza-todos-los-dias\/","og_locale":"es_ES","og_type":"article","og_title":"Sonora en Equipo. En la Unison, se celebra la danza todos los d\u00edas","og_description":"HERMOSILLO, SONORA, MX. \u2014 El 29 de abril se celebra el D\u00eda Internacional de la Danza, fecha que honra a Jean-Georges Noverre, creador del ballet moderno, En Sonora en Equipo publicamos toda la informaci\u00f3n de Sonora, M\u00e9xico y el Mundo de manera oportuna y busca que la libertad de expresi\u00f3n sea real. Visita nuestro medio informativo publicado desde Hermosillo, Sonora. %","og_url":"https:\/\/www.sonoraenequipo.com.mx\/en-la-unison-se-celebra-la-danza-todos-los-dias\/","og_site_name":"Sonora en Equipo.","article_publisher":"https:\/\/www.facebook.com\/SonoraEE\/","article_author":"https:\/\/www.facebook.com\/SonoraEE","article_published_time":"2025-04-29T01:16:44+00:00","og_image":[{"width":600,"height":400,"url":"https:\/\/www.sonoraenequipo.com.mx\/storage\/2025\/04\/danza-unison.jpg","type":"image\/jpeg"}],"author":"enequipo","twitter_card":"summary_large_image","twitter_creator":"@sonoraenequipo","twitter_site":"@sonoraenequipo","twitter_misc":{"Escrito por":"enequipo","Tiempo de lectura":"2 minutos"},"schema":{"@context":"https:\/\/schema.org","@graph":[{"@type":"Article","@id":"https:\/\/www.sonoraenequipo.com.mx\/en-la-unison-se-celebra-la-danza-todos-los-dias\/#article","isPartOf":{"@id":"https:\/\/www.sonoraenequipo.com.mx\/en-la-unison-se-celebra-la-danza-todos-los-dias\/"},"author":{"name":"enequipo","@id":"https:\/\/www.sonoraenequipo.com.mx\/#\/schema\/person\/50102df0fb23a8fa9e8effad8fa81386"},"headline":"En la Unison, se celebra la danza todos los d\u00edas","datePublished":"2025-04-29T01:16:44+00:00","mainEntityOfPage":{"@id":"https:\/\/www.sonoraenequipo.com.mx\/en-la-unison-se-celebra-la-danza-todos-los-dias\/"},"wordCount":371,"commentCount":0,"publisher":{"@id":"https:\/\/www.sonoraenequipo.com.mx\/#organization"},"image":{"@id":"https:\/\/www.sonoraenequipo.com.mx\/en-la-unison-se-celebra-la-danza-todos-los-dias\/#primaryimage"},"thumbnailUrl":"https:\/\/www.sonoraenequipo.com.mx\/storage\/2025\/04\/danza-unison.jpg","keywords":["danza","UniSon"],"articleSection":["Sin categorizar"],"inLanguage":"es","potentialAction":[{"@type":"CommentAction","name":"Comment","target":["https:\/\/www.sonoraenequipo.com.mx\/en-la-unison-se-celebra-la-danza-todos-los-dias\/#respond"]}]},{"@type":"WebPage","@id":"https:\/\/www.sonoraenequipo.com.mx\/en-la-unison-se-celebra-la-danza-todos-los-dias\/","url":"https:\/\/www.sonoraenequipo.com.mx\/en-la-unison-se-celebra-la-danza-todos-los-dias\/","name":"Sonora en Equipo. En la Unison, se celebra la danza todos los d\u00edas","isPartOf":{"@id":"https:\/\/www.sonoraenequipo.com.mx\/#website"},"primaryImageOfPage":{"@id":"https:\/\/www.sonoraenequipo.com.mx\/en-la-unison-se-celebra-la-danza-todos-los-dias\/#primaryimage"},"image":{"@id":"https:\/\/www.sonoraenequipo.com.mx\/en-la-unison-se-celebra-la-danza-todos-los-dias\/#primaryimage"},"thumbnailUrl":"https:\/\/www.sonoraenequipo.com.mx\/storage\/2025\/04\/danza-unison.jpg","datePublished":"2025-04-29T01:16:44+00:00","description":"HERMOSILLO, SONORA, MX. \u2014 El 29 de abril se celebra el D\u00eda Internacional de la Danza, fecha que honra a Jean-Georges Noverre, creador del ballet moderno, En Sonora en Equipo publicamos toda la informaci\u00f3n de Sonora, M\u00e9xico y el Mundo de manera oportuna y busca que la libertad de expresi\u00f3n sea real. Visita nuestro medio informativo publicado desde Hermosillo, Sonora. %","breadcrumb":{"@id":"https:\/\/www.sonoraenequipo.com.mx\/en-la-unison-se-celebra-la-danza-todos-los-dias\/#breadcrumb"},"inLanguage":"es","potentialAction":[{"@type":"ReadAction","target":["https:\/\/www.sonoraenequipo.com.mx\/en-la-unison-se-celebra-la-danza-todos-los-dias\/"]}]},{"@type":"ImageObject","inLanguage":"es","@id":"https:\/\/www.sonoraenequipo.com.mx\/en-la-unison-se-celebra-la-danza-todos-los-dias\/#primaryimage","url":"https:\/\/www.sonoraenequipo.com.mx\/storage\/2025\/04\/danza-unison.jpg","contentUrl":"https:\/\/www.sonoraenequipo.com.mx\/storage\/2025\/04\/danza-unison.jpg","width":600,"height":400},{"@type":"BreadcrumbList","@id":"https:\/\/www.sonoraenequipo.com.mx\/en-la-unison-se-celebra-la-danza-todos-los-dias\/#breadcrumb","itemListElement":[{"@type":"ListItem","position":1,"name":"Portada","item":"https:\/\/www.sonoraenequipo.com.mx\/"},{"@type":"ListItem","position":2,"name":"En la Unison, se celebra la danza todos los d\u00edas"}]},{"@type":"WebSite","@id":"https:\/\/www.sonoraenequipo.com.mx\/#website","url":"https:\/\/www.sonoraenequipo.com.mx\/","name":"Sonora en Equipo.","description":"Diario en l\u00ednea con Noticias desde Hermosillo, Sonora","publisher":{"@id":"https:\/\/www.sonoraenequipo.com.mx\/#organization"},"potentialAction":[{"@type":"SearchAction","target":{"@type":"EntryPoint","urlTemplate":"https:\/\/www.sonoraenequipo.com.mx\/?s={search_term_string}"},"query-input":{"@type":"PropertyValueSpecification","valueRequired":true,"valueName":"search_term_string"}}],"inLanguage":"es"},{"@type":"Organization","@id":"https:\/\/www.sonoraenequipo.com.mx\/#organization","name":"Sonoraenequipo.com.mx","url":"https:\/\/www.sonoraenequipo.com.mx\/","logo":{"@type":"ImageObject","inLanguage":"es","@id":"https:\/\/www.sonoraenequipo.com.mx\/#\/schema\/logo\/image\/","url":"https:\/\/www.sonoraenequipo.com.mx\/storage\/2019\/01\/sonoraenequipo_opt.png","contentUrl":"https:\/\/www.sonoraenequipo.com.mx\/storage\/2019\/01\/sonoraenequipo_opt.png","width":375,"height":125,"caption":"Sonoraenequipo.com.mx"},"image":{"@id":"https:\/\/www.sonoraenequipo.com.mx\/#\/schema\/logo\/image\/"},"sameAs":["https:\/\/www.facebook.com\/SonoraEE\/","https:\/\/x.com\/sonoraenequipo","https:\/\/www.youtube.com\/channel\/UC338nW-lPEYmJQs4ZABQ1SQ"]},{"@type":"Person","@id":"https:\/\/www.sonoraenequipo.com.mx\/#\/schema\/person\/50102df0fb23a8fa9e8effad8fa81386","name":"enequipo","image":{"@type":"ImageObject","inLanguage":"es","@id":"https:\/\/www.sonoraenequipo.com.mx\/#\/schema\/person\/image\/","url":"https:\/\/secure.gravatar.com\/avatar\/049821681b589dabc0bc20695993ccebb09f5b5d4d790cd9251b97faac7c652b?s=96&d=blank&r=g","contentUrl":"https:\/\/secure.gravatar.com\/avatar\/049821681b589dabc0bc20695993ccebb09f5b5d4d790cd9251b97faac7c652b?s=96&d=blank&r=g","caption":"enequipo"},"sameAs":["https:\/\/www.facebook.com\/SonoraEE"]}]}},"jetpack_featured_media_url":"https:\/\/www.sonoraenequipo.com.mx\/storage\/2025\/04\/danza-unison.jpg","_links":{"self":[{"href":"https:\/\/www.sonoraenequipo.com.mx\/api\/wp\/v2\/posts\/214468","targetHints":{"allow":["GET"]}}],"collection":[{"href":"https:\/\/www.sonoraenequipo.com.mx\/api\/wp\/v2\/posts"}],"about":[{"href":"https:\/\/www.sonoraenequipo.com.mx\/api\/wp\/v2\/types\/post"}],"author":[{"embeddable":true,"href":"https:\/\/www.sonoraenequipo.com.mx\/api\/wp\/v2\/users\/1"}],"replies":[{"embeddable":true,"href":"https:\/\/www.sonoraenequipo.com.mx\/api\/wp\/v2\/comments?post=214468"}],"version-history":[{"count":1,"href":"https:\/\/www.sonoraenequipo.com.mx\/api\/wp\/v2\/posts\/214468\/revisions"}],"predecessor-version":[{"id":214470,"href":"https:\/\/www.sonoraenequipo.com.mx\/api\/wp\/v2\/posts\/214468\/revisions\/214470"}],"wp:featuredmedia":[{"embeddable":true,"href":"https:\/\/www.sonoraenequipo.com.mx\/api\/wp\/v2\/media\/214469"}],"wp:attachment":[{"href":"https:\/\/www.sonoraenequipo.com.mx\/api\/wp\/v2\/media?parent=214468"}],"wp:term":[{"taxonomy":"category","embeddable":true,"href":"https:\/\/www.sonoraenequipo.com.mx\/api\/wp\/v2\/categories?post=214468"},{"taxonomy":"post_tag","embeddable":true,"href":"https:\/\/www.sonoraenequipo.com.mx\/api\/wp\/v2\/tags?post=214468"}],"curies":[{"name":"wp","href":"https:\/\/api.w.org\/{rel}","templated":true}]}}