{"id":214471,"date":"2025-04-28T18:19:15","date_gmt":"2025-04-29T01:19:15","guid":{"rendered":"https:\/\/www.sonoraenequipo.com.mx\/?p=214471"},"modified":"2025-04-28T18:19:15","modified_gmt":"2025-04-29T01:19:15","slug":"ninez-mexicana-representa-el-28-de-la-poblacion-total","status":"publish","type":"post","link":"https:\/\/www.sonoraenequipo.com.mx\/ninez-mexicana-representa-el-28-de-la-poblacion-total\/","title":{"rendered":"Ni\u00f1ez mexicana representa el 28% de la poblaci\u00f3n total"},"content":{"rendered":"<p>En 2023, en M\u00e8xico resid\u00edan 36 199 642 ni\u00f1as y ni\u00f1os de 0 a 17 a\u00f1os, quienes representaron 28.0 % de la poblaci\u00f3n total.<\/p>\n<p>63.2 % de las ni\u00f1as y ni\u00f1os de 0 a 17 a\u00f1os viv\u00edan con ambos padres, 28.0 % solo con la madre, 3.0 % solo con el padre y 5.8 % no viv\u00eda con ninguno de ellos.<\/p>\n<p>La inasistencia escolar se dio en mayor medida entre las ni\u00f1as y ni\u00f1os de 3 a 17 a\u00f1os que no viv\u00edan con ninguno de sus padres (24.9 % y 19.9 %, respectivamente).<\/p>\n<p>A prop\u00f3sito de la conmemoraci\u00f3n del D\u00eda de la Ni\u00f1a y el Ni\u00f1o, el Instituto Nacional de Estad\u00edstica y Geograf\u00eda (INEGI) presenta informaci\u00f3n sobre las caracter\u00edsticas sociodemogr\u00e1ficas de las ni\u00f1as y ni\u00f1os de 0 a 17 a\u00f1os, seg\u00fan la condici\u00f3n de residencia de la madre y\/o padre en el hogar, con datos de la Encuesta Nacional de la Din\u00e1mica Demogr\u00e1fica (ENADID) 2023.<\/p>\n<p>&nbsp;<\/p>\n<ol>\n<li>ESTRUCTURA DE LA POBLACI\u00d3N INFANTIL, SEG\u00daN EDAD Y SEXO<\/li>\n<\/ol>\n<p>&nbsp;<\/p>\n<p>De acuerdo con la ENADID 2023, en el pa\u00eds resid\u00edan 36 199 642 ni\u00f1as y ni\u00f1os de 0 a 17 a\u00f1os, quienes representaron 28.0 % de la poblaci\u00f3n total. Por grupos de edad y sexo, 27.2 % de las ni\u00f1as ten\u00edan menos de 6 a\u00f1os, 35.3 % de 6 a 11 a\u00f1os y 37.5 % estaban entre los 12 y 17 a\u00f1os. Los ni\u00f1os presentaron una estructura muy similar.<\/p>\n<p><strong>Fecha de publicaci\u00f3n lunes 28 de abril de 2025 \/ <\/strong><\/p>\n","protected":false},"excerpt":{"rendered":"<p>En 2023, en M\u00e8xico resid\u00edan 36 199 642 ni\u00f1as y ni\u00f1os de 0 a 17&#8230;<\/p>\n","protected":false},"author":1,"featured_media":214208,"comment_status":"open","ping_status":"open","sticky":false,"template":"","format":"standard","meta":{"_monsterinsights_skip_tracking":false,"_monsterinsights_sitenote_active":false,"_monsterinsights_sitenote_note":"","_monsterinsights_sitenote_category":0,"footnotes":""},"categories":[6493],"tags":[53,3584],"class_list":["post"],"yoast_head":" \n<title>Sonora en Equipo. Ni\u00f1ez mexicana representa el 28% de la poblaci\u00f3n total PALABRAS Y N\u00daMEROS<\/title>\n<meta name=\"description\" content=\"En 2023, en M\u00e8xico resid\u00edan 36 199 642 ni\u00f1as y ni\u00f1os de 0 a 17 a\u00f1os, quienes representaron 28.0 % de la poblaci\u00f3n total. 63.2 % de las ni\u00f1as y ni\u00f1os de 0 En Sonora en Equipo publicamos toda la informaci\u00f3n de Sonora, M\u00e9xico y el Mundo de manera oportuna y busca que la libertad de expresi\u00f3n sea real. Visita nuestro medio informativo publicado desde Hermosillo, Sonora. %\" \/>\n<meta name=\"robots\" content=\"index, follow, max-snippet:-1, max-image-preview:large, max-video-preview:-1\" \/>\n<link rel=\"canonical\" href=\"https:\/\/www.sonoraenequipo.com.mx\/ninez-mexicana-representa-el-28-de-la-poblacion-total\/\" \/>\n<meta property=\"og:locale\" content=\"es_ES\" \/>\n<meta property=\"og:type\" content=\"article\" \/>\n<meta property=\"og:title\" content=\"Sonora en Equipo. Ni\u00f1ez mexicana representa el 28% de la poblaci\u00f3n total PALABRAS Y N\u00daMEROS\" \/>\n<meta property=\"og:description\" content=\"En 2023, en M\u00e8xico resid\u00edan 36 199 642 ni\u00f1as y ni\u00f1os de 0 a 17 a\u00f1os, quienes representaron 28.0 % de la poblaci\u00f3n total. 63.2 % de las ni\u00f1as y ni\u00f1os de 0 En Sonora en Equipo publicamos toda la informaci\u00f3n de Sonora, M\u00e9xico y el Mundo de manera oportuna y busca que la libertad de expresi\u00f3n sea real. Visita nuestro medio informativo publicado desde Hermosillo, Sonora. %\" \/>\n<meta property=\"og:url\" content=\"https:\/\/www.sonoraenequipo.com.mx\/ninez-mexicana-representa-el-28-de-la-poblacion-total\/\" \/>\n<meta property=\"og:site_name\" content=\"Sonora en Equipo.\" \/>\n<meta property=\"article:publisher\" content=\"https:\/\/www.facebook.com\/SonoraEE\/\" \/>\n<meta property=\"article:author\" content=\"https:\/\/www.facebook.com\/SonoraEE\" \/>\n<meta property=\"article:published_time\" content=\"2025-04-29T01:19:15+00:00\" \/>\n<meta property=\"og:image\" content=\"https:\/\/www.sonoraenequipo.com.mx\/storage\/2025\/04\/ninos-jugando.jpg\" \/>\n\t<meta property=\"og:image:width\" content=\"600\" \/>\n\t<meta property=\"og:image:height\" content=\"401\" \/>\n\t<meta property=\"og:image:type\" content=\"image\/jpeg\" \/>\n<meta name=\"author\" content=\"enequipo\" \/>\n<meta name=\"twitter:card\" content=\"summary_large_image\" \/>\n<meta name=\"twitter:creator\" content=\"@sonoraenequipo\" \/>\n<meta name=\"twitter:site\" content=\"@sonoraenequipo\" \/>\n<meta name=\"twitter:label1\" content=\"Escrito por\" \/>\n\t<meta name=\"twitter:data1\" content=\"enequipo\" \/>\n\t<meta name=\"twitter:label2\" content=\"Tiempo de lectura\" \/>\n\t<meta name=\"twitter:data2\" content=\"1 minuto\" \/>\n<script type=\"application\/ld+json\" class=\"yoast-schema-graph\">{\"@context\":\"https:\/\/schema.org\",\"@graph\":[{\"@type\":\"Article\",\"@id\":\"https:\/\/www.sonoraenequipo.com.mx\/ninez-mexicana-representa-el-28-de-la-poblacion-total\/#article\",\"isPartOf\":{\"@id\":\"https:\/\/www.sonoraenequipo.com.mx\/ninez-mexicana-representa-el-28-de-la-poblacion-total\/\"},\"author\":{\"name\":\"enequipo\",\"@id\":\"https:\/\/www.sonoraenequipo.com.mx\/#\/schema\/person\/50102df0fb23a8fa9e8effad8fa81386\"},\"headline\":\"Ni\u00f1ez mexicana representa el 28% de la poblaci\u00f3n total\",\"datePublished\":\"2025-04-29T01:19:15+00:00\",\"mainEntityOfPage\":{\"@id\":\"https:\/\/www.sonoraenequipo.com.mx\/ninez-mexicana-representa-el-28-de-la-poblacion-total\/\"},\"wordCount\":254,\"commentCount\":0,\"publisher\":{\"@id\":\"https:\/\/www.sonoraenequipo.com.mx\/#organization\"},\"image\":{\"@id\":\"https:\/\/www.sonoraenequipo.com.mx\/ninez-mexicana-representa-el-28-de-la-poblacion-total\/#primaryimage\"},\"thumbnailUrl\":\"https:\/\/www.sonoraenequipo.com.mx\/storage\/2025\/04\/ninos-jugando.jpg\",\"keywords\":[\"mexico\",\"ni\u00f1ez\"],\"articleSection\":[\"PALABRAS Y N\u00daMEROS\"],\"inLanguage\":\"es\",\"potentialAction\":[{\"@type\":\"CommentAction\",\"name\":\"Comment\",\"target\":[\"https:\/\/www.sonoraenequipo.com.mx\/ninez-mexicana-representa-el-28-de-la-poblacion-total\/#respond\"]}]},{\"@type\":\"WebPage\",\"@id\":\"https:\/\/www.sonoraenequipo.com.mx\/ninez-mexicana-representa-el-28-de-la-poblacion-total\/\",\"url\":\"https:\/\/www.sonoraenequipo.com.mx\/ninez-mexicana-representa-el-28-de-la-poblacion-total\/\",\"name\":\"Sonora en Equipo. Ni\u00f1ez mexicana representa el 28% de la poblaci\u00f3n total PALABRAS Y N\u00daMEROS\",\"isPartOf\":{\"@id\":\"https:\/\/www.sonoraenequipo.com.mx\/#website\"},\"primaryImageOfPage\":{\"@id\":\"https:\/\/www.sonoraenequipo.com.mx\/ninez-mexicana-representa-el-28-de-la-poblacion-total\/#primaryimage\"},\"image\":{\"@id\":\"https:\/\/www.sonoraenequipo.com.mx\/ninez-mexicana-representa-el-28-de-la-poblacion-total\/#primaryimage\"},\"thumbnailUrl\":\"https:\/\/www.sonoraenequipo.com.mx\/storage\/2025\/04\/ninos-jugando.jpg\",\"datePublished\":\"2025-04-29T01:19:15+00:00\",\"description\":\"En 2023, en M\u00e8xico resid\u00edan 36 199 642 ni\u00f1as y ni\u00f1os de 0 a 17 a\u00f1os, quienes representaron 28.0 % de la poblaci\u00f3n total. 63.2 % de las ni\u00f1as y ni\u00f1os de 0 En Sonora en Equipo publicamos toda la informaci\u00f3n de Sonora, M\u00e9xico y el Mundo de manera oportuna y busca que la libertad de expresi\u00f3n sea real. Visita nuestro medio informativo publicado desde Hermosillo, Sonora. %\",\"breadcrumb\":{\"@id\":\"https:\/\/www.sonoraenequipo.com.mx\/ninez-mexicana-representa-el-28-de-la-poblacion-total\/#breadcrumb\"},\"inLanguage\":\"es\",\"potentialAction\":[{\"@type\":\"ReadAction\",\"target\":[\"https:\/\/www.sonoraenequipo.com.mx\/ninez-mexicana-representa-el-28-de-la-poblacion-total\/\"]}]},{\"@type\":\"ImageObject\",\"inLanguage\":\"es\",\"@id\":\"https:\/\/www.sonoraenequipo.com.mx\/ninez-mexicana-representa-el-28-de-la-poblacion-total\/#primaryimage\",\"url\":\"https:\/\/www.sonoraenequipo.com.mx\/storage\/2025\/04\/ninos-jugando.jpg\",\"contentUrl\":\"https:\/\/www.sonoraenequipo.com.mx\/storage\/2025\/04\/ninos-jugando.jpg\",\"width\":600,\"height\":401,\"caption\":\"Imagen ilustrativa. : Istock\"},{\"@type\":\"BreadcrumbList\",\"@id\":\"https:\/\/www.sonoraenequipo.com.mx\/ninez-mexicana-representa-el-28-de-la-poblacion-total\/#breadcrumb\",\"itemListElement\":[{\"@type\":\"ListItem\",\"position\":1,\"name\":\"Portada\",\"item\":\"https:\/\/www.sonoraenequipo.com.mx\/\"},{\"@type\":\"ListItem\",\"position\":2,\"name\":\"Ni\u00f1ez mexicana representa el 28% de la poblaci\u00f3n total\"}]},{\"@type\":\"WebSite\",\"@id\":\"https:\/\/www.sonoraenequipo.com.mx\/#website\",\"url\":\"https:\/\/www.sonoraenequipo.com.mx\/\",\"name\":\"Sonora en Equipo.\",\"description\":\"Diario en l\u00ednea con Noticias desde Hermosillo, Sonora\",\"publisher\":{\"@id\":\"https:\/\/www.sonoraenequipo.com.mx\/#organization\"},\"potentialAction\":[{\"@type\":\"SearchAction\",\"target\":{\"@type\":\"EntryPoint\",\"urlTemplate\":\"https:\/\/www.sonoraenequipo.com.mx\/?s={search_term_string}\"},\"query-input\":{\"@type\":\"PropertyValueSpecification\",\"valueRequired\":true,\"valueName\":\"search_term_string\"}}],\"inLanguage\":\"es\"},{\"@type\":\"Organization\",\"@id\":\"https:\/\/www.sonoraenequipo.com.mx\/#organization\",\"name\":\"Sonoraenequipo.com.mx\",\"url\":\"https:\/\/www.sonoraenequipo.com.mx\/\",\"logo\":{\"@type\":\"ImageObject\",\"inLanguage\":\"es\",\"@id\":\"https:\/\/www.sonoraenequipo.com.mx\/#\/schema\/logo\/image\/\",\"url\":\"https:\/\/www.sonoraenequipo.com.mx\/storage\/2019\/01\/sonoraenequipo_opt.png\",\"contentUrl\":\"https:\/\/www.sonoraenequipo.com.mx\/storage\/2019\/01\/sonoraenequipo_opt.png\",\"width\":375,\"height\":125,\"caption\":\"Sonoraenequipo.com.mx\"},\"image\":{\"@id\":\"https:\/\/www.sonoraenequipo.com.mx\/#\/schema\/logo\/image\/\"},\"sameAs\":[\"https:\/\/www.facebook.com\/SonoraEE\/\",\"https:\/\/x.com\/sonoraenequipo\",\"https:\/\/www.youtube.com\/channel\/UC338nW-lPEYmJQs4ZABQ1SQ\"]},{\"@type\":\"Person\",\"@id\":\"https:\/\/www.sonoraenequipo.com.mx\/#\/schema\/person\/50102df0fb23a8fa9e8effad8fa81386\",\"name\":\"enequipo\",\"image\":{\"@type\":\"ImageObject\",\"inLanguage\":\"es\",\"@id\":\"https:\/\/www.sonoraenequipo.com.mx\/#\/schema\/person\/image\/\",\"url\":\"https:\/\/secure.gravatar.com\/avatar\/049821681b589dabc0bc20695993ccebb09f5b5d4d790cd9251b97faac7c652b?s=96&d=blank&r=g\",\"contentUrl\":\"https:\/\/secure.gravatar.com\/avatar\/049821681b589dabc0bc20695993ccebb09f5b5d4d790cd9251b97faac7c652b?s=96&d=blank&r=g\",\"caption\":\"enequipo\"},\"sameAs\":[\"https:\/\/www.facebook.com\/SonoraEE\"]}]}<\/script>\n ","yoast_head_json":{"title":"Sonora en Equipo. Ni\u00f1ez mexicana representa el 28% de la poblaci\u00f3n total PALABRAS Y N\u00daMEROS","description":"En 2023, en M\u00e8xico resid\u00edan 36 199 642 ni\u00f1as y ni\u00f1os de 0 a 17 a\u00f1os, quienes representaron 28.0 % de la poblaci\u00f3n total. 63.2 % de las ni\u00f1as y ni\u00f1os de 0 En Sonora en Equipo publicamos toda la informaci\u00f3n de Sonora, M\u00e9xico y el Mundo de manera oportuna y busca que la libertad de expresi\u00f3n sea real. Visita nuestro medio informativo publicado desde Hermosillo, Sonora. %","robots":{"index":"index","follow":"follow","max-snippet":"max-snippet:-1","max-image-preview":"max-image-preview:large","max-video-preview":"max-video-preview:-1"},"canonical":"https:\/\/www.sonoraenequipo.com.mx\/ninez-mexicana-representa-el-28-de-la-poblacion-total\/","og_locale":"es_ES","og_type":"article","og_title":"Sonora en Equipo. Ni\u00f1ez mexicana representa el 28% de la poblaci\u00f3n total PALABRAS Y N\u00daMEROS","og_description":"En 2023, en M\u00e8xico resid\u00edan 36 199 642 ni\u00f1as y ni\u00f1os de 0 a 17 a\u00f1os, quienes representaron 28.0 % de la poblaci\u00f3n total. 63.2 % de las ni\u00f1as y ni\u00f1os de 0 En Sonora en Equipo publicamos toda la informaci\u00f3n de Sonora, M\u00e9xico y el Mundo de manera oportuna y busca que la libertad de expresi\u00f3n sea real. Visita nuestro medio informativo publicado desde Hermosillo, Sonora. %","og_url":"https:\/\/www.sonoraenequipo.com.mx\/ninez-mexicana-representa-el-28-de-la-poblacion-total\/","og_site_name":"Sonora en Equipo.","article_publisher":"https:\/\/www.facebook.com\/SonoraEE\/","article_author":"https:\/\/www.facebook.com\/SonoraEE","article_published_time":"2025-04-29T01:19:15+00:00","og_image":[{"width":600,"height":401,"url":"https:\/\/www.sonoraenequipo.com.mx\/storage\/2025\/04\/ninos-jugando.jpg","type":"image\/jpeg"}],"author":"enequipo","twitter_card":"summary_large_image","twitter_creator":"@sonoraenequipo","twitter_site":"@sonoraenequipo","twitter_misc":{"Escrito por":"enequipo","Tiempo de lectura":"1 minuto"},"schema":{"@context":"https:\/\/schema.org","@graph":[{"@type":"Article","@id":"https:\/\/www.sonoraenequipo.com.mx\/ninez-mexicana-representa-el-28-de-la-poblacion-total\/#article","isPartOf":{"@id":"https:\/\/www.sonoraenequipo.com.mx\/ninez-mexicana-representa-el-28-de-la-poblacion-total\/"},"author":{"name":"enequipo","@id":"https:\/\/www.sonoraenequipo.com.mx\/#\/schema\/person\/50102df0fb23a8fa9e8effad8fa81386"},"headline":"Ni\u00f1ez mexicana representa el 28% de la poblaci\u00f3n total","datePublished":"2025-04-29T01:19:15+00:00","mainEntityOfPage":{"@id":"https:\/\/www.sonoraenequipo.com.mx\/ninez-mexicana-representa-el-28-de-la-poblacion-total\/"},"wordCount":254,"commentCount":0,"publisher":{"@id":"https:\/\/www.sonoraenequipo.com.mx\/#organization"},"image":{"@id":"https:\/\/www.sonoraenequipo.com.mx\/ninez-mexicana-representa-el-28-de-la-poblacion-total\/#primaryimage"},"thumbnailUrl":"https:\/\/www.sonoraenequipo.com.mx\/storage\/2025\/04\/ninos-jugando.jpg","keywords":["mexico","ni\u00f1ez"],"articleSection":["PALABRAS Y N\u00daMEROS"],"inLanguage":"es","potentialAction":[{"@type":"CommentAction","name":"Comment","target":["https:\/\/www.sonoraenequipo.com.mx\/ninez-mexicana-representa-el-28-de-la-poblacion-total\/#respond"]}]},{"@type":"WebPage","@id":"https:\/\/www.sonoraenequipo.com.mx\/ninez-mexicana-representa-el-28-de-la-poblacion-total\/","url":"https:\/\/www.sonoraenequipo.com.mx\/ninez-mexicana-representa-el-28-de-la-poblacion-total\/","name":"Sonora en Equipo. Ni\u00f1ez mexicana representa el 28% de la poblaci\u00f3n total PALABRAS Y N\u00daMEROS","isPartOf":{"@id":"https:\/\/www.sonoraenequipo.com.mx\/#website"},"primaryImageOfPage":{"@id":"https:\/\/www.sonoraenequipo.com.mx\/ninez-mexicana-representa-el-28-de-la-poblacion-total\/#primaryimage"},"image":{"@id":"https:\/\/www.sonoraenequipo.com.mx\/ninez-mexicana-representa-el-28-de-la-poblacion-total\/#primaryimage"},"thumbnailUrl":"https:\/\/www.sonoraenequipo.com.mx\/storage\/2025\/04\/ninos-jugando.jpg","datePublished":"2025-04-29T01:19:15+00:00","description":"En 2023, en M\u00e8xico resid\u00edan 36 199 642 ni\u00f1as y ni\u00f1os de 0 a 17 a\u00f1os, quienes representaron 28.0 % de la poblaci\u00f3n total. 63.2 % de las ni\u00f1as y ni\u00f1os de 0 En Sonora en Equipo publicamos toda la informaci\u00f3n de Sonora, M\u00e9xico y el Mundo de manera oportuna y busca que la libertad de expresi\u00f3n sea real. Visita nuestro medio informativo publicado desde Hermosillo, Sonora. %","breadcrumb":{"@id":"https:\/\/www.sonoraenequipo.com.mx\/ninez-mexicana-representa-el-28-de-la-poblacion-total\/#breadcrumb"},"inLanguage":"es","potentialAction":[{"@type":"ReadAction","target":["https:\/\/www.sonoraenequipo.com.mx\/ninez-mexicana-representa-el-28-de-la-poblacion-total\/"]}]},{"@type":"ImageObject","inLanguage":"es","@id":"https:\/\/www.sonoraenequipo.com.mx\/ninez-mexicana-representa-el-28-de-la-poblacion-total\/#primaryimage","url":"https:\/\/www.sonoraenequipo.com.mx\/storage\/2025\/04\/ninos-jugando.jpg","contentUrl":"https:\/\/www.sonoraenequipo.com.mx\/storage\/2025\/04\/ninos-jugando.jpg","width":600,"height":401,"caption":"Imagen ilustrativa. : Istock"},{"@type":"BreadcrumbList","@id":"https:\/\/www.sonoraenequipo.com.mx\/ninez-mexicana-representa-el-28-de-la-poblacion-total\/#breadcrumb","itemListElement":[{"@type":"ListItem","position":1,"name":"Portada","item":"https:\/\/www.sonoraenequipo.com.mx\/"},{"@type":"ListItem","position":2,"name":"Ni\u00f1ez mexicana representa el 28% de la poblaci\u00f3n total"}]},{"@type":"WebSite","@id":"https:\/\/www.sonoraenequipo.com.mx\/#website","url":"https:\/\/www.sonoraenequipo.com.mx\/","name":"Sonora en Equipo.","description":"Diario en l\u00ednea con Noticias desde Hermosillo, Sonora","publisher":{"@id":"https:\/\/www.sonoraenequipo.com.mx\/#organization"},"potentialAction":[{"@type":"SearchAction","target":{"@type":"EntryPoint","urlTemplate":"https:\/\/www.sonoraenequipo.com.mx\/?s={search_term_string}"},"query-input":{"@type":"PropertyValueSpecification","valueRequired":true,"valueName":"search_term_string"}}],"inLanguage":"es"},{"@type":"Organization","@id":"https:\/\/www.sonoraenequipo.com.mx\/#organization","name":"Sonoraenequipo.com.mx","url":"https:\/\/www.sonoraenequipo.com.mx\/","logo":{"@type":"ImageObject","inLanguage":"es","@id":"https:\/\/www.sonoraenequipo.com.mx\/#\/schema\/logo\/image\/","url":"https:\/\/www.sonoraenequipo.com.mx\/storage\/2019\/01\/sonoraenequipo_opt.png","contentUrl":"https:\/\/www.sonoraenequipo.com.mx\/storage\/2019\/01\/sonoraenequipo_opt.png","width":375,"height":125,"caption":"Sonoraenequipo.com.mx"},"image":{"@id":"https:\/\/www.sonoraenequipo.com.mx\/#\/schema\/logo\/image\/"},"sameAs":["https:\/\/www.facebook.com\/SonoraEE\/","https:\/\/x.com\/sonoraenequipo","https:\/\/www.youtube.com\/channel\/UC338nW-lPEYmJQs4ZABQ1SQ"]},{"@type":"Person","@id":"https:\/\/www.sonoraenequipo.com.mx\/#\/schema\/person\/50102df0fb23a8fa9e8effad8fa81386","name":"enequipo","image":{"@type":"ImageObject","inLanguage":"es","@id":"https:\/\/www.sonoraenequipo.com.mx\/#\/schema\/person\/image\/","url":"https:\/\/secure.gravatar.com\/avatar\/049821681b589dabc0bc20695993ccebb09f5b5d4d790cd9251b97faac7c652b?s=96&d=blank&r=g","contentUrl":"https:\/\/secure.gravatar.com\/avatar\/049821681b589dabc0bc20695993ccebb09f5b5d4d790cd9251b97faac7c652b?s=96&d=blank&r=g","caption":"enequipo"},"sameAs":["https:\/\/www.facebook.com\/SonoraEE"]}]}},"jetpack_featured_media_url":"https:\/\/www.sonoraenequipo.com.mx\/storage\/2025\/04\/ninos-jugando.jpg","_links":{"self":[{"href":"https:\/\/www.sonoraenequipo.com.mx\/api\/wp\/v2\/posts\/214471","targetHints":{"allow":["GET"]}}],"collection":[{"href":"https:\/\/www.sonoraenequipo.com.mx\/api\/wp\/v2\/posts"}],"about":[{"href":"https:\/\/www.sonoraenequipo.com.mx\/api\/wp\/v2\/types\/post"}],"author":[{"embeddable":true,"href":"https:\/\/www.sonoraenequipo.com.mx\/api\/wp\/v2\/users\/1"}],"replies":[{"embeddable":true,"href":"https:\/\/www.sonoraenequipo.com.mx\/api\/wp\/v2\/comments?post=214471"}],"version-history":[{"count":1,"href":"https:\/\/www.sonoraenequipo.com.mx\/api\/wp\/v2\/posts\/214471\/revisions"}],"predecessor-version":[{"id":214472,"href":"https:\/\/www.sonoraenequipo.com.mx\/api\/wp\/v2\/posts\/214471\/revisions\/214472"}],"wp:featuredmedia":[{"embeddable":true,"href":"https:\/\/www.sonoraenequipo.com.mx\/api\/wp\/v2\/media\/214208"}],"wp:attachment":[{"href":"https:\/\/www.sonoraenequipo.com.mx\/api\/wp\/v2\/media?parent=214471"}],"wp:term":[{"taxonomy":"category","embeddable":true,"href":"https:\/\/www.sonoraenequipo.com.mx\/api\/wp\/v2\/categories?post=214471"},{"taxonomy":"post_tag","embeddable":true,"href":"https:\/\/www.sonoraenequipo.com.mx\/api\/wp\/v2\/tags?post=214471"}],"curies":[{"name":"wp","href":"https:\/\/api.w.org\/{rel}","templated":true}]}}