{"id":214491,"date":"2025-04-28T18:41:53","date_gmt":"2025-04-29T01:41:53","guid":{"rendered":"https:\/\/www.sonoraenequipo.com.mx\/?p=214491"},"modified":"2025-04-28T18:41:53","modified_gmt":"2025-04-29T01:41:53","slug":"espana-pais-con-mayor-desempleo-de-la-union-europea","status":"publish","type":"post","link":"https:\/\/www.sonoraenequipo.com.mx\/espana-pais-con-mayor-desempleo-de-la-union-europea\/","title":{"rendered":"Espa\u00f1a pa\u00eds con mayor desempleo de la Uni\u00f3n Europea"},"content":{"rendered":"<p>El ajuste del empleo se concentra en hombres, espa\u00f1oles, temporales y sector p\u00fablico y los ocupados a tiempo parcial marcan m\u00e1ximo hist\u00f3rico<\/p>\n<p>&nbsp;<\/p>\n<p>Desempleo en Espa\u00f1a alcanza 193.700 personas entre enero y marzo, lastrado, sobre todo, por el sector servicios, cifra que supone un 7,4% m\u00e1s que en el trimestre anterior, en tanto que la ocupaci\u00f3n se redujo en 92.500 personas (-0,4%), concentr\u00e1ndose la p\u00e9rdida de empleo en el sector p\u00fablico, donde se destruyeron 92.200 puestos de trabajo, ha informado este lunes el Instituto Nacional de Estad\u00edstica (INE).<\/p>\n<p>&nbsp;<\/p>\n<p>El incremento del paro (desempleo) en los tres primeros meses de este a\u00f1o es el m\u00e1s pronunciado en un primer trimestre desde 2013, cuando aument\u00f3 en 257.200 personas. Por su parte, el descenso de la ocupaci\u00f3n mejora el registro del primer trimestre de 2024, cuando se destruyeron 139.700 personas, pero no el de 2023, en el que se perdieron 11.100 puestos de trabajo.<\/p>\n<p>Los \u00faltimos datos de la EPA indican que por primera vez se superaron los 21 millones de trabajadores, que est\u00e1n cogiendo fuerza los sectores de alto valor a\u00f1adido, que la temporalidad se encuentra en m\u00ednimos y que la tasa de paro es la m\u00e1s baja desde hace 15 a\u00f1os (el 11,6 %). Pero esta \u00faltima cifra sigue siendo casi el doble de la media europea. Seg\u00fan Eurostat, Espa\u00f1a es el pa\u00eds con m\u00e1s desempleo de la UE, con m\u00e1s paro que Grecia (11,1 %), Suecia (7,9 %) o Lituania (7,5 %) y se encuentra a a\u00f1os luz de los pa\u00edses que presentan los mejores datos, como Polonia (2,6 %) o Chequia (2,5 %). La tasa de paro espa\u00f1ola tambi\u00e9n es peor que la de nuestros vecinos, como Francia (7,1 %) o Portugal (6,4 %).<\/p>\n<p><strong>Fecha de publicaci\u00f3n lunes 28 de abril de 2025 \/ \u00a0Tomado de Europa Press y La Gaceta de Galicia<\/strong><\/p>\n","protected":false},"excerpt":{"rendered":"<p>El ajuste del empleo se concentra en hombres, espa\u00f1oles, temporales y sector p\u00fablico y los&#8230;<\/p>\n","protected":false},"author":1,"featured_media":214492,"comment_status":"open","ping_status":"open","sticky":false,"template":"","format":"standard","meta":{"_monsterinsights_skip_tracking":false,"_monsterinsights_sitenote_active":false,"_monsterinsights_sitenote_note":"","_monsterinsights_sitenote_category":0,"footnotes":""},"categories":[6493],"tags":[3020,2390],"class_list":["post"],"yoast_head":" \n<title>Sonora en Equipo. Espa\u00f1a pa\u00eds con mayor desempleo de la Uni\u00f3n Europea PALABRAS Y N\u00daMEROS<\/title>\n<meta name=\"description\" content=\"El ajuste del empleo se concentra en hombres, espa\u00f1oles, temporales y sector p\u00fablico y los ocupados a tiempo parcial marcan m\u00e1ximo hist\u00f3rico &nbsp; En Sonora en Equipo publicamos toda la informaci\u00f3n de Sonora, M\u00e9xico y el Mundo de manera oportuna y busca que la libertad de expresi\u00f3n sea real. Visita nuestro medio informativo publicado desde Hermosillo, Sonora. %\" \/>\n<meta name=\"robots\" content=\"index, follow, max-snippet:-1, max-image-preview:large, max-video-preview:-1\" \/>\n<link rel=\"canonical\" href=\"https:\/\/www.sonoraenequipo.com.mx\/espana-pais-con-mayor-desempleo-de-la-union-europea\/\" \/>\n<meta property=\"og:locale\" content=\"es_ES\" \/>\n<meta property=\"og:type\" content=\"article\" \/>\n<meta property=\"og:title\" content=\"Sonora en Equipo. Espa\u00f1a pa\u00eds con mayor desempleo de la Uni\u00f3n Europea PALABRAS Y N\u00daMEROS\" \/>\n<meta property=\"og:description\" content=\"El ajuste del empleo se concentra en hombres, espa\u00f1oles, temporales y sector p\u00fablico y los ocupados a tiempo parcial marcan m\u00e1ximo hist\u00f3rico &nbsp; En Sonora en Equipo publicamos toda la informaci\u00f3n de Sonora, M\u00e9xico y el Mundo de manera oportuna y busca que la libertad de expresi\u00f3n sea real. Visita nuestro medio informativo publicado desde Hermosillo, Sonora. %\" \/>\n<meta property=\"og:url\" content=\"https:\/\/www.sonoraenequipo.com.mx\/espana-pais-con-mayor-desempleo-de-la-union-europea\/\" \/>\n<meta property=\"og:site_name\" content=\"Sonora en Equipo.\" \/>\n<meta property=\"article:publisher\" content=\"https:\/\/www.facebook.com\/SonoraEE\/\" \/>\n<meta property=\"article:author\" content=\"https:\/\/www.facebook.com\/SonoraEE\" \/>\n<meta property=\"article:published_time\" content=\"2025-04-29T01:41:53+00:00\" \/>\n<meta property=\"og:image\" content=\"https:\/\/www.sonoraenequipo.com.mx\/storage\/2025\/04\/mesero-espana.jpg\" \/>\n\t<meta property=\"og:image:width\" content=\"600\" \/>\n\t<meta property=\"og:image:height\" content=\"337\" \/>\n\t<meta property=\"og:image:type\" content=\"image\/jpeg\" \/>\n<meta name=\"author\" content=\"enequipo\" \/>\n<meta name=\"twitter:card\" content=\"summary_large_image\" \/>\n<meta name=\"twitter:creator\" content=\"@sonoraenequipo\" \/>\n<meta name=\"twitter:site\" content=\"@sonoraenequipo\" \/>\n<meta name=\"twitter:label1\" content=\"Escrito por\" \/>\n\t<meta name=\"twitter:data1\" content=\"enequipo\" \/>\n\t<meta name=\"twitter:label2\" content=\"Tiempo de lectura\" \/>\n\t<meta name=\"twitter:data2\" content=\"2 minutos\" \/>\n<script type=\"application\/ld+json\" class=\"yoast-schema-graph\">{\"@context\":\"https:\/\/schema.org\",\"@graph\":[{\"@type\":\"Article\",\"@id\":\"https:\/\/www.sonoraenequipo.com.mx\/espana-pais-con-mayor-desempleo-de-la-union-europea\/#article\",\"isPartOf\":{\"@id\":\"https:\/\/www.sonoraenequipo.com.mx\/espana-pais-con-mayor-desempleo-de-la-union-europea\/\"},\"author\":{\"name\":\"enequipo\",\"@id\":\"https:\/\/www.sonoraenequipo.com.mx\/#\/schema\/person\/50102df0fb23a8fa9e8effad8fa81386\"},\"headline\":\"Espa\u00f1a pa\u00eds con mayor desempleo de la Uni\u00f3n Europea\",\"datePublished\":\"2025-04-29T01:41:53+00:00\",\"mainEntityOfPage\":{\"@id\":\"https:\/\/www.sonoraenequipo.com.mx\/espana-pais-con-mayor-desempleo-de-la-union-europea\/\"},\"wordCount\":315,\"commentCount\":0,\"publisher\":{\"@id\":\"https:\/\/www.sonoraenequipo.com.mx\/#organization\"},\"image\":{\"@id\":\"https:\/\/www.sonoraenequipo.com.mx\/espana-pais-con-mayor-desempleo-de-la-union-europea\/#primaryimage\"},\"thumbnailUrl\":\"https:\/\/www.sonoraenequipo.com.mx\/storage\/2025\/04\/mesero-espana.jpg\",\"keywords\":[\"desempleo\",\"Espa\u00f1a\"],\"articleSection\":[\"PALABRAS Y N\u00daMEROS\"],\"inLanguage\":\"es\",\"potentialAction\":[{\"@type\":\"CommentAction\",\"name\":\"Comment\",\"target\":[\"https:\/\/www.sonoraenequipo.com.mx\/espana-pais-con-mayor-desempleo-de-la-union-europea\/#respond\"]}]},{\"@type\":\"WebPage\",\"@id\":\"https:\/\/www.sonoraenequipo.com.mx\/espana-pais-con-mayor-desempleo-de-la-union-europea\/\",\"url\":\"https:\/\/www.sonoraenequipo.com.mx\/espana-pais-con-mayor-desempleo-de-la-union-europea\/\",\"name\":\"Sonora en Equipo. Espa\u00f1a pa\u00eds con mayor desempleo de la Uni\u00f3n Europea PALABRAS Y N\u00daMEROS\",\"isPartOf\":{\"@id\":\"https:\/\/www.sonoraenequipo.com.mx\/#website\"},\"primaryImageOfPage\":{\"@id\":\"https:\/\/www.sonoraenequipo.com.mx\/espana-pais-con-mayor-desempleo-de-la-union-europea\/#primaryimage\"},\"image\":{\"@id\":\"https:\/\/www.sonoraenequipo.com.mx\/espana-pais-con-mayor-desempleo-de-la-union-europea\/#primaryimage\"},\"thumbnailUrl\":\"https:\/\/www.sonoraenequipo.com.mx\/storage\/2025\/04\/mesero-espana.jpg\",\"datePublished\":\"2025-04-29T01:41:53+00:00\",\"description\":\"El ajuste del empleo se concentra en hombres, espa\u00f1oles, temporales y sector p\u00fablico y los ocupados a tiempo parcial marcan m\u00e1ximo hist\u00f3rico &nbsp; En Sonora en Equipo publicamos toda la informaci\u00f3n de Sonora, M\u00e9xico y el Mundo de manera oportuna y busca que la libertad de expresi\u00f3n sea real. Visita nuestro medio informativo publicado desde Hermosillo, Sonora. %\",\"breadcrumb\":{\"@id\":\"https:\/\/www.sonoraenequipo.com.mx\/espana-pais-con-mayor-desempleo-de-la-union-europea\/#breadcrumb\"},\"inLanguage\":\"es\",\"potentialAction\":[{\"@type\":\"ReadAction\",\"target\":[\"https:\/\/www.sonoraenequipo.com.mx\/espana-pais-con-mayor-desempleo-de-la-union-europea\/\"]}]},{\"@type\":\"ImageObject\",\"inLanguage\":\"es\",\"@id\":\"https:\/\/www.sonoraenequipo.com.mx\/espana-pais-con-mayor-desempleo-de-la-union-europea\/#primaryimage\",\"url\":\"https:\/\/www.sonoraenequipo.com.mx\/storage\/2025\/04\/mesero-espana.jpg\",\"contentUrl\":\"https:\/\/www.sonoraenequipo.com.mx\/storage\/2025\/04\/mesero-espana.jpg\",\"width\":600,\"height\":337,\"caption\":\"Trabajos en sector servicios est\u00e1n descendiendo por los bajos salarios.Imagen picture alliance\"},{\"@type\":\"BreadcrumbList\",\"@id\":\"https:\/\/www.sonoraenequipo.com.mx\/espana-pais-con-mayor-desempleo-de-la-union-europea\/#breadcrumb\",\"itemListElement\":[{\"@type\":\"ListItem\",\"position\":1,\"name\":\"Portada\",\"item\":\"https:\/\/www.sonoraenequipo.com.mx\/\"},{\"@type\":\"ListItem\",\"position\":2,\"name\":\"Espa\u00f1a pa\u00eds con mayor desempleo de la Uni\u00f3n Europea\"}]},{\"@type\":\"WebSite\",\"@id\":\"https:\/\/www.sonoraenequipo.com.mx\/#website\",\"url\":\"https:\/\/www.sonoraenequipo.com.mx\/\",\"name\":\"Sonora en Equipo.\",\"description\":\"Diario en l\u00ednea con Noticias desde Hermosillo, Sonora\",\"publisher\":{\"@id\":\"https:\/\/www.sonoraenequipo.com.mx\/#organization\"},\"potentialAction\":[{\"@type\":\"SearchAction\",\"target\":{\"@type\":\"EntryPoint\",\"urlTemplate\":\"https:\/\/www.sonoraenequipo.com.mx\/?s={search_term_string}\"},\"query-input\":{\"@type\":\"PropertyValueSpecification\",\"valueRequired\":true,\"valueName\":\"search_term_string\"}}],\"inLanguage\":\"es\"},{\"@type\":\"Organization\",\"@id\":\"https:\/\/www.sonoraenequipo.com.mx\/#organization\",\"name\":\"Sonoraenequipo.com.mx\",\"url\":\"https:\/\/www.sonoraenequipo.com.mx\/\",\"logo\":{\"@type\":\"ImageObject\",\"inLanguage\":\"es\",\"@id\":\"https:\/\/www.sonoraenequipo.com.mx\/#\/schema\/logo\/image\/\",\"url\":\"https:\/\/www.sonoraenequipo.com.mx\/storage\/2019\/01\/sonoraenequipo_opt.png\",\"contentUrl\":\"https:\/\/www.sonoraenequipo.com.mx\/storage\/2019\/01\/sonoraenequipo_opt.png\",\"width\":375,\"height\":125,\"caption\":\"Sonoraenequipo.com.mx\"},\"image\":{\"@id\":\"https:\/\/www.sonoraenequipo.com.mx\/#\/schema\/logo\/image\/\"},\"sameAs\":[\"https:\/\/www.facebook.com\/SonoraEE\/\",\"https:\/\/x.com\/sonoraenequipo\",\"https:\/\/www.youtube.com\/channel\/UC338nW-lPEYmJQs4ZABQ1SQ\"]},{\"@type\":\"Person\",\"@id\":\"https:\/\/www.sonoraenequipo.com.mx\/#\/schema\/person\/50102df0fb23a8fa9e8effad8fa81386\",\"name\":\"enequipo\",\"image\":{\"@type\":\"ImageObject\",\"inLanguage\":\"es\",\"@id\":\"https:\/\/www.sonoraenequipo.com.mx\/#\/schema\/person\/image\/\",\"url\":\"https:\/\/secure.gravatar.com\/avatar\/049821681b589dabc0bc20695993ccebb09f5b5d4d790cd9251b97faac7c652b?s=96&d=blank&r=g\",\"contentUrl\":\"https:\/\/secure.gravatar.com\/avatar\/049821681b589dabc0bc20695993ccebb09f5b5d4d790cd9251b97faac7c652b?s=96&d=blank&r=g\",\"caption\":\"enequipo\"},\"sameAs\":[\"https:\/\/www.facebook.com\/SonoraEE\"]}]}<\/script>\n ","yoast_head_json":{"title":"Sonora en Equipo. Espa\u00f1a pa\u00eds con mayor desempleo de la Uni\u00f3n Europea PALABRAS Y N\u00daMEROS","description":"El ajuste del empleo se concentra en hombres, espa\u00f1oles, temporales y sector p\u00fablico y los ocupados a tiempo parcial marcan m\u00e1ximo hist\u00f3rico &nbsp; En Sonora en Equipo publicamos toda la informaci\u00f3n de Sonora, M\u00e9xico y el Mundo de manera oportuna y busca que la libertad de expresi\u00f3n sea real. Visita nuestro medio informativo publicado desde Hermosillo, Sonora. %","robots":{"index":"index","follow":"follow","max-snippet":"max-snippet:-1","max-image-preview":"max-image-preview:large","max-video-preview":"max-video-preview:-1"},"canonical":"https:\/\/www.sonoraenequipo.com.mx\/espana-pais-con-mayor-desempleo-de-la-union-europea\/","og_locale":"es_ES","og_type":"article","og_title":"Sonora en Equipo. Espa\u00f1a pa\u00eds con mayor desempleo de la Uni\u00f3n Europea PALABRAS Y N\u00daMEROS","og_description":"El ajuste del empleo se concentra en hombres, espa\u00f1oles, temporales y sector p\u00fablico y los ocupados a tiempo parcial marcan m\u00e1ximo hist\u00f3rico &nbsp; En Sonora en Equipo publicamos toda la informaci\u00f3n de Sonora, M\u00e9xico y el Mundo de manera oportuna y busca que la libertad de expresi\u00f3n sea real. Visita nuestro medio informativo publicado desde Hermosillo, Sonora. %","og_url":"https:\/\/www.sonoraenequipo.com.mx\/espana-pais-con-mayor-desempleo-de-la-union-europea\/","og_site_name":"Sonora en Equipo.","article_publisher":"https:\/\/www.facebook.com\/SonoraEE\/","article_author":"https:\/\/www.facebook.com\/SonoraEE","article_published_time":"2025-04-29T01:41:53+00:00","og_image":[{"width":600,"height":337,"url":"https:\/\/www.sonoraenequipo.com.mx\/storage\/2025\/04\/mesero-espana.jpg","type":"image\/jpeg"}],"author":"enequipo","twitter_card":"summary_large_image","twitter_creator":"@sonoraenequipo","twitter_site":"@sonoraenequipo","twitter_misc":{"Escrito por":"enequipo","Tiempo de lectura":"2 minutos"},"schema":{"@context":"https:\/\/schema.org","@graph":[{"@type":"Article","@id":"https:\/\/www.sonoraenequipo.com.mx\/espana-pais-con-mayor-desempleo-de-la-union-europea\/#article","isPartOf":{"@id":"https:\/\/www.sonoraenequipo.com.mx\/espana-pais-con-mayor-desempleo-de-la-union-europea\/"},"author":{"name":"enequipo","@id":"https:\/\/www.sonoraenequipo.com.mx\/#\/schema\/person\/50102df0fb23a8fa9e8effad8fa81386"},"headline":"Espa\u00f1a pa\u00eds con mayor desempleo de la Uni\u00f3n Europea","datePublished":"2025-04-29T01:41:53+00:00","mainEntityOfPage":{"@id":"https:\/\/www.sonoraenequipo.com.mx\/espana-pais-con-mayor-desempleo-de-la-union-europea\/"},"wordCount":315,"commentCount":0,"publisher":{"@id":"https:\/\/www.sonoraenequipo.com.mx\/#organization"},"image":{"@id":"https:\/\/www.sonoraenequipo.com.mx\/espana-pais-con-mayor-desempleo-de-la-union-europea\/#primaryimage"},"thumbnailUrl":"https:\/\/www.sonoraenequipo.com.mx\/storage\/2025\/04\/mesero-espana.jpg","keywords":["desempleo","Espa\u00f1a"],"articleSection":["PALABRAS Y N\u00daMEROS"],"inLanguage":"es","potentialAction":[{"@type":"CommentAction","name":"Comment","target":["https:\/\/www.sonoraenequipo.com.mx\/espana-pais-con-mayor-desempleo-de-la-union-europea\/#respond"]}]},{"@type":"WebPage","@id":"https:\/\/www.sonoraenequipo.com.mx\/espana-pais-con-mayor-desempleo-de-la-union-europea\/","url":"https:\/\/www.sonoraenequipo.com.mx\/espana-pais-con-mayor-desempleo-de-la-union-europea\/","name":"Sonora en Equipo. Espa\u00f1a pa\u00eds con mayor desempleo de la Uni\u00f3n Europea PALABRAS Y N\u00daMEROS","isPartOf":{"@id":"https:\/\/www.sonoraenequipo.com.mx\/#website"},"primaryImageOfPage":{"@id":"https:\/\/www.sonoraenequipo.com.mx\/espana-pais-con-mayor-desempleo-de-la-union-europea\/#primaryimage"},"image":{"@id":"https:\/\/www.sonoraenequipo.com.mx\/espana-pais-con-mayor-desempleo-de-la-union-europea\/#primaryimage"},"thumbnailUrl":"https:\/\/www.sonoraenequipo.com.mx\/storage\/2025\/04\/mesero-espana.jpg","datePublished":"2025-04-29T01:41:53+00:00","description":"El ajuste del empleo se concentra en hombres, espa\u00f1oles, temporales y sector p\u00fablico y los ocupados a tiempo parcial marcan m\u00e1ximo hist\u00f3rico &nbsp; En Sonora en Equipo publicamos toda la informaci\u00f3n de Sonora, M\u00e9xico y el Mundo de manera oportuna y busca que la libertad de expresi\u00f3n sea real. Visita nuestro medio informativo publicado desde Hermosillo, Sonora. %","breadcrumb":{"@id":"https:\/\/www.sonoraenequipo.com.mx\/espana-pais-con-mayor-desempleo-de-la-union-europea\/#breadcrumb"},"inLanguage":"es","potentialAction":[{"@type":"ReadAction","target":["https:\/\/www.sonoraenequipo.com.mx\/espana-pais-con-mayor-desempleo-de-la-union-europea\/"]}]},{"@type":"ImageObject","inLanguage":"es","@id":"https:\/\/www.sonoraenequipo.com.mx\/espana-pais-con-mayor-desempleo-de-la-union-europea\/#primaryimage","url":"https:\/\/www.sonoraenequipo.com.mx\/storage\/2025\/04\/mesero-espana.jpg","contentUrl":"https:\/\/www.sonoraenequipo.com.mx\/storage\/2025\/04\/mesero-espana.jpg","width":600,"height":337,"caption":"Trabajos en sector servicios est\u00e1n descendiendo por los bajos salarios.Imagen picture alliance"},{"@type":"BreadcrumbList","@id":"https:\/\/www.sonoraenequipo.com.mx\/espana-pais-con-mayor-desempleo-de-la-union-europea\/#breadcrumb","itemListElement":[{"@type":"ListItem","position":1,"name":"Portada","item":"https:\/\/www.sonoraenequipo.com.mx\/"},{"@type":"ListItem","position":2,"name":"Espa\u00f1a pa\u00eds con mayor desempleo de la Uni\u00f3n Europea"}]},{"@type":"WebSite","@id":"https:\/\/www.sonoraenequipo.com.mx\/#website","url":"https:\/\/www.sonoraenequipo.com.mx\/","name":"Sonora en Equipo.","description":"Diario en l\u00ednea con Noticias desde Hermosillo, Sonora","publisher":{"@id":"https:\/\/www.sonoraenequipo.com.mx\/#organization"},"potentialAction":[{"@type":"SearchAction","target":{"@type":"EntryPoint","urlTemplate":"https:\/\/www.sonoraenequipo.com.mx\/?s={search_term_string}"},"query-input":{"@type":"PropertyValueSpecification","valueRequired":true,"valueName":"search_term_string"}}],"inLanguage":"es"},{"@type":"Organization","@id":"https:\/\/www.sonoraenequipo.com.mx\/#organization","name":"Sonoraenequipo.com.mx","url":"https:\/\/www.sonoraenequipo.com.mx\/","logo":{"@type":"ImageObject","inLanguage":"es","@id":"https:\/\/www.sonoraenequipo.com.mx\/#\/schema\/logo\/image\/","url":"https:\/\/www.sonoraenequipo.com.mx\/storage\/2019\/01\/sonoraenequipo_opt.png","contentUrl":"https:\/\/www.sonoraenequipo.com.mx\/storage\/2019\/01\/sonoraenequipo_opt.png","width":375,"height":125,"caption":"Sonoraenequipo.com.mx"},"image":{"@id":"https:\/\/www.sonoraenequipo.com.mx\/#\/schema\/logo\/image\/"},"sameAs":["https:\/\/www.facebook.com\/SonoraEE\/","https:\/\/x.com\/sonoraenequipo","https:\/\/www.youtube.com\/channel\/UC338nW-lPEYmJQs4ZABQ1SQ"]},{"@type":"Person","@id":"https:\/\/www.sonoraenequipo.com.mx\/#\/schema\/person\/50102df0fb23a8fa9e8effad8fa81386","name":"enequipo","image":{"@type":"ImageObject","inLanguage":"es","@id":"https:\/\/www.sonoraenequipo.com.mx\/#\/schema\/person\/image\/","url":"https:\/\/secure.gravatar.com\/avatar\/049821681b589dabc0bc20695993ccebb09f5b5d4d790cd9251b97faac7c652b?s=96&d=blank&r=g","contentUrl":"https:\/\/secure.gravatar.com\/avatar\/049821681b589dabc0bc20695993ccebb09f5b5d4d790cd9251b97faac7c652b?s=96&d=blank&r=g","caption":"enequipo"},"sameAs":["https:\/\/www.facebook.com\/SonoraEE"]}]}},"jetpack_featured_media_url":"https:\/\/www.sonoraenequipo.com.mx\/storage\/2025\/04\/mesero-espana.jpg","_links":{"self":[{"href":"https:\/\/www.sonoraenequipo.com.mx\/api\/wp\/v2\/posts\/214491","targetHints":{"allow":["GET"]}}],"collection":[{"href":"https:\/\/www.sonoraenequipo.com.mx\/api\/wp\/v2\/posts"}],"about":[{"href":"https:\/\/www.sonoraenequipo.com.mx\/api\/wp\/v2\/types\/post"}],"author":[{"embeddable":true,"href":"https:\/\/www.sonoraenequipo.com.mx\/api\/wp\/v2\/users\/1"}],"replies":[{"embeddable":true,"href":"https:\/\/www.sonoraenequipo.com.mx\/api\/wp\/v2\/comments?post=214491"}],"version-history":[{"count":1,"href":"https:\/\/www.sonoraenequipo.com.mx\/api\/wp\/v2\/posts\/214491\/revisions"}],"predecessor-version":[{"id":214493,"href":"https:\/\/www.sonoraenequipo.com.mx\/api\/wp\/v2\/posts\/214491\/revisions\/214493"}],"wp:featuredmedia":[{"embeddable":true,"href":"https:\/\/www.sonoraenequipo.com.mx\/api\/wp\/v2\/media\/214492"}],"wp:attachment":[{"href":"https:\/\/www.sonoraenequipo.com.mx\/api\/wp\/v2\/media?parent=214491"}],"wp:term":[{"taxonomy":"category","embeddable":true,"href":"https:\/\/www.sonoraenequipo.com.mx\/api\/wp\/v2\/categories?post=214491"},{"taxonomy":"post_tag","embeddable":true,"href":"https:\/\/www.sonoraenequipo.com.mx\/api\/wp\/v2\/tags?post=214491"}],"curies":[{"name":"wp","href":"https:\/\/api.w.org\/{rel}","templated":true}]}}