{"id":214495,"date":"2025-04-28T18:47:37","date_gmt":"2025-04-29T01:47:37","guid":{"rendered":"https:\/\/www.sonoraenequipo.com.mx\/?p=214495"},"modified":"2025-04-28T18:47:37","modified_gmt":"2025-04-29T01:47:37","slug":"liderazgo-del-gobernador-durazo-logra-la-tasa-de-desempleo-mas-baja-en-la-historia-de-sonora","status":"publish","type":"post","link":"https:\/\/www.sonoraenequipo.com.mx\/liderazgo-del-gobernador-durazo-logra-la-tasa-de-desempleo-mas-baja-en-la-historia-de-sonora\/","title":{"rendered":"Liderazgo del Gobernador Durazo logra la tasa de desempleo m\u00e1s baja en la historia de Sonora"},"content":{"rendered":"<p><strong>HERMOSILLO, SONORA, MX.<\/strong> \u2014 Sonora alcanz\u00f3 en marzo de 2025 su tasa de desempleo m\u00e1s baja desde que se tiene registro, con un m\u00ednimo hist\u00f3rico de 1.3 %, de la poblaci\u00f3n desocupada, inform\u00f3 el gobernador Alfonso Durazo Monta\u00f1o, de acuerdo con datos del Instituto Nacional de Estad\u00edstica y Geograf\u00eda (INEGI).<\/p>\n<p>&nbsp;<\/p>\n<p>&nbsp;<\/p>\n<p>&nbsp;<\/p>\n<p>El jefe del Ejecutivo estatal enfatiz\u00f3 que este indicador, inferior al 1.9 % registrado en el mismo mes de 2024, consolida a la entidad como el quinto estado con menor desocupaci\u00f3n en M\u00e9xico y el primero en todo el norte del pa\u00eds.<\/p>\n<p>&nbsp;<\/p>\n<p>&nbsp;<\/p>\n<p>&nbsp;<\/p>\n<p>\u201cEste m\u00ednimo hist\u00f3rico en la tasa de desocupaci\u00f3n en nuestro estado refleja una situaci\u00f3n de pleno empleo, una condici\u00f3n econ\u00f3mica en la que pr\u00e1cticamente toda la poblaci\u00f3n activa que busca trabajo lo consigue, lo que se traduce en mayor estabilidad, consumo y bienestar para las y los sonorenses\u201d, asever\u00f3.<\/p>\n<p>&nbsp;<\/p>\n<p>&nbsp;<\/p>\n<p>&nbsp;<\/p>\n<p>El mandatario estatal asegur\u00f3 que este logro no solo consolida al estado como un polo de crecimiento econ\u00f3mico, sino que tambi\u00e9n refleja el fortalecimiento de su mercado interno y la confianza de los inversionistas.<\/p>\n<p>&nbsp;<\/p>\n<p>&nbsp;<\/p>\n<p>&nbsp;<\/p>\n<p>Con estos resultados se garantiza una din\u00e1mica laboral s\u00f3lida, que permite mejorar la calidad de vida de la poblaci\u00f3n, reducir desigualdades y sentar las bases para un futuro con mayor competitividad y bienestar social.<\/p>\n<p><strong>Fecha de publicaci\u00f3n lunes 28 de abril de 2025 \/ <\/strong><\/p>\n","protected":false},"excerpt":{"rendered":"<p>HERMOSILLO, SONORA, MX. \u2014 Sonora alcanz\u00f3 en marzo de 2025 su tasa de desempleo m\u00e1s&#8230;<\/p>\n","protected":false},"author":1,"featured_media":180209,"comment_status":"open","ping_status":"open","sticky":false,"template":"","format":"standard","meta":{"_monsterinsights_skip_tracking":false,"_monsterinsights_sitenote_active":false,"_monsterinsights_sitenote_note":"","_monsterinsights_sitenote_category":0,"footnotes":""},"categories":[6493],"tags":[],"class_list":["post"],"yoast_head":" \n<title>Sonora en Equipo. Liderazgo del Gobernador Durazo logra la tasa de desempleo m\u00e1s baja en la historia de Sonora PALABRAS Y N\u00daMEROS<\/title>\n<meta name=\"description\" content=\"HERMOSILLO, SONORA, MX. \u2014 Sonora alcanz\u00f3 en marzo de 2025 su tasa de desempleo m\u00e1s baja desde que se tiene registro, con un m\u00ednimo hist\u00f3rico de 1.3 %, de En Sonora en Equipo publicamos toda la informaci\u00f3n de Sonora, M\u00e9xico y el Mundo de manera oportuna y busca que la libertad de expresi\u00f3n sea real. Visita nuestro medio informativo publicado desde Hermosillo, Sonora. %\" \/>\n<meta name=\"robots\" content=\"index, follow, max-snippet:-1, max-image-preview:large, max-video-preview:-1\" \/>\n<link rel=\"canonical\" href=\"https:\/\/www.sonoraenequipo.com.mx\/liderazgo-del-gobernador-durazo-logra-la-tasa-de-desempleo-mas-baja-en-la-historia-de-sonora\/\" \/>\n<meta property=\"og:locale\" content=\"es_ES\" \/>\n<meta property=\"og:type\" content=\"article\" \/>\n<meta property=\"og:title\" content=\"Sonora en Equipo. Liderazgo del Gobernador Durazo logra la tasa de desempleo m\u00e1s baja en la historia de Sonora PALABRAS Y N\u00daMEROS\" \/>\n<meta property=\"og:description\" content=\"HERMOSILLO, SONORA, MX. \u2014 Sonora alcanz\u00f3 en marzo de 2025 su tasa de desempleo m\u00e1s baja desde que se tiene registro, con un m\u00ednimo hist\u00f3rico de 1.3 %, de En Sonora en Equipo publicamos toda la informaci\u00f3n de Sonora, M\u00e9xico y el Mundo de manera oportuna y busca que la libertad de expresi\u00f3n sea real. Visita nuestro medio informativo publicado desde Hermosillo, Sonora. %\" \/>\n<meta property=\"og:url\" content=\"https:\/\/www.sonoraenequipo.com.mx\/liderazgo-del-gobernador-durazo-logra-la-tasa-de-desempleo-mas-baja-en-la-historia-de-sonora\/\" \/>\n<meta property=\"og:site_name\" content=\"Sonora en Equipo.\" \/>\n<meta property=\"article:publisher\" content=\"https:\/\/www.facebook.com\/SonoraEE\/\" \/>\n<meta property=\"article:author\" content=\"https:\/\/www.facebook.com\/SonoraEE\" \/>\n<meta property=\"article:published_time\" content=\"2025-04-29T01:47:37+00:00\" \/>\n<meta property=\"og:image\" content=\"https:\/\/www.sonoraenequipo.com.mx\/storage\/2023\/11\/adm-con-trabajadores.jpg\" \/>\n\t<meta property=\"og:image:width\" content=\"600\" \/>\n\t<meta property=\"og:image:height\" content=\"401\" \/>\n\t<meta property=\"og:image:type\" content=\"image\/jpeg\" \/>\n<meta name=\"author\" content=\"enequipo\" \/>\n<meta name=\"twitter:card\" content=\"summary_large_image\" \/>\n<meta name=\"twitter:creator\" content=\"@sonoraenequipo\" \/>\n<meta name=\"twitter:site\" content=\"@sonoraenequipo\" \/>\n<meta name=\"twitter:label1\" content=\"Escrito por\" \/>\n\t<meta name=\"twitter:data1\" content=\"enequipo\" \/>\n\t<meta name=\"twitter:label2\" content=\"Tiempo de lectura\" \/>\n\t<meta name=\"twitter:data2\" content=\"1 minuto\" \/>\n<script type=\"application\/ld+json\" class=\"yoast-schema-graph\">{\"@context\":\"https:\/\/schema.org\",\"@graph\":[{\"@type\":\"Article\",\"@id\":\"https:\/\/www.sonoraenequipo.com.mx\/liderazgo-del-gobernador-durazo-logra-la-tasa-de-desempleo-mas-baja-en-la-historia-de-sonora\/#article\",\"isPartOf\":{\"@id\":\"https:\/\/www.sonoraenequipo.com.mx\/liderazgo-del-gobernador-durazo-logra-la-tasa-de-desempleo-mas-baja-en-la-historia-de-sonora\/\"},\"author\":{\"name\":\"enequipo\",\"@id\":\"https:\/\/www.sonoraenequipo.com.mx\/#\/schema\/person\/50102df0fb23a8fa9e8effad8fa81386\"},\"headline\":\"Liderazgo del Gobernador Durazo logra la tasa de desempleo m\u00e1s baja en la historia de Sonora\",\"datePublished\":\"2025-04-29T01:47:37+00:00\",\"mainEntityOfPage\":{\"@id\":\"https:\/\/www.sonoraenequipo.com.mx\/liderazgo-del-gobernador-durazo-logra-la-tasa-de-desempleo-mas-baja-en-la-historia-de-sonora\/\"},\"wordCount\":262,\"commentCount\":0,\"publisher\":{\"@id\":\"https:\/\/www.sonoraenequipo.com.mx\/#organization\"},\"image\":{\"@id\":\"https:\/\/www.sonoraenequipo.com.mx\/liderazgo-del-gobernador-durazo-logra-la-tasa-de-desempleo-mas-baja-en-la-historia-de-sonora\/#primaryimage\"},\"thumbnailUrl\":\"https:\/\/www.sonoraenequipo.com.mx\/storage\/2023\/11\/adm-con-trabajadores.jpg\",\"articleSection\":[\"PALABRAS Y N\u00daMEROS\"],\"inLanguage\":\"es\",\"potentialAction\":[{\"@type\":\"CommentAction\",\"name\":\"Comment\",\"target\":[\"https:\/\/www.sonoraenequipo.com.mx\/liderazgo-del-gobernador-durazo-logra-la-tasa-de-desempleo-mas-baja-en-la-historia-de-sonora\/#respond\"]}]},{\"@type\":\"WebPage\",\"@id\":\"https:\/\/www.sonoraenequipo.com.mx\/liderazgo-del-gobernador-durazo-logra-la-tasa-de-desempleo-mas-baja-en-la-historia-de-sonora\/\",\"url\":\"https:\/\/www.sonoraenequipo.com.mx\/liderazgo-del-gobernador-durazo-logra-la-tasa-de-desempleo-mas-baja-en-la-historia-de-sonora\/\",\"name\":\"Sonora en Equipo. Liderazgo del Gobernador Durazo logra la tasa de desempleo m\u00e1s baja en la historia de Sonora PALABRAS Y N\u00daMEROS\",\"isPartOf\":{\"@id\":\"https:\/\/www.sonoraenequipo.com.mx\/#website\"},\"primaryImageOfPage\":{\"@id\":\"https:\/\/www.sonoraenequipo.com.mx\/liderazgo-del-gobernador-durazo-logra-la-tasa-de-desempleo-mas-baja-en-la-historia-de-sonora\/#primaryimage\"},\"image\":{\"@id\":\"https:\/\/www.sonoraenequipo.com.mx\/liderazgo-del-gobernador-durazo-logra-la-tasa-de-desempleo-mas-baja-en-la-historia-de-sonora\/#primaryimage\"},\"thumbnailUrl\":\"https:\/\/www.sonoraenequipo.com.mx\/storage\/2023\/11\/adm-con-trabajadores.jpg\",\"datePublished\":\"2025-04-29T01:47:37+00:00\",\"description\":\"HERMOSILLO, SONORA, MX. \u2014 Sonora alcanz\u00f3 en marzo de 2025 su tasa de desempleo m\u00e1s baja desde que se tiene registro, con un m\u00ednimo hist\u00f3rico de 1.3 %, de En Sonora en Equipo publicamos toda la informaci\u00f3n de Sonora, M\u00e9xico y el Mundo de manera oportuna y busca que la libertad de expresi\u00f3n sea real. Visita nuestro medio informativo publicado desde Hermosillo, Sonora. %\",\"breadcrumb\":{\"@id\":\"https:\/\/www.sonoraenequipo.com.mx\/liderazgo-del-gobernador-durazo-logra-la-tasa-de-desempleo-mas-baja-en-la-historia-de-sonora\/#breadcrumb\"},\"inLanguage\":\"es\",\"potentialAction\":[{\"@type\":\"ReadAction\",\"target\":[\"https:\/\/www.sonoraenequipo.com.mx\/liderazgo-del-gobernador-durazo-logra-la-tasa-de-desempleo-mas-baja-en-la-historia-de-sonora\/\"]}]},{\"@type\":\"ImageObject\",\"inLanguage\":\"es\",\"@id\":\"https:\/\/www.sonoraenequipo.com.mx\/liderazgo-del-gobernador-durazo-logra-la-tasa-de-desempleo-mas-baja-en-la-historia-de-sonora\/#primaryimage\",\"url\":\"https:\/\/www.sonoraenequipo.com.mx\/storage\/2023\/11\/adm-con-trabajadores.jpg\",\"contentUrl\":\"https:\/\/www.sonoraenequipo.com.mx\/storage\/2023\/11\/adm-con-trabajadores.jpg\",\"width\":600,\"height\":401,\"caption\":\"Gobernador Durazo con trabajadores de la construcci\u00f3n\"},{\"@type\":\"BreadcrumbList\",\"@id\":\"https:\/\/www.sonoraenequipo.com.mx\/liderazgo-del-gobernador-durazo-logra-la-tasa-de-desempleo-mas-baja-en-la-historia-de-sonora\/#breadcrumb\",\"itemListElement\":[{\"@type\":\"ListItem\",\"position\":1,\"name\":\"Portada\",\"item\":\"https:\/\/www.sonoraenequipo.com.mx\/\"},{\"@type\":\"ListItem\",\"position\":2,\"name\":\"Liderazgo del Gobernador Durazo logra la tasa de desempleo m\u00e1s baja en la historia de Sonora\"}]},{\"@type\":\"WebSite\",\"@id\":\"https:\/\/www.sonoraenequipo.com.mx\/#website\",\"url\":\"https:\/\/www.sonoraenequipo.com.mx\/\",\"name\":\"Sonora en Equipo.\",\"description\":\"Diario en l\u00ednea con Noticias desde Hermosillo, Sonora\",\"publisher\":{\"@id\":\"https:\/\/www.sonoraenequipo.com.mx\/#organization\"},\"potentialAction\":[{\"@type\":\"SearchAction\",\"target\":{\"@type\":\"EntryPoint\",\"urlTemplate\":\"https:\/\/www.sonoraenequipo.com.mx\/?s={search_term_string}\"},\"query-input\":{\"@type\":\"PropertyValueSpecification\",\"valueRequired\":true,\"valueName\":\"search_term_string\"}}],\"inLanguage\":\"es\"},{\"@type\":\"Organization\",\"@id\":\"https:\/\/www.sonoraenequipo.com.mx\/#organization\",\"name\":\"Sonoraenequipo.com.mx\",\"url\":\"https:\/\/www.sonoraenequipo.com.mx\/\",\"logo\":{\"@type\":\"ImageObject\",\"inLanguage\":\"es\",\"@id\":\"https:\/\/www.sonoraenequipo.com.mx\/#\/schema\/logo\/image\/\",\"url\":\"https:\/\/www.sonoraenequipo.com.mx\/storage\/2019\/01\/sonoraenequipo_opt.png\",\"contentUrl\":\"https:\/\/www.sonoraenequipo.com.mx\/storage\/2019\/01\/sonoraenequipo_opt.png\",\"width\":375,\"height\":125,\"caption\":\"Sonoraenequipo.com.mx\"},\"image\":{\"@id\":\"https:\/\/www.sonoraenequipo.com.mx\/#\/schema\/logo\/image\/\"},\"sameAs\":[\"https:\/\/www.facebook.com\/SonoraEE\/\",\"https:\/\/x.com\/sonoraenequipo\",\"https:\/\/www.youtube.com\/channel\/UC338nW-lPEYmJQs4ZABQ1SQ\"]},{\"@type\":\"Person\",\"@id\":\"https:\/\/www.sonoraenequipo.com.mx\/#\/schema\/person\/50102df0fb23a8fa9e8effad8fa81386\",\"name\":\"enequipo\",\"image\":{\"@type\":\"ImageObject\",\"inLanguage\":\"es\",\"@id\":\"https:\/\/www.sonoraenequipo.com.mx\/#\/schema\/person\/image\/\",\"url\":\"https:\/\/secure.gravatar.com\/avatar\/049821681b589dabc0bc20695993ccebb09f5b5d4d790cd9251b97faac7c652b?s=96&d=blank&r=g\",\"contentUrl\":\"https:\/\/secure.gravatar.com\/avatar\/049821681b589dabc0bc20695993ccebb09f5b5d4d790cd9251b97faac7c652b?s=96&d=blank&r=g\",\"caption\":\"enequipo\"},\"sameAs\":[\"https:\/\/www.facebook.com\/SonoraEE\"]}]}<\/script>\n ","yoast_head_json":{"title":"Sonora en Equipo. Liderazgo del Gobernador Durazo logra la tasa de desempleo m\u00e1s baja en la historia de Sonora PALABRAS Y N\u00daMEROS","description":"HERMOSILLO, SONORA, MX. \u2014 Sonora alcanz\u00f3 en marzo de 2025 su tasa de desempleo m\u00e1s baja desde que se tiene registro, con un m\u00ednimo hist\u00f3rico de 1.3 %, de En Sonora en Equipo publicamos toda la informaci\u00f3n de Sonora, M\u00e9xico y el Mundo de manera oportuna y busca que la libertad de expresi\u00f3n sea real. Visita nuestro medio informativo publicado desde Hermosillo, Sonora. %","robots":{"index":"index","follow":"follow","max-snippet":"max-snippet:-1","max-image-preview":"max-image-preview:large","max-video-preview":"max-video-preview:-1"},"canonical":"https:\/\/www.sonoraenequipo.com.mx\/liderazgo-del-gobernador-durazo-logra-la-tasa-de-desempleo-mas-baja-en-la-historia-de-sonora\/","og_locale":"es_ES","og_type":"article","og_title":"Sonora en Equipo. Liderazgo del Gobernador Durazo logra la tasa de desempleo m\u00e1s baja en la historia de Sonora PALABRAS Y N\u00daMEROS","og_description":"HERMOSILLO, SONORA, MX. \u2014 Sonora alcanz\u00f3 en marzo de 2025 su tasa de desempleo m\u00e1s baja desde que se tiene registro, con un m\u00ednimo hist\u00f3rico de 1.3 %, de En Sonora en Equipo publicamos toda la informaci\u00f3n de Sonora, M\u00e9xico y el Mundo de manera oportuna y busca que la libertad de expresi\u00f3n sea real. Visita nuestro medio informativo publicado desde Hermosillo, Sonora. %","og_url":"https:\/\/www.sonoraenequipo.com.mx\/liderazgo-del-gobernador-durazo-logra-la-tasa-de-desempleo-mas-baja-en-la-historia-de-sonora\/","og_site_name":"Sonora en Equipo.","article_publisher":"https:\/\/www.facebook.com\/SonoraEE\/","article_author":"https:\/\/www.facebook.com\/SonoraEE","article_published_time":"2025-04-29T01:47:37+00:00","og_image":[{"width":600,"height":401,"url":"https:\/\/www.sonoraenequipo.com.mx\/storage\/2023\/11\/adm-con-trabajadores.jpg","type":"image\/jpeg"}],"author":"enequipo","twitter_card":"summary_large_image","twitter_creator":"@sonoraenequipo","twitter_site":"@sonoraenequipo","twitter_misc":{"Escrito por":"enequipo","Tiempo de lectura":"1 minuto"},"schema":{"@context":"https:\/\/schema.org","@graph":[{"@type":"Article","@id":"https:\/\/www.sonoraenequipo.com.mx\/liderazgo-del-gobernador-durazo-logra-la-tasa-de-desempleo-mas-baja-en-la-historia-de-sonora\/#article","isPartOf":{"@id":"https:\/\/www.sonoraenequipo.com.mx\/liderazgo-del-gobernador-durazo-logra-la-tasa-de-desempleo-mas-baja-en-la-historia-de-sonora\/"},"author":{"name":"enequipo","@id":"https:\/\/www.sonoraenequipo.com.mx\/#\/schema\/person\/50102df0fb23a8fa9e8effad8fa81386"},"headline":"Liderazgo del Gobernador Durazo logra la tasa de desempleo m\u00e1s baja en la historia de Sonora","datePublished":"2025-04-29T01:47:37+00:00","mainEntityOfPage":{"@id":"https:\/\/www.sonoraenequipo.com.mx\/liderazgo-del-gobernador-durazo-logra-la-tasa-de-desempleo-mas-baja-en-la-historia-de-sonora\/"},"wordCount":262,"commentCount":0,"publisher":{"@id":"https:\/\/www.sonoraenequipo.com.mx\/#organization"},"image":{"@id":"https:\/\/www.sonoraenequipo.com.mx\/liderazgo-del-gobernador-durazo-logra-la-tasa-de-desempleo-mas-baja-en-la-historia-de-sonora\/#primaryimage"},"thumbnailUrl":"https:\/\/www.sonoraenequipo.com.mx\/storage\/2023\/11\/adm-con-trabajadores.jpg","articleSection":["PALABRAS Y N\u00daMEROS"],"inLanguage":"es","potentialAction":[{"@type":"CommentAction","name":"Comment","target":["https:\/\/www.sonoraenequipo.com.mx\/liderazgo-del-gobernador-durazo-logra-la-tasa-de-desempleo-mas-baja-en-la-historia-de-sonora\/#respond"]}]},{"@type":"WebPage","@id":"https:\/\/www.sonoraenequipo.com.mx\/liderazgo-del-gobernador-durazo-logra-la-tasa-de-desempleo-mas-baja-en-la-historia-de-sonora\/","url":"https:\/\/www.sonoraenequipo.com.mx\/liderazgo-del-gobernador-durazo-logra-la-tasa-de-desempleo-mas-baja-en-la-historia-de-sonora\/","name":"Sonora en Equipo. Liderazgo del Gobernador Durazo logra la tasa de desempleo m\u00e1s baja en la historia de Sonora PALABRAS Y N\u00daMEROS","isPartOf":{"@id":"https:\/\/www.sonoraenequipo.com.mx\/#website"},"primaryImageOfPage":{"@id":"https:\/\/www.sonoraenequipo.com.mx\/liderazgo-del-gobernador-durazo-logra-la-tasa-de-desempleo-mas-baja-en-la-historia-de-sonora\/#primaryimage"},"image":{"@id":"https:\/\/www.sonoraenequipo.com.mx\/liderazgo-del-gobernador-durazo-logra-la-tasa-de-desempleo-mas-baja-en-la-historia-de-sonora\/#primaryimage"},"thumbnailUrl":"https:\/\/www.sonoraenequipo.com.mx\/storage\/2023\/11\/adm-con-trabajadores.jpg","datePublished":"2025-04-29T01:47:37+00:00","description":"HERMOSILLO, SONORA, MX. \u2014 Sonora alcanz\u00f3 en marzo de 2025 su tasa de desempleo m\u00e1s baja desde que se tiene registro, con un m\u00ednimo hist\u00f3rico de 1.3 %, de En Sonora en Equipo publicamos toda la informaci\u00f3n de Sonora, M\u00e9xico y el Mundo de manera oportuna y busca que la libertad de expresi\u00f3n sea real. Visita nuestro medio informativo publicado desde Hermosillo, Sonora. %","breadcrumb":{"@id":"https:\/\/www.sonoraenequipo.com.mx\/liderazgo-del-gobernador-durazo-logra-la-tasa-de-desempleo-mas-baja-en-la-historia-de-sonora\/#breadcrumb"},"inLanguage":"es","potentialAction":[{"@type":"ReadAction","target":["https:\/\/www.sonoraenequipo.com.mx\/liderazgo-del-gobernador-durazo-logra-la-tasa-de-desempleo-mas-baja-en-la-historia-de-sonora\/"]}]},{"@type":"ImageObject","inLanguage":"es","@id":"https:\/\/www.sonoraenequipo.com.mx\/liderazgo-del-gobernador-durazo-logra-la-tasa-de-desempleo-mas-baja-en-la-historia-de-sonora\/#primaryimage","url":"https:\/\/www.sonoraenequipo.com.mx\/storage\/2023\/11\/adm-con-trabajadores.jpg","contentUrl":"https:\/\/www.sonoraenequipo.com.mx\/storage\/2023\/11\/adm-con-trabajadores.jpg","width":600,"height":401,"caption":"Gobernador Durazo con trabajadores de la construcci\u00f3n"},{"@type":"BreadcrumbList","@id":"https:\/\/www.sonoraenequipo.com.mx\/liderazgo-del-gobernador-durazo-logra-la-tasa-de-desempleo-mas-baja-en-la-historia-de-sonora\/#breadcrumb","itemListElement":[{"@type":"ListItem","position":1,"name":"Portada","item":"https:\/\/www.sonoraenequipo.com.mx\/"},{"@type":"ListItem","position":2,"name":"Liderazgo del Gobernador Durazo logra la tasa de desempleo m\u00e1s baja en la historia de Sonora"}]},{"@type":"WebSite","@id":"https:\/\/www.sonoraenequipo.com.mx\/#website","url":"https:\/\/www.sonoraenequipo.com.mx\/","name":"Sonora en Equipo.","description":"Diario en l\u00ednea con Noticias desde Hermosillo, Sonora","publisher":{"@id":"https:\/\/www.sonoraenequipo.com.mx\/#organization"},"potentialAction":[{"@type":"SearchAction","target":{"@type":"EntryPoint","urlTemplate":"https:\/\/www.sonoraenequipo.com.mx\/?s={search_term_string}"},"query-input":{"@type":"PropertyValueSpecification","valueRequired":true,"valueName":"search_term_string"}}],"inLanguage":"es"},{"@type":"Organization","@id":"https:\/\/www.sonoraenequipo.com.mx\/#organization","name":"Sonoraenequipo.com.mx","url":"https:\/\/www.sonoraenequipo.com.mx\/","logo":{"@type":"ImageObject","inLanguage":"es","@id":"https:\/\/www.sonoraenequipo.com.mx\/#\/schema\/logo\/image\/","url":"https:\/\/www.sonoraenequipo.com.mx\/storage\/2019\/01\/sonoraenequipo_opt.png","contentUrl":"https:\/\/www.sonoraenequipo.com.mx\/storage\/2019\/01\/sonoraenequipo_opt.png","width":375,"height":125,"caption":"Sonoraenequipo.com.mx"},"image":{"@id":"https:\/\/www.sonoraenequipo.com.mx\/#\/schema\/logo\/image\/"},"sameAs":["https:\/\/www.facebook.com\/SonoraEE\/","https:\/\/x.com\/sonoraenequipo","https:\/\/www.youtube.com\/channel\/UC338nW-lPEYmJQs4ZABQ1SQ"]},{"@type":"Person","@id":"https:\/\/www.sonoraenequipo.com.mx\/#\/schema\/person\/50102df0fb23a8fa9e8effad8fa81386","name":"enequipo","image":{"@type":"ImageObject","inLanguage":"es","@id":"https:\/\/www.sonoraenequipo.com.mx\/#\/schema\/person\/image\/","url":"https:\/\/secure.gravatar.com\/avatar\/049821681b589dabc0bc20695993ccebb09f5b5d4d790cd9251b97faac7c652b?s=96&d=blank&r=g","contentUrl":"https:\/\/secure.gravatar.com\/avatar\/049821681b589dabc0bc20695993ccebb09f5b5d4d790cd9251b97faac7c652b?s=96&d=blank&r=g","caption":"enequipo"},"sameAs":["https:\/\/www.facebook.com\/SonoraEE"]}]}},"jetpack_featured_media_url":"https:\/\/www.sonoraenequipo.com.mx\/storage\/2023\/11\/adm-con-trabajadores.jpg","_links":{"self":[{"href":"https:\/\/www.sonoraenequipo.com.mx\/api\/wp\/v2\/posts\/214495","targetHints":{"allow":["GET"]}}],"collection":[{"href":"https:\/\/www.sonoraenequipo.com.mx\/api\/wp\/v2\/posts"}],"about":[{"href":"https:\/\/www.sonoraenequipo.com.mx\/api\/wp\/v2\/types\/post"}],"author":[{"embeddable":true,"href":"https:\/\/www.sonoraenequipo.com.mx\/api\/wp\/v2\/users\/1"}],"replies":[{"embeddable":true,"href":"https:\/\/www.sonoraenequipo.com.mx\/api\/wp\/v2\/comments?post=214495"}],"version-history":[{"count":1,"href":"https:\/\/www.sonoraenequipo.com.mx\/api\/wp\/v2\/posts\/214495\/revisions"}],"predecessor-version":[{"id":214496,"href":"https:\/\/www.sonoraenequipo.com.mx\/api\/wp\/v2\/posts\/214495\/revisions\/214496"}],"wp:featuredmedia":[{"embeddable":true,"href":"https:\/\/www.sonoraenequipo.com.mx\/api\/wp\/v2\/media\/180209"}],"wp:attachment":[{"href":"https:\/\/www.sonoraenequipo.com.mx\/api\/wp\/v2\/media?parent=214495"}],"wp:term":[{"taxonomy":"category","embeddable":true,"href":"https:\/\/www.sonoraenequipo.com.mx\/api\/wp\/v2\/categories?post=214495"},{"taxonomy":"post_tag","embeddable":true,"href":"https:\/\/www.sonoraenequipo.com.mx\/api\/wp\/v2\/tags?post=214495"}],"curies":[{"name":"wp","href":"https:\/\/api.w.org\/{rel}","templated":true}]}}