{"id":214538,"date":"2025-04-29T12:49:31","date_gmt":"2025-04-29T19:49:31","guid":{"rendered":"https:\/\/www.sonoraenequipo.com.mx\/?p=214538"},"modified":"2025-04-29T12:49:31","modified_gmt":"2025-04-29T19:49:31","slug":"gobierno-de-sonora-entregara-apoyo-del-programa-fomentando-el-envejecimiento-activo-de-isaam","status":"publish","type":"post","link":"https:\/\/www.sonoraenequipo.com.mx\/gobierno-de-sonora-entregara-apoyo-del-programa-fomentando-el-envejecimiento-activo-de-isaam\/","title":{"rendered":"Gobierno de Sonora entregar\u00e1 apoyo del programa \u201cFomentando el Envejecimiento Activo\u201d de ISAAM"},"content":{"rendered":"<p><strong>HERMOSILLO, SONORA, MX.<\/strong> \u2014 Con el firme compromiso de contribuir a superar la vulnerabilidad de las personas adultas mayores, a trav\u00e9s del ejercicio de sus derechos y el impulso de sus oportunidades y habilidades, con actividades que les permita obtener un ingreso, mejorar su situaci\u00f3n econ\u00f3mica y calidad de vida, el Gobierno de Sonora, a trav\u00e9s del Instituto Sonorense para la Atenci\u00f3n de los Adultos Mayores (ISAAM), realizar\u00e1 la entrega de apoyos econ\u00f3micos de la primer convocatoria del Programa \u201cFomentando el Envejecimiento Activo 2025\u201d.<\/p>\n<p>&nbsp;<\/p>\n<p>&nbsp;<\/p>\n<p>&nbsp;<\/p>\n<p>En esta convocatoria se seleccionaron 100 personas adultas mayores, quienes recibir\u00e1n un apoyo mensual de dos mil pesos, correspondientes al mes de abril.<\/p>\n<p>&nbsp;<\/p>\n<p>&nbsp;<\/p>\n<p>&nbsp;<\/p>\n<p>Estas clases y talleres los brindan en los Centros de Desarrollo para Adultos Mayores (CEDAM) de ISAAM, en sus domicilios particulares, centros de cuidados para personas adultas mayores y espacios p\u00fablicos.<\/p>\n<p>&nbsp;<\/p>\n<p>&nbsp;<\/p>\n<p>&nbsp;<\/p>\n<p>Los talleres incluyen actividades como yoga, tai chi, danza folcl\u00f3rica, ejercicio f\u00edsico, cachibol, zumba, baile de sal\u00f3n, guitarra, elaboraci\u00f3n de pi\u00f1atas, manualidades, repujado, costura, bordado, tejido, pintura en tela, cocina saludable, reposter\u00eda, panader\u00eda, alfabetizaci\u00f3n, ingl\u00e9s, permacultura, carpinter\u00eda, reflexolog\u00eda, masaje linf\u00e1tico y relajaci\u00f3n. Los beneficiarios provienen de los municipios de Hermosillo, Cajeme, San Ignacio R\u00edo Muerto, \u00c1lamos, Benjam\u00edn Hill, Imuris, Santa Ana, Nogales, Aconchi y Agua Prieta.<\/p>\n<p>&nbsp;<\/p>\n<p>&nbsp;<\/p>\n<p>&nbsp;<\/p>\n<p>La entrega de apoyos econ\u00f3micos se realizar\u00e1 el d\u00eda viernes 2 de mayo, a las 14:00 horas en las instalaciones del Auditorio de la Procuradur\u00eda de la Defensa del Adulto Mayor; simult\u00e1neamente se realizar\u00e1 la entrega en Agua Prieta.<\/p>\n<p>&nbsp;<\/p>\n<p>&nbsp;<\/p>\n<p>&nbsp;<\/p>\n<p>Con esta convocatoria atendemos los compromisos del gobernador Alfonso Durazo, de promover pol\u00edticas p\u00fablicas que fomenten una cultura del envejecimiento digno, asegurando el bienestar, la autonom\u00eda, la independencia y el pleno ejercicio de los derechos de la poblaci\u00f3n adulta mayor en Sonora.<\/p>\n<p><strong>Fecha de publicaci\u00f3n martes 29 de abril de 2025 \/ <\/strong><\/p>\n","protected":false},"excerpt":{"rendered":"<p>HERMOSILLO, SONORA, MX. \u2014 Con el firme compromiso de contribuir a superar la vulnerabilidad de&#8230;<\/p>\n","protected":false},"author":1,"featured_media":214539,"comment_status":"open","ping_status":"open","sticky":false,"template":"","format":"standard","meta":{"_monsterinsights_skip_tracking":false,"_monsterinsights_sitenote_active":false,"_monsterinsights_sitenote_note":"","_monsterinsights_sitenote_category":0,"footnotes":""},"categories":[22],"tags":[11177],"class_list":["post"],"yoast_head":" \n<title>Sonora en Equipo. Gobierno de Sonora entregar\u00e1 apoyo del programa \u201cFomentando el Envejecimiento Activo\u201d de ISAAM Sonora<\/title>\n<meta name=\"description\" content=\"HERMOSILLO, SONORA, MX. \u2014 Con el firme compromiso de contribuir a superar la vulnerabilidad de las personas adultas mayores, a trav\u00e9s del ejercicio de sus En Sonora en Equipo publicamos toda la informaci\u00f3n de Sonora, M\u00e9xico y el Mundo de manera oportuna y busca que la libertad de expresi\u00f3n sea real. Visita nuestro medio informativo publicado desde Hermosillo, Sonora. %\" \/>\n<meta name=\"robots\" content=\"index, follow, max-snippet:-1, max-image-preview:large, max-video-preview:-1\" \/>\n<link rel=\"canonical\" href=\"https:\/\/www.sonoraenequipo.com.mx\/gobierno-de-sonora-entregara-apoyo-del-programa-fomentando-el-envejecimiento-activo-de-isaam\/\" \/>\n<meta property=\"og:locale\" content=\"es_ES\" \/>\n<meta property=\"og:type\" content=\"article\" \/>\n<meta property=\"og:title\" content=\"Sonora en Equipo. Gobierno de Sonora entregar\u00e1 apoyo del programa \u201cFomentando el Envejecimiento Activo\u201d de ISAAM Sonora\" \/>\n<meta property=\"og:description\" content=\"HERMOSILLO, SONORA, MX. \u2014 Con el firme compromiso de contribuir a superar la vulnerabilidad de las personas adultas mayores, a trav\u00e9s del ejercicio de sus En Sonora en Equipo publicamos toda la informaci\u00f3n de Sonora, M\u00e9xico y el Mundo de manera oportuna y busca que la libertad de expresi\u00f3n sea real. Visita nuestro medio informativo publicado desde Hermosillo, Sonora. %\" \/>\n<meta property=\"og:url\" content=\"https:\/\/www.sonoraenequipo.com.mx\/gobierno-de-sonora-entregara-apoyo-del-programa-fomentando-el-envejecimiento-activo-de-isaam\/\" \/>\n<meta property=\"og:site_name\" content=\"Sonora en Equipo.\" \/>\n<meta property=\"article:publisher\" content=\"https:\/\/www.facebook.com\/SonoraEE\/\" \/>\n<meta property=\"article:author\" content=\"https:\/\/www.facebook.com\/SonoraEE\" \/>\n<meta property=\"article:published_time\" content=\"2025-04-29T19:49:31+00:00\" \/>\n<meta property=\"og:image\" content=\"https:\/\/www.sonoraenequipo.com.mx\/storage\/2025\/04\/actividades-tercera-edad.jpg\" \/>\n\t<meta property=\"og:image:width\" content=\"600\" \/>\n\t<meta property=\"og:image:height\" content=\"450\" \/>\n\t<meta property=\"og:image:type\" content=\"image\/jpeg\" \/>\n<meta name=\"author\" content=\"enequipo\" \/>\n<meta name=\"twitter:card\" content=\"summary_large_image\" \/>\n<meta name=\"twitter:creator\" content=\"@sonoraenequipo\" \/>\n<meta name=\"twitter:site\" content=\"@sonoraenequipo\" \/>\n<meta name=\"twitter:label1\" content=\"Escrito por\" \/>\n\t<meta name=\"twitter:data1\" content=\"enequipo\" \/>\n\t<meta name=\"twitter:label2\" content=\"Tiempo de lectura\" \/>\n\t<meta name=\"twitter:data2\" content=\"2 minutos\" \/>\n<script type=\"application\/ld+json\" class=\"yoast-schema-graph\">{\"@context\":\"https:\/\/schema.org\",\"@graph\":[{\"@type\":\"Article\",\"@id\":\"https:\/\/www.sonoraenequipo.com.mx\/gobierno-de-sonora-entregara-apoyo-del-programa-fomentando-el-envejecimiento-activo-de-isaam\/#article\",\"isPartOf\":{\"@id\":\"https:\/\/www.sonoraenequipo.com.mx\/gobierno-de-sonora-entregara-apoyo-del-programa-fomentando-el-envejecimiento-activo-de-isaam\/\"},\"author\":{\"name\":\"enequipo\",\"@id\":\"https:\/\/www.sonoraenequipo.com.mx\/#\/schema\/person\/50102df0fb23a8fa9e8effad8fa81386\"},\"headline\":\"Gobierno de Sonora entregar\u00e1 apoyo del programa \u201cFomentando el Envejecimiento Activo\u201d de ISAAM\",\"datePublished\":\"2025-04-29T19:49:31+00:00\",\"mainEntityOfPage\":{\"@id\":\"https:\/\/www.sonoraenequipo.com.mx\/gobierno-de-sonora-entregara-apoyo-del-programa-fomentando-el-envejecimiento-activo-de-isaam\/\"},\"wordCount\":347,\"commentCount\":0,\"publisher\":{\"@id\":\"https:\/\/www.sonoraenequipo.com.mx\/#organization\"},\"image\":{\"@id\":\"https:\/\/www.sonoraenequipo.com.mx\/gobierno-de-sonora-entregara-apoyo-del-programa-fomentando-el-envejecimiento-activo-de-isaam\/#primaryimage\"},\"thumbnailUrl\":\"https:\/\/www.sonoraenequipo.com.mx\/storage\/2025\/04\/actividades-tercera-edad.jpg\",\"keywords\":[\"envejecimiento activo\"],\"articleSection\":[\"Sonora\"],\"inLanguage\":\"es\",\"potentialAction\":[{\"@type\":\"CommentAction\",\"name\":\"Comment\",\"target\":[\"https:\/\/www.sonoraenequipo.com.mx\/gobierno-de-sonora-entregara-apoyo-del-programa-fomentando-el-envejecimiento-activo-de-isaam\/#respond\"]}]},{\"@type\":\"WebPage\",\"@id\":\"https:\/\/www.sonoraenequipo.com.mx\/gobierno-de-sonora-entregara-apoyo-del-programa-fomentando-el-envejecimiento-activo-de-isaam\/\",\"url\":\"https:\/\/www.sonoraenequipo.com.mx\/gobierno-de-sonora-entregara-apoyo-del-programa-fomentando-el-envejecimiento-activo-de-isaam\/\",\"name\":\"Sonora en Equipo. Gobierno de Sonora entregar\u00e1 apoyo del programa \u201cFomentando el Envejecimiento Activo\u201d de ISAAM Sonora\",\"isPartOf\":{\"@id\":\"https:\/\/www.sonoraenequipo.com.mx\/#website\"},\"primaryImageOfPage\":{\"@id\":\"https:\/\/www.sonoraenequipo.com.mx\/gobierno-de-sonora-entregara-apoyo-del-programa-fomentando-el-envejecimiento-activo-de-isaam\/#primaryimage\"},\"image\":{\"@id\":\"https:\/\/www.sonoraenequipo.com.mx\/gobierno-de-sonora-entregara-apoyo-del-programa-fomentando-el-envejecimiento-activo-de-isaam\/#primaryimage\"},\"thumbnailUrl\":\"https:\/\/www.sonoraenequipo.com.mx\/storage\/2025\/04\/actividades-tercera-edad.jpg\",\"datePublished\":\"2025-04-29T19:49:31+00:00\",\"description\":\"HERMOSILLO, SONORA, MX. \u2014 Con el firme compromiso de contribuir a superar la vulnerabilidad de las personas adultas mayores, a trav\u00e9s del ejercicio de sus En Sonora en Equipo publicamos toda la informaci\u00f3n de Sonora, M\u00e9xico y el Mundo de manera oportuna y busca que la libertad de expresi\u00f3n sea real. Visita nuestro medio informativo publicado desde Hermosillo, Sonora. %\",\"breadcrumb\":{\"@id\":\"https:\/\/www.sonoraenequipo.com.mx\/gobierno-de-sonora-entregara-apoyo-del-programa-fomentando-el-envejecimiento-activo-de-isaam\/#breadcrumb\"},\"inLanguage\":\"es\",\"potentialAction\":[{\"@type\":\"ReadAction\",\"target\":[\"https:\/\/www.sonoraenequipo.com.mx\/gobierno-de-sonora-entregara-apoyo-del-programa-fomentando-el-envejecimiento-activo-de-isaam\/\"]}]},{\"@type\":\"ImageObject\",\"inLanguage\":\"es\",\"@id\":\"https:\/\/www.sonoraenequipo.com.mx\/gobierno-de-sonora-entregara-apoyo-del-programa-fomentando-el-envejecimiento-activo-de-isaam\/#primaryimage\",\"url\":\"https:\/\/www.sonoraenequipo.com.mx\/storage\/2025\/04\/actividades-tercera-edad.jpg\",\"contentUrl\":\"https:\/\/www.sonoraenequipo.com.mx\/storage\/2025\/04\/actividades-tercera-edad.jpg\",\"width\":600,\"height\":450},{\"@type\":\"BreadcrumbList\",\"@id\":\"https:\/\/www.sonoraenequipo.com.mx\/gobierno-de-sonora-entregara-apoyo-del-programa-fomentando-el-envejecimiento-activo-de-isaam\/#breadcrumb\",\"itemListElement\":[{\"@type\":\"ListItem\",\"position\":1,\"name\":\"Portada\",\"item\":\"https:\/\/www.sonoraenequipo.com.mx\/\"},{\"@type\":\"ListItem\",\"position\":2,\"name\":\"Gobierno de Sonora entregar\u00e1 apoyo del programa \u201cFomentando el Envejecimiento Activo\u201d de ISAAM\"}]},{\"@type\":\"WebSite\",\"@id\":\"https:\/\/www.sonoraenequipo.com.mx\/#website\",\"url\":\"https:\/\/www.sonoraenequipo.com.mx\/\",\"name\":\"Sonora en Equipo.\",\"description\":\"Diario en l\u00ednea con Noticias desde Hermosillo, Sonora\",\"publisher\":{\"@id\":\"https:\/\/www.sonoraenequipo.com.mx\/#organization\"},\"potentialAction\":[{\"@type\":\"SearchAction\",\"target\":{\"@type\":\"EntryPoint\",\"urlTemplate\":\"https:\/\/www.sonoraenequipo.com.mx\/?s={search_term_string}\"},\"query-input\":{\"@type\":\"PropertyValueSpecification\",\"valueRequired\":true,\"valueName\":\"search_term_string\"}}],\"inLanguage\":\"es\"},{\"@type\":\"Organization\",\"@id\":\"https:\/\/www.sonoraenequipo.com.mx\/#organization\",\"name\":\"Sonoraenequipo.com.mx\",\"url\":\"https:\/\/www.sonoraenequipo.com.mx\/\",\"logo\":{\"@type\":\"ImageObject\",\"inLanguage\":\"es\",\"@id\":\"https:\/\/www.sonoraenequipo.com.mx\/#\/schema\/logo\/image\/\",\"url\":\"https:\/\/www.sonoraenequipo.com.mx\/storage\/2019\/01\/sonoraenequipo_opt.png\",\"contentUrl\":\"https:\/\/www.sonoraenequipo.com.mx\/storage\/2019\/01\/sonoraenequipo_opt.png\",\"width\":375,\"height\":125,\"caption\":\"Sonoraenequipo.com.mx\"},\"image\":{\"@id\":\"https:\/\/www.sonoraenequipo.com.mx\/#\/schema\/logo\/image\/\"},\"sameAs\":[\"https:\/\/www.facebook.com\/SonoraEE\/\",\"https:\/\/x.com\/sonoraenequipo\",\"https:\/\/www.youtube.com\/channel\/UC338nW-lPEYmJQs4ZABQ1SQ\"]},{\"@type\":\"Person\",\"@id\":\"https:\/\/www.sonoraenequipo.com.mx\/#\/schema\/person\/50102df0fb23a8fa9e8effad8fa81386\",\"name\":\"enequipo\",\"image\":{\"@type\":\"ImageObject\",\"inLanguage\":\"es\",\"@id\":\"https:\/\/www.sonoraenequipo.com.mx\/#\/schema\/person\/image\/\",\"url\":\"https:\/\/secure.gravatar.com\/avatar\/049821681b589dabc0bc20695993ccebb09f5b5d4d790cd9251b97faac7c652b?s=96&d=blank&r=g\",\"contentUrl\":\"https:\/\/secure.gravatar.com\/avatar\/049821681b589dabc0bc20695993ccebb09f5b5d4d790cd9251b97faac7c652b?s=96&d=blank&r=g\",\"caption\":\"enequipo\"},\"sameAs\":[\"https:\/\/www.facebook.com\/SonoraEE\"]}]}<\/script>\n ","yoast_head_json":{"title":"Sonora en Equipo. Gobierno de Sonora entregar\u00e1 apoyo del programa \u201cFomentando el Envejecimiento Activo\u201d de ISAAM Sonora","description":"HERMOSILLO, SONORA, MX. \u2014 Con el firme compromiso de contribuir a superar la vulnerabilidad de las personas adultas mayores, a trav\u00e9s del ejercicio de sus En Sonora en Equipo publicamos toda la informaci\u00f3n de Sonora, M\u00e9xico y el Mundo de manera oportuna y busca que la libertad de expresi\u00f3n sea real. Visita nuestro medio informativo publicado desde Hermosillo, Sonora. %","robots":{"index":"index","follow":"follow","max-snippet":"max-snippet:-1","max-image-preview":"max-image-preview:large","max-video-preview":"max-video-preview:-1"},"canonical":"https:\/\/www.sonoraenequipo.com.mx\/gobierno-de-sonora-entregara-apoyo-del-programa-fomentando-el-envejecimiento-activo-de-isaam\/","og_locale":"es_ES","og_type":"article","og_title":"Sonora en Equipo. Gobierno de Sonora entregar\u00e1 apoyo del programa \u201cFomentando el Envejecimiento Activo\u201d de ISAAM Sonora","og_description":"HERMOSILLO, SONORA, MX. \u2014 Con el firme compromiso de contribuir a superar la vulnerabilidad de las personas adultas mayores, a trav\u00e9s del ejercicio de sus En Sonora en Equipo publicamos toda la informaci\u00f3n de Sonora, M\u00e9xico y el Mundo de manera oportuna y busca que la libertad de expresi\u00f3n sea real. Visita nuestro medio informativo publicado desde Hermosillo, Sonora. %","og_url":"https:\/\/www.sonoraenequipo.com.mx\/gobierno-de-sonora-entregara-apoyo-del-programa-fomentando-el-envejecimiento-activo-de-isaam\/","og_site_name":"Sonora en Equipo.","article_publisher":"https:\/\/www.facebook.com\/SonoraEE\/","article_author":"https:\/\/www.facebook.com\/SonoraEE","article_published_time":"2025-04-29T19:49:31+00:00","og_image":[{"width":600,"height":450,"url":"https:\/\/www.sonoraenequipo.com.mx\/storage\/2025\/04\/actividades-tercera-edad.jpg","type":"image\/jpeg"}],"author":"enequipo","twitter_card":"summary_large_image","twitter_creator":"@sonoraenequipo","twitter_site":"@sonoraenequipo","twitter_misc":{"Escrito por":"enequipo","Tiempo de lectura":"2 minutos"},"schema":{"@context":"https:\/\/schema.org","@graph":[{"@type":"Article","@id":"https:\/\/www.sonoraenequipo.com.mx\/gobierno-de-sonora-entregara-apoyo-del-programa-fomentando-el-envejecimiento-activo-de-isaam\/#article","isPartOf":{"@id":"https:\/\/www.sonoraenequipo.com.mx\/gobierno-de-sonora-entregara-apoyo-del-programa-fomentando-el-envejecimiento-activo-de-isaam\/"},"author":{"name":"enequipo","@id":"https:\/\/www.sonoraenequipo.com.mx\/#\/schema\/person\/50102df0fb23a8fa9e8effad8fa81386"},"headline":"Gobierno de Sonora entregar\u00e1 apoyo del programa \u201cFomentando el Envejecimiento Activo\u201d de ISAAM","datePublished":"2025-04-29T19:49:31+00:00","mainEntityOfPage":{"@id":"https:\/\/www.sonoraenequipo.com.mx\/gobierno-de-sonora-entregara-apoyo-del-programa-fomentando-el-envejecimiento-activo-de-isaam\/"},"wordCount":347,"commentCount":0,"publisher":{"@id":"https:\/\/www.sonoraenequipo.com.mx\/#organization"},"image":{"@id":"https:\/\/www.sonoraenequipo.com.mx\/gobierno-de-sonora-entregara-apoyo-del-programa-fomentando-el-envejecimiento-activo-de-isaam\/#primaryimage"},"thumbnailUrl":"https:\/\/www.sonoraenequipo.com.mx\/storage\/2025\/04\/actividades-tercera-edad.jpg","keywords":["envejecimiento activo"],"articleSection":["Sonora"],"inLanguage":"es","potentialAction":[{"@type":"CommentAction","name":"Comment","target":["https:\/\/www.sonoraenequipo.com.mx\/gobierno-de-sonora-entregara-apoyo-del-programa-fomentando-el-envejecimiento-activo-de-isaam\/#respond"]}]},{"@type":"WebPage","@id":"https:\/\/www.sonoraenequipo.com.mx\/gobierno-de-sonora-entregara-apoyo-del-programa-fomentando-el-envejecimiento-activo-de-isaam\/","url":"https:\/\/www.sonoraenequipo.com.mx\/gobierno-de-sonora-entregara-apoyo-del-programa-fomentando-el-envejecimiento-activo-de-isaam\/","name":"Sonora en Equipo. Gobierno de Sonora entregar\u00e1 apoyo del programa \u201cFomentando el Envejecimiento Activo\u201d de ISAAM Sonora","isPartOf":{"@id":"https:\/\/www.sonoraenequipo.com.mx\/#website"},"primaryImageOfPage":{"@id":"https:\/\/www.sonoraenequipo.com.mx\/gobierno-de-sonora-entregara-apoyo-del-programa-fomentando-el-envejecimiento-activo-de-isaam\/#primaryimage"},"image":{"@id":"https:\/\/www.sonoraenequipo.com.mx\/gobierno-de-sonora-entregara-apoyo-del-programa-fomentando-el-envejecimiento-activo-de-isaam\/#primaryimage"},"thumbnailUrl":"https:\/\/www.sonoraenequipo.com.mx\/storage\/2025\/04\/actividades-tercera-edad.jpg","datePublished":"2025-04-29T19:49:31+00:00","description":"HERMOSILLO, SONORA, MX. \u2014 Con el firme compromiso de contribuir a superar la vulnerabilidad de las personas adultas mayores, a trav\u00e9s del ejercicio de sus En Sonora en Equipo publicamos toda la informaci\u00f3n de Sonora, M\u00e9xico y el Mundo de manera oportuna y busca que la libertad de expresi\u00f3n sea real. Visita nuestro medio informativo publicado desde Hermosillo, Sonora. %","breadcrumb":{"@id":"https:\/\/www.sonoraenequipo.com.mx\/gobierno-de-sonora-entregara-apoyo-del-programa-fomentando-el-envejecimiento-activo-de-isaam\/#breadcrumb"},"inLanguage":"es","potentialAction":[{"@type":"ReadAction","target":["https:\/\/www.sonoraenequipo.com.mx\/gobierno-de-sonora-entregara-apoyo-del-programa-fomentando-el-envejecimiento-activo-de-isaam\/"]}]},{"@type":"ImageObject","inLanguage":"es","@id":"https:\/\/www.sonoraenequipo.com.mx\/gobierno-de-sonora-entregara-apoyo-del-programa-fomentando-el-envejecimiento-activo-de-isaam\/#primaryimage","url":"https:\/\/www.sonoraenequipo.com.mx\/storage\/2025\/04\/actividades-tercera-edad.jpg","contentUrl":"https:\/\/www.sonoraenequipo.com.mx\/storage\/2025\/04\/actividades-tercera-edad.jpg","width":600,"height":450},{"@type":"BreadcrumbList","@id":"https:\/\/www.sonoraenequipo.com.mx\/gobierno-de-sonora-entregara-apoyo-del-programa-fomentando-el-envejecimiento-activo-de-isaam\/#breadcrumb","itemListElement":[{"@type":"ListItem","position":1,"name":"Portada","item":"https:\/\/www.sonoraenequipo.com.mx\/"},{"@type":"ListItem","position":2,"name":"Gobierno de Sonora entregar\u00e1 apoyo del programa \u201cFomentando el Envejecimiento Activo\u201d de ISAAM"}]},{"@type":"WebSite","@id":"https:\/\/www.sonoraenequipo.com.mx\/#website","url":"https:\/\/www.sonoraenequipo.com.mx\/","name":"Sonora en Equipo.","description":"Diario en l\u00ednea con Noticias desde Hermosillo, Sonora","publisher":{"@id":"https:\/\/www.sonoraenequipo.com.mx\/#organization"},"potentialAction":[{"@type":"SearchAction","target":{"@type":"EntryPoint","urlTemplate":"https:\/\/www.sonoraenequipo.com.mx\/?s={search_term_string}"},"query-input":{"@type":"PropertyValueSpecification","valueRequired":true,"valueName":"search_term_string"}}],"inLanguage":"es"},{"@type":"Organization","@id":"https:\/\/www.sonoraenequipo.com.mx\/#organization","name":"Sonoraenequipo.com.mx","url":"https:\/\/www.sonoraenequipo.com.mx\/","logo":{"@type":"ImageObject","inLanguage":"es","@id":"https:\/\/www.sonoraenequipo.com.mx\/#\/schema\/logo\/image\/","url":"https:\/\/www.sonoraenequipo.com.mx\/storage\/2019\/01\/sonoraenequipo_opt.png","contentUrl":"https:\/\/www.sonoraenequipo.com.mx\/storage\/2019\/01\/sonoraenequipo_opt.png","width":375,"height":125,"caption":"Sonoraenequipo.com.mx"},"image":{"@id":"https:\/\/www.sonoraenequipo.com.mx\/#\/schema\/logo\/image\/"},"sameAs":["https:\/\/www.facebook.com\/SonoraEE\/","https:\/\/x.com\/sonoraenequipo","https:\/\/www.youtube.com\/channel\/UC338nW-lPEYmJQs4ZABQ1SQ"]},{"@type":"Person","@id":"https:\/\/www.sonoraenequipo.com.mx\/#\/schema\/person\/50102df0fb23a8fa9e8effad8fa81386","name":"enequipo","image":{"@type":"ImageObject","inLanguage":"es","@id":"https:\/\/www.sonoraenequipo.com.mx\/#\/schema\/person\/image\/","url":"https:\/\/secure.gravatar.com\/avatar\/049821681b589dabc0bc20695993ccebb09f5b5d4d790cd9251b97faac7c652b?s=96&d=blank&r=g","contentUrl":"https:\/\/secure.gravatar.com\/avatar\/049821681b589dabc0bc20695993ccebb09f5b5d4d790cd9251b97faac7c652b?s=96&d=blank&r=g","caption":"enequipo"},"sameAs":["https:\/\/www.facebook.com\/SonoraEE"]}]}},"jetpack_featured_media_url":"https:\/\/www.sonoraenequipo.com.mx\/storage\/2025\/04\/actividades-tercera-edad.jpg","_links":{"self":[{"href":"https:\/\/www.sonoraenequipo.com.mx\/api\/wp\/v2\/posts\/214538","targetHints":{"allow":["GET"]}}],"collection":[{"href":"https:\/\/www.sonoraenequipo.com.mx\/api\/wp\/v2\/posts"}],"about":[{"href":"https:\/\/www.sonoraenequipo.com.mx\/api\/wp\/v2\/types\/post"}],"author":[{"embeddable":true,"href":"https:\/\/www.sonoraenequipo.com.mx\/api\/wp\/v2\/users\/1"}],"replies":[{"embeddable":true,"href":"https:\/\/www.sonoraenequipo.com.mx\/api\/wp\/v2\/comments?post=214538"}],"version-history":[{"count":1,"href":"https:\/\/www.sonoraenequipo.com.mx\/api\/wp\/v2\/posts\/214538\/revisions"}],"predecessor-version":[{"id":214540,"href":"https:\/\/www.sonoraenequipo.com.mx\/api\/wp\/v2\/posts\/214538\/revisions\/214540"}],"wp:featuredmedia":[{"embeddable":true,"href":"https:\/\/www.sonoraenequipo.com.mx\/api\/wp\/v2\/media\/214539"}],"wp:attachment":[{"href":"https:\/\/www.sonoraenequipo.com.mx\/api\/wp\/v2\/media?parent=214538"}],"wp:term":[{"taxonomy":"category","embeddable":true,"href":"https:\/\/www.sonoraenequipo.com.mx\/api\/wp\/v2\/categories?post=214538"},{"taxonomy":"post_tag","embeddable":true,"href":"https:\/\/www.sonoraenequipo.com.mx\/api\/wp\/v2\/tags?post=214538"}],"curies":[{"name":"wp","href":"https:\/\/api.w.org\/{rel}","templated":true}]}}