{"id":214541,"date":"2025-04-29T13:30:28","date_gmt":"2025-04-29T20:30:28","guid":{"rendered":"https:\/\/www.sonoraenequipo.com.mx\/?p=214541"},"modified":"2025-04-29T13:30:28","modified_gmt":"2025-04-29T20:30:28","slug":"el-7-de-mayo-inicia-conclave-para-elegir-nuevo-papa","status":"publish","type":"post","link":"https:\/\/www.sonoraenequipo.com.mx\/el-7-de-mayo-inicia-conclave-para-elegir-nuevo-papa\/","title":{"rendered":"El 7 de mayo inicia c\u00f3nclave para elegir nuevo Papa"},"content":{"rendered":"<p>En la ma\u00f1ana del martes, se llev\u00f3 a cabo la sexta Congregaci\u00f3n General en el Vaticano con la participaci\u00f3n de 183 cardenales. De estos, 129 tienen derecho a voto en el c\u00f3nclave que iniciar\u00e1 el 7 de mayo. El portavoz del Vaticano, Matteo Bruni, inform\u00f3 que dos cardenales electores no viajar\u00e1n a Roma por problemas de salud, aunque no mencion\u00f3 sus nombres. Se confirm\u00f3 que Antonio Ca\u00f1izares, Arzobispo Em\u00e9rito de Valencia, no asistir\u00e1, mientras que la participaci\u00f3n del Cardenal Vinko Pulji\u0107, de Sarajevo, a\u00fan es incierta.<\/p>\n<p>La reuni\u00f3n de los cardenales, que se realiz\u00f3 en el Aula Pablo VI, comenz\u00f3 a las 9:00 y termin\u00f3 a las 12:30 (hora de Roma). Durante este tiempo, se escucharon 20 intervenciones de los cardenales, organizadas por el Cardenal Giovanni Battista Re. En esta sesi\u00f3n, se discutieron los desaf\u00edos que enfrenta la Iglesia Cat\u00f3lica y se destac\u00f3 la diversidad geogr\u00e1fica y nacional de los cardenales, quienes portaban un peque\u00f1o cartel con su nombre para facilitar el conocimiento mutuo.<\/p>\n<p>El lunes 5 de mayo a las 17:30, en la Capilla Paulina, los cardenales y otros asistentes al c\u00f3nclave, quienes no son cardenales, prestar\u00e1n juramento. Este grupo incluye al Maestro de Celebraciones Lit\u00fargicas. El Vaticano tambi\u00e9n anunci\u00f3 que la Misa \u201cpro eligiendo pontifice\u201d se realizar\u00e1 el mi\u00e9rcoles 7 de mayo a las 10:00 en la Bas\u00edlica de San Pedro, antes de que comiencen las votaciones. Las votaciones dar\u00e1n inicio a las 16:30 hora de Roma, (24:30 horas 8 de mayo tiempo del centro de M\u00e9xico) del mismo d\u00eda, y se espera que los cardenales se presenten a las 16:15 en la Capilla Paulina.<\/p>\n<p>Durante esta sexta reuni\u00f3n tras el fallecimiento del Papa Francisco, los cardenales expresaron su agradecimiento a los l\u00edderes de diversas religiones y a los representantes de estados que asistieron al funeral del Pont\u00edfice el 26 de abril. Reconocieron con gratitud la solidaridad mostrada en un momento de dolor para la Iglesia y la Santa Sede. Tambi\u00e9n agradecieron a las autoridades italianas y a los servicios de seguridad por su ayuda en la organizaci\u00f3n de las celebraciones.<\/p>\n<p>La meditaci\u00f3n del Abad Donato Ogliari, que fue difundida este martes, inst\u00f3 a los cardenales a dejarse guiar por la Palabra de Dios y el Esp\u00edritu Santo. Subray\u00f3 que la vida de la Iglesia se centra en Cristo y que el discernimiento debe basarse en su ejemplo de humildad. Adem\u00e1s, record\u00f3 que la Iglesia no debe ser una \u201cinstituci\u00f3n fr\u00eda\u201d, sino que debe estar siempre en conversi\u00f3n y abierta al Esp\u00edritu, para vivir en comuni\u00f3n y misi\u00f3n. Finalmente, inst\u00f3 a los cardenales a un discernimiento profundo y abierto para responder a los desaf\u00edos actuales de manera fiel al Evangelio.<\/p>\n<p><strong>\u00a0<\/strong><\/p>\n<p><strong>Fecha de publicaci\u00f3n martes 29 de abril de 2025 \/ ACI Prensa<\/strong><\/p>\n","protected":false},"excerpt":{"rendered":"<p>En la ma\u00f1ana del martes, se llev\u00f3 a cabo la sexta Congregaci\u00f3n General en el&#8230;<\/p>\n","protected":false},"author":1,"featured_media":214543,"comment_status":"open","ping_status":"open","sticky":false,"template":"","format":"standard","meta":{"_monsterinsights_skip_tracking":false,"_monsterinsights_sitenote_active":false,"_monsterinsights_sitenote_note":"","_monsterinsights_sitenote_category":0,"footnotes":""},"categories":[3],"tags":[11178,11179],"class_list":["post"],"yoast_head":" \n<title>Sonora en Equipo. El 7 de mayo inicia c\u00f3nclave para elegir nuevo Papa MUNDO<\/title>\n<meta name=\"description\" content=\"En la ma\u00f1ana del martes, se llev\u00f3 a cabo la sexta Congregaci\u00f3n General en el Vaticano con la participaci\u00f3n de 183 cardenales. De estos, 129 tienen derecho En Sonora en Equipo publicamos toda la informaci\u00f3n de Sonora, M\u00e9xico y el Mundo de manera oportuna y busca que la libertad de expresi\u00f3n sea real. Visita nuestro medio informativo publicado desde Hermosillo, Sonora. %\" \/>\n<meta name=\"robots\" content=\"index, follow, max-snippet:-1, max-image-preview:large, max-video-preview:-1\" \/>\n<link rel=\"canonical\" href=\"https:\/\/www.sonoraenequipo.com.mx\/el-7-de-mayo-inicia-conclave-para-elegir-nuevo-papa\/\" \/>\n<meta property=\"og:locale\" content=\"es_ES\" \/>\n<meta property=\"og:type\" content=\"article\" \/>\n<meta property=\"og:title\" content=\"Sonora en Equipo. El 7 de mayo inicia c\u00f3nclave para elegir nuevo Papa MUNDO\" \/>\n<meta property=\"og:description\" content=\"En la ma\u00f1ana del martes, se llev\u00f3 a cabo la sexta Congregaci\u00f3n General en el Vaticano con la participaci\u00f3n de 183 cardenales. De estos, 129 tienen derecho En Sonora en Equipo publicamos toda la informaci\u00f3n de Sonora, M\u00e9xico y el Mundo de manera oportuna y busca que la libertad de expresi\u00f3n sea real. Visita nuestro medio informativo publicado desde Hermosillo, Sonora. %\" \/>\n<meta property=\"og:url\" content=\"https:\/\/www.sonoraenequipo.com.mx\/el-7-de-mayo-inicia-conclave-para-elegir-nuevo-papa\/\" \/>\n<meta property=\"og:site_name\" content=\"Sonora en Equipo.\" \/>\n<meta property=\"article:publisher\" content=\"https:\/\/www.facebook.com\/SonoraEE\/\" \/>\n<meta property=\"article:author\" content=\"https:\/\/www.facebook.com\/SonoraEE\" \/>\n<meta property=\"article:published_time\" content=\"2025-04-29T20:30:28+00:00\" \/>\n<meta property=\"og:image\" content=\"https:\/\/www.sonoraenequipo.com.mx\/storage\/2025\/04\/humo-blanco-papa.jpg\" \/>\n\t<meta property=\"og:image:width\" content=\"600\" \/>\n\t<meta property=\"og:image:height\" content=\"400\" \/>\n\t<meta property=\"og:image:type\" content=\"image\/jpeg\" \/>\n<meta name=\"author\" content=\"enequipo\" \/>\n<meta name=\"twitter:card\" content=\"summary_large_image\" \/>\n<meta name=\"twitter:creator\" content=\"@sonoraenequipo\" \/>\n<meta name=\"twitter:site\" content=\"@sonoraenequipo\" \/>\n<meta name=\"twitter:label1\" content=\"Escrito por\" \/>\n\t<meta name=\"twitter:data1\" content=\"enequipo\" \/>\n\t<meta name=\"twitter:label2\" content=\"Tiempo de lectura\" \/>\n\t<meta name=\"twitter:data2\" content=\"2 minutos\" \/>\n<script type=\"application\/ld+json\" class=\"yoast-schema-graph\">{\"@context\":\"https:\/\/schema.org\",\"@graph\":[{\"@type\":\"Article\",\"@id\":\"https:\/\/www.sonoraenequipo.com.mx\/el-7-de-mayo-inicia-conclave-para-elegir-nuevo-papa\/#article\",\"isPartOf\":{\"@id\":\"https:\/\/www.sonoraenequipo.com.mx\/el-7-de-mayo-inicia-conclave-para-elegir-nuevo-papa\/\"},\"author\":{\"name\":\"enequipo\",\"@id\":\"https:\/\/www.sonoraenequipo.com.mx\/#\/schema\/person\/50102df0fb23a8fa9e8effad8fa81386\"},\"headline\":\"El 7 de mayo inicia c\u00f3nclave para elegir nuevo Papa\",\"datePublished\":\"2025-04-29T20:30:28+00:00\",\"mainEntityOfPage\":{\"@id\":\"https:\/\/www.sonoraenequipo.com.mx\/el-7-de-mayo-inicia-conclave-para-elegir-nuevo-papa\/\"},\"wordCount\":486,\"commentCount\":0,\"publisher\":{\"@id\":\"https:\/\/www.sonoraenequipo.com.mx\/#organization\"},\"image\":{\"@id\":\"https:\/\/www.sonoraenequipo.com.mx\/el-7-de-mayo-inicia-conclave-para-elegir-nuevo-papa\/#primaryimage\"},\"thumbnailUrl\":\"https:\/\/www.sonoraenequipo.com.mx\/storage\/2025\/04\/humo-blanco-papa.jpg\",\"keywords\":[\"conclave\",\"nuevo papa\"],\"articleSection\":[\"MUNDO\"],\"inLanguage\":\"es\",\"potentialAction\":[{\"@type\":\"CommentAction\",\"name\":\"Comment\",\"target\":[\"https:\/\/www.sonoraenequipo.com.mx\/el-7-de-mayo-inicia-conclave-para-elegir-nuevo-papa\/#respond\"]}]},{\"@type\":\"WebPage\",\"@id\":\"https:\/\/www.sonoraenequipo.com.mx\/el-7-de-mayo-inicia-conclave-para-elegir-nuevo-papa\/\",\"url\":\"https:\/\/www.sonoraenequipo.com.mx\/el-7-de-mayo-inicia-conclave-para-elegir-nuevo-papa\/\",\"name\":\"Sonora en Equipo. El 7 de mayo inicia c\u00f3nclave para elegir nuevo Papa MUNDO\",\"isPartOf\":{\"@id\":\"https:\/\/www.sonoraenequipo.com.mx\/#website\"},\"primaryImageOfPage\":{\"@id\":\"https:\/\/www.sonoraenequipo.com.mx\/el-7-de-mayo-inicia-conclave-para-elegir-nuevo-papa\/#primaryimage\"},\"image\":{\"@id\":\"https:\/\/www.sonoraenequipo.com.mx\/el-7-de-mayo-inicia-conclave-para-elegir-nuevo-papa\/#primaryimage\"},\"thumbnailUrl\":\"https:\/\/www.sonoraenequipo.com.mx\/storage\/2025\/04\/humo-blanco-papa.jpg\",\"datePublished\":\"2025-04-29T20:30:28+00:00\",\"description\":\"En la ma\u00f1ana del martes, se llev\u00f3 a cabo la sexta Congregaci\u00f3n General en el Vaticano con la participaci\u00f3n de 183 cardenales. De estos, 129 tienen derecho En Sonora en Equipo publicamos toda la informaci\u00f3n de Sonora, M\u00e9xico y el Mundo de manera oportuna y busca que la libertad de expresi\u00f3n sea real. Visita nuestro medio informativo publicado desde Hermosillo, Sonora. %\",\"breadcrumb\":{\"@id\":\"https:\/\/www.sonoraenequipo.com.mx\/el-7-de-mayo-inicia-conclave-para-elegir-nuevo-papa\/#breadcrumb\"},\"inLanguage\":\"es\",\"potentialAction\":[{\"@type\":\"ReadAction\",\"target\":[\"https:\/\/www.sonoraenequipo.com.mx\/el-7-de-mayo-inicia-conclave-para-elegir-nuevo-papa\/\"]}]},{\"@type\":\"ImageObject\",\"inLanguage\":\"es\",\"@id\":\"https:\/\/www.sonoraenequipo.com.mx\/el-7-de-mayo-inicia-conclave-para-elegir-nuevo-papa\/#primaryimage\",\"url\":\"https:\/\/www.sonoraenequipo.com.mx\/storage\/2025\/04\/humo-blanco-papa.jpg\",\"contentUrl\":\"https:\/\/www.sonoraenequipo.com.mx\/storage\/2025\/04\/humo-blanco-papa.jpg\",\"width\":600,\"height\":400,\"caption\":\"el humo blanco anuncia que se ha elegido a un nuevo Papa.Imagen consenzachannel.it\"},{\"@type\":\"BreadcrumbList\",\"@id\":\"https:\/\/www.sonoraenequipo.com.mx\/el-7-de-mayo-inicia-conclave-para-elegir-nuevo-papa\/#breadcrumb\",\"itemListElement\":[{\"@type\":\"ListItem\",\"position\":1,\"name\":\"Portada\",\"item\":\"https:\/\/www.sonoraenequipo.com.mx\/\"},{\"@type\":\"ListItem\",\"position\":2,\"name\":\"El 7 de mayo inicia c\u00f3nclave para elegir nuevo Papa\"}]},{\"@type\":\"WebSite\",\"@id\":\"https:\/\/www.sonoraenequipo.com.mx\/#website\",\"url\":\"https:\/\/www.sonoraenequipo.com.mx\/\",\"name\":\"Sonora en Equipo.\",\"description\":\"Diario en l\u00ednea con Noticias desde Hermosillo, Sonora\",\"publisher\":{\"@id\":\"https:\/\/www.sonoraenequipo.com.mx\/#organization\"},\"potentialAction\":[{\"@type\":\"SearchAction\",\"target\":{\"@type\":\"EntryPoint\",\"urlTemplate\":\"https:\/\/www.sonoraenequipo.com.mx\/?s={search_term_string}\"},\"query-input\":{\"@type\":\"PropertyValueSpecification\",\"valueRequired\":true,\"valueName\":\"search_term_string\"}}],\"inLanguage\":\"es\"},{\"@type\":\"Organization\",\"@id\":\"https:\/\/www.sonoraenequipo.com.mx\/#organization\",\"name\":\"Sonoraenequipo.com.mx\",\"url\":\"https:\/\/www.sonoraenequipo.com.mx\/\",\"logo\":{\"@type\":\"ImageObject\",\"inLanguage\":\"es\",\"@id\":\"https:\/\/www.sonoraenequipo.com.mx\/#\/schema\/logo\/image\/\",\"url\":\"https:\/\/www.sonoraenequipo.com.mx\/storage\/2019\/01\/sonoraenequipo_opt.png\",\"contentUrl\":\"https:\/\/www.sonoraenequipo.com.mx\/storage\/2019\/01\/sonoraenequipo_opt.png\",\"width\":375,\"height\":125,\"caption\":\"Sonoraenequipo.com.mx\"},\"image\":{\"@id\":\"https:\/\/www.sonoraenequipo.com.mx\/#\/schema\/logo\/image\/\"},\"sameAs\":[\"https:\/\/www.facebook.com\/SonoraEE\/\",\"https:\/\/x.com\/sonoraenequipo\",\"https:\/\/www.youtube.com\/channel\/UC338nW-lPEYmJQs4ZABQ1SQ\"]},{\"@type\":\"Person\",\"@id\":\"https:\/\/www.sonoraenequipo.com.mx\/#\/schema\/person\/50102df0fb23a8fa9e8effad8fa81386\",\"name\":\"enequipo\",\"image\":{\"@type\":\"ImageObject\",\"inLanguage\":\"es\",\"@id\":\"https:\/\/www.sonoraenequipo.com.mx\/#\/schema\/person\/image\/\",\"url\":\"https:\/\/secure.gravatar.com\/avatar\/049821681b589dabc0bc20695993ccebb09f5b5d4d790cd9251b97faac7c652b?s=96&d=blank&r=g\",\"contentUrl\":\"https:\/\/secure.gravatar.com\/avatar\/049821681b589dabc0bc20695993ccebb09f5b5d4d790cd9251b97faac7c652b?s=96&d=blank&r=g\",\"caption\":\"enequipo\"},\"sameAs\":[\"https:\/\/www.facebook.com\/SonoraEE\"]}]}<\/script>\n ","yoast_head_json":{"title":"Sonora en Equipo. El 7 de mayo inicia c\u00f3nclave para elegir nuevo Papa MUNDO","description":"En la ma\u00f1ana del martes, se llev\u00f3 a cabo la sexta Congregaci\u00f3n General en el Vaticano con la participaci\u00f3n de 183 cardenales. De estos, 129 tienen derecho En Sonora en Equipo publicamos toda la informaci\u00f3n de Sonora, M\u00e9xico y el Mundo de manera oportuna y busca que la libertad de expresi\u00f3n sea real. Visita nuestro medio informativo publicado desde Hermosillo, Sonora. %","robots":{"index":"index","follow":"follow","max-snippet":"max-snippet:-1","max-image-preview":"max-image-preview:large","max-video-preview":"max-video-preview:-1"},"canonical":"https:\/\/www.sonoraenequipo.com.mx\/el-7-de-mayo-inicia-conclave-para-elegir-nuevo-papa\/","og_locale":"es_ES","og_type":"article","og_title":"Sonora en Equipo. El 7 de mayo inicia c\u00f3nclave para elegir nuevo Papa MUNDO","og_description":"En la ma\u00f1ana del martes, se llev\u00f3 a cabo la sexta Congregaci\u00f3n General en el Vaticano con la participaci\u00f3n de 183 cardenales. De estos, 129 tienen derecho En Sonora en Equipo publicamos toda la informaci\u00f3n de Sonora, M\u00e9xico y el Mundo de manera oportuna y busca que la libertad de expresi\u00f3n sea real. Visita nuestro medio informativo publicado desde Hermosillo, Sonora. %","og_url":"https:\/\/www.sonoraenequipo.com.mx\/el-7-de-mayo-inicia-conclave-para-elegir-nuevo-papa\/","og_site_name":"Sonora en Equipo.","article_publisher":"https:\/\/www.facebook.com\/SonoraEE\/","article_author":"https:\/\/www.facebook.com\/SonoraEE","article_published_time":"2025-04-29T20:30:28+00:00","og_image":[{"width":600,"height":400,"url":"https:\/\/www.sonoraenequipo.com.mx\/storage\/2025\/04\/humo-blanco-papa.jpg","type":"image\/jpeg"}],"author":"enequipo","twitter_card":"summary_large_image","twitter_creator":"@sonoraenequipo","twitter_site":"@sonoraenequipo","twitter_misc":{"Escrito por":"enequipo","Tiempo de lectura":"2 minutos"},"schema":{"@context":"https:\/\/schema.org","@graph":[{"@type":"Article","@id":"https:\/\/www.sonoraenequipo.com.mx\/el-7-de-mayo-inicia-conclave-para-elegir-nuevo-papa\/#article","isPartOf":{"@id":"https:\/\/www.sonoraenequipo.com.mx\/el-7-de-mayo-inicia-conclave-para-elegir-nuevo-papa\/"},"author":{"name":"enequipo","@id":"https:\/\/www.sonoraenequipo.com.mx\/#\/schema\/person\/50102df0fb23a8fa9e8effad8fa81386"},"headline":"El 7 de mayo inicia c\u00f3nclave para elegir nuevo Papa","datePublished":"2025-04-29T20:30:28+00:00","mainEntityOfPage":{"@id":"https:\/\/www.sonoraenequipo.com.mx\/el-7-de-mayo-inicia-conclave-para-elegir-nuevo-papa\/"},"wordCount":486,"commentCount":0,"publisher":{"@id":"https:\/\/www.sonoraenequipo.com.mx\/#organization"},"image":{"@id":"https:\/\/www.sonoraenequipo.com.mx\/el-7-de-mayo-inicia-conclave-para-elegir-nuevo-papa\/#primaryimage"},"thumbnailUrl":"https:\/\/www.sonoraenequipo.com.mx\/storage\/2025\/04\/humo-blanco-papa.jpg","keywords":["conclave","nuevo papa"],"articleSection":["MUNDO"],"inLanguage":"es","potentialAction":[{"@type":"CommentAction","name":"Comment","target":["https:\/\/www.sonoraenequipo.com.mx\/el-7-de-mayo-inicia-conclave-para-elegir-nuevo-papa\/#respond"]}]},{"@type":"WebPage","@id":"https:\/\/www.sonoraenequipo.com.mx\/el-7-de-mayo-inicia-conclave-para-elegir-nuevo-papa\/","url":"https:\/\/www.sonoraenequipo.com.mx\/el-7-de-mayo-inicia-conclave-para-elegir-nuevo-papa\/","name":"Sonora en Equipo. El 7 de mayo inicia c\u00f3nclave para elegir nuevo Papa MUNDO","isPartOf":{"@id":"https:\/\/www.sonoraenequipo.com.mx\/#website"},"primaryImageOfPage":{"@id":"https:\/\/www.sonoraenequipo.com.mx\/el-7-de-mayo-inicia-conclave-para-elegir-nuevo-papa\/#primaryimage"},"image":{"@id":"https:\/\/www.sonoraenequipo.com.mx\/el-7-de-mayo-inicia-conclave-para-elegir-nuevo-papa\/#primaryimage"},"thumbnailUrl":"https:\/\/www.sonoraenequipo.com.mx\/storage\/2025\/04\/humo-blanco-papa.jpg","datePublished":"2025-04-29T20:30:28+00:00","description":"En la ma\u00f1ana del martes, se llev\u00f3 a cabo la sexta Congregaci\u00f3n General en el Vaticano con la participaci\u00f3n de 183 cardenales. De estos, 129 tienen derecho En Sonora en Equipo publicamos toda la informaci\u00f3n de Sonora, M\u00e9xico y el Mundo de manera oportuna y busca que la libertad de expresi\u00f3n sea real. Visita nuestro medio informativo publicado desde Hermosillo, Sonora. %","breadcrumb":{"@id":"https:\/\/www.sonoraenequipo.com.mx\/el-7-de-mayo-inicia-conclave-para-elegir-nuevo-papa\/#breadcrumb"},"inLanguage":"es","potentialAction":[{"@type":"ReadAction","target":["https:\/\/www.sonoraenequipo.com.mx\/el-7-de-mayo-inicia-conclave-para-elegir-nuevo-papa\/"]}]},{"@type":"ImageObject","inLanguage":"es","@id":"https:\/\/www.sonoraenequipo.com.mx\/el-7-de-mayo-inicia-conclave-para-elegir-nuevo-papa\/#primaryimage","url":"https:\/\/www.sonoraenequipo.com.mx\/storage\/2025\/04\/humo-blanco-papa.jpg","contentUrl":"https:\/\/www.sonoraenequipo.com.mx\/storage\/2025\/04\/humo-blanco-papa.jpg","width":600,"height":400,"caption":"el humo blanco anuncia que se ha elegido a un nuevo Papa.Imagen consenzachannel.it"},{"@type":"BreadcrumbList","@id":"https:\/\/www.sonoraenequipo.com.mx\/el-7-de-mayo-inicia-conclave-para-elegir-nuevo-papa\/#breadcrumb","itemListElement":[{"@type":"ListItem","position":1,"name":"Portada","item":"https:\/\/www.sonoraenequipo.com.mx\/"},{"@type":"ListItem","position":2,"name":"El 7 de mayo inicia c\u00f3nclave para elegir nuevo Papa"}]},{"@type":"WebSite","@id":"https:\/\/www.sonoraenequipo.com.mx\/#website","url":"https:\/\/www.sonoraenequipo.com.mx\/","name":"Sonora en Equipo.","description":"Diario en l\u00ednea con Noticias desde Hermosillo, Sonora","publisher":{"@id":"https:\/\/www.sonoraenequipo.com.mx\/#organization"},"potentialAction":[{"@type":"SearchAction","target":{"@type":"EntryPoint","urlTemplate":"https:\/\/www.sonoraenequipo.com.mx\/?s={search_term_string}"},"query-input":{"@type":"PropertyValueSpecification","valueRequired":true,"valueName":"search_term_string"}}],"inLanguage":"es"},{"@type":"Organization","@id":"https:\/\/www.sonoraenequipo.com.mx\/#organization","name":"Sonoraenequipo.com.mx","url":"https:\/\/www.sonoraenequipo.com.mx\/","logo":{"@type":"ImageObject","inLanguage":"es","@id":"https:\/\/www.sonoraenequipo.com.mx\/#\/schema\/logo\/image\/","url":"https:\/\/www.sonoraenequipo.com.mx\/storage\/2019\/01\/sonoraenequipo_opt.png","contentUrl":"https:\/\/www.sonoraenequipo.com.mx\/storage\/2019\/01\/sonoraenequipo_opt.png","width":375,"height":125,"caption":"Sonoraenequipo.com.mx"},"image":{"@id":"https:\/\/www.sonoraenequipo.com.mx\/#\/schema\/logo\/image\/"},"sameAs":["https:\/\/www.facebook.com\/SonoraEE\/","https:\/\/x.com\/sonoraenequipo","https:\/\/www.youtube.com\/channel\/UC338nW-lPEYmJQs4ZABQ1SQ"]},{"@type":"Person","@id":"https:\/\/www.sonoraenequipo.com.mx\/#\/schema\/person\/50102df0fb23a8fa9e8effad8fa81386","name":"enequipo","image":{"@type":"ImageObject","inLanguage":"es","@id":"https:\/\/www.sonoraenequipo.com.mx\/#\/schema\/person\/image\/","url":"https:\/\/secure.gravatar.com\/avatar\/049821681b589dabc0bc20695993ccebb09f5b5d4d790cd9251b97faac7c652b?s=96&d=blank&r=g","contentUrl":"https:\/\/secure.gravatar.com\/avatar\/049821681b589dabc0bc20695993ccebb09f5b5d4d790cd9251b97faac7c652b?s=96&d=blank&r=g","caption":"enequipo"},"sameAs":["https:\/\/www.facebook.com\/SonoraEE"]}]}},"jetpack_featured_media_url":"https:\/\/www.sonoraenequipo.com.mx\/storage\/2025\/04\/humo-blanco-papa.jpg","_links":{"self":[{"href":"https:\/\/www.sonoraenequipo.com.mx\/api\/wp\/v2\/posts\/214541","targetHints":{"allow":["GET"]}}],"collection":[{"href":"https:\/\/www.sonoraenequipo.com.mx\/api\/wp\/v2\/posts"}],"about":[{"href":"https:\/\/www.sonoraenequipo.com.mx\/api\/wp\/v2\/types\/post"}],"author":[{"embeddable":true,"href":"https:\/\/www.sonoraenequipo.com.mx\/api\/wp\/v2\/users\/1"}],"replies":[{"embeddable":true,"href":"https:\/\/www.sonoraenequipo.com.mx\/api\/wp\/v2\/comments?post=214541"}],"version-history":[{"count":1,"href":"https:\/\/www.sonoraenequipo.com.mx\/api\/wp\/v2\/posts\/214541\/revisions"}],"predecessor-version":[{"id":214544,"href":"https:\/\/www.sonoraenequipo.com.mx\/api\/wp\/v2\/posts\/214541\/revisions\/214544"}],"wp:featuredmedia":[{"embeddable":true,"href":"https:\/\/www.sonoraenequipo.com.mx\/api\/wp\/v2\/media\/214543"}],"wp:attachment":[{"href":"https:\/\/www.sonoraenequipo.com.mx\/api\/wp\/v2\/media?parent=214541"}],"wp:term":[{"taxonomy":"category","embeddable":true,"href":"https:\/\/www.sonoraenequipo.com.mx\/api\/wp\/v2\/categories?post=214541"},{"taxonomy":"post_tag","embeddable":true,"href":"https:\/\/www.sonoraenequipo.com.mx\/api\/wp\/v2\/tags?post=214541"}],"curies":[{"name":"wp","href":"https:\/\/api.w.org\/{rel}","templated":true}]}}