{"id":214545,"date":"2025-04-29T14:13:40","date_gmt":"2025-04-29T21:13:40","guid":{"rendered":"https:\/\/www.sonoraenequipo.com.mx\/?p=214545"},"modified":"2025-04-29T14:13:40","modified_gmt":"2025-04-29T21:13:40","slug":"los-conclaves-para-elegir-papa-mas-largos-y-cortos-en-la-historia-de-la-iglesia-catolica","status":"publish","type":"post","link":"https:\/\/www.sonoraenequipo.com.mx\/los-conclaves-para-elegir-papa-mas-largos-y-cortos-en-la-historia-de-la-iglesia-catolica\/","title":{"rendered":"Los c\u00f3nclaves para elegir Papa m\u00e1s largos y cortos en la historia de la Iglesia Cat\u00f3lica"},"content":{"rendered":"<p>Los c\u00f3nclaves para elegir Papa m\u00e1s largos y cortos en la historia de la Iglesia Cat\u00f3lica<\/p>\n<p>C\u00f3nclave de 1314-1316<\/p>\n<p>Duraci\u00f3n: 2 a\u00f1os, 3 meses<\/p>\n<p>Lugar: Lyon, Francia<\/p>\n<p>Motivo del retraso: Conflicto pol\u00edtico entre cardenales franceses e italianos.<\/p>\n<p>Resultado: Elecci\u00f3n del Papa Juan XXII<\/p>\n<p>C\u00f3nclave de 1415-1417<\/p>\n<p>Duraci\u00f3n: 2 a\u00f1os<\/p>\n<p>Lugar de celebraci\u00f3n: Constanza (parte del Concilio de Constanza)<\/p>\n<p>Motivo del retraso: Formaba parte del esfuerzo por poner fin a un gran cisma en la Iglesia, con m\u00faltiples pretendientes al papado.<\/p>\n<p>&nbsp;<\/p>\n<p>Resultado: Elecci\u00f3n del Papa Mart\u00edn V, poniendo fin al cisma.<\/p>\n<p>El m\u00e1s breve<\/p>\n<p>C\u00f3nclave de 1503 (1 de noviembre de 1503)<\/p>\n<p>Duraci\u00f3n: Unas pocas horas<\/p>\n<p>Elegido: Papa Julio II<\/p>\n<p>Contexto: Giuliano della Rovere era un cardenal poderoso y ampliamente favorecido, fue elegido casi inmediatamente despu\u00e9s de la apertura del c\u00f3nclave.<\/p>\n<p>&nbsp;<\/p>\n<p>C\u00f3nclave de 1939<\/p>\n<p>Duraci\u00f3n: 1 d\u00eda (1-2 de marzo)<\/p>\n<p>Elegido: P\u00edo XII<\/p>\n<p>&nbsp;<\/p>\n<p>Contexto: Eugenio Pacelli, secretario de Estado del Papa anterior, P\u00edo XI, era el claro favorito y recibi\u00f3 un apoyo abrumador en la tercera ronda votaci\u00f3n.<\/p>\n<p>C\u00f3nclave de 2005<\/p>\n<p>Duraci\u00f3n: 2 d\u00edas (18-19 de abril)<\/p>\n<p>Elegido: Benedicto XVI<\/p>\n<p>&nbsp;<\/p>\n<p>Contexto: El cardenal Joseph Ratzinger, conocido te\u00f3logo y decano del Colegio Cardenalicio, fue elegido r\u00e1pidamente tras s\u00f3lo cuatro rondas de votaciones.<\/p>\n<p><strong>Fecha de publicaci\u00f3n martes 29 de abril de 2025 \/ Tomado de Euro news<\/strong><\/p>\n","protected":false},"excerpt":{"rendered":"<p>Los c\u00f3nclaves para elegir Papa m\u00e1s largos y cortos en la historia de la Iglesia&#8230;<\/p>\n","protected":false},"author":1,"featured_media":214546,"comment_status":"open","ping_status":"open","sticky":false,"template":"","format":"standard","meta":{"_monsterinsights_skip_tracking":false,"_monsterinsights_sitenote_active":false,"_monsterinsights_sitenote_note":"","_monsterinsights_sitenote_category":0,"footnotes":""},"categories":[3],"tags":[],"class_list":["post"],"yoast_head":" \n<title>Sonora en Equipo. Los c\u00f3nclaves para elegir Papa m\u00e1s largos y cortos en la historia de la Iglesia Cat\u00f3lica MUNDO<\/title>\n<meta name=\"description\" content=\"Los c\u00f3nclaves para elegir Papa m\u00e1s largos y cortos en la historia de la Iglesia Cat\u00f3lica C\u00f3nclave de 1314-1316 Duraci\u00f3n: 2 a\u00f1os, 3 meses Lugar: Lyon, En Sonora en Equipo publicamos toda la informaci\u00f3n de Sonora, M\u00e9xico y el Mundo de manera oportuna y busca que la libertad de expresi\u00f3n sea real. Visita nuestro medio informativo publicado desde Hermosillo, Sonora. %\" \/>\n<meta name=\"robots\" content=\"index, follow, max-snippet:-1, max-image-preview:large, max-video-preview:-1\" \/>\n<link rel=\"canonical\" href=\"https:\/\/www.sonoraenequipo.com.mx\/los-conclaves-para-elegir-papa-mas-largos-y-cortos-en-la-historia-de-la-iglesia-catolica\/\" \/>\n<meta property=\"og:locale\" content=\"es_ES\" \/>\n<meta property=\"og:type\" content=\"article\" \/>\n<meta property=\"og:title\" content=\"Sonora en Equipo. Los c\u00f3nclaves para elegir Papa m\u00e1s largos y cortos en la historia de la Iglesia Cat\u00f3lica MUNDO\" \/>\n<meta property=\"og:description\" content=\"Los c\u00f3nclaves para elegir Papa m\u00e1s largos y cortos en la historia de la Iglesia Cat\u00f3lica C\u00f3nclave de 1314-1316 Duraci\u00f3n: 2 a\u00f1os, 3 meses Lugar: Lyon, En Sonora en Equipo publicamos toda la informaci\u00f3n de Sonora, M\u00e9xico y el Mundo de manera oportuna y busca que la libertad de expresi\u00f3n sea real. Visita nuestro medio informativo publicado desde Hermosillo, Sonora. %\" \/>\n<meta property=\"og:url\" content=\"https:\/\/www.sonoraenequipo.com.mx\/los-conclaves-para-elegir-papa-mas-largos-y-cortos-en-la-historia-de-la-iglesia-catolica\/\" \/>\n<meta property=\"og:site_name\" content=\"Sonora en Equipo.\" \/>\n<meta property=\"article:publisher\" content=\"https:\/\/www.facebook.com\/SonoraEE\/\" \/>\n<meta property=\"article:author\" content=\"https:\/\/www.facebook.com\/SonoraEE\" \/>\n<meta property=\"article:published_time\" content=\"2025-04-29T21:13:40+00:00\" \/>\n<meta property=\"og:image\" content=\"https:\/\/www.sonoraenequipo.com.mx\/storage\/2025\/04\/cardenales-orando.jpg\" \/>\n\t<meta property=\"og:image:width\" content=\"733\" \/>\n\t<meta property=\"og:image:height\" content=\"400\" \/>\n\t<meta property=\"og:image:type\" content=\"image\/jpeg\" \/>\n<meta name=\"author\" content=\"enequipo\" \/>\n<meta name=\"twitter:card\" content=\"summary_large_image\" \/>\n<meta name=\"twitter:creator\" content=\"@sonoraenequipo\" \/>\n<meta name=\"twitter:site\" content=\"@sonoraenequipo\" \/>\n<meta name=\"twitter:label1\" content=\"Escrito por\" \/>\n\t<meta name=\"twitter:data1\" content=\"enequipo\" \/>\n\t<meta name=\"twitter:label2\" content=\"Tiempo de lectura\" \/>\n\t<meta name=\"twitter:data2\" content=\"1 minuto\" \/>\n<script type=\"application\/ld+json\" class=\"yoast-schema-graph\">{\"@context\":\"https:\/\/schema.org\",\"@graph\":[{\"@type\":\"Article\",\"@id\":\"https:\/\/www.sonoraenequipo.com.mx\/los-conclaves-para-elegir-papa-mas-largos-y-cortos-en-la-historia-de-la-iglesia-catolica\/#article\",\"isPartOf\":{\"@id\":\"https:\/\/www.sonoraenequipo.com.mx\/los-conclaves-para-elegir-papa-mas-largos-y-cortos-en-la-historia-de-la-iglesia-catolica\/\"},\"author\":{\"name\":\"enequipo\",\"@id\":\"https:\/\/www.sonoraenequipo.com.mx\/#\/schema\/person\/50102df0fb23a8fa9e8effad8fa81386\"},\"headline\":\"Los c\u00f3nclaves para elegir Papa m\u00e1s largos y cortos en la historia de la Iglesia Cat\u00f3lica\",\"datePublished\":\"2025-04-29T21:13:40+00:00\",\"mainEntityOfPage\":{\"@id\":\"https:\/\/www.sonoraenequipo.com.mx\/los-conclaves-para-elegir-papa-mas-largos-y-cortos-en-la-historia-de-la-iglesia-catolica\/\"},\"wordCount\":257,\"commentCount\":0,\"publisher\":{\"@id\":\"https:\/\/www.sonoraenequipo.com.mx\/#organization\"},\"image\":{\"@id\":\"https:\/\/www.sonoraenequipo.com.mx\/los-conclaves-para-elegir-papa-mas-largos-y-cortos-en-la-historia-de-la-iglesia-catolica\/#primaryimage\"},\"thumbnailUrl\":\"https:\/\/www.sonoraenequipo.com.mx\/storage\/2025\/04\/cardenales-orando.jpg\",\"articleSection\":[\"MUNDO\"],\"inLanguage\":\"es\",\"potentialAction\":[{\"@type\":\"CommentAction\",\"name\":\"Comment\",\"target\":[\"https:\/\/www.sonoraenequipo.com.mx\/los-conclaves-para-elegir-papa-mas-largos-y-cortos-en-la-historia-de-la-iglesia-catolica\/#respond\"]}]},{\"@type\":\"WebPage\",\"@id\":\"https:\/\/www.sonoraenequipo.com.mx\/los-conclaves-para-elegir-papa-mas-largos-y-cortos-en-la-historia-de-la-iglesia-catolica\/\",\"url\":\"https:\/\/www.sonoraenequipo.com.mx\/los-conclaves-para-elegir-papa-mas-largos-y-cortos-en-la-historia-de-la-iglesia-catolica\/\",\"name\":\"Sonora en Equipo. Los c\u00f3nclaves para elegir Papa m\u00e1s largos y cortos en la historia de la Iglesia Cat\u00f3lica MUNDO\",\"isPartOf\":{\"@id\":\"https:\/\/www.sonoraenequipo.com.mx\/#website\"},\"primaryImageOfPage\":{\"@id\":\"https:\/\/www.sonoraenequipo.com.mx\/los-conclaves-para-elegir-papa-mas-largos-y-cortos-en-la-historia-de-la-iglesia-catolica\/#primaryimage\"},\"image\":{\"@id\":\"https:\/\/www.sonoraenequipo.com.mx\/los-conclaves-para-elegir-papa-mas-largos-y-cortos-en-la-historia-de-la-iglesia-catolica\/#primaryimage\"},\"thumbnailUrl\":\"https:\/\/www.sonoraenequipo.com.mx\/storage\/2025\/04\/cardenales-orando.jpg\",\"datePublished\":\"2025-04-29T21:13:40+00:00\",\"description\":\"Los c\u00f3nclaves para elegir Papa m\u00e1s largos y cortos en la historia de la Iglesia Cat\u00f3lica C\u00f3nclave de 1314-1316 Duraci\u00f3n: 2 a\u00f1os, 3 meses Lugar: Lyon, En Sonora en Equipo publicamos toda la informaci\u00f3n de Sonora, M\u00e9xico y el Mundo de manera oportuna y busca que la libertad de expresi\u00f3n sea real. Visita nuestro medio informativo publicado desde Hermosillo, Sonora. %\",\"breadcrumb\":{\"@id\":\"https:\/\/www.sonoraenequipo.com.mx\/los-conclaves-para-elegir-papa-mas-largos-y-cortos-en-la-historia-de-la-iglesia-catolica\/#breadcrumb\"},\"inLanguage\":\"es\",\"potentialAction\":[{\"@type\":\"ReadAction\",\"target\":[\"https:\/\/www.sonoraenequipo.com.mx\/los-conclaves-para-elegir-papa-mas-largos-y-cortos-en-la-historia-de-la-iglesia-catolica\/\"]}]},{\"@type\":\"ImageObject\",\"inLanguage\":\"es\",\"@id\":\"https:\/\/www.sonoraenequipo.com.mx\/los-conclaves-para-elegir-papa-mas-largos-y-cortos-en-la-historia-de-la-iglesia-catolica\/#primaryimage\",\"url\":\"https:\/\/www.sonoraenequipo.com.mx\/storage\/2025\/04\/cardenales-orando.jpg\",\"contentUrl\":\"https:\/\/www.sonoraenequipo.com.mx\/storage\/2025\/04\/cardenales-orando.jpg\",\"width\":733,\"height\":400,\"caption\":\"Cardenales rezando. Imagen Istock\"},{\"@type\":\"BreadcrumbList\",\"@id\":\"https:\/\/www.sonoraenequipo.com.mx\/los-conclaves-para-elegir-papa-mas-largos-y-cortos-en-la-historia-de-la-iglesia-catolica\/#breadcrumb\",\"itemListElement\":[{\"@type\":\"ListItem\",\"position\":1,\"name\":\"Portada\",\"item\":\"https:\/\/www.sonoraenequipo.com.mx\/\"},{\"@type\":\"ListItem\",\"position\":2,\"name\":\"Los c\u00f3nclaves para elegir Papa m\u00e1s largos y cortos en la historia de la Iglesia Cat\u00f3lica\"}]},{\"@type\":\"WebSite\",\"@id\":\"https:\/\/www.sonoraenequipo.com.mx\/#website\",\"url\":\"https:\/\/www.sonoraenequipo.com.mx\/\",\"name\":\"Sonora en Equipo.\",\"description\":\"Diario en l\u00ednea con Noticias desde Hermosillo, Sonora\",\"publisher\":{\"@id\":\"https:\/\/www.sonoraenequipo.com.mx\/#organization\"},\"potentialAction\":[{\"@type\":\"SearchAction\",\"target\":{\"@type\":\"EntryPoint\",\"urlTemplate\":\"https:\/\/www.sonoraenequipo.com.mx\/?s={search_term_string}\"},\"query-input\":{\"@type\":\"PropertyValueSpecification\",\"valueRequired\":true,\"valueName\":\"search_term_string\"}}],\"inLanguage\":\"es\"},{\"@type\":\"Organization\",\"@id\":\"https:\/\/www.sonoraenequipo.com.mx\/#organization\",\"name\":\"Sonoraenequipo.com.mx\",\"url\":\"https:\/\/www.sonoraenequipo.com.mx\/\",\"logo\":{\"@type\":\"ImageObject\",\"inLanguage\":\"es\",\"@id\":\"https:\/\/www.sonoraenequipo.com.mx\/#\/schema\/logo\/image\/\",\"url\":\"https:\/\/www.sonoraenequipo.com.mx\/storage\/2019\/01\/sonoraenequipo_opt.png\",\"contentUrl\":\"https:\/\/www.sonoraenequipo.com.mx\/storage\/2019\/01\/sonoraenequipo_opt.png\",\"width\":375,\"height\":125,\"caption\":\"Sonoraenequipo.com.mx\"},\"image\":{\"@id\":\"https:\/\/www.sonoraenequipo.com.mx\/#\/schema\/logo\/image\/\"},\"sameAs\":[\"https:\/\/www.facebook.com\/SonoraEE\/\",\"https:\/\/x.com\/sonoraenequipo\",\"https:\/\/www.youtube.com\/channel\/UC338nW-lPEYmJQs4ZABQ1SQ\"]},{\"@type\":\"Person\",\"@id\":\"https:\/\/www.sonoraenequipo.com.mx\/#\/schema\/person\/50102df0fb23a8fa9e8effad8fa81386\",\"name\":\"enequipo\",\"image\":{\"@type\":\"ImageObject\",\"inLanguage\":\"es\",\"@id\":\"https:\/\/www.sonoraenequipo.com.mx\/#\/schema\/person\/image\/\",\"url\":\"https:\/\/secure.gravatar.com\/avatar\/049821681b589dabc0bc20695993ccebb09f5b5d4d790cd9251b97faac7c652b?s=96&d=blank&r=g\",\"contentUrl\":\"https:\/\/secure.gravatar.com\/avatar\/049821681b589dabc0bc20695993ccebb09f5b5d4d790cd9251b97faac7c652b?s=96&d=blank&r=g\",\"caption\":\"enequipo\"},\"sameAs\":[\"https:\/\/www.facebook.com\/SonoraEE\"]}]}<\/script>\n ","yoast_head_json":{"title":"Sonora en Equipo. Los c\u00f3nclaves para elegir Papa m\u00e1s largos y cortos en la historia de la Iglesia Cat\u00f3lica MUNDO","description":"Los c\u00f3nclaves para elegir Papa m\u00e1s largos y cortos en la historia de la Iglesia Cat\u00f3lica C\u00f3nclave de 1314-1316 Duraci\u00f3n: 2 a\u00f1os, 3 meses Lugar: Lyon, En Sonora en Equipo publicamos toda la informaci\u00f3n de Sonora, M\u00e9xico y el Mundo de manera oportuna y busca que la libertad de expresi\u00f3n sea real. Visita nuestro medio informativo publicado desde Hermosillo, Sonora. %","robots":{"index":"index","follow":"follow","max-snippet":"max-snippet:-1","max-image-preview":"max-image-preview:large","max-video-preview":"max-video-preview:-1"},"canonical":"https:\/\/www.sonoraenequipo.com.mx\/los-conclaves-para-elegir-papa-mas-largos-y-cortos-en-la-historia-de-la-iglesia-catolica\/","og_locale":"es_ES","og_type":"article","og_title":"Sonora en Equipo. Los c\u00f3nclaves para elegir Papa m\u00e1s largos y cortos en la historia de la Iglesia Cat\u00f3lica MUNDO","og_description":"Los c\u00f3nclaves para elegir Papa m\u00e1s largos y cortos en la historia de la Iglesia Cat\u00f3lica C\u00f3nclave de 1314-1316 Duraci\u00f3n: 2 a\u00f1os, 3 meses Lugar: Lyon, En Sonora en Equipo publicamos toda la informaci\u00f3n de Sonora, M\u00e9xico y el Mundo de manera oportuna y busca que la libertad de expresi\u00f3n sea real. Visita nuestro medio informativo publicado desde Hermosillo, Sonora. %","og_url":"https:\/\/www.sonoraenequipo.com.mx\/los-conclaves-para-elegir-papa-mas-largos-y-cortos-en-la-historia-de-la-iglesia-catolica\/","og_site_name":"Sonora en Equipo.","article_publisher":"https:\/\/www.facebook.com\/SonoraEE\/","article_author":"https:\/\/www.facebook.com\/SonoraEE","article_published_time":"2025-04-29T21:13:40+00:00","og_image":[{"width":733,"height":400,"url":"https:\/\/www.sonoraenequipo.com.mx\/storage\/2025\/04\/cardenales-orando.jpg","type":"image\/jpeg"}],"author":"enequipo","twitter_card":"summary_large_image","twitter_creator":"@sonoraenequipo","twitter_site":"@sonoraenequipo","twitter_misc":{"Escrito por":"enequipo","Tiempo de lectura":"1 minuto"},"schema":{"@context":"https:\/\/schema.org","@graph":[{"@type":"Article","@id":"https:\/\/www.sonoraenequipo.com.mx\/los-conclaves-para-elegir-papa-mas-largos-y-cortos-en-la-historia-de-la-iglesia-catolica\/#article","isPartOf":{"@id":"https:\/\/www.sonoraenequipo.com.mx\/los-conclaves-para-elegir-papa-mas-largos-y-cortos-en-la-historia-de-la-iglesia-catolica\/"},"author":{"name":"enequipo","@id":"https:\/\/www.sonoraenequipo.com.mx\/#\/schema\/person\/50102df0fb23a8fa9e8effad8fa81386"},"headline":"Los c\u00f3nclaves para elegir Papa m\u00e1s largos y cortos en la historia de la Iglesia Cat\u00f3lica","datePublished":"2025-04-29T21:13:40+00:00","mainEntityOfPage":{"@id":"https:\/\/www.sonoraenequipo.com.mx\/los-conclaves-para-elegir-papa-mas-largos-y-cortos-en-la-historia-de-la-iglesia-catolica\/"},"wordCount":257,"commentCount":0,"publisher":{"@id":"https:\/\/www.sonoraenequipo.com.mx\/#organization"},"image":{"@id":"https:\/\/www.sonoraenequipo.com.mx\/los-conclaves-para-elegir-papa-mas-largos-y-cortos-en-la-historia-de-la-iglesia-catolica\/#primaryimage"},"thumbnailUrl":"https:\/\/www.sonoraenequipo.com.mx\/storage\/2025\/04\/cardenales-orando.jpg","articleSection":["MUNDO"],"inLanguage":"es","potentialAction":[{"@type":"CommentAction","name":"Comment","target":["https:\/\/www.sonoraenequipo.com.mx\/los-conclaves-para-elegir-papa-mas-largos-y-cortos-en-la-historia-de-la-iglesia-catolica\/#respond"]}]},{"@type":"WebPage","@id":"https:\/\/www.sonoraenequipo.com.mx\/los-conclaves-para-elegir-papa-mas-largos-y-cortos-en-la-historia-de-la-iglesia-catolica\/","url":"https:\/\/www.sonoraenequipo.com.mx\/los-conclaves-para-elegir-papa-mas-largos-y-cortos-en-la-historia-de-la-iglesia-catolica\/","name":"Sonora en Equipo. Los c\u00f3nclaves para elegir Papa m\u00e1s largos y cortos en la historia de la Iglesia Cat\u00f3lica MUNDO","isPartOf":{"@id":"https:\/\/www.sonoraenequipo.com.mx\/#website"},"primaryImageOfPage":{"@id":"https:\/\/www.sonoraenequipo.com.mx\/los-conclaves-para-elegir-papa-mas-largos-y-cortos-en-la-historia-de-la-iglesia-catolica\/#primaryimage"},"image":{"@id":"https:\/\/www.sonoraenequipo.com.mx\/los-conclaves-para-elegir-papa-mas-largos-y-cortos-en-la-historia-de-la-iglesia-catolica\/#primaryimage"},"thumbnailUrl":"https:\/\/www.sonoraenequipo.com.mx\/storage\/2025\/04\/cardenales-orando.jpg","datePublished":"2025-04-29T21:13:40+00:00","description":"Los c\u00f3nclaves para elegir Papa m\u00e1s largos y cortos en la historia de la Iglesia Cat\u00f3lica C\u00f3nclave de 1314-1316 Duraci\u00f3n: 2 a\u00f1os, 3 meses Lugar: Lyon, En Sonora en Equipo publicamos toda la informaci\u00f3n de Sonora, M\u00e9xico y el Mundo de manera oportuna y busca que la libertad de expresi\u00f3n sea real. Visita nuestro medio informativo publicado desde Hermosillo, Sonora. %","breadcrumb":{"@id":"https:\/\/www.sonoraenequipo.com.mx\/los-conclaves-para-elegir-papa-mas-largos-y-cortos-en-la-historia-de-la-iglesia-catolica\/#breadcrumb"},"inLanguage":"es","potentialAction":[{"@type":"ReadAction","target":["https:\/\/www.sonoraenequipo.com.mx\/los-conclaves-para-elegir-papa-mas-largos-y-cortos-en-la-historia-de-la-iglesia-catolica\/"]}]},{"@type":"ImageObject","inLanguage":"es","@id":"https:\/\/www.sonoraenequipo.com.mx\/los-conclaves-para-elegir-papa-mas-largos-y-cortos-en-la-historia-de-la-iglesia-catolica\/#primaryimage","url":"https:\/\/www.sonoraenequipo.com.mx\/storage\/2025\/04\/cardenales-orando.jpg","contentUrl":"https:\/\/www.sonoraenequipo.com.mx\/storage\/2025\/04\/cardenales-orando.jpg","width":733,"height":400,"caption":"Cardenales rezando. Imagen Istock"},{"@type":"BreadcrumbList","@id":"https:\/\/www.sonoraenequipo.com.mx\/los-conclaves-para-elegir-papa-mas-largos-y-cortos-en-la-historia-de-la-iglesia-catolica\/#breadcrumb","itemListElement":[{"@type":"ListItem","position":1,"name":"Portada","item":"https:\/\/www.sonoraenequipo.com.mx\/"},{"@type":"ListItem","position":2,"name":"Los c\u00f3nclaves para elegir Papa m\u00e1s largos y cortos en la historia de la Iglesia Cat\u00f3lica"}]},{"@type":"WebSite","@id":"https:\/\/www.sonoraenequipo.com.mx\/#website","url":"https:\/\/www.sonoraenequipo.com.mx\/","name":"Sonora en Equipo.","description":"Diario en l\u00ednea con Noticias desde Hermosillo, Sonora","publisher":{"@id":"https:\/\/www.sonoraenequipo.com.mx\/#organization"},"potentialAction":[{"@type":"SearchAction","target":{"@type":"EntryPoint","urlTemplate":"https:\/\/www.sonoraenequipo.com.mx\/?s={search_term_string}"},"query-input":{"@type":"PropertyValueSpecification","valueRequired":true,"valueName":"search_term_string"}}],"inLanguage":"es"},{"@type":"Organization","@id":"https:\/\/www.sonoraenequipo.com.mx\/#organization","name":"Sonoraenequipo.com.mx","url":"https:\/\/www.sonoraenequipo.com.mx\/","logo":{"@type":"ImageObject","inLanguage":"es","@id":"https:\/\/www.sonoraenequipo.com.mx\/#\/schema\/logo\/image\/","url":"https:\/\/www.sonoraenequipo.com.mx\/storage\/2019\/01\/sonoraenequipo_opt.png","contentUrl":"https:\/\/www.sonoraenequipo.com.mx\/storage\/2019\/01\/sonoraenequipo_opt.png","width":375,"height":125,"caption":"Sonoraenequipo.com.mx"},"image":{"@id":"https:\/\/www.sonoraenequipo.com.mx\/#\/schema\/logo\/image\/"},"sameAs":["https:\/\/www.facebook.com\/SonoraEE\/","https:\/\/x.com\/sonoraenequipo","https:\/\/www.youtube.com\/channel\/UC338nW-lPEYmJQs4ZABQ1SQ"]},{"@type":"Person","@id":"https:\/\/www.sonoraenequipo.com.mx\/#\/schema\/person\/50102df0fb23a8fa9e8effad8fa81386","name":"enequipo","image":{"@type":"ImageObject","inLanguage":"es","@id":"https:\/\/www.sonoraenequipo.com.mx\/#\/schema\/person\/image\/","url":"https:\/\/secure.gravatar.com\/avatar\/049821681b589dabc0bc20695993ccebb09f5b5d4d790cd9251b97faac7c652b?s=96&d=blank&r=g","contentUrl":"https:\/\/secure.gravatar.com\/avatar\/049821681b589dabc0bc20695993ccebb09f5b5d4d790cd9251b97faac7c652b?s=96&d=blank&r=g","caption":"enequipo"},"sameAs":["https:\/\/www.facebook.com\/SonoraEE"]}]}},"jetpack_featured_media_url":"https:\/\/www.sonoraenequipo.com.mx\/storage\/2025\/04\/cardenales-orando.jpg","_links":{"self":[{"href":"https:\/\/www.sonoraenequipo.com.mx\/api\/wp\/v2\/posts\/214545","targetHints":{"allow":["GET"]}}],"collection":[{"href":"https:\/\/www.sonoraenequipo.com.mx\/api\/wp\/v2\/posts"}],"about":[{"href":"https:\/\/www.sonoraenequipo.com.mx\/api\/wp\/v2\/types\/post"}],"author":[{"embeddable":true,"href":"https:\/\/www.sonoraenequipo.com.mx\/api\/wp\/v2\/users\/1"}],"replies":[{"embeddable":true,"href":"https:\/\/www.sonoraenequipo.com.mx\/api\/wp\/v2\/comments?post=214545"}],"version-history":[{"count":1,"href":"https:\/\/www.sonoraenequipo.com.mx\/api\/wp\/v2\/posts\/214545\/revisions"}],"predecessor-version":[{"id":214547,"href":"https:\/\/www.sonoraenequipo.com.mx\/api\/wp\/v2\/posts\/214545\/revisions\/214547"}],"wp:featuredmedia":[{"embeddable":true,"href":"https:\/\/www.sonoraenequipo.com.mx\/api\/wp\/v2\/media\/214546"}],"wp:attachment":[{"href":"https:\/\/www.sonoraenequipo.com.mx\/api\/wp\/v2\/media?parent=214545"}],"wp:term":[{"taxonomy":"category","embeddable":true,"href":"https:\/\/www.sonoraenequipo.com.mx\/api\/wp\/v2\/categories?post=214545"},{"taxonomy":"post_tag","embeddable":true,"href":"https:\/\/www.sonoraenequipo.com.mx\/api\/wp\/v2\/tags?post=214545"}],"curies":[{"name":"wp","href":"https:\/\/api.w.org\/{rel}","templated":true}]}}