{"id":214548,"date":"2025-04-29T14:27:05","date_gmt":"2025-04-29T21:27:05","guid":{"rendered":"https:\/\/www.sonoraenequipo.com.mx\/?p=214548"},"modified":"2025-04-29T14:27:05","modified_gmt":"2025-04-29T21:27:05","slug":"amplia-gobierno-de-hermosillo-convocatoria-para-participar-en-tercer-desafio-incluyente","status":"publish","type":"post","link":"https:\/\/www.sonoraenequipo.com.mx\/amplia-gobierno-de-hermosillo-convocatoria-para-participar-en-tercer-desafio-incluyente\/","title":{"rendered":"Ampl\u00eda Gobierno de Hermosillo convocatoria para participar en tercer Desaf\u00edo Incluyente"},"content":{"rendered":"<p><strong>HERMOSILLO, SONORA, MX.<\/strong> \u2014 \u00a0La convocatoria de la tercera edici\u00f3n de \u00abDesaf\u00edo Incluyente\u00bb para personas con discapacidad permanente o familiar cuidador que deseen fortalecer su emprendimiento se extendi\u00f3 hasta el 16 de mayo, con la oportunidad de ganar el concurso que cuenta una bolsa de 200 mil pesos en premios en efectivo y especie.<\/p>\n<p>&nbsp;<\/p>\n<p>Jeannette Molina Caire, directora de Consejo Municipal para la Integraci\u00f3n Social de Personas con Discapacidad (COMUDIS), dijo que por petici\u00f3n de los mismos ciudadanos, porque muchos andaban fuera de la ciudad por las vacaciones, decidieron ampliar el periodo de registro.<\/p>\n<p>&nbsp;<\/p>\n<p>\u201cEstamos muy contentos porque han llegado negocios diferentes al primero y al segundo desaf\u00edo, hay gente que estuvo en el primer desaf\u00edo o en el segundo que quiere repetir y mientras no hayan sido finalistas pueden volver a repetir o lo pueden hacer con otro proyecto\u201d, manifest\u00f3 Molina Caire.<\/p>\n<p>&nbsp;<\/p>\n<p>Enfatiz\u00f3 que las capacitaciones ser\u00e1n m\u00e1s amplias, en lugar de tres d\u00edas van a durar cinco, en las que habr\u00e1 novedades como el uso de inteligencia artificial para tu negocio, fotograf\u00eda, el uso de redes, los mercados y c\u00f3mo manejar todo lo que es financiero.<\/p>\n<p>&nbsp;<\/p>\n<p>\u201cHemos visto resultados de participantes del primer desaf\u00edo, ver c\u00f3mo han crecido sus negocios y c\u00f3mo les ayudaron estos cursos para empoderarlos y llevar su emprendimiento a otro nivel\u201d, asegur\u00f3.<\/p>\n<p>&nbsp;<\/p>\n<p>La funcionaria mencion\u00f3 que las capacitaciones ser\u00e1n del 19 al 23 de mayo, luego se elegir\u00e1 a los finalistas y la gran final est\u00e1 programada para el d\u00eda 6 de junio.<\/p>\n<p>&nbsp;<\/p>\n<p>Las personas interesadas pueden inscribirse en la\u00a0 p\u00e1gina <a href=\"http:\/\/www.desafioincluyentehmo.com\">www.desafioincluyentehmo.com<\/a>.<\/p>\n<p><strong>Fecha de publicaci\u00f3n martes 29 de abril de 2025 \/ <\/strong><\/p>\n","protected":false},"excerpt":{"rendered":"<p>HERMOSILLO, SONORA, MX. \u2014 \u00a0La convocatoria de la tercera edici\u00f3n de \u00abDesaf\u00edo Incluyente\u00bb para personas&#8230;<\/p>\n","protected":false},"author":1,"featured_media":214558,"comment_status":"open","ping_status":"open","sticky":false,"template":"","format":"standard","meta":{"_monsterinsights_skip_tracking":false,"_monsterinsights_sitenote_active":false,"_monsterinsights_sitenote_note":"","_monsterinsights_sitenote_category":0,"footnotes":""},"categories":[4],"tags":[8793,35,11180],"class_list":["post"],"yoast_head":" \n<title>Sonora en Equipo. Ampl\u00eda Gobierno de Hermosillo convocatoria para participar en tercer Desaf\u00edo Incluyente Municipios<\/title>\n<meta name=\"description\" content=\"HERMOSILLO, SONORA, MX. \u2014 \u00a0La convocatoria de la tercera edici\u00f3n de &quot;Desaf\u00edo Incluyente&quot; para personas con discapacidad permanente o familiar cuidador que En Sonora en Equipo publicamos toda la informaci\u00f3n de Sonora, M\u00e9xico y el Mundo de manera oportuna y busca que la libertad de expresi\u00f3n sea real. Visita nuestro medio informativo publicado desde Hermosillo, Sonora. %\" \/>\n<meta name=\"robots\" content=\"index, follow, max-snippet:-1, max-image-preview:large, max-video-preview:-1\" \/>\n<link rel=\"canonical\" href=\"https:\/\/www.sonoraenequipo.com.mx\/amplia-gobierno-de-hermosillo-convocatoria-para-participar-en-tercer-desafio-incluyente\/\" \/>\n<meta property=\"og:locale\" content=\"es_ES\" \/>\n<meta property=\"og:type\" content=\"article\" \/>\n<meta property=\"og:title\" content=\"Sonora en Equipo. Ampl\u00eda Gobierno de Hermosillo convocatoria para participar en tercer Desaf\u00edo Incluyente Municipios\" \/>\n<meta property=\"og:description\" content=\"HERMOSILLO, SONORA, MX. \u2014 \u00a0La convocatoria de la tercera edici\u00f3n de &quot;Desaf\u00edo Incluyente&quot; para personas con discapacidad permanente o familiar cuidador que En Sonora en Equipo publicamos toda la informaci\u00f3n de Sonora, M\u00e9xico y el Mundo de manera oportuna y busca que la libertad de expresi\u00f3n sea real. Visita nuestro medio informativo publicado desde Hermosillo, Sonora. %\" \/>\n<meta property=\"og:url\" content=\"https:\/\/www.sonoraenequipo.com.mx\/amplia-gobierno-de-hermosillo-convocatoria-para-participar-en-tercer-desafio-incluyente\/\" \/>\n<meta property=\"og:site_name\" content=\"Sonora en Equipo.\" \/>\n<meta property=\"article:publisher\" content=\"https:\/\/www.facebook.com\/SonoraEE\/\" \/>\n<meta property=\"article:author\" content=\"https:\/\/www.facebook.com\/SonoraEE\" \/>\n<meta property=\"article:published_time\" content=\"2025-04-29T21:27:05+00:00\" \/>\n<meta property=\"og:image\" content=\"https:\/\/www.sonoraenequipo.com.mx\/storage\/2025\/04\/molina-caire.jpg\" \/>\n\t<meta property=\"og:image:width\" content=\"600\" \/>\n\t<meta property=\"og:image:height\" content=\"400\" \/>\n\t<meta property=\"og:image:type\" content=\"image\/jpeg\" \/>\n<meta name=\"author\" content=\"enequipo\" \/>\n<meta name=\"twitter:card\" content=\"summary_large_image\" \/>\n<meta name=\"twitter:creator\" content=\"@sonoraenequipo\" \/>\n<meta name=\"twitter:site\" content=\"@sonoraenequipo\" \/>\n<meta name=\"twitter:label1\" content=\"Escrito por\" \/>\n\t<meta name=\"twitter:data1\" content=\"enequipo\" \/>\n\t<meta name=\"twitter:label2\" content=\"Tiempo de lectura\" \/>\n\t<meta name=\"twitter:data2\" content=\"1 minuto\" \/>\n<script type=\"application\/ld+json\" class=\"yoast-schema-graph\">{\"@context\":\"https:\/\/schema.org\",\"@graph\":[{\"@type\":\"Article\",\"@id\":\"https:\/\/www.sonoraenequipo.com.mx\/amplia-gobierno-de-hermosillo-convocatoria-para-participar-en-tercer-desafio-incluyente\/#article\",\"isPartOf\":{\"@id\":\"https:\/\/www.sonoraenequipo.com.mx\/amplia-gobierno-de-hermosillo-convocatoria-para-participar-en-tercer-desafio-incluyente\/\"},\"author\":{\"name\":\"enequipo\",\"@id\":\"https:\/\/www.sonoraenequipo.com.mx\/#\/schema\/person\/50102df0fb23a8fa9e8effad8fa81386\"},\"headline\":\"Ampl\u00eda Gobierno de Hermosillo convocatoria para participar en tercer Desaf\u00edo Incluyente\",\"datePublished\":\"2025-04-29T21:27:05+00:00\",\"mainEntityOfPage\":{\"@id\":\"https:\/\/www.sonoraenequipo.com.mx\/amplia-gobierno-de-hermosillo-convocatoria-para-participar-en-tercer-desafio-incluyente\/\"},\"wordCount\":298,\"commentCount\":0,\"publisher\":{\"@id\":\"https:\/\/www.sonoraenequipo.com.mx\/#organization\"},\"image\":{\"@id\":\"https:\/\/www.sonoraenequipo.com.mx\/amplia-gobierno-de-hermosillo-convocatoria-para-participar-en-tercer-desafio-incluyente\/#primaryimage\"},\"thumbnailUrl\":\"https:\/\/www.sonoraenequipo.com.mx\/storage\/2025\/04\/molina-caire.jpg\",\"keywords\":[\"desafio\",\"hermosillo\",\"incluyente\"],\"articleSection\":[\"Municipios\"],\"inLanguage\":\"es\",\"potentialAction\":[{\"@type\":\"CommentAction\",\"name\":\"Comment\",\"target\":[\"https:\/\/www.sonoraenequipo.com.mx\/amplia-gobierno-de-hermosillo-convocatoria-para-participar-en-tercer-desafio-incluyente\/#respond\"]}]},{\"@type\":\"WebPage\",\"@id\":\"https:\/\/www.sonoraenequipo.com.mx\/amplia-gobierno-de-hermosillo-convocatoria-para-participar-en-tercer-desafio-incluyente\/\",\"url\":\"https:\/\/www.sonoraenequipo.com.mx\/amplia-gobierno-de-hermosillo-convocatoria-para-participar-en-tercer-desafio-incluyente\/\",\"name\":\"Sonora en Equipo. Ampl\u00eda Gobierno de Hermosillo convocatoria para participar en tercer Desaf\u00edo Incluyente Municipios\",\"isPartOf\":{\"@id\":\"https:\/\/www.sonoraenequipo.com.mx\/#website\"},\"primaryImageOfPage\":{\"@id\":\"https:\/\/www.sonoraenequipo.com.mx\/amplia-gobierno-de-hermosillo-convocatoria-para-participar-en-tercer-desafio-incluyente\/#primaryimage\"},\"image\":{\"@id\":\"https:\/\/www.sonoraenequipo.com.mx\/amplia-gobierno-de-hermosillo-convocatoria-para-participar-en-tercer-desafio-incluyente\/#primaryimage\"},\"thumbnailUrl\":\"https:\/\/www.sonoraenequipo.com.mx\/storage\/2025\/04\/molina-caire.jpg\",\"datePublished\":\"2025-04-29T21:27:05+00:00\",\"description\":\"HERMOSILLO, SONORA, MX. \u2014 \u00a0La convocatoria de la tercera edici\u00f3n de \\\"Desaf\u00edo Incluyente\\\" para personas con discapacidad permanente o familiar cuidador que En Sonora en Equipo publicamos toda la informaci\u00f3n de Sonora, M\u00e9xico y el Mundo de manera oportuna y busca que la libertad de expresi\u00f3n sea real. Visita nuestro medio informativo publicado desde Hermosillo, Sonora. %\",\"breadcrumb\":{\"@id\":\"https:\/\/www.sonoraenequipo.com.mx\/amplia-gobierno-de-hermosillo-convocatoria-para-participar-en-tercer-desafio-incluyente\/#breadcrumb\"},\"inLanguage\":\"es\",\"potentialAction\":[{\"@type\":\"ReadAction\",\"target\":[\"https:\/\/www.sonoraenequipo.com.mx\/amplia-gobierno-de-hermosillo-convocatoria-para-participar-en-tercer-desafio-incluyente\/\"]}]},{\"@type\":\"ImageObject\",\"inLanguage\":\"es\",\"@id\":\"https:\/\/www.sonoraenequipo.com.mx\/amplia-gobierno-de-hermosillo-convocatoria-para-participar-en-tercer-desafio-incluyente\/#primaryimage\",\"url\":\"https:\/\/www.sonoraenequipo.com.mx\/storage\/2025\/04\/molina-caire.jpg\",\"contentUrl\":\"https:\/\/www.sonoraenequipo.com.mx\/storage\/2025\/04\/molina-caire.jpg\",\"width\":600,\"height\":400,\"caption\":\"Jeannette Molina Caire, directora de Consejo Municipal para la Integraci\u00f3n Social de Personas con Discapacidad\"},{\"@type\":\"BreadcrumbList\",\"@id\":\"https:\/\/www.sonoraenequipo.com.mx\/amplia-gobierno-de-hermosillo-convocatoria-para-participar-en-tercer-desafio-incluyente\/#breadcrumb\",\"itemListElement\":[{\"@type\":\"ListItem\",\"position\":1,\"name\":\"Portada\",\"item\":\"https:\/\/www.sonoraenequipo.com.mx\/\"},{\"@type\":\"ListItem\",\"position\":2,\"name\":\"Ampl\u00eda Gobierno de Hermosillo convocatoria para participar en tercer Desaf\u00edo Incluyente\"}]},{\"@type\":\"WebSite\",\"@id\":\"https:\/\/www.sonoraenequipo.com.mx\/#website\",\"url\":\"https:\/\/www.sonoraenequipo.com.mx\/\",\"name\":\"Sonora en Equipo.\",\"description\":\"Diario en l\u00ednea con Noticias desde Hermosillo, Sonora\",\"publisher\":{\"@id\":\"https:\/\/www.sonoraenequipo.com.mx\/#organization\"},\"potentialAction\":[{\"@type\":\"SearchAction\",\"target\":{\"@type\":\"EntryPoint\",\"urlTemplate\":\"https:\/\/www.sonoraenequipo.com.mx\/?s={search_term_string}\"},\"query-input\":{\"@type\":\"PropertyValueSpecification\",\"valueRequired\":true,\"valueName\":\"search_term_string\"}}],\"inLanguage\":\"es\"},{\"@type\":\"Organization\",\"@id\":\"https:\/\/www.sonoraenequipo.com.mx\/#organization\",\"name\":\"Sonoraenequipo.com.mx\",\"url\":\"https:\/\/www.sonoraenequipo.com.mx\/\",\"logo\":{\"@type\":\"ImageObject\",\"inLanguage\":\"es\",\"@id\":\"https:\/\/www.sonoraenequipo.com.mx\/#\/schema\/logo\/image\/\",\"url\":\"https:\/\/www.sonoraenequipo.com.mx\/storage\/2019\/01\/sonoraenequipo_opt.png\",\"contentUrl\":\"https:\/\/www.sonoraenequipo.com.mx\/storage\/2019\/01\/sonoraenequipo_opt.png\",\"width\":375,\"height\":125,\"caption\":\"Sonoraenequipo.com.mx\"},\"image\":{\"@id\":\"https:\/\/www.sonoraenequipo.com.mx\/#\/schema\/logo\/image\/\"},\"sameAs\":[\"https:\/\/www.facebook.com\/SonoraEE\/\",\"https:\/\/x.com\/sonoraenequipo\",\"https:\/\/www.youtube.com\/channel\/UC338nW-lPEYmJQs4ZABQ1SQ\"]},{\"@type\":\"Person\",\"@id\":\"https:\/\/www.sonoraenequipo.com.mx\/#\/schema\/person\/50102df0fb23a8fa9e8effad8fa81386\",\"name\":\"enequipo\",\"image\":{\"@type\":\"ImageObject\",\"inLanguage\":\"es\",\"@id\":\"https:\/\/www.sonoraenequipo.com.mx\/#\/schema\/person\/image\/\",\"url\":\"https:\/\/secure.gravatar.com\/avatar\/049821681b589dabc0bc20695993ccebb09f5b5d4d790cd9251b97faac7c652b?s=96&d=blank&r=g\",\"contentUrl\":\"https:\/\/secure.gravatar.com\/avatar\/049821681b589dabc0bc20695993ccebb09f5b5d4d790cd9251b97faac7c652b?s=96&d=blank&r=g\",\"caption\":\"enequipo\"},\"sameAs\":[\"https:\/\/www.facebook.com\/SonoraEE\"]}]}<\/script>\n ","yoast_head_json":{"title":"Sonora en Equipo. Ampl\u00eda Gobierno de Hermosillo convocatoria para participar en tercer Desaf\u00edo Incluyente Municipios","description":"HERMOSILLO, SONORA, MX. \u2014 \u00a0La convocatoria de la tercera edici\u00f3n de \"Desaf\u00edo Incluyente\" para personas con discapacidad permanente o familiar cuidador que En Sonora en Equipo publicamos toda la informaci\u00f3n de Sonora, M\u00e9xico y el Mundo de manera oportuna y busca que la libertad de expresi\u00f3n sea real. Visita nuestro medio informativo publicado desde Hermosillo, Sonora. %","robots":{"index":"index","follow":"follow","max-snippet":"max-snippet:-1","max-image-preview":"max-image-preview:large","max-video-preview":"max-video-preview:-1"},"canonical":"https:\/\/www.sonoraenequipo.com.mx\/amplia-gobierno-de-hermosillo-convocatoria-para-participar-en-tercer-desafio-incluyente\/","og_locale":"es_ES","og_type":"article","og_title":"Sonora en Equipo. Ampl\u00eda Gobierno de Hermosillo convocatoria para participar en tercer Desaf\u00edo Incluyente Municipios","og_description":"HERMOSILLO, SONORA, MX. \u2014 \u00a0La convocatoria de la tercera edici\u00f3n de \"Desaf\u00edo Incluyente\" para personas con discapacidad permanente o familiar cuidador que En Sonora en Equipo publicamos toda la informaci\u00f3n de Sonora, M\u00e9xico y el Mundo de manera oportuna y busca que la libertad de expresi\u00f3n sea real. Visita nuestro medio informativo publicado desde Hermosillo, Sonora. %","og_url":"https:\/\/www.sonoraenequipo.com.mx\/amplia-gobierno-de-hermosillo-convocatoria-para-participar-en-tercer-desafio-incluyente\/","og_site_name":"Sonora en Equipo.","article_publisher":"https:\/\/www.facebook.com\/SonoraEE\/","article_author":"https:\/\/www.facebook.com\/SonoraEE","article_published_time":"2025-04-29T21:27:05+00:00","og_image":[{"width":600,"height":400,"url":"https:\/\/www.sonoraenequipo.com.mx\/storage\/2025\/04\/molina-caire.jpg","type":"image\/jpeg"}],"author":"enequipo","twitter_card":"summary_large_image","twitter_creator":"@sonoraenequipo","twitter_site":"@sonoraenequipo","twitter_misc":{"Escrito por":"enequipo","Tiempo de lectura":"1 minuto"},"schema":{"@context":"https:\/\/schema.org","@graph":[{"@type":"Article","@id":"https:\/\/www.sonoraenequipo.com.mx\/amplia-gobierno-de-hermosillo-convocatoria-para-participar-en-tercer-desafio-incluyente\/#article","isPartOf":{"@id":"https:\/\/www.sonoraenequipo.com.mx\/amplia-gobierno-de-hermosillo-convocatoria-para-participar-en-tercer-desafio-incluyente\/"},"author":{"name":"enequipo","@id":"https:\/\/www.sonoraenequipo.com.mx\/#\/schema\/person\/50102df0fb23a8fa9e8effad8fa81386"},"headline":"Ampl\u00eda Gobierno de Hermosillo convocatoria para participar en tercer Desaf\u00edo Incluyente","datePublished":"2025-04-29T21:27:05+00:00","mainEntityOfPage":{"@id":"https:\/\/www.sonoraenequipo.com.mx\/amplia-gobierno-de-hermosillo-convocatoria-para-participar-en-tercer-desafio-incluyente\/"},"wordCount":298,"commentCount":0,"publisher":{"@id":"https:\/\/www.sonoraenequipo.com.mx\/#organization"},"image":{"@id":"https:\/\/www.sonoraenequipo.com.mx\/amplia-gobierno-de-hermosillo-convocatoria-para-participar-en-tercer-desafio-incluyente\/#primaryimage"},"thumbnailUrl":"https:\/\/www.sonoraenequipo.com.mx\/storage\/2025\/04\/molina-caire.jpg","keywords":["desafio","hermosillo","incluyente"],"articleSection":["Municipios"],"inLanguage":"es","potentialAction":[{"@type":"CommentAction","name":"Comment","target":["https:\/\/www.sonoraenequipo.com.mx\/amplia-gobierno-de-hermosillo-convocatoria-para-participar-en-tercer-desafio-incluyente\/#respond"]}]},{"@type":"WebPage","@id":"https:\/\/www.sonoraenequipo.com.mx\/amplia-gobierno-de-hermosillo-convocatoria-para-participar-en-tercer-desafio-incluyente\/","url":"https:\/\/www.sonoraenequipo.com.mx\/amplia-gobierno-de-hermosillo-convocatoria-para-participar-en-tercer-desafio-incluyente\/","name":"Sonora en Equipo. Ampl\u00eda Gobierno de Hermosillo convocatoria para participar en tercer Desaf\u00edo Incluyente Municipios","isPartOf":{"@id":"https:\/\/www.sonoraenequipo.com.mx\/#website"},"primaryImageOfPage":{"@id":"https:\/\/www.sonoraenequipo.com.mx\/amplia-gobierno-de-hermosillo-convocatoria-para-participar-en-tercer-desafio-incluyente\/#primaryimage"},"image":{"@id":"https:\/\/www.sonoraenequipo.com.mx\/amplia-gobierno-de-hermosillo-convocatoria-para-participar-en-tercer-desafio-incluyente\/#primaryimage"},"thumbnailUrl":"https:\/\/www.sonoraenequipo.com.mx\/storage\/2025\/04\/molina-caire.jpg","datePublished":"2025-04-29T21:27:05+00:00","description":"HERMOSILLO, SONORA, MX. \u2014 \u00a0La convocatoria de la tercera edici\u00f3n de \"Desaf\u00edo Incluyente\" para personas con discapacidad permanente o familiar cuidador que En Sonora en Equipo publicamos toda la informaci\u00f3n de Sonora, M\u00e9xico y el Mundo de manera oportuna y busca que la libertad de expresi\u00f3n sea real. Visita nuestro medio informativo publicado desde Hermosillo, Sonora. %","breadcrumb":{"@id":"https:\/\/www.sonoraenequipo.com.mx\/amplia-gobierno-de-hermosillo-convocatoria-para-participar-en-tercer-desafio-incluyente\/#breadcrumb"},"inLanguage":"es","potentialAction":[{"@type":"ReadAction","target":["https:\/\/www.sonoraenequipo.com.mx\/amplia-gobierno-de-hermosillo-convocatoria-para-participar-en-tercer-desafio-incluyente\/"]}]},{"@type":"ImageObject","inLanguage":"es","@id":"https:\/\/www.sonoraenequipo.com.mx\/amplia-gobierno-de-hermosillo-convocatoria-para-participar-en-tercer-desafio-incluyente\/#primaryimage","url":"https:\/\/www.sonoraenequipo.com.mx\/storage\/2025\/04\/molina-caire.jpg","contentUrl":"https:\/\/www.sonoraenequipo.com.mx\/storage\/2025\/04\/molina-caire.jpg","width":600,"height":400,"caption":"Jeannette Molina Caire, directora de Consejo Municipal para la Integraci\u00f3n Social de Personas con Discapacidad"},{"@type":"BreadcrumbList","@id":"https:\/\/www.sonoraenequipo.com.mx\/amplia-gobierno-de-hermosillo-convocatoria-para-participar-en-tercer-desafio-incluyente\/#breadcrumb","itemListElement":[{"@type":"ListItem","position":1,"name":"Portada","item":"https:\/\/www.sonoraenequipo.com.mx\/"},{"@type":"ListItem","position":2,"name":"Ampl\u00eda Gobierno de Hermosillo convocatoria para participar en tercer Desaf\u00edo Incluyente"}]},{"@type":"WebSite","@id":"https:\/\/www.sonoraenequipo.com.mx\/#website","url":"https:\/\/www.sonoraenequipo.com.mx\/","name":"Sonora en Equipo.","description":"Diario en l\u00ednea con Noticias desde Hermosillo, Sonora","publisher":{"@id":"https:\/\/www.sonoraenequipo.com.mx\/#organization"},"potentialAction":[{"@type":"SearchAction","target":{"@type":"EntryPoint","urlTemplate":"https:\/\/www.sonoraenequipo.com.mx\/?s={search_term_string}"},"query-input":{"@type":"PropertyValueSpecification","valueRequired":true,"valueName":"search_term_string"}}],"inLanguage":"es"},{"@type":"Organization","@id":"https:\/\/www.sonoraenequipo.com.mx\/#organization","name":"Sonoraenequipo.com.mx","url":"https:\/\/www.sonoraenequipo.com.mx\/","logo":{"@type":"ImageObject","inLanguage":"es","@id":"https:\/\/www.sonoraenequipo.com.mx\/#\/schema\/logo\/image\/","url":"https:\/\/www.sonoraenequipo.com.mx\/storage\/2019\/01\/sonoraenequipo_opt.png","contentUrl":"https:\/\/www.sonoraenequipo.com.mx\/storage\/2019\/01\/sonoraenequipo_opt.png","width":375,"height":125,"caption":"Sonoraenequipo.com.mx"},"image":{"@id":"https:\/\/www.sonoraenequipo.com.mx\/#\/schema\/logo\/image\/"},"sameAs":["https:\/\/www.facebook.com\/SonoraEE\/","https:\/\/x.com\/sonoraenequipo","https:\/\/www.youtube.com\/channel\/UC338nW-lPEYmJQs4ZABQ1SQ"]},{"@type":"Person","@id":"https:\/\/www.sonoraenequipo.com.mx\/#\/schema\/person\/50102df0fb23a8fa9e8effad8fa81386","name":"enequipo","image":{"@type":"ImageObject","inLanguage":"es","@id":"https:\/\/www.sonoraenequipo.com.mx\/#\/schema\/person\/image\/","url":"https:\/\/secure.gravatar.com\/avatar\/049821681b589dabc0bc20695993ccebb09f5b5d4d790cd9251b97faac7c652b?s=96&d=blank&r=g","contentUrl":"https:\/\/secure.gravatar.com\/avatar\/049821681b589dabc0bc20695993ccebb09f5b5d4d790cd9251b97faac7c652b?s=96&d=blank&r=g","caption":"enequipo"},"sameAs":["https:\/\/www.facebook.com\/SonoraEE"]}]}},"jetpack_featured_media_url":"https:\/\/www.sonoraenequipo.com.mx\/storage\/2025\/04\/molina-caire.jpg","_links":{"self":[{"href":"https:\/\/www.sonoraenequipo.com.mx\/api\/wp\/v2\/posts\/214548","targetHints":{"allow":["GET"]}}],"collection":[{"href":"https:\/\/www.sonoraenequipo.com.mx\/api\/wp\/v2\/posts"}],"about":[{"href":"https:\/\/www.sonoraenequipo.com.mx\/api\/wp\/v2\/types\/post"}],"author":[{"embeddable":true,"href":"https:\/\/www.sonoraenequipo.com.mx\/api\/wp\/v2\/users\/1"}],"replies":[{"embeddable":true,"href":"https:\/\/www.sonoraenequipo.com.mx\/api\/wp\/v2\/comments?post=214548"}],"version-history":[{"count":1,"href":"https:\/\/www.sonoraenequipo.com.mx\/api\/wp\/v2\/posts\/214548\/revisions"}],"predecessor-version":[{"id":214559,"href":"https:\/\/www.sonoraenequipo.com.mx\/api\/wp\/v2\/posts\/214548\/revisions\/214559"}],"wp:featuredmedia":[{"embeddable":true,"href":"https:\/\/www.sonoraenequipo.com.mx\/api\/wp\/v2\/media\/214558"}],"wp:attachment":[{"href":"https:\/\/www.sonoraenequipo.com.mx\/api\/wp\/v2\/media?parent=214548"}],"wp:term":[{"taxonomy":"category","embeddable":true,"href":"https:\/\/www.sonoraenequipo.com.mx\/api\/wp\/v2\/categories?post=214548"},{"taxonomy":"post_tag","embeddable":true,"href":"https:\/\/www.sonoraenequipo.com.mx\/api\/wp\/v2\/tags?post=214548"}],"curies":[{"name":"wp","href":"https:\/\/api.w.org\/{rel}","templated":true}]}}