{"id":214566,"date":"2025-04-29T17:26:20","date_gmt":"2025-04-30T00:26:20","guid":{"rendered":"https:\/\/www.sonoraenequipo.com.mx\/?p=214566"},"modified":"2025-04-29T17:26:20","modified_gmt":"2025-04-30T00:26:20","slug":"sonora-avanza-en-fortalecer-proyectos-en-electromovilidad-y-semiconductores","status":"publish","type":"post","link":"https:\/\/www.sonoraenequipo.com.mx\/sonora-avanza-en-fortalecer-proyectos-en-electromovilidad-y-semiconductores\/","title":{"rendered":"Sonora avanza en fortalecer proyectos en electromovilidad y semiconductores"},"content":{"rendered":"<p><strong>HERMOSILLO, SONORA, MX.<\/strong> \u2014 En representaci\u00f3n del gobernador Alfonso Durazo Monta\u00f1o, el presidente Ejecutivo del Consejo para el Desarrollo Sostenible de Sonora (Codeso), Francisco Acu\u00f1a M\u00e9ndez, se reuni\u00f3 con el presidente de FOXCONN Young Liu, la empresa l\u00edder mundial en la fabricaci\u00f3n de dispositivos electr\u00f3nicos.<\/p>\n<p>&nbsp;<\/p>\n<p>&nbsp;<\/p>\n<p>&nbsp;<\/p>\n<p>En el marco de su visita a Taiw\u00e1n para promover, en diversos foros de As\u00eda, el Plan Sonora de Energ\u00edas Sostenibles, Francisco Acu\u00f1a explic\u00f3 que el objetivo del encuentro con el directivo de FOXCONN fue dar seguimiento a los proyectos estrat\u00e9gicos que la empresa proyecta en M\u00e9xico, particularmente en las \u00e1reas de electromovilidad y semiconductores.<\/p>\n<p>&nbsp;<\/p>\n<p>&nbsp;<\/p>\n<p>&nbsp;<\/p>\n<p>\u201cTenemos avances importantes en la integraci\u00f3n de cadenas de valor, es decir, todas las partes necesarias que necesitamos para echar a andar la fabricaci\u00f3n de autos el\u00e9ctricos y semiconductores. FOXCONN tiene toda la experiencia y capacidad para apoyar en esta gran tarea\u201d, declar\u00f3.<\/p>\n<p>&nbsp;<\/p>\n<p>&nbsp;<\/p>\n<p>&nbsp;<\/p>\n<p>Durante la reuni\u00f3n, se discuti\u00f3 la importancia de Sonora como una opci\u00f3n estrat\u00e9gica para la expansi\u00f3n de estos proyectos, dado el potencial de la regi\u00f3n para convertirse en un centro clave para la producci\u00f3n de tecnolog\u00eda avanzada en Am\u00e9rica Latina.<\/p>\n<p>&nbsp;<\/p>\n<p>&nbsp;<\/p>\n<p>&nbsp;<\/p>\n<p>Acu\u00f1a M\u00e9ndez subray\u00f3 que FOXCONN emplea a m\u00e1s de 36 mil personas en M\u00e9xico y m\u00e1s de un mill\u00f3n en todo el mundo. La empresa es conocida por su capacidad para fabricar una amplia gama de productos electr\u00f3nicos de alta demanda, incluidos iPhones, iPads, Kindle, PlayStation, Xbox, entre otros, tiene un fuerte compromiso con el desarrollo de la industria tecnol\u00f3gica en M\u00e9xico.<\/p>\n<p>&nbsp;<\/p>\n<p>&nbsp;<\/p>\n<p>&nbsp;<\/p>\n<p>\u201cEl objetivo del gobernador Durazo es que Sonora lidere el desarrollo tecnol\u00f3gico de M\u00e9xico, y por ello, apostamos por la integraci\u00f3n y cooperaci\u00f3n con grandes empresas como lo es FOXCONN\u201d agreg\u00f3.<\/p>\n<p><strong>Fecha de publicaci\u00f3n martes 29 de abril de 2025 \/ <\/strong><\/p>\n","protected":false},"excerpt":{"rendered":"<p>HERMOSILLO, SONORA, MX. \u2014 En representaci\u00f3n del gobernador Alfonso Durazo Monta\u00f1o, el presidente Ejecutivo del&#8230;<\/p>\n","protected":false},"author":1,"featured_media":214567,"comment_status":"open","ping_status":"open","sticky":false,"template":"","format":"standard","meta":{"_monsterinsights_skip_tracking":false,"_monsterinsights_sitenote_active":false,"_monsterinsights_sitenote_note":"","_monsterinsights_sitenote_category":0,"footnotes":""},"categories":[2216],"tags":[8899,290],"class_list":["post"],"yoast_head":" \n<title>Sonora en Equipo. Sonora avanza en fortalecer proyectos en electromovilidad y semiconductores Ciencia y Tecnolog\u00eda<\/title>\n<meta name=\"description\" content=\"HERMOSILLO, SONORA, MX. \u2014 En representaci\u00f3n del gobernador Alfonso Durazo Monta\u00f1o, el presidente Ejecutivo del Consejo para el Desarrollo Sostenible de En Sonora en Equipo publicamos toda la informaci\u00f3n de Sonora, M\u00e9xico y el Mundo de manera oportuna y busca que la libertad de expresi\u00f3n sea real. Visita nuestro medio informativo publicado desde Hermosillo, Sonora. %\" \/>\n<meta name=\"robots\" content=\"index, follow, max-snippet:-1, max-image-preview:large, max-video-preview:-1\" \/>\n<link rel=\"canonical\" href=\"https:\/\/www.sonoraenequipo.com.mx\/sonora-avanza-en-fortalecer-proyectos-en-electromovilidad-y-semiconductores\/\" \/>\n<meta property=\"og:locale\" content=\"es_ES\" \/>\n<meta property=\"og:type\" content=\"article\" \/>\n<meta property=\"og:title\" content=\"Sonora en Equipo. Sonora avanza en fortalecer proyectos en electromovilidad y semiconductores Ciencia y Tecnolog\u00eda\" \/>\n<meta property=\"og:description\" content=\"HERMOSILLO, SONORA, MX. \u2014 En representaci\u00f3n del gobernador Alfonso Durazo Monta\u00f1o, el presidente Ejecutivo del Consejo para el Desarrollo Sostenible de En Sonora en Equipo publicamos toda la informaci\u00f3n de Sonora, M\u00e9xico y el Mundo de manera oportuna y busca que la libertad de expresi\u00f3n sea real. Visita nuestro medio informativo publicado desde Hermosillo, Sonora. %\" \/>\n<meta property=\"og:url\" content=\"https:\/\/www.sonoraenequipo.com.mx\/sonora-avanza-en-fortalecer-proyectos-en-electromovilidad-y-semiconductores\/\" \/>\n<meta property=\"og:site_name\" content=\"Sonora en Equipo.\" \/>\n<meta property=\"article:publisher\" content=\"https:\/\/www.facebook.com\/SonoraEE\/\" \/>\n<meta property=\"article:author\" content=\"https:\/\/www.facebook.com\/SonoraEE\" \/>\n<meta property=\"article:published_time\" content=\"2025-04-30T00:26:20+00:00\" \/>\n<meta property=\"og:image\" content=\"https:\/\/www.sonoraenequipo.com.mx\/storage\/2025\/04\/foxconn.jpg\" \/>\n\t<meta property=\"og:image:width\" content=\"600\" \/>\n\t<meta property=\"og:image:height\" content=\"400\" \/>\n\t<meta property=\"og:image:type\" content=\"image\/jpeg\" \/>\n<meta name=\"author\" content=\"enequipo\" \/>\n<meta name=\"twitter:card\" content=\"summary_large_image\" \/>\n<meta name=\"twitter:creator\" content=\"@sonoraenequipo\" \/>\n<meta name=\"twitter:site\" content=\"@sonoraenequipo\" \/>\n<meta name=\"twitter:label1\" content=\"Escrito por\" \/>\n\t<meta name=\"twitter:data1\" content=\"enequipo\" \/>\n\t<meta name=\"twitter:label2\" content=\"Tiempo de lectura\" \/>\n\t<meta name=\"twitter:data2\" content=\"2 minutos\" \/>\n<script type=\"application\/ld+json\" class=\"yoast-schema-graph\">{\"@context\":\"https:\/\/schema.org\",\"@graph\":[{\"@type\":\"Article\",\"@id\":\"https:\/\/www.sonoraenequipo.com.mx\/sonora-avanza-en-fortalecer-proyectos-en-electromovilidad-y-semiconductores\/#article\",\"isPartOf\":{\"@id\":\"https:\/\/www.sonoraenequipo.com.mx\/sonora-avanza-en-fortalecer-proyectos-en-electromovilidad-y-semiconductores\/\"},\"author\":{\"name\":\"enequipo\",\"@id\":\"https:\/\/www.sonoraenequipo.com.mx\/#\/schema\/person\/50102df0fb23a8fa9e8effad8fa81386\"},\"headline\":\"Sonora avanza en fortalecer proyectos en electromovilidad y semiconductores\",\"datePublished\":\"2025-04-30T00:26:20+00:00\",\"mainEntityOfPage\":{\"@id\":\"https:\/\/www.sonoraenequipo.com.mx\/sonora-avanza-en-fortalecer-proyectos-en-electromovilidad-y-semiconductores\/\"},\"wordCount\":343,\"commentCount\":0,\"publisher\":{\"@id\":\"https:\/\/www.sonoraenequipo.com.mx\/#organization\"},\"image\":{\"@id\":\"https:\/\/www.sonoraenequipo.com.mx\/sonora-avanza-en-fortalecer-proyectos-en-electromovilidad-y-semiconductores\/#primaryimage\"},\"thumbnailUrl\":\"https:\/\/www.sonoraenequipo.com.mx\/storage\/2025\/04\/foxconn.jpg\",\"keywords\":[\"electromovilidad\",\"semiconductores\"],\"articleSection\":[\"Ciencia y Tecnolog\u00eda\"],\"inLanguage\":\"es\",\"potentialAction\":[{\"@type\":\"CommentAction\",\"name\":\"Comment\",\"target\":[\"https:\/\/www.sonoraenequipo.com.mx\/sonora-avanza-en-fortalecer-proyectos-en-electromovilidad-y-semiconductores\/#respond\"]}]},{\"@type\":\"WebPage\",\"@id\":\"https:\/\/www.sonoraenequipo.com.mx\/sonora-avanza-en-fortalecer-proyectos-en-electromovilidad-y-semiconductores\/\",\"url\":\"https:\/\/www.sonoraenequipo.com.mx\/sonora-avanza-en-fortalecer-proyectos-en-electromovilidad-y-semiconductores\/\",\"name\":\"Sonora en Equipo. Sonora avanza en fortalecer proyectos en electromovilidad y semiconductores Ciencia y Tecnolog\u00eda\",\"isPartOf\":{\"@id\":\"https:\/\/www.sonoraenequipo.com.mx\/#website\"},\"primaryImageOfPage\":{\"@id\":\"https:\/\/www.sonoraenequipo.com.mx\/sonora-avanza-en-fortalecer-proyectos-en-electromovilidad-y-semiconductores\/#primaryimage\"},\"image\":{\"@id\":\"https:\/\/www.sonoraenequipo.com.mx\/sonora-avanza-en-fortalecer-proyectos-en-electromovilidad-y-semiconductores\/#primaryimage\"},\"thumbnailUrl\":\"https:\/\/www.sonoraenequipo.com.mx\/storage\/2025\/04\/foxconn.jpg\",\"datePublished\":\"2025-04-30T00:26:20+00:00\",\"description\":\"HERMOSILLO, SONORA, MX. \u2014 En representaci\u00f3n del gobernador Alfonso Durazo Monta\u00f1o, el presidente Ejecutivo del Consejo para el Desarrollo Sostenible de En Sonora en Equipo publicamos toda la informaci\u00f3n de Sonora, M\u00e9xico y el Mundo de manera oportuna y busca que la libertad de expresi\u00f3n sea real. Visita nuestro medio informativo publicado desde Hermosillo, Sonora. %\",\"breadcrumb\":{\"@id\":\"https:\/\/www.sonoraenequipo.com.mx\/sonora-avanza-en-fortalecer-proyectos-en-electromovilidad-y-semiconductores\/#breadcrumb\"},\"inLanguage\":\"es\",\"potentialAction\":[{\"@type\":\"ReadAction\",\"target\":[\"https:\/\/www.sonoraenequipo.com.mx\/sonora-avanza-en-fortalecer-proyectos-en-electromovilidad-y-semiconductores\/\"]}]},{\"@type\":\"ImageObject\",\"inLanguage\":\"es\",\"@id\":\"https:\/\/www.sonoraenequipo.com.mx\/sonora-avanza-en-fortalecer-proyectos-en-electromovilidad-y-semiconductores\/#primaryimage\",\"url\":\"https:\/\/www.sonoraenequipo.com.mx\/storage\/2025\/04\/foxconn.jpg\",\"contentUrl\":\"https:\/\/www.sonoraenequipo.com.mx\/storage\/2025\/04\/foxconn.jpg\",\"width\":600,\"height\":400,\"caption\":\"Imagen de fondo Istock\"},{\"@type\":\"BreadcrumbList\",\"@id\":\"https:\/\/www.sonoraenequipo.com.mx\/sonora-avanza-en-fortalecer-proyectos-en-electromovilidad-y-semiconductores\/#breadcrumb\",\"itemListElement\":[{\"@type\":\"ListItem\",\"position\":1,\"name\":\"Portada\",\"item\":\"https:\/\/www.sonoraenequipo.com.mx\/\"},{\"@type\":\"ListItem\",\"position\":2,\"name\":\"Sonora avanza en fortalecer proyectos en electromovilidad y semiconductores\"}]},{\"@type\":\"WebSite\",\"@id\":\"https:\/\/www.sonoraenequipo.com.mx\/#website\",\"url\":\"https:\/\/www.sonoraenequipo.com.mx\/\",\"name\":\"Sonora en Equipo.\",\"description\":\"Diario en l\u00ednea con Noticias desde Hermosillo, Sonora\",\"publisher\":{\"@id\":\"https:\/\/www.sonoraenequipo.com.mx\/#organization\"},\"potentialAction\":[{\"@type\":\"SearchAction\",\"target\":{\"@type\":\"EntryPoint\",\"urlTemplate\":\"https:\/\/www.sonoraenequipo.com.mx\/?s={search_term_string}\"},\"query-input\":{\"@type\":\"PropertyValueSpecification\",\"valueRequired\":true,\"valueName\":\"search_term_string\"}}],\"inLanguage\":\"es\"},{\"@type\":\"Organization\",\"@id\":\"https:\/\/www.sonoraenequipo.com.mx\/#organization\",\"name\":\"Sonoraenequipo.com.mx\",\"url\":\"https:\/\/www.sonoraenequipo.com.mx\/\",\"logo\":{\"@type\":\"ImageObject\",\"inLanguage\":\"es\",\"@id\":\"https:\/\/www.sonoraenequipo.com.mx\/#\/schema\/logo\/image\/\",\"url\":\"https:\/\/www.sonoraenequipo.com.mx\/storage\/2019\/01\/sonoraenequipo_opt.png\",\"contentUrl\":\"https:\/\/www.sonoraenequipo.com.mx\/storage\/2019\/01\/sonoraenequipo_opt.png\",\"width\":375,\"height\":125,\"caption\":\"Sonoraenequipo.com.mx\"},\"image\":{\"@id\":\"https:\/\/www.sonoraenequipo.com.mx\/#\/schema\/logo\/image\/\"},\"sameAs\":[\"https:\/\/www.facebook.com\/SonoraEE\/\",\"https:\/\/x.com\/sonoraenequipo\",\"https:\/\/www.youtube.com\/channel\/UC338nW-lPEYmJQs4ZABQ1SQ\"]},{\"@type\":\"Person\",\"@id\":\"https:\/\/www.sonoraenequipo.com.mx\/#\/schema\/person\/50102df0fb23a8fa9e8effad8fa81386\",\"name\":\"enequipo\",\"image\":{\"@type\":\"ImageObject\",\"inLanguage\":\"es\",\"@id\":\"https:\/\/www.sonoraenequipo.com.mx\/#\/schema\/person\/image\/\",\"url\":\"https:\/\/secure.gravatar.com\/avatar\/049821681b589dabc0bc20695993ccebb09f5b5d4d790cd9251b97faac7c652b?s=96&d=blank&r=g\",\"contentUrl\":\"https:\/\/secure.gravatar.com\/avatar\/049821681b589dabc0bc20695993ccebb09f5b5d4d790cd9251b97faac7c652b?s=96&d=blank&r=g\",\"caption\":\"enequipo\"},\"sameAs\":[\"https:\/\/www.facebook.com\/SonoraEE\"]}]}<\/script>\n ","yoast_head_json":{"title":"Sonora en Equipo. Sonora avanza en fortalecer proyectos en electromovilidad y semiconductores Ciencia y Tecnolog\u00eda","description":"HERMOSILLO, SONORA, MX. \u2014 En representaci\u00f3n del gobernador Alfonso Durazo Monta\u00f1o, el presidente Ejecutivo del Consejo para el Desarrollo Sostenible de En Sonora en Equipo publicamos toda la informaci\u00f3n de Sonora, M\u00e9xico y el Mundo de manera oportuna y busca que la libertad de expresi\u00f3n sea real. Visita nuestro medio informativo publicado desde Hermosillo, Sonora. %","robots":{"index":"index","follow":"follow","max-snippet":"max-snippet:-1","max-image-preview":"max-image-preview:large","max-video-preview":"max-video-preview:-1"},"canonical":"https:\/\/www.sonoraenequipo.com.mx\/sonora-avanza-en-fortalecer-proyectos-en-electromovilidad-y-semiconductores\/","og_locale":"es_ES","og_type":"article","og_title":"Sonora en Equipo. Sonora avanza en fortalecer proyectos en electromovilidad y semiconductores Ciencia y Tecnolog\u00eda","og_description":"HERMOSILLO, SONORA, MX. \u2014 En representaci\u00f3n del gobernador Alfonso Durazo Monta\u00f1o, el presidente Ejecutivo del Consejo para el Desarrollo Sostenible de En Sonora en Equipo publicamos toda la informaci\u00f3n de Sonora, M\u00e9xico y el Mundo de manera oportuna y busca que la libertad de expresi\u00f3n sea real. Visita nuestro medio informativo publicado desde Hermosillo, Sonora. %","og_url":"https:\/\/www.sonoraenequipo.com.mx\/sonora-avanza-en-fortalecer-proyectos-en-electromovilidad-y-semiconductores\/","og_site_name":"Sonora en Equipo.","article_publisher":"https:\/\/www.facebook.com\/SonoraEE\/","article_author":"https:\/\/www.facebook.com\/SonoraEE","article_published_time":"2025-04-30T00:26:20+00:00","og_image":[{"width":600,"height":400,"url":"https:\/\/www.sonoraenequipo.com.mx\/storage\/2025\/04\/foxconn.jpg","type":"image\/jpeg"}],"author":"enequipo","twitter_card":"summary_large_image","twitter_creator":"@sonoraenequipo","twitter_site":"@sonoraenequipo","twitter_misc":{"Escrito por":"enequipo","Tiempo de lectura":"2 minutos"},"schema":{"@context":"https:\/\/schema.org","@graph":[{"@type":"Article","@id":"https:\/\/www.sonoraenequipo.com.mx\/sonora-avanza-en-fortalecer-proyectos-en-electromovilidad-y-semiconductores\/#article","isPartOf":{"@id":"https:\/\/www.sonoraenequipo.com.mx\/sonora-avanza-en-fortalecer-proyectos-en-electromovilidad-y-semiconductores\/"},"author":{"name":"enequipo","@id":"https:\/\/www.sonoraenequipo.com.mx\/#\/schema\/person\/50102df0fb23a8fa9e8effad8fa81386"},"headline":"Sonora avanza en fortalecer proyectos en electromovilidad y semiconductores","datePublished":"2025-04-30T00:26:20+00:00","mainEntityOfPage":{"@id":"https:\/\/www.sonoraenequipo.com.mx\/sonora-avanza-en-fortalecer-proyectos-en-electromovilidad-y-semiconductores\/"},"wordCount":343,"commentCount":0,"publisher":{"@id":"https:\/\/www.sonoraenequipo.com.mx\/#organization"},"image":{"@id":"https:\/\/www.sonoraenequipo.com.mx\/sonora-avanza-en-fortalecer-proyectos-en-electromovilidad-y-semiconductores\/#primaryimage"},"thumbnailUrl":"https:\/\/www.sonoraenequipo.com.mx\/storage\/2025\/04\/foxconn.jpg","keywords":["electromovilidad","semiconductores"],"articleSection":["Ciencia y Tecnolog\u00eda"],"inLanguage":"es","potentialAction":[{"@type":"CommentAction","name":"Comment","target":["https:\/\/www.sonoraenequipo.com.mx\/sonora-avanza-en-fortalecer-proyectos-en-electromovilidad-y-semiconductores\/#respond"]}]},{"@type":"WebPage","@id":"https:\/\/www.sonoraenequipo.com.mx\/sonora-avanza-en-fortalecer-proyectos-en-electromovilidad-y-semiconductores\/","url":"https:\/\/www.sonoraenequipo.com.mx\/sonora-avanza-en-fortalecer-proyectos-en-electromovilidad-y-semiconductores\/","name":"Sonora en Equipo. Sonora avanza en fortalecer proyectos en electromovilidad y semiconductores Ciencia y Tecnolog\u00eda","isPartOf":{"@id":"https:\/\/www.sonoraenequipo.com.mx\/#website"},"primaryImageOfPage":{"@id":"https:\/\/www.sonoraenequipo.com.mx\/sonora-avanza-en-fortalecer-proyectos-en-electromovilidad-y-semiconductores\/#primaryimage"},"image":{"@id":"https:\/\/www.sonoraenequipo.com.mx\/sonora-avanza-en-fortalecer-proyectos-en-electromovilidad-y-semiconductores\/#primaryimage"},"thumbnailUrl":"https:\/\/www.sonoraenequipo.com.mx\/storage\/2025\/04\/foxconn.jpg","datePublished":"2025-04-30T00:26:20+00:00","description":"HERMOSILLO, SONORA, MX. \u2014 En representaci\u00f3n del gobernador Alfonso Durazo Monta\u00f1o, el presidente Ejecutivo del Consejo para el Desarrollo Sostenible de En Sonora en Equipo publicamos toda la informaci\u00f3n de Sonora, M\u00e9xico y el Mundo de manera oportuna y busca que la libertad de expresi\u00f3n sea real. Visita nuestro medio informativo publicado desde Hermosillo, Sonora. %","breadcrumb":{"@id":"https:\/\/www.sonoraenequipo.com.mx\/sonora-avanza-en-fortalecer-proyectos-en-electromovilidad-y-semiconductores\/#breadcrumb"},"inLanguage":"es","potentialAction":[{"@type":"ReadAction","target":["https:\/\/www.sonoraenequipo.com.mx\/sonora-avanza-en-fortalecer-proyectos-en-electromovilidad-y-semiconductores\/"]}]},{"@type":"ImageObject","inLanguage":"es","@id":"https:\/\/www.sonoraenequipo.com.mx\/sonora-avanza-en-fortalecer-proyectos-en-electromovilidad-y-semiconductores\/#primaryimage","url":"https:\/\/www.sonoraenequipo.com.mx\/storage\/2025\/04\/foxconn.jpg","contentUrl":"https:\/\/www.sonoraenequipo.com.mx\/storage\/2025\/04\/foxconn.jpg","width":600,"height":400,"caption":"Imagen de fondo Istock"},{"@type":"BreadcrumbList","@id":"https:\/\/www.sonoraenequipo.com.mx\/sonora-avanza-en-fortalecer-proyectos-en-electromovilidad-y-semiconductores\/#breadcrumb","itemListElement":[{"@type":"ListItem","position":1,"name":"Portada","item":"https:\/\/www.sonoraenequipo.com.mx\/"},{"@type":"ListItem","position":2,"name":"Sonora avanza en fortalecer proyectos en electromovilidad y semiconductores"}]},{"@type":"WebSite","@id":"https:\/\/www.sonoraenequipo.com.mx\/#website","url":"https:\/\/www.sonoraenequipo.com.mx\/","name":"Sonora en Equipo.","description":"Diario en l\u00ednea con Noticias desde Hermosillo, Sonora","publisher":{"@id":"https:\/\/www.sonoraenequipo.com.mx\/#organization"},"potentialAction":[{"@type":"SearchAction","target":{"@type":"EntryPoint","urlTemplate":"https:\/\/www.sonoraenequipo.com.mx\/?s={search_term_string}"},"query-input":{"@type":"PropertyValueSpecification","valueRequired":true,"valueName":"search_term_string"}}],"inLanguage":"es"},{"@type":"Organization","@id":"https:\/\/www.sonoraenequipo.com.mx\/#organization","name":"Sonoraenequipo.com.mx","url":"https:\/\/www.sonoraenequipo.com.mx\/","logo":{"@type":"ImageObject","inLanguage":"es","@id":"https:\/\/www.sonoraenequipo.com.mx\/#\/schema\/logo\/image\/","url":"https:\/\/www.sonoraenequipo.com.mx\/storage\/2019\/01\/sonoraenequipo_opt.png","contentUrl":"https:\/\/www.sonoraenequipo.com.mx\/storage\/2019\/01\/sonoraenequipo_opt.png","width":375,"height":125,"caption":"Sonoraenequipo.com.mx"},"image":{"@id":"https:\/\/www.sonoraenequipo.com.mx\/#\/schema\/logo\/image\/"},"sameAs":["https:\/\/www.facebook.com\/SonoraEE\/","https:\/\/x.com\/sonoraenequipo","https:\/\/www.youtube.com\/channel\/UC338nW-lPEYmJQs4ZABQ1SQ"]},{"@type":"Person","@id":"https:\/\/www.sonoraenequipo.com.mx\/#\/schema\/person\/50102df0fb23a8fa9e8effad8fa81386","name":"enequipo","image":{"@type":"ImageObject","inLanguage":"es","@id":"https:\/\/www.sonoraenequipo.com.mx\/#\/schema\/person\/image\/","url":"https:\/\/secure.gravatar.com\/avatar\/049821681b589dabc0bc20695993ccebb09f5b5d4d790cd9251b97faac7c652b?s=96&d=blank&r=g","contentUrl":"https:\/\/secure.gravatar.com\/avatar\/049821681b589dabc0bc20695993ccebb09f5b5d4d790cd9251b97faac7c652b?s=96&d=blank&r=g","caption":"enequipo"},"sameAs":["https:\/\/www.facebook.com\/SonoraEE"]}]}},"jetpack_featured_media_url":"https:\/\/www.sonoraenequipo.com.mx\/storage\/2025\/04\/foxconn.jpg","_links":{"self":[{"href":"https:\/\/www.sonoraenequipo.com.mx\/api\/wp\/v2\/posts\/214566","targetHints":{"allow":["GET"]}}],"collection":[{"href":"https:\/\/www.sonoraenequipo.com.mx\/api\/wp\/v2\/posts"}],"about":[{"href":"https:\/\/www.sonoraenequipo.com.mx\/api\/wp\/v2\/types\/post"}],"author":[{"embeddable":true,"href":"https:\/\/www.sonoraenequipo.com.mx\/api\/wp\/v2\/users\/1"}],"replies":[{"embeddable":true,"href":"https:\/\/www.sonoraenequipo.com.mx\/api\/wp\/v2\/comments?post=214566"}],"version-history":[{"count":1,"href":"https:\/\/www.sonoraenequipo.com.mx\/api\/wp\/v2\/posts\/214566\/revisions"}],"predecessor-version":[{"id":214568,"href":"https:\/\/www.sonoraenequipo.com.mx\/api\/wp\/v2\/posts\/214566\/revisions\/214568"}],"wp:featuredmedia":[{"embeddable":true,"href":"https:\/\/www.sonoraenequipo.com.mx\/api\/wp\/v2\/media\/214567"}],"wp:attachment":[{"href":"https:\/\/www.sonoraenequipo.com.mx\/api\/wp\/v2\/media?parent=214566"}],"wp:term":[{"taxonomy":"category","embeddable":true,"href":"https:\/\/www.sonoraenequipo.com.mx\/api\/wp\/v2\/categories?post=214566"},{"taxonomy":"post_tag","embeddable":true,"href":"https:\/\/www.sonoraenequipo.com.mx\/api\/wp\/v2\/tags?post=214566"}],"curies":[{"name":"wp","href":"https:\/\/api.w.org\/{rel}","templated":true}]}}