{"id":214599,"date":"2025-04-30T18:47:26","date_gmt":"2025-05-01T01:47:26","guid":{"rendered":"https:\/\/www.sonoraenequipo.com.mx\/?p=214599"},"modified":"2025-04-30T18:47:26","modified_gmt":"2025-05-01T01:47:26","slug":"gobernador-durazo-logra-nivel-mas-alto-en-actividad-economica-en-la-historia-de-sonora","status":"publish","type":"post","link":"https:\/\/www.sonoraenequipo.com.mx\/gobernador-durazo-logra-nivel-mas-alto-en-actividad-economica-en-la-historia-de-sonora\/","title":{"rendered":"Gobernador Durazo logra nivel m\u00e1s alto en actividad econ\u00f3mica en la historia de Sonora"},"content":{"rendered":"<p><strong>HERMOSILLO, SONORA, MX.<\/strong> \u2014 Con un crecimiento sostenido entre 2021 y 2024, Sonora alcanz\u00f3 su nivel m\u00e1s alto en el Indicador Anualizado de la Actividad Econ\u00f3mica desde que se tiene registro, con 105.8 puntos al cierre de diciembre del a\u00f1o pasado, destac\u00f3 el gobernador Alfonso Durazo Monta\u00f1o.<\/p>\n<p>&nbsp;<\/p>\n<p>&nbsp;<\/p>\n<p>&nbsp;<\/p>\n<p>De acuerdo con datos del Instituto Nacional de Estad\u00edstica y Geograf\u00eda (INEGI), desde el inicio del actual gobierno estatal, la econom\u00eda sonorense ha mantenido una trayectoria ascendente, superando la etapa de estancamiento y recesi\u00f3n registrada entre 2018 y 2020. En ese periodo, los niveles fueron de 99.7 en 2018, un ligero incremento a 100.1 en 2019 y una marcada ca\u00edda a 94.0 en 2020, cifras que reflejan el retroceso econ\u00f3mico previo a la pandemia.<\/p>\n<p>&nbsp;<\/p>\n<p>&nbsp;<\/p>\n<p>&nbsp;<\/p>\n<p>En los \u00faltimos tres a\u00f1os, la tendencia comenz\u00f3 a revertirse con un repunte de 100.5 en 2022, 104.9 en 2023 y, finalmente, 105.8 en 2024, cifra que representa un m\u00e1ximo hist\u00f3rico para la entidad.<\/p>\n<p>&nbsp;<\/p>\n<p>&nbsp;<\/p>\n<p>&nbsp;<\/p>\n<p>Este desempe\u00f1o econ\u00f3mico es resultado de las pol\u00edticas p\u00fablicas implementadas por el gobierno estatal, orientadas a fortalecer la inversi\u00f3n, impulsar el desarrollo industrial, fomentar la innovaci\u00f3n tecnol\u00f3gica y promover la inclusi\u00f3n social en todo el territorio sonorense.<\/p>\n<p><strong>Fecha de publicaci\u00f3n mi\u00e9rcoles 30 de abril de 2025 \/ <\/strong><\/p>\n","protected":false},"excerpt":{"rendered":"<p>HERMOSILLO, SONORA, MX. \u2014 Con un crecimiento sostenido entre 2021 y 2024, Sonora alcanz\u00f3 su&#8230;<\/p>\n","protected":false},"author":1,"featured_media":214600,"comment_status":"open","ping_status":"open","sticky":false,"template":"","format":"standard","meta":{"_monsterinsights_skip_tracking":false,"_monsterinsights_sitenote_active":false,"_monsterinsights_sitenote_note":"","_monsterinsights_sitenote_category":0,"footnotes":""},"categories":[6493],"tags":[],"class_list":["post"],"yoast_head":" \n<title>Sonora en Equipo. Gobernador Durazo logra nivel m\u00e1s alto en actividad econ\u00f3mica en la historia de Sonora PALABRAS Y N\u00daMEROS<\/title>\n<meta name=\"description\" content=\"HERMOSILLO, SONORA, MX. \u2014 Con un crecimiento sostenido entre 2021 y 2024, Sonora alcanz\u00f3 su nivel m\u00e1s alto en el Indicador Anualizado de la Actividad En Sonora en Equipo publicamos toda la informaci\u00f3n de Sonora, M\u00e9xico y el Mundo de manera oportuna y busca que la libertad de expresi\u00f3n sea real. Visita nuestro medio informativo publicado desde Hermosillo, Sonora. %\" \/>\n<meta name=\"robots\" content=\"index, follow, max-snippet:-1, max-image-preview:large, max-video-preview:-1\" \/>\n<link rel=\"canonical\" href=\"https:\/\/www.sonoraenequipo.com.mx\/gobernador-durazo-logra-nivel-mas-alto-en-actividad-economica-en-la-historia-de-sonora\/\" \/>\n<meta property=\"og:locale\" content=\"es_ES\" \/>\n<meta property=\"og:type\" content=\"article\" \/>\n<meta property=\"og:title\" content=\"Sonora en Equipo. Gobernador Durazo logra nivel m\u00e1s alto en actividad econ\u00f3mica en la historia de Sonora PALABRAS Y N\u00daMEROS\" \/>\n<meta property=\"og:description\" content=\"HERMOSILLO, SONORA, MX. \u2014 Con un crecimiento sostenido entre 2021 y 2024, Sonora alcanz\u00f3 su nivel m\u00e1s alto en el Indicador Anualizado de la Actividad En Sonora en Equipo publicamos toda la informaci\u00f3n de Sonora, M\u00e9xico y el Mundo de manera oportuna y busca que la libertad de expresi\u00f3n sea real. Visita nuestro medio informativo publicado desde Hermosillo, Sonora. %\" \/>\n<meta property=\"og:url\" content=\"https:\/\/www.sonoraenequipo.com.mx\/gobernador-durazo-logra-nivel-mas-alto-en-actividad-economica-en-la-historia-de-sonora\/\" \/>\n<meta property=\"og:site_name\" content=\"Sonora en Equipo.\" \/>\n<meta property=\"article:publisher\" content=\"https:\/\/www.facebook.com\/SonoraEE\/\" \/>\n<meta property=\"article:author\" content=\"https:\/\/www.facebook.com\/SonoraEE\" \/>\n<meta property=\"article:published_time\" content=\"2025-05-01T01:47:26+00:00\" \/>\n<meta property=\"og:image\" content=\"https:\/\/www.sonoraenequipo.com.mx\/storage\/2025\/04\/adm-con-trabajadores.jpg\" \/>\n\t<meta property=\"og:image:width\" content=\"600\" \/>\n\t<meta property=\"og:image:height\" content=\"400\" \/>\n\t<meta property=\"og:image:type\" content=\"image\/jpeg\" \/>\n<meta name=\"author\" content=\"enequipo\" \/>\n<meta name=\"twitter:card\" content=\"summary_large_image\" \/>\n<meta name=\"twitter:creator\" content=\"@sonoraenequipo\" \/>\n<meta name=\"twitter:site\" content=\"@sonoraenequipo\" \/>\n<meta name=\"twitter:label1\" content=\"Escrito por\" \/>\n\t<meta name=\"twitter:data1\" content=\"enequipo\" \/>\n\t<meta name=\"twitter:label2\" content=\"Tiempo de lectura\" \/>\n\t<meta name=\"twitter:data2\" content=\"1 minuto\" \/>\n<script type=\"application\/ld+json\" class=\"yoast-schema-graph\">{\"@context\":\"https:\/\/schema.org\",\"@graph\":[{\"@type\":\"Article\",\"@id\":\"https:\/\/www.sonoraenequipo.com.mx\/gobernador-durazo-logra-nivel-mas-alto-en-actividad-economica-en-la-historia-de-sonora\/#article\",\"isPartOf\":{\"@id\":\"https:\/\/www.sonoraenequipo.com.mx\/gobernador-durazo-logra-nivel-mas-alto-en-actividad-economica-en-la-historia-de-sonora\/\"},\"author\":{\"name\":\"enequipo\",\"@id\":\"https:\/\/www.sonoraenequipo.com.mx\/#\/schema\/person\/50102df0fb23a8fa9e8effad8fa81386\"},\"headline\":\"Gobernador Durazo logra nivel m\u00e1s alto en actividad econ\u00f3mica en la historia de Sonora\",\"datePublished\":\"2025-05-01T01:47:26+00:00\",\"mainEntityOfPage\":{\"@id\":\"https:\/\/www.sonoraenequipo.com.mx\/gobernador-durazo-logra-nivel-mas-alto-en-actividad-economica-en-la-historia-de-sonora\/\"},\"wordCount\":229,\"commentCount\":0,\"publisher\":{\"@id\":\"https:\/\/www.sonoraenequipo.com.mx\/#organization\"},\"image\":{\"@id\":\"https:\/\/www.sonoraenequipo.com.mx\/gobernador-durazo-logra-nivel-mas-alto-en-actividad-economica-en-la-historia-de-sonora\/#primaryimage\"},\"thumbnailUrl\":\"https:\/\/www.sonoraenequipo.com.mx\/storage\/2025\/04\/adm-con-trabajadores.jpg\",\"articleSection\":[\"PALABRAS Y N\u00daMEROS\"],\"inLanguage\":\"es\",\"potentialAction\":[{\"@type\":\"CommentAction\",\"name\":\"Comment\",\"target\":[\"https:\/\/www.sonoraenequipo.com.mx\/gobernador-durazo-logra-nivel-mas-alto-en-actividad-economica-en-la-historia-de-sonora\/#respond\"]}]},{\"@type\":\"WebPage\",\"@id\":\"https:\/\/www.sonoraenequipo.com.mx\/gobernador-durazo-logra-nivel-mas-alto-en-actividad-economica-en-la-historia-de-sonora\/\",\"url\":\"https:\/\/www.sonoraenequipo.com.mx\/gobernador-durazo-logra-nivel-mas-alto-en-actividad-economica-en-la-historia-de-sonora\/\",\"name\":\"Sonora en Equipo. Gobernador Durazo logra nivel m\u00e1s alto en actividad econ\u00f3mica en la historia de Sonora PALABRAS Y N\u00daMEROS\",\"isPartOf\":{\"@id\":\"https:\/\/www.sonoraenequipo.com.mx\/#website\"},\"primaryImageOfPage\":{\"@id\":\"https:\/\/www.sonoraenequipo.com.mx\/gobernador-durazo-logra-nivel-mas-alto-en-actividad-economica-en-la-historia-de-sonora\/#primaryimage\"},\"image\":{\"@id\":\"https:\/\/www.sonoraenequipo.com.mx\/gobernador-durazo-logra-nivel-mas-alto-en-actividad-economica-en-la-historia-de-sonora\/#primaryimage\"},\"thumbnailUrl\":\"https:\/\/www.sonoraenequipo.com.mx\/storage\/2025\/04\/adm-con-trabajadores.jpg\",\"datePublished\":\"2025-05-01T01:47:26+00:00\",\"description\":\"HERMOSILLO, SONORA, MX. \u2014 Con un crecimiento sostenido entre 2021 y 2024, Sonora alcanz\u00f3 su nivel m\u00e1s alto en el Indicador Anualizado de la Actividad En Sonora en Equipo publicamos toda la informaci\u00f3n de Sonora, M\u00e9xico y el Mundo de manera oportuna y busca que la libertad de expresi\u00f3n sea real. Visita nuestro medio informativo publicado desde Hermosillo, Sonora. %\",\"breadcrumb\":{\"@id\":\"https:\/\/www.sonoraenequipo.com.mx\/gobernador-durazo-logra-nivel-mas-alto-en-actividad-economica-en-la-historia-de-sonora\/#breadcrumb\"},\"inLanguage\":\"es\",\"potentialAction\":[{\"@type\":\"ReadAction\",\"target\":[\"https:\/\/www.sonoraenequipo.com.mx\/gobernador-durazo-logra-nivel-mas-alto-en-actividad-economica-en-la-historia-de-sonora\/\"]}]},{\"@type\":\"ImageObject\",\"inLanguage\":\"es\",\"@id\":\"https:\/\/www.sonoraenequipo.com.mx\/gobernador-durazo-logra-nivel-mas-alto-en-actividad-economica-en-la-historia-de-sonora\/#primaryimage\",\"url\":\"https:\/\/www.sonoraenequipo.com.mx\/storage\/2025\/04\/adm-con-trabajadores.jpg\",\"contentUrl\":\"https:\/\/www.sonoraenequipo.com.mx\/storage\/2025\/04\/adm-con-trabajadores.jpg\",\"width\":600,\"height\":400,\"caption\":\"Gobernador de Sonora posa con trabajadores en una maquila\"},{\"@type\":\"BreadcrumbList\",\"@id\":\"https:\/\/www.sonoraenequipo.com.mx\/gobernador-durazo-logra-nivel-mas-alto-en-actividad-economica-en-la-historia-de-sonora\/#breadcrumb\",\"itemListElement\":[{\"@type\":\"ListItem\",\"position\":1,\"name\":\"Portada\",\"item\":\"https:\/\/www.sonoraenequipo.com.mx\/\"},{\"@type\":\"ListItem\",\"position\":2,\"name\":\"Gobernador Durazo logra nivel m\u00e1s alto en actividad econ\u00f3mica en la historia de Sonora\"}]},{\"@type\":\"WebSite\",\"@id\":\"https:\/\/www.sonoraenequipo.com.mx\/#website\",\"url\":\"https:\/\/www.sonoraenequipo.com.mx\/\",\"name\":\"Sonora en Equipo.\",\"description\":\"Diario en l\u00ednea con Noticias desde Hermosillo, Sonora\",\"publisher\":{\"@id\":\"https:\/\/www.sonoraenequipo.com.mx\/#organization\"},\"potentialAction\":[{\"@type\":\"SearchAction\",\"target\":{\"@type\":\"EntryPoint\",\"urlTemplate\":\"https:\/\/www.sonoraenequipo.com.mx\/?s={search_term_string}\"},\"query-input\":{\"@type\":\"PropertyValueSpecification\",\"valueRequired\":true,\"valueName\":\"search_term_string\"}}],\"inLanguage\":\"es\"},{\"@type\":\"Organization\",\"@id\":\"https:\/\/www.sonoraenequipo.com.mx\/#organization\",\"name\":\"Sonoraenequipo.com.mx\",\"url\":\"https:\/\/www.sonoraenequipo.com.mx\/\",\"logo\":{\"@type\":\"ImageObject\",\"inLanguage\":\"es\",\"@id\":\"https:\/\/www.sonoraenequipo.com.mx\/#\/schema\/logo\/image\/\",\"url\":\"https:\/\/www.sonoraenequipo.com.mx\/storage\/2019\/01\/sonoraenequipo_opt.png\",\"contentUrl\":\"https:\/\/www.sonoraenequipo.com.mx\/storage\/2019\/01\/sonoraenequipo_opt.png\",\"width\":375,\"height\":125,\"caption\":\"Sonoraenequipo.com.mx\"},\"image\":{\"@id\":\"https:\/\/www.sonoraenequipo.com.mx\/#\/schema\/logo\/image\/\"},\"sameAs\":[\"https:\/\/www.facebook.com\/SonoraEE\/\",\"https:\/\/x.com\/sonoraenequipo\",\"https:\/\/www.youtube.com\/channel\/UC338nW-lPEYmJQs4ZABQ1SQ\"]},{\"@type\":\"Person\",\"@id\":\"https:\/\/www.sonoraenequipo.com.mx\/#\/schema\/person\/50102df0fb23a8fa9e8effad8fa81386\",\"name\":\"enequipo\",\"image\":{\"@type\":\"ImageObject\",\"inLanguage\":\"es\",\"@id\":\"https:\/\/www.sonoraenequipo.com.mx\/#\/schema\/person\/image\/\",\"url\":\"https:\/\/secure.gravatar.com\/avatar\/049821681b589dabc0bc20695993ccebb09f5b5d4d790cd9251b97faac7c652b?s=96&d=blank&r=g\",\"contentUrl\":\"https:\/\/secure.gravatar.com\/avatar\/049821681b589dabc0bc20695993ccebb09f5b5d4d790cd9251b97faac7c652b?s=96&d=blank&r=g\",\"caption\":\"enequipo\"},\"sameAs\":[\"https:\/\/www.facebook.com\/SonoraEE\"]}]}<\/script>\n ","yoast_head_json":{"title":"Sonora en Equipo. Gobernador Durazo logra nivel m\u00e1s alto en actividad econ\u00f3mica en la historia de Sonora PALABRAS Y N\u00daMEROS","description":"HERMOSILLO, SONORA, MX. \u2014 Con un crecimiento sostenido entre 2021 y 2024, Sonora alcanz\u00f3 su nivel m\u00e1s alto en el Indicador Anualizado de la Actividad En Sonora en Equipo publicamos toda la informaci\u00f3n de Sonora, M\u00e9xico y el Mundo de manera oportuna y busca que la libertad de expresi\u00f3n sea real. Visita nuestro medio informativo publicado desde Hermosillo, Sonora. %","robots":{"index":"index","follow":"follow","max-snippet":"max-snippet:-1","max-image-preview":"max-image-preview:large","max-video-preview":"max-video-preview:-1"},"canonical":"https:\/\/www.sonoraenequipo.com.mx\/gobernador-durazo-logra-nivel-mas-alto-en-actividad-economica-en-la-historia-de-sonora\/","og_locale":"es_ES","og_type":"article","og_title":"Sonora en Equipo. Gobernador Durazo logra nivel m\u00e1s alto en actividad econ\u00f3mica en la historia de Sonora PALABRAS Y N\u00daMEROS","og_description":"HERMOSILLO, SONORA, MX. \u2014 Con un crecimiento sostenido entre 2021 y 2024, Sonora alcanz\u00f3 su nivel m\u00e1s alto en el Indicador Anualizado de la Actividad En Sonora en Equipo publicamos toda la informaci\u00f3n de Sonora, M\u00e9xico y el Mundo de manera oportuna y busca que la libertad de expresi\u00f3n sea real. Visita nuestro medio informativo publicado desde Hermosillo, Sonora. %","og_url":"https:\/\/www.sonoraenequipo.com.mx\/gobernador-durazo-logra-nivel-mas-alto-en-actividad-economica-en-la-historia-de-sonora\/","og_site_name":"Sonora en Equipo.","article_publisher":"https:\/\/www.facebook.com\/SonoraEE\/","article_author":"https:\/\/www.facebook.com\/SonoraEE","article_published_time":"2025-05-01T01:47:26+00:00","og_image":[{"width":600,"height":400,"url":"https:\/\/www.sonoraenequipo.com.mx\/storage\/2025\/04\/adm-con-trabajadores.jpg","type":"image\/jpeg"}],"author":"enequipo","twitter_card":"summary_large_image","twitter_creator":"@sonoraenequipo","twitter_site":"@sonoraenequipo","twitter_misc":{"Escrito por":"enequipo","Tiempo de lectura":"1 minuto"},"schema":{"@context":"https:\/\/schema.org","@graph":[{"@type":"Article","@id":"https:\/\/www.sonoraenequipo.com.mx\/gobernador-durazo-logra-nivel-mas-alto-en-actividad-economica-en-la-historia-de-sonora\/#article","isPartOf":{"@id":"https:\/\/www.sonoraenequipo.com.mx\/gobernador-durazo-logra-nivel-mas-alto-en-actividad-economica-en-la-historia-de-sonora\/"},"author":{"name":"enequipo","@id":"https:\/\/www.sonoraenequipo.com.mx\/#\/schema\/person\/50102df0fb23a8fa9e8effad8fa81386"},"headline":"Gobernador Durazo logra nivel m\u00e1s alto en actividad econ\u00f3mica en la historia de Sonora","datePublished":"2025-05-01T01:47:26+00:00","mainEntityOfPage":{"@id":"https:\/\/www.sonoraenequipo.com.mx\/gobernador-durazo-logra-nivel-mas-alto-en-actividad-economica-en-la-historia-de-sonora\/"},"wordCount":229,"commentCount":0,"publisher":{"@id":"https:\/\/www.sonoraenequipo.com.mx\/#organization"},"image":{"@id":"https:\/\/www.sonoraenequipo.com.mx\/gobernador-durazo-logra-nivel-mas-alto-en-actividad-economica-en-la-historia-de-sonora\/#primaryimage"},"thumbnailUrl":"https:\/\/www.sonoraenequipo.com.mx\/storage\/2025\/04\/adm-con-trabajadores.jpg","articleSection":["PALABRAS Y N\u00daMEROS"],"inLanguage":"es","potentialAction":[{"@type":"CommentAction","name":"Comment","target":["https:\/\/www.sonoraenequipo.com.mx\/gobernador-durazo-logra-nivel-mas-alto-en-actividad-economica-en-la-historia-de-sonora\/#respond"]}]},{"@type":"WebPage","@id":"https:\/\/www.sonoraenequipo.com.mx\/gobernador-durazo-logra-nivel-mas-alto-en-actividad-economica-en-la-historia-de-sonora\/","url":"https:\/\/www.sonoraenequipo.com.mx\/gobernador-durazo-logra-nivel-mas-alto-en-actividad-economica-en-la-historia-de-sonora\/","name":"Sonora en Equipo. Gobernador Durazo logra nivel m\u00e1s alto en actividad econ\u00f3mica en la historia de Sonora PALABRAS Y N\u00daMEROS","isPartOf":{"@id":"https:\/\/www.sonoraenequipo.com.mx\/#website"},"primaryImageOfPage":{"@id":"https:\/\/www.sonoraenequipo.com.mx\/gobernador-durazo-logra-nivel-mas-alto-en-actividad-economica-en-la-historia-de-sonora\/#primaryimage"},"image":{"@id":"https:\/\/www.sonoraenequipo.com.mx\/gobernador-durazo-logra-nivel-mas-alto-en-actividad-economica-en-la-historia-de-sonora\/#primaryimage"},"thumbnailUrl":"https:\/\/www.sonoraenequipo.com.mx\/storage\/2025\/04\/adm-con-trabajadores.jpg","datePublished":"2025-05-01T01:47:26+00:00","description":"HERMOSILLO, SONORA, MX. \u2014 Con un crecimiento sostenido entre 2021 y 2024, Sonora alcanz\u00f3 su nivel m\u00e1s alto en el Indicador Anualizado de la Actividad En Sonora en Equipo publicamos toda la informaci\u00f3n de Sonora, M\u00e9xico y el Mundo de manera oportuna y busca que la libertad de expresi\u00f3n sea real. Visita nuestro medio informativo publicado desde Hermosillo, Sonora. %","breadcrumb":{"@id":"https:\/\/www.sonoraenequipo.com.mx\/gobernador-durazo-logra-nivel-mas-alto-en-actividad-economica-en-la-historia-de-sonora\/#breadcrumb"},"inLanguage":"es","potentialAction":[{"@type":"ReadAction","target":["https:\/\/www.sonoraenequipo.com.mx\/gobernador-durazo-logra-nivel-mas-alto-en-actividad-economica-en-la-historia-de-sonora\/"]}]},{"@type":"ImageObject","inLanguage":"es","@id":"https:\/\/www.sonoraenequipo.com.mx\/gobernador-durazo-logra-nivel-mas-alto-en-actividad-economica-en-la-historia-de-sonora\/#primaryimage","url":"https:\/\/www.sonoraenequipo.com.mx\/storage\/2025\/04\/adm-con-trabajadores.jpg","contentUrl":"https:\/\/www.sonoraenequipo.com.mx\/storage\/2025\/04\/adm-con-trabajadores.jpg","width":600,"height":400,"caption":"Gobernador de Sonora posa con trabajadores en una maquila"},{"@type":"BreadcrumbList","@id":"https:\/\/www.sonoraenequipo.com.mx\/gobernador-durazo-logra-nivel-mas-alto-en-actividad-economica-en-la-historia-de-sonora\/#breadcrumb","itemListElement":[{"@type":"ListItem","position":1,"name":"Portada","item":"https:\/\/www.sonoraenequipo.com.mx\/"},{"@type":"ListItem","position":2,"name":"Gobernador Durazo logra nivel m\u00e1s alto en actividad econ\u00f3mica en la historia de Sonora"}]},{"@type":"WebSite","@id":"https:\/\/www.sonoraenequipo.com.mx\/#website","url":"https:\/\/www.sonoraenequipo.com.mx\/","name":"Sonora en Equipo.","description":"Diario en l\u00ednea con Noticias desde Hermosillo, Sonora","publisher":{"@id":"https:\/\/www.sonoraenequipo.com.mx\/#organization"},"potentialAction":[{"@type":"SearchAction","target":{"@type":"EntryPoint","urlTemplate":"https:\/\/www.sonoraenequipo.com.mx\/?s={search_term_string}"},"query-input":{"@type":"PropertyValueSpecification","valueRequired":true,"valueName":"search_term_string"}}],"inLanguage":"es"},{"@type":"Organization","@id":"https:\/\/www.sonoraenequipo.com.mx\/#organization","name":"Sonoraenequipo.com.mx","url":"https:\/\/www.sonoraenequipo.com.mx\/","logo":{"@type":"ImageObject","inLanguage":"es","@id":"https:\/\/www.sonoraenequipo.com.mx\/#\/schema\/logo\/image\/","url":"https:\/\/www.sonoraenequipo.com.mx\/storage\/2019\/01\/sonoraenequipo_opt.png","contentUrl":"https:\/\/www.sonoraenequipo.com.mx\/storage\/2019\/01\/sonoraenequipo_opt.png","width":375,"height":125,"caption":"Sonoraenequipo.com.mx"},"image":{"@id":"https:\/\/www.sonoraenequipo.com.mx\/#\/schema\/logo\/image\/"},"sameAs":["https:\/\/www.facebook.com\/SonoraEE\/","https:\/\/x.com\/sonoraenequipo","https:\/\/www.youtube.com\/channel\/UC338nW-lPEYmJQs4ZABQ1SQ"]},{"@type":"Person","@id":"https:\/\/www.sonoraenequipo.com.mx\/#\/schema\/person\/50102df0fb23a8fa9e8effad8fa81386","name":"enequipo","image":{"@type":"ImageObject","inLanguage":"es","@id":"https:\/\/www.sonoraenequipo.com.mx\/#\/schema\/person\/image\/","url":"https:\/\/secure.gravatar.com\/avatar\/049821681b589dabc0bc20695993ccebb09f5b5d4d790cd9251b97faac7c652b?s=96&d=blank&r=g","contentUrl":"https:\/\/secure.gravatar.com\/avatar\/049821681b589dabc0bc20695993ccebb09f5b5d4d790cd9251b97faac7c652b?s=96&d=blank&r=g","caption":"enequipo"},"sameAs":["https:\/\/www.facebook.com\/SonoraEE"]}]}},"jetpack_featured_media_url":"https:\/\/www.sonoraenequipo.com.mx\/storage\/2025\/04\/adm-con-trabajadores.jpg","_links":{"self":[{"href":"https:\/\/www.sonoraenequipo.com.mx\/api\/wp\/v2\/posts\/214599","targetHints":{"allow":["GET"]}}],"collection":[{"href":"https:\/\/www.sonoraenequipo.com.mx\/api\/wp\/v2\/posts"}],"about":[{"href":"https:\/\/www.sonoraenequipo.com.mx\/api\/wp\/v2\/types\/post"}],"author":[{"embeddable":true,"href":"https:\/\/www.sonoraenequipo.com.mx\/api\/wp\/v2\/users\/1"}],"replies":[{"embeddable":true,"href":"https:\/\/www.sonoraenequipo.com.mx\/api\/wp\/v2\/comments?post=214599"}],"version-history":[{"count":1,"href":"https:\/\/www.sonoraenequipo.com.mx\/api\/wp\/v2\/posts\/214599\/revisions"}],"predecessor-version":[{"id":214601,"href":"https:\/\/www.sonoraenequipo.com.mx\/api\/wp\/v2\/posts\/214599\/revisions\/214601"}],"wp:featuredmedia":[{"embeddable":true,"href":"https:\/\/www.sonoraenequipo.com.mx\/api\/wp\/v2\/media\/214600"}],"wp:attachment":[{"href":"https:\/\/www.sonoraenequipo.com.mx\/api\/wp\/v2\/media?parent=214599"}],"wp:term":[{"taxonomy":"category","embeddable":true,"href":"https:\/\/www.sonoraenequipo.com.mx\/api\/wp\/v2\/categories?post=214599"},{"taxonomy":"post_tag","embeddable":true,"href":"https:\/\/www.sonoraenequipo.com.mx\/api\/wp\/v2\/tags?post=214599"}],"curies":[{"name":"wp","href":"https:\/\/api.w.org\/{rel}","templated":true}]}}